{"id":229236,"date":"2023-06-24T08:13:56","date_gmt":"2023-06-24T11:13:56","guid":{"rendered":"https:\/\/diariotextual.com\/inicio\/?p=229236"},"modified":"2023-06-24T10:15:49","modified_gmt":"2023-06-24T13:15:49","slug":"gobernadores-y-ministros-celebran-formula-de-unidad-en-uxp","status":"publish","type":"post","link":"https:\/\/diariotextual.com\/inicio\/index.php\/2023\/06\/24\/gobernadores-y-ministros-celebran-formula-de-unidad-en-uxp\/","title":{"rendered":"Gobernadores y ministros celebran f\u00f3rmula de unidad en UXP"},"content":{"rendered":"\n<p>Gobernadores peronistas y ministros del gabinete nacional celebraron anoche la conformaci\u00f3n de una lista de unidad en Uni\u00f3n por la Patria (UXP), integrada por <strong>Sergio Massa y Agust\u00edn Rossi, a pocas horas del cierre de listas para las PASO del 13 de agosto.<\/strong><br><br>\u201cVamos a trabajar por la f\u00f3rmula presidencial de Sergio Massa y Agust\u00edn Rossi como peronismo unido, reconociendo a compa\u00f1eros y compa\u00f1eras que apostaron por el proyecto colectivo antes que lo individual con responsabilidad institucional, pol\u00edtica y social\u201d; expres\u00f3 el gobernador de Catamarca, <strong>Ra\u00fal Jalil<\/strong>, en su cuenta de Twitter.<br><br>Por su parte, el mandatario de Entre R\u00edos, <strong>Gustavo Bordet,<\/strong> destac\u00f3 que \u201cla unidad es el camino\u201d. Y a\u00f1adi\u00f3: \u201cCelebro la candidatura de Sergio Massa y Agust\u00edn Rossi a presidente y vice que le dar\u00e1n a la Argentina un futuro de crecimiento, inclusi\u00f3n, justicia social y federalismo\u201d.<br><br>Su par de Chubut, <strong>Mariano Arcioni<\/strong>, se refiri\u00f3 en el mismo sentido: \u201cCelebro y acompa\u00f1o con fuerza y convicci\u00f3n tu candidatura Sergio Massa con una lista de unidad\u201d y dijo estar \u201cconvencido de que continuar\u00e1 trabajando por un pa\u00eds unido en desarrollo y con igualdad de oportunidades para todos los argentinos y argentinas\u201d.<br><br>El mandatario de La Rioja, <strong>Ricardo Quintela<\/strong>, se sum\u00f3: \u201cFelicitaciones Sergio Massa y Agust\u00edn Rossi. Primaron los intereses de la Patria y de las y los argentinos. Tenemos formula de unidad\u201d.<br><br><strong>Gustavo Melella,<\/strong> el mandatario de Tierra del Fuego, sum\u00f3: \u201cCelebro la lista lograda con responsabilidad institucional y compromiso para consolidar el proyecto colectivo del pa\u00eds\u201d, expres\u00f3 su \u201cacompa\u00f1amiento\u201d a la f\u00f3rmula anunciada esta noche y dijo que \u201ccontin\u00faan trabajando incansablemente, comprometidos con una Argentina federal y unida\u201d.<br><br>\u201cMi sincero reconocimiento a @wadodecorrido (Eduardo de Perdo) y a @danielscioli, que priorizaron el bienestar de las y los argentinos sobre toda cuesti\u00f3n!\u201d, a\u00f1adi\u00f3.<br><br>El gobernador de La Pampa,<strong> Sergio Zilliotto, lo resumi\u00f3 con una sola palabra: \u201cUnidad\u201d.<\/strong><\/p>\n\n\n\n<blockquote class=\"twitter-tweet\"><p lang=\"es\" dir=\"ltr\">UNIDAD &#x1f1e6;&#x1f1f7; <a href=\"https:\/\/t.co\/hTqKEY9a9Q\">https:\/\/t.co\/hTqKEY9a9Q<\/a><\/p>&mdash; Sergio Ziliotto (@ZiliottoSergio) <a href=\"https:\/\/twitter.com\/ZiliottoSergio\/status\/1672405299024592897?ref_src=twsrc%5Etfw\">June 24, 2023<\/a><\/blockquote> <script async src=\"https:\/\/platform.twitter.com\/widgets.js\" charset=\"utf-8\"><\/script>\n\n\n\n<p><br><br>Desde San Juan, Sergio U\u00f1ac indic\u00f3: \u201cEl futuro de nuestra patria debe construirse desde la unidad. La f\u00f3rmula que encabeza @SergioMassa junto a @RossiAgustinOk debe representar un proyecto federal que trabaje por una Argentina justa y soberana\u201d.<br><br>Entre los miembros del gabinete nacional, el canciller <strong>Santiago Cafiero <\/strong>dijo que la f\u00f3rmula Massa-Rossi representa \u201cuna s\u00edntesis que expresa al movimiento y nos convoca a militar en todo el pa\u00eds para volver a enamorar a los argentinos\u201d.<br><br>Tambi\u00e9n agradeci\u00f3 a Scioli y De Pedro \u201cpor la demostraci\u00f3n de responsabilidad y compa\u00f1erismo\u201d al haber declinado sus postulaciones.<br><br>El ministro de Educaci\u00f3n, Jaime Percyck expres\u00f3 en su cuenta de Twitter: \u201cNuestra f\u00f3rmula de unidad es la de Sergio Massa y Agustin Rossi. Compromiso, experiencia y esfuerzo para construir una Argentina con certezas, trabajo, producci\u00f3n y mayor inversi\u00f3n educativa\u201d.<br><br>A su turno, la ministra de las Mujeres, Ayelen Mazzina, celebr\u00f3: \u201cEs una gran alegr\u00eda recibir la noticia de que hay f\u00f3rmula de unidad. No hay otro camino para ganarle a la derecha que no sea el del consenso. Felicito a los compa\u00f1eros Sergio Massa y Agust\u00edn Rossi. S\u00e9 de su calidad humana y profesional. Ser\u00e1 un orgullo militar esta boleta\u201d.<br><br>El ministro de Desarrollo Territorial y H\u00e1bitat, Santiago Maggiotti, se expres\u00f3 en el mismo sentido: \u201cCelebro que @unionxlapatria haya logrado el consenso para lanzar una lista de unidad. Felicitaciones Sergio Massa y Agust\u00edn Rossi, el pa\u00eds necesita un plan de estabilizaci\u00f3n a largo plazo y s\u00e9 cu\u00e1nto se prepararon para afrontar ese desaf\u00edo\u201d.<br><br>Su par de Justicia, Martin Soria, afirm\u00f3, por su parte, que el binomio anunciado esta noche \u201csintetiza la unidad del peronismo que necesita Argentina para consolidar un proyecto de pa\u00eds de crecimiento econ\u00f3mico con inclusi\u00f3n social, de ampliaci\u00f3n de derechos y un Estado presente\u201d.<br><br>Finalmente, la secretaria Legal y T\u00e9cnica de la Presidencia, Vilma Ibarra, felicit\u00f3 a la f\u00f3rmula y expres\u00f3: \u201cToda nuestra fuerza unida para militar, defender los derechos conquistados y construir solidaridad, inclusi\u00f3n y soberan\u00eda\u201d.<\/p>\n","protected":false},"excerpt":{"rendered":"<p>Gobernadores peronistas y ministros del gabinete nacional celebraron anoche la conformaci\u00f3n de una lista de unidad en Uni\u00f3n por la Patria (UXP), integrada por Sergio Massa y Agust\u00edn Rossi, a&hellip;<\/p>\n","protected":false},"author":4,"featured_media":229238,"comment_status":"closed","ping_status":"open","sticky":false,"template":"","format":"standard","meta":{"_acf_changed":false,"footnotes":""},"categories":[1,8],"tags":[],"class_list":["post-229236","post","type-post","status-publish","format-standard","has-post-thumbnail","hentry","category-es-noticia","category-politica"],"acf":[],"yoast_head":"<!-- This site is optimized with the Yoast SEO plugin v27.5 - https:\/\/yoast.com\/product\/yoast-seo-wordpress\/ -->\n<title>Gobernadores y ministros celebran f\u00f3rmula de unidad en UXP - Diario Textual<\/title>\n<meta name=\"robots\" content=\"index, follow, max-snippet:-1, max-image-preview:large, max-video-preview:-1\" \/>\n<link rel=\"canonical\" href=\"https:\/\/diariotextual.com\/inicio\/index.php\/2023\/06\/24\/gobernadores-y-ministros-celebran-formula-de-unidad-en-uxp\/\" \/>\n<meta property=\"og:locale\" content=\"es_ES\" \/>\n<meta property=\"og:type\" content=\"article\" \/>\n<meta property=\"og:title\" content=\"Gobernadores y ministros celebran f\u00f3rmula de unidad en UXP - Diario Textual\" \/>\n<meta property=\"og:description\" content=\"Gobernadores peronistas y ministros del gabinete nacional celebraron anoche la conformaci\u00f3n de una lista de unidad en Uni\u00f3n por la Patria (UXP), integrada por Sergio Massa y Agust\u00edn Rossi, a&hellip;\" \/>\n<meta property=\"og:url\" content=\"https:\/\/diariotextual.com\/inicio\/index.php\/2023\/06\/24\/gobernadores-y-ministros-celebran-formula-de-unidad-en-uxp\/\" \/>\n<meta property=\"og:site_name\" content=\"Diario Textual\" \/>\n<meta property=\"article:publisher\" content=\"https:\/\/www.facebook.com\/eltextual\" \/>\n<meta property=\"article:published_time\" content=\"2023-06-24T11:13:56+00:00\" \/>\n<meta property=\"article:modified_time\" content=\"2023-06-24T13:15:49+00:00\" \/>\n<meta property=\"og:image\" content=\"https:\/\/diariotextual.com\/inicio\/wp-content\/uploads\/2023\/06\/Massa-Rossi-1.jpg\" \/>\n\t<meta property=\"og:image:width\" content=\"800\" \/>\n\t<meta property=\"og:image:height\" content=\"483\" \/>\n\t<meta property=\"og:image:type\" content=\"image\/jpeg\" \/>\n<meta name=\"author\" content=\"diario2\" \/>\n<meta name=\"twitter:card\" content=\"summary_large_image\" \/>\n<meta name=\"twitter:creator\" content=\"@eltextual\" \/>\n<meta name=\"twitter:site\" content=\"@eltextual\" \/>\n<meta name=\"twitter:label1\" content=\"Escrito por\" \/>\n\t<meta name=\"twitter:data1\" content=\"diario2\" \/>\n\t<meta name=\"twitter:label2\" content=\"Tiempo de lectura\" \/>\n\t<meta name=\"twitter:data2\" content=\"3 minutos\" \/>\n<script type=\"application\/ld+json\" class=\"yoast-schema-graph\">{\"@context\":\"https:\\\/\\\/schema.org\",\"@graph\":[{\"@type\":\"Article\",\"@id\":\"https:\\\/\\\/diariotextual.com\\\/inicio\\\/index.php\\\/2023\\\/06\\\/24\\\/gobernadores-y-ministros-celebran-formula-de-unidad-en-uxp\\\/#article\",\"isPartOf\":{\"@id\":\"https:\\\/\\\/diariotextual.com\\\/inicio\\\/index.php\\\/2023\\\/06\\\/24\\\/gobernadores-y-ministros-celebran-formula-de-unidad-en-uxp\\\/\"},\"author\":{\"name\":\"diario2\",\"@id\":\"https:\\\/\\\/diariotextual.com\\\/inicio\\\/#\\\/schema\\\/person\\\/694f60677f23c4a530867a98f22b3768\"},\"headline\":\"Gobernadores y ministros celebran f\u00f3rmula de unidad en UXP\",\"datePublished\":\"2023-06-24T11:13:56+00:00\",\"dateModified\":\"2023-06-24T13:15:49+00:00\",\"mainEntityOfPage\":{\"@id\":\"https:\\\/\\\/diariotextual.com\\\/inicio\\\/index.php\\\/2023\\\/06\\\/24\\\/gobernadores-y-ministros-celebran-formula-de-unidad-en-uxp\\\/\"},\"wordCount\":714,\"publisher\":{\"@id\":\"https:\\\/\\\/diariotextual.com\\\/inicio\\\/#organization\"},\"image\":{\"@id\":\"https:\\\/\\\/diariotextual.com\\\/inicio\\\/index.php\\\/2023\\\/06\\\/24\\\/gobernadores-y-ministros-celebran-formula-de-unidad-en-uxp\\\/#primaryimage\"},\"thumbnailUrl\":\"https:\\\/\\\/diariotextual.com\\\/inicio\\\/wp-content\\\/uploads\\\/2023\\\/06\\\/Massa-Rossi-1.jpg\",\"articleSection\":[\"A - ES NOTICIA (van abajo)\",\"POLITICA\"],\"inLanguage\":\"es\"},{\"@type\":\"WebPage\",\"@id\":\"https:\\\/\\\/diariotextual.com\\\/inicio\\\/index.php\\\/2023\\\/06\\\/24\\\/gobernadores-y-ministros-celebran-formula-de-unidad-en-uxp\\\/\",\"url\":\"https:\\\/\\\/diariotextual.com\\\/inicio\\\/index.php\\\/2023\\\/06\\\/24\\\/gobernadores-y-ministros-celebran-formula-de-unidad-en-uxp\\\/\",\"name\":\"Gobernadores y ministros celebran f\u00f3rmula de unidad en UXP - Diario Textual\",\"isPartOf\":{\"@id\":\"https:\\\/\\\/diariotextual.com\\\/inicio\\\/#website\"},\"primaryImageOfPage\":{\"@id\":\"https:\\\/\\\/diariotextual.com\\\/inicio\\\/index.php\\\/2023\\\/06\\\/24\\\/gobernadores-y-ministros-celebran-formula-de-unidad-en-uxp\\\/#primaryimage\"},\"image\":{\"@id\":\"https:\\\/\\\/diariotextual.com\\\/inicio\\\/index.php\\\/2023\\\/06\\\/24\\\/gobernadores-y-ministros-celebran-formula-de-unidad-en-uxp\\\/#primaryimage\"},\"thumbnailUrl\":\"https:\\\/\\\/diariotextual.com\\\/inicio\\\/wp-content\\\/uploads\\\/2023\\\/06\\\/Massa-Rossi-1.jpg\",\"datePublished\":\"2023-06-24T11:13:56+00:00\",\"dateModified\":\"2023-06-24T13:15:49+00:00\",\"breadcrumb\":{\"@id\":\"https:\\\/\\\/diariotextual.com\\\/inicio\\\/index.php\\\/2023\\\/06\\\/24\\\/gobernadores-y-ministros-celebran-formula-de-unidad-en-uxp\\\/#breadcrumb\"},\"inLanguage\":\"es\",\"potentialAction\":[{\"@type\":\"ReadAction\",\"target\":[\"https:\\\/\\\/diariotextual.com\\\/inicio\\\/index.php\\\/2023\\\/06\\\/24\\\/gobernadores-y-ministros-celebran-formula-de-unidad-en-uxp\\\/\"]}]},{\"@type\":\"ImageObject\",\"inLanguage\":\"es\",\"@id\":\"https:\\\/\\\/diariotextual.com\\\/inicio\\\/index.php\\\/2023\\\/06\\\/24\\\/gobernadores-y-ministros-celebran-formula-de-unidad-en-uxp\\\/#primaryimage\",\"url\":\"https:\\\/\\\/diariotextual.com\\\/inicio\\\/wp-content\\\/uploads\\\/2023\\\/06\\\/Massa-Rossi-1.jpg\",\"contentUrl\":\"https:\\\/\\\/diariotextual.com\\\/inicio\\\/wp-content\\\/uploads\\\/2023\\\/06\\\/Massa-Rossi-1.jpg\",\"width\":800,\"height\":483},{\"@type\":\"BreadcrumbList\",\"@id\":\"https:\\\/\\\/diariotextual.com\\\/inicio\\\/index.php\\\/2023\\\/06\\\/24\\\/gobernadores-y-ministros-celebran-formula-de-unidad-en-uxp\\\/#breadcrumb\",\"itemListElement\":[{\"@type\":\"ListItem\",\"position\":1,\"name\":\"Portada\",\"item\":\"https:\\\/\\\/diariotextual.com\\\/inicio\\\/\"},{\"@type\":\"ListItem\",\"position\":2,\"name\":\"Gobernadores y ministros celebran f\u00f3rmula de unidad en UXP\"}]},{\"@type\":\"WebSite\",\"@id\":\"https:\\\/\\\/diariotextual.com\\\/inicio\\\/#website\",\"url\":\"https:\\\/\\\/diariotextual.com\\\/inicio\\\/\",\"name\":\"Diario Textual\",\"description\":\"\",\"publisher\":{\"@id\":\"https:\\\/\\\/diariotextual.com\\\/inicio\\\/#organization\"},\"potentialAction\":[{\"@type\":\"SearchAction\",\"target\":{\"@type\":\"EntryPoint\",\"urlTemplate\":\"https:\\\/\\\/diariotextual.com\\\/inicio\\\/?s={search_term_string}\"},\"query-input\":{\"@type\":\"PropertyValueSpecification\",\"valueRequired\":true,\"valueName\":\"search_term_string\"}}],\"inLanguage\":\"es\"},{\"@type\":\"Organization\",\"@id\":\"https:\\\/\\\/diariotextual.com\\\/inicio\\\/#organization\",\"name\":\"Diario Textual\",\"url\":\"https:\\\/\\\/diariotextual.com\\\/inicio\\\/\",\"logo\":{\"@type\":\"ImageObject\",\"inLanguage\":\"es\",\"@id\":\"https:\\\/\\\/diariotextual.com\\\/inicio\\\/#\\\/schema\\\/logo\\\/image\\\/\",\"url\":\"https:\\\/\\\/diariotextual.com\\\/inicio\\\/wp-content\\\/uploads\\\/2023\\\/05\\\/logotextual1.jpg\",\"contentUrl\":\"https:\\\/\\\/diariotextual.com\\\/inicio\\\/wp-content\\\/uploads\\\/2023\\\/05\\\/logotextual1.jpg\",\"width\":516,\"height\":76,\"caption\":\"Diario Textual\"},\"image\":{\"@id\":\"https:\\\/\\\/diariotextual.com\\\/inicio\\\/#\\\/schema\\\/logo\\\/image\\\/\"},\"sameAs\":[\"https:\\\/\\\/www.facebook.com\\\/eltextual\",\"https:\\\/\\\/x.com\\\/eltextual\",\"http:\\\/\\\/www.instagram.com\\\/eltextual\"]},{\"@type\":\"Person\",\"@id\":\"https:\\\/\\\/diariotextual.com\\\/inicio\\\/#\\\/schema\\\/person\\\/694f60677f23c4a530867a98f22b3768\",\"name\":\"diario2\",\"image\":{\"@type\":\"ImageObject\",\"inLanguage\":\"es\",\"@id\":\"https:\\\/\\\/secure.gravatar.com\\\/avatar\\\/5a2567495ba16b852fcd8f1ed006a2e24fcace936018ed8237e95f488ad6e0a7?s=96&d=mm&r=g\",\"url\":\"https:\\\/\\\/secure.gravatar.com\\\/avatar\\\/5a2567495ba16b852fcd8f1ed006a2e24fcace936018ed8237e95f488ad6e0a7?s=96&d=mm&r=g\",\"contentUrl\":\"https:\\\/\\\/secure.gravatar.com\\\/avatar\\\/5a2567495ba16b852fcd8f1ed006a2e24fcace936018ed8237e95f488ad6e0a7?s=96&d=mm&r=g\",\"caption\":\"diario2\"},\"url\":\"https:\\\/\\\/diariotextual.com\\\/inicio\\\/index.php\\\/author\\\/diario2\\\/\"}]}<\/script>\n<!-- \/ Yoast SEO plugin. -->","yoast_head_json":{"title":"Gobernadores y ministros celebran f\u00f3rmula de unidad en UXP - Diario Textual","robots":{"index":"index","follow":"follow","max-snippet":"max-snippet:-1","max-image-preview":"max-image-preview:large","max-video-preview":"max-video-preview:-1"},"canonical":"https:\/\/diariotextual.com\/inicio\/index.php\/2023\/06\/24\/gobernadores-y-ministros-celebran-formula-de-unidad-en-uxp\/","og_locale":"es_ES","og_type":"article","og_title":"Gobernadores y ministros celebran f\u00f3rmula de unidad en UXP - Diario Textual","og_description":"Gobernadores peronistas y ministros del gabinete nacional celebraron anoche la conformaci\u00f3n de una lista de unidad en Uni\u00f3n por la Patria (UXP), integrada por Sergio Massa y Agust\u00edn Rossi, a&hellip;","og_url":"https:\/\/diariotextual.com\/inicio\/index.php\/2023\/06\/24\/gobernadores-y-ministros-celebran-formula-de-unidad-en-uxp\/","og_site_name":"Diario Textual","article_publisher":"https:\/\/www.facebook.com\/eltextual","article_published_time":"2023-06-24T11:13:56+00:00","article_modified_time":"2023-06-24T13:15:49+00:00","og_image":[{"width":800,"height":483,"url":"https:\/\/diariotextual.com\/inicio\/wp-content\/uploads\/2023\/06\/Massa-Rossi-1.jpg","type":"image\/jpeg"}],"author":"diario2","twitter_card":"summary_large_image","twitter_creator":"@eltextual","twitter_site":"@eltextual","twitter_misc":{"Escrito por":"diario2","Tiempo de lectura":"3 minutos"},"schema":{"@context":"https:\/\/schema.org","@graph":[{"@type":"Article","@id":"https:\/\/diariotextual.com\/inicio\/index.php\/2023\/06\/24\/gobernadores-y-ministros-celebran-formula-de-unidad-en-uxp\/#article","isPartOf":{"@id":"https:\/\/diariotextual.com\/inicio\/index.php\/2023\/06\/24\/gobernadores-y-ministros-celebran-formula-de-unidad-en-uxp\/"},"author":{"name":"diario2","@id":"https:\/\/diariotextual.com\/inicio\/#\/schema\/person\/694f60677f23c4a530867a98f22b3768"},"headline":"Gobernadores y ministros celebran f\u00f3rmula de unidad en UXP","datePublished":"2023-06-24T11:13:56+00:00","dateModified":"2023-06-24T13:15:49+00:00","mainEntityOfPage":{"@id":"https:\/\/diariotextual.com\/inicio\/index.php\/2023\/06\/24\/gobernadores-y-ministros-celebran-formula-de-unidad-en-uxp\/"},"wordCount":714,"publisher":{"@id":"https:\/\/diariotextual.com\/inicio\/#organization"},"image":{"@id":"https:\/\/diariotextual.com\/inicio\/index.php\/2023\/06\/24\/gobernadores-y-ministros-celebran-formula-de-unidad-en-uxp\/#primaryimage"},"thumbnailUrl":"https:\/\/diariotextual.com\/inicio\/wp-content\/uploads\/2023\/06\/Massa-Rossi-1.jpg","articleSection":["A - ES NOTICIA (van abajo)","POLITICA"],"inLanguage":"es"},{"@type":"WebPage","@id":"https:\/\/diariotextual.com\/inicio\/index.php\/2023\/06\/24\/gobernadores-y-ministros-celebran-formula-de-unidad-en-uxp\/","url":"https:\/\/diariotextual.com\/inicio\/index.php\/2023\/06\/24\/gobernadores-y-ministros-celebran-formula-de-unidad-en-uxp\/","name":"Gobernadores y ministros celebran f\u00f3rmula de unidad en UXP - Diario Textual","isPartOf":{"@id":"https:\/\/diariotextual.com\/inicio\/#website"},"primaryImageOfPage":{"@id":"https:\/\/diariotextual.com\/inicio\/index.php\/2023\/06\/24\/gobernadores-y-ministros-celebran-formula-de-unidad-en-uxp\/#primaryimage"},"image":{"@id":"https:\/\/diariotextual.com\/inicio\/index.php\/2023\/06\/24\/gobernadores-y-ministros-celebran-formula-de-unidad-en-uxp\/#primaryimage"},"thumbnailUrl":"https:\/\/diariotextual.com\/inicio\/wp-content\/uploads\/2023\/06\/Massa-Rossi-1.jpg","datePublished":"2023-06-24T11:13:56+00:00","dateModified":"2023-06-24T13:15:49+00:00","breadcrumb":{"@id":"https:\/\/diariotextual.com\/inicio\/index.php\/2023\/06\/24\/gobernadores-y-ministros-celebran-formula-de-unidad-en-uxp\/#breadcrumb"},"inLanguage":"es","potentialAction":[{"@type":"ReadAction","target":["https:\/\/diariotextual.com\/inicio\/index.php\/2023\/06\/24\/gobernadores-y-ministros-celebran-formula-de-unidad-en-uxp\/"]}]},{"@type":"ImageObject","inLanguage":"es","@id":"https:\/\/diariotextual.com\/inicio\/index.php\/2023\/06\/24\/gobernadores-y-ministros-celebran-formula-de-unidad-en-uxp\/#primaryimage","url":"https:\/\/diariotextual.com\/inicio\/wp-content\/uploads\/2023\/06\/Massa-Rossi-1.jpg","contentUrl":"https:\/\/diariotextual.com\/inicio\/wp-content\/uploads\/2023\/06\/Massa-Rossi-1.jpg","width":800,"height":483},{"@type":"BreadcrumbList","@id":"https:\/\/diariotextual.com\/inicio\/index.php\/2023\/06\/24\/gobernadores-y-ministros-celebran-formula-de-unidad-en-uxp\/#breadcrumb","itemListElement":[{"@type":"ListItem","position":1,"name":"Portada","item":"https:\/\/diariotextual.com\/inicio\/"},{"@type":"ListItem","position":2,"name":"Gobernadores y ministros celebran f\u00f3rmula de unidad en UXP"}]},{"@type":"WebSite","@id":"https:\/\/diariotextual.com\/inicio\/#website","url":"https:\/\/diariotextual.com\/inicio\/","name":"Diario Textual","description":"","publisher":{"@id":"https:\/\/diariotextual.com\/inicio\/#organization"},"potentialAction":[{"@type":"SearchAction","target":{"@type":"EntryPoint","urlTemplate":"https:\/\/diariotextual.com\/inicio\/?s={search_term_string}"},"query-input":{"@type":"PropertyValueSpecification","valueRequired":true,"valueName":"search_term_string"}}],"inLanguage":"es"},{"@type":"Organization","@id":"https:\/\/diariotextual.com\/inicio\/#organization","name":"Diario Textual","url":"https:\/\/diariotextual.com\/inicio\/","logo":{"@type":"ImageObject","inLanguage":"es","@id":"https:\/\/diariotextual.com\/inicio\/#\/schema\/logo\/image\/","url":"https:\/\/diariotextual.com\/inicio\/wp-content\/uploads\/2023\/05\/logotextual1.jpg","contentUrl":"https:\/\/diariotextual.com\/inicio\/wp-content\/uploads\/2023\/05\/logotextual1.jpg","width":516,"height":76,"caption":"Diario Textual"},"image":{"@id":"https:\/\/diariotextual.com\/inicio\/#\/schema\/logo\/image\/"},"sameAs":["https:\/\/www.facebook.com\/eltextual","https:\/\/x.com\/eltextual","http:\/\/www.instagram.com\/eltextual"]},{"@type":"Person","@id":"https:\/\/diariotextual.com\/inicio\/#\/schema\/person\/694f60677f23c4a530867a98f22b3768","name":"diario2","image":{"@type":"ImageObject","inLanguage":"es","@id":"https:\/\/secure.gravatar.com\/avatar\/5a2567495ba16b852fcd8f1ed006a2e24fcace936018ed8237e95f488ad6e0a7?s=96&d=mm&r=g","url":"https:\/\/secure.gravatar.com\/avatar\/5a2567495ba16b852fcd8f1ed006a2e24fcace936018ed8237e95f488ad6e0a7?s=96&d=mm&r=g","contentUrl":"https:\/\/secure.gravatar.com\/avatar\/5a2567495ba16b852fcd8f1ed006a2e24fcace936018ed8237e95f488ad6e0a7?s=96&d=mm&r=g","caption":"diario2"},"url":"https:\/\/diariotextual.com\/inicio\/index.php\/author\/diario2\/"}]}},"_links":{"self":[{"href":"https:\/\/diariotextual.com\/inicio\/index.php\/wp-json\/wp\/v2\/posts\/229236","targetHints":{"allow":["GET"]}}],"collection":[{"href":"https:\/\/diariotextual.com\/inicio\/index.php\/wp-json\/wp\/v2\/posts"}],"about":[{"href":"https:\/\/diariotextual.com\/inicio\/index.php\/wp-json\/wp\/v2\/types\/post"}],"author":[{"embeddable":true,"href":"https:\/\/diariotextual.com\/inicio\/index.php\/wp-json\/wp\/v2\/users\/4"}],"replies":[{"embeddable":true,"href":"https:\/\/diariotextual.com\/inicio\/index.php\/wp-json\/wp\/v2\/comments?post=229236"}],"version-history":[{"count":1,"href":"https:\/\/diariotextual.com\/inicio\/index.php\/wp-json\/wp\/v2\/posts\/229236\/revisions"}],"predecessor-version":[{"id":229241,"href":"https:\/\/diariotextual.com\/inicio\/index.php\/wp-json\/wp\/v2\/posts\/229236\/revisions\/229241"}],"wp:featuredmedia":[{"embeddable":true,"href":"https:\/\/diariotextual.com\/inicio\/index.php\/wp-json\/wp\/v2\/media\/229238"}],"wp:attachment":[{"href":"https:\/\/diariotextual.com\/inicio\/index.php\/wp-json\/wp\/v2\/media?parent=229236"}],"wp:term":[{"taxonomy":"category","embeddable":true,"href":"https:\/\/diariotextual.com\/inicio\/index.php\/wp-json\/wp\/v2\/categories?post=229236"},{"taxonomy":"post_tag","embeddable":true,"href":"https:\/\/diariotextual.com\/inicio\/index.php\/wp-json\/wp\/v2\/tags?post=229236"}],"curies":[{"name":"wp","href":"https:\/\/api.w.org\/{rel}","templated":true}]}}