{"id":229361,"date":"2023-06-25T21:57:00","date_gmt":"2023-06-26T00:57:00","guid":{"rendered":"https:\/\/diariotextual.com\/inicio\/?p=229361"},"modified":"2023-06-26T06:52:14","modified_gmt":"2023-06-26T09:52:14","slug":"cordoba-juez-y-llaryora-se-enfrentan-mano-a-mano-por-la-gobernacion","status":"publish","type":"post","link":"https:\/\/diariotextual.com\/inicio\/index.php\/2023\/06\/25\/cordoba-juez-y-llaryora-se-enfrentan-mano-a-mano-por-la-gobernacion\/","title":{"rendered":"C\u00f3rdoba: Mart\u00edn Llaryora se impone a Luis Juez"},"content":{"rendered":"\n<p>La f\u00f3rmula oficialista,&nbsp;<strong>Mart\u00edn Llaryora-Myriam Prunotto<\/strong>, se impon\u00eda en la categor\u00eda de gobernador y vice en una elecci\u00f3n ultra-polarizada contra el binomio de Juntos por el Cambio (JxC), encabezado por<strong>&nbsp;Luis Juez y Marcos Carasso<\/strong>.&nbsp;<\/p>\n\n\n\n<p>De esta manera, el actual intendente de la ciudad de C\u00f3rdoba pegar\u00eda el salto al sill\u00f3n del Centro C\u00edvico cordob\u00e9s, que ahora lo ocupa su jefe pol\u00edtico y precandidato presidencial,\u00a0Juan Schiaretti. <\/p>\n\n\n\n<p>Llaryora\u00a0obten\u00eda el\u00a042.73%\u00a0contra el\u00a039.77%\u00a0que cosechaba\u00a0Juez, con un total del\u00a091,73%\u00a0de las mesas procesadas.\u00a0<\/p>\n\n\n\n<p>El escrutinio oficial arroj\u00f3 los primeros resultados alrededor de las 19 horas, con datos que llegaron desde\u00a0Carlos Paz, Cosqu\u00edn, La Falda y Marcos Ju\u00e1rez, en los que se utiliz\u00f3 el voto electr\u00f3nico, y dieron a Juez con una leve ventaja.\u00a0<\/p>\n\n\n\n<p>Casi dos horas despu\u00e9s, a las 21, comenzaron a cargarse en p\u00e1gina oficial los sufragios emitidos por el resto de la provincia, que utiliz\u00f3 la\u00a0Boleta \u00danica de Sufragio\u00a0(BUS), y los votos de las principales ciudades del norte de C\u00f3rdoba, donde Llaryora sac\u00f3 ventaja.\u00a0<\/p>\n\n\n\n<p>Para casi las 22 horas, fuertes gritos de alegr\u00eda retumbaron en el Centro de Congresos del Hotel Qu\u00f3rum, en las afueras de la capital. Se trataba del cambio -definitivo- entre los dos animadores principales. Llaryora hab\u00eda pasado al frente por una m\u00ednima diferencia.&nbsp;<\/p>\n\n\n\n<p>Fue el momento en el que en su b\u00fanker comenz\u00f3 a sonar cuarteto cordob\u00e9s, que fue recibido de la mejor manera por la feligres\u00eda schiarettista. Desde \u00e9se momento,\u00a0la tendencia se mantuvo al igual que las sonrisas de funcionarios de Llaryora, que deambulaban en el lugar.<\/p>\n\n\n\n<p>En el tercer lugar, lejos de Llaryora y Juez, quedaba Encuentro Vecinal por C\u00f3rdoba, fuerza encabezada por\u00a0Aurelio Garc\u00eda Elorrio, con el 2.99%. Por su parte,\u00a0Agust\u00edn Spaccesi, de La Libertad Avanza, se ubicaba cuarto con el 2.49% .\u00a0<\/p>\n\n\n\n<p>Mientras que el quinto lugar qued\u00f3 para el Frente de Izquierda, de\u00a0Liliana Olivero\u00a0que obten\u00eda el 2.36%. El kirchnerismo, con un flojo rendimiento y representado por\u00a0Federico Alessandri, se posicionaba en el quinto lugar con el 2.18%.\u00a0<\/p>\n\n\n\n<p>De confirmarse la tendencia,\u00a0el peronismo cordob\u00e9s lograr\u00eda retener el territorio que gobierna desde 1999,\u00a0luego de la victoria de Jos\u00e9 Manuel de la Sota frente al radical Ram\u00f3n Mestre, en 1998.\u00a0<\/p>\n\n\n\n<p><\/p>\n\n\n\n<p><\/p>\n","protected":false},"excerpt":{"rendered":"<p>La f\u00f3rmula oficialista,&nbsp;Mart\u00edn Llaryora-Myriam Prunotto, se impon\u00eda en la categor\u00eda de gobernador y vice en una elecci\u00f3n ultra-polarizada contra el binomio de Juntos por el Cambio (JxC), encabezado por&nbsp;Luis Juez&hellip;<\/p>\n","protected":false},"author":3,"featured_media":229410,"comment_status":"closed","ping_status":"open","sticky":false,"template":"","format":"standard","meta":{"_acf_changed":false,"footnotes":""},"categories":[4,8],"tags":[],"class_list":["post-229361","post","type-post","status-publish","format-standard","has-post-thumbnail","hentry","category-destacadas","category-politica"],"acf":[],"yoast_head":"<!-- This site is optimized with the Yoast SEO plugin v27.5 - https:\/\/yoast.com\/product\/yoast-seo-wordpress\/ -->\n<title>C\u00f3rdoba: Mart\u00edn Llaryora se impone a Luis Juez - Diario Textual<\/title>\n<meta name=\"robots\" content=\"index, follow, max-snippet:-1, max-image-preview:large, max-video-preview:-1\" \/>\n<link rel=\"canonical\" href=\"https:\/\/diariotextual.com\/inicio\/index.php\/2023\/06\/25\/cordoba-juez-y-llaryora-se-enfrentan-mano-a-mano-por-la-gobernacion\/\" \/>\n<meta property=\"og:locale\" content=\"es_ES\" \/>\n<meta property=\"og:type\" content=\"article\" \/>\n<meta property=\"og:title\" content=\"C\u00f3rdoba: Mart\u00edn Llaryora se impone a Luis Juez - Diario Textual\" \/>\n<meta property=\"og:description\" content=\"La f\u00f3rmula oficialista,&nbsp;Mart\u00edn Llaryora-Myriam Prunotto, se impon\u00eda en la categor\u00eda de gobernador y vice en una elecci\u00f3n ultra-polarizada contra el binomio de Juntos por el Cambio (JxC), encabezado por&nbsp;Luis Juez&hellip;\" \/>\n<meta property=\"og:url\" content=\"https:\/\/diariotextual.com\/inicio\/index.php\/2023\/06\/25\/cordoba-juez-y-llaryora-se-enfrentan-mano-a-mano-por-la-gobernacion\/\" \/>\n<meta property=\"og:site_name\" content=\"Diario Textual\" \/>\n<meta property=\"article:publisher\" content=\"https:\/\/www.facebook.com\/eltextual\" \/>\n<meta property=\"article:published_time\" content=\"2023-06-26T00:57:00+00:00\" \/>\n<meta property=\"article:modified_time\" content=\"2023-06-26T09:52:14+00:00\" \/>\n<meta property=\"og:image\" content=\"https:\/\/diariotextual.com\/inicio\/wp-content\/uploads\/2023\/06\/llaryoramartinvotando2023-1.jpg\" \/>\n\t<meta property=\"og:image:width\" content=\"1024\" \/>\n\t<meta property=\"og:image:height\" content=\"683\" \/>\n\t<meta property=\"og:image:type\" content=\"image\/jpeg\" \/>\n<meta name=\"author\" content=\"Diario1 Diario1\" \/>\n<meta name=\"twitter:card\" content=\"summary_large_image\" \/>\n<meta name=\"twitter:creator\" content=\"@eltextual\" \/>\n<meta name=\"twitter:site\" content=\"@eltextual\" \/>\n<meta name=\"twitter:label1\" content=\"Escrito por\" \/>\n\t<meta name=\"twitter:data1\" content=\"Diario1 Diario1\" \/>\n\t<meta name=\"twitter:label2\" content=\"Tiempo de lectura\" \/>\n\t<meta name=\"twitter:data2\" content=\"2 minutos\" \/>\n<script type=\"application\/ld+json\" class=\"yoast-schema-graph\">{\"@context\":\"https:\\\/\\\/schema.org\",\"@graph\":[{\"@type\":\"Article\",\"@id\":\"https:\\\/\\\/diariotextual.com\\\/inicio\\\/index.php\\\/2023\\\/06\\\/25\\\/cordoba-juez-y-llaryora-se-enfrentan-mano-a-mano-por-la-gobernacion\\\/#article\",\"isPartOf\":{\"@id\":\"https:\\\/\\\/diariotextual.com\\\/inicio\\\/index.php\\\/2023\\\/06\\\/25\\\/cordoba-juez-y-llaryora-se-enfrentan-mano-a-mano-por-la-gobernacion\\\/\"},\"author\":{\"name\":\"Diario1 Diario1\",\"@id\":\"https:\\\/\\\/diariotextual.com\\\/inicio\\\/#\\\/schema\\\/person\\\/418fc4093c33e86ed41562db3508f958\"},\"headline\":\"C\u00f3rdoba: Mart\u00edn Llaryora se impone a Luis Juez\",\"datePublished\":\"2023-06-26T00:57:00+00:00\",\"dateModified\":\"2023-06-26T09:52:14+00:00\",\"mainEntityOfPage\":{\"@id\":\"https:\\\/\\\/diariotextual.com\\\/inicio\\\/index.php\\\/2023\\\/06\\\/25\\\/cordoba-juez-y-llaryora-se-enfrentan-mano-a-mano-por-la-gobernacion\\\/\"},\"wordCount\":403,\"publisher\":{\"@id\":\"https:\\\/\\\/diariotextual.com\\\/inicio\\\/#organization\"},\"image\":{\"@id\":\"https:\\\/\\\/diariotextual.com\\\/inicio\\\/index.php\\\/2023\\\/06\\\/25\\\/cordoba-juez-y-llaryora-se-enfrentan-mano-a-mano-por-la-gobernacion\\\/#primaryimage\"},\"thumbnailUrl\":\"https:\\\/\\\/diariotextual.com\\\/inicio\\\/wp-content\\\/uploads\\\/2023\\\/06\\\/llaryoramartinvotando2023-1.jpg\",\"articleSection\":[\"A - DESTACADAS (mod 16)\",\"POLITICA\"],\"inLanguage\":\"es\"},{\"@type\":\"WebPage\",\"@id\":\"https:\\\/\\\/diariotextual.com\\\/inicio\\\/index.php\\\/2023\\\/06\\\/25\\\/cordoba-juez-y-llaryora-se-enfrentan-mano-a-mano-por-la-gobernacion\\\/\",\"url\":\"https:\\\/\\\/diariotextual.com\\\/inicio\\\/index.php\\\/2023\\\/06\\\/25\\\/cordoba-juez-y-llaryora-se-enfrentan-mano-a-mano-por-la-gobernacion\\\/\",\"name\":\"C\u00f3rdoba: Mart\u00edn Llaryora se impone a Luis Juez - Diario Textual\",\"isPartOf\":{\"@id\":\"https:\\\/\\\/diariotextual.com\\\/inicio\\\/#website\"},\"primaryImageOfPage\":{\"@id\":\"https:\\\/\\\/diariotextual.com\\\/inicio\\\/index.php\\\/2023\\\/06\\\/25\\\/cordoba-juez-y-llaryora-se-enfrentan-mano-a-mano-por-la-gobernacion\\\/#primaryimage\"},\"image\":{\"@id\":\"https:\\\/\\\/diariotextual.com\\\/inicio\\\/index.php\\\/2023\\\/06\\\/25\\\/cordoba-juez-y-llaryora-se-enfrentan-mano-a-mano-por-la-gobernacion\\\/#primaryimage\"},\"thumbnailUrl\":\"https:\\\/\\\/diariotextual.com\\\/inicio\\\/wp-content\\\/uploads\\\/2023\\\/06\\\/llaryoramartinvotando2023-1.jpg\",\"datePublished\":\"2023-06-26T00:57:00+00:00\",\"dateModified\":\"2023-06-26T09:52:14+00:00\",\"breadcrumb\":{\"@id\":\"https:\\\/\\\/diariotextual.com\\\/inicio\\\/index.php\\\/2023\\\/06\\\/25\\\/cordoba-juez-y-llaryora-se-enfrentan-mano-a-mano-por-la-gobernacion\\\/#breadcrumb\"},\"inLanguage\":\"es\",\"potentialAction\":[{\"@type\":\"ReadAction\",\"target\":[\"https:\\\/\\\/diariotextual.com\\\/inicio\\\/index.php\\\/2023\\\/06\\\/25\\\/cordoba-juez-y-llaryora-se-enfrentan-mano-a-mano-por-la-gobernacion\\\/\"]}]},{\"@type\":\"ImageObject\",\"inLanguage\":\"es\",\"@id\":\"https:\\\/\\\/diariotextual.com\\\/inicio\\\/index.php\\\/2023\\\/06\\\/25\\\/cordoba-juez-y-llaryora-se-enfrentan-mano-a-mano-por-la-gobernacion\\\/#primaryimage\",\"url\":\"https:\\\/\\\/diariotextual.com\\\/inicio\\\/wp-content\\\/uploads\\\/2023\\\/06\\\/llaryoramartinvotando2023-1.jpg\",\"contentUrl\":\"https:\\\/\\\/diariotextual.com\\\/inicio\\\/wp-content\\\/uploads\\\/2023\\\/06\\\/llaryoramartinvotando2023-1.jpg\",\"width\":1024,\"height\":683},{\"@type\":\"BreadcrumbList\",\"@id\":\"https:\\\/\\\/diariotextual.com\\\/inicio\\\/index.php\\\/2023\\\/06\\\/25\\\/cordoba-juez-y-llaryora-se-enfrentan-mano-a-mano-por-la-gobernacion\\\/#breadcrumb\",\"itemListElement\":[{\"@type\":\"ListItem\",\"position\":1,\"name\":\"Portada\",\"item\":\"https:\\\/\\\/diariotextual.com\\\/inicio\\\/\"},{\"@type\":\"ListItem\",\"position\":2,\"name\":\"C\u00f3rdoba: Mart\u00edn Llaryora se impone a Luis Juez\"}]},{\"@type\":\"WebSite\",\"@id\":\"https:\\\/\\\/diariotextual.com\\\/inicio\\\/#website\",\"url\":\"https:\\\/\\\/diariotextual.com\\\/inicio\\\/\",\"name\":\"Diario Textual\",\"description\":\"\",\"publisher\":{\"@id\":\"https:\\\/\\\/diariotextual.com\\\/inicio\\\/#organization\"},\"potentialAction\":[{\"@type\":\"SearchAction\",\"target\":{\"@type\":\"EntryPoint\",\"urlTemplate\":\"https:\\\/\\\/diariotextual.com\\\/inicio\\\/?s={search_term_string}\"},\"query-input\":{\"@type\":\"PropertyValueSpecification\",\"valueRequired\":true,\"valueName\":\"search_term_string\"}}],\"inLanguage\":\"es\"},{\"@type\":\"Organization\",\"@id\":\"https:\\\/\\\/diariotextual.com\\\/inicio\\\/#organization\",\"name\":\"Diario Textual\",\"url\":\"https:\\\/\\\/diariotextual.com\\\/inicio\\\/\",\"logo\":{\"@type\":\"ImageObject\",\"inLanguage\":\"es\",\"@id\":\"https:\\\/\\\/diariotextual.com\\\/inicio\\\/#\\\/schema\\\/logo\\\/image\\\/\",\"url\":\"https:\\\/\\\/diariotextual.com\\\/inicio\\\/wp-content\\\/uploads\\\/2023\\\/05\\\/logotextual1.jpg\",\"contentUrl\":\"https:\\\/\\\/diariotextual.com\\\/inicio\\\/wp-content\\\/uploads\\\/2023\\\/05\\\/logotextual1.jpg\",\"width\":516,\"height\":76,\"caption\":\"Diario Textual\"},\"image\":{\"@id\":\"https:\\\/\\\/diariotextual.com\\\/inicio\\\/#\\\/schema\\\/logo\\\/image\\\/\"},\"sameAs\":[\"https:\\\/\\\/www.facebook.com\\\/eltextual\",\"https:\\\/\\\/x.com\\\/eltextual\",\"http:\\\/\\\/www.instagram.com\\\/eltextual\"]},{\"@type\":\"Person\",\"@id\":\"https:\\\/\\\/diariotextual.com\\\/inicio\\\/#\\\/schema\\\/person\\\/418fc4093c33e86ed41562db3508f958\",\"name\":\"Diario1 Diario1\",\"image\":{\"@type\":\"ImageObject\",\"inLanguage\":\"es\",\"@id\":\"https:\\\/\\\/secure.gravatar.com\\\/avatar\\\/9167d280179c85bc18be67aa7eda765854300033af4896dd779b608640f2ef7a?s=96&d=mm&r=g\",\"url\":\"https:\\\/\\\/secure.gravatar.com\\\/avatar\\\/9167d280179c85bc18be67aa7eda765854300033af4896dd779b608640f2ef7a?s=96&d=mm&r=g\",\"contentUrl\":\"https:\\\/\\\/secure.gravatar.com\\\/avatar\\\/9167d280179c85bc18be67aa7eda765854300033af4896dd779b608640f2ef7a?s=96&d=mm&r=g\",\"caption\":\"Diario1 Diario1\"},\"url\":\"https:\\\/\\\/diariotextual.com\\\/inicio\\\/index.php\\\/author\\\/diario1\\\/\"}]}<\/script>\n<!-- \/ Yoast SEO plugin. -->","yoast_head_json":{"title":"C\u00f3rdoba: Mart\u00edn Llaryora se impone a Luis Juez - Diario Textual","robots":{"index":"index","follow":"follow","max-snippet":"max-snippet:-1","max-image-preview":"max-image-preview:large","max-video-preview":"max-video-preview:-1"},"canonical":"https:\/\/diariotextual.com\/inicio\/index.php\/2023\/06\/25\/cordoba-juez-y-llaryora-se-enfrentan-mano-a-mano-por-la-gobernacion\/","og_locale":"es_ES","og_type":"article","og_title":"C\u00f3rdoba: Mart\u00edn Llaryora se impone a Luis Juez - Diario Textual","og_description":"La f\u00f3rmula oficialista,&nbsp;Mart\u00edn Llaryora-Myriam Prunotto, se impon\u00eda en la categor\u00eda de gobernador y vice en una elecci\u00f3n ultra-polarizada contra el binomio de Juntos por el Cambio (JxC), encabezado por&nbsp;Luis Juez&hellip;","og_url":"https:\/\/diariotextual.com\/inicio\/index.php\/2023\/06\/25\/cordoba-juez-y-llaryora-se-enfrentan-mano-a-mano-por-la-gobernacion\/","og_site_name":"Diario Textual","article_publisher":"https:\/\/www.facebook.com\/eltextual","article_published_time":"2023-06-26T00:57:00+00:00","article_modified_time":"2023-06-26T09:52:14+00:00","og_image":[{"width":1024,"height":683,"url":"https:\/\/diariotextual.com\/inicio\/wp-content\/uploads\/2023\/06\/llaryoramartinvotando2023-1.jpg","type":"image\/jpeg"}],"author":"Diario1 Diario1","twitter_card":"summary_large_image","twitter_creator":"@eltextual","twitter_site":"@eltextual","twitter_misc":{"Escrito por":"Diario1 Diario1","Tiempo de lectura":"2 minutos"},"schema":{"@context":"https:\/\/schema.org","@graph":[{"@type":"Article","@id":"https:\/\/diariotextual.com\/inicio\/index.php\/2023\/06\/25\/cordoba-juez-y-llaryora-se-enfrentan-mano-a-mano-por-la-gobernacion\/#article","isPartOf":{"@id":"https:\/\/diariotextual.com\/inicio\/index.php\/2023\/06\/25\/cordoba-juez-y-llaryora-se-enfrentan-mano-a-mano-por-la-gobernacion\/"},"author":{"name":"Diario1 Diario1","@id":"https:\/\/diariotextual.com\/inicio\/#\/schema\/person\/418fc4093c33e86ed41562db3508f958"},"headline":"C\u00f3rdoba: Mart\u00edn Llaryora se impone a Luis Juez","datePublished":"2023-06-26T00:57:00+00:00","dateModified":"2023-06-26T09:52:14+00:00","mainEntityOfPage":{"@id":"https:\/\/diariotextual.com\/inicio\/index.php\/2023\/06\/25\/cordoba-juez-y-llaryora-se-enfrentan-mano-a-mano-por-la-gobernacion\/"},"wordCount":403,"publisher":{"@id":"https:\/\/diariotextual.com\/inicio\/#organization"},"image":{"@id":"https:\/\/diariotextual.com\/inicio\/index.php\/2023\/06\/25\/cordoba-juez-y-llaryora-se-enfrentan-mano-a-mano-por-la-gobernacion\/#primaryimage"},"thumbnailUrl":"https:\/\/diariotextual.com\/inicio\/wp-content\/uploads\/2023\/06\/llaryoramartinvotando2023-1.jpg","articleSection":["A - DESTACADAS (mod 16)","POLITICA"],"inLanguage":"es"},{"@type":"WebPage","@id":"https:\/\/diariotextual.com\/inicio\/index.php\/2023\/06\/25\/cordoba-juez-y-llaryora-se-enfrentan-mano-a-mano-por-la-gobernacion\/","url":"https:\/\/diariotextual.com\/inicio\/index.php\/2023\/06\/25\/cordoba-juez-y-llaryora-se-enfrentan-mano-a-mano-por-la-gobernacion\/","name":"C\u00f3rdoba: Mart\u00edn Llaryora se impone a Luis Juez - Diario Textual","isPartOf":{"@id":"https:\/\/diariotextual.com\/inicio\/#website"},"primaryImageOfPage":{"@id":"https:\/\/diariotextual.com\/inicio\/index.php\/2023\/06\/25\/cordoba-juez-y-llaryora-se-enfrentan-mano-a-mano-por-la-gobernacion\/#primaryimage"},"image":{"@id":"https:\/\/diariotextual.com\/inicio\/index.php\/2023\/06\/25\/cordoba-juez-y-llaryora-se-enfrentan-mano-a-mano-por-la-gobernacion\/#primaryimage"},"thumbnailUrl":"https:\/\/diariotextual.com\/inicio\/wp-content\/uploads\/2023\/06\/llaryoramartinvotando2023-1.jpg","datePublished":"2023-06-26T00:57:00+00:00","dateModified":"2023-06-26T09:52:14+00:00","breadcrumb":{"@id":"https:\/\/diariotextual.com\/inicio\/index.php\/2023\/06\/25\/cordoba-juez-y-llaryora-se-enfrentan-mano-a-mano-por-la-gobernacion\/#breadcrumb"},"inLanguage":"es","potentialAction":[{"@type":"ReadAction","target":["https:\/\/diariotextual.com\/inicio\/index.php\/2023\/06\/25\/cordoba-juez-y-llaryora-se-enfrentan-mano-a-mano-por-la-gobernacion\/"]}]},{"@type":"ImageObject","inLanguage":"es","@id":"https:\/\/diariotextual.com\/inicio\/index.php\/2023\/06\/25\/cordoba-juez-y-llaryora-se-enfrentan-mano-a-mano-por-la-gobernacion\/#primaryimage","url":"https:\/\/diariotextual.com\/inicio\/wp-content\/uploads\/2023\/06\/llaryoramartinvotando2023-1.jpg","contentUrl":"https:\/\/diariotextual.com\/inicio\/wp-content\/uploads\/2023\/06\/llaryoramartinvotando2023-1.jpg","width":1024,"height":683},{"@type":"BreadcrumbList","@id":"https:\/\/diariotextual.com\/inicio\/index.php\/2023\/06\/25\/cordoba-juez-y-llaryora-se-enfrentan-mano-a-mano-por-la-gobernacion\/#breadcrumb","itemListElement":[{"@type":"ListItem","position":1,"name":"Portada","item":"https:\/\/diariotextual.com\/inicio\/"},{"@type":"ListItem","position":2,"name":"C\u00f3rdoba: Mart\u00edn Llaryora se impone a Luis Juez"}]},{"@type":"WebSite","@id":"https:\/\/diariotextual.com\/inicio\/#website","url":"https:\/\/diariotextual.com\/inicio\/","name":"Diario Textual","description":"","publisher":{"@id":"https:\/\/diariotextual.com\/inicio\/#organization"},"potentialAction":[{"@type":"SearchAction","target":{"@type":"EntryPoint","urlTemplate":"https:\/\/diariotextual.com\/inicio\/?s={search_term_string}"},"query-input":{"@type":"PropertyValueSpecification","valueRequired":true,"valueName":"search_term_string"}}],"inLanguage":"es"},{"@type":"Organization","@id":"https:\/\/diariotextual.com\/inicio\/#organization","name":"Diario Textual","url":"https:\/\/diariotextual.com\/inicio\/","logo":{"@type":"ImageObject","inLanguage":"es","@id":"https:\/\/diariotextual.com\/inicio\/#\/schema\/logo\/image\/","url":"https:\/\/diariotextual.com\/inicio\/wp-content\/uploads\/2023\/05\/logotextual1.jpg","contentUrl":"https:\/\/diariotextual.com\/inicio\/wp-content\/uploads\/2023\/05\/logotextual1.jpg","width":516,"height":76,"caption":"Diario Textual"},"image":{"@id":"https:\/\/diariotextual.com\/inicio\/#\/schema\/logo\/image\/"},"sameAs":["https:\/\/www.facebook.com\/eltextual","https:\/\/x.com\/eltextual","http:\/\/www.instagram.com\/eltextual"]},{"@type":"Person","@id":"https:\/\/diariotextual.com\/inicio\/#\/schema\/person\/418fc4093c33e86ed41562db3508f958","name":"Diario1 Diario1","image":{"@type":"ImageObject","inLanguage":"es","@id":"https:\/\/secure.gravatar.com\/avatar\/9167d280179c85bc18be67aa7eda765854300033af4896dd779b608640f2ef7a?s=96&d=mm&r=g","url":"https:\/\/secure.gravatar.com\/avatar\/9167d280179c85bc18be67aa7eda765854300033af4896dd779b608640f2ef7a?s=96&d=mm&r=g","contentUrl":"https:\/\/secure.gravatar.com\/avatar\/9167d280179c85bc18be67aa7eda765854300033af4896dd779b608640f2ef7a?s=96&d=mm&r=g","caption":"Diario1 Diario1"},"url":"https:\/\/diariotextual.com\/inicio\/index.php\/author\/diario1\/"}]}},"_links":{"self":[{"href":"https:\/\/diariotextual.com\/inicio\/index.php\/wp-json\/wp\/v2\/posts\/229361","targetHints":{"allow":["GET"]}}],"collection":[{"href":"https:\/\/diariotextual.com\/inicio\/index.php\/wp-json\/wp\/v2\/posts"}],"about":[{"href":"https:\/\/diariotextual.com\/inicio\/index.php\/wp-json\/wp\/v2\/types\/post"}],"author":[{"embeddable":true,"href":"https:\/\/diariotextual.com\/inicio\/index.php\/wp-json\/wp\/v2\/users\/3"}],"replies":[{"embeddable":true,"href":"https:\/\/diariotextual.com\/inicio\/index.php\/wp-json\/wp\/v2\/comments?post=229361"}],"version-history":[{"count":8,"href":"https:\/\/diariotextual.com\/inicio\/index.php\/wp-json\/wp\/v2\/posts\/229361\/revisions"}],"predecessor-version":[{"id":229435,"href":"https:\/\/diariotextual.com\/inicio\/index.php\/wp-json\/wp\/v2\/posts\/229361\/revisions\/229435"}],"wp:featuredmedia":[{"embeddable":true,"href":"https:\/\/diariotextual.com\/inicio\/index.php\/wp-json\/wp\/v2\/media\/229410"}],"wp:attachment":[{"href":"https:\/\/diariotextual.com\/inicio\/index.php\/wp-json\/wp\/v2\/media?parent=229361"}],"wp:term":[{"taxonomy":"category","embeddable":true,"href":"https:\/\/diariotextual.com\/inicio\/index.php\/wp-json\/wp\/v2\/categories?post=229361"},{"taxonomy":"post_tag","embeddable":true,"href":"https:\/\/diariotextual.com\/inicio\/index.php\/wp-json\/wp\/v2\/tags?post=229361"}],"curies":[{"name":"wp","href":"https:\/\/api.w.org\/{rel}","templated":true}]}}