{"id":229368,"date":"2023-06-25T11:01:20","date_gmt":"2023-06-25T14:01:20","guid":{"rendered":"https:\/\/diariotextual.com\/inicio\/?p=229368"},"modified":"2023-06-26T08:08:46","modified_gmt":"2023-06-26T11:08:46","slug":"por-las-lluvias-en-horas-el-caudal-del-rio-colorado-crecio-17-veces","status":"publish","type":"post","link":"https:\/\/diariotextual.com\/inicio\/index.php\/2023\/06\/25\/por-las-lluvias-en-horas-el-caudal-del-rio-colorado-crecio-17-veces\/","title":{"rendered":"Por las lluvias, en horas el caudal del r\u00edo Colorado creci\u00f3 casi 20 veces"},"content":{"rendered":"\n<p>Una impresionante crecida est\u00e1 ocurriendo este fin de semana en el r\u00edo Colorado, a ra\u00edz de intensas lluvias. En Buta Ranquil (Neuqu\u00e9n), donde se inicia el Colorado -de la uni\u00f3n del Barrancas y el Grande- el caudal creci\u00f3 exponencialmente: pas\u00f3 del jueves 22 de 45 m3\/s a 773 m3\/s a este domingo a las 9 de la ma\u00f1ana.<\/p>\n\n\n\n<p><strong>El r\u00edo ten\u00eda un caudal promedio de 45 m3\/s<\/strong>. El 24, a las 9 horas,<strong> hab\u00eda subido a 352 m3\/s.<\/strong> En tanto, a las 7 horas del 25, hab\u00eda subido a los 748 m3\/s y<strong> a las 9 a 773 m3\/s<\/strong>, seg\u00fan datos del Comit\u00e9 Interjurisdiccional del R\u00edo Colorado (Coirco). <strong>A las 18 horas hab\u00eda bajado a 714 m3\/s, pero a la 21 hab\u00eda subido a 731 m3\/s.<\/strong><\/p>\n\n\n\n<p>Ese caudal impresionante, que gener\u00f3 ya desbordes, llegar\u00e1 en las pr\u00f3ximas horas al lago Casa de Piedra.<\/p>\n\n\n\n<p>Desde Coirco se conform\u00f3 un equipo t\u00e9cnico, integrado por las cinco provincias de la cuenca y la Naci\u00f3n, que seguir\u00e1 en forma constante la evoluci\u00f3n de la situaci\u00f3n del tiempo y del estado de los r\u00edos mientras duren las actuales condiciones clim\u00e1ticas, por si surgieran eventuales contingencias que atender.<\/p>\n\n\n\n<p>Seg\u00fan el pron\u00f3stico, a partir del lunes no se prev\u00e9n m\u00e1s lluvias de importancia, por lo que los niveles del r\u00edo se mantendr\u00e1n en alza hacia aguas abajo, hasta Casa de Piedra, siguiendo la propagaci\u00f3n de la crecida, pero ir\u00e1n bajando en la cuenca alta, inform\u00f3 Coirco.<\/p>\n\n\n\n<p>Adem\u00e1s, resalt\u00f3 que, dado que no existen temperaturas lo suficientemente bajas, no ha habido nevadas significativas en la alta cuenca, por lo que el temporal no ha generado aun acumulaci\u00f3n de nieve que alimente caudales futuros.<\/p>\n\n\n\n<p><\/p>\n\n\n\n<p>.<\/p>\n","protected":false},"excerpt":{"rendered":"<p>Una impresionante crecida est\u00e1 ocurriendo este fin de semana en el r\u00edo Colorado, a ra\u00edz de intensas lluvias. En Buta Ranquil (Neuqu\u00e9n), donde se inicia el Colorado -de la uni\u00f3n&hellip;<\/p>\n","protected":false},"author":3,"featured_media":229376,"comment_status":"closed","ping_status":"open","sticky":false,"template":"","format":"standard","meta":{"_acf_changed":false,"footnotes":""},"categories":[1,12],"tags":[],"class_list":["post-229368","post","type-post","status-publish","format-standard","has-post-thumbnail","hentry","category-es-noticia","category-sociedad"],"acf":[],"yoast_head":"<!-- This site is optimized with the Yoast SEO plugin v27.5 - https:\/\/yoast.com\/product\/yoast-seo-wordpress\/ -->\n<title>Por las lluvias, en horas el caudal del r\u00edo Colorado creci\u00f3 casi 20 veces - Diario Textual<\/title>\n<meta name=\"robots\" content=\"index, follow, max-snippet:-1, max-image-preview:large, max-video-preview:-1\" \/>\n<link rel=\"canonical\" href=\"https:\/\/diariotextual.com\/inicio\/index.php\/2023\/06\/25\/por-las-lluvias-en-horas-el-caudal-del-rio-colorado-crecio-17-veces\/\" \/>\n<meta property=\"og:locale\" content=\"es_ES\" \/>\n<meta property=\"og:type\" content=\"article\" \/>\n<meta property=\"og:title\" content=\"Por las lluvias, en horas el caudal del r\u00edo Colorado creci\u00f3 casi 20 veces - Diario Textual\" \/>\n<meta property=\"og:description\" content=\"Una impresionante crecida est\u00e1 ocurriendo este fin de semana en el r\u00edo Colorado, a ra\u00edz de intensas lluvias. En Buta Ranquil (Neuqu\u00e9n), donde se inicia el Colorado -de la uni\u00f3n&hellip;\" \/>\n<meta property=\"og:url\" content=\"https:\/\/diariotextual.com\/inicio\/index.php\/2023\/06\/25\/por-las-lluvias-en-horas-el-caudal-del-rio-colorado-crecio-17-veces\/\" \/>\n<meta property=\"og:site_name\" content=\"Diario Textual\" \/>\n<meta property=\"article:publisher\" content=\"https:\/\/www.facebook.com\/eltextual\" \/>\n<meta property=\"article:published_time\" content=\"2023-06-25T14:01:20+00:00\" \/>\n<meta property=\"article:modified_time\" content=\"2023-06-26T11:08:46+00:00\" \/>\n<meta property=\"og:image\" content=\"https:\/\/diariotextual.com\/inicio\/wp-content\/uploads\/2023\/06\/riocoloradocrecidabutaranquil2023-2.jpg\" \/>\n\t<meta property=\"og:image:width\" content=\"1000\" \/>\n\t<meta property=\"og:image:height\" content=\"461\" \/>\n\t<meta property=\"og:image:type\" content=\"image\/jpeg\" \/>\n<meta name=\"author\" content=\"Diario1 Diario1\" \/>\n<meta name=\"twitter:card\" content=\"summary_large_image\" \/>\n<meta name=\"twitter:creator\" content=\"@eltextual\" \/>\n<meta name=\"twitter:site\" content=\"@eltextual\" \/>\n<meta name=\"twitter:label1\" content=\"Escrito por\" \/>\n\t<meta name=\"twitter:data1\" content=\"Diario1 Diario1\" \/>\n\t<meta name=\"twitter:label2\" content=\"Tiempo de lectura\" \/>\n\t<meta name=\"twitter:data2\" content=\"2 minutos\" \/>\n<script type=\"application\/ld+json\" class=\"yoast-schema-graph\">{\"@context\":\"https:\\\/\\\/schema.org\",\"@graph\":[{\"@type\":\"Article\",\"@id\":\"https:\\\/\\\/diariotextual.com\\\/inicio\\\/index.php\\\/2023\\\/06\\\/25\\\/por-las-lluvias-en-horas-el-caudal-del-rio-colorado-crecio-17-veces\\\/#article\",\"isPartOf\":{\"@id\":\"https:\\\/\\\/diariotextual.com\\\/inicio\\\/index.php\\\/2023\\\/06\\\/25\\\/por-las-lluvias-en-horas-el-caudal-del-rio-colorado-crecio-17-veces\\\/\"},\"author\":{\"name\":\"Diario1 Diario1\",\"@id\":\"https:\\\/\\\/diariotextual.com\\\/inicio\\\/#\\\/schema\\\/person\\\/418fc4093c33e86ed41562db3508f958\"},\"headline\":\"Por las lluvias, en horas el caudal del r\u00edo Colorado creci\u00f3 casi 20 veces\",\"datePublished\":\"2023-06-25T14:01:20+00:00\",\"dateModified\":\"2023-06-26T11:08:46+00:00\",\"mainEntityOfPage\":{\"@id\":\"https:\\\/\\\/diariotextual.com\\\/inicio\\\/index.php\\\/2023\\\/06\\\/25\\\/por-las-lluvias-en-horas-el-caudal-del-rio-colorado-crecio-17-veces\\\/\"},\"wordCount\":310,\"publisher\":{\"@id\":\"https:\\\/\\\/diariotextual.com\\\/inicio\\\/#organization\"},\"image\":{\"@id\":\"https:\\\/\\\/diariotextual.com\\\/inicio\\\/index.php\\\/2023\\\/06\\\/25\\\/por-las-lluvias-en-horas-el-caudal-del-rio-colorado-crecio-17-veces\\\/#primaryimage\"},\"thumbnailUrl\":\"https:\\\/\\\/diariotextual.com\\\/inicio\\\/wp-content\\\/uploads\\\/2023\\\/06\\\/riocoloradocrecidabutaranquil2023-2.jpg\",\"articleSection\":[\"A - ES NOTICIA (van abajo)\",\"SOCIEDAD\"],\"inLanguage\":\"es\"},{\"@type\":\"WebPage\",\"@id\":\"https:\\\/\\\/diariotextual.com\\\/inicio\\\/index.php\\\/2023\\\/06\\\/25\\\/por-las-lluvias-en-horas-el-caudal-del-rio-colorado-crecio-17-veces\\\/\",\"url\":\"https:\\\/\\\/diariotextual.com\\\/inicio\\\/index.php\\\/2023\\\/06\\\/25\\\/por-las-lluvias-en-horas-el-caudal-del-rio-colorado-crecio-17-veces\\\/\",\"name\":\"Por las lluvias, en horas el caudal del r\u00edo Colorado creci\u00f3 casi 20 veces - Diario Textual\",\"isPartOf\":{\"@id\":\"https:\\\/\\\/diariotextual.com\\\/inicio\\\/#website\"},\"primaryImageOfPage\":{\"@id\":\"https:\\\/\\\/diariotextual.com\\\/inicio\\\/index.php\\\/2023\\\/06\\\/25\\\/por-las-lluvias-en-horas-el-caudal-del-rio-colorado-crecio-17-veces\\\/#primaryimage\"},\"image\":{\"@id\":\"https:\\\/\\\/diariotextual.com\\\/inicio\\\/index.php\\\/2023\\\/06\\\/25\\\/por-las-lluvias-en-horas-el-caudal-del-rio-colorado-crecio-17-veces\\\/#primaryimage\"},\"thumbnailUrl\":\"https:\\\/\\\/diariotextual.com\\\/inicio\\\/wp-content\\\/uploads\\\/2023\\\/06\\\/riocoloradocrecidabutaranquil2023-2.jpg\",\"datePublished\":\"2023-06-25T14:01:20+00:00\",\"dateModified\":\"2023-06-26T11:08:46+00:00\",\"breadcrumb\":{\"@id\":\"https:\\\/\\\/diariotextual.com\\\/inicio\\\/index.php\\\/2023\\\/06\\\/25\\\/por-las-lluvias-en-horas-el-caudal-del-rio-colorado-crecio-17-veces\\\/#breadcrumb\"},\"inLanguage\":\"es\",\"potentialAction\":[{\"@type\":\"ReadAction\",\"target\":[\"https:\\\/\\\/diariotextual.com\\\/inicio\\\/index.php\\\/2023\\\/06\\\/25\\\/por-las-lluvias-en-horas-el-caudal-del-rio-colorado-crecio-17-veces\\\/\"]}]},{\"@type\":\"ImageObject\",\"inLanguage\":\"es\",\"@id\":\"https:\\\/\\\/diariotextual.com\\\/inicio\\\/index.php\\\/2023\\\/06\\\/25\\\/por-las-lluvias-en-horas-el-caudal-del-rio-colorado-crecio-17-veces\\\/#primaryimage\",\"url\":\"https:\\\/\\\/diariotextual.com\\\/inicio\\\/wp-content\\\/uploads\\\/2023\\\/06\\\/riocoloradocrecidabutaranquil2023-2.jpg\",\"contentUrl\":\"https:\\\/\\\/diariotextual.com\\\/inicio\\\/wp-content\\\/uploads\\\/2023\\\/06\\\/riocoloradocrecidabutaranquil2023-2.jpg\",\"width\":1000,\"height\":461},{\"@type\":\"BreadcrumbList\",\"@id\":\"https:\\\/\\\/diariotextual.com\\\/inicio\\\/index.php\\\/2023\\\/06\\\/25\\\/por-las-lluvias-en-horas-el-caudal-del-rio-colorado-crecio-17-veces\\\/#breadcrumb\",\"itemListElement\":[{\"@type\":\"ListItem\",\"position\":1,\"name\":\"Portada\",\"item\":\"https:\\\/\\\/diariotextual.com\\\/inicio\\\/\"},{\"@type\":\"ListItem\",\"position\":2,\"name\":\"Por las lluvias, en horas el caudal del r\u00edo Colorado creci\u00f3 casi 20 veces\"}]},{\"@type\":\"WebSite\",\"@id\":\"https:\\\/\\\/diariotextual.com\\\/inicio\\\/#website\",\"url\":\"https:\\\/\\\/diariotextual.com\\\/inicio\\\/\",\"name\":\"Diario Textual\",\"description\":\"\",\"publisher\":{\"@id\":\"https:\\\/\\\/diariotextual.com\\\/inicio\\\/#organization\"},\"potentialAction\":[{\"@type\":\"SearchAction\",\"target\":{\"@type\":\"EntryPoint\",\"urlTemplate\":\"https:\\\/\\\/diariotextual.com\\\/inicio\\\/?s={search_term_string}\"},\"query-input\":{\"@type\":\"PropertyValueSpecification\",\"valueRequired\":true,\"valueName\":\"search_term_string\"}}],\"inLanguage\":\"es\"},{\"@type\":\"Organization\",\"@id\":\"https:\\\/\\\/diariotextual.com\\\/inicio\\\/#organization\",\"name\":\"Diario Textual\",\"url\":\"https:\\\/\\\/diariotextual.com\\\/inicio\\\/\",\"logo\":{\"@type\":\"ImageObject\",\"inLanguage\":\"es\",\"@id\":\"https:\\\/\\\/diariotextual.com\\\/inicio\\\/#\\\/schema\\\/logo\\\/image\\\/\",\"url\":\"https:\\\/\\\/diariotextual.com\\\/inicio\\\/wp-content\\\/uploads\\\/2023\\\/05\\\/logotextual1.jpg\",\"contentUrl\":\"https:\\\/\\\/diariotextual.com\\\/inicio\\\/wp-content\\\/uploads\\\/2023\\\/05\\\/logotextual1.jpg\",\"width\":516,\"height\":76,\"caption\":\"Diario Textual\"},\"image\":{\"@id\":\"https:\\\/\\\/diariotextual.com\\\/inicio\\\/#\\\/schema\\\/logo\\\/image\\\/\"},\"sameAs\":[\"https:\\\/\\\/www.facebook.com\\\/eltextual\",\"https:\\\/\\\/x.com\\\/eltextual\",\"http:\\\/\\\/www.instagram.com\\\/eltextual\"]},{\"@type\":\"Person\",\"@id\":\"https:\\\/\\\/diariotextual.com\\\/inicio\\\/#\\\/schema\\\/person\\\/418fc4093c33e86ed41562db3508f958\",\"name\":\"Diario1 Diario1\",\"image\":{\"@type\":\"ImageObject\",\"inLanguage\":\"es\",\"@id\":\"https:\\\/\\\/secure.gravatar.com\\\/avatar\\\/9167d280179c85bc18be67aa7eda765854300033af4896dd779b608640f2ef7a?s=96&d=mm&r=g\",\"url\":\"https:\\\/\\\/secure.gravatar.com\\\/avatar\\\/9167d280179c85bc18be67aa7eda765854300033af4896dd779b608640f2ef7a?s=96&d=mm&r=g\",\"contentUrl\":\"https:\\\/\\\/secure.gravatar.com\\\/avatar\\\/9167d280179c85bc18be67aa7eda765854300033af4896dd779b608640f2ef7a?s=96&d=mm&r=g\",\"caption\":\"Diario1 Diario1\"},\"url\":\"https:\\\/\\\/diariotextual.com\\\/inicio\\\/index.php\\\/author\\\/diario1\\\/\"}]}<\/script>\n<!-- \/ Yoast SEO plugin. -->","yoast_head_json":{"title":"Por las lluvias, en horas el caudal del r\u00edo Colorado creci\u00f3 casi 20 veces - Diario Textual","robots":{"index":"index","follow":"follow","max-snippet":"max-snippet:-1","max-image-preview":"max-image-preview:large","max-video-preview":"max-video-preview:-1"},"canonical":"https:\/\/diariotextual.com\/inicio\/index.php\/2023\/06\/25\/por-las-lluvias-en-horas-el-caudal-del-rio-colorado-crecio-17-veces\/","og_locale":"es_ES","og_type":"article","og_title":"Por las lluvias, en horas el caudal del r\u00edo Colorado creci\u00f3 casi 20 veces - Diario Textual","og_description":"Una impresionante crecida est\u00e1 ocurriendo este fin de semana en el r\u00edo Colorado, a ra\u00edz de intensas lluvias. En Buta Ranquil (Neuqu\u00e9n), donde se inicia el Colorado -de la uni\u00f3n&hellip;","og_url":"https:\/\/diariotextual.com\/inicio\/index.php\/2023\/06\/25\/por-las-lluvias-en-horas-el-caudal-del-rio-colorado-crecio-17-veces\/","og_site_name":"Diario Textual","article_publisher":"https:\/\/www.facebook.com\/eltextual","article_published_time":"2023-06-25T14:01:20+00:00","article_modified_time":"2023-06-26T11:08:46+00:00","og_image":[{"width":1000,"height":461,"url":"https:\/\/diariotextual.com\/inicio\/wp-content\/uploads\/2023\/06\/riocoloradocrecidabutaranquil2023-2.jpg","type":"image\/jpeg"}],"author":"Diario1 Diario1","twitter_card":"summary_large_image","twitter_creator":"@eltextual","twitter_site":"@eltextual","twitter_misc":{"Escrito por":"Diario1 Diario1","Tiempo de lectura":"2 minutos"},"schema":{"@context":"https:\/\/schema.org","@graph":[{"@type":"Article","@id":"https:\/\/diariotextual.com\/inicio\/index.php\/2023\/06\/25\/por-las-lluvias-en-horas-el-caudal-del-rio-colorado-crecio-17-veces\/#article","isPartOf":{"@id":"https:\/\/diariotextual.com\/inicio\/index.php\/2023\/06\/25\/por-las-lluvias-en-horas-el-caudal-del-rio-colorado-crecio-17-veces\/"},"author":{"name":"Diario1 Diario1","@id":"https:\/\/diariotextual.com\/inicio\/#\/schema\/person\/418fc4093c33e86ed41562db3508f958"},"headline":"Por las lluvias, en horas el caudal del r\u00edo Colorado creci\u00f3 casi 20 veces","datePublished":"2023-06-25T14:01:20+00:00","dateModified":"2023-06-26T11:08:46+00:00","mainEntityOfPage":{"@id":"https:\/\/diariotextual.com\/inicio\/index.php\/2023\/06\/25\/por-las-lluvias-en-horas-el-caudal-del-rio-colorado-crecio-17-veces\/"},"wordCount":310,"publisher":{"@id":"https:\/\/diariotextual.com\/inicio\/#organization"},"image":{"@id":"https:\/\/diariotextual.com\/inicio\/index.php\/2023\/06\/25\/por-las-lluvias-en-horas-el-caudal-del-rio-colorado-crecio-17-veces\/#primaryimage"},"thumbnailUrl":"https:\/\/diariotextual.com\/inicio\/wp-content\/uploads\/2023\/06\/riocoloradocrecidabutaranquil2023-2.jpg","articleSection":["A - ES NOTICIA (van abajo)","SOCIEDAD"],"inLanguage":"es"},{"@type":"WebPage","@id":"https:\/\/diariotextual.com\/inicio\/index.php\/2023\/06\/25\/por-las-lluvias-en-horas-el-caudal-del-rio-colorado-crecio-17-veces\/","url":"https:\/\/diariotextual.com\/inicio\/index.php\/2023\/06\/25\/por-las-lluvias-en-horas-el-caudal-del-rio-colorado-crecio-17-veces\/","name":"Por las lluvias, en horas el caudal del r\u00edo Colorado creci\u00f3 casi 20 veces - Diario Textual","isPartOf":{"@id":"https:\/\/diariotextual.com\/inicio\/#website"},"primaryImageOfPage":{"@id":"https:\/\/diariotextual.com\/inicio\/index.php\/2023\/06\/25\/por-las-lluvias-en-horas-el-caudal-del-rio-colorado-crecio-17-veces\/#primaryimage"},"image":{"@id":"https:\/\/diariotextual.com\/inicio\/index.php\/2023\/06\/25\/por-las-lluvias-en-horas-el-caudal-del-rio-colorado-crecio-17-veces\/#primaryimage"},"thumbnailUrl":"https:\/\/diariotextual.com\/inicio\/wp-content\/uploads\/2023\/06\/riocoloradocrecidabutaranquil2023-2.jpg","datePublished":"2023-06-25T14:01:20+00:00","dateModified":"2023-06-26T11:08:46+00:00","breadcrumb":{"@id":"https:\/\/diariotextual.com\/inicio\/index.php\/2023\/06\/25\/por-las-lluvias-en-horas-el-caudal-del-rio-colorado-crecio-17-veces\/#breadcrumb"},"inLanguage":"es","potentialAction":[{"@type":"ReadAction","target":["https:\/\/diariotextual.com\/inicio\/index.php\/2023\/06\/25\/por-las-lluvias-en-horas-el-caudal-del-rio-colorado-crecio-17-veces\/"]}]},{"@type":"ImageObject","inLanguage":"es","@id":"https:\/\/diariotextual.com\/inicio\/index.php\/2023\/06\/25\/por-las-lluvias-en-horas-el-caudal-del-rio-colorado-crecio-17-veces\/#primaryimage","url":"https:\/\/diariotextual.com\/inicio\/wp-content\/uploads\/2023\/06\/riocoloradocrecidabutaranquil2023-2.jpg","contentUrl":"https:\/\/diariotextual.com\/inicio\/wp-content\/uploads\/2023\/06\/riocoloradocrecidabutaranquil2023-2.jpg","width":1000,"height":461},{"@type":"BreadcrumbList","@id":"https:\/\/diariotextual.com\/inicio\/index.php\/2023\/06\/25\/por-las-lluvias-en-horas-el-caudal-del-rio-colorado-crecio-17-veces\/#breadcrumb","itemListElement":[{"@type":"ListItem","position":1,"name":"Portada","item":"https:\/\/diariotextual.com\/inicio\/"},{"@type":"ListItem","position":2,"name":"Por las lluvias, en horas el caudal del r\u00edo Colorado creci\u00f3 casi 20 veces"}]},{"@type":"WebSite","@id":"https:\/\/diariotextual.com\/inicio\/#website","url":"https:\/\/diariotextual.com\/inicio\/","name":"Diario Textual","description":"","publisher":{"@id":"https:\/\/diariotextual.com\/inicio\/#organization"},"potentialAction":[{"@type":"SearchAction","target":{"@type":"EntryPoint","urlTemplate":"https:\/\/diariotextual.com\/inicio\/?s={search_term_string}"},"query-input":{"@type":"PropertyValueSpecification","valueRequired":true,"valueName":"search_term_string"}}],"inLanguage":"es"},{"@type":"Organization","@id":"https:\/\/diariotextual.com\/inicio\/#organization","name":"Diario Textual","url":"https:\/\/diariotextual.com\/inicio\/","logo":{"@type":"ImageObject","inLanguage":"es","@id":"https:\/\/diariotextual.com\/inicio\/#\/schema\/logo\/image\/","url":"https:\/\/diariotextual.com\/inicio\/wp-content\/uploads\/2023\/05\/logotextual1.jpg","contentUrl":"https:\/\/diariotextual.com\/inicio\/wp-content\/uploads\/2023\/05\/logotextual1.jpg","width":516,"height":76,"caption":"Diario Textual"},"image":{"@id":"https:\/\/diariotextual.com\/inicio\/#\/schema\/logo\/image\/"},"sameAs":["https:\/\/www.facebook.com\/eltextual","https:\/\/x.com\/eltextual","http:\/\/www.instagram.com\/eltextual"]},{"@type":"Person","@id":"https:\/\/diariotextual.com\/inicio\/#\/schema\/person\/418fc4093c33e86ed41562db3508f958","name":"Diario1 Diario1","image":{"@type":"ImageObject","inLanguage":"es","@id":"https:\/\/secure.gravatar.com\/avatar\/9167d280179c85bc18be67aa7eda765854300033af4896dd779b608640f2ef7a?s=96&d=mm&r=g","url":"https:\/\/secure.gravatar.com\/avatar\/9167d280179c85bc18be67aa7eda765854300033af4896dd779b608640f2ef7a?s=96&d=mm&r=g","contentUrl":"https:\/\/secure.gravatar.com\/avatar\/9167d280179c85bc18be67aa7eda765854300033af4896dd779b608640f2ef7a?s=96&d=mm&r=g","caption":"Diario1 Diario1"},"url":"https:\/\/diariotextual.com\/inicio\/index.php\/author\/diario1\/"}]}},"_links":{"self":[{"href":"https:\/\/diariotextual.com\/inicio\/index.php\/wp-json\/wp\/v2\/posts\/229368","targetHints":{"allow":["GET"]}}],"collection":[{"href":"https:\/\/diariotextual.com\/inicio\/index.php\/wp-json\/wp\/v2\/posts"}],"about":[{"href":"https:\/\/diariotextual.com\/inicio\/index.php\/wp-json\/wp\/v2\/types\/post"}],"author":[{"embeddable":true,"href":"https:\/\/diariotextual.com\/inicio\/index.php\/wp-json\/wp\/v2\/users\/3"}],"replies":[{"embeddable":true,"href":"https:\/\/diariotextual.com\/inicio\/index.php\/wp-json\/wp\/v2\/comments?post=229368"}],"version-history":[{"count":5,"href":"https:\/\/diariotextual.com\/inicio\/index.php\/wp-json\/wp\/v2\/posts\/229368\/revisions"}],"predecessor-version":[{"id":229414,"href":"https:\/\/diariotextual.com\/inicio\/index.php\/wp-json\/wp\/v2\/posts\/229368\/revisions\/229414"}],"wp:featuredmedia":[{"embeddable":true,"href":"https:\/\/diariotextual.com\/inicio\/index.php\/wp-json\/wp\/v2\/media\/229376"}],"wp:attachment":[{"href":"https:\/\/diariotextual.com\/inicio\/index.php\/wp-json\/wp\/v2\/media?parent=229368"}],"wp:term":[{"taxonomy":"category","embeddable":true,"href":"https:\/\/diariotextual.com\/inicio\/index.php\/wp-json\/wp\/v2\/categories?post=229368"},{"taxonomy":"post_tag","embeddable":true,"href":"https:\/\/diariotextual.com\/inicio\/index.php\/wp-json\/wp\/v2\/tags?post=229368"}],"curies":[{"name":"wp","href":"https:\/\/api.w.org\/{rel}","templated":true}]}}