{"id":229403,"date":"2023-06-25T21:54:36","date_gmt":"2023-06-26T00:54:36","guid":{"rendered":"https:\/\/diariotextual.com\/inicio\/?p=229403"},"modified":"2023-06-26T18:15:54","modified_gmt":"2023-06-26T21:15:54","slug":"un-productor-audiovisual-de-la-pampa-sufrio-un-choque-en-villa-la-angostura","status":"publish","type":"post","link":"https:\/\/diariotextual.com\/inicio\/index.php\/2023\/06\/25\/un-productor-audiovisual-de-la-pampa-sufrio-un-choque-en-villa-la-angostura\/","title":{"rendered":"Un productor audiovisual de La Pampa sufri\u00f3 un choque en Villa La Angostura"},"content":{"rendered":"\n<p>Gerardo Alainez, un productor audiovisual que en los \u00faltimos a\u00f1os recorre La Pampa con sus drones, sufri\u00f3 este domingo un choque en Villa La Angostura (Neuqu\u00e9n), donde se encontraba de vacaciones. Tiene algunos golpes, pero est\u00e1 bien.<\/p>\n\n\n\n<p>Se encuentra sin veh\u00edculo, varado, junto a un amigo y un perro. No puede trasladarse con el perro en colectivo para regresar a La Pampa, por eso solicit\u00f3 si alguien podr\u00eda trasladarlo. Posteriormente dijo que hab\u00edan sido innumerables las muestras de solidaridad y que esperaba poder emprender el regreso en la tarde de este lunes.<\/p>\n\n\n\n<p>El choque se produjo, de manera frontal, en el kil\u00f3metro 2093 de la ruta nacional 40. Alainez -oriundo de General Pico- se trasladaba desde Bariloche a La Angostura.<\/p>\n\n\n\n<p>El incidente ocurri\u00f3 en horas del mediod\u00eda de hoy, en circunstancias de mal tiempo con lluvia y temperaturas bajas, lo que contribuy\u00f3 a que la calzada estuviera parcialmente congelada.<\/p>\n\n\n\n<p>Bomberos Voluntarios de Villa La Angostura fueron los primeros en responder al accidente, proporcionando asistencia en el lugar. Los heridos fueron trasladados al Hospital Dr. Oscar Arraiz de la ciudad para recibir atenci\u00f3n m\u00e9dica.<\/p>\n\n\n\n<p>En la escena tambi\u00e9n trabaj\u00f3 personal del Hospital, la Agencia Nacional de Seguridad Vial y la Polic\u00eda, en un esfuerzo conjunto para atender a los heridos y esclarecer las circunstancias del choque.<\/p>\n\n\n\n<p><\/p>\n\n\n\n<figure class=\"wp-block-image size-large\"><img fetchpriority=\"high\" decoding=\"async\" width=\"1024\" height=\"461\" src=\"https:\/\/diariotextual.com\/inicio\/wp-content\/uploads\/2023\/06\/choquealainez2023-2-1024x461.jpg\" alt=\"\" class=\"wp-image-229405\" srcset=\"https:\/\/diariotextual.com\/inicio\/wp-content\/uploads\/2023\/06\/choquealainez2023-2-1024x461.jpg 1024w, https:\/\/diariotextual.com\/inicio\/wp-content\/uploads\/2023\/06\/choquealainez2023-2-300x135.jpg 300w, https:\/\/diariotextual.com\/inicio\/wp-content\/uploads\/2023\/06\/choquealainez2023-2-768x346.jpg 768w, https:\/\/diariotextual.com\/inicio\/wp-content\/uploads\/2023\/06\/choquealainez2023-2-1170x527.jpg 1170w, https:\/\/diariotextual.com\/inicio\/wp-content\/uploads\/2023\/06\/choquealainez2023-2-585x263.jpg 585w, https:\/\/diariotextual.com\/inicio\/wp-content\/uploads\/2023\/06\/choquealainez2023-2.jpg 1280w\" sizes=\"(max-width: 1024px) 100vw, 1024px\" \/><\/figure>\n\n\n\n<p><\/p>\n\n\n\n<p><\/p>\n","protected":false},"excerpt":{"rendered":"<p>Gerardo Alainez, un productor audiovisual que en los \u00faltimos a\u00f1os recorre La Pampa con sus drones, sufri\u00f3 este domingo un choque en Villa La Angostura (Neuqu\u00e9n), donde se encontraba de&hellip;<\/p>\n","protected":false},"author":3,"featured_media":229406,"comment_status":"closed","ping_status":"open","sticky":false,"template":"","format":"standard","meta":{"_acf_changed":false,"footnotes":""},"categories":[11,12],"tags":[],"class_list":["post-229403","post","type-post","status-publish","format-standard","has-post-thumbnail","hentry","category-que-pasa","category-sociedad"],"acf":[],"yoast_head":"<!-- This site is optimized with the Yoast SEO plugin v27.5 - https:\/\/yoast.com\/product\/yoast-seo-wordpress\/ -->\n<title>Un productor audiovisual de La Pampa sufri\u00f3 un choque en Villa La Angostura - Diario Textual<\/title>\n<meta name=\"robots\" content=\"index, follow, max-snippet:-1, max-image-preview:large, max-video-preview:-1\" \/>\n<link rel=\"canonical\" href=\"https:\/\/diariotextual.com\/inicio\/index.php\/2023\/06\/25\/un-productor-audiovisual-de-la-pampa-sufrio-un-choque-en-villa-la-angostura\/\" \/>\n<meta property=\"og:locale\" content=\"es_ES\" \/>\n<meta property=\"og:type\" content=\"article\" \/>\n<meta property=\"og:title\" content=\"Un productor audiovisual de La Pampa sufri\u00f3 un choque en Villa La Angostura - Diario Textual\" \/>\n<meta property=\"og:description\" content=\"Gerardo Alainez, un productor audiovisual que en los \u00faltimos a\u00f1os recorre La Pampa con sus drones, sufri\u00f3 este domingo un choque en Villa La Angostura (Neuqu\u00e9n), donde se encontraba de&hellip;\" \/>\n<meta property=\"og:url\" content=\"https:\/\/diariotextual.com\/inicio\/index.php\/2023\/06\/25\/un-productor-audiovisual-de-la-pampa-sufrio-un-choque-en-villa-la-angostura\/\" \/>\n<meta property=\"og:site_name\" content=\"Diario Textual\" \/>\n<meta property=\"article:publisher\" content=\"https:\/\/www.facebook.com\/eltextual\" \/>\n<meta property=\"article:published_time\" content=\"2023-06-26T00:54:36+00:00\" \/>\n<meta property=\"article:modified_time\" content=\"2023-06-26T21:15:54+00:00\" \/>\n<meta property=\"og:image\" content=\"https:\/\/diariotextual.com\/inicio\/wp-content\/uploads\/2023\/06\/choquealainez2023-1.jpg\" \/>\n\t<meta property=\"og:image:width\" content=\"1280\" \/>\n\t<meta property=\"og:image:height\" content=\"576\" \/>\n\t<meta property=\"og:image:type\" content=\"image\/jpeg\" \/>\n<meta name=\"author\" content=\"Diario1 Diario1\" \/>\n<meta name=\"twitter:card\" content=\"summary_large_image\" \/>\n<meta name=\"twitter:creator\" content=\"@eltextual\" \/>\n<meta name=\"twitter:site\" content=\"@eltextual\" \/>\n<meta name=\"twitter:label1\" content=\"Escrito por\" \/>\n\t<meta name=\"twitter:data1\" content=\"Diario1 Diario1\" \/>\n\t<meta name=\"twitter:label2\" content=\"Tiempo de lectura\" \/>\n\t<meta name=\"twitter:data2\" content=\"2 minutos\" \/>\n<script type=\"application\/ld+json\" class=\"yoast-schema-graph\">{\"@context\":\"https:\\\/\\\/schema.org\",\"@graph\":[{\"@type\":\"Article\",\"@id\":\"https:\\\/\\\/diariotextual.com\\\/inicio\\\/index.php\\\/2023\\\/06\\\/25\\\/un-productor-audiovisual-de-la-pampa-sufrio-un-choque-en-villa-la-angostura\\\/#article\",\"isPartOf\":{\"@id\":\"https:\\\/\\\/diariotextual.com\\\/inicio\\\/index.php\\\/2023\\\/06\\\/25\\\/un-productor-audiovisual-de-la-pampa-sufrio-un-choque-en-villa-la-angostura\\\/\"},\"author\":{\"name\":\"Diario1 Diario1\",\"@id\":\"https:\\\/\\\/diariotextual.com\\\/inicio\\\/#\\\/schema\\\/person\\\/418fc4093c33e86ed41562db3508f958\"},\"headline\":\"Un productor audiovisual de La Pampa sufri\u00f3 un choque en Villa La Angostura\",\"datePublished\":\"2023-06-26T00:54:36+00:00\",\"dateModified\":\"2023-06-26T21:15:54+00:00\",\"mainEntityOfPage\":{\"@id\":\"https:\\\/\\\/diariotextual.com\\\/inicio\\\/index.php\\\/2023\\\/06\\\/25\\\/un-productor-audiovisual-de-la-pampa-sufrio-un-choque-en-villa-la-angostura\\\/\"},\"wordCount\":237,\"publisher\":{\"@id\":\"https:\\\/\\\/diariotextual.com\\\/inicio\\\/#organization\"},\"image\":{\"@id\":\"https:\\\/\\\/diariotextual.com\\\/inicio\\\/index.php\\\/2023\\\/06\\\/25\\\/un-productor-audiovisual-de-la-pampa-sufrio-un-choque-en-villa-la-angostura\\\/#primaryimage\"},\"thumbnailUrl\":\"https:\\\/\\\/diariotextual.com\\\/inicio\\\/wp-content\\\/uploads\\\/2023\\\/06\\\/choquealainez2023-1.jpg\",\"articleSection\":[\"A - QUE PASA (al costado)\",\"SOCIEDAD\"],\"inLanguage\":\"es\"},{\"@type\":\"WebPage\",\"@id\":\"https:\\\/\\\/diariotextual.com\\\/inicio\\\/index.php\\\/2023\\\/06\\\/25\\\/un-productor-audiovisual-de-la-pampa-sufrio-un-choque-en-villa-la-angostura\\\/\",\"url\":\"https:\\\/\\\/diariotextual.com\\\/inicio\\\/index.php\\\/2023\\\/06\\\/25\\\/un-productor-audiovisual-de-la-pampa-sufrio-un-choque-en-villa-la-angostura\\\/\",\"name\":\"Un productor audiovisual de La Pampa sufri\u00f3 un choque en Villa La Angostura - Diario Textual\",\"isPartOf\":{\"@id\":\"https:\\\/\\\/diariotextual.com\\\/inicio\\\/#website\"},\"primaryImageOfPage\":{\"@id\":\"https:\\\/\\\/diariotextual.com\\\/inicio\\\/index.php\\\/2023\\\/06\\\/25\\\/un-productor-audiovisual-de-la-pampa-sufrio-un-choque-en-villa-la-angostura\\\/#primaryimage\"},\"image\":{\"@id\":\"https:\\\/\\\/diariotextual.com\\\/inicio\\\/index.php\\\/2023\\\/06\\\/25\\\/un-productor-audiovisual-de-la-pampa-sufrio-un-choque-en-villa-la-angostura\\\/#primaryimage\"},\"thumbnailUrl\":\"https:\\\/\\\/diariotextual.com\\\/inicio\\\/wp-content\\\/uploads\\\/2023\\\/06\\\/choquealainez2023-1.jpg\",\"datePublished\":\"2023-06-26T00:54:36+00:00\",\"dateModified\":\"2023-06-26T21:15:54+00:00\",\"breadcrumb\":{\"@id\":\"https:\\\/\\\/diariotextual.com\\\/inicio\\\/index.php\\\/2023\\\/06\\\/25\\\/un-productor-audiovisual-de-la-pampa-sufrio-un-choque-en-villa-la-angostura\\\/#breadcrumb\"},\"inLanguage\":\"es\",\"potentialAction\":[{\"@type\":\"ReadAction\",\"target\":[\"https:\\\/\\\/diariotextual.com\\\/inicio\\\/index.php\\\/2023\\\/06\\\/25\\\/un-productor-audiovisual-de-la-pampa-sufrio-un-choque-en-villa-la-angostura\\\/\"]}]},{\"@type\":\"ImageObject\",\"inLanguage\":\"es\",\"@id\":\"https:\\\/\\\/diariotextual.com\\\/inicio\\\/index.php\\\/2023\\\/06\\\/25\\\/un-productor-audiovisual-de-la-pampa-sufrio-un-choque-en-villa-la-angostura\\\/#primaryimage\",\"url\":\"https:\\\/\\\/diariotextual.com\\\/inicio\\\/wp-content\\\/uploads\\\/2023\\\/06\\\/choquealainez2023-1.jpg\",\"contentUrl\":\"https:\\\/\\\/diariotextual.com\\\/inicio\\\/wp-content\\\/uploads\\\/2023\\\/06\\\/choquealainez2023-1.jpg\",\"width\":1280,\"height\":576},{\"@type\":\"BreadcrumbList\",\"@id\":\"https:\\\/\\\/diariotextual.com\\\/inicio\\\/index.php\\\/2023\\\/06\\\/25\\\/un-productor-audiovisual-de-la-pampa-sufrio-un-choque-en-villa-la-angostura\\\/#breadcrumb\",\"itemListElement\":[{\"@type\":\"ListItem\",\"position\":1,\"name\":\"Portada\",\"item\":\"https:\\\/\\\/diariotextual.com\\\/inicio\\\/\"},{\"@type\":\"ListItem\",\"position\":2,\"name\":\"Un productor audiovisual de La Pampa sufri\u00f3 un choque en Villa La Angostura\"}]},{\"@type\":\"WebSite\",\"@id\":\"https:\\\/\\\/diariotextual.com\\\/inicio\\\/#website\",\"url\":\"https:\\\/\\\/diariotextual.com\\\/inicio\\\/\",\"name\":\"Diario Textual\",\"description\":\"\",\"publisher\":{\"@id\":\"https:\\\/\\\/diariotextual.com\\\/inicio\\\/#organization\"},\"potentialAction\":[{\"@type\":\"SearchAction\",\"target\":{\"@type\":\"EntryPoint\",\"urlTemplate\":\"https:\\\/\\\/diariotextual.com\\\/inicio\\\/?s={search_term_string}\"},\"query-input\":{\"@type\":\"PropertyValueSpecification\",\"valueRequired\":true,\"valueName\":\"search_term_string\"}}],\"inLanguage\":\"es\"},{\"@type\":\"Organization\",\"@id\":\"https:\\\/\\\/diariotextual.com\\\/inicio\\\/#organization\",\"name\":\"Diario Textual\",\"url\":\"https:\\\/\\\/diariotextual.com\\\/inicio\\\/\",\"logo\":{\"@type\":\"ImageObject\",\"inLanguage\":\"es\",\"@id\":\"https:\\\/\\\/diariotextual.com\\\/inicio\\\/#\\\/schema\\\/logo\\\/image\\\/\",\"url\":\"https:\\\/\\\/diariotextual.com\\\/inicio\\\/wp-content\\\/uploads\\\/2023\\\/05\\\/logotextual1.jpg\",\"contentUrl\":\"https:\\\/\\\/diariotextual.com\\\/inicio\\\/wp-content\\\/uploads\\\/2023\\\/05\\\/logotextual1.jpg\",\"width\":516,\"height\":76,\"caption\":\"Diario Textual\"},\"image\":{\"@id\":\"https:\\\/\\\/diariotextual.com\\\/inicio\\\/#\\\/schema\\\/logo\\\/image\\\/\"},\"sameAs\":[\"https:\\\/\\\/www.facebook.com\\\/eltextual\",\"https:\\\/\\\/x.com\\\/eltextual\",\"http:\\\/\\\/www.instagram.com\\\/eltextual\"]},{\"@type\":\"Person\",\"@id\":\"https:\\\/\\\/diariotextual.com\\\/inicio\\\/#\\\/schema\\\/person\\\/418fc4093c33e86ed41562db3508f958\",\"name\":\"Diario1 Diario1\",\"image\":{\"@type\":\"ImageObject\",\"inLanguage\":\"es\",\"@id\":\"https:\\\/\\\/secure.gravatar.com\\\/avatar\\\/9167d280179c85bc18be67aa7eda765854300033af4896dd779b608640f2ef7a?s=96&d=mm&r=g\",\"url\":\"https:\\\/\\\/secure.gravatar.com\\\/avatar\\\/9167d280179c85bc18be67aa7eda765854300033af4896dd779b608640f2ef7a?s=96&d=mm&r=g\",\"contentUrl\":\"https:\\\/\\\/secure.gravatar.com\\\/avatar\\\/9167d280179c85bc18be67aa7eda765854300033af4896dd779b608640f2ef7a?s=96&d=mm&r=g\",\"caption\":\"Diario1 Diario1\"},\"url\":\"https:\\\/\\\/diariotextual.com\\\/inicio\\\/index.php\\\/author\\\/diario1\\\/\"}]}<\/script>\n<!-- \/ Yoast SEO plugin. -->","yoast_head_json":{"title":"Un productor audiovisual de La Pampa sufri\u00f3 un choque en Villa La Angostura - Diario Textual","robots":{"index":"index","follow":"follow","max-snippet":"max-snippet:-1","max-image-preview":"max-image-preview:large","max-video-preview":"max-video-preview:-1"},"canonical":"https:\/\/diariotextual.com\/inicio\/index.php\/2023\/06\/25\/un-productor-audiovisual-de-la-pampa-sufrio-un-choque-en-villa-la-angostura\/","og_locale":"es_ES","og_type":"article","og_title":"Un productor audiovisual de La Pampa sufri\u00f3 un choque en Villa La Angostura - Diario Textual","og_description":"Gerardo Alainez, un productor audiovisual que en los \u00faltimos a\u00f1os recorre La Pampa con sus drones, sufri\u00f3 este domingo un choque en Villa La Angostura (Neuqu\u00e9n), donde se encontraba de&hellip;","og_url":"https:\/\/diariotextual.com\/inicio\/index.php\/2023\/06\/25\/un-productor-audiovisual-de-la-pampa-sufrio-un-choque-en-villa-la-angostura\/","og_site_name":"Diario Textual","article_publisher":"https:\/\/www.facebook.com\/eltextual","article_published_time":"2023-06-26T00:54:36+00:00","article_modified_time":"2023-06-26T21:15:54+00:00","og_image":[{"width":1280,"height":576,"url":"https:\/\/diariotextual.com\/inicio\/wp-content\/uploads\/2023\/06\/choquealainez2023-1.jpg","type":"image\/jpeg"}],"author":"Diario1 Diario1","twitter_card":"summary_large_image","twitter_creator":"@eltextual","twitter_site":"@eltextual","twitter_misc":{"Escrito por":"Diario1 Diario1","Tiempo de lectura":"2 minutos"},"schema":{"@context":"https:\/\/schema.org","@graph":[{"@type":"Article","@id":"https:\/\/diariotextual.com\/inicio\/index.php\/2023\/06\/25\/un-productor-audiovisual-de-la-pampa-sufrio-un-choque-en-villa-la-angostura\/#article","isPartOf":{"@id":"https:\/\/diariotextual.com\/inicio\/index.php\/2023\/06\/25\/un-productor-audiovisual-de-la-pampa-sufrio-un-choque-en-villa-la-angostura\/"},"author":{"name":"Diario1 Diario1","@id":"https:\/\/diariotextual.com\/inicio\/#\/schema\/person\/418fc4093c33e86ed41562db3508f958"},"headline":"Un productor audiovisual de La Pampa sufri\u00f3 un choque en Villa La Angostura","datePublished":"2023-06-26T00:54:36+00:00","dateModified":"2023-06-26T21:15:54+00:00","mainEntityOfPage":{"@id":"https:\/\/diariotextual.com\/inicio\/index.php\/2023\/06\/25\/un-productor-audiovisual-de-la-pampa-sufrio-un-choque-en-villa-la-angostura\/"},"wordCount":237,"publisher":{"@id":"https:\/\/diariotextual.com\/inicio\/#organization"},"image":{"@id":"https:\/\/diariotextual.com\/inicio\/index.php\/2023\/06\/25\/un-productor-audiovisual-de-la-pampa-sufrio-un-choque-en-villa-la-angostura\/#primaryimage"},"thumbnailUrl":"https:\/\/diariotextual.com\/inicio\/wp-content\/uploads\/2023\/06\/choquealainez2023-1.jpg","articleSection":["A - QUE PASA (al costado)","SOCIEDAD"],"inLanguage":"es"},{"@type":"WebPage","@id":"https:\/\/diariotextual.com\/inicio\/index.php\/2023\/06\/25\/un-productor-audiovisual-de-la-pampa-sufrio-un-choque-en-villa-la-angostura\/","url":"https:\/\/diariotextual.com\/inicio\/index.php\/2023\/06\/25\/un-productor-audiovisual-de-la-pampa-sufrio-un-choque-en-villa-la-angostura\/","name":"Un productor audiovisual de La Pampa sufri\u00f3 un choque en Villa La Angostura - Diario Textual","isPartOf":{"@id":"https:\/\/diariotextual.com\/inicio\/#website"},"primaryImageOfPage":{"@id":"https:\/\/diariotextual.com\/inicio\/index.php\/2023\/06\/25\/un-productor-audiovisual-de-la-pampa-sufrio-un-choque-en-villa-la-angostura\/#primaryimage"},"image":{"@id":"https:\/\/diariotextual.com\/inicio\/index.php\/2023\/06\/25\/un-productor-audiovisual-de-la-pampa-sufrio-un-choque-en-villa-la-angostura\/#primaryimage"},"thumbnailUrl":"https:\/\/diariotextual.com\/inicio\/wp-content\/uploads\/2023\/06\/choquealainez2023-1.jpg","datePublished":"2023-06-26T00:54:36+00:00","dateModified":"2023-06-26T21:15:54+00:00","breadcrumb":{"@id":"https:\/\/diariotextual.com\/inicio\/index.php\/2023\/06\/25\/un-productor-audiovisual-de-la-pampa-sufrio-un-choque-en-villa-la-angostura\/#breadcrumb"},"inLanguage":"es","potentialAction":[{"@type":"ReadAction","target":["https:\/\/diariotextual.com\/inicio\/index.php\/2023\/06\/25\/un-productor-audiovisual-de-la-pampa-sufrio-un-choque-en-villa-la-angostura\/"]}]},{"@type":"ImageObject","inLanguage":"es","@id":"https:\/\/diariotextual.com\/inicio\/index.php\/2023\/06\/25\/un-productor-audiovisual-de-la-pampa-sufrio-un-choque-en-villa-la-angostura\/#primaryimage","url":"https:\/\/diariotextual.com\/inicio\/wp-content\/uploads\/2023\/06\/choquealainez2023-1.jpg","contentUrl":"https:\/\/diariotextual.com\/inicio\/wp-content\/uploads\/2023\/06\/choquealainez2023-1.jpg","width":1280,"height":576},{"@type":"BreadcrumbList","@id":"https:\/\/diariotextual.com\/inicio\/index.php\/2023\/06\/25\/un-productor-audiovisual-de-la-pampa-sufrio-un-choque-en-villa-la-angostura\/#breadcrumb","itemListElement":[{"@type":"ListItem","position":1,"name":"Portada","item":"https:\/\/diariotextual.com\/inicio\/"},{"@type":"ListItem","position":2,"name":"Un productor audiovisual de La Pampa sufri\u00f3 un choque en Villa La Angostura"}]},{"@type":"WebSite","@id":"https:\/\/diariotextual.com\/inicio\/#website","url":"https:\/\/diariotextual.com\/inicio\/","name":"Diario Textual","description":"","publisher":{"@id":"https:\/\/diariotextual.com\/inicio\/#organization"},"potentialAction":[{"@type":"SearchAction","target":{"@type":"EntryPoint","urlTemplate":"https:\/\/diariotextual.com\/inicio\/?s={search_term_string}"},"query-input":{"@type":"PropertyValueSpecification","valueRequired":true,"valueName":"search_term_string"}}],"inLanguage":"es"},{"@type":"Organization","@id":"https:\/\/diariotextual.com\/inicio\/#organization","name":"Diario Textual","url":"https:\/\/diariotextual.com\/inicio\/","logo":{"@type":"ImageObject","inLanguage":"es","@id":"https:\/\/diariotextual.com\/inicio\/#\/schema\/logo\/image\/","url":"https:\/\/diariotextual.com\/inicio\/wp-content\/uploads\/2023\/05\/logotextual1.jpg","contentUrl":"https:\/\/diariotextual.com\/inicio\/wp-content\/uploads\/2023\/05\/logotextual1.jpg","width":516,"height":76,"caption":"Diario Textual"},"image":{"@id":"https:\/\/diariotextual.com\/inicio\/#\/schema\/logo\/image\/"},"sameAs":["https:\/\/www.facebook.com\/eltextual","https:\/\/x.com\/eltextual","http:\/\/www.instagram.com\/eltextual"]},{"@type":"Person","@id":"https:\/\/diariotextual.com\/inicio\/#\/schema\/person\/418fc4093c33e86ed41562db3508f958","name":"Diario1 Diario1","image":{"@type":"ImageObject","inLanguage":"es","@id":"https:\/\/secure.gravatar.com\/avatar\/9167d280179c85bc18be67aa7eda765854300033af4896dd779b608640f2ef7a?s=96&d=mm&r=g","url":"https:\/\/secure.gravatar.com\/avatar\/9167d280179c85bc18be67aa7eda765854300033af4896dd779b608640f2ef7a?s=96&d=mm&r=g","contentUrl":"https:\/\/secure.gravatar.com\/avatar\/9167d280179c85bc18be67aa7eda765854300033af4896dd779b608640f2ef7a?s=96&d=mm&r=g","caption":"Diario1 Diario1"},"url":"https:\/\/diariotextual.com\/inicio\/index.php\/author\/diario1\/"}]}},"_links":{"self":[{"href":"https:\/\/diariotextual.com\/inicio\/index.php\/wp-json\/wp\/v2\/posts\/229403","targetHints":{"allow":["GET"]}}],"collection":[{"href":"https:\/\/diariotextual.com\/inicio\/index.php\/wp-json\/wp\/v2\/posts"}],"about":[{"href":"https:\/\/diariotextual.com\/inicio\/index.php\/wp-json\/wp\/v2\/types\/post"}],"author":[{"embeddable":true,"href":"https:\/\/diariotextual.com\/inicio\/index.php\/wp-json\/wp\/v2\/users\/3"}],"replies":[{"embeddable":true,"href":"https:\/\/diariotextual.com\/inicio\/index.php\/wp-json\/wp\/v2\/comments?post=229403"}],"version-history":[{"count":4,"href":"https:\/\/diariotextual.com\/inicio\/index.php\/wp-json\/wp\/v2\/posts\/229403\/revisions"}],"predecessor-version":[{"id":229427,"href":"https:\/\/diariotextual.com\/inicio\/index.php\/wp-json\/wp\/v2\/posts\/229403\/revisions\/229427"}],"wp:featuredmedia":[{"embeddable":true,"href":"https:\/\/diariotextual.com\/inicio\/index.php\/wp-json\/wp\/v2\/media\/229406"}],"wp:attachment":[{"href":"https:\/\/diariotextual.com\/inicio\/index.php\/wp-json\/wp\/v2\/media?parent=229403"}],"wp:term":[{"taxonomy":"category","embeddable":true,"href":"https:\/\/diariotextual.com\/inicio\/index.php\/wp-json\/wp\/v2\/categories?post=229403"},{"taxonomy":"post_tag","embeddable":true,"href":"https:\/\/diariotextual.com\/inicio\/index.php\/wp-json\/wp\/v2\/tags?post=229403"}],"curies":[{"name":"wp","href":"https:\/\/api.w.org\/{rel}","templated":true}]}}