{"id":229445,"date":"2023-06-26T08:43:34","date_gmt":"2023-06-26T11:43:34","guid":{"rendered":"https:\/\/diariotextual.com\/inicio\/?p=229445"},"modified":"2023-06-26T18:15:35","modified_gmt":"2023-06-26T21:15:35","slug":"alpa-anuncio-una-inversion-de-8-000-millones-para-programas-en-las-universidades-publicas","status":"publish","type":"post","link":"https:\/\/diariotextual.com\/inicio\/index.php\/2023\/06\/26\/alpa-anuncio-una-inversion-de-8-000-millones-para-programas-en-las-universidades-publicas\/","title":{"rendered":"Alpa anunci\u00f3 una inversi\u00f3n de $8.000 millones para programas en las universidades p\u00fablicas"},"content":{"rendered":"\n<p>El secretario de Pol\u00edticas Universitarias, Oscar Alpa, anunci\u00f3 el lanzamiento de tres programas para universidades p\u00fablicas que implican una inversi\u00f3n educativa de 8.000 millones de pesos. Fue durante el Plenario extraordinario de rectoras y rectores del Consejo Interuniversitario Nacional (CIN) que se realiz\u00f3 en Rosario. La UNLPam, se indic\u00f3, recibir\u00e1 fondos de los tres programas que se pondr\u00e1n en marcha.<br><\/p>\n\n\n\n<p>El encuentro cont\u00f3 con la presencia del ministro de Educaci\u00f3n de la Naci\u00f3n, Jaime Perczyk, que realiz\u00f3 la apertura y luego el secretario Alpa, rector de la UNLPam en uso de licencia, inform\u00f3 sobre las tres resoluciones que se pondr\u00e1n en marcha en los pr\u00f3ximos d\u00edas y que implican una distribuci\u00f3n de unos 8.000 millones de pesos para el sistema universitario nacional. <\/p>\n\n\n\n<p>Uno de los programas tiene como objetivo acompa\u00f1ar a los doctorados e impulsar becas para acompa\u00f1ar la investigaci\u00f3n de docentes universitarios.<br><\/p>\n\n\n\n<p>El segundo est\u00e1 destinado a Ciencia y T\u00e9cnica y son para promover la investigaci\u00f3n a trav\u00e9s de fondos para gastos y necesidades que se tengan. Mientras que el tercero implica una fuerte inversi\u00f3n en el plan de virtualizaci\u00f3n de la educaci\u00f3n superior y est\u00e1 destinado en un 30% para capacitaci\u00f3n docente en virtualizaci\u00f3n y clases en formato h\u00edbrido y el 70% para comprar de equipamiento para universidades p\u00fablicas.<\/p>\n","protected":false},"excerpt":{"rendered":"<p>El secretario de Pol\u00edticas Universitarias, Oscar Alpa, anunci\u00f3 el lanzamiento de tres programas para universidades p\u00fablicas que implican una inversi\u00f3n educativa de 8.000 millones de pesos. Fue durante el Plenario&hellip;<\/p>\n","protected":false},"author":3,"featured_media":185657,"comment_status":"closed","ping_status":"open","sticky":false,"template":"","format":"standard","meta":{"_acf_changed":false,"footnotes":""},"categories":[1,11,12],"tags":[],"class_list":["post-229445","post","type-post","status-publish","format-standard","has-post-thumbnail","hentry","category-es-noticia","category-que-pasa","category-sociedad"],"acf":[],"yoast_head":"<!-- This site is optimized with the Yoast SEO plugin v27.5 - https:\/\/yoast.com\/product\/yoast-seo-wordpress\/ -->\n<title>Alpa anunci\u00f3 una inversi\u00f3n de $8.000 millones para programas en las universidades p\u00fablicas - Diario Textual<\/title>\n<meta name=\"robots\" content=\"index, follow, max-snippet:-1, max-image-preview:large, max-video-preview:-1\" \/>\n<link rel=\"canonical\" href=\"https:\/\/diariotextual.com\/inicio\/index.php\/2023\/06\/26\/alpa-anuncio-una-inversion-de-8-000-millones-para-programas-en-las-universidades-publicas\/\" \/>\n<meta property=\"og:locale\" content=\"es_ES\" \/>\n<meta property=\"og:type\" content=\"article\" \/>\n<meta property=\"og:title\" content=\"Alpa anunci\u00f3 una inversi\u00f3n de $8.000 millones para programas en las universidades p\u00fablicas - Diario Textual\" \/>\n<meta property=\"og:description\" content=\"El secretario de Pol\u00edticas Universitarias, Oscar Alpa, anunci\u00f3 el lanzamiento de tres programas para universidades p\u00fablicas que implican una inversi\u00f3n educativa de 8.000 millones de pesos. Fue durante el Plenario&hellip;\" \/>\n<meta property=\"og:url\" content=\"https:\/\/diariotextual.com\/inicio\/index.php\/2023\/06\/26\/alpa-anuncio-una-inversion-de-8-000-millones-para-programas-en-las-universidades-publicas\/\" \/>\n<meta property=\"og:site_name\" content=\"Diario Textual\" \/>\n<meta property=\"article:publisher\" content=\"https:\/\/www.facebook.com\/eltextual\" \/>\n<meta property=\"article:published_time\" content=\"2023-06-26T11:43:34+00:00\" \/>\n<meta property=\"article:modified_time\" content=\"2023-06-26T21:15:35+00:00\" \/>\n<meta property=\"og:image\" content=\"https:\/\/diariotextual.com\/inicio\/wp-content\/uploads\/2022\/04\/alpaoscar2022-09.jpeg\" \/>\n\t<meta property=\"og:image:width\" content=\"960\" \/>\n\t<meta property=\"og:image:height\" content=\"640\" \/>\n\t<meta property=\"og:image:type\" content=\"image\/jpeg\" \/>\n<meta name=\"author\" content=\"Diario1 Diario1\" \/>\n<meta name=\"twitter:card\" content=\"summary_large_image\" \/>\n<meta name=\"twitter:creator\" content=\"@eltextual\" \/>\n<meta name=\"twitter:site\" content=\"@eltextual\" \/>\n<meta name=\"twitter:label1\" content=\"Escrito por\" \/>\n\t<meta name=\"twitter:data1\" content=\"Diario1 Diario1\" \/>\n\t<meta name=\"twitter:label2\" content=\"Tiempo de lectura\" \/>\n\t<meta name=\"twitter:data2\" content=\"1 minuto\" \/>\n<script type=\"application\/ld+json\" class=\"yoast-schema-graph\">{\"@context\":\"https:\\\/\\\/schema.org\",\"@graph\":[{\"@type\":\"Article\",\"@id\":\"https:\\\/\\\/diariotextual.com\\\/inicio\\\/index.php\\\/2023\\\/06\\\/26\\\/alpa-anuncio-una-inversion-de-8-000-millones-para-programas-en-las-universidades-publicas\\\/#article\",\"isPartOf\":{\"@id\":\"https:\\\/\\\/diariotextual.com\\\/inicio\\\/index.php\\\/2023\\\/06\\\/26\\\/alpa-anuncio-una-inversion-de-8-000-millones-para-programas-en-las-universidades-publicas\\\/\"},\"author\":{\"name\":\"Diario1 Diario1\",\"@id\":\"https:\\\/\\\/diariotextual.com\\\/inicio\\\/#\\\/schema\\\/person\\\/418fc4093c33e86ed41562db3508f958\"},\"headline\":\"Alpa anunci\u00f3 una inversi\u00f3n de $8.000 millones para programas en las universidades p\u00fablicas\",\"datePublished\":\"2023-06-26T11:43:34+00:00\",\"dateModified\":\"2023-06-26T21:15:35+00:00\",\"mainEntityOfPage\":{\"@id\":\"https:\\\/\\\/diariotextual.com\\\/inicio\\\/index.php\\\/2023\\\/06\\\/26\\\/alpa-anuncio-una-inversion-de-8-000-millones-para-programas-en-las-universidades-publicas\\\/\"},\"wordCount\":244,\"publisher\":{\"@id\":\"https:\\\/\\\/diariotextual.com\\\/inicio\\\/#organization\"},\"image\":{\"@id\":\"https:\\\/\\\/diariotextual.com\\\/inicio\\\/index.php\\\/2023\\\/06\\\/26\\\/alpa-anuncio-una-inversion-de-8-000-millones-para-programas-en-las-universidades-publicas\\\/#primaryimage\"},\"thumbnailUrl\":\"https:\\\/\\\/diariotextual.com\\\/inicio\\\/wp-content\\\/uploads\\\/2022\\\/04\\\/alpaoscar2022-09.jpeg\",\"articleSection\":[\"A - ES NOTICIA (van abajo)\",\"A - QUE PASA (al costado)\",\"SOCIEDAD\"],\"inLanguage\":\"es\"},{\"@type\":\"WebPage\",\"@id\":\"https:\\\/\\\/diariotextual.com\\\/inicio\\\/index.php\\\/2023\\\/06\\\/26\\\/alpa-anuncio-una-inversion-de-8-000-millones-para-programas-en-las-universidades-publicas\\\/\",\"url\":\"https:\\\/\\\/diariotextual.com\\\/inicio\\\/index.php\\\/2023\\\/06\\\/26\\\/alpa-anuncio-una-inversion-de-8-000-millones-para-programas-en-las-universidades-publicas\\\/\",\"name\":\"Alpa anunci\u00f3 una inversi\u00f3n de $8.000 millones para programas en las universidades p\u00fablicas - Diario Textual\",\"isPartOf\":{\"@id\":\"https:\\\/\\\/diariotextual.com\\\/inicio\\\/#website\"},\"primaryImageOfPage\":{\"@id\":\"https:\\\/\\\/diariotextual.com\\\/inicio\\\/index.php\\\/2023\\\/06\\\/26\\\/alpa-anuncio-una-inversion-de-8-000-millones-para-programas-en-las-universidades-publicas\\\/#primaryimage\"},\"image\":{\"@id\":\"https:\\\/\\\/diariotextual.com\\\/inicio\\\/index.php\\\/2023\\\/06\\\/26\\\/alpa-anuncio-una-inversion-de-8-000-millones-para-programas-en-las-universidades-publicas\\\/#primaryimage\"},\"thumbnailUrl\":\"https:\\\/\\\/diariotextual.com\\\/inicio\\\/wp-content\\\/uploads\\\/2022\\\/04\\\/alpaoscar2022-09.jpeg\",\"datePublished\":\"2023-06-26T11:43:34+00:00\",\"dateModified\":\"2023-06-26T21:15:35+00:00\",\"breadcrumb\":{\"@id\":\"https:\\\/\\\/diariotextual.com\\\/inicio\\\/index.php\\\/2023\\\/06\\\/26\\\/alpa-anuncio-una-inversion-de-8-000-millones-para-programas-en-las-universidades-publicas\\\/#breadcrumb\"},\"inLanguage\":\"es\",\"potentialAction\":[{\"@type\":\"ReadAction\",\"target\":[\"https:\\\/\\\/diariotextual.com\\\/inicio\\\/index.php\\\/2023\\\/06\\\/26\\\/alpa-anuncio-una-inversion-de-8-000-millones-para-programas-en-las-universidades-publicas\\\/\"]}]},{\"@type\":\"ImageObject\",\"inLanguage\":\"es\",\"@id\":\"https:\\\/\\\/diariotextual.com\\\/inicio\\\/index.php\\\/2023\\\/06\\\/26\\\/alpa-anuncio-una-inversion-de-8-000-millones-para-programas-en-las-universidades-publicas\\\/#primaryimage\",\"url\":\"https:\\\/\\\/diariotextual.com\\\/inicio\\\/wp-content\\\/uploads\\\/2022\\\/04\\\/alpaoscar2022-09.jpeg\",\"contentUrl\":\"https:\\\/\\\/diariotextual.com\\\/inicio\\\/wp-content\\\/uploads\\\/2022\\\/04\\\/alpaoscar2022-09.jpeg\",\"width\":960,\"height\":640},{\"@type\":\"BreadcrumbList\",\"@id\":\"https:\\\/\\\/diariotextual.com\\\/inicio\\\/index.php\\\/2023\\\/06\\\/26\\\/alpa-anuncio-una-inversion-de-8-000-millones-para-programas-en-las-universidades-publicas\\\/#breadcrumb\",\"itemListElement\":[{\"@type\":\"ListItem\",\"position\":1,\"name\":\"Portada\",\"item\":\"https:\\\/\\\/diariotextual.com\\\/inicio\\\/\"},{\"@type\":\"ListItem\",\"position\":2,\"name\":\"Alpa anunci\u00f3 una inversi\u00f3n de $8.000 millones para programas en las universidades p\u00fablicas\"}]},{\"@type\":\"WebSite\",\"@id\":\"https:\\\/\\\/diariotextual.com\\\/inicio\\\/#website\",\"url\":\"https:\\\/\\\/diariotextual.com\\\/inicio\\\/\",\"name\":\"Diario Textual\",\"description\":\"\",\"publisher\":{\"@id\":\"https:\\\/\\\/diariotextual.com\\\/inicio\\\/#organization\"},\"potentialAction\":[{\"@type\":\"SearchAction\",\"target\":{\"@type\":\"EntryPoint\",\"urlTemplate\":\"https:\\\/\\\/diariotextual.com\\\/inicio\\\/?s={search_term_string}\"},\"query-input\":{\"@type\":\"PropertyValueSpecification\",\"valueRequired\":true,\"valueName\":\"search_term_string\"}}],\"inLanguage\":\"es\"},{\"@type\":\"Organization\",\"@id\":\"https:\\\/\\\/diariotextual.com\\\/inicio\\\/#organization\",\"name\":\"Diario Textual\",\"url\":\"https:\\\/\\\/diariotextual.com\\\/inicio\\\/\",\"logo\":{\"@type\":\"ImageObject\",\"inLanguage\":\"es\",\"@id\":\"https:\\\/\\\/diariotextual.com\\\/inicio\\\/#\\\/schema\\\/logo\\\/image\\\/\",\"url\":\"https:\\\/\\\/diariotextual.com\\\/inicio\\\/wp-content\\\/uploads\\\/2023\\\/05\\\/logotextual1.jpg\",\"contentUrl\":\"https:\\\/\\\/diariotextual.com\\\/inicio\\\/wp-content\\\/uploads\\\/2023\\\/05\\\/logotextual1.jpg\",\"width\":516,\"height\":76,\"caption\":\"Diario Textual\"},\"image\":{\"@id\":\"https:\\\/\\\/diariotextual.com\\\/inicio\\\/#\\\/schema\\\/logo\\\/image\\\/\"},\"sameAs\":[\"https:\\\/\\\/www.facebook.com\\\/eltextual\",\"https:\\\/\\\/x.com\\\/eltextual\",\"http:\\\/\\\/www.instagram.com\\\/eltextual\"]},{\"@type\":\"Person\",\"@id\":\"https:\\\/\\\/diariotextual.com\\\/inicio\\\/#\\\/schema\\\/person\\\/418fc4093c33e86ed41562db3508f958\",\"name\":\"Diario1 Diario1\",\"image\":{\"@type\":\"ImageObject\",\"inLanguage\":\"es\",\"@id\":\"https:\\\/\\\/secure.gravatar.com\\\/avatar\\\/9167d280179c85bc18be67aa7eda765854300033af4896dd779b608640f2ef7a?s=96&d=mm&r=g\",\"url\":\"https:\\\/\\\/secure.gravatar.com\\\/avatar\\\/9167d280179c85bc18be67aa7eda765854300033af4896dd779b608640f2ef7a?s=96&d=mm&r=g\",\"contentUrl\":\"https:\\\/\\\/secure.gravatar.com\\\/avatar\\\/9167d280179c85bc18be67aa7eda765854300033af4896dd779b608640f2ef7a?s=96&d=mm&r=g\",\"caption\":\"Diario1 Diario1\"},\"url\":\"https:\\\/\\\/diariotextual.com\\\/inicio\\\/index.php\\\/author\\\/diario1\\\/\"}]}<\/script>\n<!-- \/ Yoast SEO plugin. -->","yoast_head_json":{"title":"Alpa anunci\u00f3 una inversi\u00f3n de $8.000 millones para programas en las universidades p\u00fablicas - Diario Textual","robots":{"index":"index","follow":"follow","max-snippet":"max-snippet:-1","max-image-preview":"max-image-preview:large","max-video-preview":"max-video-preview:-1"},"canonical":"https:\/\/diariotextual.com\/inicio\/index.php\/2023\/06\/26\/alpa-anuncio-una-inversion-de-8-000-millones-para-programas-en-las-universidades-publicas\/","og_locale":"es_ES","og_type":"article","og_title":"Alpa anunci\u00f3 una inversi\u00f3n de $8.000 millones para programas en las universidades p\u00fablicas - Diario Textual","og_description":"El secretario de Pol\u00edticas Universitarias, Oscar Alpa, anunci\u00f3 el lanzamiento de tres programas para universidades p\u00fablicas que implican una inversi\u00f3n educativa de 8.000 millones de pesos. Fue durante el Plenario&hellip;","og_url":"https:\/\/diariotextual.com\/inicio\/index.php\/2023\/06\/26\/alpa-anuncio-una-inversion-de-8-000-millones-para-programas-en-las-universidades-publicas\/","og_site_name":"Diario Textual","article_publisher":"https:\/\/www.facebook.com\/eltextual","article_published_time":"2023-06-26T11:43:34+00:00","article_modified_time":"2023-06-26T21:15:35+00:00","og_image":[{"width":960,"height":640,"url":"https:\/\/diariotextual.com\/inicio\/wp-content\/uploads\/2022\/04\/alpaoscar2022-09.jpeg","type":"image\/jpeg"}],"author":"Diario1 Diario1","twitter_card":"summary_large_image","twitter_creator":"@eltextual","twitter_site":"@eltextual","twitter_misc":{"Escrito por":"Diario1 Diario1","Tiempo de lectura":"1 minuto"},"schema":{"@context":"https:\/\/schema.org","@graph":[{"@type":"Article","@id":"https:\/\/diariotextual.com\/inicio\/index.php\/2023\/06\/26\/alpa-anuncio-una-inversion-de-8-000-millones-para-programas-en-las-universidades-publicas\/#article","isPartOf":{"@id":"https:\/\/diariotextual.com\/inicio\/index.php\/2023\/06\/26\/alpa-anuncio-una-inversion-de-8-000-millones-para-programas-en-las-universidades-publicas\/"},"author":{"name":"Diario1 Diario1","@id":"https:\/\/diariotextual.com\/inicio\/#\/schema\/person\/418fc4093c33e86ed41562db3508f958"},"headline":"Alpa anunci\u00f3 una inversi\u00f3n de $8.000 millones para programas en las universidades p\u00fablicas","datePublished":"2023-06-26T11:43:34+00:00","dateModified":"2023-06-26T21:15:35+00:00","mainEntityOfPage":{"@id":"https:\/\/diariotextual.com\/inicio\/index.php\/2023\/06\/26\/alpa-anuncio-una-inversion-de-8-000-millones-para-programas-en-las-universidades-publicas\/"},"wordCount":244,"publisher":{"@id":"https:\/\/diariotextual.com\/inicio\/#organization"},"image":{"@id":"https:\/\/diariotextual.com\/inicio\/index.php\/2023\/06\/26\/alpa-anuncio-una-inversion-de-8-000-millones-para-programas-en-las-universidades-publicas\/#primaryimage"},"thumbnailUrl":"https:\/\/diariotextual.com\/inicio\/wp-content\/uploads\/2022\/04\/alpaoscar2022-09.jpeg","articleSection":["A - ES NOTICIA (van abajo)","A - QUE PASA (al costado)","SOCIEDAD"],"inLanguage":"es"},{"@type":"WebPage","@id":"https:\/\/diariotextual.com\/inicio\/index.php\/2023\/06\/26\/alpa-anuncio-una-inversion-de-8-000-millones-para-programas-en-las-universidades-publicas\/","url":"https:\/\/diariotextual.com\/inicio\/index.php\/2023\/06\/26\/alpa-anuncio-una-inversion-de-8-000-millones-para-programas-en-las-universidades-publicas\/","name":"Alpa anunci\u00f3 una inversi\u00f3n de $8.000 millones para programas en las universidades p\u00fablicas - Diario Textual","isPartOf":{"@id":"https:\/\/diariotextual.com\/inicio\/#website"},"primaryImageOfPage":{"@id":"https:\/\/diariotextual.com\/inicio\/index.php\/2023\/06\/26\/alpa-anuncio-una-inversion-de-8-000-millones-para-programas-en-las-universidades-publicas\/#primaryimage"},"image":{"@id":"https:\/\/diariotextual.com\/inicio\/index.php\/2023\/06\/26\/alpa-anuncio-una-inversion-de-8-000-millones-para-programas-en-las-universidades-publicas\/#primaryimage"},"thumbnailUrl":"https:\/\/diariotextual.com\/inicio\/wp-content\/uploads\/2022\/04\/alpaoscar2022-09.jpeg","datePublished":"2023-06-26T11:43:34+00:00","dateModified":"2023-06-26T21:15:35+00:00","breadcrumb":{"@id":"https:\/\/diariotextual.com\/inicio\/index.php\/2023\/06\/26\/alpa-anuncio-una-inversion-de-8-000-millones-para-programas-en-las-universidades-publicas\/#breadcrumb"},"inLanguage":"es","potentialAction":[{"@type":"ReadAction","target":["https:\/\/diariotextual.com\/inicio\/index.php\/2023\/06\/26\/alpa-anuncio-una-inversion-de-8-000-millones-para-programas-en-las-universidades-publicas\/"]}]},{"@type":"ImageObject","inLanguage":"es","@id":"https:\/\/diariotextual.com\/inicio\/index.php\/2023\/06\/26\/alpa-anuncio-una-inversion-de-8-000-millones-para-programas-en-las-universidades-publicas\/#primaryimage","url":"https:\/\/diariotextual.com\/inicio\/wp-content\/uploads\/2022\/04\/alpaoscar2022-09.jpeg","contentUrl":"https:\/\/diariotextual.com\/inicio\/wp-content\/uploads\/2022\/04\/alpaoscar2022-09.jpeg","width":960,"height":640},{"@type":"BreadcrumbList","@id":"https:\/\/diariotextual.com\/inicio\/index.php\/2023\/06\/26\/alpa-anuncio-una-inversion-de-8-000-millones-para-programas-en-las-universidades-publicas\/#breadcrumb","itemListElement":[{"@type":"ListItem","position":1,"name":"Portada","item":"https:\/\/diariotextual.com\/inicio\/"},{"@type":"ListItem","position":2,"name":"Alpa anunci\u00f3 una inversi\u00f3n de $8.000 millones para programas en las universidades p\u00fablicas"}]},{"@type":"WebSite","@id":"https:\/\/diariotextual.com\/inicio\/#website","url":"https:\/\/diariotextual.com\/inicio\/","name":"Diario Textual","description":"","publisher":{"@id":"https:\/\/diariotextual.com\/inicio\/#organization"},"potentialAction":[{"@type":"SearchAction","target":{"@type":"EntryPoint","urlTemplate":"https:\/\/diariotextual.com\/inicio\/?s={search_term_string}"},"query-input":{"@type":"PropertyValueSpecification","valueRequired":true,"valueName":"search_term_string"}}],"inLanguage":"es"},{"@type":"Organization","@id":"https:\/\/diariotextual.com\/inicio\/#organization","name":"Diario Textual","url":"https:\/\/diariotextual.com\/inicio\/","logo":{"@type":"ImageObject","inLanguage":"es","@id":"https:\/\/diariotextual.com\/inicio\/#\/schema\/logo\/image\/","url":"https:\/\/diariotextual.com\/inicio\/wp-content\/uploads\/2023\/05\/logotextual1.jpg","contentUrl":"https:\/\/diariotextual.com\/inicio\/wp-content\/uploads\/2023\/05\/logotextual1.jpg","width":516,"height":76,"caption":"Diario Textual"},"image":{"@id":"https:\/\/diariotextual.com\/inicio\/#\/schema\/logo\/image\/"},"sameAs":["https:\/\/www.facebook.com\/eltextual","https:\/\/x.com\/eltextual","http:\/\/www.instagram.com\/eltextual"]},{"@type":"Person","@id":"https:\/\/diariotextual.com\/inicio\/#\/schema\/person\/418fc4093c33e86ed41562db3508f958","name":"Diario1 Diario1","image":{"@type":"ImageObject","inLanguage":"es","@id":"https:\/\/secure.gravatar.com\/avatar\/9167d280179c85bc18be67aa7eda765854300033af4896dd779b608640f2ef7a?s=96&d=mm&r=g","url":"https:\/\/secure.gravatar.com\/avatar\/9167d280179c85bc18be67aa7eda765854300033af4896dd779b608640f2ef7a?s=96&d=mm&r=g","contentUrl":"https:\/\/secure.gravatar.com\/avatar\/9167d280179c85bc18be67aa7eda765854300033af4896dd779b608640f2ef7a?s=96&d=mm&r=g","caption":"Diario1 Diario1"},"url":"https:\/\/diariotextual.com\/inicio\/index.php\/author\/diario1\/"}]}},"_links":{"self":[{"href":"https:\/\/diariotextual.com\/inicio\/index.php\/wp-json\/wp\/v2\/posts\/229445","targetHints":{"allow":["GET"]}}],"collection":[{"href":"https:\/\/diariotextual.com\/inicio\/index.php\/wp-json\/wp\/v2\/posts"}],"about":[{"href":"https:\/\/diariotextual.com\/inicio\/index.php\/wp-json\/wp\/v2\/types\/post"}],"author":[{"embeddable":true,"href":"https:\/\/diariotextual.com\/inicio\/index.php\/wp-json\/wp\/v2\/users\/3"}],"replies":[{"embeddable":true,"href":"https:\/\/diariotextual.com\/inicio\/index.php\/wp-json\/wp\/v2\/comments?post=229445"}],"version-history":[{"count":2,"href":"https:\/\/diariotextual.com\/inicio\/index.php\/wp-json\/wp\/v2\/posts\/229445\/revisions"}],"predecessor-version":[{"id":229447,"href":"https:\/\/diariotextual.com\/inicio\/index.php\/wp-json\/wp\/v2\/posts\/229445\/revisions\/229447"}],"wp:featuredmedia":[{"embeddable":true,"href":"https:\/\/diariotextual.com\/inicio\/index.php\/wp-json\/wp\/v2\/media\/185657"}],"wp:attachment":[{"href":"https:\/\/diariotextual.com\/inicio\/index.php\/wp-json\/wp\/v2\/media?parent=229445"}],"wp:term":[{"taxonomy":"category","embeddable":true,"href":"https:\/\/diariotextual.com\/inicio\/index.php\/wp-json\/wp\/v2\/categories?post=229445"},{"taxonomy":"post_tag","embeddable":true,"href":"https:\/\/diariotextual.com\/inicio\/index.php\/wp-json\/wp\/v2\/tags?post=229445"}],"curies":[{"name":"wp","href":"https:\/\/api.w.org\/{rel}","templated":true}]}}