{"id":229451,"date":"2023-06-26T10:08:56","date_gmt":"2023-06-26T13:08:56","guid":{"rendered":"https:\/\/diariotextual.com\/inicio\/?p=229451"},"modified":"2023-06-26T13:35:08","modified_gmt":"2023-06-26T16:35:08","slug":"en-un-dia-el-lago-casa-de-piedra-subio-10-cm-y-sigue-aumentando","status":"publish","type":"post","link":"https:\/\/diariotextual.com\/inicio\/index.php\/2023\/06\/26\/en-un-dia-el-lago-casa-de-piedra-subio-10-cm-y-sigue-aumentando\/","title":{"rendered":"En un d\u00eda el lago Casa de Piedra subi\u00f3 10 cm y sigue aumentando"},"content":{"rendered":"\n<p>El <strong>hist\u00f3rico incremento del caudal <\/strong>del<strong> r\u00edo Colorado<\/strong> ya est\u00e1 repercutiendo en el<strong> lago Casa de Piedra<\/strong>: de ayer a hoy, <strong>el espejo de agua artificial subi\u00f3 su cota 10 cent\u00edmetros, al pasar de 271,58 a 271,68 msnm (metros sobre el nivel del mar).<\/strong><\/p>\n\n\n\n<p>El lago, que con una cota m\u00e1xima de 283 msnm puede llegar a las 36 mil hect\u00e1reas, est\u00e1 sufriendo desde hace m\u00e1s de una d\u00e9cada de una sequ\u00eda hist\u00f3rica de la cuenca del r\u00edo Colorado. <strong>Por eso las intensas lluvias aguas arriba, que fueron inesperadas, har\u00e1 aumentar fuertemente la cota en los pr\u00f3ximos d\u00edas.<\/strong><\/p>\n\n\n\n<p>Por lo pronto, <strong>el caudal del r\u00edo Colorado se increment\u00f3 en casi 20 veces: pas\u00f3 de un promedio de 45 m3\/s a 748 m3\/s<\/strong> (registros de las 9\u00a0 horas de hoy, en Buta Ranquil).<\/p>\n\n\n\n<p>Se espera que ese impresionante caudal, que no se registra desde hace casi 40 a\u00f1os, llegue en las pr\u00f3ximas horas al lago. <\/p>\n\n\n\n<p><\/p>\n\n\n\n<p><\/p>\n\n\n\n<p><\/p>\n","protected":false},"excerpt":{"rendered":"<p>El hist\u00f3rico incremento del caudal del r\u00edo Colorado ya est\u00e1 repercutiendo en el lago Casa de Piedra: de ayer a hoy, el espejo de agua artificial subi\u00f3 su cota 10&hellip;<\/p>\n","protected":false},"author":3,"featured_media":69841,"comment_status":"closed","ping_status":"open","sticky":false,"template":"","format":"standard","meta":{"_acf_changed":false,"footnotes":""},"categories":[1,11,12],"tags":[],"class_list":["post-229451","post","type-post","status-publish","format-standard","has-post-thumbnail","hentry","category-es-noticia","category-que-pasa","category-sociedad"],"acf":[],"yoast_head":"<!-- This site is optimized with the Yoast SEO plugin v27.5 - https:\/\/yoast.com\/product\/yoast-seo-wordpress\/ -->\n<title>En un d\u00eda el lago Casa de Piedra subi\u00f3 10 cm y sigue aumentando - Diario Textual<\/title>\n<meta name=\"robots\" content=\"index, follow, max-snippet:-1, max-image-preview:large, max-video-preview:-1\" \/>\n<link rel=\"canonical\" href=\"https:\/\/diariotextual.com\/inicio\/index.php\/2023\/06\/26\/en-un-dia-el-lago-casa-de-piedra-subio-10-cm-y-sigue-aumentando\/\" \/>\n<meta property=\"og:locale\" content=\"es_ES\" \/>\n<meta property=\"og:type\" content=\"article\" \/>\n<meta property=\"og:title\" content=\"En un d\u00eda el lago Casa de Piedra subi\u00f3 10 cm y sigue aumentando - Diario Textual\" \/>\n<meta property=\"og:description\" content=\"El hist\u00f3rico incremento del caudal del r\u00edo Colorado ya est\u00e1 repercutiendo en el lago Casa de Piedra: de ayer a hoy, el espejo de agua artificial subi\u00f3 su cota 10&hellip;\" \/>\n<meta property=\"og:url\" content=\"https:\/\/diariotextual.com\/inicio\/index.php\/2023\/06\/26\/en-un-dia-el-lago-casa-de-piedra-subio-10-cm-y-sigue-aumentando\/\" \/>\n<meta property=\"og:site_name\" content=\"Diario Textual\" \/>\n<meta property=\"article:publisher\" content=\"https:\/\/www.facebook.com\/eltextual\" \/>\n<meta property=\"article:published_time\" content=\"2023-06-26T13:08:56+00:00\" \/>\n<meta property=\"article:modified_time\" content=\"2023-06-26T16:35:08+00:00\" \/>\n<meta property=\"og:image\" content=\"https:\/\/diariotextual.com\/inicio\/wp-content\/uploads\/2019\/11\/casadepiedralagorepresa3.jpg\" \/>\n\t<meta property=\"og:image:width\" content=\"1000\" \/>\n\t<meta property=\"og:image:height\" content=\"750\" \/>\n\t<meta property=\"og:image:type\" content=\"image\/jpeg\" \/>\n<meta name=\"author\" content=\"Diario1 Diario1\" \/>\n<meta name=\"twitter:card\" content=\"summary_large_image\" \/>\n<meta name=\"twitter:creator\" content=\"@eltextual\" \/>\n<meta name=\"twitter:site\" content=\"@eltextual\" \/>\n<meta name=\"twitter:label1\" content=\"Escrito por\" \/>\n\t<meta name=\"twitter:data1\" content=\"Diario1 Diario1\" \/>\n\t<meta name=\"twitter:label2\" content=\"Tiempo de lectura\" \/>\n\t<meta name=\"twitter:data2\" content=\"1 minuto\" \/>\n<script type=\"application\/ld+json\" class=\"yoast-schema-graph\">{\"@context\":\"https:\\\/\\\/schema.org\",\"@graph\":[{\"@type\":\"Article\",\"@id\":\"https:\\\/\\\/diariotextual.com\\\/inicio\\\/index.php\\\/2023\\\/06\\\/26\\\/en-un-dia-el-lago-casa-de-piedra-subio-10-cm-y-sigue-aumentando\\\/#article\",\"isPartOf\":{\"@id\":\"https:\\\/\\\/diariotextual.com\\\/inicio\\\/index.php\\\/2023\\\/06\\\/26\\\/en-un-dia-el-lago-casa-de-piedra-subio-10-cm-y-sigue-aumentando\\\/\"},\"author\":{\"name\":\"Diario1 Diario1\",\"@id\":\"https:\\\/\\\/diariotextual.com\\\/inicio\\\/#\\\/schema\\\/person\\\/418fc4093c33e86ed41562db3508f958\"},\"headline\":\"En un d\u00eda el lago Casa de Piedra subi\u00f3 10 cm y sigue aumentando\",\"datePublished\":\"2023-06-26T13:08:56+00:00\",\"dateModified\":\"2023-06-26T16:35:08+00:00\",\"mainEntityOfPage\":{\"@id\":\"https:\\\/\\\/diariotextual.com\\\/inicio\\\/index.php\\\/2023\\\/06\\\/26\\\/en-un-dia-el-lago-casa-de-piedra-subio-10-cm-y-sigue-aumentando\\\/\"},\"wordCount\":175,\"publisher\":{\"@id\":\"https:\\\/\\\/diariotextual.com\\\/inicio\\\/#organization\"},\"image\":{\"@id\":\"https:\\\/\\\/diariotextual.com\\\/inicio\\\/index.php\\\/2023\\\/06\\\/26\\\/en-un-dia-el-lago-casa-de-piedra-subio-10-cm-y-sigue-aumentando\\\/#primaryimage\"},\"thumbnailUrl\":\"https:\\\/\\\/diariotextual.com\\\/inicio\\\/wp-content\\\/uploads\\\/2019\\\/11\\\/casadepiedralagorepresa3.jpg\",\"articleSection\":[\"A - ES NOTICIA (van abajo)\",\"A - QUE PASA (al costado)\",\"SOCIEDAD\"],\"inLanguage\":\"es\"},{\"@type\":\"WebPage\",\"@id\":\"https:\\\/\\\/diariotextual.com\\\/inicio\\\/index.php\\\/2023\\\/06\\\/26\\\/en-un-dia-el-lago-casa-de-piedra-subio-10-cm-y-sigue-aumentando\\\/\",\"url\":\"https:\\\/\\\/diariotextual.com\\\/inicio\\\/index.php\\\/2023\\\/06\\\/26\\\/en-un-dia-el-lago-casa-de-piedra-subio-10-cm-y-sigue-aumentando\\\/\",\"name\":\"En un d\u00eda el lago Casa de Piedra subi\u00f3 10 cm y sigue aumentando - Diario Textual\",\"isPartOf\":{\"@id\":\"https:\\\/\\\/diariotextual.com\\\/inicio\\\/#website\"},\"primaryImageOfPage\":{\"@id\":\"https:\\\/\\\/diariotextual.com\\\/inicio\\\/index.php\\\/2023\\\/06\\\/26\\\/en-un-dia-el-lago-casa-de-piedra-subio-10-cm-y-sigue-aumentando\\\/#primaryimage\"},\"image\":{\"@id\":\"https:\\\/\\\/diariotextual.com\\\/inicio\\\/index.php\\\/2023\\\/06\\\/26\\\/en-un-dia-el-lago-casa-de-piedra-subio-10-cm-y-sigue-aumentando\\\/#primaryimage\"},\"thumbnailUrl\":\"https:\\\/\\\/diariotextual.com\\\/inicio\\\/wp-content\\\/uploads\\\/2019\\\/11\\\/casadepiedralagorepresa3.jpg\",\"datePublished\":\"2023-06-26T13:08:56+00:00\",\"dateModified\":\"2023-06-26T16:35:08+00:00\",\"breadcrumb\":{\"@id\":\"https:\\\/\\\/diariotextual.com\\\/inicio\\\/index.php\\\/2023\\\/06\\\/26\\\/en-un-dia-el-lago-casa-de-piedra-subio-10-cm-y-sigue-aumentando\\\/#breadcrumb\"},\"inLanguage\":\"es\",\"potentialAction\":[{\"@type\":\"ReadAction\",\"target\":[\"https:\\\/\\\/diariotextual.com\\\/inicio\\\/index.php\\\/2023\\\/06\\\/26\\\/en-un-dia-el-lago-casa-de-piedra-subio-10-cm-y-sigue-aumentando\\\/\"]}]},{\"@type\":\"ImageObject\",\"inLanguage\":\"es\",\"@id\":\"https:\\\/\\\/diariotextual.com\\\/inicio\\\/index.php\\\/2023\\\/06\\\/26\\\/en-un-dia-el-lago-casa-de-piedra-subio-10-cm-y-sigue-aumentando\\\/#primaryimage\",\"url\":\"https:\\\/\\\/diariotextual.com\\\/inicio\\\/wp-content\\\/uploads\\\/2019\\\/11\\\/casadepiedralagorepresa3.jpg\",\"contentUrl\":\"https:\\\/\\\/diariotextual.com\\\/inicio\\\/wp-content\\\/uploads\\\/2019\\\/11\\\/casadepiedralagorepresa3.jpg\",\"width\":1000,\"height\":750},{\"@type\":\"BreadcrumbList\",\"@id\":\"https:\\\/\\\/diariotextual.com\\\/inicio\\\/index.php\\\/2023\\\/06\\\/26\\\/en-un-dia-el-lago-casa-de-piedra-subio-10-cm-y-sigue-aumentando\\\/#breadcrumb\",\"itemListElement\":[{\"@type\":\"ListItem\",\"position\":1,\"name\":\"Portada\",\"item\":\"https:\\\/\\\/diariotextual.com\\\/inicio\\\/\"},{\"@type\":\"ListItem\",\"position\":2,\"name\":\"En un d\u00eda el lago Casa de Piedra subi\u00f3 10 cm y sigue aumentando\"}]},{\"@type\":\"WebSite\",\"@id\":\"https:\\\/\\\/diariotextual.com\\\/inicio\\\/#website\",\"url\":\"https:\\\/\\\/diariotextual.com\\\/inicio\\\/\",\"name\":\"Diario Textual\",\"description\":\"\",\"publisher\":{\"@id\":\"https:\\\/\\\/diariotextual.com\\\/inicio\\\/#organization\"},\"potentialAction\":[{\"@type\":\"SearchAction\",\"target\":{\"@type\":\"EntryPoint\",\"urlTemplate\":\"https:\\\/\\\/diariotextual.com\\\/inicio\\\/?s={search_term_string}\"},\"query-input\":{\"@type\":\"PropertyValueSpecification\",\"valueRequired\":true,\"valueName\":\"search_term_string\"}}],\"inLanguage\":\"es\"},{\"@type\":\"Organization\",\"@id\":\"https:\\\/\\\/diariotextual.com\\\/inicio\\\/#organization\",\"name\":\"Diario Textual\",\"url\":\"https:\\\/\\\/diariotextual.com\\\/inicio\\\/\",\"logo\":{\"@type\":\"ImageObject\",\"inLanguage\":\"es\",\"@id\":\"https:\\\/\\\/diariotextual.com\\\/inicio\\\/#\\\/schema\\\/logo\\\/image\\\/\",\"url\":\"https:\\\/\\\/diariotextual.com\\\/inicio\\\/wp-content\\\/uploads\\\/2023\\\/05\\\/logotextual1.jpg\",\"contentUrl\":\"https:\\\/\\\/diariotextual.com\\\/inicio\\\/wp-content\\\/uploads\\\/2023\\\/05\\\/logotextual1.jpg\",\"width\":516,\"height\":76,\"caption\":\"Diario Textual\"},\"image\":{\"@id\":\"https:\\\/\\\/diariotextual.com\\\/inicio\\\/#\\\/schema\\\/logo\\\/image\\\/\"},\"sameAs\":[\"https:\\\/\\\/www.facebook.com\\\/eltextual\",\"https:\\\/\\\/x.com\\\/eltextual\",\"http:\\\/\\\/www.instagram.com\\\/eltextual\"]},{\"@type\":\"Person\",\"@id\":\"https:\\\/\\\/diariotextual.com\\\/inicio\\\/#\\\/schema\\\/person\\\/418fc4093c33e86ed41562db3508f958\",\"name\":\"Diario1 Diario1\",\"image\":{\"@type\":\"ImageObject\",\"inLanguage\":\"es\",\"@id\":\"https:\\\/\\\/secure.gravatar.com\\\/avatar\\\/9167d280179c85bc18be67aa7eda765854300033af4896dd779b608640f2ef7a?s=96&d=mm&r=g\",\"url\":\"https:\\\/\\\/secure.gravatar.com\\\/avatar\\\/9167d280179c85bc18be67aa7eda765854300033af4896dd779b608640f2ef7a?s=96&d=mm&r=g\",\"contentUrl\":\"https:\\\/\\\/secure.gravatar.com\\\/avatar\\\/9167d280179c85bc18be67aa7eda765854300033af4896dd779b608640f2ef7a?s=96&d=mm&r=g\",\"caption\":\"Diario1 Diario1\"},\"url\":\"https:\\\/\\\/diariotextual.com\\\/inicio\\\/index.php\\\/author\\\/diario1\\\/\"}]}<\/script>\n<!-- \/ Yoast SEO plugin. -->","yoast_head_json":{"title":"En un d\u00eda el lago Casa de Piedra subi\u00f3 10 cm y sigue aumentando - Diario Textual","robots":{"index":"index","follow":"follow","max-snippet":"max-snippet:-1","max-image-preview":"max-image-preview:large","max-video-preview":"max-video-preview:-1"},"canonical":"https:\/\/diariotextual.com\/inicio\/index.php\/2023\/06\/26\/en-un-dia-el-lago-casa-de-piedra-subio-10-cm-y-sigue-aumentando\/","og_locale":"es_ES","og_type":"article","og_title":"En un d\u00eda el lago Casa de Piedra subi\u00f3 10 cm y sigue aumentando - Diario Textual","og_description":"El hist\u00f3rico incremento del caudal del r\u00edo Colorado ya est\u00e1 repercutiendo en el lago Casa de Piedra: de ayer a hoy, el espejo de agua artificial subi\u00f3 su cota 10&hellip;","og_url":"https:\/\/diariotextual.com\/inicio\/index.php\/2023\/06\/26\/en-un-dia-el-lago-casa-de-piedra-subio-10-cm-y-sigue-aumentando\/","og_site_name":"Diario Textual","article_publisher":"https:\/\/www.facebook.com\/eltextual","article_published_time":"2023-06-26T13:08:56+00:00","article_modified_time":"2023-06-26T16:35:08+00:00","og_image":[{"width":1000,"height":750,"url":"https:\/\/diariotextual.com\/inicio\/wp-content\/uploads\/2019\/11\/casadepiedralagorepresa3.jpg","type":"image\/jpeg"}],"author":"Diario1 Diario1","twitter_card":"summary_large_image","twitter_creator":"@eltextual","twitter_site":"@eltextual","twitter_misc":{"Escrito por":"Diario1 Diario1","Tiempo de lectura":"1 minuto"},"schema":{"@context":"https:\/\/schema.org","@graph":[{"@type":"Article","@id":"https:\/\/diariotextual.com\/inicio\/index.php\/2023\/06\/26\/en-un-dia-el-lago-casa-de-piedra-subio-10-cm-y-sigue-aumentando\/#article","isPartOf":{"@id":"https:\/\/diariotextual.com\/inicio\/index.php\/2023\/06\/26\/en-un-dia-el-lago-casa-de-piedra-subio-10-cm-y-sigue-aumentando\/"},"author":{"name":"Diario1 Diario1","@id":"https:\/\/diariotextual.com\/inicio\/#\/schema\/person\/418fc4093c33e86ed41562db3508f958"},"headline":"En un d\u00eda el lago Casa de Piedra subi\u00f3 10 cm y sigue aumentando","datePublished":"2023-06-26T13:08:56+00:00","dateModified":"2023-06-26T16:35:08+00:00","mainEntityOfPage":{"@id":"https:\/\/diariotextual.com\/inicio\/index.php\/2023\/06\/26\/en-un-dia-el-lago-casa-de-piedra-subio-10-cm-y-sigue-aumentando\/"},"wordCount":175,"publisher":{"@id":"https:\/\/diariotextual.com\/inicio\/#organization"},"image":{"@id":"https:\/\/diariotextual.com\/inicio\/index.php\/2023\/06\/26\/en-un-dia-el-lago-casa-de-piedra-subio-10-cm-y-sigue-aumentando\/#primaryimage"},"thumbnailUrl":"https:\/\/diariotextual.com\/inicio\/wp-content\/uploads\/2019\/11\/casadepiedralagorepresa3.jpg","articleSection":["A - ES NOTICIA (van abajo)","A - QUE PASA (al costado)","SOCIEDAD"],"inLanguage":"es"},{"@type":"WebPage","@id":"https:\/\/diariotextual.com\/inicio\/index.php\/2023\/06\/26\/en-un-dia-el-lago-casa-de-piedra-subio-10-cm-y-sigue-aumentando\/","url":"https:\/\/diariotextual.com\/inicio\/index.php\/2023\/06\/26\/en-un-dia-el-lago-casa-de-piedra-subio-10-cm-y-sigue-aumentando\/","name":"En un d\u00eda el lago Casa de Piedra subi\u00f3 10 cm y sigue aumentando - Diario Textual","isPartOf":{"@id":"https:\/\/diariotextual.com\/inicio\/#website"},"primaryImageOfPage":{"@id":"https:\/\/diariotextual.com\/inicio\/index.php\/2023\/06\/26\/en-un-dia-el-lago-casa-de-piedra-subio-10-cm-y-sigue-aumentando\/#primaryimage"},"image":{"@id":"https:\/\/diariotextual.com\/inicio\/index.php\/2023\/06\/26\/en-un-dia-el-lago-casa-de-piedra-subio-10-cm-y-sigue-aumentando\/#primaryimage"},"thumbnailUrl":"https:\/\/diariotextual.com\/inicio\/wp-content\/uploads\/2019\/11\/casadepiedralagorepresa3.jpg","datePublished":"2023-06-26T13:08:56+00:00","dateModified":"2023-06-26T16:35:08+00:00","breadcrumb":{"@id":"https:\/\/diariotextual.com\/inicio\/index.php\/2023\/06\/26\/en-un-dia-el-lago-casa-de-piedra-subio-10-cm-y-sigue-aumentando\/#breadcrumb"},"inLanguage":"es","potentialAction":[{"@type":"ReadAction","target":["https:\/\/diariotextual.com\/inicio\/index.php\/2023\/06\/26\/en-un-dia-el-lago-casa-de-piedra-subio-10-cm-y-sigue-aumentando\/"]}]},{"@type":"ImageObject","inLanguage":"es","@id":"https:\/\/diariotextual.com\/inicio\/index.php\/2023\/06\/26\/en-un-dia-el-lago-casa-de-piedra-subio-10-cm-y-sigue-aumentando\/#primaryimage","url":"https:\/\/diariotextual.com\/inicio\/wp-content\/uploads\/2019\/11\/casadepiedralagorepresa3.jpg","contentUrl":"https:\/\/diariotextual.com\/inicio\/wp-content\/uploads\/2019\/11\/casadepiedralagorepresa3.jpg","width":1000,"height":750},{"@type":"BreadcrumbList","@id":"https:\/\/diariotextual.com\/inicio\/index.php\/2023\/06\/26\/en-un-dia-el-lago-casa-de-piedra-subio-10-cm-y-sigue-aumentando\/#breadcrumb","itemListElement":[{"@type":"ListItem","position":1,"name":"Portada","item":"https:\/\/diariotextual.com\/inicio\/"},{"@type":"ListItem","position":2,"name":"En un d\u00eda el lago Casa de Piedra subi\u00f3 10 cm y sigue aumentando"}]},{"@type":"WebSite","@id":"https:\/\/diariotextual.com\/inicio\/#website","url":"https:\/\/diariotextual.com\/inicio\/","name":"Diario Textual","description":"","publisher":{"@id":"https:\/\/diariotextual.com\/inicio\/#organization"},"potentialAction":[{"@type":"SearchAction","target":{"@type":"EntryPoint","urlTemplate":"https:\/\/diariotextual.com\/inicio\/?s={search_term_string}"},"query-input":{"@type":"PropertyValueSpecification","valueRequired":true,"valueName":"search_term_string"}}],"inLanguage":"es"},{"@type":"Organization","@id":"https:\/\/diariotextual.com\/inicio\/#organization","name":"Diario Textual","url":"https:\/\/diariotextual.com\/inicio\/","logo":{"@type":"ImageObject","inLanguage":"es","@id":"https:\/\/diariotextual.com\/inicio\/#\/schema\/logo\/image\/","url":"https:\/\/diariotextual.com\/inicio\/wp-content\/uploads\/2023\/05\/logotextual1.jpg","contentUrl":"https:\/\/diariotextual.com\/inicio\/wp-content\/uploads\/2023\/05\/logotextual1.jpg","width":516,"height":76,"caption":"Diario Textual"},"image":{"@id":"https:\/\/diariotextual.com\/inicio\/#\/schema\/logo\/image\/"},"sameAs":["https:\/\/www.facebook.com\/eltextual","https:\/\/x.com\/eltextual","http:\/\/www.instagram.com\/eltextual"]},{"@type":"Person","@id":"https:\/\/diariotextual.com\/inicio\/#\/schema\/person\/418fc4093c33e86ed41562db3508f958","name":"Diario1 Diario1","image":{"@type":"ImageObject","inLanguage":"es","@id":"https:\/\/secure.gravatar.com\/avatar\/9167d280179c85bc18be67aa7eda765854300033af4896dd779b608640f2ef7a?s=96&d=mm&r=g","url":"https:\/\/secure.gravatar.com\/avatar\/9167d280179c85bc18be67aa7eda765854300033af4896dd779b608640f2ef7a?s=96&d=mm&r=g","contentUrl":"https:\/\/secure.gravatar.com\/avatar\/9167d280179c85bc18be67aa7eda765854300033af4896dd779b608640f2ef7a?s=96&d=mm&r=g","caption":"Diario1 Diario1"},"url":"https:\/\/diariotextual.com\/inicio\/index.php\/author\/diario1\/"}]}},"_links":{"self":[{"href":"https:\/\/diariotextual.com\/inicio\/index.php\/wp-json\/wp\/v2\/posts\/229451","targetHints":{"allow":["GET"]}}],"collection":[{"href":"https:\/\/diariotextual.com\/inicio\/index.php\/wp-json\/wp\/v2\/posts"}],"about":[{"href":"https:\/\/diariotextual.com\/inicio\/index.php\/wp-json\/wp\/v2\/types\/post"}],"author":[{"embeddable":true,"href":"https:\/\/diariotextual.com\/inicio\/index.php\/wp-json\/wp\/v2\/users\/3"}],"replies":[{"embeddable":true,"href":"https:\/\/diariotextual.com\/inicio\/index.php\/wp-json\/wp\/v2\/comments?post=229451"}],"version-history":[{"count":2,"href":"https:\/\/diariotextual.com\/inicio\/index.php\/wp-json\/wp\/v2\/posts\/229451\/revisions"}],"predecessor-version":[{"id":229453,"href":"https:\/\/diariotextual.com\/inicio\/index.php\/wp-json\/wp\/v2\/posts\/229451\/revisions\/229453"}],"wp:featuredmedia":[{"embeddable":true,"href":"https:\/\/diariotextual.com\/inicio\/index.php\/wp-json\/wp\/v2\/media\/69841"}],"wp:attachment":[{"href":"https:\/\/diariotextual.com\/inicio\/index.php\/wp-json\/wp\/v2\/media?parent=229451"}],"wp:term":[{"taxonomy":"category","embeddable":true,"href":"https:\/\/diariotextual.com\/inicio\/index.php\/wp-json\/wp\/v2\/categories?post=229451"},{"taxonomy":"post_tag","embeddable":true,"href":"https:\/\/diariotextual.com\/inicio\/index.php\/wp-json\/wp\/v2\/tags?post=229451"}],"curies":[{"name":"wp","href":"https:\/\/api.w.org\/{rel}","templated":true}]}}