{"id":229463,"date":"2023-06-26T11:41:04","date_gmt":"2023-06-26T14:41:04","guid":{"rendered":"https:\/\/diariotextual.com\/inicio\/?p=229463"},"modified":"2023-06-26T14:38:06","modified_gmt":"2023-06-26T17:38:06","slug":"salud-inicio-investigacion-por-la-presunta-falta-de-guardia-medica-en-sanatorio","status":"publish","type":"post","link":"https:\/\/diariotextual.com\/inicio\/index.php\/2023\/06\/26\/salud-inicio-investigacion-por-la-presunta-falta-de-guardia-medica-en-sanatorio\/","title":{"rendered":"Salud inici\u00f3 investigaci\u00f3n por la presunta falta de guardia m\u00e9dica en sanatorio"},"content":{"rendered":"\n<p>El <strong>Ministerio de Salud de La Pampa<\/strong> inform\u00f3 este lunes que inici\u00f3 una <strong>\u201cinvestigaci\u00f3n\u201d <\/strong>luego de una denuncia p\u00fablica que indic\u00f3 que <strong>el Sanatorio Santa Rosa<\/strong> -ubicado en Mitre y Escalante, de la capital pampeana- <strong>no tiene cubierto el sistema de guardias m\u00e9dicas<\/strong>.<\/p>\n\n\n\n<p>Salud sostuvo que, en principio, <strong>el domingo 25 el servicio estuvo cubierto. De todas maneras, inici\u00f3 un expediente<\/strong>. \u201cFrente a la informaci\u00f3n que recientemente tomara estado p\u00fablico a trav\u00e9s de una nota period\u00edstica (NdeR: en el peri\u00f3dico El Diario) respecto a la ausencia de un m\u00e9dico de guardia en un sanatorio privado de la ciudad capital, el Ministerio de Salud inform\u00f3 que, a pesar de no existir una denuncia formal de los sucesos all\u00ed mencionados<strong>, tom\u00f3 la intervenci\u00f3n correspondiente a trav\u00e9s de un funcionario del \u00e1rea de\u00a0 Fiscalizaci\u00f3n, que se hizo presente en la instituci\u00f3n de salud mencionada en la publicaci\u00f3n, constatando que en el d\u00eda domingo 25 del corriente el servicio de guardia estuvo cubierto<\/strong>\u201d, comunic\u00f3 el \u00e1rea.\u00a0<\/p>\n\n\n\n<p>\u201cNo obstante, se confirm\u00f3 el inicio de una investigaci\u00f3n de los hechos descriptos period\u00edsticamente respetando el debido proceso, <strong>solicitando a los damnificados que presenten la denuncia pertinente ante el Ministerio a efectos de cooperar en el avance de la investigaci\u00f3n<\/strong>, pudi\u00e9ndolo hacerlo a <a href=\"mailto:3fiscalizacionsalud@lapampa.gob.ar\">3fiscalizacionsalud@lapampa.gob.ar<\/a>\u201d, agreg\u00f3.<\/p>\n\n\n\n<p>\u201c<strong>Es exclusiva responsabilidad de las instituciones sanatoriales de estas caracter\u00edsticas, mantener la presencia de guardias activas las 24 horas los 365 d\u00edas del a\u00f1o, y de existir inconvenientes, el mismo Directorio y sus asociados m\u00e9dicos deben constituirse dentro de la instituci\u00f3n hasta resolver el problema<\/strong>\u201d, manifest\u00f3 Salud, en un comunicado de prensa.<\/p>\n\n\n\n<p>\u201cEn el caso particular, <strong>en el d\u00eda de la fecha desde el Departamento de Fiscalizaci\u00f3n y Asesor\u00eda Letrada del Ministerio se procedi\u00f3 a intimar a la instituci\u00f3n m\u00e9dica para que en el plazo de 48 horas informe el cronograma de guardias asignadas de los meses de junio y julio cuyo cumplimiento ser\u00e1 rigurosamente controlado<\/strong>\u201d, dijo. \u201cEl Ministerio no desconoce la crisis que transita el pa\u00eds con la falta de m\u00e9dicos para cubrir los servicios de guardia. Esto motiv\u00f3 el impulso de los cursos de capacitaci\u00f3n para entrenar profesionales que cubran esas necesidades, desde hace varios a\u00f1os. Tambi\u00e9n en situaciones particulares y ante la solicitud de colaboraci\u00f3n, el Ministerio facilit\u00f3 profesionales bajo los reglamentos vigentes frente a emergencias, privilegiando la salud de la comunidad (cuyo ejemplo m\u00e1s reciente se dio en la pandemia de COVID)\u201d, \u00a0se\u00f1al\u00f3.<\/p>\n\n\n\n<p>\u201cAnte hechos similares comprobados, luego de realizados los procedimientos reglamentarios, el Ministerio de Salud aplic\u00f3 diferentes sanciones punitorias, que son de car\u00e1cter progresivo y pueden llegar hasta clausuras parciales o totales de las instalaciones sanatoriales. Sin embargo, con el doloroso aprendizaje vivido en la pandemia, seguiremos privilegiando la cooperaci\u00f3n y articulaci\u00f3n entre ambos subsectores, pero respetando las obligaciones pertinentes inexcusables de cada uno de los actores involucrados en la atenci\u00f3n m\u00e9dica de la sociedad\u201d, concluy\u00f3.<\/p>\n","protected":false},"excerpt":{"rendered":"<p>El Ministerio de Salud de La Pampa inform\u00f3 este lunes que inici\u00f3 una \u201cinvestigaci\u00f3n\u201d luego de una denuncia p\u00fablica que indic\u00f3 que el Sanatorio Santa Rosa -ubicado en Mitre y&hellip;<\/p>\n","protected":false},"author":3,"featured_media":81923,"comment_status":"closed","ping_status":"open","sticky":false,"template":"","format":"standard","meta":{"_acf_changed":false,"footnotes":""},"categories":[1,11,12],"tags":[],"class_list":["post-229463","post","type-post","status-publish","format-standard","has-post-thumbnail","hentry","category-es-noticia","category-que-pasa","category-sociedad"],"acf":[],"yoast_head":"<!-- This site is optimized with the Yoast SEO plugin v27.5 - https:\/\/yoast.com\/product\/yoast-seo-wordpress\/ -->\n<title>Salud inici\u00f3 investigaci\u00f3n por la presunta falta de guardia m\u00e9dica en sanatorio - Diario Textual<\/title>\n<meta name=\"robots\" content=\"index, follow, max-snippet:-1, max-image-preview:large, max-video-preview:-1\" \/>\n<link rel=\"canonical\" href=\"https:\/\/diariotextual.com\/inicio\/index.php\/2023\/06\/26\/salud-inicio-investigacion-por-la-presunta-falta-de-guardia-medica-en-sanatorio\/\" \/>\n<meta property=\"og:locale\" content=\"es_ES\" \/>\n<meta property=\"og:type\" content=\"article\" \/>\n<meta property=\"og:title\" content=\"Salud inici\u00f3 investigaci\u00f3n por la presunta falta de guardia m\u00e9dica en sanatorio - Diario Textual\" \/>\n<meta property=\"og:description\" content=\"El Ministerio de Salud de La Pampa inform\u00f3 este lunes que inici\u00f3 una \u201cinvestigaci\u00f3n\u201d luego de una denuncia p\u00fablica que indic\u00f3 que el Sanatorio Santa Rosa -ubicado en Mitre y&hellip;\" \/>\n<meta property=\"og:url\" content=\"https:\/\/diariotextual.com\/inicio\/index.php\/2023\/06\/26\/salud-inicio-investigacion-por-la-presunta-falta-de-guardia-medica-en-sanatorio\/\" \/>\n<meta property=\"og:site_name\" content=\"Diario Textual\" \/>\n<meta property=\"article:publisher\" content=\"https:\/\/www.facebook.com\/eltextual\" \/>\n<meta property=\"article:published_time\" content=\"2023-06-26T14:41:04+00:00\" \/>\n<meta property=\"article:modified_time\" content=\"2023-06-26T17:38:06+00:00\" \/>\n<meta property=\"og:image\" content=\"https:\/\/diariotextual.com\/inicio\/wp-content\/uploads\/2020\/03\/sanatoriosantarosa-exterior.jpg\" \/>\n\t<meta property=\"og:image:width\" content=\"920\" \/>\n\t<meta property=\"og:image:height\" content=\"571\" \/>\n\t<meta property=\"og:image:type\" content=\"image\/jpeg\" \/>\n<meta name=\"author\" content=\"Diario1 Diario1\" \/>\n<meta name=\"twitter:card\" content=\"summary_large_image\" \/>\n<meta name=\"twitter:creator\" content=\"@eltextual\" \/>\n<meta name=\"twitter:site\" content=\"@eltextual\" \/>\n<meta name=\"twitter:label1\" content=\"Escrito por\" \/>\n\t<meta name=\"twitter:data1\" content=\"Diario1 Diario1\" \/>\n\t<meta name=\"twitter:label2\" content=\"Tiempo de lectura\" \/>\n\t<meta name=\"twitter:data2\" content=\"3 minutos\" \/>\n<script type=\"application\/ld+json\" class=\"yoast-schema-graph\">{\"@context\":\"https:\\\/\\\/schema.org\",\"@graph\":[{\"@type\":\"Article\",\"@id\":\"https:\\\/\\\/diariotextual.com\\\/inicio\\\/index.php\\\/2023\\\/06\\\/26\\\/salud-inicio-investigacion-por-la-presunta-falta-de-guardia-medica-en-sanatorio\\\/#article\",\"isPartOf\":{\"@id\":\"https:\\\/\\\/diariotextual.com\\\/inicio\\\/index.php\\\/2023\\\/06\\\/26\\\/salud-inicio-investigacion-por-la-presunta-falta-de-guardia-medica-en-sanatorio\\\/\"},\"author\":{\"name\":\"Diario1 Diario1\",\"@id\":\"https:\\\/\\\/diariotextual.com\\\/inicio\\\/#\\\/schema\\\/person\\\/418fc4093c33e86ed41562db3508f958\"},\"headline\":\"Salud inici\u00f3 investigaci\u00f3n por la presunta falta de guardia m\u00e9dica en sanatorio\",\"datePublished\":\"2023-06-26T14:41:04+00:00\",\"dateModified\":\"2023-06-26T17:38:06+00:00\",\"mainEntityOfPage\":{\"@id\":\"https:\\\/\\\/diariotextual.com\\\/inicio\\\/index.php\\\/2023\\\/06\\\/26\\\/salud-inicio-investigacion-por-la-presunta-falta-de-guardia-medica-en-sanatorio\\\/\"},\"wordCount\":523,\"publisher\":{\"@id\":\"https:\\\/\\\/diariotextual.com\\\/inicio\\\/#organization\"},\"image\":{\"@id\":\"https:\\\/\\\/diariotextual.com\\\/inicio\\\/index.php\\\/2023\\\/06\\\/26\\\/salud-inicio-investigacion-por-la-presunta-falta-de-guardia-medica-en-sanatorio\\\/#primaryimage\"},\"thumbnailUrl\":\"https:\\\/\\\/diariotextual.com\\\/inicio\\\/wp-content\\\/uploads\\\/2020\\\/03\\\/sanatoriosantarosa-exterior.jpg\",\"articleSection\":[\"A - ES NOTICIA (van abajo)\",\"A - QUE PASA (al costado)\",\"SOCIEDAD\"],\"inLanguage\":\"es\"},{\"@type\":\"WebPage\",\"@id\":\"https:\\\/\\\/diariotextual.com\\\/inicio\\\/index.php\\\/2023\\\/06\\\/26\\\/salud-inicio-investigacion-por-la-presunta-falta-de-guardia-medica-en-sanatorio\\\/\",\"url\":\"https:\\\/\\\/diariotextual.com\\\/inicio\\\/index.php\\\/2023\\\/06\\\/26\\\/salud-inicio-investigacion-por-la-presunta-falta-de-guardia-medica-en-sanatorio\\\/\",\"name\":\"Salud inici\u00f3 investigaci\u00f3n por la presunta falta de guardia m\u00e9dica en sanatorio - Diario Textual\",\"isPartOf\":{\"@id\":\"https:\\\/\\\/diariotextual.com\\\/inicio\\\/#website\"},\"primaryImageOfPage\":{\"@id\":\"https:\\\/\\\/diariotextual.com\\\/inicio\\\/index.php\\\/2023\\\/06\\\/26\\\/salud-inicio-investigacion-por-la-presunta-falta-de-guardia-medica-en-sanatorio\\\/#primaryimage\"},\"image\":{\"@id\":\"https:\\\/\\\/diariotextual.com\\\/inicio\\\/index.php\\\/2023\\\/06\\\/26\\\/salud-inicio-investigacion-por-la-presunta-falta-de-guardia-medica-en-sanatorio\\\/#primaryimage\"},\"thumbnailUrl\":\"https:\\\/\\\/diariotextual.com\\\/inicio\\\/wp-content\\\/uploads\\\/2020\\\/03\\\/sanatoriosantarosa-exterior.jpg\",\"datePublished\":\"2023-06-26T14:41:04+00:00\",\"dateModified\":\"2023-06-26T17:38:06+00:00\",\"breadcrumb\":{\"@id\":\"https:\\\/\\\/diariotextual.com\\\/inicio\\\/index.php\\\/2023\\\/06\\\/26\\\/salud-inicio-investigacion-por-la-presunta-falta-de-guardia-medica-en-sanatorio\\\/#breadcrumb\"},\"inLanguage\":\"es\",\"potentialAction\":[{\"@type\":\"ReadAction\",\"target\":[\"https:\\\/\\\/diariotextual.com\\\/inicio\\\/index.php\\\/2023\\\/06\\\/26\\\/salud-inicio-investigacion-por-la-presunta-falta-de-guardia-medica-en-sanatorio\\\/\"]}]},{\"@type\":\"ImageObject\",\"inLanguage\":\"es\",\"@id\":\"https:\\\/\\\/diariotextual.com\\\/inicio\\\/index.php\\\/2023\\\/06\\\/26\\\/salud-inicio-investigacion-por-la-presunta-falta-de-guardia-medica-en-sanatorio\\\/#primaryimage\",\"url\":\"https:\\\/\\\/diariotextual.com\\\/inicio\\\/wp-content\\\/uploads\\\/2020\\\/03\\\/sanatoriosantarosa-exterior.jpg\",\"contentUrl\":\"https:\\\/\\\/diariotextual.com\\\/inicio\\\/wp-content\\\/uploads\\\/2020\\\/03\\\/sanatoriosantarosa-exterior.jpg\",\"width\":920,\"height\":571},{\"@type\":\"BreadcrumbList\",\"@id\":\"https:\\\/\\\/diariotextual.com\\\/inicio\\\/index.php\\\/2023\\\/06\\\/26\\\/salud-inicio-investigacion-por-la-presunta-falta-de-guardia-medica-en-sanatorio\\\/#breadcrumb\",\"itemListElement\":[{\"@type\":\"ListItem\",\"position\":1,\"name\":\"Portada\",\"item\":\"https:\\\/\\\/diariotextual.com\\\/inicio\\\/\"},{\"@type\":\"ListItem\",\"position\":2,\"name\":\"Salud inici\u00f3 investigaci\u00f3n por la presunta falta de guardia m\u00e9dica en sanatorio\"}]},{\"@type\":\"WebSite\",\"@id\":\"https:\\\/\\\/diariotextual.com\\\/inicio\\\/#website\",\"url\":\"https:\\\/\\\/diariotextual.com\\\/inicio\\\/\",\"name\":\"Diario Textual\",\"description\":\"\",\"publisher\":{\"@id\":\"https:\\\/\\\/diariotextual.com\\\/inicio\\\/#organization\"},\"potentialAction\":[{\"@type\":\"SearchAction\",\"target\":{\"@type\":\"EntryPoint\",\"urlTemplate\":\"https:\\\/\\\/diariotextual.com\\\/inicio\\\/?s={search_term_string}\"},\"query-input\":{\"@type\":\"PropertyValueSpecification\",\"valueRequired\":true,\"valueName\":\"search_term_string\"}}],\"inLanguage\":\"es\"},{\"@type\":\"Organization\",\"@id\":\"https:\\\/\\\/diariotextual.com\\\/inicio\\\/#organization\",\"name\":\"Diario Textual\",\"url\":\"https:\\\/\\\/diariotextual.com\\\/inicio\\\/\",\"logo\":{\"@type\":\"ImageObject\",\"inLanguage\":\"es\",\"@id\":\"https:\\\/\\\/diariotextual.com\\\/inicio\\\/#\\\/schema\\\/logo\\\/image\\\/\",\"url\":\"https:\\\/\\\/diariotextual.com\\\/inicio\\\/wp-content\\\/uploads\\\/2023\\\/05\\\/logotextual1.jpg\",\"contentUrl\":\"https:\\\/\\\/diariotextual.com\\\/inicio\\\/wp-content\\\/uploads\\\/2023\\\/05\\\/logotextual1.jpg\",\"width\":516,\"height\":76,\"caption\":\"Diario Textual\"},\"image\":{\"@id\":\"https:\\\/\\\/diariotextual.com\\\/inicio\\\/#\\\/schema\\\/logo\\\/image\\\/\"},\"sameAs\":[\"https:\\\/\\\/www.facebook.com\\\/eltextual\",\"https:\\\/\\\/x.com\\\/eltextual\",\"http:\\\/\\\/www.instagram.com\\\/eltextual\"]},{\"@type\":\"Person\",\"@id\":\"https:\\\/\\\/diariotextual.com\\\/inicio\\\/#\\\/schema\\\/person\\\/418fc4093c33e86ed41562db3508f958\",\"name\":\"Diario1 Diario1\",\"image\":{\"@type\":\"ImageObject\",\"inLanguage\":\"es\",\"@id\":\"https:\\\/\\\/secure.gravatar.com\\\/avatar\\\/9167d280179c85bc18be67aa7eda765854300033af4896dd779b608640f2ef7a?s=96&d=mm&r=g\",\"url\":\"https:\\\/\\\/secure.gravatar.com\\\/avatar\\\/9167d280179c85bc18be67aa7eda765854300033af4896dd779b608640f2ef7a?s=96&d=mm&r=g\",\"contentUrl\":\"https:\\\/\\\/secure.gravatar.com\\\/avatar\\\/9167d280179c85bc18be67aa7eda765854300033af4896dd779b608640f2ef7a?s=96&d=mm&r=g\",\"caption\":\"Diario1 Diario1\"},\"url\":\"https:\\\/\\\/diariotextual.com\\\/inicio\\\/index.php\\\/author\\\/diario1\\\/\"}]}<\/script>\n<!-- \/ Yoast SEO plugin. -->","yoast_head_json":{"title":"Salud inici\u00f3 investigaci\u00f3n por la presunta falta de guardia m\u00e9dica en sanatorio - Diario Textual","robots":{"index":"index","follow":"follow","max-snippet":"max-snippet:-1","max-image-preview":"max-image-preview:large","max-video-preview":"max-video-preview:-1"},"canonical":"https:\/\/diariotextual.com\/inicio\/index.php\/2023\/06\/26\/salud-inicio-investigacion-por-la-presunta-falta-de-guardia-medica-en-sanatorio\/","og_locale":"es_ES","og_type":"article","og_title":"Salud inici\u00f3 investigaci\u00f3n por la presunta falta de guardia m\u00e9dica en sanatorio - Diario Textual","og_description":"El Ministerio de Salud de La Pampa inform\u00f3 este lunes que inici\u00f3 una \u201cinvestigaci\u00f3n\u201d luego de una denuncia p\u00fablica que indic\u00f3 que el Sanatorio Santa Rosa -ubicado en Mitre y&hellip;","og_url":"https:\/\/diariotextual.com\/inicio\/index.php\/2023\/06\/26\/salud-inicio-investigacion-por-la-presunta-falta-de-guardia-medica-en-sanatorio\/","og_site_name":"Diario Textual","article_publisher":"https:\/\/www.facebook.com\/eltextual","article_published_time":"2023-06-26T14:41:04+00:00","article_modified_time":"2023-06-26T17:38:06+00:00","og_image":[{"width":920,"height":571,"url":"https:\/\/diariotextual.com\/inicio\/wp-content\/uploads\/2020\/03\/sanatoriosantarosa-exterior.jpg","type":"image\/jpeg"}],"author":"Diario1 Diario1","twitter_card":"summary_large_image","twitter_creator":"@eltextual","twitter_site":"@eltextual","twitter_misc":{"Escrito por":"Diario1 Diario1","Tiempo de lectura":"3 minutos"},"schema":{"@context":"https:\/\/schema.org","@graph":[{"@type":"Article","@id":"https:\/\/diariotextual.com\/inicio\/index.php\/2023\/06\/26\/salud-inicio-investigacion-por-la-presunta-falta-de-guardia-medica-en-sanatorio\/#article","isPartOf":{"@id":"https:\/\/diariotextual.com\/inicio\/index.php\/2023\/06\/26\/salud-inicio-investigacion-por-la-presunta-falta-de-guardia-medica-en-sanatorio\/"},"author":{"name":"Diario1 Diario1","@id":"https:\/\/diariotextual.com\/inicio\/#\/schema\/person\/418fc4093c33e86ed41562db3508f958"},"headline":"Salud inici\u00f3 investigaci\u00f3n por la presunta falta de guardia m\u00e9dica en sanatorio","datePublished":"2023-06-26T14:41:04+00:00","dateModified":"2023-06-26T17:38:06+00:00","mainEntityOfPage":{"@id":"https:\/\/diariotextual.com\/inicio\/index.php\/2023\/06\/26\/salud-inicio-investigacion-por-la-presunta-falta-de-guardia-medica-en-sanatorio\/"},"wordCount":523,"publisher":{"@id":"https:\/\/diariotextual.com\/inicio\/#organization"},"image":{"@id":"https:\/\/diariotextual.com\/inicio\/index.php\/2023\/06\/26\/salud-inicio-investigacion-por-la-presunta-falta-de-guardia-medica-en-sanatorio\/#primaryimage"},"thumbnailUrl":"https:\/\/diariotextual.com\/inicio\/wp-content\/uploads\/2020\/03\/sanatoriosantarosa-exterior.jpg","articleSection":["A - ES NOTICIA (van abajo)","A - QUE PASA (al costado)","SOCIEDAD"],"inLanguage":"es"},{"@type":"WebPage","@id":"https:\/\/diariotextual.com\/inicio\/index.php\/2023\/06\/26\/salud-inicio-investigacion-por-la-presunta-falta-de-guardia-medica-en-sanatorio\/","url":"https:\/\/diariotextual.com\/inicio\/index.php\/2023\/06\/26\/salud-inicio-investigacion-por-la-presunta-falta-de-guardia-medica-en-sanatorio\/","name":"Salud inici\u00f3 investigaci\u00f3n por la presunta falta de guardia m\u00e9dica en sanatorio - Diario Textual","isPartOf":{"@id":"https:\/\/diariotextual.com\/inicio\/#website"},"primaryImageOfPage":{"@id":"https:\/\/diariotextual.com\/inicio\/index.php\/2023\/06\/26\/salud-inicio-investigacion-por-la-presunta-falta-de-guardia-medica-en-sanatorio\/#primaryimage"},"image":{"@id":"https:\/\/diariotextual.com\/inicio\/index.php\/2023\/06\/26\/salud-inicio-investigacion-por-la-presunta-falta-de-guardia-medica-en-sanatorio\/#primaryimage"},"thumbnailUrl":"https:\/\/diariotextual.com\/inicio\/wp-content\/uploads\/2020\/03\/sanatoriosantarosa-exterior.jpg","datePublished":"2023-06-26T14:41:04+00:00","dateModified":"2023-06-26T17:38:06+00:00","breadcrumb":{"@id":"https:\/\/diariotextual.com\/inicio\/index.php\/2023\/06\/26\/salud-inicio-investigacion-por-la-presunta-falta-de-guardia-medica-en-sanatorio\/#breadcrumb"},"inLanguage":"es","potentialAction":[{"@type":"ReadAction","target":["https:\/\/diariotextual.com\/inicio\/index.php\/2023\/06\/26\/salud-inicio-investigacion-por-la-presunta-falta-de-guardia-medica-en-sanatorio\/"]}]},{"@type":"ImageObject","inLanguage":"es","@id":"https:\/\/diariotextual.com\/inicio\/index.php\/2023\/06\/26\/salud-inicio-investigacion-por-la-presunta-falta-de-guardia-medica-en-sanatorio\/#primaryimage","url":"https:\/\/diariotextual.com\/inicio\/wp-content\/uploads\/2020\/03\/sanatoriosantarosa-exterior.jpg","contentUrl":"https:\/\/diariotextual.com\/inicio\/wp-content\/uploads\/2020\/03\/sanatoriosantarosa-exterior.jpg","width":920,"height":571},{"@type":"BreadcrumbList","@id":"https:\/\/diariotextual.com\/inicio\/index.php\/2023\/06\/26\/salud-inicio-investigacion-por-la-presunta-falta-de-guardia-medica-en-sanatorio\/#breadcrumb","itemListElement":[{"@type":"ListItem","position":1,"name":"Portada","item":"https:\/\/diariotextual.com\/inicio\/"},{"@type":"ListItem","position":2,"name":"Salud inici\u00f3 investigaci\u00f3n por la presunta falta de guardia m\u00e9dica en sanatorio"}]},{"@type":"WebSite","@id":"https:\/\/diariotextual.com\/inicio\/#website","url":"https:\/\/diariotextual.com\/inicio\/","name":"Diario Textual","description":"","publisher":{"@id":"https:\/\/diariotextual.com\/inicio\/#organization"},"potentialAction":[{"@type":"SearchAction","target":{"@type":"EntryPoint","urlTemplate":"https:\/\/diariotextual.com\/inicio\/?s={search_term_string}"},"query-input":{"@type":"PropertyValueSpecification","valueRequired":true,"valueName":"search_term_string"}}],"inLanguage":"es"},{"@type":"Organization","@id":"https:\/\/diariotextual.com\/inicio\/#organization","name":"Diario Textual","url":"https:\/\/diariotextual.com\/inicio\/","logo":{"@type":"ImageObject","inLanguage":"es","@id":"https:\/\/diariotextual.com\/inicio\/#\/schema\/logo\/image\/","url":"https:\/\/diariotextual.com\/inicio\/wp-content\/uploads\/2023\/05\/logotextual1.jpg","contentUrl":"https:\/\/diariotextual.com\/inicio\/wp-content\/uploads\/2023\/05\/logotextual1.jpg","width":516,"height":76,"caption":"Diario Textual"},"image":{"@id":"https:\/\/diariotextual.com\/inicio\/#\/schema\/logo\/image\/"},"sameAs":["https:\/\/www.facebook.com\/eltextual","https:\/\/x.com\/eltextual","http:\/\/www.instagram.com\/eltextual"]},{"@type":"Person","@id":"https:\/\/diariotextual.com\/inicio\/#\/schema\/person\/418fc4093c33e86ed41562db3508f958","name":"Diario1 Diario1","image":{"@type":"ImageObject","inLanguage":"es","@id":"https:\/\/secure.gravatar.com\/avatar\/9167d280179c85bc18be67aa7eda765854300033af4896dd779b608640f2ef7a?s=96&d=mm&r=g","url":"https:\/\/secure.gravatar.com\/avatar\/9167d280179c85bc18be67aa7eda765854300033af4896dd779b608640f2ef7a?s=96&d=mm&r=g","contentUrl":"https:\/\/secure.gravatar.com\/avatar\/9167d280179c85bc18be67aa7eda765854300033af4896dd779b608640f2ef7a?s=96&d=mm&r=g","caption":"Diario1 Diario1"},"url":"https:\/\/diariotextual.com\/inicio\/index.php\/author\/diario1\/"}]}},"_links":{"self":[{"href":"https:\/\/diariotextual.com\/inicio\/index.php\/wp-json\/wp\/v2\/posts\/229463","targetHints":{"allow":["GET"]}}],"collection":[{"href":"https:\/\/diariotextual.com\/inicio\/index.php\/wp-json\/wp\/v2\/posts"}],"about":[{"href":"https:\/\/diariotextual.com\/inicio\/index.php\/wp-json\/wp\/v2\/types\/post"}],"author":[{"embeddable":true,"href":"https:\/\/diariotextual.com\/inicio\/index.php\/wp-json\/wp\/v2\/users\/3"}],"replies":[{"embeddable":true,"href":"https:\/\/diariotextual.com\/inicio\/index.php\/wp-json\/wp\/v2\/comments?post=229463"}],"version-history":[{"count":3,"href":"https:\/\/diariotextual.com\/inicio\/index.php\/wp-json\/wp\/v2\/posts\/229463\/revisions"}],"predecessor-version":[{"id":229467,"href":"https:\/\/diariotextual.com\/inicio\/index.php\/wp-json\/wp\/v2\/posts\/229463\/revisions\/229467"}],"wp:featuredmedia":[{"embeddable":true,"href":"https:\/\/diariotextual.com\/inicio\/index.php\/wp-json\/wp\/v2\/media\/81923"}],"wp:attachment":[{"href":"https:\/\/diariotextual.com\/inicio\/index.php\/wp-json\/wp\/v2\/media?parent=229463"}],"wp:term":[{"taxonomy":"category","embeddable":true,"href":"https:\/\/diariotextual.com\/inicio\/index.php\/wp-json\/wp\/v2\/categories?post=229463"},{"taxonomy":"post_tag","embeddable":true,"href":"https:\/\/diariotextual.com\/inicio\/index.php\/wp-json\/wp\/v2\/tags?post=229463"}],"curies":[{"name":"wp","href":"https:\/\/api.w.org\/{rel}","templated":true}]}}