{"id":229471,"date":"2023-06-26T13:27:06","date_gmt":"2023-06-26T16:27:06","guid":{"rendered":"https:\/\/diariotextual.com\/inicio\/?p=229471"},"modified":"2023-06-26T13:27:07","modified_gmt":"2023-06-26T16:27:07","slug":"convocan-a-escritores-pampeanos-a-presentar-sus-libros-en-la-feria-del-libro","status":"publish","type":"post","link":"https:\/\/diariotextual.com\/inicio\/index.php\/2023\/06\/26\/convocan-a-escritores-pampeanos-a-presentar-sus-libros-en-la-feria-del-libro\/","title":{"rendered":"Convocan a escritores pampeanos a presentar sus libros en la Feria del Libro"},"content":{"rendered":"\n<p>La Secretar\u00eda de Cultura del Gobierno de La Pampa y la municipalidad de General Pico recordaron la convocatoria a escritoras y escritores pampeanos a presentar sus <strong>libros de literatura infantil\/juvenil <\/strong>o vinculados a las infancias, en el marco de una nueva edici\u00f3n de la <strong>Feria del Libro de General Pico, que se desarrollar\u00e1 desde el jueves 31 de agosto al s\u00e1bado 2 de septiembre.<\/strong><\/p>\n\n\n\n<p>La propuesta incluye libros que no se hayan presentado en la anterior edici\u00f3n de la feria en General Pico y cada presentaci\u00f3n tendr\u00e1 una duraci\u00f3n de 60 minutos.<\/p>\n\n\n\n<p>Se aclara a los autores\/as pampeanos\/as que solamente podr\u00e1n presentar su libro en una de las dos ferias provinciales que se har\u00e1n en 2023, ya sea esta de General Pico o la de Santa Rosa que se realizar\u00e1 del 5 al 8 de octubre en el Centro Cultural MEDASUR.<\/p>\n\n\n\n<p>Para participar se solicit\u00f3:<\/p>\n\n\n\n<p>&#8211; Ser pampeano o residente desde hace dos (2) a\u00f1os en la provincia.<\/p>\n\n\n\n<p>&#8211; A\u00f1o de edici\u00f3n de la publicaci\u00f3n a presentar: de 2021 en adelante.<\/p>\n\n\n\n<p>&#8211; Que abarque la tem\u00e1tica infantil y\/o juvenil.<\/p>\n\n\n\n<p>&#8211; Que no se haya presentado en la edici\u00f3n anterior de la feria en General Pico.<\/p>\n\n\n\n<p>&#8211; El plazo l\u00edmite para la inscripci\u00f3n es el lunes 31 de julio.<\/p>\n\n\n\n<p>Las escritoras y escritores deber\u00e1n escribir al correo lapampaferiadellibro@gmail.com e informar el t\u00edtulo del libro, apellido y nombre del autor\/a, una breve descripci\u00f3n de la obra y a qu\u00e9 edades est\u00e1 destinada, as\u00ed como las necesidades t\u00e9cnicas requeridas para su presentaci\u00f3n, en caso de ser necesario.<\/p>\n\n\n\n<p>La Secretar\u00eda de Cultura tambi\u00e9n inform\u00f3 que una vez cerrado el programa de actividades se invitar\u00e1 a las escuelas de General Pico y de la zona a inscribirse para participar de las diferentes propuestas y talleres que se brindar\u00e1n en esta Feria del Libro Infantil y Juvenil.<\/p>\n","protected":false},"excerpt":{"rendered":"<p>La Secretar\u00eda de Cultura del Gobierno de La Pampa y la municipalidad de General Pico recordaron la convocatoria a escritoras y escritores pampeanos a presentar sus libros de literatura infantil\/juvenil&hellip;<\/p>\n","protected":false},"author":4,"featured_media":43631,"comment_status":"closed","ping_status":"open","sticky":false,"template":"","format":"standard","meta":{"_acf_changed":false,"footnotes":""},"categories":[1,2],"tags":[],"class_list":["post-229471","post","type-post","status-publish","format-standard","has-post-thumbnail","hentry","category-es-noticia","category-cultura"],"acf":[],"yoast_head":"<!-- This site is optimized with the Yoast SEO plugin v27.5 - https:\/\/yoast.com\/product\/yoast-seo-wordpress\/ -->\n<title>Convocan a escritores pampeanos a presentar sus libros en la Feria del Libro - Diario Textual<\/title>\n<meta name=\"robots\" content=\"index, follow, max-snippet:-1, max-image-preview:large, max-video-preview:-1\" \/>\n<link rel=\"canonical\" href=\"https:\/\/diariotextual.com\/inicio\/index.php\/2023\/06\/26\/convocan-a-escritores-pampeanos-a-presentar-sus-libros-en-la-feria-del-libro\/\" \/>\n<meta property=\"og:locale\" content=\"es_ES\" \/>\n<meta property=\"og:type\" content=\"article\" \/>\n<meta property=\"og:title\" content=\"Convocan a escritores pampeanos a presentar sus libros en la Feria del Libro - Diario Textual\" \/>\n<meta property=\"og:description\" content=\"La Secretar\u00eda de Cultura del Gobierno de La Pampa y la municipalidad de General Pico recordaron la convocatoria a escritoras y escritores pampeanos a presentar sus libros de literatura infantil\/juvenil&hellip;\" \/>\n<meta property=\"og:url\" content=\"https:\/\/diariotextual.com\/inicio\/index.php\/2023\/06\/26\/convocan-a-escritores-pampeanos-a-presentar-sus-libros-en-la-feria-del-libro\/\" \/>\n<meta property=\"og:site_name\" content=\"Diario Textual\" \/>\n<meta property=\"article:publisher\" content=\"https:\/\/www.facebook.com\/eltextual\" \/>\n<meta property=\"article:published_time\" content=\"2023-06-26T16:27:06+00:00\" \/>\n<meta property=\"article:modified_time\" content=\"2023-06-26T16:27:07+00:00\" \/>\n<meta property=\"og:image\" content=\"https:\/\/diariotextual.com\/inicio\/wp-content\/uploads\/2019\/03\/ferialibroquemulectura43.jpg\" \/>\n\t<meta property=\"og:image:width\" content=\"807\" \/>\n\t<meta property=\"og:image:height\" content=\"477\" \/>\n\t<meta property=\"og:image:type\" content=\"image\/jpeg\" \/>\n<meta name=\"author\" content=\"diario2\" \/>\n<meta name=\"twitter:card\" content=\"summary_large_image\" \/>\n<meta name=\"twitter:creator\" content=\"@eltextual\" \/>\n<meta name=\"twitter:site\" content=\"@eltextual\" \/>\n<meta name=\"twitter:label1\" content=\"Escrito por\" \/>\n\t<meta name=\"twitter:data1\" content=\"diario2\" \/>\n\t<meta name=\"twitter:label2\" content=\"Tiempo de lectura\" \/>\n\t<meta name=\"twitter:data2\" content=\"2 minutos\" \/>\n<script type=\"application\/ld+json\" class=\"yoast-schema-graph\">{\"@context\":\"https:\\\/\\\/schema.org\",\"@graph\":[{\"@type\":\"Article\",\"@id\":\"https:\\\/\\\/diariotextual.com\\\/inicio\\\/index.php\\\/2023\\\/06\\\/26\\\/convocan-a-escritores-pampeanos-a-presentar-sus-libros-en-la-feria-del-libro\\\/#article\",\"isPartOf\":{\"@id\":\"https:\\\/\\\/diariotextual.com\\\/inicio\\\/index.php\\\/2023\\\/06\\\/26\\\/convocan-a-escritores-pampeanos-a-presentar-sus-libros-en-la-feria-del-libro\\\/\"},\"author\":{\"name\":\"diario2\",\"@id\":\"https:\\\/\\\/diariotextual.com\\\/inicio\\\/#\\\/schema\\\/person\\\/694f60677f23c4a530867a98f22b3768\"},\"headline\":\"Convocan a escritores pampeanos a presentar sus libros en la Feria del Libro\",\"datePublished\":\"2023-06-26T16:27:06+00:00\",\"dateModified\":\"2023-06-26T16:27:07+00:00\",\"mainEntityOfPage\":{\"@id\":\"https:\\\/\\\/diariotextual.com\\\/inicio\\\/index.php\\\/2023\\\/06\\\/26\\\/convocan-a-escritores-pampeanos-a-presentar-sus-libros-en-la-feria-del-libro\\\/\"},\"wordCount\":336,\"publisher\":{\"@id\":\"https:\\\/\\\/diariotextual.com\\\/inicio\\\/#organization\"},\"image\":{\"@id\":\"https:\\\/\\\/diariotextual.com\\\/inicio\\\/index.php\\\/2023\\\/06\\\/26\\\/convocan-a-escritores-pampeanos-a-presentar-sus-libros-en-la-feria-del-libro\\\/#primaryimage\"},\"thumbnailUrl\":\"https:\\\/\\\/diariotextual.com\\\/inicio\\\/wp-content\\\/uploads\\\/2019\\\/03\\\/ferialibroquemulectura43.jpg\",\"articleSection\":[\"A - ES NOTICIA (van abajo)\",\"CULTURA\"],\"inLanguage\":\"es\"},{\"@type\":\"WebPage\",\"@id\":\"https:\\\/\\\/diariotextual.com\\\/inicio\\\/index.php\\\/2023\\\/06\\\/26\\\/convocan-a-escritores-pampeanos-a-presentar-sus-libros-en-la-feria-del-libro\\\/\",\"url\":\"https:\\\/\\\/diariotextual.com\\\/inicio\\\/index.php\\\/2023\\\/06\\\/26\\\/convocan-a-escritores-pampeanos-a-presentar-sus-libros-en-la-feria-del-libro\\\/\",\"name\":\"Convocan a escritores pampeanos a presentar sus libros en la Feria del Libro - Diario Textual\",\"isPartOf\":{\"@id\":\"https:\\\/\\\/diariotextual.com\\\/inicio\\\/#website\"},\"primaryImageOfPage\":{\"@id\":\"https:\\\/\\\/diariotextual.com\\\/inicio\\\/index.php\\\/2023\\\/06\\\/26\\\/convocan-a-escritores-pampeanos-a-presentar-sus-libros-en-la-feria-del-libro\\\/#primaryimage\"},\"image\":{\"@id\":\"https:\\\/\\\/diariotextual.com\\\/inicio\\\/index.php\\\/2023\\\/06\\\/26\\\/convocan-a-escritores-pampeanos-a-presentar-sus-libros-en-la-feria-del-libro\\\/#primaryimage\"},\"thumbnailUrl\":\"https:\\\/\\\/diariotextual.com\\\/inicio\\\/wp-content\\\/uploads\\\/2019\\\/03\\\/ferialibroquemulectura43.jpg\",\"datePublished\":\"2023-06-26T16:27:06+00:00\",\"dateModified\":\"2023-06-26T16:27:07+00:00\",\"breadcrumb\":{\"@id\":\"https:\\\/\\\/diariotextual.com\\\/inicio\\\/index.php\\\/2023\\\/06\\\/26\\\/convocan-a-escritores-pampeanos-a-presentar-sus-libros-en-la-feria-del-libro\\\/#breadcrumb\"},\"inLanguage\":\"es\",\"potentialAction\":[{\"@type\":\"ReadAction\",\"target\":[\"https:\\\/\\\/diariotextual.com\\\/inicio\\\/index.php\\\/2023\\\/06\\\/26\\\/convocan-a-escritores-pampeanos-a-presentar-sus-libros-en-la-feria-del-libro\\\/\"]}]},{\"@type\":\"ImageObject\",\"inLanguage\":\"es\",\"@id\":\"https:\\\/\\\/diariotextual.com\\\/inicio\\\/index.php\\\/2023\\\/06\\\/26\\\/convocan-a-escritores-pampeanos-a-presentar-sus-libros-en-la-feria-del-libro\\\/#primaryimage\",\"url\":\"https:\\\/\\\/diariotextual.com\\\/inicio\\\/wp-content\\\/uploads\\\/2019\\\/03\\\/ferialibroquemulectura43.jpg\",\"contentUrl\":\"https:\\\/\\\/diariotextual.com\\\/inicio\\\/wp-content\\\/uploads\\\/2019\\\/03\\\/ferialibroquemulectura43.jpg\",\"width\":807,\"height\":477},{\"@type\":\"BreadcrumbList\",\"@id\":\"https:\\\/\\\/diariotextual.com\\\/inicio\\\/index.php\\\/2023\\\/06\\\/26\\\/convocan-a-escritores-pampeanos-a-presentar-sus-libros-en-la-feria-del-libro\\\/#breadcrumb\",\"itemListElement\":[{\"@type\":\"ListItem\",\"position\":1,\"name\":\"Portada\",\"item\":\"https:\\\/\\\/diariotextual.com\\\/inicio\\\/\"},{\"@type\":\"ListItem\",\"position\":2,\"name\":\"Convocan a escritores pampeanos a presentar sus libros en la Feria del Libro\"}]},{\"@type\":\"WebSite\",\"@id\":\"https:\\\/\\\/diariotextual.com\\\/inicio\\\/#website\",\"url\":\"https:\\\/\\\/diariotextual.com\\\/inicio\\\/\",\"name\":\"Diario Textual\",\"description\":\"\",\"publisher\":{\"@id\":\"https:\\\/\\\/diariotextual.com\\\/inicio\\\/#organization\"},\"potentialAction\":[{\"@type\":\"SearchAction\",\"target\":{\"@type\":\"EntryPoint\",\"urlTemplate\":\"https:\\\/\\\/diariotextual.com\\\/inicio\\\/?s={search_term_string}\"},\"query-input\":{\"@type\":\"PropertyValueSpecification\",\"valueRequired\":true,\"valueName\":\"search_term_string\"}}],\"inLanguage\":\"es\"},{\"@type\":\"Organization\",\"@id\":\"https:\\\/\\\/diariotextual.com\\\/inicio\\\/#organization\",\"name\":\"Diario Textual\",\"url\":\"https:\\\/\\\/diariotextual.com\\\/inicio\\\/\",\"logo\":{\"@type\":\"ImageObject\",\"inLanguage\":\"es\",\"@id\":\"https:\\\/\\\/diariotextual.com\\\/inicio\\\/#\\\/schema\\\/logo\\\/image\\\/\",\"url\":\"https:\\\/\\\/diariotextual.com\\\/inicio\\\/wp-content\\\/uploads\\\/2023\\\/05\\\/logotextual1.jpg\",\"contentUrl\":\"https:\\\/\\\/diariotextual.com\\\/inicio\\\/wp-content\\\/uploads\\\/2023\\\/05\\\/logotextual1.jpg\",\"width\":516,\"height\":76,\"caption\":\"Diario Textual\"},\"image\":{\"@id\":\"https:\\\/\\\/diariotextual.com\\\/inicio\\\/#\\\/schema\\\/logo\\\/image\\\/\"},\"sameAs\":[\"https:\\\/\\\/www.facebook.com\\\/eltextual\",\"https:\\\/\\\/x.com\\\/eltextual\",\"http:\\\/\\\/www.instagram.com\\\/eltextual\"]},{\"@type\":\"Person\",\"@id\":\"https:\\\/\\\/diariotextual.com\\\/inicio\\\/#\\\/schema\\\/person\\\/694f60677f23c4a530867a98f22b3768\",\"name\":\"diario2\",\"image\":{\"@type\":\"ImageObject\",\"inLanguage\":\"es\",\"@id\":\"https:\\\/\\\/secure.gravatar.com\\\/avatar\\\/5a2567495ba16b852fcd8f1ed006a2e24fcace936018ed8237e95f488ad6e0a7?s=96&d=mm&r=g\",\"url\":\"https:\\\/\\\/secure.gravatar.com\\\/avatar\\\/5a2567495ba16b852fcd8f1ed006a2e24fcace936018ed8237e95f488ad6e0a7?s=96&d=mm&r=g\",\"contentUrl\":\"https:\\\/\\\/secure.gravatar.com\\\/avatar\\\/5a2567495ba16b852fcd8f1ed006a2e24fcace936018ed8237e95f488ad6e0a7?s=96&d=mm&r=g\",\"caption\":\"diario2\"},\"url\":\"https:\\\/\\\/diariotextual.com\\\/inicio\\\/index.php\\\/author\\\/diario2\\\/\"}]}<\/script>\n<!-- \/ Yoast SEO plugin. -->","yoast_head_json":{"title":"Convocan a escritores pampeanos a presentar sus libros en la Feria del Libro - Diario Textual","robots":{"index":"index","follow":"follow","max-snippet":"max-snippet:-1","max-image-preview":"max-image-preview:large","max-video-preview":"max-video-preview:-1"},"canonical":"https:\/\/diariotextual.com\/inicio\/index.php\/2023\/06\/26\/convocan-a-escritores-pampeanos-a-presentar-sus-libros-en-la-feria-del-libro\/","og_locale":"es_ES","og_type":"article","og_title":"Convocan a escritores pampeanos a presentar sus libros en la Feria del Libro - Diario Textual","og_description":"La Secretar\u00eda de Cultura del Gobierno de La Pampa y la municipalidad de General Pico recordaron la convocatoria a escritoras y escritores pampeanos a presentar sus libros de literatura infantil\/juvenil&hellip;","og_url":"https:\/\/diariotextual.com\/inicio\/index.php\/2023\/06\/26\/convocan-a-escritores-pampeanos-a-presentar-sus-libros-en-la-feria-del-libro\/","og_site_name":"Diario Textual","article_publisher":"https:\/\/www.facebook.com\/eltextual","article_published_time":"2023-06-26T16:27:06+00:00","article_modified_time":"2023-06-26T16:27:07+00:00","og_image":[{"width":807,"height":477,"url":"https:\/\/diariotextual.com\/inicio\/wp-content\/uploads\/2019\/03\/ferialibroquemulectura43.jpg","type":"image\/jpeg"}],"author":"diario2","twitter_card":"summary_large_image","twitter_creator":"@eltextual","twitter_site":"@eltextual","twitter_misc":{"Escrito por":"diario2","Tiempo de lectura":"2 minutos"},"schema":{"@context":"https:\/\/schema.org","@graph":[{"@type":"Article","@id":"https:\/\/diariotextual.com\/inicio\/index.php\/2023\/06\/26\/convocan-a-escritores-pampeanos-a-presentar-sus-libros-en-la-feria-del-libro\/#article","isPartOf":{"@id":"https:\/\/diariotextual.com\/inicio\/index.php\/2023\/06\/26\/convocan-a-escritores-pampeanos-a-presentar-sus-libros-en-la-feria-del-libro\/"},"author":{"name":"diario2","@id":"https:\/\/diariotextual.com\/inicio\/#\/schema\/person\/694f60677f23c4a530867a98f22b3768"},"headline":"Convocan a escritores pampeanos a presentar sus libros en la Feria del Libro","datePublished":"2023-06-26T16:27:06+00:00","dateModified":"2023-06-26T16:27:07+00:00","mainEntityOfPage":{"@id":"https:\/\/diariotextual.com\/inicio\/index.php\/2023\/06\/26\/convocan-a-escritores-pampeanos-a-presentar-sus-libros-en-la-feria-del-libro\/"},"wordCount":336,"publisher":{"@id":"https:\/\/diariotextual.com\/inicio\/#organization"},"image":{"@id":"https:\/\/diariotextual.com\/inicio\/index.php\/2023\/06\/26\/convocan-a-escritores-pampeanos-a-presentar-sus-libros-en-la-feria-del-libro\/#primaryimage"},"thumbnailUrl":"https:\/\/diariotextual.com\/inicio\/wp-content\/uploads\/2019\/03\/ferialibroquemulectura43.jpg","articleSection":["A - ES NOTICIA (van abajo)","CULTURA"],"inLanguage":"es"},{"@type":"WebPage","@id":"https:\/\/diariotextual.com\/inicio\/index.php\/2023\/06\/26\/convocan-a-escritores-pampeanos-a-presentar-sus-libros-en-la-feria-del-libro\/","url":"https:\/\/diariotextual.com\/inicio\/index.php\/2023\/06\/26\/convocan-a-escritores-pampeanos-a-presentar-sus-libros-en-la-feria-del-libro\/","name":"Convocan a escritores pampeanos a presentar sus libros en la Feria del Libro - Diario Textual","isPartOf":{"@id":"https:\/\/diariotextual.com\/inicio\/#website"},"primaryImageOfPage":{"@id":"https:\/\/diariotextual.com\/inicio\/index.php\/2023\/06\/26\/convocan-a-escritores-pampeanos-a-presentar-sus-libros-en-la-feria-del-libro\/#primaryimage"},"image":{"@id":"https:\/\/diariotextual.com\/inicio\/index.php\/2023\/06\/26\/convocan-a-escritores-pampeanos-a-presentar-sus-libros-en-la-feria-del-libro\/#primaryimage"},"thumbnailUrl":"https:\/\/diariotextual.com\/inicio\/wp-content\/uploads\/2019\/03\/ferialibroquemulectura43.jpg","datePublished":"2023-06-26T16:27:06+00:00","dateModified":"2023-06-26T16:27:07+00:00","breadcrumb":{"@id":"https:\/\/diariotextual.com\/inicio\/index.php\/2023\/06\/26\/convocan-a-escritores-pampeanos-a-presentar-sus-libros-en-la-feria-del-libro\/#breadcrumb"},"inLanguage":"es","potentialAction":[{"@type":"ReadAction","target":["https:\/\/diariotextual.com\/inicio\/index.php\/2023\/06\/26\/convocan-a-escritores-pampeanos-a-presentar-sus-libros-en-la-feria-del-libro\/"]}]},{"@type":"ImageObject","inLanguage":"es","@id":"https:\/\/diariotextual.com\/inicio\/index.php\/2023\/06\/26\/convocan-a-escritores-pampeanos-a-presentar-sus-libros-en-la-feria-del-libro\/#primaryimage","url":"https:\/\/diariotextual.com\/inicio\/wp-content\/uploads\/2019\/03\/ferialibroquemulectura43.jpg","contentUrl":"https:\/\/diariotextual.com\/inicio\/wp-content\/uploads\/2019\/03\/ferialibroquemulectura43.jpg","width":807,"height":477},{"@type":"BreadcrumbList","@id":"https:\/\/diariotextual.com\/inicio\/index.php\/2023\/06\/26\/convocan-a-escritores-pampeanos-a-presentar-sus-libros-en-la-feria-del-libro\/#breadcrumb","itemListElement":[{"@type":"ListItem","position":1,"name":"Portada","item":"https:\/\/diariotextual.com\/inicio\/"},{"@type":"ListItem","position":2,"name":"Convocan a escritores pampeanos a presentar sus libros en la Feria del Libro"}]},{"@type":"WebSite","@id":"https:\/\/diariotextual.com\/inicio\/#website","url":"https:\/\/diariotextual.com\/inicio\/","name":"Diario Textual","description":"","publisher":{"@id":"https:\/\/diariotextual.com\/inicio\/#organization"},"potentialAction":[{"@type":"SearchAction","target":{"@type":"EntryPoint","urlTemplate":"https:\/\/diariotextual.com\/inicio\/?s={search_term_string}"},"query-input":{"@type":"PropertyValueSpecification","valueRequired":true,"valueName":"search_term_string"}}],"inLanguage":"es"},{"@type":"Organization","@id":"https:\/\/diariotextual.com\/inicio\/#organization","name":"Diario Textual","url":"https:\/\/diariotextual.com\/inicio\/","logo":{"@type":"ImageObject","inLanguage":"es","@id":"https:\/\/diariotextual.com\/inicio\/#\/schema\/logo\/image\/","url":"https:\/\/diariotextual.com\/inicio\/wp-content\/uploads\/2023\/05\/logotextual1.jpg","contentUrl":"https:\/\/diariotextual.com\/inicio\/wp-content\/uploads\/2023\/05\/logotextual1.jpg","width":516,"height":76,"caption":"Diario Textual"},"image":{"@id":"https:\/\/diariotextual.com\/inicio\/#\/schema\/logo\/image\/"},"sameAs":["https:\/\/www.facebook.com\/eltextual","https:\/\/x.com\/eltextual","http:\/\/www.instagram.com\/eltextual"]},{"@type":"Person","@id":"https:\/\/diariotextual.com\/inicio\/#\/schema\/person\/694f60677f23c4a530867a98f22b3768","name":"diario2","image":{"@type":"ImageObject","inLanguage":"es","@id":"https:\/\/secure.gravatar.com\/avatar\/5a2567495ba16b852fcd8f1ed006a2e24fcace936018ed8237e95f488ad6e0a7?s=96&d=mm&r=g","url":"https:\/\/secure.gravatar.com\/avatar\/5a2567495ba16b852fcd8f1ed006a2e24fcace936018ed8237e95f488ad6e0a7?s=96&d=mm&r=g","contentUrl":"https:\/\/secure.gravatar.com\/avatar\/5a2567495ba16b852fcd8f1ed006a2e24fcace936018ed8237e95f488ad6e0a7?s=96&d=mm&r=g","caption":"diario2"},"url":"https:\/\/diariotextual.com\/inicio\/index.php\/author\/diario2\/"}]}},"_links":{"self":[{"href":"https:\/\/diariotextual.com\/inicio\/index.php\/wp-json\/wp\/v2\/posts\/229471","targetHints":{"allow":["GET"]}}],"collection":[{"href":"https:\/\/diariotextual.com\/inicio\/index.php\/wp-json\/wp\/v2\/posts"}],"about":[{"href":"https:\/\/diariotextual.com\/inicio\/index.php\/wp-json\/wp\/v2\/types\/post"}],"author":[{"embeddable":true,"href":"https:\/\/diariotextual.com\/inicio\/index.php\/wp-json\/wp\/v2\/users\/4"}],"replies":[{"embeddable":true,"href":"https:\/\/diariotextual.com\/inicio\/index.php\/wp-json\/wp\/v2\/comments?post=229471"}],"version-history":[{"count":2,"href":"https:\/\/diariotextual.com\/inicio\/index.php\/wp-json\/wp\/v2\/posts\/229471\/revisions"}],"predecessor-version":[{"id":229473,"href":"https:\/\/diariotextual.com\/inicio\/index.php\/wp-json\/wp\/v2\/posts\/229471\/revisions\/229473"}],"wp:featuredmedia":[{"embeddable":true,"href":"https:\/\/diariotextual.com\/inicio\/index.php\/wp-json\/wp\/v2\/media\/43631"}],"wp:attachment":[{"href":"https:\/\/diariotextual.com\/inicio\/index.php\/wp-json\/wp\/v2\/media?parent=229471"}],"wp:term":[{"taxonomy":"category","embeddable":true,"href":"https:\/\/diariotextual.com\/inicio\/index.php\/wp-json\/wp\/v2\/categories?post=229471"},{"taxonomy":"post_tag","embeddable":true,"href":"https:\/\/diariotextual.com\/inicio\/index.php\/wp-json\/wp\/v2\/tags?post=229471"}],"curies":[{"name":"wp","href":"https:\/\/api.w.org\/{rel}","templated":true}]}}