{"id":229491,"date":"2023-06-26T14:37:48","date_gmt":"2023-06-26T17:37:48","guid":{"rendered":"https:\/\/diariotextual.com\/inicio\/?p=229491"},"modified":"2023-06-26T19:38:43","modified_gmt":"2023-06-26T22:38:43","slug":"caso-cecilia-para-los-forenses-los-huesos-hallados-en-el-rio-son-humanos","status":"publish","type":"post","link":"https:\/\/diariotextual.com\/inicio\/index.php\/2023\/06\/26\/caso-cecilia-para-los-forenses-los-huesos-hallados-en-el-rio-son-humanos\/","title":{"rendered":"Caso Cecilia: para los forenses los huesos hallados en el r\u00edo son humanos"},"content":{"rendered":"\n<p>Los especialistas del Instituto de Medicina y Ciencias Forenses (IMCiF) de Chaco que analizaron los huesos hallados en el r\u00edo Tragadero, en el marco de la b\u00fasqueda de Cecilia Strzyzowski, desaparecida desde el 2 de junio en Resistencia, creen que es \u201caltamente probable\u201d que se trate de restos humanos, lo que certificar\u00e1n ma\u00f1ana el Equipo de Antropolog\u00eda de C\u00f3rdoba, que llegar\u00e1 a esa provincia para llevar a cabo los peritajes, informaron hoy fuentes judiciales.<\/p>\n\n\n\n<p>Los voceros dijeron a T\u00e9lam que del primer an\u00e1lisis realizado sobre esos restos encontrados el 20 de este mes junto a un dije de una cruz que fue reconocido por la madre de Cecilia (28) como perteneciente a su hija, surge que se trata de huesos humanos y entre ellos lo que se cree que es un dedo de un pie. No obstante, para dar certeza sobre ese punto y avanzar luego en la identificaci\u00f3n gen\u00e9tica, regresar\u00e1 a Resistencia el equipo de antrop\u00f3logos forenses de C\u00f3rdoba que trabaj\u00f3 en an\u00e1lisis de los primeros huesos hallados, que resultaron no ser humanos.<\/p>\n\n\n\n<p>La evidencia comenzar\u00e1 a ser analizada en la sede del IMCiF, situada en el kil\u00f3metro 1.008 de la ruta nacional 11, en la capital provincial, donde el pasado viernes la mam\u00e1 de la joven desaparecida, Gloria Romero, reconoci\u00f3 varios objetos como pertenecientes a su hija. En ese sitio tambi\u00e9n se analizar\u00e1 a partir de hoy una cama, un colch\u00f3n y algunos otros muebles que el matrimonio de Emerenciano Sena y Marcela Acu\u00f1a, dos de los siete detenidos por el presunto femicidio de Cecilia, don\u00f3 a vecinos del barrio Emerenciano Sena tras la desaparici\u00f3n de la joven, en busca de sangre, pelos o alguna otra evidencia, dijeron las fuentes consultadas por T\u00e9lam.<\/p>\n\n\n\n<p>Respecto de los restos \u00f3seos a analizarse ma\u00f1ana, se trata de los encontrados tras la declaraci\u00f3n indagatoria brindada por Gustavo Obreg\u00f3n, otro de los detenidos por el caso, quien trabajaba como asistente y chofer de la familia Sena. En esa oportunidad, Obreg\u00f3n dijo ante los integrantes del Equipo Fiscal Especial (EFE), Jorge C\u00e1ceres Olivera, Jorge G\u00f3mez, Nelia Vel\u00e1squez que \u00e9l y C\u00e9sar Sena, esposo de Cecilia, abandonaron dos bolsas en el r\u00edo Tragadero, en proximidades de la chancher\u00eda perteneciente al clan Sena.<\/p>\n\n\n\n<p>\u201cAgarramos el camino que lleva hacia la curva y, antes de la curva, nosotros dejamos el auto. Estacionamos ah\u00ed, bajamos con las bolsitas, cada uno llevaba una bolsa, y bajamos por un camino, que es como un sendero, que est\u00e1 al costado izquierdo al campo Rossi, que baja hacia el rio. Llegamos a la costa del rio, C\u00e9sar desata una y larga todo el contenido de la bolsita en el l\u00edmite del agua y la costa\u201d, relat\u00f3. \u201cY despu\u00e9s con la otra bolsita, lo mismo, la desata y larga el contenido en el l\u00edmite del agua y la costa. Finalmente, C\u00e9sar deja las dos bolsitas en la orilla del rio, y les prende fuego a las dos bolsitas, con un encendedor, concluy\u00f3 Obreg\u00f3n.<\/p>\n\n\n\n<p>En otro tramo de su declaraci\u00f3n, cont\u00f3 que otros objetos fueron abandonados en el barrio Emerenciano Sena la noche del 6 de junio, luego de que C\u00e9sar Sena le pidiera que lo llevara a buscar algo a la casa de sus padres, la calle Santa Mar\u00eda de Oro, de donde sal\u00f3 \u201ccon un bolso o valija\u201d y \u201cuna mochila\u201d.<\/p>\n\n\n\n<p>\u201cEra una valija que creo que ten\u00eda manija, no recuerdo color, y no s\u00e9 si ten\u00eda rueditas. La pusimos en el asiento de atr\u00e1s de mi auto, tanto la mochila como la valija, subimos al auto (\u2026) Llegamos al barrio, y en la \u00faltima calle asfaltada del barrio, que se llama Colo, ser\u00eda la San Martin, la que sigue, C\u00e9sar me dice \u2018fren\u00e1 ac\u00e1\u2019, se baj\u00f3 y ah\u00ed en la banquina nomas baj\u00f3 la mochila y la valija y ah\u00ed nom\u00e1s prendi\u00f3 fuego con un encendedor, bien al lado del cord\u00f3n\u201d, detall\u00f3.<\/p>\n\n\n\n<p>Adem\u00e1s de esos restos y objetos, el pasado s\u00e1bado fueron hallados trozos de una mochila quemada en la casa de la familia Sena, en la que se presume que fue la escena primaria del crimen de Cecilia, donde adem\u00e1s se secuestraron tel\u00e9fonos celulares y cuchillas para faenar animales.<\/p>\n\n\n\n<p>En el lugar del hallazgo trabajaron alrededor de cinco horas peritos de Gendarmer\u00eda Nacional Argentina (GNA) que utilizaron un georradar en busca de los restos de la v\u00edctima. Tras el operativo, los gendarmes se trasladaron al barrio Emerenciano, para trabajar espec\u00edficamente sobre menos de cien metros de la calle Jos\u00e9 Mar\u00eda Paz que fue pavimentada tras la desaparici\u00f3n de Cecilia, ya que una de las hip\u00f3tesis es que los asesinos pudieron haber esparcido los restos debajo del asfalto.<\/p>\n\n\n\n<p>Strzyzowski fue vista por \u00faltima vez el viernes 2 de junio de 2023, a las 9.16, cuando ingresaba al domicilio ubicado en Santa Mar\u00eda de Oro 1460, de la ciudad de Resistencia, perteneciente a la familia Sena. Por su presunto femicidio permanecen detenidos su esposo C\u00e9sar Sena; los padres de \u00e9ste, Emerenciano Sena y Marcela Acu\u00f1a; el chofer y asistente del matrimonio, Obreg\u00f3n; su esposa, Fabiana Gonz\u00e1lez; el casero del campo de los principales sospechosos, Gustavo Melgarejo, y su pareja Griselda Pereira.<\/p>\n\n\n\n<p>Para los investigadores judiciales, C\u00e9sar Sena fue el autor material del femicidio de Cecilia, y sus padres coautores, mientras que los otros cuatro detenidos est\u00e1n acusados como part\u00edcipes del hecho, aunque esa imputaci\u00f3n podr\u00eda ser modificada en los pr\u00f3ximos d\u00edas por la de \u201cencubrimiento agravado\u201d, con penas m\u00e1s leves, adelantaron fuentes con acceso a la causa. En tanto, para el jueves pr\u00f3ximo est\u00e1 previsto que los investigadores judiciales pidan las prisiones preventivas de los siete acusados.<\/p>\n","protected":false},"excerpt":{"rendered":"<p>Los especialistas del Instituto de Medicina y Ciencias Forenses (IMCiF) de Chaco que analizaron los huesos hallados en el r\u00edo Tragadero, en el marco de la b\u00fasqueda de Cecilia Strzyzowski,&hellip;<\/p>\n","protected":false},"author":3,"featured_media":228303,"comment_status":"closed","ping_status":"open","sticky":false,"template":"","format":"standard","meta":{"_acf_changed":false,"footnotes":""},"categories":[1,12],"tags":[],"class_list":["post-229491","post","type-post","status-publish","format-standard","has-post-thumbnail","hentry","category-es-noticia","category-sociedad"],"acf":[],"yoast_head":"<!-- This site is optimized with the Yoast SEO plugin v27.5 - https:\/\/yoast.com\/product\/yoast-seo-wordpress\/ -->\n<title>Caso Cecilia: para los forenses los huesos hallados en el r\u00edo son humanos - Diario Textual<\/title>\n<meta name=\"robots\" content=\"index, follow, max-snippet:-1, max-image-preview:large, max-video-preview:-1\" \/>\n<link rel=\"canonical\" href=\"https:\/\/diariotextual.com\/inicio\/index.php\/2023\/06\/26\/caso-cecilia-para-los-forenses-los-huesos-hallados-en-el-rio-son-humanos\/\" \/>\n<meta property=\"og:locale\" content=\"es_ES\" \/>\n<meta property=\"og:type\" content=\"article\" \/>\n<meta property=\"og:title\" content=\"Caso Cecilia: para los forenses los huesos hallados en el r\u00edo son humanos - Diario Textual\" \/>\n<meta property=\"og:description\" content=\"Los especialistas del Instituto de Medicina y Ciencias Forenses (IMCiF) de Chaco que analizaron los huesos hallados en el r\u00edo Tragadero, en el marco de la b\u00fasqueda de Cecilia Strzyzowski,&hellip;\" \/>\n<meta property=\"og:url\" content=\"https:\/\/diariotextual.com\/inicio\/index.php\/2023\/06\/26\/caso-cecilia-para-los-forenses-los-huesos-hallados-en-el-rio-son-humanos\/\" \/>\n<meta property=\"og:site_name\" content=\"Diario Textual\" \/>\n<meta property=\"article:publisher\" content=\"https:\/\/www.facebook.com\/eltextual\" \/>\n<meta property=\"article:published_time\" content=\"2023-06-26T17:37:48+00:00\" \/>\n<meta property=\"article:modified_time\" content=\"2023-06-26T22:38:43+00:00\" \/>\n<meta property=\"og:image\" content=\"https:\/\/diariotextual.com\/inicio\/wp-content\/uploads\/2023\/06\/strzyzowskiCecilia2023-1.jpg\" \/>\n\t<meta property=\"og:image:width\" content=\"1920\" \/>\n\t<meta property=\"og:image:height\" content=\"1080\" \/>\n\t<meta property=\"og:image:type\" content=\"image\/jpeg\" \/>\n<meta name=\"author\" content=\"Diario1 Diario1\" \/>\n<meta name=\"twitter:card\" content=\"summary_large_image\" \/>\n<meta name=\"twitter:creator\" content=\"@eltextual\" \/>\n<meta name=\"twitter:site\" content=\"@eltextual\" \/>\n<meta name=\"twitter:label1\" content=\"Escrito por\" \/>\n\t<meta name=\"twitter:data1\" content=\"Diario1 Diario1\" \/>\n\t<meta name=\"twitter:label2\" content=\"Tiempo de lectura\" \/>\n\t<meta name=\"twitter:data2\" content=\"5 minutos\" \/>\n<script type=\"application\/ld+json\" class=\"yoast-schema-graph\">{\"@context\":\"https:\\\/\\\/schema.org\",\"@graph\":[{\"@type\":\"Article\",\"@id\":\"https:\\\/\\\/diariotextual.com\\\/inicio\\\/index.php\\\/2023\\\/06\\\/26\\\/caso-cecilia-para-los-forenses-los-huesos-hallados-en-el-rio-son-humanos\\\/#article\",\"isPartOf\":{\"@id\":\"https:\\\/\\\/diariotextual.com\\\/inicio\\\/index.php\\\/2023\\\/06\\\/26\\\/caso-cecilia-para-los-forenses-los-huesos-hallados-en-el-rio-son-humanos\\\/\"},\"author\":{\"name\":\"Diario1 Diario1\",\"@id\":\"https:\\\/\\\/diariotextual.com\\\/inicio\\\/#\\\/schema\\\/person\\\/418fc4093c33e86ed41562db3508f958\"},\"headline\":\"Caso Cecilia: para los forenses los huesos hallados en el r\u00edo son humanos\",\"datePublished\":\"2023-06-26T17:37:48+00:00\",\"dateModified\":\"2023-06-26T22:38:43+00:00\",\"mainEntityOfPage\":{\"@id\":\"https:\\\/\\\/diariotextual.com\\\/inicio\\\/index.php\\\/2023\\\/06\\\/26\\\/caso-cecilia-para-los-forenses-los-huesos-hallados-en-el-rio-son-humanos\\\/\"},\"wordCount\":997,\"publisher\":{\"@id\":\"https:\\\/\\\/diariotextual.com\\\/inicio\\\/#organization\"},\"image\":{\"@id\":\"https:\\\/\\\/diariotextual.com\\\/inicio\\\/index.php\\\/2023\\\/06\\\/26\\\/caso-cecilia-para-los-forenses-los-huesos-hallados-en-el-rio-son-humanos\\\/#primaryimage\"},\"thumbnailUrl\":\"https:\\\/\\\/diariotextual.com\\\/inicio\\\/wp-content\\\/uploads\\\/2023\\\/06\\\/strzyzowskiCecilia2023-1.jpg\",\"articleSection\":[\"A - ES NOTICIA (van abajo)\",\"SOCIEDAD\"],\"inLanguage\":\"es\"},{\"@type\":\"WebPage\",\"@id\":\"https:\\\/\\\/diariotextual.com\\\/inicio\\\/index.php\\\/2023\\\/06\\\/26\\\/caso-cecilia-para-los-forenses-los-huesos-hallados-en-el-rio-son-humanos\\\/\",\"url\":\"https:\\\/\\\/diariotextual.com\\\/inicio\\\/index.php\\\/2023\\\/06\\\/26\\\/caso-cecilia-para-los-forenses-los-huesos-hallados-en-el-rio-son-humanos\\\/\",\"name\":\"Caso Cecilia: para los forenses los huesos hallados en el r\u00edo son humanos - Diario Textual\",\"isPartOf\":{\"@id\":\"https:\\\/\\\/diariotextual.com\\\/inicio\\\/#website\"},\"primaryImageOfPage\":{\"@id\":\"https:\\\/\\\/diariotextual.com\\\/inicio\\\/index.php\\\/2023\\\/06\\\/26\\\/caso-cecilia-para-los-forenses-los-huesos-hallados-en-el-rio-son-humanos\\\/#primaryimage\"},\"image\":{\"@id\":\"https:\\\/\\\/diariotextual.com\\\/inicio\\\/index.php\\\/2023\\\/06\\\/26\\\/caso-cecilia-para-los-forenses-los-huesos-hallados-en-el-rio-son-humanos\\\/#primaryimage\"},\"thumbnailUrl\":\"https:\\\/\\\/diariotextual.com\\\/inicio\\\/wp-content\\\/uploads\\\/2023\\\/06\\\/strzyzowskiCecilia2023-1.jpg\",\"datePublished\":\"2023-06-26T17:37:48+00:00\",\"dateModified\":\"2023-06-26T22:38:43+00:00\",\"breadcrumb\":{\"@id\":\"https:\\\/\\\/diariotextual.com\\\/inicio\\\/index.php\\\/2023\\\/06\\\/26\\\/caso-cecilia-para-los-forenses-los-huesos-hallados-en-el-rio-son-humanos\\\/#breadcrumb\"},\"inLanguage\":\"es\",\"potentialAction\":[{\"@type\":\"ReadAction\",\"target\":[\"https:\\\/\\\/diariotextual.com\\\/inicio\\\/index.php\\\/2023\\\/06\\\/26\\\/caso-cecilia-para-los-forenses-los-huesos-hallados-en-el-rio-son-humanos\\\/\"]}]},{\"@type\":\"ImageObject\",\"inLanguage\":\"es\",\"@id\":\"https:\\\/\\\/diariotextual.com\\\/inicio\\\/index.php\\\/2023\\\/06\\\/26\\\/caso-cecilia-para-los-forenses-los-huesos-hallados-en-el-rio-son-humanos\\\/#primaryimage\",\"url\":\"https:\\\/\\\/diariotextual.com\\\/inicio\\\/wp-content\\\/uploads\\\/2023\\\/06\\\/strzyzowskiCecilia2023-1.jpg\",\"contentUrl\":\"https:\\\/\\\/diariotextual.com\\\/inicio\\\/wp-content\\\/uploads\\\/2023\\\/06\\\/strzyzowskiCecilia2023-1.jpg\",\"width\":1920,\"height\":1080},{\"@type\":\"BreadcrumbList\",\"@id\":\"https:\\\/\\\/diariotextual.com\\\/inicio\\\/index.php\\\/2023\\\/06\\\/26\\\/caso-cecilia-para-los-forenses-los-huesos-hallados-en-el-rio-son-humanos\\\/#breadcrumb\",\"itemListElement\":[{\"@type\":\"ListItem\",\"position\":1,\"name\":\"Portada\",\"item\":\"https:\\\/\\\/diariotextual.com\\\/inicio\\\/\"},{\"@type\":\"ListItem\",\"position\":2,\"name\":\"Caso Cecilia: para los forenses los huesos hallados en el r\u00edo son humanos\"}]},{\"@type\":\"WebSite\",\"@id\":\"https:\\\/\\\/diariotextual.com\\\/inicio\\\/#website\",\"url\":\"https:\\\/\\\/diariotextual.com\\\/inicio\\\/\",\"name\":\"Diario Textual\",\"description\":\"\",\"publisher\":{\"@id\":\"https:\\\/\\\/diariotextual.com\\\/inicio\\\/#organization\"},\"potentialAction\":[{\"@type\":\"SearchAction\",\"target\":{\"@type\":\"EntryPoint\",\"urlTemplate\":\"https:\\\/\\\/diariotextual.com\\\/inicio\\\/?s={search_term_string}\"},\"query-input\":{\"@type\":\"PropertyValueSpecification\",\"valueRequired\":true,\"valueName\":\"search_term_string\"}}],\"inLanguage\":\"es\"},{\"@type\":\"Organization\",\"@id\":\"https:\\\/\\\/diariotextual.com\\\/inicio\\\/#organization\",\"name\":\"Diario Textual\",\"url\":\"https:\\\/\\\/diariotextual.com\\\/inicio\\\/\",\"logo\":{\"@type\":\"ImageObject\",\"inLanguage\":\"es\",\"@id\":\"https:\\\/\\\/diariotextual.com\\\/inicio\\\/#\\\/schema\\\/logo\\\/image\\\/\",\"url\":\"https:\\\/\\\/diariotextual.com\\\/inicio\\\/wp-content\\\/uploads\\\/2023\\\/05\\\/logotextual1.jpg\",\"contentUrl\":\"https:\\\/\\\/diariotextual.com\\\/inicio\\\/wp-content\\\/uploads\\\/2023\\\/05\\\/logotextual1.jpg\",\"width\":516,\"height\":76,\"caption\":\"Diario Textual\"},\"image\":{\"@id\":\"https:\\\/\\\/diariotextual.com\\\/inicio\\\/#\\\/schema\\\/logo\\\/image\\\/\"},\"sameAs\":[\"https:\\\/\\\/www.facebook.com\\\/eltextual\",\"https:\\\/\\\/x.com\\\/eltextual\",\"http:\\\/\\\/www.instagram.com\\\/eltextual\"]},{\"@type\":\"Person\",\"@id\":\"https:\\\/\\\/diariotextual.com\\\/inicio\\\/#\\\/schema\\\/person\\\/418fc4093c33e86ed41562db3508f958\",\"name\":\"Diario1 Diario1\",\"image\":{\"@type\":\"ImageObject\",\"inLanguage\":\"es\",\"@id\":\"https:\\\/\\\/secure.gravatar.com\\\/avatar\\\/9167d280179c85bc18be67aa7eda765854300033af4896dd779b608640f2ef7a?s=96&d=mm&r=g\",\"url\":\"https:\\\/\\\/secure.gravatar.com\\\/avatar\\\/9167d280179c85bc18be67aa7eda765854300033af4896dd779b608640f2ef7a?s=96&d=mm&r=g\",\"contentUrl\":\"https:\\\/\\\/secure.gravatar.com\\\/avatar\\\/9167d280179c85bc18be67aa7eda765854300033af4896dd779b608640f2ef7a?s=96&d=mm&r=g\",\"caption\":\"Diario1 Diario1\"},\"url\":\"https:\\\/\\\/diariotextual.com\\\/inicio\\\/index.php\\\/author\\\/diario1\\\/\"}]}<\/script>\n<!-- \/ Yoast SEO plugin. -->","yoast_head_json":{"title":"Caso Cecilia: para los forenses los huesos hallados en el r\u00edo son humanos - Diario Textual","robots":{"index":"index","follow":"follow","max-snippet":"max-snippet:-1","max-image-preview":"max-image-preview:large","max-video-preview":"max-video-preview:-1"},"canonical":"https:\/\/diariotextual.com\/inicio\/index.php\/2023\/06\/26\/caso-cecilia-para-los-forenses-los-huesos-hallados-en-el-rio-son-humanos\/","og_locale":"es_ES","og_type":"article","og_title":"Caso Cecilia: para los forenses los huesos hallados en el r\u00edo son humanos - Diario Textual","og_description":"Los especialistas del Instituto de Medicina y Ciencias Forenses (IMCiF) de Chaco que analizaron los huesos hallados en el r\u00edo Tragadero, en el marco de la b\u00fasqueda de Cecilia Strzyzowski,&hellip;","og_url":"https:\/\/diariotextual.com\/inicio\/index.php\/2023\/06\/26\/caso-cecilia-para-los-forenses-los-huesos-hallados-en-el-rio-son-humanos\/","og_site_name":"Diario Textual","article_publisher":"https:\/\/www.facebook.com\/eltextual","article_published_time":"2023-06-26T17:37:48+00:00","article_modified_time":"2023-06-26T22:38:43+00:00","og_image":[{"width":1920,"height":1080,"url":"https:\/\/diariotextual.com\/inicio\/wp-content\/uploads\/2023\/06\/strzyzowskiCecilia2023-1.jpg","type":"image\/jpeg"}],"author":"Diario1 Diario1","twitter_card":"summary_large_image","twitter_creator":"@eltextual","twitter_site":"@eltextual","twitter_misc":{"Escrito por":"Diario1 Diario1","Tiempo de lectura":"5 minutos"},"schema":{"@context":"https:\/\/schema.org","@graph":[{"@type":"Article","@id":"https:\/\/diariotextual.com\/inicio\/index.php\/2023\/06\/26\/caso-cecilia-para-los-forenses-los-huesos-hallados-en-el-rio-son-humanos\/#article","isPartOf":{"@id":"https:\/\/diariotextual.com\/inicio\/index.php\/2023\/06\/26\/caso-cecilia-para-los-forenses-los-huesos-hallados-en-el-rio-son-humanos\/"},"author":{"name":"Diario1 Diario1","@id":"https:\/\/diariotextual.com\/inicio\/#\/schema\/person\/418fc4093c33e86ed41562db3508f958"},"headline":"Caso Cecilia: para los forenses los huesos hallados en el r\u00edo son humanos","datePublished":"2023-06-26T17:37:48+00:00","dateModified":"2023-06-26T22:38:43+00:00","mainEntityOfPage":{"@id":"https:\/\/diariotextual.com\/inicio\/index.php\/2023\/06\/26\/caso-cecilia-para-los-forenses-los-huesos-hallados-en-el-rio-son-humanos\/"},"wordCount":997,"publisher":{"@id":"https:\/\/diariotextual.com\/inicio\/#organization"},"image":{"@id":"https:\/\/diariotextual.com\/inicio\/index.php\/2023\/06\/26\/caso-cecilia-para-los-forenses-los-huesos-hallados-en-el-rio-son-humanos\/#primaryimage"},"thumbnailUrl":"https:\/\/diariotextual.com\/inicio\/wp-content\/uploads\/2023\/06\/strzyzowskiCecilia2023-1.jpg","articleSection":["A - ES NOTICIA (van abajo)","SOCIEDAD"],"inLanguage":"es"},{"@type":"WebPage","@id":"https:\/\/diariotextual.com\/inicio\/index.php\/2023\/06\/26\/caso-cecilia-para-los-forenses-los-huesos-hallados-en-el-rio-son-humanos\/","url":"https:\/\/diariotextual.com\/inicio\/index.php\/2023\/06\/26\/caso-cecilia-para-los-forenses-los-huesos-hallados-en-el-rio-son-humanos\/","name":"Caso Cecilia: para los forenses los huesos hallados en el r\u00edo son humanos - Diario Textual","isPartOf":{"@id":"https:\/\/diariotextual.com\/inicio\/#website"},"primaryImageOfPage":{"@id":"https:\/\/diariotextual.com\/inicio\/index.php\/2023\/06\/26\/caso-cecilia-para-los-forenses-los-huesos-hallados-en-el-rio-son-humanos\/#primaryimage"},"image":{"@id":"https:\/\/diariotextual.com\/inicio\/index.php\/2023\/06\/26\/caso-cecilia-para-los-forenses-los-huesos-hallados-en-el-rio-son-humanos\/#primaryimage"},"thumbnailUrl":"https:\/\/diariotextual.com\/inicio\/wp-content\/uploads\/2023\/06\/strzyzowskiCecilia2023-1.jpg","datePublished":"2023-06-26T17:37:48+00:00","dateModified":"2023-06-26T22:38:43+00:00","breadcrumb":{"@id":"https:\/\/diariotextual.com\/inicio\/index.php\/2023\/06\/26\/caso-cecilia-para-los-forenses-los-huesos-hallados-en-el-rio-son-humanos\/#breadcrumb"},"inLanguage":"es","potentialAction":[{"@type":"ReadAction","target":["https:\/\/diariotextual.com\/inicio\/index.php\/2023\/06\/26\/caso-cecilia-para-los-forenses-los-huesos-hallados-en-el-rio-son-humanos\/"]}]},{"@type":"ImageObject","inLanguage":"es","@id":"https:\/\/diariotextual.com\/inicio\/index.php\/2023\/06\/26\/caso-cecilia-para-los-forenses-los-huesos-hallados-en-el-rio-son-humanos\/#primaryimage","url":"https:\/\/diariotextual.com\/inicio\/wp-content\/uploads\/2023\/06\/strzyzowskiCecilia2023-1.jpg","contentUrl":"https:\/\/diariotextual.com\/inicio\/wp-content\/uploads\/2023\/06\/strzyzowskiCecilia2023-1.jpg","width":1920,"height":1080},{"@type":"BreadcrumbList","@id":"https:\/\/diariotextual.com\/inicio\/index.php\/2023\/06\/26\/caso-cecilia-para-los-forenses-los-huesos-hallados-en-el-rio-son-humanos\/#breadcrumb","itemListElement":[{"@type":"ListItem","position":1,"name":"Portada","item":"https:\/\/diariotextual.com\/inicio\/"},{"@type":"ListItem","position":2,"name":"Caso Cecilia: para los forenses los huesos hallados en el r\u00edo son humanos"}]},{"@type":"WebSite","@id":"https:\/\/diariotextual.com\/inicio\/#website","url":"https:\/\/diariotextual.com\/inicio\/","name":"Diario Textual","description":"","publisher":{"@id":"https:\/\/diariotextual.com\/inicio\/#organization"},"potentialAction":[{"@type":"SearchAction","target":{"@type":"EntryPoint","urlTemplate":"https:\/\/diariotextual.com\/inicio\/?s={search_term_string}"},"query-input":{"@type":"PropertyValueSpecification","valueRequired":true,"valueName":"search_term_string"}}],"inLanguage":"es"},{"@type":"Organization","@id":"https:\/\/diariotextual.com\/inicio\/#organization","name":"Diario Textual","url":"https:\/\/diariotextual.com\/inicio\/","logo":{"@type":"ImageObject","inLanguage":"es","@id":"https:\/\/diariotextual.com\/inicio\/#\/schema\/logo\/image\/","url":"https:\/\/diariotextual.com\/inicio\/wp-content\/uploads\/2023\/05\/logotextual1.jpg","contentUrl":"https:\/\/diariotextual.com\/inicio\/wp-content\/uploads\/2023\/05\/logotextual1.jpg","width":516,"height":76,"caption":"Diario Textual"},"image":{"@id":"https:\/\/diariotextual.com\/inicio\/#\/schema\/logo\/image\/"},"sameAs":["https:\/\/www.facebook.com\/eltextual","https:\/\/x.com\/eltextual","http:\/\/www.instagram.com\/eltextual"]},{"@type":"Person","@id":"https:\/\/diariotextual.com\/inicio\/#\/schema\/person\/418fc4093c33e86ed41562db3508f958","name":"Diario1 Diario1","image":{"@type":"ImageObject","inLanguage":"es","@id":"https:\/\/secure.gravatar.com\/avatar\/9167d280179c85bc18be67aa7eda765854300033af4896dd779b608640f2ef7a?s=96&d=mm&r=g","url":"https:\/\/secure.gravatar.com\/avatar\/9167d280179c85bc18be67aa7eda765854300033af4896dd779b608640f2ef7a?s=96&d=mm&r=g","contentUrl":"https:\/\/secure.gravatar.com\/avatar\/9167d280179c85bc18be67aa7eda765854300033af4896dd779b608640f2ef7a?s=96&d=mm&r=g","caption":"Diario1 Diario1"},"url":"https:\/\/diariotextual.com\/inicio\/index.php\/author\/diario1\/"}]}},"_links":{"self":[{"href":"https:\/\/diariotextual.com\/inicio\/index.php\/wp-json\/wp\/v2\/posts\/229491","targetHints":{"allow":["GET"]}}],"collection":[{"href":"https:\/\/diariotextual.com\/inicio\/index.php\/wp-json\/wp\/v2\/posts"}],"about":[{"href":"https:\/\/diariotextual.com\/inicio\/index.php\/wp-json\/wp\/v2\/types\/post"}],"author":[{"embeddable":true,"href":"https:\/\/diariotextual.com\/inicio\/index.php\/wp-json\/wp\/v2\/users\/3"}],"replies":[{"embeddable":true,"href":"https:\/\/diariotextual.com\/inicio\/index.php\/wp-json\/wp\/v2\/comments?post=229491"}],"version-history":[{"count":1,"href":"https:\/\/diariotextual.com\/inicio\/index.php\/wp-json\/wp\/v2\/posts\/229491\/revisions"}],"predecessor-version":[{"id":229492,"href":"https:\/\/diariotextual.com\/inicio\/index.php\/wp-json\/wp\/v2\/posts\/229491\/revisions\/229492"}],"wp:featuredmedia":[{"embeddable":true,"href":"https:\/\/diariotextual.com\/inicio\/index.php\/wp-json\/wp\/v2\/media\/228303"}],"wp:attachment":[{"href":"https:\/\/diariotextual.com\/inicio\/index.php\/wp-json\/wp\/v2\/media?parent=229491"}],"wp:term":[{"taxonomy":"category","embeddable":true,"href":"https:\/\/diariotextual.com\/inicio\/index.php\/wp-json\/wp\/v2\/categories?post=229491"},{"taxonomy":"post_tag","embeddable":true,"href":"https:\/\/diariotextual.com\/inicio\/index.php\/wp-json\/wp\/v2\/tags?post=229491"}],"curies":[{"name":"wp","href":"https:\/\/api.w.org\/{rel}","templated":true}]}}