{"id":229493,"date":"2023-06-26T16:06:10","date_gmt":"2023-06-26T19:06:10","guid":{"rendered":"https:\/\/diariotextual.com\/inicio\/?p=229493"},"modified":"2023-06-26T19:45:19","modified_gmt":"2023-06-26T22:45:19","slug":"feria-cannabica-y-presentacion-de-un-libro-en-el-cmc","status":"publish","type":"post","link":"https:\/\/diariotextual.com\/inicio\/index.php\/2023\/06\/26\/feria-cannabica-y-presentacion-de-un-libro-en-el-cmc\/","title":{"rendered":"Feria cann\u00e1bica y presentaci\u00f3n de un libro en el CMC"},"content":{"rendered":"\n<p>El fin de semana se desarroll\u00f3 una feria cann\u00e1bica en el marco de la presentaci\u00f3n de la segunda edici\u00f3n del libro <em>\u201cCannabis: historia, cultivo y uso terap\u00e9utico\u201d<\/em>, del profesor en ciencias biol\u00f3gicas <strong>Daniel Oliveto<\/strong>. El Centro Municipal de Cultura fue el escenario donde las actividades pudieron concretarse con muy buena asistencia de p\u00fablico.<\/p>\n\n\n\n<p>Esta movida fue impulsada y organizada por la CPE. Estaba en principio programada para desarrollarse en el espacio cultural \u00abAntonio Skara\u00bb y la \u00abPlacita de los Abuelos\u00bb, pero las condiciones clim\u00e1ticas definieron el traslado al CMC.<\/p>\n\n\n\n<figure class=\"wp-block-image size-large\"><img fetchpriority=\"high\" decoding=\"async\" width=\"1024\" height=\"766\" src=\"https:\/\/diariotextual.com\/inicio\/wp-content\/uploads\/2023\/06\/feriacannabicasantarosa2023-1-1024x766.jpg\" alt=\"\" class=\"wp-image-229499\" srcset=\"https:\/\/diariotextual.com\/inicio\/wp-content\/uploads\/2023\/06\/feriacannabicasantarosa2023-1-1024x766.jpg 1024w, https:\/\/diariotextual.com\/inicio\/wp-content\/uploads\/2023\/06\/feriacannabicasantarosa2023-1-300x224.jpg 300w, https:\/\/diariotextual.com\/inicio\/wp-content\/uploads\/2023\/06\/feriacannabicasantarosa2023-1-768x575.jpg 768w, https:\/\/diariotextual.com\/inicio\/wp-content\/uploads\/2023\/06\/feriacannabicasantarosa2023-1-585x438.jpg 585w, https:\/\/diariotextual.com\/inicio\/wp-content\/uploads\/2023\/06\/feriacannabicasantarosa2023-1.jpg 1100w\" sizes=\"(max-width: 1024px) 100vw, 1024px\" \/><\/figure>\n\n\n\n<p>En el auditorio \u201cJuan Carlos Bustriazo Ortiz\u201d, y ante numerosa concurrencia, Oliveto hizo un repaso pormenorizado de la historia de la planta, desde su catalogaci\u00f3n en el siglo XVIII como Cannabis Sativa (\u201cCa\u00f1a que se cultiva\u201d) hasta su valoraci\u00f3n con fines terap\u00e9uticos en la actualidad. En su presentaci\u00f3n abord\u00f3 adem\u00e1s los aspectos legales que actualmente rigen el cultivo y uso del cannabis, las potencialidades del tratamiento medicinal de alguna enfermedades y la necesidad de avanzar en investigaciones cient\u00edficas.<\/p>\n\n\n\n<p>Simult\u00e1neamente, en el hall de entrada del CMC, muchas personas se acercaron en la tarde fr\u00eda del s\u00e1bado para conocer los distintos emprendimientos ligados al cultivo y uso terap\u00e9utico de la planta, cada a\u00f1o m\u00e1s desarrollados y variados en el \u00e1mbito de la provincia de La Pampa.<\/p>\n\n\n\n<p>No es la primera vez que la CPE acompa\u00f1a este tipo de eventos que intentan promover y consolidar los conocimientos sobre los usos adecuados del cannabis. Ya en 2017, en el sal\u00f3n La Usina, se realiz\u00f3 una feria cann\u00e1bica que fue recordada y valorizada este s\u00e1bado, tanto por Oliveto como por el presidente del Consejo de Administraci\u00f3n, Alfredo Carrascal, quien hizo una breve introducci\u00f3n a la presentaci\u00f3n del libro.<\/p>\n\n\n\n<figure class=\"wp-block-image size-large\"><img decoding=\"async\" width=\"1024\" height=\"766\" src=\"https:\/\/diariotextual.com\/inicio\/wp-content\/uploads\/2023\/06\/olivetodanielpresentacionlibrocannabis2023-1-1024x766.jpg\" alt=\"\" class=\"wp-image-229498\" srcset=\"https:\/\/diariotextual.com\/inicio\/wp-content\/uploads\/2023\/06\/olivetodanielpresentacionlibrocannabis2023-1-1024x766.jpg 1024w, https:\/\/diariotextual.com\/inicio\/wp-content\/uploads\/2023\/06\/olivetodanielpresentacionlibrocannabis2023-1-300x224.jpg 300w, https:\/\/diariotextual.com\/inicio\/wp-content\/uploads\/2023\/06\/olivetodanielpresentacionlibrocannabis2023-1-768x575.jpg 768w, https:\/\/diariotextual.com\/inicio\/wp-content\/uploads\/2023\/06\/olivetodanielpresentacionlibrocannabis2023-1-585x438.jpg 585w, https:\/\/diariotextual.com\/inicio\/wp-content\/uploads\/2023\/06\/olivetodanielpresentacionlibrocannabis2023-1.jpg 1100w\" sizes=\"(max-width: 1024px) 100vw, 1024px\" \/><\/figure>\n","protected":false},"excerpt":{"rendered":"<p>El fin de semana se desarroll\u00f3 una feria cann\u00e1bica en el marco de la presentaci\u00f3n de la segunda edici\u00f3n del libro \u201cCannabis: historia, cultivo y uso terap\u00e9utico\u201d, del profesor en&hellip;<\/p>\n","protected":false},"author":3,"featured_media":229497,"comment_status":"closed","ping_status":"open","sticky":false,"template":"","format":"standard","meta":{"_acf_changed":false,"footnotes":""},"categories":[1,11,12],"tags":[],"class_list":["post-229493","post","type-post","status-publish","format-standard","has-post-thumbnail","hentry","category-es-noticia","category-que-pasa","category-sociedad"],"acf":[],"yoast_head":"<!-- This site is optimized with the Yoast SEO plugin v27.5 - https:\/\/yoast.com\/product\/yoast-seo-wordpress\/ -->\n<title>Feria cann\u00e1bica y presentaci\u00f3n de un libro en el CMC - Diario Textual<\/title>\n<meta name=\"robots\" content=\"index, follow, max-snippet:-1, max-image-preview:large, max-video-preview:-1\" \/>\n<link rel=\"canonical\" href=\"https:\/\/diariotextual.com\/inicio\/index.php\/2023\/06\/26\/feria-cannabica-y-presentacion-de-un-libro-en-el-cmc\/\" \/>\n<meta property=\"og:locale\" content=\"es_ES\" \/>\n<meta property=\"og:type\" content=\"article\" \/>\n<meta property=\"og:title\" content=\"Feria cann\u00e1bica y presentaci\u00f3n de un libro en el CMC - Diario Textual\" \/>\n<meta property=\"og:description\" content=\"El fin de semana se desarroll\u00f3 una feria cann\u00e1bica en el marco de la presentaci\u00f3n de la segunda edici\u00f3n del libro \u201cCannabis: historia, cultivo y uso terap\u00e9utico\u201d, del profesor en&hellip;\" \/>\n<meta property=\"og:url\" content=\"https:\/\/diariotextual.com\/inicio\/index.php\/2023\/06\/26\/feria-cannabica-y-presentacion-de-un-libro-en-el-cmc\/\" \/>\n<meta property=\"og:site_name\" content=\"Diario Textual\" \/>\n<meta property=\"article:publisher\" content=\"https:\/\/www.facebook.com\/eltextual\" \/>\n<meta property=\"article:published_time\" content=\"2023-06-26T19:06:10+00:00\" \/>\n<meta property=\"article:modified_time\" content=\"2023-06-26T22:45:19+00:00\" \/>\n<meta property=\"og:image\" content=\"https:\/\/diariotextual.com\/inicio\/wp-content\/uploads\/2023\/06\/olivetodanielpresentacionlibrocannabis2023-2.jpg\" \/>\n\t<meta property=\"og:image:width\" content=\"1100\" \/>\n\t<meta property=\"og:image:height\" content=\"823\" \/>\n\t<meta property=\"og:image:type\" content=\"image\/jpeg\" \/>\n<meta name=\"author\" content=\"Diario1 Diario1\" \/>\n<meta name=\"twitter:card\" content=\"summary_large_image\" \/>\n<meta name=\"twitter:creator\" content=\"@eltextual\" \/>\n<meta name=\"twitter:site\" content=\"@eltextual\" \/>\n<meta name=\"twitter:label1\" content=\"Escrito por\" \/>\n\t<meta name=\"twitter:data1\" content=\"Diario1 Diario1\" \/>\n\t<meta name=\"twitter:label2\" content=\"Tiempo de lectura\" \/>\n\t<meta name=\"twitter:data2\" content=\"2 minutos\" \/>\n<script type=\"application\/ld+json\" class=\"yoast-schema-graph\">{\"@context\":\"https:\\\/\\\/schema.org\",\"@graph\":[{\"@type\":\"Article\",\"@id\":\"https:\\\/\\\/diariotextual.com\\\/inicio\\\/index.php\\\/2023\\\/06\\\/26\\\/feria-cannabica-y-presentacion-de-un-libro-en-el-cmc\\\/#article\",\"isPartOf\":{\"@id\":\"https:\\\/\\\/diariotextual.com\\\/inicio\\\/index.php\\\/2023\\\/06\\\/26\\\/feria-cannabica-y-presentacion-de-un-libro-en-el-cmc\\\/\"},\"author\":{\"name\":\"Diario1 Diario1\",\"@id\":\"https:\\\/\\\/diariotextual.com\\\/inicio\\\/#\\\/schema\\\/person\\\/418fc4093c33e86ed41562db3508f958\"},\"headline\":\"Feria cann\u00e1bica y presentaci\u00f3n de un libro en el CMC\",\"datePublished\":\"2023-06-26T19:06:10+00:00\",\"dateModified\":\"2023-06-26T22:45:19+00:00\",\"mainEntityOfPage\":{\"@id\":\"https:\\\/\\\/diariotextual.com\\\/inicio\\\/index.php\\\/2023\\\/06\\\/26\\\/feria-cannabica-y-presentacion-de-un-libro-en-el-cmc\\\/\"},\"wordCount\":321,\"publisher\":{\"@id\":\"https:\\\/\\\/diariotextual.com\\\/inicio\\\/#organization\"},\"image\":{\"@id\":\"https:\\\/\\\/diariotextual.com\\\/inicio\\\/index.php\\\/2023\\\/06\\\/26\\\/feria-cannabica-y-presentacion-de-un-libro-en-el-cmc\\\/#primaryimage\"},\"thumbnailUrl\":\"https:\\\/\\\/diariotextual.com\\\/inicio\\\/wp-content\\\/uploads\\\/2023\\\/06\\\/olivetodanielpresentacionlibrocannabis2023-2.jpg\",\"articleSection\":[\"A - ES NOTICIA (van abajo)\",\"A - QUE PASA (al costado)\",\"SOCIEDAD\"],\"inLanguage\":\"es\"},{\"@type\":\"WebPage\",\"@id\":\"https:\\\/\\\/diariotextual.com\\\/inicio\\\/index.php\\\/2023\\\/06\\\/26\\\/feria-cannabica-y-presentacion-de-un-libro-en-el-cmc\\\/\",\"url\":\"https:\\\/\\\/diariotextual.com\\\/inicio\\\/index.php\\\/2023\\\/06\\\/26\\\/feria-cannabica-y-presentacion-de-un-libro-en-el-cmc\\\/\",\"name\":\"Feria cann\u00e1bica y presentaci\u00f3n de un libro en el CMC - Diario Textual\",\"isPartOf\":{\"@id\":\"https:\\\/\\\/diariotextual.com\\\/inicio\\\/#website\"},\"primaryImageOfPage\":{\"@id\":\"https:\\\/\\\/diariotextual.com\\\/inicio\\\/index.php\\\/2023\\\/06\\\/26\\\/feria-cannabica-y-presentacion-de-un-libro-en-el-cmc\\\/#primaryimage\"},\"image\":{\"@id\":\"https:\\\/\\\/diariotextual.com\\\/inicio\\\/index.php\\\/2023\\\/06\\\/26\\\/feria-cannabica-y-presentacion-de-un-libro-en-el-cmc\\\/#primaryimage\"},\"thumbnailUrl\":\"https:\\\/\\\/diariotextual.com\\\/inicio\\\/wp-content\\\/uploads\\\/2023\\\/06\\\/olivetodanielpresentacionlibrocannabis2023-2.jpg\",\"datePublished\":\"2023-06-26T19:06:10+00:00\",\"dateModified\":\"2023-06-26T22:45:19+00:00\",\"breadcrumb\":{\"@id\":\"https:\\\/\\\/diariotextual.com\\\/inicio\\\/index.php\\\/2023\\\/06\\\/26\\\/feria-cannabica-y-presentacion-de-un-libro-en-el-cmc\\\/#breadcrumb\"},\"inLanguage\":\"es\",\"potentialAction\":[{\"@type\":\"ReadAction\",\"target\":[\"https:\\\/\\\/diariotextual.com\\\/inicio\\\/index.php\\\/2023\\\/06\\\/26\\\/feria-cannabica-y-presentacion-de-un-libro-en-el-cmc\\\/\"]}]},{\"@type\":\"ImageObject\",\"inLanguage\":\"es\",\"@id\":\"https:\\\/\\\/diariotextual.com\\\/inicio\\\/index.php\\\/2023\\\/06\\\/26\\\/feria-cannabica-y-presentacion-de-un-libro-en-el-cmc\\\/#primaryimage\",\"url\":\"https:\\\/\\\/diariotextual.com\\\/inicio\\\/wp-content\\\/uploads\\\/2023\\\/06\\\/olivetodanielpresentacionlibrocannabis2023-2.jpg\",\"contentUrl\":\"https:\\\/\\\/diariotextual.com\\\/inicio\\\/wp-content\\\/uploads\\\/2023\\\/06\\\/olivetodanielpresentacionlibrocannabis2023-2.jpg\",\"width\":1100,\"height\":823},{\"@type\":\"BreadcrumbList\",\"@id\":\"https:\\\/\\\/diariotextual.com\\\/inicio\\\/index.php\\\/2023\\\/06\\\/26\\\/feria-cannabica-y-presentacion-de-un-libro-en-el-cmc\\\/#breadcrumb\",\"itemListElement\":[{\"@type\":\"ListItem\",\"position\":1,\"name\":\"Portada\",\"item\":\"https:\\\/\\\/diariotextual.com\\\/inicio\\\/\"},{\"@type\":\"ListItem\",\"position\":2,\"name\":\"Feria cann\u00e1bica y presentaci\u00f3n de un libro en el CMC\"}]},{\"@type\":\"WebSite\",\"@id\":\"https:\\\/\\\/diariotextual.com\\\/inicio\\\/#website\",\"url\":\"https:\\\/\\\/diariotextual.com\\\/inicio\\\/\",\"name\":\"Diario Textual\",\"description\":\"\",\"publisher\":{\"@id\":\"https:\\\/\\\/diariotextual.com\\\/inicio\\\/#organization\"},\"potentialAction\":[{\"@type\":\"SearchAction\",\"target\":{\"@type\":\"EntryPoint\",\"urlTemplate\":\"https:\\\/\\\/diariotextual.com\\\/inicio\\\/?s={search_term_string}\"},\"query-input\":{\"@type\":\"PropertyValueSpecification\",\"valueRequired\":true,\"valueName\":\"search_term_string\"}}],\"inLanguage\":\"es\"},{\"@type\":\"Organization\",\"@id\":\"https:\\\/\\\/diariotextual.com\\\/inicio\\\/#organization\",\"name\":\"Diario Textual\",\"url\":\"https:\\\/\\\/diariotextual.com\\\/inicio\\\/\",\"logo\":{\"@type\":\"ImageObject\",\"inLanguage\":\"es\",\"@id\":\"https:\\\/\\\/diariotextual.com\\\/inicio\\\/#\\\/schema\\\/logo\\\/image\\\/\",\"url\":\"https:\\\/\\\/diariotextual.com\\\/inicio\\\/wp-content\\\/uploads\\\/2023\\\/05\\\/logotextual1.jpg\",\"contentUrl\":\"https:\\\/\\\/diariotextual.com\\\/inicio\\\/wp-content\\\/uploads\\\/2023\\\/05\\\/logotextual1.jpg\",\"width\":516,\"height\":76,\"caption\":\"Diario Textual\"},\"image\":{\"@id\":\"https:\\\/\\\/diariotextual.com\\\/inicio\\\/#\\\/schema\\\/logo\\\/image\\\/\"},\"sameAs\":[\"https:\\\/\\\/www.facebook.com\\\/eltextual\",\"https:\\\/\\\/x.com\\\/eltextual\",\"http:\\\/\\\/www.instagram.com\\\/eltextual\"]},{\"@type\":\"Person\",\"@id\":\"https:\\\/\\\/diariotextual.com\\\/inicio\\\/#\\\/schema\\\/person\\\/418fc4093c33e86ed41562db3508f958\",\"name\":\"Diario1 Diario1\",\"image\":{\"@type\":\"ImageObject\",\"inLanguage\":\"es\",\"@id\":\"https:\\\/\\\/secure.gravatar.com\\\/avatar\\\/9167d280179c85bc18be67aa7eda765854300033af4896dd779b608640f2ef7a?s=96&d=mm&r=g\",\"url\":\"https:\\\/\\\/secure.gravatar.com\\\/avatar\\\/9167d280179c85bc18be67aa7eda765854300033af4896dd779b608640f2ef7a?s=96&d=mm&r=g\",\"contentUrl\":\"https:\\\/\\\/secure.gravatar.com\\\/avatar\\\/9167d280179c85bc18be67aa7eda765854300033af4896dd779b608640f2ef7a?s=96&d=mm&r=g\",\"caption\":\"Diario1 Diario1\"},\"url\":\"https:\\\/\\\/diariotextual.com\\\/inicio\\\/index.php\\\/author\\\/diario1\\\/\"}]}<\/script>\n<!-- \/ Yoast SEO plugin. -->","yoast_head_json":{"title":"Feria cann\u00e1bica y presentaci\u00f3n de un libro en el CMC - Diario Textual","robots":{"index":"index","follow":"follow","max-snippet":"max-snippet:-1","max-image-preview":"max-image-preview:large","max-video-preview":"max-video-preview:-1"},"canonical":"https:\/\/diariotextual.com\/inicio\/index.php\/2023\/06\/26\/feria-cannabica-y-presentacion-de-un-libro-en-el-cmc\/","og_locale":"es_ES","og_type":"article","og_title":"Feria cann\u00e1bica y presentaci\u00f3n de un libro en el CMC - Diario Textual","og_description":"El fin de semana se desarroll\u00f3 una feria cann\u00e1bica en el marco de la presentaci\u00f3n de la segunda edici\u00f3n del libro \u201cCannabis: historia, cultivo y uso terap\u00e9utico\u201d, del profesor en&hellip;","og_url":"https:\/\/diariotextual.com\/inicio\/index.php\/2023\/06\/26\/feria-cannabica-y-presentacion-de-un-libro-en-el-cmc\/","og_site_name":"Diario Textual","article_publisher":"https:\/\/www.facebook.com\/eltextual","article_published_time":"2023-06-26T19:06:10+00:00","article_modified_time":"2023-06-26T22:45:19+00:00","og_image":[{"width":1100,"height":823,"url":"https:\/\/diariotextual.com\/inicio\/wp-content\/uploads\/2023\/06\/olivetodanielpresentacionlibrocannabis2023-2.jpg","type":"image\/jpeg"}],"author":"Diario1 Diario1","twitter_card":"summary_large_image","twitter_creator":"@eltextual","twitter_site":"@eltextual","twitter_misc":{"Escrito por":"Diario1 Diario1","Tiempo de lectura":"2 minutos"},"schema":{"@context":"https:\/\/schema.org","@graph":[{"@type":"Article","@id":"https:\/\/diariotextual.com\/inicio\/index.php\/2023\/06\/26\/feria-cannabica-y-presentacion-de-un-libro-en-el-cmc\/#article","isPartOf":{"@id":"https:\/\/diariotextual.com\/inicio\/index.php\/2023\/06\/26\/feria-cannabica-y-presentacion-de-un-libro-en-el-cmc\/"},"author":{"name":"Diario1 Diario1","@id":"https:\/\/diariotextual.com\/inicio\/#\/schema\/person\/418fc4093c33e86ed41562db3508f958"},"headline":"Feria cann\u00e1bica y presentaci\u00f3n de un libro en el CMC","datePublished":"2023-06-26T19:06:10+00:00","dateModified":"2023-06-26T22:45:19+00:00","mainEntityOfPage":{"@id":"https:\/\/diariotextual.com\/inicio\/index.php\/2023\/06\/26\/feria-cannabica-y-presentacion-de-un-libro-en-el-cmc\/"},"wordCount":321,"publisher":{"@id":"https:\/\/diariotextual.com\/inicio\/#organization"},"image":{"@id":"https:\/\/diariotextual.com\/inicio\/index.php\/2023\/06\/26\/feria-cannabica-y-presentacion-de-un-libro-en-el-cmc\/#primaryimage"},"thumbnailUrl":"https:\/\/diariotextual.com\/inicio\/wp-content\/uploads\/2023\/06\/olivetodanielpresentacionlibrocannabis2023-2.jpg","articleSection":["A - ES NOTICIA (van abajo)","A - QUE PASA (al costado)","SOCIEDAD"],"inLanguage":"es"},{"@type":"WebPage","@id":"https:\/\/diariotextual.com\/inicio\/index.php\/2023\/06\/26\/feria-cannabica-y-presentacion-de-un-libro-en-el-cmc\/","url":"https:\/\/diariotextual.com\/inicio\/index.php\/2023\/06\/26\/feria-cannabica-y-presentacion-de-un-libro-en-el-cmc\/","name":"Feria cann\u00e1bica y presentaci\u00f3n de un libro en el CMC - Diario Textual","isPartOf":{"@id":"https:\/\/diariotextual.com\/inicio\/#website"},"primaryImageOfPage":{"@id":"https:\/\/diariotextual.com\/inicio\/index.php\/2023\/06\/26\/feria-cannabica-y-presentacion-de-un-libro-en-el-cmc\/#primaryimage"},"image":{"@id":"https:\/\/diariotextual.com\/inicio\/index.php\/2023\/06\/26\/feria-cannabica-y-presentacion-de-un-libro-en-el-cmc\/#primaryimage"},"thumbnailUrl":"https:\/\/diariotextual.com\/inicio\/wp-content\/uploads\/2023\/06\/olivetodanielpresentacionlibrocannabis2023-2.jpg","datePublished":"2023-06-26T19:06:10+00:00","dateModified":"2023-06-26T22:45:19+00:00","breadcrumb":{"@id":"https:\/\/diariotextual.com\/inicio\/index.php\/2023\/06\/26\/feria-cannabica-y-presentacion-de-un-libro-en-el-cmc\/#breadcrumb"},"inLanguage":"es","potentialAction":[{"@type":"ReadAction","target":["https:\/\/diariotextual.com\/inicio\/index.php\/2023\/06\/26\/feria-cannabica-y-presentacion-de-un-libro-en-el-cmc\/"]}]},{"@type":"ImageObject","inLanguage":"es","@id":"https:\/\/diariotextual.com\/inicio\/index.php\/2023\/06\/26\/feria-cannabica-y-presentacion-de-un-libro-en-el-cmc\/#primaryimage","url":"https:\/\/diariotextual.com\/inicio\/wp-content\/uploads\/2023\/06\/olivetodanielpresentacionlibrocannabis2023-2.jpg","contentUrl":"https:\/\/diariotextual.com\/inicio\/wp-content\/uploads\/2023\/06\/olivetodanielpresentacionlibrocannabis2023-2.jpg","width":1100,"height":823},{"@type":"BreadcrumbList","@id":"https:\/\/diariotextual.com\/inicio\/index.php\/2023\/06\/26\/feria-cannabica-y-presentacion-de-un-libro-en-el-cmc\/#breadcrumb","itemListElement":[{"@type":"ListItem","position":1,"name":"Portada","item":"https:\/\/diariotextual.com\/inicio\/"},{"@type":"ListItem","position":2,"name":"Feria cann\u00e1bica y presentaci\u00f3n de un libro en el CMC"}]},{"@type":"WebSite","@id":"https:\/\/diariotextual.com\/inicio\/#website","url":"https:\/\/diariotextual.com\/inicio\/","name":"Diario Textual","description":"","publisher":{"@id":"https:\/\/diariotextual.com\/inicio\/#organization"},"potentialAction":[{"@type":"SearchAction","target":{"@type":"EntryPoint","urlTemplate":"https:\/\/diariotextual.com\/inicio\/?s={search_term_string}"},"query-input":{"@type":"PropertyValueSpecification","valueRequired":true,"valueName":"search_term_string"}}],"inLanguage":"es"},{"@type":"Organization","@id":"https:\/\/diariotextual.com\/inicio\/#organization","name":"Diario Textual","url":"https:\/\/diariotextual.com\/inicio\/","logo":{"@type":"ImageObject","inLanguage":"es","@id":"https:\/\/diariotextual.com\/inicio\/#\/schema\/logo\/image\/","url":"https:\/\/diariotextual.com\/inicio\/wp-content\/uploads\/2023\/05\/logotextual1.jpg","contentUrl":"https:\/\/diariotextual.com\/inicio\/wp-content\/uploads\/2023\/05\/logotextual1.jpg","width":516,"height":76,"caption":"Diario Textual"},"image":{"@id":"https:\/\/diariotextual.com\/inicio\/#\/schema\/logo\/image\/"},"sameAs":["https:\/\/www.facebook.com\/eltextual","https:\/\/x.com\/eltextual","http:\/\/www.instagram.com\/eltextual"]},{"@type":"Person","@id":"https:\/\/diariotextual.com\/inicio\/#\/schema\/person\/418fc4093c33e86ed41562db3508f958","name":"Diario1 Diario1","image":{"@type":"ImageObject","inLanguage":"es","@id":"https:\/\/secure.gravatar.com\/avatar\/9167d280179c85bc18be67aa7eda765854300033af4896dd779b608640f2ef7a?s=96&d=mm&r=g","url":"https:\/\/secure.gravatar.com\/avatar\/9167d280179c85bc18be67aa7eda765854300033af4896dd779b608640f2ef7a?s=96&d=mm&r=g","contentUrl":"https:\/\/secure.gravatar.com\/avatar\/9167d280179c85bc18be67aa7eda765854300033af4896dd779b608640f2ef7a?s=96&d=mm&r=g","caption":"Diario1 Diario1"},"url":"https:\/\/diariotextual.com\/inicio\/index.php\/author\/diario1\/"}]}},"_links":{"self":[{"href":"https:\/\/diariotextual.com\/inicio\/index.php\/wp-json\/wp\/v2\/posts\/229493","targetHints":{"allow":["GET"]}}],"collection":[{"href":"https:\/\/diariotextual.com\/inicio\/index.php\/wp-json\/wp\/v2\/posts"}],"about":[{"href":"https:\/\/diariotextual.com\/inicio\/index.php\/wp-json\/wp\/v2\/types\/post"}],"author":[{"embeddable":true,"href":"https:\/\/diariotextual.com\/inicio\/index.php\/wp-json\/wp\/v2\/users\/3"}],"replies":[{"embeddable":true,"href":"https:\/\/diariotextual.com\/inicio\/index.php\/wp-json\/wp\/v2\/comments?post=229493"}],"version-history":[{"count":4,"href":"https:\/\/diariotextual.com\/inicio\/index.php\/wp-json\/wp\/v2\/posts\/229493\/revisions"}],"predecessor-version":[{"id":229500,"href":"https:\/\/diariotextual.com\/inicio\/index.php\/wp-json\/wp\/v2\/posts\/229493\/revisions\/229500"}],"wp:featuredmedia":[{"embeddable":true,"href":"https:\/\/diariotextual.com\/inicio\/index.php\/wp-json\/wp\/v2\/media\/229497"}],"wp:attachment":[{"href":"https:\/\/diariotextual.com\/inicio\/index.php\/wp-json\/wp\/v2\/media?parent=229493"}],"wp:term":[{"taxonomy":"category","embeddable":true,"href":"https:\/\/diariotextual.com\/inicio\/index.php\/wp-json\/wp\/v2\/categories?post=229493"},{"taxonomy":"post_tag","embeddable":true,"href":"https:\/\/diariotextual.com\/inicio\/index.php\/wp-json\/wp\/v2\/tags?post=229493"}],"curies":[{"name":"wp","href":"https:\/\/api.w.org\/{rel}","templated":true}]}}