{"id":229508,"date":"2023-06-26T17:56:29","date_gmt":"2023-06-26T20:56:29","guid":{"rendered":"https:\/\/diariotextual.com\/inicio\/?p=229508"},"modified":"2023-06-27T06:49:45","modified_gmt":"2023-06-27T09:49:45","slug":"licitaran-la-construccion-de-viviendas-de-servicio-en-casa-de-piedra","status":"publish","type":"post","link":"https:\/\/diariotextual.com\/inicio\/index.php\/2023\/06\/26\/licitaran-la-construccion-de-viviendas-de-servicio-en-casa-de-piedra\/","title":{"rendered":"Licitar\u00e1n la construcci\u00f3n de viviendas de servicio en Casa de Piedra"},"content":{"rendered":"\n<p>El gobernador Sergio Ziliotto firm\u00f3 el decreto que autoriza licitar la <strong>construcci\u00f3n de 16 viviendas de servicio en Villa Casa de Piedra<\/strong>, con la infraestructura urbana para agua corriente, energ\u00eda el\u00e9ctrica y sobre cada una de las unidades habitacionales, los servicios para agua, cloacas, gas y electricidad. La fecha prevista es el 28 de julio pr\u00f3ximo, con un presupuesto oficial cercano a los 600 millones de pesos.\u00a0\u00a0<\/p>\n\n\n\n<p>Para tal fin se prev\u00e9 ejecutar la tuber\u00eda de agua corriente y electricidad, sobre otras parcelas para la correcta alimentaci\u00f3n de los servicios a las unidades habitacionales.<\/p>\n\n\n\n<p>El proyecto arquitect\u00f3nico de las viviendas tiene un <strong>dise\u00f1o acorde a la disposici\u00f3n urban\u00edstica de la Villa<\/strong>, cada una de ellas posee una superficie cubierta de 63,56 metros cuadrados y una superficie semicubierta de 35,54 metros cuadrados.<\/p>\n\n\n\n<p>En cuanto a los costos de servicios, incluyen el valor de la infraestructura frentista y sus respectivas conexiones domiciliarias.<\/p>\n\n\n\n<p>La construcci\u00f3n de las unidades, ser\u00e1 con materiales tradicionales, mamposter\u00eda de ladrillo cer\u00e1mico hueco portante y ladrillo a la vista, cubierta de techo de chapa onda trapezoidal color con aislaci\u00f3n t\u00e9rmica. Sobre el n\u00facleo h\u00famedo y de servicio, la cubierta ser\u00e1 de losa cer\u00e1mica con aislaciones, cielorraso de PVC, pisos y revestimientos de cer\u00e1micos esmaltados. Las carpinter\u00edas exteriores de PVC, con vidrio DVH y rejas de seguridad, las puertas de frente y contrafrente de chapa inyectada y las interiores tipo placa con marco met\u00e1lico. Contar\u00e1n con los servicios de agua corriente, energ\u00eda el\u00e9ctrica y alumbrado p\u00fablico por red exterior, gas envasado propano a granel, desag\u00fce cloacal a trav\u00e9s de biodigestor y campo de infiltraci\u00f3n por unidad de servicio.<\/p>\n\n\n\n<p>Adem\u00e1s, se construir\u00e1n veredas perimetrales, de acceso y municipal, sum\u00e1ndose forestaci\u00f3n urbana e interior por unidad de vivienda.<\/p>\n\n\n\n<p>Las dieciseis viviendas tendr\u00e1n una misma localizaci\u00f3n sobre la manzana 92 ubicada en calle 20 entre calles 15 y 5.<\/p>\n\n\n\n<p>El acto p\u00fablico de licitaci\u00f3n para la construcci\u00f3n de viviendas de servicios de la Villa Casa de Piedra, se realizar\u00e1 el 28 de julio de 2023 a las 10, en el Ministerio de Obras y Servicios P\u00fablicos. La obra en menci\u00f3n cuenta con un presupuesto oficial de $ 557.044.953 y un plazo de trabajo de 450 d\u00edas.<\/p>\n","protected":false},"excerpt":{"rendered":"<p>El gobernador Sergio Ziliotto firm\u00f3 el decreto que autoriza licitar la construcci\u00f3n de 16 viviendas de servicio en Villa Casa de Piedra, con la infraestructura urbana para agua corriente, energ\u00eda&hellip;<\/p>\n","protected":false},"author":4,"featured_media":51167,"comment_status":"closed","ping_status":"open","sticky":false,"template":"","format":"standard","meta":{"_acf_changed":false,"footnotes":""},"categories":[11,12],"tags":[],"class_list":["post-229508","post","type-post","status-publish","format-standard","has-post-thumbnail","hentry","category-que-pasa","category-sociedad"],"acf":[],"yoast_head":"<!-- This site is optimized with the Yoast SEO plugin v27.5 - https:\/\/yoast.com\/product\/yoast-seo-wordpress\/ -->\n<title>Licitar\u00e1n la construcci\u00f3n de viviendas de servicio en Casa de Piedra - Diario Textual<\/title>\n<meta name=\"robots\" content=\"index, follow, max-snippet:-1, max-image-preview:large, max-video-preview:-1\" \/>\n<link rel=\"canonical\" href=\"https:\/\/diariotextual.com\/inicio\/index.php\/2023\/06\/26\/licitaran-la-construccion-de-viviendas-de-servicio-en-casa-de-piedra\/\" \/>\n<meta property=\"og:locale\" content=\"es_ES\" \/>\n<meta property=\"og:type\" content=\"article\" \/>\n<meta property=\"og:title\" content=\"Licitar\u00e1n la construcci\u00f3n de viviendas de servicio en Casa de Piedra - Diario Textual\" \/>\n<meta property=\"og:description\" content=\"El gobernador Sergio Ziliotto firm\u00f3 el decreto que autoriza licitar la construcci\u00f3n de 16 viviendas de servicio en Villa Casa de Piedra, con la infraestructura urbana para agua corriente, energ\u00eda&hellip;\" \/>\n<meta property=\"og:url\" content=\"https:\/\/diariotextual.com\/inicio\/index.php\/2023\/06\/26\/licitaran-la-construccion-de-viviendas-de-servicio-en-casa-de-piedra\/\" \/>\n<meta property=\"og:site_name\" content=\"Diario Textual\" \/>\n<meta property=\"article:publisher\" content=\"https:\/\/www.facebook.com\/eltextual\" \/>\n<meta property=\"article:published_time\" content=\"2023-06-26T20:56:29+00:00\" \/>\n<meta property=\"article:modified_time\" content=\"2023-06-27T09:49:45+00:00\" \/>\n<meta property=\"og:image\" content=\"https:\/\/diariotextual.com\/inicio\/wp-content\/uploads\/2019\/06\/villacasadepiedracartel.jpg\" \/>\n\t<meta property=\"og:image:width\" content=\"700\" \/>\n\t<meta property=\"og:image:height\" content=\"441\" \/>\n\t<meta property=\"og:image:type\" content=\"image\/jpeg\" \/>\n<meta name=\"author\" content=\"diario2\" \/>\n<meta name=\"twitter:card\" content=\"summary_large_image\" \/>\n<meta name=\"twitter:creator\" content=\"@eltextual\" \/>\n<meta name=\"twitter:site\" content=\"@eltextual\" \/>\n<meta name=\"twitter:label1\" content=\"Escrito por\" \/>\n\t<meta name=\"twitter:data1\" content=\"diario2\" \/>\n\t<meta name=\"twitter:label2\" content=\"Tiempo de lectura\" \/>\n\t<meta name=\"twitter:data2\" content=\"2 minutos\" \/>\n<script type=\"application\/ld+json\" class=\"yoast-schema-graph\">{\"@context\":\"https:\\\/\\\/schema.org\",\"@graph\":[{\"@type\":\"Article\",\"@id\":\"https:\\\/\\\/diariotextual.com\\\/inicio\\\/index.php\\\/2023\\\/06\\\/26\\\/licitaran-la-construccion-de-viviendas-de-servicio-en-casa-de-piedra\\\/#article\",\"isPartOf\":{\"@id\":\"https:\\\/\\\/diariotextual.com\\\/inicio\\\/index.php\\\/2023\\\/06\\\/26\\\/licitaran-la-construccion-de-viviendas-de-servicio-en-casa-de-piedra\\\/\"},\"author\":{\"name\":\"diario2\",\"@id\":\"https:\\\/\\\/diariotextual.com\\\/inicio\\\/#\\\/schema\\\/person\\\/694f60677f23c4a530867a98f22b3768\"},\"headline\":\"Licitar\u00e1n la construcci\u00f3n de viviendas de servicio en Casa de Piedra\",\"datePublished\":\"2023-06-26T20:56:29+00:00\",\"dateModified\":\"2023-06-27T09:49:45+00:00\",\"mainEntityOfPage\":{\"@id\":\"https:\\\/\\\/diariotextual.com\\\/inicio\\\/index.php\\\/2023\\\/06\\\/26\\\/licitaran-la-construccion-de-viviendas-de-servicio-en-casa-de-piedra\\\/\"},\"wordCount\":401,\"publisher\":{\"@id\":\"https:\\\/\\\/diariotextual.com\\\/inicio\\\/#organization\"},\"image\":{\"@id\":\"https:\\\/\\\/diariotextual.com\\\/inicio\\\/index.php\\\/2023\\\/06\\\/26\\\/licitaran-la-construccion-de-viviendas-de-servicio-en-casa-de-piedra\\\/#primaryimage\"},\"thumbnailUrl\":\"https:\\\/\\\/diariotextual.com\\\/inicio\\\/wp-content\\\/uploads\\\/2019\\\/06\\\/villacasadepiedracartel.jpg\",\"articleSection\":[\"A - QUE PASA (al costado)\",\"SOCIEDAD\"],\"inLanguage\":\"es\"},{\"@type\":\"WebPage\",\"@id\":\"https:\\\/\\\/diariotextual.com\\\/inicio\\\/index.php\\\/2023\\\/06\\\/26\\\/licitaran-la-construccion-de-viviendas-de-servicio-en-casa-de-piedra\\\/\",\"url\":\"https:\\\/\\\/diariotextual.com\\\/inicio\\\/index.php\\\/2023\\\/06\\\/26\\\/licitaran-la-construccion-de-viviendas-de-servicio-en-casa-de-piedra\\\/\",\"name\":\"Licitar\u00e1n la construcci\u00f3n de viviendas de servicio en Casa de Piedra - Diario Textual\",\"isPartOf\":{\"@id\":\"https:\\\/\\\/diariotextual.com\\\/inicio\\\/#website\"},\"primaryImageOfPage\":{\"@id\":\"https:\\\/\\\/diariotextual.com\\\/inicio\\\/index.php\\\/2023\\\/06\\\/26\\\/licitaran-la-construccion-de-viviendas-de-servicio-en-casa-de-piedra\\\/#primaryimage\"},\"image\":{\"@id\":\"https:\\\/\\\/diariotextual.com\\\/inicio\\\/index.php\\\/2023\\\/06\\\/26\\\/licitaran-la-construccion-de-viviendas-de-servicio-en-casa-de-piedra\\\/#primaryimage\"},\"thumbnailUrl\":\"https:\\\/\\\/diariotextual.com\\\/inicio\\\/wp-content\\\/uploads\\\/2019\\\/06\\\/villacasadepiedracartel.jpg\",\"datePublished\":\"2023-06-26T20:56:29+00:00\",\"dateModified\":\"2023-06-27T09:49:45+00:00\",\"breadcrumb\":{\"@id\":\"https:\\\/\\\/diariotextual.com\\\/inicio\\\/index.php\\\/2023\\\/06\\\/26\\\/licitaran-la-construccion-de-viviendas-de-servicio-en-casa-de-piedra\\\/#breadcrumb\"},\"inLanguage\":\"es\",\"potentialAction\":[{\"@type\":\"ReadAction\",\"target\":[\"https:\\\/\\\/diariotextual.com\\\/inicio\\\/index.php\\\/2023\\\/06\\\/26\\\/licitaran-la-construccion-de-viviendas-de-servicio-en-casa-de-piedra\\\/\"]}]},{\"@type\":\"ImageObject\",\"inLanguage\":\"es\",\"@id\":\"https:\\\/\\\/diariotextual.com\\\/inicio\\\/index.php\\\/2023\\\/06\\\/26\\\/licitaran-la-construccion-de-viviendas-de-servicio-en-casa-de-piedra\\\/#primaryimage\",\"url\":\"https:\\\/\\\/diariotextual.com\\\/inicio\\\/wp-content\\\/uploads\\\/2019\\\/06\\\/villacasadepiedracartel.jpg\",\"contentUrl\":\"https:\\\/\\\/diariotextual.com\\\/inicio\\\/wp-content\\\/uploads\\\/2019\\\/06\\\/villacasadepiedracartel.jpg\",\"width\":700,\"height\":441},{\"@type\":\"BreadcrumbList\",\"@id\":\"https:\\\/\\\/diariotextual.com\\\/inicio\\\/index.php\\\/2023\\\/06\\\/26\\\/licitaran-la-construccion-de-viviendas-de-servicio-en-casa-de-piedra\\\/#breadcrumb\",\"itemListElement\":[{\"@type\":\"ListItem\",\"position\":1,\"name\":\"Portada\",\"item\":\"https:\\\/\\\/diariotextual.com\\\/inicio\\\/\"},{\"@type\":\"ListItem\",\"position\":2,\"name\":\"Licitar\u00e1n la construcci\u00f3n de viviendas de servicio en Casa de Piedra\"}]},{\"@type\":\"WebSite\",\"@id\":\"https:\\\/\\\/diariotextual.com\\\/inicio\\\/#website\",\"url\":\"https:\\\/\\\/diariotextual.com\\\/inicio\\\/\",\"name\":\"Diario Textual\",\"description\":\"\",\"publisher\":{\"@id\":\"https:\\\/\\\/diariotextual.com\\\/inicio\\\/#organization\"},\"potentialAction\":[{\"@type\":\"SearchAction\",\"target\":{\"@type\":\"EntryPoint\",\"urlTemplate\":\"https:\\\/\\\/diariotextual.com\\\/inicio\\\/?s={search_term_string}\"},\"query-input\":{\"@type\":\"PropertyValueSpecification\",\"valueRequired\":true,\"valueName\":\"search_term_string\"}}],\"inLanguage\":\"es\"},{\"@type\":\"Organization\",\"@id\":\"https:\\\/\\\/diariotextual.com\\\/inicio\\\/#organization\",\"name\":\"Diario Textual\",\"url\":\"https:\\\/\\\/diariotextual.com\\\/inicio\\\/\",\"logo\":{\"@type\":\"ImageObject\",\"inLanguage\":\"es\",\"@id\":\"https:\\\/\\\/diariotextual.com\\\/inicio\\\/#\\\/schema\\\/logo\\\/image\\\/\",\"url\":\"https:\\\/\\\/diariotextual.com\\\/inicio\\\/wp-content\\\/uploads\\\/2023\\\/05\\\/logotextual1.jpg\",\"contentUrl\":\"https:\\\/\\\/diariotextual.com\\\/inicio\\\/wp-content\\\/uploads\\\/2023\\\/05\\\/logotextual1.jpg\",\"width\":516,\"height\":76,\"caption\":\"Diario Textual\"},\"image\":{\"@id\":\"https:\\\/\\\/diariotextual.com\\\/inicio\\\/#\\\/schema\\\/logo\\\/image\\\/\"},\"sameAs\":[\"https:\\\/\\\/www.facebook.com\\\/eltextual\",\"https:\\\/\\\/x.com\\\/eltextual\",\"http:\\\/\\\/www.instagram.com\\\/eltextual\"]},{\"@type\":\"Person\",\"@id\":\"https:\\\/\\\/diariotextual.com\\\/inicio\\\/#\\\/schema\\\/person\\\/694f60677f23c4a530867a98f22b3768\",\"name\":\"diario2\",\"image\":{\"@type\":\"ImageObject\",\"inLanguage\":\"es\",\"@id\":\"https:\\\/\\\/secure.gravatar.com\\\/avatar\\\/5a2567495ba16b852fcd8f1ed006a2e24fcace936018ed8237e95f488ad6e0a7?s=96&d=mm&r=g\",\"url\":\"https:\\\/\\\/secure.gravatar.com\\\/avatar\\\/5a2567495ba16b852fcd8f1ed006a2e24fcace936018ed8237e95f488ad6e0a7?s=96&d=mm&r=g\",\"contentUrl\":\"https:\\\/\\\/secure.gravatar.com\\\/avatar\\\/5a2567495ba16b852fcd8f1ed006a2e24fcace936018ed8237e95f488ad6e0a7?s=96&d=mm&r=g\",\"caption\":\"diario2\"},\"url\":\"https:\\\/\\\/diariotextual.com\\\/inicio\\\/index.php\\\/author\\\/diario2\\\/\"}]}<\/script>\n<!-- \/ Yoast SEO plugin. -->","yoast_head_json":{"title":"Licitar\u00e1n la construcci\u00f3n de viviendas de servicio en Casa de Piedra - Diario Textual","robots":{"index":"index","follow":"follow","max-snippet":"max-snippet:-1","max-image-preview":"max-image-preview:large","max-video-preview":"max-video-preview:-1"},"canonical":"https:\/\/diariotextual.com\/inicio\/index.php\/2023\/06\/26\/licitaran-la-construccion-de-viviendas-de-servicio-en-casa-de-piedra\/","og_locale":"es_ES","og_type":"article","og_title":"Licitar\u00e1n la construcci\u00f3n de viviendas de servicio en Casa de Piedra - Diario Textual","og_description":"El gobernador Sergio Ziliotto firm\u00f3 el decreto que autoriza licitar la construcci\u00f3n de 16 viviendas de servicio en Villa Casa de Piedra, con la infraestructura urbana para agua corriente, energ\u00eda&hellip;","og_url":"https:\/\/diariotextual.com\/inicio\/index.php\/2023\/06\/26\/licitaran-la-construccion-de-viviendas-de-servicio-en-casa-de-piedra\/","og_site_name":"Diario Textual","article_publisher":"https:\/\/www.facebook.com\/eltextual","article_published_time":"2023-06-26T20:56:29+00:00","article_modified_time":"2023-06-27T09:49:45+00:00","og_image":[{"width":700,"height":441,"url":"https:\/\/diariotextual.com\/inicio\/wp-content\/uploads\/2019\/06\/villacasadepiedracartel.jpg","type":"image\/jpeg"}],"author":"diario2","twitter_card":"summary_large_image","twitter_creator":"@eltextual","twitter_site":"@eltextual","twitter_misc":{"Escrito por":"diario2","Tiempo de lectura":"2 minutos"},"schema":{"@context":"https:\/\/schema.org","@graph":[{"@type":"Article","@id":"https:\/\/diariotextual.com\/inicio\/index.php\/2023\/06\/26\/licitaran-la-construccion-de-viviendas-de-servicio-en-casa-de-piedra\/#article","isPartOf":{"@id":"https:\/\/diariotextual.com\/inicio\/index.php\/2023\/06\/26\/licitaran-la-construccion-de-viviendas-de-servicio-en-casa-de-piedra\/"},"author":{"name":"diario2","@id":"https:\/\/diariotextual.com\/inicio\/#\/schema\/person\/694f60677f23c4a530867a98f22b3768"},"headline":"Licitar\u00e1n la construcci\u00f3n de viviendas de servicio en Casa de Piedra","datePublished":"2023-06-26T20:56:29+00:00","dateModified":"2023-06-27T09:49:45+00:00","mainEntityOfPage":{"@id":"https:\/\/diariotextual.com\/inicio\/index.php\/2023\/06\/26\/licitaran-la-construccion-de-viviendas-de-servicio-en-casa-de-piedra\/"},"wordCount":401,"publisher":{"@id":"https:\/\/diariotextual.com\/inicio\/#organization"},"image":{"@id":"https:\/\/diariotextual.com\/inicio\/index.php\/2023\/06\/26\/licitaran-la-construccion-de-viviendas-de-servicio-en-casa-de-piedra\/#primaryimage"},"thumbnailUrl":"https:\/\/diariotextual.com\/inicio\/wp-content\/uploads\/2019\/06\/villacasadepiedracartel.jpg","articleSection":["A - QUE PASA (al costado)","SOCIEDAD"],"inLanguage":"es"},{"@type":"WebPage","@id":"https:\/\/diariotextual.com\/inicio\/index.php\/2023\/06\/26\/licitaran-la-construccion-de-viviendas-de-servicio-en-casa-de-piedra\/","url":"https:\/\/diariotextual.com\/inicio\/index.php\/2023\/06\/26\/licitaran-la-construccion-de-viviendas-de-servicio-en-casa-de-piedra\/","name":"Licitar\u00e1n la construcci\u00f3n de viviendas de servicio en Casa de Piedra - Diario Textual","isPartOf":{"@id":"https:\/\/diariotextual.com\/inicio\/#website"},"primaryImageOfPage":{"@id":"https:\/\/diariotextual.com\/inicio\/index.php\/2023\/06\/26\/licitaran-la-construccion-de-viviendas-de-servicio-en-casa-de-piedra\/#primaryimage"},"image":{"@id":"https:\/\/diariotextual.com\/inicio\/index.php\/2023\/06\/26\/licitaran-la-construccion-de-viviendas-de-servicio-en-casa-de-piedra\/#primaryimage"},"thumbnailUrl":"https:\/\/diariotextual.com\/inicio\/wp-content\/uploads\/2019\/06\/villacasadepiedracartel.jpg","datePublished":"2023-06-26T20:56:29+00:00","dateModified":"2023-06-27T09:49:45+00:00","breadcrumb":{"@id":"https:\/\/diariotextual.com\/inicio\/index.php\/2023\/06\/26\/licitaran-la-construccion-de-viviendas-de-servicio-en-casa-de-piedra\/#breadcrumb"},"inLanguage":"es","potentialAction":[{"@type":"ReadAction","target":["https:\/\/diariotextual.com\/inicio\/index.php\/2023\/06\/26\/licitaran-la-construccion-de-viviendas-de-servicio-en-casa-de-piedra\/"]}]},{"@type":"ImageObject","inLanguage":"es","@id":"https:\/\/diariotextual.com\/inicio\/index.php\/2023\/06\/26\/licitaran-la-construccion-de-viviendas-de-servicio-en-casa-de-piedra\/#primaryimage","url":"https:\/\/diariotextual.com\/inicio\/wp-content\/uploads\/2019\/06\/villacasadepiedracartel.jpg","contentUrl":"https:\/\/diariotextual.com\/inicio\/wp-content\/uploads\/2019\/06\/villacasadepiedracartel.jpg","width":700,"height":441},{"@type":"BreadcrumbList","@id":"https:\/\/diariotextual.com\/inicio\/index.php\/2023\/06\/26\/licitaran-la-construccion-de-viviendas-de-servicio-en-casa-de-piedra\/#breadcrumb","itemListElement":[{"@type":"ListItem","position":1,"name":"Portada","item":"https:\/\/diariotextual.com\/inicio\/"},{"@type":"ListItem","position":2,"name":"Licitar\u00e1n la construcci\u00f3n de viviendas de servicio en Casa de Piedra"}]},{"@type":"WebSite","@id":"https:\/\/diariotextual.com\/inicio\/#website","url":"https:\/\/diariotextual.com\/inicio\/","name":"Diario Textual","description":"","publisher":{"@id":"https:\/\/diariotextual.com\/inicio\/#organization"},"potentialAction":[{"@type":"SearchAction","target":{"@type":"EntryPoint","urlTemplate":"https:\/\/diariotextual.com\/inicio\/?s={search_term_string}"},"query-input":{"@type":"PropertyValueSpecification","valueRequired":true,"valueName":"search_term_string"}}],"inLanguage":"es"},{"@type":"Organization","@id":"https:\/\/diariotextual.com\/inicio\/#organization","name":"Diario Textual","url":"https:\/\/diariotextual.com\/inicio\/","logo":{"@type":"ImageObject","inLanguage":"es","@id":"https:\/\/diariotextual.com\/inicio\/#\/schema\/logo\/image\/","url":"https:\/\/diariotextual.com\/inicio\/wp-content\/uploads\/2023\/05\/logotextual1.jpg","contentUrl":"https:\/\/diariotextual.com\/inicio\/wp-content\/uploads\/2023\/05\/logotextual1.jpg","width":516,"height":76,"caption":"Diario Textual"},"image":{"@id":"https:\/\/diariotextual.com\/inicio\/#\/schema\/logo\/image\/"},"sameAs":["https:\/\/www.facebook.com\/eltextual","https:\/\/x.com\/eltextual","http:\/\/www.instagram.com\/eltextual"]},{"@type":"Person","@id":"https:\/\/diariotextual.com\/inicio\/#\/schema\/person\/694f60677f23c4a530867a98f22b3768","name":"diario2","image":{"@type":"ImageObject","inLanguage":"es","@id":"https:\/\/secure.gravatar.com\/avatar\/5a2567495ba16b852fcd8f1ed006a2e24fcace936018ed8237e95f488ad6e0a7?s=96&d=mm&r=g","url":"https:\/\/secure.gravatar.com\/avatar\/5a2567495ba16b852fcd8f1ed006a2e24fcace936018ed8237e95f488ad6e0a7?s=96&d=mm&r=g","contentUrl":"https:\/\/secure.gravatar.com\/avatar\/5a2567495ba16b852fcd8f1ed006a2e24fcace936018ed8237e95f488ad6e0a7?s=96&d=mm&r=g","caption":"diario2"},"url":"https:\/\/diariotextual.com\/inicio\/index.php\/author\/diario2\/"}]}},"_links":{"self":[{"href":"https:\/\/diariotextual.com\/inicio\/index.php\/wp-json\/wp\/v2\/posts\/229508","targetHints":{"allow":["GET"]}}],"collection":[{"href":"https:\/\/diariotextual.com\/inicio\/index.php\/wp-json\/wp\/v2\/posts"}],"about":[{"href":"https:\/\/diariotextual.com\/inicio\/index.php\/wp-json\/wp\/v2\/types\/post"}],"author":[{"embeddable":true,"href":"https:\/\/diariotextual.com\/inicio\/index.php\/wp-json\/wp\/v2\/users\/4"}],"replies":[{"embeddable":true,"href":"https:\/\/diariotextual.com\/inicio\/index.php\/wp-json\/wp\/v2\/comments?post=229508"}],"version-history":[{"count":2,"href":"https:\/\/diariotextual.com\/inicio\/index.php\/wp-json\/wp\/v2\/posts\/229508\/revisions"}],"predecessor-version":[{"id":229510,"href":"https:\/\/diariotextual.com\/inicio\/index.php\/wp-json\/wp\/v2\/posts\/229508\/revisions\/229510"}],"wp:featuredmedia":[{"embeddable":true,"href":"https:\/\/diariotextual.com\/inicio\/index.php\/wp-json\/wp\/v2\/media\/51167"}],"wp:attachment":[{"href":"https:\/\/diariotextual.com\/inicio\/index.php\/wp-json\/wp\/v2\/media?parent=229508"}],"wp:term":[{"taxonomy":"category","embeddable":true,"href":"https:\/\/diariotextual.com\/inicio\/index.php\/wp-json\/wp\/v2\/categories?post=229508"},{"taxonomy":"post_tag","embeddable":true,"href":"https:\/\/diariotextual.com\/inicio\/index.php\/wp-json\/wp\/v2\/tags?post=229508"}],"curies":[{"name":"wp","href":"https:\/\/api.w.org\/{rel}","templated":true}]}}