{"id":229539,"date":"2023-06-27T00:18:07","date_gmt":"2023-06-27T03:18:07","guid":{"rendered":"https:\/\/diariotextual.com\/inicio\/?p=229539"},"modified":"2023-06-27T22:37:20","modified_gmt":"2023-06-28T01:37:20","slug":"avanza-la-crecida-del-colorado-evacuados-y-23-pozos-petroleros-fuera-de-servicio","status":"publish","type":"post","link":"https:\/\/diariotextual.com\/inicio\/index.php\/2023\/06\/27\/avanza-la-crecida-del-colorado-evacuados-y-23-pozos-petroleros-fuera-de-servicio\/","title":{"rendered":"Crecida del Colorado: evacuados y 23 pozos petroleros fuera de servicio"},"content":{"rendered":"\n<p>Luego del intenso evento de precipitaciones, la crecida del r\u00edo Colorado est\u00e1 pasando por la localidad de Rinc\u00f3n de los Sauces (Neuqu\u00e9n). Algunas familias se autoevacuaron y, adem\u00e1s, las autoridades sacaron de producci\u00f3n a un total de 23 pozos petroleros.<\/p>\n\n\n\n<p>\u201cMotivado por las intensas lluvias que se registraron desde el \u00faltimo viernes en la alta cuenca del Colorado se produjo un aumento significativo del caudal del r\u00edo, que dej\u00f3 como consecuencias algunos anegamientos e inconvenientes menores\u201d, comunic\u00f3 el Comit\u00e9 Interjurisdiccional del R\u00edo Colorado.<\/p>\n\n\n\n<p>&nbsp;\u201cAnte el cese de las lluvias, todas las estaciones de la cuenca est\u00e1n en baja, incluida Buta Ranquil, que mide el caudal del Colorado luego de la confluencia del Grande y el Barrancas. A las 15 horas de hoy la estaci\u00f3n registr\u00f3 un caudal de 588 m\u00b3\/s, luego de llegar en el mediod\u00eda de ayer a un m\u00e1ximo de 773 m\u00b3\/s\u201d, comunic\u00f3.<\/p>\n\n\n\n<p>&nbsp;El pron\u00f3stico no prev\u00e9 para el curso de los pr\u00f3ximos d\u00edas nuevas precipitaciones de importancia en la regi\u00f3n.<\/p>\n\n\n\n<p>\u201cA trav\u00e9s de la Comisi\u00f3n T\u00e9cnica Fiscalizadora del COIRCO, se decidi\u00f3 dejar preventivamente fuera de servicio 23 pozos petroleros que est\u00e1n ubicados en las cercan\u00edas de las m\u00e1rgenes del Colorado y que presentaban riesgos de inundaci\u00f3n. Se inst\u00f3 a las empresas a aumentar la frecuencia de los recorridos de inspecci\u00f3n y a tener preparados los equipos de emergencia\u201d, inform\u00f3.<\/p>\n\n\n\n<p>&nbsp;\u201cEl pico de la crecida lleg\u00f3 a Rinc\u00f3n de los Sauces en la madrugada de hoy, donde se autoevacuaron preventivamente algunas familias, sin que se hayan registrado inconvenientes de magnitud\u201d, finaliz\u00f3.<\/p>\n","protected":false},"excerpt":{"rendered":"<p>Luego del intenso evento de precipitaciones, la crecida del r\u00edo Colorado est\u00e1 pasando por la localidad de Rinc\u00f3n de los Sauces (Neuqu\u00e9n). Algunas familias se autoevacuaron y, adem\u00e1s, las autoridades&hellip;<\/p>\n","protected":false},"author":3,"featured_media":229540,"comment_status":"closed","ping_status":"open","sticky":false,"template":"","format":"standard","meta":{"_acf_changed":false,"footnotes":""},"categories":[12],"tags":[],"class_list":["post-229539","post","type-post","status-publish","format-standard","has-post-thumbnail","hentry","category-sociedad"],"acf":[],"yoast_head":"<!-- This site is optimized with the Yoast SEO plugin v27.5 - https:\/\/yoast.com\/product\/yoast-seo-wordpress\/ -->\n<title>Crecida del Colorado: evacuados y 23 pozos petroleros fuera de servicio - Diario Textual<\/title>\n<meta name=\"robots\" content=\"index, follow, max-snippet:-1, max-image-preview:large, max-video-preview:-1\" \/>\n<link rel=\"canonical\" href=\"https:\/\/diariotextual.com\/inicio\/index.php\/2023\/06\/27\/avanza-la-crecida-del-colorado-evacuados-y-23-pozos-petroleros-fuera-de-servicio\/\" \/>\n<meta property=\"og:locale\" content=\"es_ES\" \/>\n<meta property=\"og:type\" content=\"article\" \/>\n<meta property=\"og:title\" content=\"Crecida del Colorado: evacuados y 23 pozos petroleros fuera de servicio - Diario Textual\" \/>\n<meta property=\"og:description\" content=\"Luego del intenso evento de precipitaciones, la crecida del r\u00edo Colorado est\u00e1 pasando por la localidad de Rinc\u00f3n de los Sauces (Neuqu\u00e9n). Algunas familias se autoevacuaron y, adem\u00e1s, las autoridades&hellip;\" \/>\n<meta property=\"og:url\" content=\"https:\/\/diariotextual.com\/inicio\/index.php\/2023\/06\/27\/avanza-la-crecida-del-colorado-evacuados-y-23-pozos-petroleros-fuera-de-servicio\/\" \/>\n<meta property=\"og:site_name\" content=\"Diario Textual\" \/>\n<meta property=\"article:publisher\" content=\"https:\/\/www.facebook.com\/eltextual\" \/>\n<meta property=\"article:published_time\" content=\"2023-06-27T03:18:07+00:00\" \/>\n<meta property=\"article:modified_time\" content=\"2023-06-28T01:37:20+00:00\" \/>\n<meta property=\"og:image\" content=\"https:\/\/diariotextual.com\/inicio\/wp-content\/uploads\/2023\/06\/riocoloradocrecidarincondelossauces2023-3.jpg\" \/>\n\t<meta property=\"og:image:width\" content=\"957\" \/>\n\t<meta property=\"og:image:height\" content=\"717\" \/>\n\t<meta property=\"og:image:type\" content=\"image\/jpeg\" \/>\n<meta name=\"author\" content=\"Diario1 Diario1\" \/>\n<meta name=\"twitter:card\" content=\"summary_large_image\" \/>\n<meta name=\"twitter:creator\" content=\"@eltextual\" \/>\n<meta name=\"twitter:site\" content=\"@eltextual\" \/>\n<meta name=\"twitter:label1\" content=\"Escrito por\" \/>\n\t<meta name=\"twitter:data1\" content=\"Diario1 Diario1\" \/>\n\t<meta name=\"twitter:label2\" content=\"Tiempo de lectura\" \/>\n\t<meta name=\"twitter:data2\" content=\"2 minutos\" \/>\n<script type=\"application\/ld+json\" class=\"yoast-schema-graph\">{\"@context\":\"https:\\\/\\\/schema.org\",\"@graph\":[{\"@type\":\"Article\",\"@id\":\"https:\\\/\\\/diariotextual.com\\\/inicio\\\/index.php\\\/2023\\\/06\\\/27\\\/avanza-la-crecida-del-colorado-evacuados-y-23-pozos-petroleros-fuera-de-servicio\\\/#article\",\"isPartOf\":{\"@id\":\"https:\\\/\\\/diariotextual.com\\\/inicio\\\/index.php\\\/2023\\\/06\\\/27\\\/avanza-la-crecida-del-colorado-evacuados-y-23-pozos-petroleros-fuera-de-servicio\\\/\"},\"author\":{\"name\":\"Diario1 Diario1\",\"@id\":\"https:\\\/\\\/diariotextual.com\\\/inicio\\\/#\\\/schema\\\/person\\\/418fc4093c33e86ed41562db3508f958\"},\"headline\":\"Crecida del Colorado: evacuados y 23 pozos petroleros fuera de servicio\",\"datePublished\":\"2023-06-27T03:18:07+00:00\",\"dateModified\":\"2023-06-28T01:37:20+00:00\",\"mainEntityOfPage\":{\"@id\":\"https:\\\/\\\/diariotextual.com\\\/inicio\\\/index.php\\\/2023\\\/06\\\/27\\\/avanza-la-crecida-del-colorado-evacuados-y-23-pozos-petroleros-fuera-de-servicio\\\/\"},\"wordCount\":287,\"publisher\":{\"@id\":\"https:\\\/\\\/diariotextual.com\\\/inicio\\\/#organization\"},\"image\":{\"@id\":\"https:\\\/\\\/diariotextual.com\\\/inicio\\\/index.php\\\/2023\\\/06\\\/27\\\/avanza-la-crecida-del-colorado-evacuados-y-23-pozos-petroleros-fuera-de-servicio\\\/#primaryimage\"},\"thumbnailUrl\":\"https:\\\/\\\/diariotextual.com\\\/inicio\\\/wp-content\\\/uploads\\\/2023\\\/06\\\/riocoloradocrecidarincondelossauces2023-3.jpg\",\"articleSection\":[\"SOCIEDAD\"],\"inLanguage\":\"es\"},{\"@type\":\"WebPage\",\"@id\":\"https:\\\/\\\/diariotextual.com\\\/inicio\\\/index.php\\\/2023\\\/06\\\/27\\\/avanza-la-crecida-del-colorado-evacuados-y-23-pozos-petroleros-fuera-de-servicio\\\/\",\"url\":\"https:\\\/\\\/diariotextual.com\\\/inicio\\\/index.php\\\/2023\\\/06\\\/27\\\/avanza-la-crecida-del-colorado-evacuados-y-23-pozos-petroleros-fuera-de-servicio\\\/\",\"name\":\"Crecida del Colorado: evacuados y 23 pozos petroleros fuera de servicio - Diario Textual\",\"isPartOf\":{\"@id\":\"https:\\\/\\\/diariotextual.com\\\/inicio\\\/#website\"},\"primaryImageOfPage\":{\"@id\":\"https:\\\/\\\/diariotextual.com\\\/inicio\\\/index.php\\\/2023\\\/06\\\/27\\\/avanza-la-crecida-del-colorado-evacuados-y-23-pozos-petroleros-fuera-de-servicio\\\/#primaryimage\"},\"image\":{\"@id\":\"https:\\\/\\\/diariotextual.com\\\/inicio\\\/index.php\\\/2023\\\/06\\\/27\\\/avanza-la-crecida-del-colorado-evacuados-y-23-pozos-petroleros-fuera-de-servicio\\\/#primaryimage\"},\"thumbnailUrl\":\"https:\\\/\\\/diariotextual.com\\\/inicio\\\/wp-content\\\/uploads\\\/2023\\\/06\\\/riocoloradocrecidarincondelossauces2023-3.jpg\",\"datePublished\":\"2023-06-27T03:18:07+00:00\",\"dateModified\":\"2023-06-28T01:37:20+00:00\",\"breadcrumb\":{\"@id\":\"https:\\\/\\\/diariotextual.com\\\/inicio\\\/index.php\\\/2023\\\/06\\\/27\\\/avanza-la-crecida-del-colorado-evacuados-y-23-pozos-petroleros-fuera-de-servicio\\\/#breadcrumb\"},\"inLanguage\":\"es\",\"potentialAction\":[{\"@type\":\"ReadAction\",\"target\":[\"https:\\\/\\\/diariotextual.com\\\/inicio\\\/index.php\\\/2023\\\/06\\\/27\\\/avanza-la-crecida-del-colorado-evacuados-y-23-pozos-petroleros-fuera-de-servicio\\\/\"]}]},{\"@type\":\"ImageObject\",\"inLanguage\":\"es\",\"@id\":\"https:\\\/\\\/diariotextual.com\\\/inicio\\\/index.php\\\/2023\\\/06\\\/27\\\/avanza-la-crecida-del-colorado-evacuados-y-23-pozos-petroleros-fuera-de-servicio\\\/#primaryimage\",\"url\":\"https:\\\/\\\/diariotextual.com\\\/inicio\\\/wp-content\\\/uploads\\\/2023\\\/06\\\/riocoloradocrecidarincondelossauces2023-3.jpg\",\"contentUrl\":\"https:\\\/\\\/diariotextual.com\\\/inicio\\\/wp-content\\\/uploads\\\/2023\\\/06\\\/riocoloradocrecidarincondelossauces2023-3.jpg\",\"width\":957,\"height\":717},{\"@type\":\"BreadcrumbList\",\"@id\":\"https:\\\/\\\/diariotextual.com\\\/inicio\\\/index.php\\\/2023\\\/06\\\/27\\\/avanza-la-crecida-del-colorado-evacuados-y-23-pozos-petroleros-fuera-de-servicio\\\/#breadcrumb\",\"itemListElement\":[{\"@type\":\"ListItem\",\"position\":1,\"name\":\"Portada\",\"item\":\"https:\\\/\\\/diariotextual.com\\\/inicio\\\/\"},{\"@type\":\"ListItem\",\"position\":2,\"name\":\"Crecida del Colorado: evacuados y 23 pozos petroleros fuera de servicio\"}]},{\"@type\":\"WebSite\",\"@id\":\"https:\\\/\\\/diariotextual.com\\\/inicio\\\/#website\",\"url\":\"https:\\\/\\\/diariotextual.com\\\/inicio\\\/\",\"name\":\"Diario Textual\",\"description\":\"\",\"publisher\":{\"@id\":\"https:\\\/\\\/diariotextual.com\\\/inicio\\\/#organization\"},\"potentialAction\":[{\"@type\":\"SearchAction\",\"target\":{\"@type\":\"EntryPoint\",\"urlTemplate\":\"https:\\\/\\\/diariotextual.com\\\/inicio\\\/?s={search_term_string}\"},\"query-input\":{\"@type\":\"PropertyValueSpecification\",\"valueRequired\":true,\"valueName\":\"search_term_string\"}}],\"inLanguage\":\"es\"},{\"@type\":\"Organization\",\"@id\":\"https:\\\/\\\/diariotextual.com\\\/inicio\\\/#organization\",\"name\":\"Diario Textual\",\"url\":\"https:\\\/\\\/diariotextual.com\\\/inicio\\\/\",\"logo\":{\"@type\":\"ImageObject\",\"inLanguage\":\"es\",\"@id\":\"https:\\\/\\\/diariotextual.com\\\/inicio\\\/#\\\/schema\\\/logo\\\/image\\\/\",\"url\":\"https:\\\/\\\/diariotextual.com\\\/inicio\\\/wp-content\\\/uploads\\\/2023\\\/05\\\/logotextual1.jpg\",\"contentUrl\":\"https:\\\/\\\/diariotextual.com\\\/inicio\\\/wp-content\\\/uploads\\\/2023\\\/05\\\/logotextual1.jpg\",\"width\":516,\"height\":76,\"caption\":\"Diario Textual\"},\"image\":{\"@id\":\"https:\\\/\\\/diariotextual.com\\\/inicio\\\/#\\\/schema\\\/logo\\\/image\\\/\"},\"sameAs\":[\"https:\\\/\\\/www.facebook.com\\\/eltextual\",\"https:\\\/\\\/x.com\\\/eltextual\",\"http:\\\/\\\/www.instagram.com\\\/eltextual\"]},{\"@type\":\"Person\",\"@id\":\"https:\\\/\\\/diariotextual.com\\\/inicio\\\/#\\\/schema\\\/person\\\/418fc4093c33e86ed41562db3508f958\",\"name\":\"Diario1 Diario1\",\"image\":{\"@type\":\"ImageObject\",\"inLanguage\":\"es\",\"@id\":\"https:\\\/\\\/secure.gravatar.com\\\/avatar\\\/9167d280179c85bc18be67aa7eda765854300033af4896dd779b608640f2ef7a?s=96&d=mm&r=g\",\"url\":\"https:\\\/\\\/secure.gravatar.com\\\/avatar\\\/9167d280179c85bc18be67aa7eda765854300033af4896dd779b608640f2ef7a?s=96&d=mm&r=g\",\"contentUrl\":\"https:\\\/\\\/secure.gravatar.com\\\/avatar\\\/9167d280179c85bc18be67aa7eda765854300033af4896dd779b608640f2ef7a?s=96&d=mm&r=g\",\"caption\":\"Diario1 Diario1\"},\"url\":\"https:\\\/\\\/diariotextual.com\\\/inicio\\\/index.php\\\/author\\\/diario1\\\/\"}]}<\/script>\n<!-- \/ Yoast SEO plugin. -->","yoast_head_json":{"title":"Crecida del Colorado: evacuados y 23 pozos petroleros fuera de servicio - Diario Textual","robots":{"index":"index","follow":"follow","max-snippet":"max-snippet:-1","max-image-preview":"max-image-preview:large","max-video-preview":"max-video-preview:-1"},"canonical":"https:\/\/diariotextual.com\/inicio\/index.php\/2023\/06\/27\/avanza-la-crecida-del-colorado-evacuados-y-23-pozos-petroleros-fuera-de-servicio\/","og_locale":"es_ES","og_type":"article","og_title":"Crecida del Colorado: evacuados y 23 pozos petroleros fuera de servicio - Diario Textual","og_description":"Luego del intenso evento de precipitaciones, la crecida del r\u00edo Colorado est\u00e1 pasando por la localidad de Rinc\u00f3n de los Sauces (Neuqu\u00e9n). Algunas familias se autoevacuaron y, adem\u00e1s, las autoridades&hellip;","og_url":"https:\/\/diariotextual.com\/inicio\/index.php\/2023\/06\/27\/avanza-la-crecida-del-colorado-evacuados-y-23-pozos-petroleros-fuera-de-servicio\/","og_site_name":"Diario Textual","article_publisher":"https:\/\/www.facebook.com\/eltextual","article_published_time":"2023-06-27T03:18:07+00:00","article_modified_time":"2023-06-28T01:37:20+00:00","og_image":[{"width":957,"height":717,"url":"https:\/\/diariotextual.com\/inicio\/wp-content\/uploads\/2023\/06\/riocoloradocrecidarincondelossauces2023-3.jpg","type":"image\/jpeg"}],"author":"Diario1 Diario1","twitter_card":"summary_large_image","twitter_creator":"@eltextual","twitter_site":"@eltextual","twitter_misc":{"Escrito por":"Diario1 Diario1","Tiempo de lectura":"2 minutos"},"schema":{"@context":"https:\/\/schema.org","@graph":[{"@type":"Article","@id":"https:\/\/diariotextual.com\/inicio\/index.php\/2023\/06\/27\/avanza-la-crecida-del-colorado-evacuados-y-23-pozos-petroleros-fuera-de-servicio\/#article","isPartOf":{"@id":"https:\/\/diariotextual.com\/inicio\/index.php\/2023\/06\/27\/avanza-la-crecida-del-colorado-evacuados-y-23-pozos-petroleros-fuera-de-servicio\/"},"author":{"name":"Diario1 Diario1","@id":"https:\/\/diariotextual.com\/inicio\/#\/schema\/person\/418fc4093c33e86ed41562db3508f958"},"headline":"Crecida del Colorado: evacuados y 23 pozos petroleros fuera de servicio","datePublished":"2023-06-27T03:18:07+00:00","dateModified":"2023-06-28T01:37:20+00:00","mainEntityOfPage":{"@id":"https:\/\/diariotextual.com\/inicio\/index.php\/2023\/06\/27\/avanza-la-crecida-del-colorado-evacuados-y-23-pozos-petroleros-fuera-de-servicio\/"},"wordCount":287,"publisher":{"@id":"https:\/\/diariotextual.com\/inicio\/#organization"},"image":{"@id":"https:\/\/diariotextual.com\/inicio\/index.php\/2023\/06\/27\/avanza-la-crecida-del-colorado-evacuados-y-23-pozos-petroleros-fuera-de-servicio\/#primaryimage"},"thumbnailUrl":"https:\/\/diariotextual.com\/inicio\/wp-content\/uploads\/2023\/06\/riocoloradocrecidarincondelossauces2023-3.jpg","articleSection":["SOCIEDAD"],"inLanguage":"es"},{"@type":"WebPage","@id":"https:\/\/diariotextual.com\/inicio\/index.php\/2023\/06\/27\/avanza-la-crecida-del-colorado-evacuados-y-23-pozos-petroleros-fuera-de-servicio\/","url":"https:\/\/diariotextual.com\/inicio\/index.php\/2023\/06\/27\/avanza-la-crecida-del-colorado-evacuados-y-23-pozos-petroleros-fuera-de-servicio\/","name":"Crecida del Colorado: evacuados y 23 pozos petroleros fuera de servicio - Diario Textual","isPartOf":{"@id":"https:\/\/diariotextual.com\/inicio\/#website"},"primaryImageOfPage":{"@id":"https:\/\/diariotextual.com\/inicio\/index.php\/2023\/06\/27\/avanza-la-crecida-del-colorado-evacuados-y-23-pozos-petroleros-fuera-de-servicio\/#primaryimage"},"image":{"@id":"https:\/\/diariotextual.com\/inicio\/index.php\/2023\/06\/27\/avanza-la-crecida-del-colorado-evacuados-y-23-pozos-petroleros-fuera-de-servicio\/#primaryimage"},"thumbnailUrl":"https:\/\/diariotextual.com\/inicio\/wp-content\/uploads\/2023\/06\/riocoloradocrecidarincondelossauces2023-3.jpg","datePublished":"2023-06-27T03:18:07+00:00","dateModified":"2023-06-28T01:37:20+00:00","breadcrumb":{"@id":"https:\/\/diariotextual.com\/inicio\/index.php\/2023\/06\/27\/avanza-la-crecida-del-colorado-evacuados-y-23-pozos-petroleros-fuera-de-servicio\/#breadcrumb"},"inLanguage":"es","potentialAction":[{"@type":"ReadAction","target":["https:\/\/diariotextual.com\/inicio\/index.php\/2023\/06\/27\/avanza-la-crecida-del-colorado-evacuados-y-23-pozos-petroleros-fuera-de-servicio\/"]}]},{"@type":"ImageObject","inLanguage":"es","@id":"https:\/\/diariotextual.com\/inicio\/index.php\/2023\/06\/27\/avanza-la-crecida-del-colorado-evacuados-y-23-pozos-petroleros-fuera-de-servicio\/#primaryimage","url":"https:\/\/diariotextual.com\/inicio\/wp-content\/uploads\/2023\/06\/riocoloradocrecidarincondelossauces2023-3.jpg","contentUrl":"https:\/\/diariotextual.com\/inicio\/wp-content\/uploads\/2023\/06\/riocoloradocrecidarincondelossauces2023-3.jpg","width":957,"height":717},{"@type":"BreadcrumbList","@id":"https:\/\/diariotextual.com\/inicio\/index.php\/2023\/06\/27\/avanza-la-crecida-del-colorado-evacuados-y-23-pozos-petroleros-fuera-de-servicio\/#breadcrumb","itemListElement":[{"@type":"ListItem","position":1,"name":"Portada","item":"https:\/\/diariotextual.com\/inicio\/"},{"@type":"ListItem","position":2,"name":"Crecida del Colorado: evacuados y 23 pozos petroleros fuera de servicio"}]},{"@type":"WebSite","@id":"https:\/\/diariotextual.com\/inicio\/#website","url":"https:\/\/diariotextual.com\/inicio\/","name":"Diario Textual","description":"","publisher":{"@id":"https:\/\/diariotextual.com\/inicio\/#organization"},"potentialAction":[{"@type":"SearchAction","target":{"@type":"EntryPoint","urlTemplate":"https:\/\/diariotextual.com\/inicio\/?s={search_term_string}"},"query-input":{"@type":"PropertyValueSpecification","valueRequired":true,"valueName":"search_term_string"}}],"inLanguage":"es"},{"@type":"Organization","@id":"https:\/\/diariotextual.com\/inicio\/#organization","name":"Diario Textual","url":"https:\/\/diariotextual.com\/inicio\/","logo":{"@type":"ImageObject","inLanguage":"es","@id":"https:\/\/diariotextual.com\/inicio\/#\/schema\/logo\/image\/","url":"https:\/\/diariotextual.com\/inicio\/wp-content\/uploads\/2023\/05\/logotextual1.jpg","contentUrl":"https:\/\/diariotextual.com\/inicio\/wp-content\/uploads\/2023\/05\/logotextual1.jpg","width":516,"height":76,"caption":"Diario Textual"},"image":{"@id":"https:\/\/diariotextual.com\/inicio\/#\/schema\/logo\/image\/"},"sameAs":["https:\/\/www.facebook.com\/eltextual","https:\/\/x.com\/eltextual","http:\/\/www.instagram.com\/eltextual"]},{"@type":"Person","@id":"https:\/\/diariotextual.com\/inicio\/#\/schema\/person\/418fc4093c33e86ed41562db3508f958","name":"Diario1 Diario1","image":{"@type":"ImageObject","inLanguage":"es","@id":"https:\/\/secure.gravatar.com\/avatar\/9167d280179c85bc18be67aa7eda765854300033af4896dd779b608640f2ef7a?s=96&d=mm&r=g","url":"https:\/\/secure.gravatar.com\/avatar\/9167d280179c85bc18be67aa7eda765854300033af4896dd779b608640f2ef7a?s=96&d=mm&r=g","contentUrl":"https:\/\/secure.gravatar.com\/avatar\/9167d280179c85bc18be67aa7eda765854300033af4896dd779b608640f2ef7a?s=96&d=mm&r=g","caption":"Diario1 Diario1"},"url":"https:\/\/diariotextual.com\/inicio\/index.php\/author\/diario1\/"}]}},"_links":{"self":[{"href":"https:\/\/diariotextual.com\/inicio\/index.php\/wp-json\/wp\/v2\/posts\/229539","targetHints":{"allow":["GET"]}}],"collection":[{"href":"https:\/\/diariotextual.com\/inicio\/index.php\/wp-json\/wp\/v2\/posts"}],"about":[{"href":"https:\/\/diariotextual.com\/inicio\/index.php\/wp-json\/wp\/v2\/types\/post"}],"author":[{"embeddable":true,"href":"https:\/\/diariotextual.com\/inicio\/index.php\/wp-json\/wp\/v2\/users\/3"}],"replies":[{"embeddable":true,"href":"https:\/\/diariotextual.com\/inicio\/index.php\/wp-json\/wp\/v2\/comments?post=229539"}],"version-history":[{"count":2,"href":"https:\/\/diariotextual.com\/inicio\/index.php\/wp-json\/wp\/v2\/posts\/229539\/revisions"}],"predecessor-version":[{"id":229543,"href":"https:\/\/diariotextual.com\/inicio\/index.php\/wp-json\/wp\/v2\/posts\/229539\/revisions\/229543"}],"wp:featuredmedia":[{"embeddable":true,"href":"https:\/\/diariotextual.com\/inicio\/index.php\/wp-json\/wp\/v2\/media\/229540"}],"wp:attachment":[{"href":"https:\/\/diariotextual.com\/inicio\/index.php\/wp-json\/wp\/v2\/media?parent=229539"}],"wp:term":[{"taxonomy":"category","embeddable":true,"href":"https:\/\/diariotextual.com\/inicio\/index.php\/wp-json\/wp\/v2\/categories?post=229539"},{"taxonomy":"post_tag","embeddable":true,"href":"https:\/\/diariotextual.com\/inicio\/index.php\/wp-json\/wp\/v2\/tags?post=229539"}],"curies":[{"name":"wp","href":"https:\/\/api.w.org\/{rel}","templated":true}]}}