{"id":229545,"date":"2023-06-27T06:58:57","date_gmt":"2023-06-27T09:58:57","guid":{"rendered":"https:\/\/diariotextual.com\/inicio\/?p=229545"},"modified":"2023-06-27T08:31:44","modified_gmt":"2023-06-27T11:31:44","slug":"mas-de-120-trabajos-pampeanos-en-la-feria-provincial-de-ciencias-arte-y-tecnologia","status":"publish","type":"post","link":"https:\/\/diariotextual.com\/inicio\/index.php\/2023\/06\/27\/mas-de-120-trabajos-pampeanos-en-la-feria-provincial-de-ciencias-arte-y-tecnologia\/","title":{"rendered":"M\u00e1s de 120 trabajos pampeanos, en la Feria Provincial de Ciencias"},"content":{"rendered":"\n<p>Con la participaci\u00f3n de 120 trabajos, las instancias provinciales de este a\u00f1o se realizar\u00e1n el pr\u00f3ximo viernes 30 de junio en el SUM de las <strong>Escuelas \u201ci\u201d<\/strong> de General Pico (Calle N\u00b0 440 entre 405 y 407) y el martes 4 de julio en el SUM del Colegio Ciudad de Santa Rosa (Libertad N\u00ba 416).<\/p>\n\n\n\n<p>El Ministerio de Educaci\u00f3n de La Pampa comunic\u00f3 que en cada uno de los eventos se mostrar\u00e1n los <strong>procesos de ense\u00f1anza que se desarrollan d\u00eda a d\u00eda en las aulas pampeanas<\/strong>, a partir de la socializaci\u00f3n y el encuentro con otros.<\/p>\n\n\n\n<p>Finalizadas las muestras, surgir\u00e1n entre todos los proyectos participantes, los representantes jurisdiccionales para la instancia siguiente.<\/p>\n\n\n\n<p>Las tem\u00e1ticas que mantuvieron relevancia este a\u00f1o se basaron en <strong>identidad, educaci\u00f3n sexual integral, memoria en el marco de los 40 a\u00f1os de democracia, interculturalidad, tecnolog\u00edas, arte y juego, cuidado del ambiente, impresi\u00f3n sustentable, juegos matem\u00e1ticos, entre otros.<\/strong><\/p>\n\n\n\n<p>Los proyectos que resulten representantes de la\u00a0jurisdicci\u00f3n pampeana, seg\u00fan criterios y cupos establecidos por el Programa Nacional de Feria de Ciencias y Tecnolog\u00eda, participar\u00e1n de la Feria Nacional que se realizar\u00e1 del 5 al 9 de septiembre, en la Ciudad Aut\u00f3noma de Buenos Aires.<\/p>\n\n\n\n<p>Se invit\u00f3 a familias y comunidad en general a recorrer cada uno de los stands el viernes 30 de junio en General Pico y el martes 4 de julio en Santa Rosa entre las 9 y las 15:30.<\/p>\n","protected":false},"excerpt":{"rendered":"<p>Con la participaci\u00f3n de 120 trabajos, las instancias provinciales de este a\u00f1o se realizar\u00e1n el pr\u00f3ximo viernes 30 de junio en el SUM de las Escuelas \u201ci\u201d de General Pico&hellip;<\/p>\n","protected":false},"author":4,"featured_media":15605,"comment_status":"closed","ping_status":"open","sticky":false,"template":"","format":"standard","meta":{"_acf_changed":false,"footnotes":""},"categories":[1,12],"tags":[],"class_list":["post-229545","post","type-post","status-publish","format-standard","has-post-thumbnail","hentry","category-es-noticia","category-sociedad"],"acf":[],"yoast_head":"<!-- This site is optimized with the Yoast SEO plugin v27.5 - https:\/\/yoast.com\/product\/yoast-seo-wordpress\/ -->\n<title>M\u00e1s de 120 trabajos pampeanos, en la Feria Provincial de Ciencias - Diario Textual<\/title>\n<meta name=\"robots\" content=\"index, follow, max-snippet:-1, max-image-preview:large, max-video-preview:-1\" \/>\n<link rel=\"canonical\" href=\"https:\/\/diariotextual.com\/inicio\/index.php\/2023\/06\/27\/mas-de-120-trabajos-pampeanos-en-la-feria-provincial-de-ciencias-arte-y-tecnologia\/\" \/>\n<meta property=\"og:locale\" content=\"es_ES\" \/>\n<meta property=\"og:type\" content=\"article\" \/>\n<meta property=\"og:title\" content=\"M\u00e1s de 120 trabajos pampeanos, en la Feria Provincial de Ciencias - Diario Textual\" \/>\n<meta property=\"og:description\" content=\"Con la participaci\u00f3n de 120 trabajos, las instancias provinciales de este a\u00f1o se realizar\u00e1n el pr\u00f3ximo viernes 30 de junio en el SUM de las Escuelas \u201ci\u201d de General Pico&hellip;\" \/>\n<meta property=\"og:url\" content=\"https:\/\/diariotextual.com\/inicio\/index.php\/2023\/06\/27\/mas-de-120-trabajos-pampeanos-en-la-feria-provincial-de-ciencias-arte-y-tecnologia\/\" \/>\n<meta property=\"og:site_name\" content=\"Diario Textual\" \/>\n<meta property=\"article:publisher\" content=\"https:\/\/www.facebook.com\/eltextual\" \/>\n<meta property=\"article:published_time\" content=\"2023-06-27T09:58:57+00:00\" \/>\n<meta property=\"article:modified_time\" content=\"2023-06-27T11:31:44+00:00\" \/>\n<meta property=\"og:image\" content=\"https:\/\/diariotextual.com\/inicio\/wp-content\/uploads\/2018\/08\/feriaciencias298187392.jpg\" \/>\n\t<meta property=\"og:image:width\" content=\"656\" \/>\n\t<meta property=\"og:image:height\" content=\"311\" \/>\n\t<meta property=\"og:image:type\" content=\"image\/jpeg\" \/>\n<meta name=\"author\" content=\"diario2\" \/>\n<meta name=\"twitter:card\" content=\"summary_large_image\" \/>\n<meta name=\"twitter:creator\" content=\"@eltextual\" \/>\n<meta name=\"twitter:site\" content=\"@eltextual\" \/>\n<meta name=\"twitter:label1\" content=\"Escrito por\" \/>\n\t<meta name=\"twitter:data1\" content=\"diario2\" \/>\n\t<meta name=\"twitter:label2\" content=\"Tiempo de lectura\" \/>\n\t<meta name=\"twitter:data2\" content=\"2 minutos\" \/>\n<script type=\"application\/ld+json\" class=\"yoast-schema-graph\">{\"@context\":\"https:\\\/\\\/schema.org\",\"@graph\":[{\"@type\":\"Article\",\"@id\":\"https:\\\/\\\/diariotextual.com\\\/inicio\\\/index.php\\\/2023\\\/06\\\/27\\\/mas-de-120-trabajos-pampeanos-en-la-feria-provincial-de-ciencias-arte-y-tecnologia\\\/#article\",\"isPartOf\":{\"@id\":\"https:\\\/\\\/diariotextual.com\\\/inicio\\\/index.php\\\/2023\\\/06\\\/27\\\/mas-de-120-trabajos-pampeanos-en-la-feria-provincial-de-ciencias-arte-y-tecnologia\\\/\"},\"author\":{\"name\":\"diario2\",\"@id\":\"https:\\\/\\\/diariotextual.com\\\/inicio\\\/#\\\/schema\\\/person\\\/694f60677f23c4a530867a98f22b3768\"},\"headline\":\"M\u00e1s de 120 trabajos pampeanos, en la Feria Provincial de Ciencias\",\"datePublished\":\"2023-06-27T09:58:57+00:00\",\"dateModified\":\"2023-06-27T11:31:44+00:00\",\"mainEntityOfPage\":{\"@id\":\"https:\\\/\\\/diariotextual.com\\\/inicio\\\/index.php\\\/2023\\\/06\\\/27\\\/mas-de-120-trabajos-pampeanos-en-la-feria-provincial-de-ciencias-arte-y-tecnologia\\\/\"},\"wordCount\":253,\"publisher\":{\"@id\":\"https:\\\/\\\/diariotextual.com\\\/inicio\\\/#organization\"},\"image\":{\"@id\":\"https:\\\/\\\/diariotextual.com\\\/inicio\\\/index.php\\\/2023\\\/06\\\/27\\\/mas-de-120-trabajos-pampeanos-en-la-feria-provincial-de-ciencias-arte-y-tecnologia\\\/#primaryimage\"},\"thumbnailUrl\":\"https:\\\/\\\/diariotextual.com\\\/inicio\\\/wp-content\\\/uploads\\\/2018\\\/08\\\/feriaciencias298187392.jpg\",\"articleSection\":[\"A - ES NOTICIA (van abajo)\",\"SOCIEDAD\"],\"inLanguage\":\"es\"},{\"@type\":\"WebPage\",\"@id\":\"https:\\\/\\\/diariotextual.com\\\/inicio\\\/index.php\\\/2023\\\/06\\\/27\\\/mas-de-120-trabajos-pampeanos-en-la-feria-provincial-de-ciencias-arte-y-tecnologia\\\/\",\"url\":\"https:\\\/\\\/diariotextual.com\\\/inicio\\\/index.php\\\/2023\\\/06\\\/27\\\/mas-de-120-trabajos-pampeanos-en-la-feria-provincial-de-ciencias-arte-y-tecnologia\\\/\",\"name\":\"M\u00e1s de 120 trabajos pampeanos, en la Feria Provincial de Ciencias - Diario Textual\",\"isPartOf\":{\"@id\":\"https:\\\/\\\/diariotextual.com\\\/inicio\\\/#website\"},\"primaryImageOfPage\":{\"@id\":\"https:\\\/\\\/diariotextual.com\\\/inicio\\\/index.php\\\/2023\\\/06\\\/27\\\/mas-de-120-trabajos-pampeanos-en-la-feria-provincial-de-ciencias-arte-y-tecnologia\\\/#primaryimage\"},\"image\":{\"@id\":\"https:\\\/\\\/diariotextual.com\\\/inicio\\\/index.php\\\/2023\\\/06\\\/27\\\/mas-de-120-trabajos-pampeanos-en-la-feria-provincial-de-ciencias-arte-y-tecnologia\\\/#primaryimage\"},\"thumbnailUrl\":\"https:\\\/\\\/diariotextual.com\\\/inicio\\\/wp-content\\\/uploads\\\/2018\\\/08\\\/feriaciencias298187392.jpg\",\"datePublished\":\"2023-06-27T09:58:57+00:00\",\"dateModified\":\"2023-06-27T11:31:44+00:00\",\"breadcrumb\":{\"@id\":\"https:\\\/\\\/diariotextual.com\\\/inicio\\\/index.php\\\/2023\\\/06\\\/27\\\/mas-de-120-trabajos-pampeanos-en-la-feria-provincial-de-ciencias-arte-y-tecnologia\\\/#breadcrumb\"},\"inLanguage\":\"es\",\"potentialAction\":[{\"@type\":\"ReadAction\",\"target\":[\"https:\\\/\\\/diariotextual.com\\\/inicio\\\/index.php\\\/2023\\\/06\\\/27\\\/mas-de-120-trabajos-pampeanos-en-la-feria-provincial-de-ciencias-arte-y-tecnologia\\\/\"]}]},{\"@type\":\"ImageObject\",\"inLanguage\":\"es\",\"@id\":\"https:\\\/\\\/diariotextual.com\\\/inicio\\\/index.php\\\/2023\\\/06\\\/27\\\/mas-de-120-trabajos-pampeanos-en-la-feria-provincial-de-ciencias-arte-y-tecnologia\\\/#primaryimage\",\"url\":\"https:\\\/\\\/diariotextual.com\\\/inicio\\\/wp-content\\\/uploads\\\/2018\\\/08\\\/feriaciencias298187392.jpg\",\"contentUrl\":\"https:\\\/\\\/diariotextual.com\\\/inicio\\\/wp-content\\\/uploads\\\/2018\\\/08\\\/feriaciencias298187392.jpg\",\"width\":656,\"height\":311},{\"@type\":\"BreadcrumbList\",\"@id\":\"https:\\\/\\\/diariotextual.com\\\/inicio\\\/index.php\\\/2023\\\/06\\\/27\\\/mas-de-120-trabajos-pampeanos-en-la-feria-provincial-de-ciencias-arte-y-tecnologia\\\/#breadcrumb\",\"itemListElement\":[{\"@type\":\"ListItem\",\"position\":1,\"name\":\"Portada\",\"item\":\"https:\\\/\\\/diariotextual.com\\\/inicio\\\/\"},{\"@type\":\"ListItem\",\"position\":2,\"name\":\"M\u00e1s de 120 trabajos pampeanos, en la Feria Provincial de Ciencias\"}]},{\"@type\":\"WebSite\",\"@id\":\"https:\\\/\\\/diariotextual.com\\\/inicio\\\/#website\",\"url\":\"https:\\\/\\\/diariotextual.com\\\/inicio\\\/\",\"name\":\"Diario Textual\",\"description\":\"\",\"publisher\":{\"@id\":\"https:\\\/\\\/diariotextual.com\\\/inicio\\\/#organization\"},\"potentialAction\":[{\"@type\":\"SearchAction\",\"target\":{\"@type\":\"EntryPoint\",\"urlTemplate\":\"https:\\\/\\\/diariotextual.com\\\/inicio\\\/?s={search_term_string}\"},\"query-input\":{\"@type\":\"PropertyValueSpecification\",\"valueRequired\":true,\"valueName\":\"search_term_string\"}}],\"inLanguage\":\"es\"},{\"@type\":\"Organization\",\"@id\":\"https:\\\/\\\/diariotextual.com\\\/inicio\\\/#organization\",\"name\":\"Diario Textual\",\"url\":\"https:\\\/\\\/diariotextual.com\\\/inicio\\\/\",\"logo\":{\"@type\":\"ImageObject\",\"inLanguage\":\"es\",\"@id\":\"https:\\\/\\\/diariotextual.com\\\/inicio\\\/#\\\/schema\\\/logo\\\/image\\\/\",\"url\":\"https:\\\/\\\/diariotextual.com\\\/inicio\\\/wp-content\\\/uploads\\\/2023\\\/05\\\/logotextual1.jpg\",\"contentUrl\":\"https:\\\/\\\/diariotextual.com\\\/inicio\\\/wp-content\\\/uploads\\\/2023\\\/05\\\/logotextual1.jpg\",\"width\":516,\"height\":76,\"caption\":\"Diario Textual\"},\"image\":{\"@id\":\"https:\\\/\\\/diariotextual.com\\\/inicio\\\/#\\\/schema\\\/logo\\\/image\\\/\"},\"sameAs\":[\"https:\\\/\\\/www.facebook.com\\\/eltextual\",\"https:\\\/\\\/x.com\\\/eltextual\",\"http:\\\/\\\/www.instagram.com\\\/eltextual\"]},{\"@type\":\"Person\",\"@id\":\"https:\\\/\\\/diariotextual.com\\\/inicio\\\/#\\\/schema\\\/person\\\/694f60677f23c4a530867a98f22b3768\",\"name\":\"diario2\",\"image\":{\"@type\":\"ImageObject\",\"inLanguage\":\"es\",\"@id\":\"https:\\\/\\\/secure.gravatar.com\\\/avatar\\\/5a2567495ba16b852fcd8f1ed006a2e24fcace936018ed8237e95f488ad6e0a7?s=96&d=mm&r=g\",\"url\":\"https:\\\/\\\/secure.gravatar.com\\\/avatar\\\/5a2567495ba16b852fcd8f1ed006a2e24fcace936018ed8237e95f488ad6e0a7?s=96&d=mm&r=g\",\"contentUrl\":\"https:\\\/\\\/secure.gravatar.com\\\/avatar\\\/5a2567495ba16b852fcd8f1ed006a2e24fcace936018ed8237e95f488ad6e0a7?s=96&d=mm&r=g\",\"caption\":\"diario2\"},\"url\":\"https:\\\/\\\/diariotextual.com\\\/inicio\\\/index.php\\\/author\\\/diario2\\\/\"}]}<\/script>\n<!-- \/ Yoast SEO plugin. -->","yoast_head_json":{"title":"M\u00e1s de 120 trabajos pampeanos, en la Feria Provincial de Ciencias - Diario Textual","robots":{"index":"index","follow":"follow","max-snippet":"max-snippet:-1","max-image-preview":"max-image-preview:large","max-video-preview":"max-video-preview:-1"},"canonical":"https:\/\/diariotextual.com\/inicio\/index.php\/2023\/06\/27\/mas-de-120-trabajos-pampeanos-en-la-feria-provincial-de-ciencias-arte-y-tecnologia\/","og_locale":"es_ES","og_type":"article","og_title":"M\u00e1s de 120 trabajos pampeanos, en la Feria Provincial de Ciencias - Diario Textual","og_description":"Con la participaci\u00f3n de 120 trabajos, las instancias provinciales de este a\u00f1o se realizar\u00e1n el pr\u00f3ximo viernes 30 de junio en el SUM de las Escuelas \u201ci\u201d de General Pico&hellip;","og_url":"https:\/\/diariotextual.com\/inicio\/index.php\/2023\/06\/27\/mas-de-120-trabajos-pampeanos-en-la-feria-provincial-de-ciencias-arte-y-tecnologia\/","og_site_name":"Diario Textual","article_publisher":"https:\/\/www.facebook.com\/eltextual","article_published_time":"2023-06-27T09:58:57+00:00","article_modified_time":"2023-06-27T11:31:44+00:00","og_image":[{"width":656,"height":311,"url":"https:\/\/diariotextual.com\/inicio\/wp-content\/uploads\/2018\/08\/feriaciencias298187392.jpg","type":"image\/jpeg"}],"author":"diario2","twitter_card":"summary_large_image","twitter_creator":"@eltextual","twitter_site":"@eltextual","twitter_misc":{"Escrito por":"diario2","Tiempo de lectura":"2 minutos"},"schema":{"@context":"https:\/\/schema.org","@graph":[{"@type":"Article","@id":"https:\/\/diariotextual.com\/inicio\/index.php\/2023\/06\/27\/mas-de-120-trabajos-pampeanos-en-la-feria-provincial-de-ciencias-arte-y-tecnologia\/#article","isPartOf":{"@id":"https:\/\/diariotextual.com\/inicio\/index.php\/2023\/06\/27\/mas-de-120-trabajos-pampeanos-en-la-feria-provincial-de-ciencias-arte-y-tecnologia\/"},"author":{"name":"diario2","@id":"https:\/\/diariotextual.com\/inicio\/#\/schema\/person\/694f60677f23c4a530867a98f22b3768"},"headline":"M\u00e1s de 120 trabajos pampeanos, en la Feria Provincial de Ciencias","datePublished":"2023-06-27T09:58:57+00:00","dateModified":"2023-06-27T11:31:44+00:00","mainEntityOfPage":{"@id":"https:\/\/diariotextual.com\/inicio\/index.php\/2023\/06\/27\/mas-de-120-trabajos-pampeanos-en-la-feria-provincial-de-ciencias-arte-y-tecnologia\/"},"wordCount":253,"publisher":{"@id":"https:\/\/diariotextual.com\/inicio\/#organization"},"image":{"@id":"https:\/\/diariotextual.com\/inicio\/index.php\/2023\/06\/27\/mas-de-120-trabajos-pampeanos-en-la-feria-provincial-de-ciencias-arte-y-tecnologia\/#primaryimage"},"thumbnailUrl":"https:\/\/diariotextual.com\/inicio\/wp-content\/uploads\/2018\/08\/feriaciencias298187392.jpg","articleSection":["A - ES NOTICIA (van abajo)","SOCIEDAD"],"inLanguage":"es"},{"@type":"WebPage","@id":"https:\/\/diariotextual.com\/inicio\/index.php\/2023\/06\/27\/mas-de-120-trabajos-pampeanos-en-la-feria-provincial-de-ciencias-arte-y-tecnologia\/","url":"https:\/\/diariotextual.com\/inicio\/index.php\/2023\/06\/27\/mas-de-120-trabajos-pampeanos-en-la-feria-provincial-de-ciencias-arte-y-tecnologia\/","name":"M\u00e1s de 120 trabajos pampeanos, en la Feria Provincial de Ciencias - Diario Textual","isPartOf":{"@id":"https:\/\/diariotextual.com\/inicio\/#website"},"primaryImageOfPage":{"@id":"https:\/\/diariotextual.com\/inicio\/index.php\/2023\/06\/27\/mas-de-120-trabajos-pampeanos-en-la-feria-provincial-de-ciencias-arte-y-tecnologia\/#primaryimage"},"image":{"@id":"https:\/\/diariotextual.com\/inicio\/index.php\/2023\/06\/27\/mas-de-120-trabajos-pampeanos-en-la-feria-provincial-de-ciencias-arte-y-tecnologia\/#primaryimage"},"thumbnailUrl":"https:\/\/diariotextual.com\/inicio\/wp-content\/uploads\/2018\/08\/feriaciencias298187392.jpg","datePublished":"2023-06-27T09:58:57+00:00","dateModified":"2023-06-27T11:31:44+00:00","breadcrumb":{"@id":"https:\/\/diariotextual.com\/inicio\/index.php\/2023\/06\/27\/mas-de-120-trabajos-pampeanos-en-la-feria-provincial-de-ciencias-arte-y-tecnologia\/#breadcrumb"},"inLanguage":"es","potentialAction":[{"@type":"ReadAction","target":["https:\/\/diariotextual.com\/inicio\/index.php\/2023\/06\/27\/mas-de-120-trabajos-pampeanos-en-la-feria-provincial-de-ciencias-arte-y-tecnologia\/"]}]},{"@type":"ImageObject","inLanguage":"es","@id":"https:\/\/diariotextual.com\/inicio\/index.php\/2023\/06\/27\/mas-de-120-trabajos-pampeanos-en-la-feria-provincial-de-ciencias-arte-y-tecnologia\/#primaryimage","url":"https:\/\/diariotextual.com\/inicio\/wp-content\/uploads\/2018\/08\/feriaciencias298187392.jpg","contentUrl":"https:\/\/diariotextual.com\/inicio\/wp-content\/uploads\/2018\/08\/feriaciencias298187392.jpg","width":656,"height":311},{"@type":"BreadcrumbList","@id":"https:\/\/diariotextual.com\/inicio\/index.php\/2023\/06\/27\/mas-de-120-trabajos-pampeanos-en-la-feria-provincial-de-ciencias-arte-y-tecnologia\/#breadcrumb","itemListElement":[{"@type":"ListItem","position":1,"name":"Portada","item":"https:\/\/diariotextual.com\/inicio\/"},{"@type":"ListItem","position":2,"name":"M\u00e1s de 120 trabajos pampeanos, en la Feria Provincial de Ciencias"}]},{"@type":"WebSite","@id":"https:\/\/diariotextual.com\/inicio\/#website","url":"https:\/\/diariotextual.com\/inicio\/","name":"Diario Textual","description":"","publisher":{"@id":"https:\/\/diariotextual.com\/inicio\/#organization"},"potentialAction":[{"@type":"SearchAction","target":{"@type":"EntryPoint","urlTemplate":"https:\/\/diariotextual.com\/inicio\/?s={search_term_string}"},"query-input":{"@type":"PropertyValueSpecification","valueRequired":true,"valueName":"search_term_string"}}],"inLanguage":"es"},{"@type":"Organization","@id":"https:\/\/diariotextual.com\/inicio\/#organization","name":"Diario Textual","url":"https:\/\/diariotextual.com\/inicio\/","logo":{"@type":"ImageObject","inLanguage":"es","@id":"https:\/\/diariotextual.com\/inicio\/#\/schema\/logo\/image\/","url":"https:\/\/diariotextual.com\/inicio\/wp-content\/uploads\/2023\/05\/logotextual1.jpg","contentUrl":"https:\/\/diariotextual.com\/inicio\/wp-content\/uploads\/2023\/05\/logotextual1.jpg","width":516,"height":76,"caption":"Diario Textual"},"image":{"@id":"https:\/\/diariotextual.com\/inicio\/#\/schema\/logo\/image\/"},"sameAs":["https:\/\/www.facebook.com\/eltextual","https:\/\/x.com\/eltextual","http:\/\/www.instagram.com\/eltextual"]},{"@type":"Person","@id":"https:\/\/diariotextual.com\/inicio\/#\/schema\/person\/694f60677f23c4a530867a98f22b3768","name":"diario2","image":{"@type":"ImageObject","inLanguage":"es","@id":"https:\/\/secure.gravatar.com\/avatar\/5a2567495ba16b852fcd8f1ed006a2e24fcace936018ed8237e95f488ad6e0a7?s=96&d=mm&r=g","url":"https:\/\/secure.gravatar.com\/avatar\/5a2567495ba16b852fcd8f1ed006a2e24fcace936018ed8237e95f488ad6e0a7?s=96&d=mm&r=g","contentUrl":"https:\/\/secure.gravatar.com\/avatar\/5a2567495ba16b852fcd8f1ed006a2e24fcace936018ed8237e95f488ad6e0a7?s=96&d=mm&r=g","caption":"diario2"},"url":"https:\/\/diariotextual.com\/inicio\/index.php\/author\/diario2\/"}]}},"_links":{"self":[{"href":"https:\/\/diariotextual.com\/inicio\/index.php\/wp-json\/wp\/v2\/posts\/229545","targetHints":{"allow":["GET"]}}],"collection":[{"href":"https:\/\/diariotextual.com\/inicio\/index.php\/wp-json\/wp\/v2\/posts"}],"about":[{"href":"https:\/\/diariotextual.com\/inicio\/index.php\/wp-json\/wp\/v2\/types\/post"}],"author":[{"embeddable":true,"href":"https:\/\/diariotextual.com\/inicio\/index.php\/wp-json\/wp\/v2\/users\/4"}],"replies":[{"embeddable":true,"href":"https:\/\/diariotextual.com\/inicio\/index.php\/wp-json\/wp\/v2\/comments?post=229545"}],"version-history":[{"count":3,"href":"https:\/\/diariotextual.com\/inicio\/index.php\/wp-json\/wp\/v2\/posts\/229545\/revisions"}],"predecessor-version":[{"id":229550,"href":"https:\/\/diariotextual.com\/inicio\/index.php\/wp-json\/wp\/v2\/posts\/229545\/revisions\/229550"}],"wp:featuredmedia":[{"embeddable":true,"href":"https:\/\/diariotextual.com\/inicio\/index.php\/wp-json\/wp\/v2\/media\/15605"}],"wp:attachment":[{"href":"https:\/\/diariotextual.com\/inicio\/index.php\/wp-json\/wp\/v2\/media?parent=229545"}],"wp:term":[{"taxonomy":"category","embeddable":true,"href":"https:\/\/diariotextual.com\/inicio\/index.php\/wp-json\/wp\/v2\/categories?post=229545"},{"taxonomy":"post_tag","embeddable":true,"href":"https:\/\/diariotextual.com\/inicio\/index.php\/wp-json\/wp\/v2\/tags?post=229545"}],"curies":[{"name":"wp","href":"https:\/\/api.w.org\/{rel}","templated":true}]}}