{"id":229591,"date":"2023-06-27T12:57:36","date_gmt":"2023-06-27T15:57:36","guid":{"rendered":"https:\/\/diariotextual.com\/inicio\/?p=229591"},"modified":"2023-06-27T18:07:21","modified_gmt":"2023-06-27T21:07:21","slug":"derecho-a-la-identidad-el-stj-confirmo-una-filiacion-post-mortem","status":"publish","type":"post","link":"https:\/\/diariotextual.com\/inicio\/index.php\/2023\/06\/27\/derecho-a-la-identidad-el-stj-confirmo-una-filiacion-post-mortem\/","title":{"rendered":"Derecho a la identidad: el STJ confirm\u00f3 una filiaci\u00f3n post mortem"},"content":{"rendered":"\n<p>El Superior Tribunal de Justicia, al declarar inadmisible un recurso extraordinario federal, confirm\u00f3 una demanda de filiaci\u00f3n por la cual se declar\u00f3 que R. era hija de J., en un caso de reclamaci\u00f3n paterna extramatrimonial post mortem. El fallo fue dictado por los ministros que integran la Sala A, Eduardo Fern\u00e1ndez Mend\u00eda y Jos\u00e9 Roberto Sappa.<\/p>\n\n\n\n<p>La sentencia de primera instancia hab\u00eda hecho lugar a la demanda de filiaci\u00f3n contras los herederos de J., algo que luego ratific\u00f3 la C\u00e1mara de Apelaciones en lo Civil, Comercial, Laboral y de Miner\u00eda de Santa Rosa \u2013a trav\u00e9s de las juezas Fabiana Berardi y Adriana G\u00f3mez Luna\u2013 y posteriormente el STJ, al rechazar el 31 de marzo el recurso extraordinario provincial y ahora el federal.<\/p>\n\n\n\n<p>El fallo, adem\u00e1s, orden\u00f3 la inscripci\u00f3n de la filiaci\u00f3n de R. con el apellido paterno despu\u00e9s del materno, a pesar de que los restos del progenitor fueron cremados y que no pudieron efectuarse las pruebas gen\u00e9ticas a parientes cercanos luego de m\u00faltiples intentos efectuados por la Justicia.<\/p>\n\n\n\n<p>El STJ sostuvo que la parte demandada argument\u00f3 que existi\u00f3 arbitrariedad y que en ese caso debi\u00f3 \u201cesgrimir argumentos suficientes\u201d que permitieran darle curso a la v\u00eda del recurso federal; algo que no ocurri\u00f3. Por el contrario, solamente reiter\u00f3 planteos defensivos exteriorizados en instancia anteriores.<\/p>\n\n\n\n<p>Previamente el Alto Tribunal ya hab\u00eda denegado el recurso extraordinario provincial cuando los herederos de J. cuestionaron la resoluci\u00f3n de la C\u00e1mara de Apelaciones, por considerar que no se hab\u00eda acreditado una err\u00f3nea aplicaci\u00f3n de la ley.<\/p>\n\n\n\n<p>\u201cSe trat\u00f3 de una interpretaci\u00f3n personal, distinta a la realizada por la C\u00e1mara, respecto al valor de la negativa a someterse a la realizaci\u00f3n de la prueba gen\u00e9tica\u201d, afirm\u00f3 el STJ; a\u00f1adiendo que \u201cen consonancia con la postura seguida por el \u00f3rgano intermedio \u2013y no refutada\u2013, la impronta que recepta la legislaci\u00f3n civilista actual es que considera dicha negativa (al consentimiento para las pruebas de ADN) como una fuerte presunci\u00f3n\u201d en contra de quienes se opusieran a esa medida probatoria.<\/p>\n\n\n\n<p>Cuando la C\u00e1mara confirm\u00f3 el fallo de primera instancia remarc\u00f3 que, ante la cremaci\u00f3n del padre, se intentaron \u201cdiferentes alternativas\u201d para constatar la paternidad. \u201cPrimero se requiri\u00f3 la colaboraci\u00f3n de la madre de J. y sus hermanos, pero nunca comparecieron a prestar su consentimiento; luego se intent\u00f3 la exhumaci\u00f3n de los restos del abuelo, algo que no se materializ\u00f3 por no haberse podido identificar el f\u00e9retro en el que se encontraban sus restos; y finalmente se propuso realizar la prueba (gen\u00e9tica) con la comparecencia de la demandante, su progenitora, su media hermana presunta (y codemandada) y la madre de ella, pero tampoco se logr\u00f3 la comparecencia de estas dos \u00faltimas a los turnos asignados\u201d, manifestaron las juezas.<\/p>\n\n\n\n<p>Adem\u00e1s Berardi y G\u00f3mez Luna, remiti\u00e9ndose a lo dicho por la jueza Daniela De la Iglesia \u2013titular del Juzgado de la Familia, Ni\u00f1as, Ni\u00f1os y Adolescentes de General Acha\u2013, en el fallo de primera instancia, enfatizaron que \u201cla conducta asumida por las demandadas, su apoderado y los familiares del presunto padre, denot\u00f3 una falta de diligencia e inter\u00e9s en obtener la verdad\u201d y que ello deb\u00eda \u201cser valorado como un indicio grave (en los t\u00e9rminos del art\u00edculo 579 del C\u00f3digo Civil y Comercial) que hizo presumir el v\u00ednculo filiatorio reclamado\u201d.<\/p>\n\n\n\n<p>En tal sentido, se enumeraron una serie de hechos: la falta de presentaci\u00f3n en m\u00e1s de una ocasi\u00f3n de las personas citadas en los d\u00edas y horarios fijados para los ex\u00e1menes de ADN; los pedidos del apoderado para que las resoluciones judiciales sean notificadas a otros domicilios; la negativa para acceder a la llave de un pante\u00f3n \u2013a pesar de una intimaci\u00f3n de 24 horas dada por el juzgado achense\u2013; y el argumento de que no pod\u00edan concurrir porque estaban de viaje en el exterior.<\/p>\n\n\n\n<p>Por eso, oportunamente, De la Iglesia dispuso que \u201csiendo que se trata del segundo turno fijado, y ante la incomparecencia de alguno de los citados y la consecuente imposibilidad de realizar la prueba gen\u00e9tica, deber\u00e1 proseguirse con el tr\u00e1mite porque el derecho de la adolescente a conocer su identidad biol\u00f3gica no puede continuar dilat\u00e1ndose en forma indefinida\u201d.\u200b<\/p>\n","protected":false},"excerpt":{"rendered":"<p>El Superior Tribunal de Justicia, al declarar inadmisible un recurso extraordinario federal, confirm\u00f3 una demanda de filiaci\u00f3n por la cual se declar\u00f3 que R. era hija de J., en un&hellip;<\/p>\n","protected":false},"author":3,"featured_media":127654,"comment_status":"closed","ping_status":"open","sticky":false,"template":"","format":"standard","meta":{"_acf_changed":false,"footnotes":""},"categories":[1,12],"tags":[],"class_list":["post-229591","post","type-post","status-publish","format-standard","has-post-thumbnail","hentry","category-es-noticia","category-sociedad"],"acf":[],"yoast_head":"<!-- This site is optimized with the Yoast SEO plugin v27.5 - https:\/\/yoast.com\/product\/yoast-seo-wordpress\/ -->\n<title>Derecho a la identidad: el STJ confirm\u00f3 una filiaci\u00f3n post mortem - Diario Textual<\/title>\n<meta name=\"robots\" content=\"index, follow, max-snippet:-1, max-image-preview:large, max-video-preview:-1\" \/>\n<link rel=\"canonical\" href=\"https:\/\/diariotextual.com\/inicio\/index.php\/2023\/06\/27\/derecho-a-la-identidad-el-stj-confirmo-una-filiacion-post-mortem\/\" \/>\n<meta property=\"og:locale\" content=\"es_ES\" \/>\n<meta property=\"og:type\" content=\"article\" \/>\n<meta property=\"og:title\" content=\"Derecho a la identidad: el STJ confirm\u00f3 una filiaci\u00f3n post mortem - Diario Textual\" \/>\n<meta property=\"og:description\" content=\"El Superior Tribunal de Justicia, al declarar inadmisible un recurso extraordinario federal, confirm\u00f3 una demanda de filiaci\u00f3n por la cual se declar\u00f3 que R. era hija de J., en un&hellip;\" \/>\n<meta property=\"og:url\" content=\"https:\/\/diariotextual.com\/inicio\/index.php\/2023\/06\/27\/derecho-a-la-identidad-el-stj-confirmo-una-filiacion-post-mortem\/\" \/>\n<meta property=\"og:site_name\" content=\"Diario Textual\" \/>\n<meta property=\"article:publisher\" content=\"https:\/\/www.facebook.com\/eltextual\" \/>\n<meta property=\"article:published_time\" content=\"2023-06-27T15:57:36+00:00\" \/>\n<meta property=\"article:modified_time\" content=\"2023-06-27T21:07:21+00:00\" \/>\n<meta property=\"og:image\" content=\"https:\/\/diariotextual.com\/inicio\/wp-content\/uploads\/2020\/12\/centrojudicial2020-09.jpg\" \/>\n\t<meta property=\"og:image:width\" content=\"1084\" \/>\n\t<meta property=\"og:image:height\" content=\"658\" \/>\n\t<meta property=\"og:image:type\" content=\"image\/jpeg\" \/>\n<meta name=\"author\" content=\"Diario1 Diario1\" \/>\n<meta name=\"twitter:card\" content=\"summary_large_image\" \/>\n<meta name=\"twitter:creator\" content=\"@eltextual\" \/>\n<meta name=\"twitter:site\" content=\"@eltextual\" \/>\n<meta name=\"twitter:label1\" content=\"Escrito por\" \/>\n\t<meta name=\"twitter:data1\" content=\"Diario1 Diario1\" \/>\n\t<meta name=\"twitter:label2\" content=\"Tiempo de lectura\" \/>\n\t<meta name=\"twitter:data2\" content=\"4 minutos\" \/>\n<script type=\"application\/ld+json\" class=\"yoast-schema-graph\">{\"@context\":\"https:\\\/\\\/schema.org\",\"@graph\":[{\"@type\":\"Article\",\"@id\":\"https:\\\/\\\/diariotextual.com\\\/inicio\\\/index.php\\\/2023\\\/06\\\/27\\\/derecho-a-la-identidad-el-stj-confirmo-una-filiacion-post-mortem\\\/#article\",\"isPartOf\":{\"@id\":\"https:\\\/\\\/diariotextual.com\\\/inicio\\\/index.php\\\/2023\\\/06\\\/27\\\/derecho-a-la-identidad-el-stj-confirmo-una-filiacion-post-mortem\\\/\"},\"author\":{\"name\":\"Diario1 Diario1\",\"@id\":\"https:\\\/\\\/diariotextual.com\\\/inicio\\\/#\\\/schema\\\/person\\\/418fc4093c33e86ed41562db3508f958\"},\"headline\":\"Derecho a la identidad: el STJ confirm\u00f3 una filiaci\u00f3n post mortem\",\"datePublished\":\"2023-06-27T15:57:36+00:00\",\"dateModified\":\"2023-06-27T21:07:21+00:00\",\"mainEntityOfPage\":{\"@id\":\"https:\\\/\\\/diariotextual.com\\\/inicio\\\/index.php\\\/2023\\\/06\\\/27\\\/derecho-a-la-identidad-el-stj-confirmo-una-filiacion-post-mortem\\\/\"},\"wordCount\":748,\"publisher\":{\"@id\":\"https:\\\/\\\/diariotextual.com\\\/inicio\\\/#organization\"},\"image\":{\"@id\":\"https:\\\/\\\/diariotextual.com\\\/inicio\\\/index.php\\\/2023\\\/06\\\/27\\\/derecho-a-la-identidad-el-stj-confirmo-una-filiacion-post-mortem\\\/#primaryimage\"},\"thumbnailUrl\":\"https:\\\/\\\/diariotextual.com\\\/inicio\\\/wp-content\\\/uploads\\\/2020\\\/12\\\/centrojudicial2020-09.jpg\",\"articleSection\":[\"A - ES NOTICIA (van abajo)\",\"SOCIEDAD\"],\"inLanguage\":\"es\"},{\"@type\":\"WebPage\",\"@id\":\"https:\\\/\\\/diariotextual.com\\\/inicio\\\/index.php\\\/2023\\\/06\\\/27\\\/derecho-a-la-identidad-el-stj-confirmo-una-filiacion-post-mortem\\\/\",\"url\":\"https:\\\/\\\/diariotextual.com\\\/inicio\\\/index.php\\\/2023\\\/06\\\/27\\\/derecho-a-la-identidad-el-stj-confirmo-una-filiacion-post-mortem\\\/\",\"name\":\"Derecho a la identidad: el STJ confirm\u00f3 una filiaci\u00f3n post mortem - Diario Textual\",\"isPartOf\":{\"@id\":\"https:\\\/\\\/diariotextual.com\\\/inicio\\\/#website\"},\"primaryImageOfPage\":{\"@id\":\"https:\\\/\\\/diariotextual.com\\\/inicio\\\/index.php\\\/2023\\\/06\\\/27\\\/derecho-a-la-identidad-el-stj-confirmo-una-filiacion-post-mortem\\\/#primaryimage\"},\"image\":{\"@id\":\"https:\\\/\\\/diariotextual.com\\\/inicio\\\/index.php\\\/2023\\\/06\\\/27\\\/derecho-a-la-identidad-el-stj-confirmo-una-filiacion-post-mortem\\\/#primaryimage\"},\"thumbnailUrl\":\"https:\\\/\\\/diariotextual.com\\\/inicio\\\/wp-content\\\/uploads\\\/2020\\\/12\\\/centrojudicial2020-09.jpg\",\"datePublished\":\"2023-06-27T15:57:36+00:00\",\"dateModified\":\"2023-06-27T21:07:21+00:00\",\"breadcrumb\":{\"@id\":\"https:\\\/\\\/diariotextual.com\\\/inicio\\\/index.php\\\/2023\\\/06\\\/27\\\/derecho-a-la-identidad-el-stj-confirmo-una-filiacion-post-mortem\\\/#breadcrumb\"},\"inLanguage\":\"es\",\"potentialAction\":[{\"@type\":\"ReadAction\",\"target\":[\"https:\\\/\\\/diariotextual.com\\\/inicio\\\/index.php\\\/2023\\\/06\\\/27\\\/derecho-a-la-identidad-el-stj-confirmo-una-filiacion-post-mortem\\\/\"]}]},{\"@type\":\"ImageObject\",\"inLanguage\":\"es\",\"@id\":\"https:\\\/\\\/diariotextual.com\\\/inicio\\\/index.php\\\/2023\\\/06\\\/27\\\/derecho-a-la-identidad-el-stj-confirmo-una-filiacion-post-mortem\\\/#primaryimage\",\"url\":\"https:\\\/\\\/diariotextual.com\\\/inicio\\\/wp-content\\\/uploads\\\/2020\\\/12\\\/centrojudicial2020-09.jpg\",\"contentUrl\":\"https:\\\/\\\/diariotextual.com\\\/inicio\\\/wp-content\\\/uploads\\\/2020\\\/12\\\/centrojudicial2020-09.jpg\",\"width\":1084,\"height\":658},{\"@type\":\"BreadcrumbList\",\"@id\":\"https:\\\/\\\/diariotextual.com\\\/inicio\\\/index.php\\\/2023\\\/06\\\/27\\\/derecho-a-la-identidad-el-stj-confirmo-una-filiacion-post-mortem\\\/#breadcrumb\",\"itemListElement\":[{\"@type\":\"ListItem\",\"position\":1,\"name\":\"Portada\",\"item\":\"https:\\\/\\\/diariotextual.com\\\/inicio\\\/\"},{\"@type\":\"ListItem\",\"position\":2,\"name\":\"Derecho a la identidad: el STJ confirm\u00f3 una filiaci\u00f3n post mortem\"}]},{\"@type\":\"WebSite\",\"@id\":\"https:\\\/\\\/diariotextual.com\\\/inicio\\\/#website\",\"url\":\"https:\\\/\\\/diariotextual.com\\\/inicio\\\/\",\"name\":\"Diario Textual\",\"description\":\"\",\"publisher\":{\"@id\":\"https:\\\/\\\/diariotextual.com\\\/inicio\\\/#organization\"},\"potentialAction\":[{\"@type\":\"SearchAction\",\"target\":{\"@type\":\"EntryPoint\",\"urlTemplate\":\"https:\\\/\\\/diariotextual.com\\\/inicio\\\/?s={search_term_string}\"},\"query-input\":{\"@type\":\"PropertyValueSpecification\",\"valueRequired\":true,\"valueName\":\"search_term_string\"}}],\"inLanguage\":\"es\"},{\"@type\":\"Organization\",\"@id\":\"https:\\\/\\\/diariotextual.com\\\/inicio\\\/#organization\",\"name\":\"Diario Textual\",\"url\":\"https:\\\/\\\/diariotextual.com\\\/inicio\\\/\",\"logo\":{\"@type\":\"ImageObject\",\"inLanguage\":\"es\",\"@id\":\"https:\\\/\\\/diariotextual.com\\\/inicio\\\/#\\\/schema\\\/logo\\\/image\\\/\",\"url\":\"https:\\\/\\\/diariotextual.com\\\/inicio\\\/wp-content\\\/uploads\\\/2023\\\/05\\\/logotextual1.jpg\",\"contentUrl\":\"https:\\\/\\\/diariotextual.com\\\/inicio\\\/wp-content\\\/uploads\\\/2023\\\/05\\\/logotextual1.jpg\",\"width\":516,\"height\":76,\"caption\":\"Diario Textual\"},\"image\":{\"@id\":\"https:\\\/\\\/diariotextual.com\\\/inicio\\\/#\\\/schema\\\/logo\\\/image\\\/\"},\"sameAs\":[\"https:\\\/\\\/www.facebook.com\\\/eltextual\",\"https:\\\/\\\/x.com\\\/eltextual\",\"http:\\\/\\\/www.instagram.com\\\/eltextual\"]},{\"@type\":\"Person\",\"@id\":\"https:\\\/\\\/diariotextual.com\\\/inicio\\\/#\\\/schema\\\/person\\\/418fc4093c33e86ed41562db3508f958\",\"name\":\"Diario1 Diario1\",\"image\":{\"@type\":\"ImageObject\",\"inLanguage\":\"es\",\"@id\":\"https:\\\/\\\/secure.gravatar.com\\\/avatar\\\/9167d280179c85bc18be67aa7eda765854300033af4896dd779b608640f2ef7a?s=96&d=mm&r=g\",\"url\":\"https:\\\/\\\/secure.gravatar.com\\\/avatar\\\/9167d280179c85bc18be67aa7eda765854300033af4896dd779b608640f2ef7a?s=96&d=mm&r=g\",\"contentUrl\":\"https:\\\/\\\/secure.gravatar.com\\\/avatar\\\/9167d280179c85bc18be67aa7eda765854300033af4896dd779b608640f2ef7a?s=96&d=mm&r=g\",\"caption\":\"Diario1 Diario1\"},\"url\":\"https:\\\/\\\/diariotextual.com\\\/inicio\\\/index.php\\\/author\\\/diario1\\\/\"}]}<\/script>\n<!-- \/ Yoast SEO plugin. -->","yoast_head_json":{"title":"Derecho a la identidad: el STJ confirm\u00f3 una filiaci\u00f3n post mortem - Diario Textual","robots":{"index":"index","follow":"follow","max-snippet":"max-snippet:-1","max-image-preview":"max-image-preview:large","max-video-preview":"max-video-preview:-1"},"canonical":"https:\/\/diariotextual.com\/inicio\/index.php\/2023\/06\/27\/derecho-a-la-identidad-el-stj-confirmo-una-filiacion-post-mortem\/","og_locale":"es_ES","og_type":"article","og_title":"Derecho a la identidad: el STJ confirm\u00f3 una filiaci\u00f3n post mortem - Diario Textual","og_description":"El Superior Tribunal de Justicia, al declarar inadmisible un recurso extraordinario federal, confirm\u00f3 una demanda de filiaci\u00f3n por la cual se declar\u00f3 que R. era hija de J., en un&hellip;","og_url":"https:\/\/diariotextual.com\/inicio\/index.php\/2023\/06\/27\/derecho-a-la-identidad-el-stj-confirmo-una-filiacion-post-mortem\/","og_site_name":"Diario Textual","article_publisher":"https:\/\/www.facebook.com\/eltextual","article_published_time":"2023-06-27T15:57:36+00:00","article_modified_time":"2023-06-27T21:07:21+00:00","og_image":[{"width":1084,"height":658,"url":"https:\/\/diariotextual.com\/inicio\/wp-content\/uploads\/2020\/12\/centrojudicial2020-09.jpg","type":"image\/jpeg"}],"author":"Diario1 Diario1","twitter_card":"summary_large_image","twitter_creator":"@eltextual","twitter_site":"@eltextual","twitter_misc":{"Escrito por":"Diario1 Diario1","Tiempo de lectura":"4 minutos"},"schema":{"@context":"https:\/\/schema.org","@graph":[{"@type":"Article","@id":"https:\/\/diariotextual.com\/inicio\/index.php\/2023\/06\/27\/derecho-a-la-identidad-el-stj-confirmo-una-filiacion-post-mortem\/#article","isPartOf":{"@id":"https:\/\/diariotextual.com\/inicio\/index.php\/2023\/06\/27\/derecho-a-la-identidad-el-stj-confirmo-una-filiacion-post-mortem\/"},"author":{"name":"Diario1 Diario1","@id":"https:\/\/diariotextual.com\/inicio\/#\/schema\/person\/418fc4093c33e86ed41562db3508f958"},"headline":"Derecho a la identidad: el STJ confirm\u00f3 una filiaci\u00f3n post mortem","datePublished":"2023-06-27T15:57:36+00:00","dateModified":"2023-06-27T21:07:21+00:00","mainEntityOfPage":{"@id":"https:\/\/diariotextual.com\/inicio\/index.php\/2023\/06\/27\/derecho-a-la-identidad-el-stj-confirmo-una-filiacion-post-mortem\/"},"wordCount":748,"publisher":{"@id":"https:\/\/diariotextual.com\/inicio\/#organization"},"image":{"@id":"https:\/\/diariotextual.com\/inicio\/index.php\/2023\/06\/27\/derecho-a-la-identidad-el-stj-confirmo-una-filiacion-post-mortem\/#primaryimage"},"thumbnailUrl":"https:\/\/diariotextual.com\/inicio\/wp-content\/uploads\/2020\/12\/centrojudicial2020-09.jpg","articleSection":["A - ES NOTICIA (van abajo)","SOCIEDAD"],"inLanguage":"es"},{"@type":"WebPage","@id":"https:\/\/diariotextual.com\/inicio\/index.php\/2023\/06\/27\/derecho-a-la-identidad-el-stj-confirmo-una-filiacion-post-mortem\/","url":"https:\/\/diariotextual.com\/inicio\/index.php\/2023\/06\/27\/derecho-a-la-identidad-el-stj-confirmo-una-filiacion-post-mortem\/","name":"Derecho a la identidad: el STJ confirm\u00f3 una filiaci\u00f3n post mortem - Diario Textual","isPartOf":{"@id":"https:\/\/diariotextual.com\/inicio\/#website"},"primaryImageOfPage":{"@id":"https:\/\/diariotextual.com\/inicio\/index.php\/2023\/06\/27\/derecho-a-la-identidad-el-stj-confirmo-una-filiacion-post-mortem\/#primaryimage"},"image":{"@id":"https:\/\/diariotextual.com\/inicio\/index.php\/2023\/06\/27\/derecho-a-la-identidad-el-stj-confirmo-una-filiacion-post-mortem\/#primaryimage"},"thumbnailUrl":"https:\/\/diariotextual.com\/inicio\/wp-content\/uploads\/2020\/12\/centrojudicial2020-09.jpg","datePublished":"2023-06-27T15:57:36+00:00","dateModified":"2023-06-27T21:07:21+00:00","breadcrumb":{"@id":"https:\/\/diariotextual.com\/inicio\/index.php\/2023\/06\/27\/derecho-a-la-identidad-el-stj-confirmo-una-filiacion-post-mortem\/#breadcrumb"},"inLanguage":"es","potentialAction":[{"@type":"ReadAction","target":["https:\/\/diariotextual.com\/inicio\/index.php\/2023\/06\/27\/derecho-a-la-identidad-el-stj-confirmo-una-filiacion-post-mortem\/"]}]},{"@type":"ImageObject","inLanguage":"es","@id":"https:\/\/diariotextual.com\/inicio\/index.php\/2023\/06\/27\/derecho-a-la-identidad-el-stj-confirmo-una-filiacion-post-mortem\/#primaryimage","url":"https:\/\/diariotextual.com\/inicio\/wp-content\/uploads\/2020\/12\/centrojudicial2020-09.jpg","contentUrl":"https:\/\/diariotextual.com\/inicio\/wp-content\/uploads\/2020\/12\/centrojudicial2020-09.jpg","width":1084,"height":658},{"@type":"BreadcrumbList","@id":"https:\/\/diariotextual.com\/inicio\/index.php\/2023\/06\/27\/derecho-a-la-identidad-el-stj-confirmo-una-filiacion-post-mortem\/#breadcrumb","itemListElement":[{"@type":"ListItem","position":1,"name":"Portada","item":"https:\/\/diariotextual.com\/inicio\/"},{"@type":"ListItem","position":2,"name":"Derecho a la identidad: el STJ confirm\u00f3 una filiaci\u00f3n post mortem"}]},{"@type":"WebSite","@id":"https:\/\/diariotextual.com\/inicio\/#website","url":"https:\/\/diariotextual.com\/inicio\/","name":"Diario Textual","description":"","publisher":{"@id":"https:\/\/diariotextual.com\/inicio\/#organization"},"potentialAction":[{"@type":"SearchAction","target":{"@type":"EntryPoint","urlTemplate":"https:\/\/diariotextual.com\/inicio\/?s={search_term_string}"},"query-input":{"@type":"PropertyValueSpecification","valueRequired":true,"valueName":"search_term_string"}}],"inLanguage":"es"},{"@type":"Organization","@id":"https:\/\/diariotextual.com\/inicio\/#organization","name":"Diario Textual","url":"https:\/\/diariotextual.com\/inicio\/","logo":{"@type":"ImageObject","inLanguage":"es","@id":"https:\/\/diariotextual.com\/inicio\/#\/schema\/logo\/image\/","url":"https:\/\/diariotextual.com\/inicio\/wp-content\/uploads\/2023\/05\/logotextual1.jpg","contentUrl":"https:\/\/diariotextual.com\/inicio\/wp-content\/uploads\/2023\/05\/logotextual1.jpg","width":516,"height":76,"caption":"Diario Textual"},"image":{"@id":"https:\/\/diariotextual.com\/inicio\/#\/schema\/logo\/image\/"},"sameAs":["https:\/\/www.facebook.com\/eltextual","https:\/\/x.com\/eltextual","http:\/\/www.instagram.com\/eltextual"]},{"@type":"Person","@id":"https:\/\/diariotextual.com\/inicio\/#\/schema\/person\/418fc4093c33e86ed41562db3508f958","name":"Diario1 Diario1","image":{"@type":"ImageObject","inLanguage":"es","@id":"https:\/\/secure.gravatar.com\/avatar\/9167d280179c85bc18be67aa7eda765854300033af4896dd779b608640f2ef7a?s=96&d=mm&r=g","url":"https:\/\/secure.gravatar.com\/avatar\/9167d280179c85bc18be67aa7eda765854300033af4896dd779b608640f2ef7a?s=96&d=mm&r=g","contentUrl":"https:\/\/secure.gravatar.com\/avatar\/9167d280179c85bc18be67aa7eda765854300033af4896dd779b608640f2ef7a?s=96&d=mm&r=g","caption":"Diario1 Diario1"},"url":"https:\/\/diariotextual.com\/inicio\/index.php\/author\/diario1\/"}]}},"_links":{"self":[{"href":"https:\/\/diariotextual.com\/inicio\/index.php\/wp-json\/wp\/v2\/posts\/229591","targetHints":{"allow":["GET"]}}],"collection":[{"href":"https:\/\/diariotextual.com\/inicio\/index.php\/wp-json\/wp\/v2\/posts"}],"about":[{"href":"https:\/\/diariotextual.com\/inicio\/index.php\/wp-json\/wp\/v2\/types\/post"}],"author":[{"embeddable":true,"href":"https:\/\/diariotextual.com\/inicio\/index.php\/wp-json\/wp\/v2\/users\/3"}],"replies":[{"embeddable":true,"href":"https:\/\/diariotextual.com\/inicio\/index.php\/wp-json\/wp\/v2\/comments?post=229591"}],"version-history":[{"count":1,"href":"https:\/\/diariotextual.com\/inicio\/index.php\/wp-json\/wp\/v2\/posts\/229591\/revisions"}],"predecessor-version":[{"id":229592,"href":"https:\/\/diariotextual.com\/inicio\/index.php\/wp-json\/wp\/v2\/posts\/229591\/revisions\/229592"}],"wp:featuredmedia":[{"embeddable":true,"href":"https:\/\/diariotextual.com\/inicio\/index.php\/wp-json\/wp\/v2\/media\/127654"}],"wp:attachment":[{"href":"https:\/\/diariotextual.com\/inicio\/index.php\/wp-json\/wp\/v2\/media?parent=229591"}],"wp:term":[{"taxonomy":"category","embeddable":true,"href":"https:\/\/diariotextual.com\/inicio\/index.php\/wp-json\/wp\/v2\/categories?post=229591"},{"taxonomy":"post_tag","embeddable":true,"href":"https:\/\/diariotextual.com\/inicio\/index.php\/wp-json\/wp\/v2\/tags?post=229591"}],"curies":[{"name":"wp","href":"https:\/\/api.w.org\/{rel}","templated":true}]}}