{"id":229598,"date":"2023-06-27T13:38:00","date_gmt":"2023-06-27T16:38:00","guid":{"rendered":"https:\/\/diariotextual.com\/inicio\/?p=229598"},"modified":"2023-06-27T13:38:01","modified_gmt":"2023-06-27T16:38:01","slug":"toay-presentan-un-libro-sobre-la-mediacion","status":"publish","type":"post","link":"https:\/\/diariotextual.com\/inicio\/index.php\/2023\/06\/27\/toay-presentan-un-libro-sobre-la-mediacion\/","title":{"rendered":"Toay: presentan un libro sobre la Mediaci\u00f3n"},"content":{"rendered":"\n<p><strong>Las Emociones del Mediador e<\/strong>s el t\u00edtulo de un libro recientemente escrito por la mediadora pampeana <strong>Mar\u00eda Gimena Funes<\/strong>, que ser\u00e1 presentado el jueves a las 19.30 en el Concejo Deliberante de Toay. La autora se desempe\u00f1a como subdirectora general de Dispositivos Comunitarios para Adolescentes del Ministerio de Desarrollo Social de La Pampa.<\/p>\n\n\n\n<p>La escritora indic\u00f3 a que, si bien el libro hace foco en las emociones de los mediadores, cree que en rigor <strong>trae a la luz la emocionalidad de todos los terceros. <\/strong>\u201cRefiere a todos aquellos procesos en los que hay otros, por eso es un tema que no solamente ha captado el inter\u00e9s de los profesionales mediadores sino tambi\u00e9n de otros que ejercen y cumplen la funci\u00f3n de terceridad\u201d, dijo a Diario Textual.<\/p>\n\n\n\n<p>Funes es t\u00e9cnica superior en An\u00e1lisis e Intervenci\u00f3n de Campos Grupal, institucional y comunitario. Licenciada y profesora universitaria en Resoluci\u00f3n de Conflictos y Mediaci\u00f3n. Obtuvo el t\u00edtulo de m\u00e1ster en Mediaci\u00f3n de la Universidad de Alcal\u00e1 de Henares. Tambi\u00e9n realiz\u00f3 la maestr\u00eda en Negociaci\u00f3n y Mediaci\u00f3n del Instituto de Mediaci\u00f3n de M\u00e9xico (obtuvo el primer lugar en su desempe\u00f1o acad\u00e9mico con un promedio de 99,69). Se ha doctorado en Negociaci\u00f3n y Mediaci\u00f3n en el Instituto de Mediaci\u00f3n de M\u00e9xico y es diplomada en Psicodrama y Corporeidad, en Inteligencia Emocional, en derecho Constitucional y Derechos Humanos, en Intervenci\u00f3n y Prevenci\u00f3n en Violencia de G\u00e9nero y Pol\u00edticas P\u00fablicas, as\u00ed como en coaching Ontol\u00f3gico Profesional Integral, en Justicia Restaurativa y dise\u00f1o de Programas Restaurativos.<\/p>\n\n\n\n<p>Se ha capacitado como docente en Neurociencias, en modelos y pr\u00e1cticas de autogesti\u00f3n, l\u00f3gicas de cuidado y justicia restaurativa en contextos de encierro, en sistema penal y comunidad, entre otros estudios. Integra la Primera Red Federal de Mediadoras con Perspectiva de G\u00e9nero de Argentina y participa de la Mesa de Di\u00e1logo Permanente para la Paz en Acci\u00f3n (P&amp;A). Asimismo, es miembro del Foro Internacional de Mediadores Profesionales y de la Academia Mundial de Justicia Restaurativa.<\/p>\n\n\n\n<p>Tambi\u00e9n se desempe\u00f1a como delegada internacional de la Sociedad Cient\u00edfica de Justicia Restaurativa (SCJR) en Argentina, como miembro acad\u00e9mico de IIDH-Venezuela, comisionada de Mediaci\u00f3n Internacional del Colegio Internacional de Especialistas en M\u00e9todos Alternos de Soluci\u00f3n de Conflictos y Justicia Restaurativa. Como docente forma parte del claustro acad\u00e9mico del Instituto de Justicia Alternativa de Jalisco, y tambi\u00e9n coordina la diplomatura en justicia restaurativa y mediaci\u00f3n penal juvenil de la Universidad Nacional de La Pampa (UNLPam). Ha sido autora de proyectos de medicaci\u00f3n escolar y de diversas tesis de maestr\u00eda y trabajos de especializaci\u00f3n.<\/p>\n","protected":false},"excerpt":{"rendered":"<p>Las Emociones del Mediador es el t\u00edtulo de un libro recientemente escrito por la mediadora pampeana Mar\u00eda Gimena Funes, que ser\u00e1 presentado el jueves a las 19.30 en el Concejo&hellip;<\/p>\n","protected":false},"author":4,"featured_media":229599,"comment_status":"closed","ping_status":"open","sticky":false,"template":"","format":"standard","meta":{"_acf_changed":false,"footnotes":""},"categories":[1,2],"tags":[],"class_list":["post-229598","post","type-post","status-publish","format-standard","has-post-thumbnail","hentry","category-es-noticia","category-cultura"],"acf":[],"yoast_head":"<!-- This site is optimized with the Yoast SEO plugin v27.5 - https:\/\/yoast.com\/product\/yoast-seo-wordpress\/ -->\n<title>Toay: presentan un libro sobre la Mediaci\u00f3n - Diario Textual<\/title>\n<meta name=\"robots\" content=\"index, follow, max-snippet:-1, max-image-preview:large, max-video-preview:-1\" \/>\n<link rel=\"canonical\" href=\"https:\/\/diariotextual.com\/inicio\/index.php\/2023\/06\/27\/toay-presentan-un-libro-sobre-la-mediacion\/\" \/>\n<meta property=\"og:locale\" content=\"es_ES\" \/>\n<meta property=\"og:type\" content=\"article\" \/>\n<meta property=\"og:title\" content=\"Toay: presentan un libro sobre la Mediaci\u00f3n - Diario Textual\" \/>\n<meta property=\"og:description\" content=\"Las Emociones del Mediador es el t\u00edtulo de un libro recientemente escrito por la mediadora pampeana Mar\u00eda Gimena Funes, que ser\u00e1 presentado el jueves a las 19.30 en el Concejo&hellip;\" \/>\n<meta property=\"og:url\" content=\"https:\/\/diariotextual.com\/inicio\/index.php\/2023\/06\/27\/toay-presentan-un-libro-sobre-la-mediacion\/\" \/>\n<meta property=\"og:site_name\" content=\"Diario Textual\" \/>\n<meta property=\"article:publisher\" content=\"https:\/\/www.facebook.com\/eltextual\" \/>\n<meta property=\"article:published_time\" content=\"2023-06-27T16:38:00+00:00\" \/>\n<meta property=\"article:modified_time\" content=\"2023-06-27T16:38:01+00:00\" \/>\n<meta property=\"og:image\" content=\"https:\/\/diariotextual.com\/inicio\/wp-content\/uploads\/2023\/06\/mediacionlibrotoay5.jpg\" \/>\n\t<meta property=\"og:image:width\" content=\"900\" \/>\n\t<meta property=\"og:image:height\" content=\"505\" \/>\n\t<meta property=\"og:image:type\" content=\"image\/jpeg\" \/>\n<meta name=\"author\" content=\"diario2\" \/>\n<meta name=\"twitter:card\" content=\"summary_large_image\" \/>\n<meta name=\"twitter:creator\" content=\"@eltextual\" \/>\n<meta name=\"twitter:site\" content=\"@eltextual\" \/>\n<meta name=\"twitter:label1\" content=\"Escrito por\" \/>\n\t<meta name=\"twitter:data1\" content=\"diario2\" \/>\n\t<meta name=\"twitter:label2\" content=\"Tiempo de lectura\" \/>\n\t<meta name=\"twitter:data2\" content=\"2 minutos\" \/>\n<script type=\"application\/ld+json\" class=\"yoast-schema-graph\">{\"@context\":\"https:\\\/\\\/schema.org\",\"@graph\":[{\"@type\":\"Article\",\"@id\":\"https:\\\/\\\/diariotextual.com\\\/inicio\\\/index.php\\\/2023\\\/06\\\/27\\\/toay-presentan-un-libro-sobre-la-mediacion\\\/#article\",\"isPartOf\":{\"@id\":\"https:\\\/\\\/diariotextual.com\\\/inicio\\\/index.php\\\/2023\\\/06\\\/27\\\/toay-presentan-un-libro-sobre-la-mediacion\\\/\"},\"author\":{\"name\":\"diario2\",\"@id\":\"https:\\\/\\\/diariotextual.com\\\/inicio\\\/#\\\/schema\\\/person\\\/694f60677f23c4a530867a98f22b3768\"},\"headline\":\"Toay: presentan un libro sobre la Mediaci\u00f3n\",\"datePublished\":\"2023-06-27T16:38:00+00:00\",\"dateModified\":\"2023-06-27T16:38:01+00:00\",\"mainEntityOfPage\":{\"@id\":\"https:\\\/\\\/diariotextual.com\\\/inicio\\\/index.php\\\/2023\\\/06\\\/27\\\/toay-presentan-un-libro-sobre-la-mediacion\\\/\"},\"wordCount\":474,\"publisher\":{\"@id\":\"https:\\\/\\\/diariotextual.com\\\/inicio\\\/#organization\"},\"image\":{\"@id\":\"https:\\\/\\\/diariotextual.com\\\/inicio\\\/index.php\\\/2023\\\/06\\\/27\\\/toay-presentan-un-libro-sobre-la-mediacion\\\/#primaryimage\"},\"thumbnailUrl\":\"https:\\\/\\\/diariotextual.com\\\/inicio\\\/wp-content\\\/uploads\\\/2023\\\/06\\\/mediacionlibrotoay5.jpg\",\"articleSection\":[\"A - ES NOTICIA (van abajo)\",\"CULTURA\"],\"inLanguage\":\"es\"},{\"@type\":\"WebPage\",\"@id\":\"https:\\\/\\\/diariotextual.com\\\/inicio\\\/index.php\\\/2023\\\/06\\\/27\\\/toay-presentan-un-libro-sobre-la-mediacion\\\/\",\"url\":\"https:\\\/\\\/diariotextual.com\\\/inicio\\\/index.php\\\/2023\\\/06\\\/27\\\/toay-presentan-un-libro-sobre-la-mediacion\\\/\",\"name\":\"Toay: presentan un libro sobre la Mediaci\u00f3n - Diario Textual\",\"isPartOf\":{\"@id\":\"https:\\\/\\\/diariotextual.com\\\/inicio\\\/#website\"},\"primaryImageOfPage\":{\"@id\":\"https:\\\/\\\/diariotextual.com\\\/inicio\\\/index.php\\\/2023\\\/06\\\/27\\\/toay-presentan-un-libro-sobre-la-mediacion\\\/#primaryimage\"},\"image\":{\"@id\":\"https:\\\/\\\/diariotextual.com\\\/inicio\\\/index.php\\\/2023\\\/06\\\/27\\\/toay-presentan-un-libro-sobre-la-mediacion\\\/#primaryimage\"},\"thumbnailUrl\":\"https:\\\/\\\/diariotextual.com\\\/inicio\\\/wp-content\\\/uploads\\\/2023\\\/06\\\/mediacionlibrotoay5.jpg\",\"datePublished\":\"2023-06-27T16:38:00+00:00\",\"dateModified\":\"2023-06-27T16:38:01+00:00\",\"breadcrumb\":{\"@id\":\"https:\\\/\\\/diariotextual.com\\\/inicio\\\/index.php\\\/2023\\\/06\\\/27\\\/toay-presentan-un-libro-sobre-la-mediacion\\\/#breadcrumb\"},\"inLanguage\":\"es\",\"potentialAction\":[{\"@type\":\"ReadAction\",\"target\":[\"https:\\\/\\\/diariotextual.com\\\/inicio\\\/index.php\\\/2023\\\/06\\\/27\\\/toay-presentan-un-libro-sobre-la-mediacion\\\/\"]}]},{\"@type\":\"ImageObject\",\"inLanguage\":\"es\",\"@id\":\"https:\\\/\\\/diariotextual.com\\\/inicio\\\/index.php\\\/2023\\\/06\\\/27\\\/toay-presentan-un-libro-sobre-la-mediacion\\\/#primaryimage\",\"url\":\"https:\\\/\\\/diariotextual.com\\\/inicio\\\/wp-content\\\/uploads\\\/2023\\\/06\\\/mediacionlibrotoay5.jpg\",\"contentUrl\":\"https:\\\/\\\/diariotextual.com\\\/inicio\\\/wp-content\\\/uploads\\\/2023\\\/06\\\/mediacionlibrotoay5.jpg\",\"width\":900,\"height\":505},{\"@type\":\"BreadcrumbList\",\"@id\":\"https:\\\/\\\/diariotextual.com\\\/inicio\\\/index.php\\\/2023\\\/06\\\/27\\\/toay-presentan-un-libro-sobre-la-mediacion\\\/#breadcrumb\",\"itemListElement\":[{\"@type\":\"ListItem\",\"position\":1,\"name\":\"Portada\",\"item\":\"https:\\\/\\\/diariotextual.com\\\/inicio\\\/\"},{\"@type\":\"ListItem\",\"position\":2,\"name\":\"Toay: presentan un libro sobre la Mediaci\u00f3n\"}]},{\"@type\":\"WebSite\",\"@id\":\"https:\\\/\\\/diariotextual.com\\\/inicio\\\/#website\",\"url\":\"https:\\\/\\\/diariotextual.com\\\/inicio\\\/\",\"name\":\"Diario Textual\",\"description\":\"\",\"publisher\":{\"@id\":\"https:\\\/\\\/diariotextual.com\\\/inicio\\\/#organization\"},\"potentialAction\":[{\"@type\":\"SearchAction\",\"target\":{\"@type\":\"EntryPoint\",\"urlTemplate\":\"https:\\\/\\\/diariotextual.com\\\/inicio\\\/?s={search_term_string}\"},\"query-input\":{\"@type\":\"PropertyValueSpecification\",\"valueRequired\":true,\"valueName\":\"search_term_string\"}}],\"inLanguage\":\"es\"},{\"@type\":\"Organization\",\"@id\":\"https:\\\/\\\/diariotextual.com\\\/inicio\\\/#organization\",\"name\":\"Diario Textual\",\"url\":\"https:\\\/\\\/diariotextual.com\\\/inicio\\\/\",\"logo\":{\"@type\":\"ImageObject\",\"inLanguage\":\"es\",\"@id\":\"https:\\\/\\\/diariotextual.com\\\/inicio\\\/#\\\/schema\\\/logo\\\/image\\\/\",\"url\":\"https:\\\/\\\/diariotextual.com\\\/inicio\\\/wp-content\\\/uploads\\\/2023\\\/05\\\/logotextual1.jpg\",\"contentUrl\":\"https:\\\/\\\/diariotextual.com\\\/inicio\\\/wp-content\\\/uploads\\\/2023\\\/05\\\/logotextual1.jpg\",\"width\":516,\"height\":76,\"caption\":\"Diario Textual\"},\"image\":{\"@id\":\"https:\\\/\\\/diariotextual.com\\\/inicio\\\/#\\\/schema\\\/logo\\\/image\\\/\"},\"sameAs\":[\"https:\\\/\\\/www.facebook.com\\\/eltextual\",\"https:\\\/\\\/x.com\\\/eltextual\",\"http:\\\/\\\/www.instagram.com\\\/eltextual\"]},{\"@type\":\"Person\",\"@id\":\"https:\\\/\\\/diariotextual.com\\\/inicio\\\/#\\\/schema\\\/person\\\/694f60677f23c4a530867a98f22b3768\",\"name\":\"diario2\",\"image\":{\"@type\":\"ImageObject\",\"inLanguage\":\"es\",\"@id\":\"https:\\\/\\\/secure.gravatar.com\\\/avatar\\\/5a2567495ba16b852fcd8f1ed006a2e24fcace936018ed8237e95f488ad6e0a7?s=96&d=mm&r=g\",\"url\":\"https:\\\/\\\/secure.gravatar.com\\\/avatar\\\/5a2567495ba16b852fcd8f1ed006a2e24fcace936018ed8237e95f488ad6e0a7?s=96&d=mm&r=g\",\"contentUrl\":\"https:\\\/\\\/secure.gravatar.com\\\/avatar\\\/5a2567495ba16b852fcd8f1ed006a2e24fcace936018ed8237e95f488ad6e0a7?s=96&d=mm&r=g\",\"caption\":\"diario2\"},\"url\":\"https:\\\/\\\/diariotextual.com\\\/inicio\\\/index.php\\\/author\\\/diario2\\\/\"}]}<\/script>\n<!-- \/ Yoast SEO plugin. -->","yoast_head_json":{"title":"Toay: presentan un libro sobre la Mediaci\u00f3n - Diario Textual","robots":{"index":"index","follow":"follow","max-snippet":"max-snippet:-1","max-image-preview":"max-image-preview:large","max-video-preview":"max-video-preview:-1"},"canonical":"https:\/\/diariotextual.com\/inicio\/index.php\/2023\/06\/27\/toay-presentan-un-libro-sobre-la-mediacion\/","og_locale":"es_ES","og_type":"article","og_title":"Toay: presentan un libro sobre la Mediaci\u00f3n - Diario Textual","og_description":"Las Emociones del Mediador es el t\u00edtulo de un libro recientemente escrito por la mediadora pampeana Mar\u00eda Gimena Funes, que ser\u00e1 presentado el jueves a las 19.30 en el Concejo&hellip;","og_url":"https:\/\/diariotextual.com\/inicio\/index.php\/2023\/06\/27\/toay-presentan-un-libro-sobre-la-mediacion\/","og_site_name":"Diario Textual","article_publisher":"https:\/\/www.facebook.com\/eltextual","article_published_time":"2023-06-27T16:38:00+00:00","article_modified_time":"2023-06-27T16:38:01+00:00","og_image":[{"width":900,"height":505,"url":"https:\/\/diariotextual.com\/inicio\/wp-content\/uploads\/2023\/06\/mediacionlibrotoay5.jpg","type":"image\/jpeg"}],"author":"diario2","twitter_card":"summary_large_image","twitter_creator":"@eltextual","twitter_site":"@eltextual","twitter_misc":{"Escrito por":"diario2","Tiempo de lectura":"2 minutos"},"schema":{"@context":"https:\/\/schema.org","@graph":[{"@type":"Article","@id":"https:\/\/diariotextual.com\/inicio\/index.php\/2023\/06\/27\/toay-presentan-un-libro-sobre-la-mediacion\/#article","isPartOf":{"@id":"https:\/\/diariotextual.com\/inicio\/index.php\/2023\/06\/27\/toay-presentan-un-libro-sobre-la-mediacion\/"},"author":{"name":"diario2","@id":"https:\/\/diariotextual.com\/inicio\/#\/schema\/person\/694f60677f23c4a530867a98f22b3768"},"headline":"Toay: presentan un libro sobre la Mediaci\u00f3n","datePublished":"2023-06-27T16:38:00+00:00","dateModified":"2023-06-27T16:38:01+00:00","mainEntityOfPage":{"@id":"https:\/\/diariotextual.com\/inicio\/index.php\/2023\/06\/27\/toay-presentan-un-libro-sobre-la-mediacion\/"},"wordCount":474,"publisher":{"@id":"https:\/\/diariotextual.com\/inicio\/#organization"},"image":{"@id":"https:\/\/diariotextual.com\/inicio\/index.php\/2023\/06\/27\/toay-presentan-un-libro-sobre-la-mediacion\/#primaryimage"},"thumbnailUrl":"https:\/\/diariotextual.com\/inicio\/wp-content\/uploads\/2023\/06\/mediacionlibrotoay5.jpg","articleSection":["A - ES NOTICIA (van abajo)","CULTURA"],"inLanguage":"es"},{"@type":"WebPage","@id":"https:\/\/diariotextual.com\/inicio\/index.php\/2023\/06\/27\/toay-presentan-un-libro-sobre-la-mediacion\/","url":"https:\/\/diariotextual.com\/inicio\/index.php\/2023\/06\/27\/toay-presentan-un-libro-sobre-la-mediacion\/","name":"Toay: presentan un libro sobre la Mediaci\u00f3n - Diario Textual","isPartOf":{"@id":"https:\/\/diariotextual.com\/inicio\/#website"},"primaryImageOfPage":{"@id":"https:\/\/diariotextual.com\/inicio\/index.php\/2023\/06\/27\/toay-presentan-un-libro-sobre-la-mediacion\/#primaryimage"},"image":{"@id":"https:\/\/diariotextual.com\/inicio\/index.php\/2023\/06\/27\/toay-presentan-un-libro-sobre-la-mediacion\/#primaryimage"},"thumbnailUrl":"https:\/\/diariotextual.com\/inicio\/wp-content\/uploads\/2023\/06\/mediacionlibrotoay5.jpg","datePublished":"2023-06-27T16:38:00+00:00","dateModified":"2023-06-27T16:38:01+00:00","breadcrumb":{"@id":"https:\/\/diariotextual.com\/inicio\/index.php\/2023\/06\/27\/toay-presentan-un-libro-sobre-la-mediacion\/#breadcrumb"},"inLanguage":"es","potentialAction":[{"@type":"ReadAction","target":["https:\/\/diariotextual.com\/inicio\/index.php\/2023\/06\/27\/toay-presentan-un-libro-sobre-la-mediacion\/"]}]},{"@type":"ImageObject","inLanguage":"es","@id":"https:\/\/diariotextual.com\/inicio\/index.php\/2023\/06\/27\/toay-presentan-un-libro-sobre-la-mediacion\/#primaryimage","url":"https:\/\/diariotextual.com\/inicio\/wp-content\/uploads\/2023\/06\/mediacionlibrotoay5.jpg","contentUrl":"https:\/\/diariotextual.com\/inicio\/wp-content\/uploads\/2023\/06\/mediacionlibrotoay5.jpg","width":900,"height":505},{"@type":"BreadcrumbList","@id":"https:\/\/diariotextual.com\/inicio\/index.php\/2023\/06\/27\/toay-presentan-un-libro-sobre-la-mediacion\/#breadcrumb","itemListElement":[{"@type":"ListItem","position":1,"name":"Portada","item":"https:\/\/diariotextual.com\/inicio\/"},{"@type":"ListItem","position":2,"name":"Toay: presentan un libro sobre la Mediaci\u00f3n"}]},{"@type":"WebSite","@id":"https:\/\/diariotextual.com\/inicio\/#website","url":"https:\/\/diariotextual.com\/inicio\/","name":"Diario Textual","description":"","publisher":{"@id":"https:\/\/diariotextual.com\/inicio\/#organization"},"potentialAction":[{"@type":"SearchAction","target":{"@type":"EntryPoint","urlTemplate":"https:\/\/diariotextual.com\/inicio\/?s={search_term_string}"},"query-input":{"@type":"PropertyValueSpecification","valueRequired":true,"valueName":"search_term_string"}}],"inLanguage":"es"},{"@type":"Organization","@id":"https:\/\/diariotextual.com\/inicio\/#organization","name":"Diario Textual","url":"https:\/\/diariotextual.com\/inicio\/","logo":{"@type":"ImageObject","inLanguage":"es","@id":"https:\/\/diariotextual.com\/inicio\/#\/schema\/logo\/image\/","url":"https:\/\/diariotextual.com\/inicio\/wp-content\/uploads\/2023\/05\/logotextual1.jpg","contentUrl":"https:\/\/diariotextual.com\/inicio\/wp-content\/uploads\/2023\/05\/logotextual1.jpg","width":516,"height":76,"caption":"Diario Textual"},"image":{"@id":"https:\/\/diariotextual.com\/inicio\/#\/schema\/logo\/image\/"},"sameAs":["https:\/\/www.facebook.com\/eltextual","https:\/\/x.com\/eltextual","http:\/\/www.instagram.com\/eltextual"]},{"@type":"Person","@id":"https:\/\/diariotextual.com\/inicio\/#\/schema\/person\/694f60677f23c4a530867a98f22b3768","name":"diario2","image":{"@type":"ImageObject","inLanguage":"es","@id":"https:\/\/secure.gravatar.com\/avatar\/5a2567495ba16b852fcd8f1ed006a2e24fcace936018ed8237e95f488ad6e0a7?s=96&d=mm&r=g","url":"https:\/\/secure.gravatar.com\/avatar\/5a2567495ba16b852fcd8f1ed006a2e24fcace936018ed8237e95f488ad6e0a7?s=96&d=mm&r=g","contentUrl":"https:\/\/secure.gravatar.com\/avatar\/5a2567495ba16b852fcd8f1ed006a2e24fcace936018ed8237e95f488ad6e0a7?s=96&d=mm&r=g","caption":"diario2"},"url":"https:\/\/diariotextual.com\/inicio\/index.php\/author\/diario2\/"}]}},"_links":{"self":[{"href":"https:\/\/diariotextual.com\/inicio\/index.php\/wp-json\/wp\/v2\/posts\/229598","targetHints":{"allow":["GET"]}}],"collection":[{"href":"https:\/\/diariotextual.com\/inicio\/index.php\/wp-json\/wp\/v2\/posts"}],"about":[{"href":"https:\/\/diariotextual.com\/inicio\/index.php\/wp-json\/wp\/v2\/types\/post"}],"author":[{"embeddable":true,"href":"https:\/\/diariotextual.com\/inicio\/index.php\/wp-json\/wp\/v2\/users\/4"}],"replies":[{"embeddable":true,"href":"https:\/\/diariotextual.com\/inicio\/index.php\/wp-json\/wp\/v2\/comments?post=229598"}],"version-history":[{"count":1,"href":"https:\/\/diariotextual.com\/inicio\/index.php\/wp-json\/wp\/v2\/posts\/229598\/revisions"}],"predecessor-version":[{"id":229600,"href":"https:\/\/diariotextual.com\/inicio\/index.php\/wp-json\/wp\/v2\/posts\/229598\/revisions\/229600"}],"wp:featuredmedia":[{"embeddable":true,"href":"https:\/\/diariotextual.com\/inicio\/index.php\/wp-json\/wp\/v2\/media\/229599"}],"wp:attachment":[{"href":"https:\/\/diariotextual.com\/inicio\/index.php\/wp-json\/wp\/v2\/media?parent=229598"}],"wp:term":[{"taxonomy":"category","embeddable":true,"href":"https:\/\/diariotextual.com\/inicio\/index.php\/wp-json\/wp\/v2\/categories?post=229598"},{"taxonomy":"post_tag","embeddable":true,"href":"https:\/\/diariotextual.com\/inicio\/index.php\/wp-json\/wp\/v2\/tags?post=229598"}],"curies":[{"name":"wp","href":"https:\/\/api.w.org\/{rel}","templated":true}]}}