{"id":229609,"date":"2023-06-27T17:44:17","date_gmt":"2023-06-27T20:44:17","guid":{"rendered":"https:\/\/diariotextual.com\/inicio\/?p=229609"},"modified":"2023-06-27T19:58:02","modified_gmt":"2023-06-27T22:58:02","slug":"avanza-el-llenado-del-gasoducto-nestor-kirchner-se-habilito-el-tercer-tramo","status":"publish","type":"post","link":"https:\/\/diariotextual.com\/inicio\/index.php\/2023\/06\/27\/avanza-el-llenado-del-gasoducto-nestor-kirchner-se-habilito-el-tercer-tramo\/","title":{"rendered":"Avanza el llenado del Gasoducto N\u00e9stor Kirchner: se habilit\u00f3 el tercer tramo"},"content":{"rendered":"\n<p>El proceso de llenado del Gasoducto Presidente N\u00e9stor Kirchner (GPNK) contin\u00faa de acuerdo al cronograma establecido con la habilitaci\u00f3n del tramo comprendido entre los kil\u00f3metros 61 y 89 de la traza, llegando al l\u00edmite entre las provincias de R\u00edo Negro y La Pampa, inform\u00f3 la empresa estatal Energ\u00eda Argentina.<br><br>La habilitaci\u00f3n parcial y progresiva, procedimiento habitual en este tipo de operaciones, tiene por objetivo garantizar el llenado homog\u00e9neo del ducto con gas natural desplazando por completo el aire e involucra fases de barrido y presurizaci\u00f3n de las ca\u00f1er\u00edas.<br><br>Adem\u00e1s, permite probar el funcionamiento de los sistemas de medici\u00f3n y regulaci\u00f3n de las plantas.<\/p>\n\n\n\n<p>\u201cEstamos avanzando con el llenado en funci\u00f3n de lo planificado, muy orgullosos de que el Gasoducto Presidente N\u00e9stor Kirchner, la&nbsp;obra que transforma nuestro pa\u00eds para los pr\u00f3ximos 25 a\u00f1os, sea una realidad\u201d, destac\u00f3&nbsp;Agust\u00edn Gerez, presidente de Energ\u00eda Argentina.<br><br>El 20 de junio se habilit\u00f3 la planta EMED Tratay\u00e9n, en Neuqu\u00e9n, y los primeros 29 kil\u00f3metros, mientras que el pasado domingo se puso en funcionamiento el tramo que va del kil\u00f3metro 29 al 61, en la provincia de R\u00edo Negro.<br><br>El cronograma de habilitaci\u00f3n del gasoducto por tramos concluir\u00e1 con su inauguraci\u00f3n oficial el pr\u00f3ximo 9 de julio<\/p>\n\n\n\n<p>La construcci\u00f3n del Gasoducto Presidente N\u00e9stor Kirchner se inici\u00f3 tras la firma de contratos en agosto de 2022, cuando comenzaron los trabajos de movimiento de suelo, traslado de equipamiento y apertura de pista, que es el \u201ccamino\u201d por donde se coloca el gasoducto.<br><br>Luego de las primeras soldaduras en la traza, se avanz\u00f3 con un promedio de 5 kil\u00f3metros diarios contando los tres frentes de obra.<br><br>As\u00ed fue como se tendieron m\u00e1s de 47.700 ca\u00f1os de 12 metros de largo y de 36 pulgadas de di\u00e1metro, en los 573 kil\u00f3metros de extensi\u00f3n del GPNK entre Tratay\u00e9n y Salliquel\u00f3, atravesando las provincias de Neuqu\u00e9n, R\u00edo Negro, La Pampa y Buenos Aires.<br><br>El GPNK permitir\u00e1 incrementar la producci\u00f3n de Vaca Muerta, ampliar la capacidad de transporte de gas y hacerlo llegar a los centros de consumo permitiendo un ahorro anual de US$ 4.200 millones por a\u00f1o en sustituci\u00f3n de importaciones de combustibles.<\/p>\n","protected":false},"excerpt":{"rendered":"<p>El proceso de llenado del Gasoducto Presidente N\u00e9stor Kirchner (GPNK) contin\u00faa de acuerdo al cronograma establecido con la habilitaci\u00f3n del tramo comprendido entre los kil\u00f3metros 61 y 89 de la&hellip;<\/p>\n","protected":false},"author":4,"featured_media":223933,"comment_status":"closed","ping_status":"open","sticky":false,"template":"","format":"standard","meta":{"_acf_changed":false,"footnotes":""},"categories":[1,12],"tags":[],"class_list":["post-229609","post","type-post","status-publish","format-standard","has-post-thumbnail","hentry","category-es-noticia","category-sociedad"],"acf":[],"yoast_head":"<!-- This site is optimized with the Yoast SEO plugin v27.5 - https:\/\/yoast.com\/product\/yoast-seo-wordpress\/ -->\n<title>Avanza el llenado del Gasoducto N\u00e9stor Kirchner: se habilit\u00f3 el tercer tramo - Diario Textual<\/title>\n<meta name=\"robots\" content=\"index, follow, max-snippet:-1, max-image-preview:large, max-video-preview:-1\" \/>\n<link rel=\"canonical\" href=\"https:\/\/diariotextual.com\/inicio\/index.php\/2023\/06\/27\/avanza-el-llenado-del-gasoducto-nestor-kirchner-se-habilito-el-tercer-tramo\/\" \/>\n<meta property=\"og:locale\" content=\"es_ES\" \/>\n<meta property=\"og:type\" content=\"article\" \/>\n<meta property=\"og:title\" content=\"Avanza el llenado del Gasoducto N\u00e9stor Kirchner: se habilit\u00f3 el tercer tramo - Diario Textual\" \/>\n<meta property=\"og:description\" content=\"El proceso de llenado del Gasoducto Presidente N\u00e9stor Kirchner (GPNK) contin\u00faa de acuerdo al cronograma establecido con la habilitaci\u00f3n del tramo comprendido entre los kil\u00f3metros 61 y 89 de la&hellip;\" \/>\n<meta property=\"og:url\" content=\"https:\/\/diariotextual.com\/inicio\/index.php\/2023\/06\/27\/avanza-el-llenado-del-gasoducto-nestor-kirchner-se-habilito-el-tercer-tramo\/\" \/>\n<meta property=\"og:site_name\" content=\"Diario Textual\" \/>\n<meta property=\"article:publisher\" content=\"https:\/\/www.facebook.com\/eltextual\" \/>\n<meta property=\"article:published_time\" content=\"2023-06-27T20:44:17+00:00\" \/>\n<meta property=\"article:modified_time\" content=\"2023-06-27T22:58:02+00:00\" \/>\n<meta property=\"og:image\" content=\"https:\/\/diariotextual.com\/inicio\/wp-content\/uploads\/2023\/05\/gasoductokirchner2023-9000-scaled.jpg\" \/>\n\t<meta property=\"og:image:width\" content=\"2560\" \/>\n\t<meta property=\"og:image:height\" content=\"1440\" \/>\n\t<meta property=\"og:image:type\" content=\"image\/jpeg\" \/>\n<meta name=\"author\" content=\"diario2\" \/>\n<meta name=\"twitter:card\" content=\"summary_large_image\" \/>\n<meta name=\"twitter:creator\" content=\"@eltextual\" \/>\n<meta name=\"twitter:site\" content=\"@eltextual\" \/>\n<meta name=\"twitter:label1\" content=\"Escrito por\" \/>\n\t<meta name=\"twitter:data1\" content=\"diario2\" \/>\n\t<meta name=\"twitter:label2\" content=\"Tiempo de lectura\" \/>\n\t<meta name=\"twitter:data2\" content=\"2 minutos\" \/>\n<script type=\"application\/ld+json\" class=\"yoast-schema-graph\">{\"@context\":\"https:\\\/\\\/schema.org\",\"@graph\":[{\"@type\":\"Article\",\"@id\":\"https:\\\/\\\/diariotextual.com\\\/inicio\\\/index.php\\\/2023\\\/06\\\/27\\\/avanza-el-llenado-del-gasoducto-nestor-kirchner-se-habilito-el-tercer-tramo\\\/#article\",\"isPartOf\":{\"@id\":\"https:\\\/\\\/diariotextual.com\\\/inicio\\\/index.php\\\/2023\\\/06\\\/27\\\/avanza-el-llenado-del-gasoducto-nestor-kirchner-se-habilito-el-tercer-tramo\\\/\"},\"author\":{\"name\":\"diario2\",\"@id\":\"https:\\\/\\\/diariotextual.com\\\/inicio\\\/#\\\/schema\\\/person\\\/694f60677f23c4a530867a98f22b3768\"},\"headline\":\"Avanza el llenado del Gasoducto N\u00e9stor Kirchner: se habilit\u00f3 el tercer tramo\",\"datePublished\":\"2023-06-27T20:44:17+00:00\",\"dateModified\":\"2023-06-27T22:58:02+00:00\",\"mainEntityOfPage\":{\"@id\":\"https:\\\/\\\/diariotextual.com\\\/inicio\\\/index.php\\\/2023\\\/06\\\/27\\\/avanza-el-llenado-del-gasoducto-nestor-kirchner-se-habilito-el-tercer-tramo\\\/\"},\"wordCount\":396,\"publisher\":{\"@id\":\"https:\\\/\\\/diariotextual.com\\\/inicio\\\/#organization\"},\"image\":{\"@id\":\"https:\\\/\\\/diariotextual.com\\\/inicio\\\/index.php\\\/2023\\\/06\\\/27\\\/avanza-el-llenado-del-gasoducto-nestor-kirchner-se-habilito-el-tercer-tramo\\\/#primaryimage\"},\"thumbnailUrl\":\"https:\\\/\\\/diariotextual.com\\\/inicio\\\/wp-content\\\/uploads\\\/2023\\\/05\\\/gasoductokirchner2023-9000-scaled.jpg\",\"articleSection\":[\"A - ES NOTICIA (van abajo)\",\"SOCIEDAD\"],\"inLanguage\":\"es\"},{\"@type\":\"WebPage\",\"@id\":\"https:\\\/\\\/diariotextual.com\\\/inicio\\\/index.php\\\/2023\\\/06\\\/27\\\/avanza-el-llenado-del-gasoducto-nestor-kirchner-se-habilito-el-tercer-tramo\\\/\",\"url\":\"https:\\\/\\\/diariotextual.com\\\/inicio\\\/index.php\\\/2023\\\/06\\\/27\\\/avanza-el-llenado-del-gasoducto-nestor-kirchner-se-habilito-el-tercer-tramo\\\/\",\"name\":\"Avanza el llenado del Gasoducto N\u00e9stor Kirchner: se habilit\u00f3 el tercer tramo - Diario Textual\",\"isPartOf\":{\"@id\":\"https:\\\/\\\/diariotextual.com\\\/inicio\\\/#website\"},\"primaryImageOfPage\":{\"@id\":\"https:\\\/\\\/diariotextual.com\\\/inicio\\\/index.php\\\/2023\\\/06\\\/27\\\/avanza-el-llenado-del-gasoducto-nestor-kirchner-se-habilito-el-tercer-tramo\\\/#primaryimage\"},\"image\":{\"@id\":\"https:\\\/\\\/diariotextual.com\\\/inicio\\\/index.php\\\/2023\\\/06\\\/27\\\/avanza-el-llenado-del-gasoducto-nestor-kirchner-se-habilito-el-tercer-tramo\\\/#primaryimage\"},\"thumbnailUrl\":\"https:\\\/\\\/diariotextual.com\\\/inicio\\\/wp-content\\\/uploads\\\/2023\\\/05\\\/gasoductokirchner2023-9000-scaled.jpg\",\"datePublished\":\"2023-06-27T20:44:17+00:00\",\"dateModified\":\"2023-06-27T22:58:02+00:00\",\"breadcrumb\":{\"@id\":\"https:\\\/\\\/diariotextual.com\\\/inicio\\\/index.php\\\/2023\\\/06\\\/27\\\/avanza-el-llenado-del-gasoducto-nestor-kirchner-se-habilito-el-tercer-tramo\\\/#breadcrumb\"},\"inLanguage\":\"es\",\"potentialAction\":[{\"@type\":\"ReadAction\",\"target\":[\"https:\\\/\\\/diariotextual.com\\\/inicio\\\/index.php\\\/2023\\\/06\\\/27\\\/avanza-el-llenado-del-gasoducto-nestor-kirchner-se-habilito-el-tercer-tramo\\\/\"]}]},{\"@type\":\"ImageObject\",\"inLanguage\":\"es\",\"@id\":\"https:\\\/\\\/diariotextual.com\\\/inicio\\\/index.php\\\/2023\\\/06\\\/27\\\/avanza-el-llenado-del-gasoducto-nestor-kirchner-se-habilito-el-tercer-tramo\\\/#primaryimage\",\"url\":\"https:\\\/\\\/diariotextual.com\\\/inicio\\\/wp-content\\\/uploads\\\/2023\\\/05\\\/gasoductokirchner2023-9000-scaled.jpg\",\"contentUrl\":\"https:\\\/\\\/diariotextual.com\\\/inicio\\\/wp-content\\\/uploads\\\/2023\\\/05\\\/gasoductokirchner2023-9000-scaled.jpg\",\"width\":2560,\"height\":1440},{\"@type\":\"BreadcrumbList\",\"@id\":\"https:\\\/\\\/diariotextual.com\\\/inicio\\\/index.php\\\/2023\\\/06\\\/27\\\/avanza-el-llenado-del-gasoducto-nestor-kirchner-se-habilito-el-tercer-tramo\\\/#breadcrumb\",\"itemListElement\":[{\"@type\":\"ListItem\",\"position\":1,\"name\":\"Portada\",\"item\":\"https:\\\/\\\/diariotextual.com\\\/inicio\\\/\"},{\"@type\":\"ListItem\",\"position\":2,\"name\":\"Avanza el llenado del Gasoducto N\u00e9stor Kirchner: se habilit\u00f3 el tercer tramo\"}]},{\"@type\":\"WebSite\",\"@id\":\"https:\\\/\\\/diariotextual.com\\\/inicio\\\/#website\",\"url\":\"https:\\\/\\\/diariotextual.com\\\/inicio\\\/\",\"name\":\"Diario Textual\",\"description\":\"\",\"publisher\":{\"@id\":\"https:\\\/\\\/diariotextual.com\\\/inicio\\\/#organization\"},\"potentialAction\":[{\"@type\":\"SearchAction\",\"target\":{\"@type\":\"EntryPoint\",\"urlTemplate\":\"https:\\\/\\\/diariotextual.com\\\/inicio\\\/?s={search_term_string}\"},\"query-input\":{\"@type\":\"PropertyValueSpecification\",\"valueRequired\":true,\"valueName\":\"search_term_string\"}}],\"inLanguage\":\"es\"},{\"@type\":\"Organization\",\"@id\":\"https:\\\/\\\/diariotextual.com\\\/inicio\\\/#organization\",\"name\":\"Diario Textual\",\"url\":\"https:\\\/\\\/diariotextual.com\\\/inicio\\\/\",\"logo\":{\"@type\":\"ImageObject\",\"inLanguage\":\"es\",\"@id\":\"https:\\\/\\\/diariotextual.com\\\/inicio\\\/#\\\/schema\\\/logo\\\/image\\\/\",\"url\":\"https:\\\/\\\/diariotextual.com\\\/inicio\\\/wp-content\\\/uploads\\\/2023\\\/05\\\/logotextual1.jpg\",\"contentUrl\":\"https:\\\/\\\/diariotextual.com\\\/inicio\\\/wp-content\\\/uploads\\\/2023\\\/05\\\/logotextual1.jpg\",\"width\":516,\"height\":76,\"caption\":\"Diario Textual\"},\"image\":{\"@id\":\"https:\\\/\\\/diariotextual.com\\\/inicio\\\/#\\\/schema\\\/logo\\\/image\\\/\"},\"sameAs\":[\"https:\\\/\\\/www.facebook.com\\\/eltextual\",\"https:\\\/\\\/x.com\\\/eltextual\",\"http:\\\/\\\/www.instagram.com\\\/eltextual\"]},{\"@type\":\"Person\",\"@id\":\"https:\\\/\\\/diariotextual.com\\\/inicio\\\/#\\\/schema\\\/person\\\/694f60677f23c4a530867a98f22b3768\",\"name\":\"diario2\",\"image\":{\"@type\":\"ImageObject\",\"inLanguage\":\"es\",\"@id\":\"https:\\\/\\\/secure.gravatar.com\\\/avatar\\\/5a2567495ba16b852fcd8f1ed006a2e24fcace936018ed8237e95f488ad6e0a7?s=96&d=mm&r=g\",\"url\":\"https:\\\/\\\/secure.gravatar.com\\\/avatar\\\/5a2567495ba16b852fcd8f1ed006a2e24fcace936018ed8237e95f488ad6e0a7?s=96&d=mm&r=g\",\"contentUrl\":\"https:\\\/\\\/secure.gravatar.com\\\/avatar\\\/5a2567495ba16b852fcd8f1ed006a2e24fcace936018ed8237e95f488ad6e0a7?s=96&d=mm&r=g\",\"caption\":\"diario2\"},\"url\":\"https:\\\/\\\/diariotextual.com\\\/inicio\\\/index.php\\\/author\\\/diario2\\\/\"}]}<\/script>\n<!-- \/ Yoast SEO plugin. -->","yoast_head_json":{"title":"Avanza el llenado del Gasoducto N\u00e9stor Kirchner: se habilit\u00f3 el tercer tramo - Diario Textual","robots":{"index":"index","follow":"follow","max-snippet":"max-snippet:-1","max-image-preview":"max-image-preview:large","max-video-preview":"max-video-preview:-1"},"canonical":"https:\/\/diariotextual.com\/inicio\/index.php\/2023\/06\/27\/avanza-el-llenado-del-gasoducto-nestor-kirchner-se-habilito-el-tercer-tramo\/","og_locale":"es_ES","og_type":"article","og_title":"Avanza el llenado del Gasoducto N\u00e9stor Kirchner: se habilit\u00f3 el tercer tramo - Diario Textual","og_description":"El proceso de llenado del Gasoducto Presidente N\u00e9stor Kirchner (GPNK) contin\u00faa de acuerdo al cronograma establecido con la habilitaci\u00f3n del tramo comprendido entre los kil\u00f3metros 61 y 89 de la&hellip;","og_url":"https:\/\/diariotextual.com\/inicio\/index.php\/2023\/06\/27\/avanza-el-llenado-del-gasoducto-nestor-kirchner-se-habilito-el-tercer-tramo\/","og_site_name":"Diario Textual","article_publisher":"https:\/\/www.facebook.com\/eltextual","article_published_time":"2023-06-27T20:44:17+00:00","article_modified_time":"2023-06-27T22:58:02+00:00","og_image":[{"width":2560,"height":1440,"url":"https:\/\/diariotextual.com\/inicio\/wp-content\/uploads\/2023\/05\/gasoductokirchner2023-9000-scaled.jpg","type":"image\/jpeg"}],"author":"diario2","twitter_card":"summary_large_image","twitter_creator":"@eltextual","twitter_site":"@eltextual","twitter_misc":{"Escrito por":"diario2","Tiempo de lectura":"2 minutos"},"schema":{"@context":"https:\/\/schema.org","@graph":[{"@type":"Article","@id":"https:\/\/diariotextual.com\/inicio\/index.php\/2023\/06\/27\/avanza-el-llenado-del-gasoducto-nestor-kirchner-se-habilito-el-tercer-tramo\/#article","isPartOf":{"@id":"https:\/\/diariotextual.com\/inicio\/index.php\/2023\/06\/27\/avanza-el-llenado-del-gasoducto-nestor-kirchner-se-habilito-el-tercer-tramo\/"},"author":{"name":"diario2","@id":"https:\/\/diariotextual.com\/inicio\/#\/schema\/person\/694f60677f23c4a530867a98f22b3768"},"headline":"Avanza el llenado del Gasoducto N\u00e9stor Kirchner: se habilit\u00f3 el tercer tramo","datePublished":"2023-06-27T20:44:17+00:00","dateModified":"2023-06-27T22:58:02+00:00","mainEntityOfPage":{"@id":"https:\/\/diariotextual.com\/inicio\/index.php\/2023\/06\/27\/avanza-el-llenado-del-gasoducto-nestor-kirchner-se-habilito-el-tercer-tramo\/"},"wordCount":396,"publisher":{"@id":"https:\/\/diariotextual.com\/inicio\/#organization"},"image":{"@id":"https:\/\/diariotextual.com\/inicio\/index.php\/2023\/06\/27\/avanza-el-llenado-del-gasoducto-nestor-kirchner-se-habilito-el-tercer-tramo\/#primaryimage"},"thumbnailUrl":"https:\/\/diariotextual.com\/inicio\/wp-content\/uploads\/2023\/05\/gasoductokirchner2023-9000-scaled.jpg","articleSection":["A - ES NOTICIA (van abajo)","SOCIEDAD"],"inLanguage":"es"},{"@type":"WebPage","@id":"https:\/\/diariotextual.com\/inicio\/index.php\/2023\/06\/27\/avanza-el-llenado-del-gasoducto-nestor-kirchner-se-habilito-el-tercer-tramo\/","url":"https:\/\/diariotextual.com\/inicio\/index.php\/2023\/06\/27\/avanza-el-llenado-del-gasoducto-nestor-kirchner-se-habilito-el-tercer-tramo\/","name":"Avanza el llenado del Gasoducto N\u00e9stor Kirchner: se habilit\u00f3 el tercer tramo - Diario Textual","isPartOf":{"@id":"https:\/\/diariotextual.com\/inicio\/#website"},"primaryImageOfPage":{"@id":"https:\/\/diariotextual.com\/inicio\/index.php\/2023\/06\/27\/avanza-el-llenado-del-gasoducto-nestor-kirchner-se-habilito-el-tercer-tramo\/#primaryimage"},"image":{"@id":"https:\/\/diariotextual.com\/inicio\/index.php\/2023\/06\/27\/avanza-el-llenado-del-gasoducto-nestor-kirchner-se-habilito-el-tercer-tramo\/#primaryimage"},"thumbnailUrl":"https:\/\/diariotextual.com\/inicio\/wp-content\/uploads\/2023\/05\/gasoductokirchner2023-9000-scaled.jpg","datePublished":"2023-06-27T20:44:17+00:00","dateModified":"2023-06-27T22:58:02+00:00","breadcrumb":{"@id":"https:\/\/diariotextual.com\/inicio\/index.php\/2023\/06\/27\/avanza-el-llenado-del-gasoducto-nestor-kirchner-se-habilito-el-tercer-tramo\/#breadcrumb"},"inLanguage":"es","potentialAction":[{"@type":"ReadAction","target":["https:\/\/diariotextual.com\/inicio\/index.php\/2023\/06\/27\/avanza-el-llenado-del-gasoducto-nestor-kirchner-se-habilito-el-tercer-tramo\/"]}]},{"@type":"ImageObject","inLanguage":"es","@id":"https:\/\/diariotextual.com\/inicio\/index.php\/2023\/06\/27\/avanza-el-llenado-del-gasoducto-nestor-kirchner-se-habilito-el-tercer-tramo\/#primaryimage","url":"https:\/\/diariotextual.com\/inicio\/wp-content\/uploads\/2023\/05\/gasoductokirchner2023-9000-scaled.jpg","contentUrl":"https:\/\/diariotextual.com\/inicio\/wp-content\/uploads\/2023\/05\/gasoductokirchner2023-9000-scaled.jpg","width":2560,"height":1440},{"@type":"BreadcrumbList","@id":"https:\/\/diariotextual.com\/inicio\/index.php\/2023\/06\/27\/avanza-el-llenado-del-gasoducto-nestor-kirchner-se-habilito-el-tercer-tramo\/#breadcrumb","itemListElement":[{"@type":"ListItem","position":1,"name":"Portada","item":"https:\/\/diariotextual.com\/inicio\/"},{"@type":"ListItem","position":2,"name":"Avanza el llenado del Gasoducto N\u00e9stor Kirchner: se habilit\u00f3 el tercer tramo"}]},{"@type":"WebSite","@id":"https:\/\/diariotextual.com\/inicio\/#website","url":"https:\/\/diariotextual.com\/inicio\/","name":"Diario Textual","description":"","publisher":{"@id":"https:\/\/diariotextual.com\/inicio\/#organization"},"potentialAction":[{"@type":"SearchAction","target":{"@type":"EntryPoint","urlTemplate":"https:\/\/diariotextual.com\/inicio\/?s={search_term_string}"},"query-input":{"@type":"PropertyValueSpecification","valueRequired":true,"valueName":"search_term_string"}}],"inLanguage":"es"},{"@type":"Organization","@id":"https:\/\/diariotextual.com\/inicio\/#organization","name":"Diario Textual","url":"https:\/\/diariotextual.com\/inicio\/","logo":{"@type":"ImageObject","inLanguage":"es","@id":"https:\/\/diariotextual.com\/inicio\/#\/schema\/logo\/image\/","url":"https:\/\/diariotextual.com\/inicio\/wp-content\/uploads\/2023\/05\/logotextual1.jpg","contentUrl":"https:\/\/diariotextual.com\/inicio\/wp-content\/uploads\/2023\/05\/logotextual1.jpg","width":516,"height":76,"caption":"Diario Textual"},"image":{"@id":"https:\/\/diariotextual.com\/inicio\/#\/schema\/logo\/image\/"},"sameAs":["https:\/\/www.facebook.com\/eltextual","https:\/\/x.com\/eltextual","http:\/\/www.instagram.com\/eltextual"]},{"@type":"Person","@id":"https:\/\/diariotextual.com\/inicio\/#\/schema\/person\/694f60677f23c4a530867a98f22b3768","name":"diario2","image":{"@type":"ImageObject","inLanguage":"es","@id":"https:\/\/secure.gravatar.com\/avatar\/5a2567495ba16b852fcd8f1ed006a2e24fcace936018ed8237e95f488ad6e0a7?s=96&d=mm&r=g","url":"https:\/\/secure.gravatar.com\/avatar\/5a2567495ba16b852fcd8f1ed006a2e24fcace936018ed8237e95f488ad6e0a7?s=96&d=mm&r=g","contentUrl":"https:\/\/secure.gravatar.com\/avatar\/5a2567495ba16b852fcd8f1ed006a2e24fcace936018ed8237e95f488ad6e0a7?s=96&d=mm&r=g","caption":"diario2"},"url":"https:\/\/diariotextual.com\/inicio\/index.php\/author\/diario2\/"}]}},"_links":{"self":[{"href":"https:\/\/diariotextual.com\/inicio\/index.php\/wp-json\/wp\/v2\/posts\/229609","targetHints":{"allow":["GET"]}}],"collection":[{"href":"https:\/\/diariotextual.com\/inicio\/index.php\/wp-json\/wp\/v2\/posts"}],"about":[{"href":"https:\/\/diariotextual.com\/inicio\/index.php\/wp-json\/wp\/v2\/types\/post"}],"author":[{"embeddable":true,"href":"https:\/\/diariotextual.com\/inicio\/index.php\/wp-json\/wp\/v2\/users\/4"}],"replies":[{"embeddable":true,"href":"https:\/\/diariotextual.com\/inicio\/index.php\/wp-json\/wp\/v2\/comments?post=229609"}],"version-history":[{"count":3,"href":"https:\/\/diariotextual.com\/inicio\/index.php\/wp-json\/wp\/v2\/posts\/229609\/revisions"}],"predecessor-version":[{"id":229613,"href":"https:\/\/diariotextual.com\/inicio\/index.php\/wp-json\/wp\/v2\/posts\/229609\/revisions\/229613"}],"wp:featuredmedia":[{"embeddable":true,"href":"https:\/\/diariotextual.com\/inicio\/index.php\/wp-json\/wp\/v2\/media\/223933"}],"wp:attachment":[{"href":"https:\/\/diariotextual.com\/inicio\/index.php\/wp-json\/wp\/v2\/media?parent=229609"}],"wp:term":[{"taxonomy":"category","embeddable":true,"href":"https:\/\/diariotextual.com\/inicio\/index.php\/wp-json\/wp\/v2\/categories?post=229609"},{"taxonomy":"post_tag","embeddable":true,"href":"https:\/\/diariotextual.com\/inicio\/index.php\/wp-json\/wp\/v2\/tags?post=229609"}],"curies":[{"name":"wp","href":"https:\/\/api.w.org\/{rel}","templated":true}]}}