{"id":229629,"date":"2023-06-27T22:35:17","date_gmt":"2023-06-28T01:35:17","guid":{"rendered":"https:\/\/diariotextual.com\/inicio\/?p=229629"},"modified":"2023-06-28T09:51:22","modified_gmt":"2023-06-28T12:51:22","slug":"la-crecida-del-rio-colorado-ya-llego-a-25-de-mayo","status":"publish","type":"post","link":"https:\/\/diariotextual.com\/inicio\/index.php\/2023\/06\/27\/la-crecida-del-rio-colorado-ya-llego-a-25-de-mayo\/","title":{"rendered":"La crecida del r\u00edo Colorado ya lleg\u00f3 a 25 de Mayo"},"content":{"rendered":"\n<p>La crecida del r\u00edo Colorado, producto de intensas lluvias en la cuenca alta, est\u00e1 transitando por las principales localidades de La Pampa y R\u00edo Negro de la zona no regulada, sin que se hayan registrado inconvenientes importantes. En la zona petrolera, en tanto, se anegaron algunos pozos que hab\u00edan sido parados preventivamente.<\/p>\n\n\n\n<p>Las lluvias han cesado, pero el avance de la crecida est\u00e1 por llegar en las pr\u00f3ximas horas al lago Casa de Piedra. \u201cConforme al cese de las lluvias en la cuenca alta, a las 15 horas de hoy la estaci\u00f3n Buta Ranquil registr\u00f3 un caudal de 316 m\u00b3\/s, presentando una disminuci\u00f3n significativa respecto de los 588 de ayer a la misma hora, y de los 773 del pico observado el domingo 25\u201d, comunic\u00f3 el Comit\u00e9 Interjurisdiccional del R\u00edo Colorado (Coirco).<\/p>\n\n\n\n<p>&nbsp;La onda de crecida est\u00e1 transitando las localidades de 25 de Mayo, en La Pampa, y Catriel, en R\u00edo Negro, sin que se hayan informado inconvenientes de magnitud.<\/p>\n\n\n\n<p>&nbsp;En las pr\u00f3ximas horas se espera que el agua comience a elevar la cota del embalse Casa de Piedra, lo que significar\u00e1 una mayor disponibilidad del recurso para los pr\u00f3ximos meses.<\/p>\n\n\n\n<p>&nbsp;El pron\u00f3stico prev\u00e9 un tiempo bueno en la cuenca alta en los que resta de la semana, con ascenso de la temperatura. A partir del lunes 3 de julio se espera un sistema frontal fr\u00edo con algunas lluvias y acumulaci\u00f3n de nieve.<\/p>\n\n\n\n<p>A su vez, en la zona hidrocarbur\u00edfera de Neuqu\u00e9n y Mendoza se han registrado 11 locaciones anegadas hasta el momento, con el agua ya en descenso al d\u00eda de hoy. Dichos pozos se encuentran entre los 23 cuya operaci\u00f3n se hab\u00eda parado preventivamente con anterioridad para evitar riesgos de derrames.<\/p>\n\n\n\n<p>&nbsp;\u201cHasta el cierre de esta nota no se hab\u00eda recibido de parte de las empresas operadoras ning\u00fan reporte de incidentes en las zonas inundadas, como tampoco se han detectado a trav\u00e9s de las inspecciones de COIRCO-CTF. Se mantiene la solicitud a las petroleras de realizar recorridos de inspecci\u00f3n con mayor frecuencia y de tener preparados los equipos de emergencia. En las \u00e1reas petrol\u00edferas de La Pampa y R\u00edo Negro afectadas por la crecida tampoco se registraron hasta hoy incidentes, seg\u00fan las inspecciones realizadas conjuntamente con organismos de las mencionadas provincias\u201d, comunic\u00f3 el Coirco.<\/p>\n","protected":false},"excerpt":{"rendered":"<p>La crecida del r\u00edo Colorado, producto de intensas lluvias en la cuenca alta, est\u00e1 transitando por las principales localidades de La Pampa y R\u00edo Negro de la zona no regulada,&hellip;<\/p>\n","protected":false},"author":3,"featured_media":229631,"comment_status":"closed","ping_status":"open","sticky":false,"template":"","format":"standard","meta":{"_acf_changed":false,"footnotes":""},"categories":[12],"tags":[],"class_list":["post-229629","post","type-post","status-publish","format-standard","has-post-thumbnail","hentry","category-sociedad"],"acf":[],"yoast_head":"<!-- This site is optimized with the Yoast SEO plugin v27.5 - https:\/\/yoast.com\/product\/yoast-seo-wordpress\/ -->\n<title>La crecida del r\u00edo Colorado ya lleg\u00f3 a 25 de Mayo - Diario Textual<\/title>\n<meta name=\"robots\" content=\"index, follow, max-snippet:-1, max-image-preview:large, max-video-preview:-1\" \/>\n<link rel=\"canonical\" href=\"https:\/\/diariotextual.com\/inicio\/index.php\/2023\/06\/27\/la-crecida-del-rio-colorado-ya-llego-a-25-de-mayo\/\" \/>\n<meta property=\"og:locale\" content=\"es_ES\" \/>\n<meta property=\"og:type\" content=\"article\" \/>\n<meta property=\"og:title\" content=\"La crecida del r\u00edo Colorado ya lleg\u00f3 a 25 de Mayo - Diario Textual\" \/>\n<meta property=\"og:description\" content=\"La crecida del r\u00edo Colorado, producto de intensas lluvias en la cuenca alta, est\u00e1 transitando por las principales localidades de La Pampa y R\u00edo Negro de la zona no regulada,&hellip;\" \/>\n<meta property=\"og:url\" content=\"https:\/\/diariotextual.com\/inicio\/index.php\/2023\/06\/27\/la-crecida-del-rio-colorado-ya-llego-a-25-de-mayo\/\" \/>\n<meta property=\"og:site_name\" content=\"Diario Textual\" \/>\n<meta property=\"article:publisher\" content=\"https:\/\/www.facebook.com\/eltextual\" \/>\n<meta property=\"article:published_time\" content=\"2023-06-28T01:35:17+00:00\" \/>\n<meta property=\"article:modified_time\" content=\"2023-06-28T12:51:22+00:00\" \/>\n<meta property=\"og:image\" content=\"https:\/\/diariotextual.com\/inicio\/wp-content\/uploads\/2023\/06\/riocoloradocrecida25mayo2023-12.jpg\" \/>\n\t<meta property=\"og:image:width\" content=\"1600\" \/>\n\t<meta property=\"og:image:height\" content=\"1048\" \/>\n\t<meta property=\"og:image:type\" content=\"image\/jpeg\" \/>\n<meta name=\"author\" content=\"Diario1 Diario1\" \/>\n<meta name=\"twitter:card\" content=\"summary_large_image\" \/>\n<meta name=\"twitter:creator\" content=\"@eltextual\" \/>\n<meta name=\"twitter:site\" content=\"@eltextual\" \/>\n<meta name=\"twitter:label1\" content=\"Escrito por\" \/>\n\t<meta name=\"twitter:data1\" content=\"Diario1 Diario1\" \/>\n\t<meta name=\"twitter:label2\" content=\"Tiempo de lectura\" \/>\n\t<meta name=\"twitter:data2\" content=\"2 minutos\" \/>\n<script type=\"application\/ld+json\" class=\"yoast-schema-graph\">{\"@context\":\"https:\\\/\\\/schema.org\",\"@graph\":[{\"@type\":\"Article\",\"@id\":\"https:\\\/\\\/diariotextual.com\\\/inicio\\\/index.php\\\/2023\\\/06\\\/27\\\/la-crecida-del-rio-colorado-ya-llego-a-25-de-mayo\\\/#article\",\"isPartOf\":{\"@id\":\"https:\\\/\\\/diariotextual.com\\\/inicio\\\/index.php\\\/2023\\\/06\\\/27\\\/la-crecida-del-rio-colorado-ya-llego-a-25-de-mayo\\\/\"},\"author\":{\"name\":\"Diario1 Diario1\",\"@id\":\"https:\\\/\\\/diariotextual.com\\\/inicio\\\/#\\\/schema\\\/person\\\/418fc4093c33e86ed41562db3508f958\"},\"headline\":\"La crecida del r\u00edo Colorado ya lleg\u00f3 a 25 de Mayo\",\"datePublished\":\"2023-06-28T01:35:17+00:00\",\"dateModified\":\"2023-06-28T12:51:22+00:00\",\"mainEntityOfPage\":{\"@id\":\"https:\\\/\\\/diariotextual.com\\\/inicio\\\/index.php\\\/2023\\\/06\\\/27\\\/la-crecida-del-rio-colorado-ya-llego-a-25-de-mayo\\\/\"},\"wordCount\":408,\"publisher\":{\"@id\":\"https:\\\/\\\/diariotextual.com\\\/inicio\\\/#organization\"},\"image\":{\"@id\":\"https:\\\/\\\/diariotextual.com\\\/inicio\\\/index.php\\\/2023\\\/06\\\/27\\\/la-crecida-del-rio-colorado-ya-llego-a-25-de-mayo\\\/#primaryimage\"},\"thumbnailUrl\":\"https:\\\/\\\/diariotextual.com\\\/inicio\\\/wp-content\\\/uploads\\\/2023\\\/06\\\/riocoloradocrecida25mayo2023-12.jpg\",\"articleSection\":[\"SOCIEDAD\"],\"inLanguage\":\"es\"},{\"@type\":\"WebPage\",\"@id\":\"https:\\\/\\\/diariotextual.com\\\/inicio\\\/index.php\\\/2023\\\/06\\\/27\\\/la-crecida-del-rio-colorado-ya-llego-a-25-de-mayo\\\/\",\"url\":\"https:\\\/\\\/diariotextual.com\\\/inicio\\\/index.php\\\/2023\\\/06\\\/27\\\/la-crecida-del-rio-colorado-ya-llego-a-25-de-mayo\\\/\",\"name\":\"La crecida del r\u00edo Colorado ya lleg\u00f3 a 25 de Mayo - Diario Textual\",\"isPartOf\":{\"@id\":\"https:\\\/\\\/diariotextual.com\\\/inicio\\\/#website\"},\"primaryImageOfPage\":{\"@id\":\"https:\\\/\\\/diariotextual.com\\\/inicio\\\/index.php\\\/2023\\\/06\\\/27\\\/la-crecida-del-rio-colorado-ya-llego-a-25-de-mayo\\\/#primaryimage\"},\"image\":{\"@id\":\"https:\\\/\\\/diariotextual.com\\\/inicio\\\/index.php\\\/2023\\\/06\\\/27\\\/la-crecida-del-rio-colorado-ya-llego-a-25-de-mayo\\\/#primaryimage\"},\"thumbnailUrl\":\"https:\\\/\\\/diariotextual.com\\\/inicio\\\/wp-content\\\/uploads\\\/2023\\\/06\\\/riocoloradocrecida25mayo2023-12.jpg\",\"datePublished\":\"2023-06-28T01:35:17+00:00\",\"dateModified\":\"2023-06-28T12:51:22+00:00\",\"breadcrumb\":{\"@id\":\"https:\\\/\\\/diariotextual.com\\\/inicio\\\/index.php\\\/2023\\\/06\\\/27\\\/la-crecida-del-rio-colorado-ya-llego-a-25-de-mayo\\\/#breadcrumb\"},\"inLanguage\":\"es\",\"potentialAction\":[{\"@type\":\"ReadAction\",\"target\":[\"https:\\\/\\\/diariotextual.com\\\/inicio\\\/index.php\\\/2023\\\/06\\\/27\\\/la-crecida-del-rio-colorado-ya-llego-a-25-de-mayo\\\/\"]}]},{\"@type\":\"ImageObject\",\"inLanguage\":\"es\",\"@id\":\"https:\\\/\\\/diariotextual.com\\\/inicio\\\/index.php\\\/2023\\\/06\\\/27\\\/la-crecida-del-rio-colorado-ya-llego-a-25-de-mayo\\\/#primaryimage\",\"url\":\"https:\\\/\\\/diariotextual.com\\\/inicio\\\/wp-content\\\/uploads\\\/2023\\\/06\\\/riocoloradocrecida25mayo2023-12.jpg\",\"contentUrl\":\"https:\\\/\\\/diariotextual.com\\\/inicio\\\/wp-content\\\/uploads\\\/2023\\\/06\\\/riocoloradocrecida25mayo2023-12.jpg\",\"width\":1600,\"height\":1048},{\"@type\":\"BreadcrumbList\",\"@id\":\"https:\\\/\\\/diariotextual.com\\\/inicio\\\/index.php\\\/2023\\\/06\\\/27\\\/la-crecida-del-rio-colorado-ya-llego-a-25-de-mayo\\\/#breadcrumb\",\"itemListElement\":[{\"@type\":\"ListItem\",\"position\":1,\"name\":\"Portada\",\"item\":\"https:\\\/\\\/diariotextual.com\\\/inicio\\\/\"},{\"@type\":\"ListItem\",\"position\":2,\"name\":\"La crecida del r\u00edo Colorado ya lleg\u00f3 a 25 de Mayo\"}]},{\"@type\":\"WebSite\",\"@id\":\"https:\\\/\\\/diariotextual.com\\\/inicio\\\/#website\",\"url\":\"https:\\\/\\\/diariotextual.com\\\/inicio\\\/\",\"name\":\"Diario Textual\",\"description\":\"\",\"publisher\":{\"@id\":\"https:\\\/\\\/diariotextual.com\\\/inicio\\\/#organization\"},\"potentialAction\":[{\"@type\":\"SearchAction\",\"target\":{\"@type\":\"EntryPoint\",\"urlTemplate\":\"https:\\\/\\\/diariotextual.com\\\/inicio\\\/?s={search_term_string}\"},\"query-input\":{\"@type\":\"PropertyValueSpecification\",\"valueRequired\":true,\"valueName\":\"search_term_string\"}}],\"inLanguage\":\"es\"},{\"@type\":\"Organization\",\"@id\":\"https:\\\/\\\/diariotextual.com\\\/inicio\\\/#organization\",\"name\":\"Diario Textual\",\"url\":\"https:\\\/\\\/diariotextual.com\\\/inicio\\\/\",\"logo\":{\"@type\":\"ImageObject\",\"inLanguage\":\"es\",\"@id\":\"https:\\\/\\\/diariotextual.com\\\/inicio\\\/#\\\/schema\\\/logo\\\/image\\\/\",\"url\":\"https:\\\/\\\/diariotextual.com\\\/inicio\\\/wp-content\\\/uploads\\\/2023\\\/05\\\/logotextual1.jpg\",\"contentUrl\":\"https:\\\/\\\/diariotextual.com\\\/inicio\\\/wp-content\\\/uploads\\\/2023\\\/05\\\/logotextual1.jpg\",\"width\":516,\"height\":76,\"caption\":\"Diario Textual\"},\"image\":{\"@id\":\"https:\\\/\\\/diariotextual.com\\\/inicio\\\/#\\\/schema\\\/logo\\\/image\\\/\"},\"sameAs\":[\"https:\\\/\\\/www.facebook.com\\\/eltextual\",\"https:\\\/\\\/x.com\\\/eltextual\",\"http:\\\/\\\/www.instagram.com\\\/eltextual\"]},{\"@type\":\"Person\",\"@id\":\"https:\\\/\\\/diariotextual.com\\\/inicio\\\/#\\\/schema\\\/person\\\/418fc4093c33e86ed41562db3508f958\",\"name\":\"Diario1 Diario1\",\"image\":{\"@type\":\"ImageObject\",\"inLanguage\":\"es\",\"@id\":\"https:\\\/\\\/secure.gravatar.com\\\/avatar\\\/9167d280179c85bc18be67aa7eda765854300033af4896dd779b608640f2ef7a?s=96&d=mm&r=g\",\"url\":\"https:\\\/\\\/secure.gravatar.com\\\/avatar\\\/9167d280179c85bc18be67aa7eda765854300033af4896dd779b608640f2ef7a?s=96&d=mm&r=g\",\"contentUrl\":\"https:\\\/\\\/secure.gravatar.com\\\/avatar\\\/9167d280179c85bc18be67aa7eda765854300033af4896dd779b608640f2ef7a?s=96&d=mm&r=g\",\"caption\":\"Diario1 Diario1\"},\"url\":\"https:\\\/\\\/diariotextual.com\\\/inicio\\\/index.php\\\/author\\\/diario1\\\/\"}]}<\/script>\n<!-- \/ Yoast SEO plugin. -->","yoast_head_json":{"title":"La crecida del r\u00edo Colorado ya lleg\u00f3 a 25 de Mayo - Diario Textual","robots":{"index":"index","follow":"follow","max-snippet":"max-snippet:-1","max-image-preview":"max-image-preview:large","max-video-preview":"max-video-preview:-1"},"canonical":"https:\/\/diariotextual.com\/inicio\/index.php\/2023\/06\/27\/la-crecida-del-rio-colorado-ya-llego-a-25-de-mayo\/","og_locale":"es_ES","og_type":"article","og_title":"La crecida del r\u00edo Colorado ya lleg\u00f3 a 25 de Mayo - Diario Textual","og_description":"La crecida del r\u00edo Colorado, producto de intensas lluvias en la cuenca alta, est\u00e1 transitando por las principales localidades de La Pampa y R\u00edo Negro de la zona no regulada,&hellip;","og_url":"https:\/\/diariotextual.com\/inicio\/index.php\/2023\/06\/27\/la-crecida-del-rio-colorado-ya-llego-a-25-de-mayo\/","og_site_name":"Diario Textual","article_publisher":"https:\/\/www.facebook.com\/eltextual","article_published_time":"2023-06-28T01:35:17+00:00","article_modified_time":"2023-06-28T12:51:22+00:00","og_image":[{"width":1600,"height":1048,"url":"https:\/\/diariotextual.com\/inicio\/wp-content\/uploads\/2023\/06\/riocoloradocrecida25mayo2023-12.jpg","type":"image\/jpeg"}],"author":"Diario1 Diario1","twitter_card":"summary_large_image","twitter_creator":"@eltextual","twitter_site":"@eltextual","twitter_misc":{"Escrito por":"Diario1 Diario1","Tiempo de lectura":"2 minutos"},"schema":{"@context":"https:\/\/schema.org","@graph":[{"@type":"Article","@id":"https:\/\/diariotextual.com\/inicio\/index.php\/2023\/06\/27\/la-crecida-del-rio-colorado-ya-llego-a-25-de-mayo\/#article","isPartOf":{"@id":"https:\/\/diariotextual.com\/inicio\/index.php\/2023\/06\/27\/la-crecida-del-rio-colorado-ya-llego-a-25-de-mayo\/"},"author":{"name":"Diario1 Diario1","@id":"https:\/\/diariotextual.com\/inicio\/#\/schema\/person\/418fc4093c33e86ed41562db3508f958"},"headline":"La crecida del r\u00edo Colorado ya lleg\u00f3 a 25 de Mayo","datePublished":"2023-06-28T01:35:17+00:00","dateModified":"2023-06-28T12:51:22+00:00","mainEntityOfPage":{"@id":"https:\/\/diariotextual.com\/inicio\/index.php\/2023\/06\/27\/la-crecida-del-rio-colorado-ya-llego-a-25-de-mayo\/"},"wordCount":408,"publisher":{"@id":"https:\/\/diariotextual.com\/inicio\/#organization"},"image":{"@id":"https:\/\/diariotextual.com\/inicio\/index.php\/2023\/06\/27\/la-crecida-del-rio-colorado-ya-llego-a-25-de-mayo\/#primaryimage"},"thumbnailUrl":"https:\/\/diariotextual.com\/inicio\/wp-content\/uploads\/2023\/06\/riocoloradocrecida25mayo2023-12.jpg","articleSection":["SOCIEDAD"],"inLanguage":"es"},{"@type":"WebPage","@id":"https:\/\/diariotextual.com\/inicio\/index.php\/2023\/06\/27\/la-crecida-del-rio-colorado-ya-llego-a-25-de-mayo\/","url":"https:\/\/diariotextual.com\/inicio\/index.php\/2023\/06\/27\/la-crecida-del-rio-colorado-ya-llego-a-25-de-mayo\/","name":"La crecida del r\u00edo Colorado ya lleg\u00f3 a 25 de Mayo - Diario Textual","isPartOf":{"@id":"https:\/\/diariotextual.com\/inicio\/#website"},"primaryImageOfPage":{"@id":"https:\/\/diariotextual.com\/inicio\/index.php\/2023\/06\/27\/la-crecida-del-rio-colorado-ya-llego-a-25-de-mayo\/#primaryimage"},"image":{"@id":"https:\/\/diariotextual.com\/inicio\/index.php\/2023\/06\/27\/la-crecida-del-rio-colorado-ya-llego-a-25-de-mayo\/#primaryimage"},"thumbnailUrl":"https:\/\/diariotextual.com\/inicio\/wp-content\/uploads\/2023\/06\/riocoloradocrecida25mayo2023-12.jpg","datePublished":"2023-06-28T01:35:17+00:00","dateModified":"2023-06-28T12:51:22+00:00","breadcrumb":{"@id":"https:\/\/diariotextual.com\/inicio\/index.php\/2023\/06\/27\/la-crecida-del-rio-colorado-ya-llego-a-25-de-mayo\/#breadcrumb"},"inLanguage":"es","potentialAction":[{"@type":"ReadAction","target":["https:\/\/diariotextual.com\/inicio\/index.php\/2023\/06\/27\/la-crecida-del-rio-colorado-ya-llego-a-25-de-mayo\/"]}]},{"@type":"ImageObject","inLanguage":"es","@id":"https:\/\/diariotextual.com\/inicio\/index.php\/2023\/06\/27\/la-crecida-del-rio-colorado-ya-llego-a-25-de-mayo\/#primaryimage","url":"https:\/\/diariotextual.com\/inicio\/wp-content\/uploads\/2023\/06\/riocoloradocrecida25mayo2023-12.jpg","contentUrl":"https:\/\/diariotextual.com\/inicio\/wp-content\/uploads\/2023\/06\/riocoloradocrecida25mayo2023-12.jpg","width":1600,"height":1048},{"@type":"BreadcrumbList","@id":"https:\/\/diariotextual.com\/inicio\/index.php\/2023\/06\/27\/la-crecida-del-rio-colorado-ya-llego-a-25-de-mayo\/#breadcrumb","itemListElement":[{"@type":"ListItem","position":1,"name":"Portada","item":"https:\/\/diariotextual.com\/inicio\/"},{"@type":"ListItem","position":2,"name":"La crecida del r\u00edo Colorado ya lleg\u00f3 a 25 de Mayo"}]},{"@type":"WebSite","@id":"https:\/\/diariotextual.com\/inicio\/#website","url":"https:\/\/diariotextual.com\/inicio\/","name":"Diario Textual","description":"","publisher":{"@id":"https:\/\/diariotextual.com\/inicio\/#organization"},"potentialAction":[{"@type":"SearchAction","target":{"@type":"EntryPoint","urlTemplate":"https:\/\/diariotextual.com\/inicio\/?s={search_term_string}"},"query-input":{"@type":"PropertyValueSpecification","valueRequired":true,"valueName":"search_term_string"}}],"inLanguage":"es"},{"@type":"Organization","@id":"https:\/\/diariotextual.com\/inicio\/#organization","name":"Diario Textual","url":"https:\/\/diariotextual.com\/inicio\/","logo":{"@type":"ImageObject","inLanguage":"es","@id":"https:\/\/diariotextual.com\/inicio\/#\/schema\/logo\/image\/","url":"https:\/\/diariotextual.com\/inicio\/wp-content\/uploads\/2023\/05\/logotextual1.jpg","contentUrl":"https:\/\/diariotextual.com\/inicio\/wp-content\/uploads\/2023\/05\/logotextual1.jpg","width":516,"height":76,"caption":"Diario Textual"},"image":{"@id":"https:\/\/diariotextual.com\/inicio\/#\/schema\/logo\/image\/"},"sameAs":["https:\/\/www.facebook.com\/eltextual","https:\/\/x.com\/eltextual","http:\/\/www.instagram.com\/eltextual"]},{"@type":"Person","@id":"https:\/\/diariotextual.com\/inicio\/#\/schema\/person\/418fc4093c33e86ed41562db3508f958","name":"Diario1 Diario1","image":{"@type":"ImageObject","inLanguage":"es","@id":"https:\/\/secure.gravatar.com\/avatar\/9167d280179c85bc18be67aa7eda765854300033af4896dd779b608640f2ef7a?s=96&d=mm&r=g","url":"https:\/\/secure.gravatar.com\/avatar\/9167d280179c85bc18be67aa7eda765854300033af4896dd779b608640f2ef7a?s=96&d=mm&r=g","contentUrl":"https:\/\/secure.gravatar.com\/avatar\/9167d280179c85bc18be67aa7eda765854300033af4896dd779b608640f2ef7a?s=96&d=mm&r=g","caption":"Diario1 Diario1"},"url":"https:\/\/diariotextual.com\/inicio\/index.php\/author\/diario1\/"}]}},"_links":{"self":[{"href":"https:\/\/diariotextual.com\/inicio\/index.php\/wp-json\/wp\/v2\/posts\/229629","targetHints":{"allow":["GET"]}}],"collection":[{"href":"https:\/\/diariotextual.com\/inicio\/index.php\/wp-json\/wp\/v2\/posts"}],"about":[{"href":"https:\/\/diariotextual.com\/inicio\/index.php\/wp-json\/wp\/v2\/types\/post"}],"author":[{"embeddable":true,"href":"https:\/\/diariotextual.com\/inicio\/index.php\/wp-json\/wp\/v2\/users\/3"}],"replies":[{"embeddable":true,"href":"https:\/\/diariotextual.com\/inicio\/index.php\/wp-json\/wp\/v2\/comments?post=229629"}],"version-history":[{"count":1,"href":"https:\/\/diariotextual.com\/inicio\/index.php\/wp-json\/wp\/v2\/posts\/229629\/revisions"}],"predecessor-version":[{"id":229630,"href":"https:\/\/diariotextual.com\/inicio\/index.php\/wp-json\/wp\/v2\/posts\/229629\/revisions\/229630"}],"wp:featuredmedia":[{"embeddable":true,"href":"https:\/\/diariotextual.com\/inicio\/index.php\/wp-json\/wp\/v2\/media\/229631"}],"wp:attachment":[{"href":"https:\/\/diariotextual.com\/inicio\/index.php\/wp-json\/wp\/v2\/media?parent=229629"}],"wp:term":[{"taxonomy":"category","embeddable":true,"href":"https:\/\/diariotextual.com\/inicio\/index.php\/wp-json\/wp\/v2\/categories?post=229629"},{"taxonomy":"post_tag","embeddable":true,"href":"https:\/\/diariotextual.com\/inicio\/index.php\/wp-json\/wp\/v2\/tags?post=229629"}],"curies":[{"name":"wp","href":"https:\/\/api.w.org\/{rel}","templated":true}]}}