{"id":229643,"date":"2023-06-28T06:47:10","date_gmt":"2023-06-28T09:47:10","guid":{"rendered":"https:\/\/diariotextual.com\/inicio\/?p=229643"},"modified":"2023-06-28T17:33:46","modified_gmt":"2023-06-28T20:33:46","slug":"preocupa-la-salud-de-silvina-luna-esta-internada-en-terapia-intensiva-con-respirador","status":"publish","type":"post","link":"https:\/\/diariotextual.com\/inicio\/index.php\/2023\/06\/28\/preocupa-la-salud-de-silvina-luna-esta-internada-en-terapia-intensiva-con-respirador\/","title":{"rendered":"Preocupa la salud de Silvina Luna: est\u00e1 internada en terapia intensiva con respirador"},"content":{"rendered":"\n<p>La modelo&nbsp;<strong>Silvina Luna se encuentra internada&nbsp;en terapia intensiva sedada y con respirador <\/strong>en el Hospital Italiano de la Ciudad de Buenos Aires. En el \u00faltimo tiempo,&nbsp;curs\u00f3 distintos problemas de salud, debido a las operaciones que le realiz\u00f3 el cirujano An\u00edbal Lotocki.<\/p>\n\n\n\n<p>Seg\u00fan confirm\u00f3 el periodista \u00c1ngel de Brito en&nbsp;LAM (Am\u00e9rica), la mujer \u201cest\u00e1 acompa\u00f1ada por su hermano y por toda la gente que la quiere\u201d.&nbsp;<\/p>\n\n\n\n<p>\u201cLamentablemente, y lo chequeamos con sus m\u00e9dicos y con la gente del hospital Italiano, Silvina Luna est\u00e1 internada en terapia intensiva, est\u00e1 sedada y est\u00e1 con respirador. Est\u00e1 acompa\u00f1ada por su hermano y la gente que la quiere\u201d, expres\u00f3.<\/p>\n\n\n\n<p>\u201cNo queremos hacer mucho show con este tema, solo comentarlo porque la estuvimos llamando justo en estos d\u00edas. Ella vino hace un mes al programa a contar todo lo que le hab\u00eda pasado con su salud, el tratamiento, la di\u00e1lisis y todo lo que cont\u00f3. Y finalmente, hoy pas\u00f3 a terapia intensiva\u201d, agreg\u00f3.<\/p>\n\n\n\n<p>La cirug\u00eda est\u00e9tica que se realiz\u00f3 Luna fue en 2011. La intervenci\u00f3n consisti\u00f3 en la inyecci\u00f3n de biopol\u00edmeros en sus gl\u00fateos, lo cual&nbsp;le gener\u00f3 una hipercalcemia y una insuficiencia renal en su organismo.<\/p>\n\n\n\n<p>A ra\u00edz de esto, <strong>Luna, de manera conjunta con Stefy Xipolitakis, Gabriela Tenchi y Pamela Sosa acusaron a Lotocki por el delito de lesiones graves<\/strong>. Por esa causa, el cirujano fue condenado por el Tribunal Oral y Correccional N\u00ba 28 de la Ciudad de Buenos Aires a&nbsp;cuatro a\u00f1os de prisi\u00f3n.<\/p>\n\n\n\n<p>El cuadro de la modelo es delicado y hace un mes atr\u00e1s dio a conocer que&nbsp;<strong>necesita hacerse di\u00e1lisis <\/strong>tres veces por semana durante cuatro horas.&nbsp;Es que sus ri\u00f1ones dejaron de funcionar y de esa manera puede filtrar la sangre.<\/p>\n\n\n\n<p>En una entrevista en&nbsp;LAM&nbsp;a principios de junio, Luna cont\u00f3 que&nbsp;necesita un trasplante de ri\u00f1\u00f3n: \u201cPara entrar en la lista de espera para un trasplante, antes tengo que vencer una bacteria que est\u00e1 dando vueltas por mi cuerpo. Tengo que pensarlo como un paso a paso&#8230; Si pienso en todo lo que tengo que encarar, me agarra una ansiedad b\u00e1rbara\u201d,<\/p>\n\n\n\n<p>\u201cFamiliares m\u00edos se ofrecieron a donarme un ri\u00f1\u00f3n. Todav\u00eda falta y no me quiero adelantar. Primero tengo que estar en la lista del Incucai. Una de las personas que se ofreci\u00f3 fue mi hermano, pero a m\u00ed todav\u00eda me da cosa hablarlo. Yo s\u00e9 que \u00e9l est\u00e1 ah\u00ed, pero todo depende de muchas cosas\u201d, a\u00f1adi\u00f3.<\/p>\n","protected":false},"excerpt":{"rendered":"<p>La modelo&nbsp;Silvina Luna se encuentra internada&nbsp;en terapia intensiva sedada y con respirador en el Hospital Italiano de la Ciudad de Buenos Aires. En el \u00faltimo tiempo,&nbsp;curs\u00f3 distintos problemas de salud,&hellip;<\/p>\n","protected":false},"author":4,"featured_media":229645,"comment_status":"closed","ping_status":"open","sticky":false,"template":"","format":"standard","meta":{"_acf_changed":false,"footnotes":""},"categories":[11,12],"tags":[],"class_list":["post-229643","post","type-post","status-publish","format-standard","has-post-thumbnail","hentry","category-que-pasa","category-sociedad"],"acf":[],"yoast_head":"<!-- This site is optimized with the Yoast SEO plugin v27.5 - https:\/\/yoast.com\/product\/yoast-seo-wordpress\/ -->\n<title>Preocupa la salud de Silvina Luna: est\u00e1 internada en terapia intensiva con respirador - Diario Textual<\/title>\n<meta name=\"robots\" content=\"index, follow, max-snippet:-1, max-image-preview:large, max-video-preview:-1\" \/>\n<link rel=\"canonical\" href=\"https:\/\/diariotextual.com\/inicio\/index.php\/2023\/06\/28\/preocupa-la-salud-de-silvina-luna-esta-internada-en-terapia-intensiva-con-respirador\/\" \/>\n<meta property=\"og:locale\" content=\"es_ES\" \/>\n<meta property=\"og:type\" content=\"article\" \/>\n<meta property=\"og:title\" content=\"Preocupa la salud de Silvina Luna: est\u00e1 internada en terapia intensiva con respirador - Diario Textual\" \/>\n<meta property=\"og:description\" content=\"La modelo&nbsp;Silvina Luna se encuentra internada&nbsp;en terapia intensiva sedada y con respirador en el Hospital Italiano de la Ciudad de Buenos Aires. En el \u00faltimo tiempo,&nbsp;curs\u00f3 distintos problemas de salud,&hellip;\" \/>\n<meta property=\"og:url\" content=\"https:\/\/diariotextual.com\/inicio\/index.php\/2023\/06\/28\/preocupa-la-salud-de-silvina-luna-esta-internada-en-terapia-intensiva-con-respirador\/\" \/>\n<meta property=\"og:site_name\" content=\"Diario Textual\" \/>\n<meta property=\"article:publisher\" content=\"https:\/\/www.facebook.com\/eltextual\" \/>\n<meta property=\"article:published_time\" content=\"2023-06-28T09:47:10+00:00\" \/>\n<meta property=\"article:modified_time\" content=\"2023-06-28T20:33:46+00:00\" \/>\n<meta property=\"og:image\" content=\"https:\/\/diariotextual.com\/inicio\/wp-content\/uploads\/2023\/06\/lunasilvina1569571.jpg\" \/>\n\t<meta property=\"og:image:width\" content=\"950\" \/>\n\t<meta property=\"og:image:height\" content=\"534\" \/>\n\t<meta property=\"og:image:type\" content=\"image\/jpeg\" \/>\n<meta name=\"author\" content=\"diario2\" \/>\n<meta name=\"twitter:card\" content=\"summary_large_image\" \/>\n<meta name=\"twitter:creator\" content=\"@eltextual\" \/>\n<meta name=\"twitter:site\" content=\"@eltextual\" \/>\n<meta name=\"twitter:label1\" content=\"Escrito por\" \/>\n\t<meta name=\"twitter:data1\" content=\"diario2\" \/>\n\t<meta name=\"twitter:label2\" content=\"Tiempo de lectura\" \/>\n\t<meta name=\"twitter:data2\" content=\"2 minutos\" \/>\n<script type=\"application\/ld+json\" class=\"yoast-schema-graph\">{\"@context\":\"https:\\\/\\\/schema.org\",\"@graph\":[{\"@type\":\"Article\",\"@id\":\"https:\\\/\\\/diariotextual.com\\\/inicio\\\/index.php\\\/2023\\\/06\\\/28\\\/preocupa-la-salud-de-silvina-luna-esta-internada-en-terapia-intensiva-con-respirador\\\/#article\",\"isPartOf\":{\"@id\":\"https:\\\/\\\/diariotextual.com\\\/inicio\\\/index.php\\\/2023\\\/06\\\/28\\\/preocupa-la-salud-de-silvina-luna-esta-internada-en-terapia-intensiva-con-respirador\\\/\"},\"author\":{\"name\":\"diario2\",\"@id\":\"https:\\\/\\\/diariotextual.com\\\/inicio\\\/#\\\/schema\\\/person\\\/694f60677f23c4a530867a98f22b3768\"},\"headline\":\"Preocupa la salud de Silvina Luna: est\u00e1 internada en terapia intensiva con respirador\",\"datePublished\":\"2023-06-28T09:47:10+00:00\",\"dateModified\":\"2023-06-28T20:33:46+00:00\",\"mainEntityOfPage\":{\"@id\":\"https:\\\/\\\/diariotextual.com\\\/inicio\\\/index.php\\\/2023\\\/06\\\/28\\\/preocupa-la-salud-de-silvina-luna-esta-internada-en-terapia-intensiva-con-respirador\\\/\"},\"wordCount\":455,\"publisher\":{\"@id\":\"https:\\\/\\\/diariotextual.com\\\/inicio\\\/#organization\"},\"image\":{\"@id\":\"https:\\\/\\\/diariotextual.com\\\/inicio\\\/index.php\\\/2023\\\/06\\\/28\\\/preocupa-la-salud-de-silvina-luna-esta-internada-en-terapia-intensiva-con-respirador\\\/#primaryimage\"},\"thumbnailUrl\":\"https:\\\/\\\/diariotextual.com\\\/inicio\\\/wp-content\\\/uploads\\\/2023\\\/06\\\/lunasilvina1569571.jpg\",\"articleSection\":[\"A - QUE PASA (al costado)\",\"SOCIEDAD\"],\"inLanguage\":\"es\"},{\"@type\":\"WebPage\",\"@id\":\"https:\\\/\\\/diariotextual.com\\\/inicio\\\/index.php\\\/2023\\\/06\\\/28\\\/preocupa-la-salud-de-silvina-luna-esta-internada-en-terapia-intensiva-con-respirador\\\/\",\"url\":\"https:\\\/\\\/diariotextual.com\\\/inicio\\\/index.php\\\/2023\\\/06\\\/28\\\/preocupa-la-salud-de-silvina-luna-esta-internada-en-terapia-intensiva-con-respirador\\\/\",\"name\":\"Preocupa la salud de Silvina Luna: est\u00e1 internada en terapia intensiva con respirador - Diario Textual\",\"isPartOf\":{\"@id\":\"https:\\\/\\\/diariotextual.com\\\/inicio\\\/#website\"},\"primaryImageOfPage\":{\"@id\":\"https:\\\/\\\/diariotextual.com\\\/inicio\\\/index.php\\\/2023\\\/06\\\/28\\\/preocupa-la-salud-de-silvina-luna-esta-internada-en-terapia-intensiva-con-respirador\\\/#primaryimage\"},\"image\":{\"@id\":\"https:\\\/\\\/diariotextual.com\\\/inicio\\\/index.php\\\/2023\\\/06\\\/28\\\/preocupa-la-salud-de-silvina-luna-esta-internada-en-terapia-intensiva-con-respirador\\\/#primaryimage\"},\"thumbnailUrl\":\"https:\\\/\\\/diariotextual.com\\\/inicio\\\/wp-content\\\/uploads\\\/2023\\\/06\\\/lunasilvina1569571.jpg\",\"datePublished\":\"2023-06-28T09:47:10+00:00\",\"dateModified\":\"2023-06-28T20:33:46+00:00\",\"breadcrumb\":{\"@id\":\"https:\\\/\\\/diariotextual.com\\\/inicio\\\/index.php\\\/2023\\\/06\\\/28\\\/preocupa-la-salud-de-silvina-luna-esta-internada-en-terapia-intensiva-con-respirador\\\/#breadcrumb\"},\"inLanguage\":\"es\",\"potentialAction\":[{\"@type\":\"ReadAction\",\"target\":[\"https:\\\/\\\/diariotextual.com\\\/inicio\\\/index.php\\\/2023\\\/06\\\/28\\\/preocupa-la-salud-de-silvina-luna-esta-internada-en-terapia-intensiva-con-respirador\\\/\"]}]},{\"@type\":\"ImageObject\",\"inLanguage\":\"es\",\"@id\":\"https:\\\/\\\/diariotextual.com\\\/inicio\\\/index.php\\\/2023\\\/06\\\/28\\\/preocupa-la-salud-de-silvina-luna-esta-internada-en-terapia-intensiva-con-respirador\\\/#primaryimage\",\"url\":\"https:\\\/\\\/diariotextual.com\\\/inicio\\\/wp-content\\\/uploads\\\/2023\\\/06\\\/lunasilvina1569571.jpg\",\"contentUrl\":\"https:\\\/\\\/diariotextual.com\\\/inicio\\\/wp-content\\\/uploads\\\/2023\\\/06\\\/lunasilvina1569571.jpg\",\"width\":950,\"height\":534},{\"@type\":\"BreadcrumbList\",\"@id\":\"https:\\\/\\\/diariotextual.com\\\/inicio\\\/index.php\\\/2023\\\/06\\\/28\\\/preocupa-la-salud-de-silvina-luna-esta-internada-en-terapia-intensiva-con-respirador\\\/#breadcrumb\",\"itemListElement\":[{\"@type\":\"ListItem\",\"position\":1,\"name\":\"Portada\",\"item\":\"https:\\\/\\\/diariotextual.com\\\/inicio\\\/\"},{\"@type\":\"ListItem\",\"position\":2,\"name\":\"Preocupa la salud de Silvina Luna: est\u00e1 internada en terapia intensiva con respirador\"}]},{\"@type\":\"WebSite\",\"@id\":\"https:\\\/\\\/diariotextual.com\\\/inicio\\\/#website\",\"url\":\"https:\\\/\\\/diariotextual.com\\\/inicio\\\/\",\"name\":\"Diario Textual\",\"description\":\"\",\"publisher\":{\"@id\":\"https:\\\/\\\/diariotextual.com\\\/inicio\\\/#organization\"},\"potentialAction\":[{\"@type\":\"SearchAction\",\"target\":{\"@type\":\"EntryPoint\",\"urlTemplate\":\"https:\\\/\\\/diariotextual.com\\\/inicio\\\/?s={search_term_string}\"},\"query-input\":{\"@type\":\"PropertyValueSpecification\",\"valueRequired\":true,\"valueName\":\"search_term_string\"}}],\"inLanguage\":\"es\"},{\"@type\":\"Organization\",\"@id\":\"https:\\\/\\\/diariotextual.com\\\/inicio\\\/#organization\",\"name\":\"Diario Textual\",\"url\":\"https:\\\/\\\/diariotextual.com\\\/inicio\\\/\",\"logo\":{\"@type\":\"ImageObject\",\"inLanguage\":\"es\",\"@id\":\"https:\\\/\\\/diariotextual.com\\\/inicio\\\/#\\\/schema\\\/logo\\\/image\\\/\",\"url\":\"https:\\\/\\\/diariotextual.com\\\/inicio\\\/wp-content\\\/uploads\\\/2023\\\/05\\\/logotextual1.jpg\",\"contentUrl\":\"https:\\\/\\\/diariotextual.com\\\/inicio\\\/wp-content\\\/uploads\\\/2023\\\/05\\\/logotextual1.jpg\",\"width\":516,\"height\":76,\"caption\":\"Diario Textual\"},\"image\":{\"@id\":\"https:\\\/\\\/diariotextual.com\\\/inicio\\\/#\\\/schema\\\/logo\\\/image\\\/\"},\"sameAs\":[\"https:\\\/\\\/www.facebook.com\\\/eltextual\",\"https:\\\/\\\/x.com\\\/eltextual\",\"http:\\\/\\\/www.instagram.com\\\/eltextual\"]},{\"@type\":\"Person\",\"@id\":\"https:\\\/\\\/diariotextual.com\\\/inicio\\\/#\\\/schema\\\/person\\\/694f60677f23c4a530867a98f22b3768\",\"name\":\"diario2\",\"image\":{\"@type\":\"ImageObject\",\"inLanguage\":\"es\",\"@id\":\"https:\\\/\\\/secure.gravatar.com\\\/avatar\\\/5a2567495ba16b852fcd8f1ed006a2e24fcace936018ed8237e95f488ad6e0a7?s=96&d=mm&r=g\",\"url\":\"https:\\\/\\\/secure.gravatar.com\\\/avatar\\\/5a2567495ba16b852fcd8f1ed006a2e24fcace936018ed8237e95f488ad6e0a7?s=96&d=mm&r=g\",\"contentUrl\":\"https:\\\/\\\/secure.gravatar.com\\\/avatar\\\/5a2567495ba16b852fcd8f1ed006a2e24fcace936018ed8237e95f488ad6e0a7?s=96&d=mm&r=g\",\"caption\":\"diario2\"},\"url\":\"https:\\\/\\\/diariotextual.com\\\/inicio\\\/index.php\\\/author\\\/diario2\\\/\"}]}<\/script>\n<!-- \/ Yoast SEO plugin. -->","yoast_head_json":{"title":"Preocupa la salud de Silvina Luna: est\u00e1 internada en terapia intensiva con respirador - Diario Textual","robots":{"index":"index","follow":"follow","max-snippet":"max-snippet:-1","max-image-preview":"max-image-preview:large","max-video-preview":"max-video-preview:-1"},"canonical":"https:\/\/diariotextual.com\/inicio\/index.php\/2023\/06\/28\/preocupa-la-salud-de-silvina-luna-esta-internada-en-terapia-intensiva-con-respirador\/","og_locale":"es_ES","og_type":"article","og_title":"Preocupa la salud de Silvina Luna: est\u00e1 internada en terapia intensiva con respirador - Diario Textual","og_description":"La modelo&nbsp;Silvina Luna se encuentra internada&nbsp;en terapia intensiva sedada y con respirador en el Hospital Italiano de la Ciudad de Buenos Aires. En el \u00faltimo tiempo,&nbsp;curs\u00f3 distintos problemas de salud,&hellip;","og_url":"https:\/\/diariotextual.com\/inicio\/index.php\/2023\/06\/28\/preocupa-la-salud-de-silvina-luna-esta-internada-en-terapia-intensiva-con-respirador\/","og_site_name":"Diario Textual","article_publisher":"https:\/\/www.facebook.com\/eltextual","article_published_time":"2023-06-28T09:47:10+00:00","article_modified_time":"2023-06-28T20:33:46+00:00","og_image":[{"width":950,"height":534,"url":"https:\/\/diariotextual.com\/inicio\/wp-content\/uploads\/2023\/06\/lunasilvina1569571.jpg","type":"image\/jpeg"}],"author":"diario2","twitter_card":"summary_large_image","twitter_creator":"@eltextual","twitter_site":"@eltextual","twitter_misc":{"Escrito por":"diario2","Tiempo de lectura":"2 minutos"},"schema":{"@context":"https:\/\/schema.org","@graph":[{"@type":"Article","@id":"https:\/\/diariotextual.com\/inicio\/index.php\/2023\/06\/28\/preocupa-la-salud-de-silvina-luna-esta-internada-en-terapia-intensiva-con-respirador\/#article","isPartOf":{"@id":"https:\/\/diariotextual.com\/inicio\/index.php\/2023\/06\/28\/preocupa-la-salud-de-silvina-luna-esta-internada-en-terapia-intensiva-con-respirador\/"},"author":{"name":"diario2","@id":"https:\/\/diariotextual.com\/inicio\/#\/schema\/person\/694f60677f23c4a530867a98f22b3768"},"headline":"Preocupa la salud de Silvina Luna: est\u00e1 internada en terapia intensiva con respirador","datePublished":"2023-06-28T09:47:10+00:00","dateModified":"2023-06-28T20:33:46+00:00","mainEntityOfPage":{"@id":"https:\/\/diariotextual.com\/inicio\/index.php\/2023\/06\/28\/preocupa-la-salud-de-silvina-luna-esta-internada-en-terapia-intensiva-con-respirador\/"},"wordCount":455,"publisher":{"@id":"https:\/\/diariotextual.com\/inicio\/#organization"},"image":{"@id":"https:\/\/diariotextual.com\/inicio\/index.php\/2023\/06\/28\/preocupa-la-salud-de-silvina-luna-esta-internada-en-terapia-intensiva-con-respirador\/#primaryimage"},"thumbnailUrl":"https:\/\/diariotextual.com\/inicio\/wp-content\/uploads\/2023\/06\/lunasilvina1569571.jpg","articleSection":["A - QUE PASA (al costado)","SOCIEDAD"],"inLanguage":"es"},{"@type":"WebPage","@id":"https:\/\/diariotextual.com\/inicio\/index.php\/2023\/06\/28\/preocupa-la-salud-de-silvina-luna-esta-internada-en-terapia-intensiva-con-respirador\/","url":"https:\/\/diariotextual.com\/inicio\/index.php\/2023\/06\/28\/preocupa-la-salud-de-silvina-luna-esta-internada-en-terapia-intensiva-con-respirador\/","name":"Preocupa la salud de Silvina Luna: est\u00e1 internada en terapia intensiva con respirador - Diario Textual","isPartOf":{"@id":"https:\/\/diariotextual.com\/inicio\/#website"},"primaryImageOfPage":{"@id":"https:\/\/diariotextual.com\/inicio\/index.php\/2023\/06\/28\/preocupa-la-salud-de-silvina-luna-esta-internada-en-terapia-intensiva-con-respirador\/#primaryimage"},"image":{"@id":"https:\/\/diariotextual.com\/inicio\/index.php\/2023\/06\/28\/preocupa-la-salud-de-silvina-luna-esta-internada-en-terapia-intensiva-con-respirador\/#primaryimage"},"thumbnailUrl":"https:\/\/diariotextual.com\/inicio\/wp-content\/uploads\/2023\/06\/lunasilvina1569571.jpg","datePublished":"2023-06-28T09:47:10+00:00","dateModified":"2023-06-28T20:33:46+00:00","breadcrumb":{"@id":"https:\/\/diariotextual.com\/inicio\/index.php\/2023\/06\/28\/preocupa-la-salud-de-silvina-luna-esta-internada-en-terapia-intensiva-con-respirador\/#breadcrumb"},"inLanguage":"es","potentialAction":[{"@type":"ReadAction","target":["https:\/\/diariotextual.com\/inicio\/index.php\/2023\/06\/28\/preocupa-la-salud-de-silvina-luna-esta-internada-en-terapia-intensiva-con-respirador\/"]}]},{"@type":"ImageObject","inLanguage":"es","@id":"https:\/\/diariotextual.com\/inicio\/index.php\/2023\/06\/28\/preocupa-la-salud-de-silvina-luna-esta-internada-en-terapia-intensiva-con-respirador\/#primaryimage","url":"https:\/\/diariotextual.com\/inicio\/wp-content\/uploads\/2023\/06\/lunasilvina1569571.jpg","contentUrl":"https:\/\/diariotextual.com\/inicio\/wp-content\/uploads\/2023\/06\/lunasilvina1569571.jpg","width":950,"height":534},{"@type":"BreadcrumbList","@id":"https:\/\/diariotextual.com\/inicio\/index.php\/2023\/06\/28\/preocupa-la-salud-de-silvina-luna-esta-internada-en-terapia-intensiva-con-respirador\/#breadcrumb","itemListElement":[{"@type":"ListItem","position":1,"name":"Portada","item":"https:\/\/diariotextual.com\/inicio\/"},{"@type":"ListItem","position":2,"name":"Preocupa la salud de Silvina Luna: est\u00e1 internada en terapia intensiva con respirador"}]},{"@type":"WebSite","@id":"https:\/\/diariotextual.com\/inicio\/#website","url":"https:\/\/diariotextual.com\/inicio\/","name":"Diario Textual","description":"","publisher":{"@id":"https:\/\/diariotextual.com\/inicio\/#organization"},"potentialAction":[{"@type":"SearchAction","target":{"@type":"EntryPoint","urlTemplate":"https:\/\/diariotextual.com\/inicio\/?s={search_term_string}"},"query-input":{"@type":"PropertyValueSpecification","valueRequired":true,"valueName":"search_term_string"}}],"inLanguage":"es"},{"@type":"Organization","@id":"https:\/\/diariotextual.com\/inicio\/#organization","name":"Diario Textual","url":"https:\/\/diariotextual.com\/inicio\/","logo":{"@type":"ImageObject","inLanguage":"es","@id":"https:\/\/diariotextual.com\/inicio\/#\/schema\/logo\/image\/","url":"https:\/\/diariotextual.com\/inicio\/wp-content\/uploads\/2023\/05\/logotextual1.jpg","contentUrl":"https:\/\/diariotextual.com\/inicio\/wp-content\/uploads\/2023\/05\/logotextual1.jpg","width":516,"height":76,"caption":"Diario Textual"},"image":{"@id":"https:\/\/diariotextual.com\/inicio\/#\/schema\/logo\/image\/"},"sameAs":["https:\/\/www.facebook.com\/eltextual","https:\/\/x.com\/eltextual","http:\/\/www.instagram.com\/eltextual"]},{"@type":"Person","@id":"https:\/\/diariotextual.com\/inicio\/#\/schema\/person\/694f60677f23c4a530867a98f22b3768","name":"diario2","image":{"@type":"ImageObject","inLanguage":"es","@id":"https:\/\/secure.gravatar.com\/avatar\/5a2567495ba16b852fcd8f1ed006a2e24fcace936018ed8237e95f488ad6e0a7?s=96&d=mm&r=g","url":"https:\/\/secure.gravatar.com\/avatar\/5a2567495ba16b852fcd8f1ed006a2e24fcace936018ed8237e95f488ad6e0a7?s=96&d=mm&r=g","contentUrl":"https:\/\/secure.gravatar.com\/avatar\/5a2567495ba16b852fcd8f1ed006a2e24fcace936018ed8237e95f488ad6e0a7?s=96&d=mm&r=g","caption":"diario2"},"url":"https:\/\/diariotextual.com\/inicio\/index.php\/author\/diario2\/"}]}},"_links":{"self":[{"href":"https:\/\/diariotextual.com\/inicio\/index.php\/wp-json\/wp\/v2\/posts\/229643","targetHints":{"allow":["GET"]}}],"collection":[{"href":"https:\/\/diariotextual.com\/inicio\/index.php\/wp-json\/wp\/v2\/posts"}],"about":[{"href":"https:\/\/diariotextual.com\/inicio\/index.php\/wp-json\/wp\/v2\/types\/post"}],"author":[{"embeddable":true,"href":"https:\/\/diariotextual.com\/inicio\/index.php\/wp-json\/wp\/v2\/users\/4"}],"replies":[{"embeddable":true,"href":"https:\/\/diariotextual.com\/inicio\/index.php\/wp-json\/wp\/v2\/comments?post=229643"}],"version-history":[{"count":3,"href":"https:\/\/diariotextual.com\/inicio\/index.php\/wp-json\/wp\/v2\/posts\/229643\/revisions"}],"predecessor-version":[{"id":229660,"href":"https:\/\/diariotextual.com\/inicio\/index.php\/wp-json\/wp\/v2\/posts\/229643\/revisions\/229660"}],"wp:featuredmedia":[{"embeddable":true,"href":"https:\/\/diariotextual.com\/inicio\/index.php\/wp-json\/wp\/v2\/media\/229645"}],"wp:attachment":[{"href":"https:\/\/diariotextual.com\/inicio\/index.php\/wp-json\/wp\/v2\/media?parent=229643"}],"wp:term":[{"taxonomy":"category","embeddable":true,"href":"https:\/\/diariotextual.com\/inicio\/index.php\/wp-json\/wp\/v2\/categories?post=229643"},{"taxonomy":"post_tag","embeddable":true,"href":"https:\/\/diariotextual.com\/inicio\/index.php\/wp-json\/wp\/v2\/tags?post=229643"}],"curies":[{"name":"wp","href":"https:\/\/api.w.org\/{rel}","templated":true}]}}