{"id":229649,"date":"2023-06-28T08:19:25","date_gmt":"2023-06-28T11:19:25","guid":{"rendered":"https:\/\/diariotextual.com\/inicio\/?p=229649"},"modified":"2023-06-28T10:01:21","modified_gmt":"2023-06-28T13:01:21","slug":"piden-5-anos-de-prision-para-cazadores-que-dispararon-contra-un-movil-policial","status":"publish","type":"post","link":"https:\/\/diariotextual.com\/inicio\/index.php\/2023\/06\/28\/piden-5-anos-de-prision-para-cazadores-que-dispararon-contra-un-movil-policial\/","title":{"rendered":"Piden 5 a\u00f1os de prisi\u00f3n para cazadores que dispararon contra un m\u00f3vil policial"},"content":{"rendered":"\n<p>El fiscal Facundo Bon Dergham solicit\u00f3 una pena de 5 a\u00f1os y tres meses de prisi\u00f3n de efectivo cumplimiento para tres hombres acusados de abigeato agravado, abuso de arma agravado por ser contra funcionarios policiales y portaci\u00f3n de arma de fuego de guerra sin la debida autorizaci\u00f3n legal. El 25 de julio ser\u00e1 la sentencia.<\/p>\n\n\n\n<p>\u00bfCu\u00e1l es el hecho por el cual se los juzga? El 20 de abril del a\u00f1o pasado a las 21 la polic\u00eda intent\u00f3 identificar a los ocupantes de un veh\u00edculo que estaban en el predio rural denominado La Carolina, ubicado en ruta nacional N\u00ba 35, a 20 kil\u00f3metros de Santa Rosa.<\/p>\n\n\n\n<p>Los ocupantes de un autom\u00f3vil Chevrolet Corsa blanco llevaban en su interior restos de un animal que hab\u00edan faenado. Al ver a la polic\u00eda, emprendieron la fuga y efectuaron al menos dos disparos de arma de fuego hacia el m\u00f3vil. Dos de ellos fueron detenidos, en tanto que el tercero logr\u00f3 escapar hacia los campos. Fue detenido al d\u00eda siguiente. <\/p>\n\n\n\n<p>El fiscal Bon Dergham formul\u00f3 su acusaci\u00f3n por los delitos de abigeato agravado, abuso de arma agravado por ser contra funcionarios policiales y portaci\u00f3n de arma de fuego de guerra sin la debida autorizaci\u00f3n legal, y pidi\u00f3 una pena de 5 a\u00f1os y 3 meses de prisi\u00f3n de efectivo cumplimiento para los tres imputados. En tanto que la defensa pidi\u00f3 la imposici\u00f3n de una pena en suspenso.<\/p>\n\n\n\n<p>La sentencia ser\u00e1 le\u00eda el d\u00eda 25 de julio pr\u00f3ximo por la jueza Alejandra Ongaro.<\/p>\n","protected":false},"excerpt":{"rendered":"<p>El fiscal Facundo Bon Dergham solicit\u00f3 una pena de 5 a\u00f1os y tres meses de prisi\u00f3n de efectivo cumplimiento para tres hombres acusados de abigeato agravado, abuso de arma agravado&hellip;<\/p>\n","protected":false},"author":7,"featured_media":229650,"comment_status":"closed","ping_status":"open","sticky":false,"template":"","format":"standard","meta":{"_acf_changed":false,"footnotes":""},"categories":[1,12],"tags":[],"class_list":["post-229649","post","type-post","status-publish","format-standard","has-post-thumbnail","hentry","category-es-noticia","category-sociedad"],"acf":[],"yoast_head":"<!-- This site is optimized with the Yoast SEO plugin v27.5 - https:\/\/yoast.com\/product\/yoast-seo-wordpress\/ -->\n<title>Piden 5 a\u00f1os de prisi\u00f3n para cazadores que dispararon contra un m\u00f3vil policial - Diario Textual<\/title>\n<meta name=\"robots\" content=\"index, follow, max-snippet:-1, max-image-preview:large, max-video-preview:-1\" \/>\n<link rel=\"canonical\" href=\"https:\/\/diariotextual.com\/inicio\/index.php\/2023\/06\/28\/piden-5-anos-de-prision-para-cazadores-que-dispararon-contra-un-movil-policial\/\" \/>\n<meta property=\"og:locale\" content=\"es_ES\" \/>\n<meta property=\"og:type\" content=\"article\" \/>\n<meta property=\"og:title\" content=\"Piden 5 a\u00f1os de prisi\u00f3n para cazadores que dispararon contra un m\u00f3vil policial - Diario Textual\" \/>\n<meta property=\"og:description\" content=\"El fiscal Facundo Bon Dergham solicit\u00f3 una pena de 5 a\u00f1os y tres meses de prisi\u00f3n de efectivo cumplimiento para tres hombres acusados de abigeato agravado, abuso de arma agravado&hellip;\" \/>\n<meta property=\"og:url\" content=\"https:\/\/diariotextual.com\/inicio\/index.php\/2023\/06\/28\/piden-5-anos-de-prision-para-cazadores-que-dispararon-contra-un-movil-policial\/\" \/>\n<meta property=\"og:site_name\" content=\"Diario Textual\" \/>\n<meta property=\"article:publisher\" content=\"https:\/\/www.facebook.com\/eltextual\" \/>\n<meta property=\"article:published_time\" content=\"2023-06-28T11:19:25+00:00\" \/>\n<meta property=\"article:modified_time\" content=\"2023-06-28T13:01:21+00:00\" \/>\n<meta property=\"og:image\" content=\"https:\/\/diariotextual.com\/inicio\/wp-content\/uploads\/2023\/06\/cazadoresautosecuestrado.jpg\" \/>\n\t<meta property=\"og:image:width\" content=\"588\" \/>\n\t<meta property=\"og:image:height\" content=\"384\" \/>\n\t<meta property=\"og:image:type\" content=\"image\/jpeg\" \/>\n<meta name=\"author\" content=\"diario5\" \/>\n<meta name=\"twitter:card\" content=\"summary_large_image\" \/>\n<meta name=\"twitter:creator\" content=\"@eltextual\" \/>\n<meta name=\"twitter:site\" content=\"@eltextual\" \/>\n<meta name=\"twitter:label1\" content=\"Escrito por\" \/>\n\t<meta name=\"twitter:data1\" content=\"diario5\" \/>\n\t<meta name=\"twitter:label2\" content=\"Tiempo de lectura\" \/>\n\t<meta name=\"twitter:data2\" content=\"2 minutos\" \/>\n<script type=\"application\/ld+json\" class=\"yoast-schema-graph\">{\"@context\":\"https:\\\/\\\/schema.org\",\"@graph\":[{\"@type\":\"Article\",\"@id\":\"https:\\\/\\\/diariotextual.com\\\/inicio\\\/index.php\\\/2023\\\/06\\\/28\\\/piden-5-anos-de-prision-para-cazadores-que-dispararon-contra-un-movil-policial\\\/#article\",\"isPartOf\":{\"@id\":\"https:\\\/\\\/diariotextual.com\\\/inicio\\\/index.php\\\/2023\\\/06\\\/28\\\/piden-5-anos-de-prision-para-cazadores-que-dispararon-contra-un-movil-policial\\\/\"},\"author\":{\"name\":\"diario5\",\"@id\":\"https:\\\/\\\/diariotextual.com\\\/inicio\\\/#\\\/schema\\\/person\\\/c7834961ad8b29b1d9cdbf4571299067\"},\"headline\":\"Piden 5 a\u00f1os de prisi\u00f3n para cazadores que dispararon contra un m\u00f3vil policial\",\"datePublished\":\"2023-06-28T11:19:25+00:00\",\"dateModified\":\"2023-06-28T13:01:21+00:00\",\"mainEntityOfPage\":{\"@id\":\"https:\\\/\\\/diariotextual.com\\\/inicio\\\/index.php\\\/2023\\\/06\\\/28\\\/piden-5-anos-de-prision-para-cazadores-que-dispararon-contra-un-movil-policial\\\/\"},\"wordCount\":277,\"publisher\":{\"@id\":\"https:\\\/\\\/diariotextual.com\\\/inicio\\\/#organization\"},\"image\":{\"@id\":\"https:\\\/\\\/diariotextual.com\\\/inicio\\\/index.php\\\/2023\\\/06\\\/28\\\/piden-5-anos-de-prision-para-cazadores-que-dispararon-contra-un-movil-policial\\\/#primaryimage\"},\"thumbnailUrl\":\"https:\\\/\\\/diariotextual.com\\\/inicio\\\/wp-content\\\/uploads\\\/2023\\\/06\\\/cazadoresautosecuestrado.jpg\",\"articleSection\":[\"A - ES NOTICIA (van abajo)\",\"SOCIEDAD\"],\"inLanguage\":\"es\"},{\"@type\":\"WebPage\",\"@id\":\"https:\\\/\\\/diariotextual.com\\\/inicio\\\/index.php\\\/2023\\\/06\\\/28\\\/piden-5-anos-de-prision-para-cazadores-que-dispararon-contra-un-movil-policial\\\/\",\"url\":\"https:\\\/\\\/diariotextual.com\\\/inicio\\\/index.php\\\/2023\\\/06\\\/28\\\/piden-5-anos-de-prision-para-cazadores-que-dispararon-contra-un-movil-policial\\\/\",\"name\":\"Piden 5 a\u00f1os de prisi\u00f3n para cazadores que dispararon contra un m\u00f3vil policial - Diario Textual\",\"isPartOf\":{\"@id\":\"https:\\\/\\\/diariotextual.com\\\/inicio\\\/#website\"},\"primaryImageOfPage\":{\"@id\":\"https:\\\/\\\/diariotextual.com\\\/inicio\\\/index.php\\\/2023\\\/06\\\/28\\\/piden-5-anos-de-prision-para-cazadores-que-dispararon-contra-un-movil-policial\\\/#primaryimage\"},\"image\":{\"@id\":\"https:\\\/\\\/diariotextual.com\\\/inicio\\\/index.php\\\/2023\\\/06\\\/28\\\/piden-5-anos-de-prision-para-cazadores-que-dispararon-contra-un-movil-policial\\\/#primaryimage\"},\"thumbnailUrl\":\"https:\\\/\\\/diariotextual.com\\\/inicio\\\/wp-content\\\/uploads\\\/2023\\\/06\\\/cazadoresautosecuestrado.jpg\",\"datePublished\":\"2023-06-28T11:19:25+00:00\",\"dateModified\":\"2023-06-28T13:01:21+00:00\",\"breadcrumb\":{\"@id\":\"https:\\\/\\\/diariotextual.com\\\/inicio\\\/index.php\\\/2023\\\/06\\\/28\\\/piden-5-anos-de-prision-para-cazadores-que-dispararon-contra-un-movil-policial\\\/#breadcrumb\"},\"inLanguage\":\"es\",\"potentialAction\":[{\"@type\":\"ReadAction\",\"target\":[\"https:\\\/\\\/diariotextual.com\\\/inicio\\\/index.php\\\/2023\\\/06\\\/28\\\/piden-5-anos-de-prision-para-cazadores-que-dispararon-contra-un-movil-policial\\\/\"]}]},{\"@type\":\"ImageObject\",\"inLanguage\":\"es\",\"@id\":\"https:\\\/\\\/diariotextual.com\\\/inicio\\\/index.php\\\/2023\\\/06\\\/28\\\/piden-5-anos-de-prision-para-cazadores-que-dispararon-contra-un-movil-policial\\\/#primaryimage\",\"url\":\"https:\\\/\\\/diariotextual.com\\\/inicio\\\/wp-content\\\/uploads\\\/2023\\\/06\\\/cazadoresautosecuestrado.jpg\",\"contentUrl\":\"https:\\\/\\\/diariotextual.com\\\/inicio\\\/wp-content\\\/uploads\\\/2023\\\/06\\\/cazadoresautosecuestrado.jpg\",\"width\":588,\"height\":384},{\"@type\":\"BreadcrumbList\",\"@id\":\"https:\\\/\\\/diariotextual.com\\\/inicio\\\/index.php\\\/2023\\\/06\\\/28\\\/piden-5-anos-de-prision-para-cazadores-que-dispararon-contra-un-movil-policial\\\/#breadcrumb\",\"itemListElement\":[{\"@type\":\"ListItem\",\"position\":1,\"name\":\"Portada\",\"item\":\"https:\\\/\\\/diariotextual.com\\\/inicio\\\/\"},{\"@type\":\"ListItem\",\"position\":2,\"name\":\"Piden 5 a\u00f1os de prisi\u00f3n para cazadores que dispararon contra un m\u00f3vil policial\"}]},{\"@type\":\"WebSite\",\"@id\":\"https:\\\/\\\/diariotextual.com\\\/inicio\\\/#website\",\"url\":\"https:\\\/\\\/diariotextual.com\\\/inicio\\\/\",\"name\":\"Diario Textual\",\"description\":\"\",\"publisher\":{\"@id\":\"https:\\\/\\\/diariotextual.com\\\/inicio\\\/#organization\"},\"potentialAction\":[{\"@type\":\"SearchAction\",\"target\":{\"@type\":\"EntryPoint\",\"urlTemplate\":\"https:\\\/\\\/diariotextual.com\\\/inicio\\\/?s={search_term_string}\"},\"query-input\":{\"@type\":\"PropertyValueSpecification\",\"valueRequired\":true,\"valueName\":\"search_term_string\"}}],\"inLanguage\":\"es\"},{\"@type\":\"Organization\",\"@id\":\"https:\\\/\\\/diariotextual.com\\\/inicio\\\/#organization\",\"name\":\"Diario Textual\",\"url\":\"https:\\\/\\\/diariotextual.com\\\/inicio\\\/\",\"logo\":{\"@type\":\"ImageObject\",\"inLanguage\":\"es\",\"@id\":\"https:\\\/\\\/diariotextual.com\\\/inicio\\\/#\\\/schema\\\/logo\\\/image\\\/\",\"url\":\"https:\\\/\\\/diariotextual.com\\\/inicio\\\/wp-content\\\/uploads\\\/2023\\\/05\\\/logotextual1.jpg\",\"contentUrl\":\"https:\\\/\\\/diariotextual.com\\\/inicio\\\/wp-content\\\/uploads\\\/2023\\\/05\\\/logotextual1.jpg\",\"width\":516,\"height\":76,\"caption\":\"Diario Textual\"},\"image\":{\"@id\":\"https:\\\/\\\/diariotextual.com\\\/inicio\\\/#\\\/schema\\\/logo\\\/image\\\/\"},\"sameAs\":[\"https:\\\/\\\/www.facebook.com\\\/eltextual\",\"https:\\\/\\\/x.com\\\/eltextual\",\"http:\\\/\\\/www.instagram.com\\\/eltextual\"]},{\"@type\":\"Person\",\"@id\":\"https:\\\/\\\/diariotextual.com\\\/inicio\\\/#\\\/schema\\\/person\\\/c7834961ad8b29b1d9cdbf4571299067\",\"name\":\"diario5\",\"image\":{\"@type\":\"ImageObject\",\"inLanguage\":\"es\",\"@id\":\"https:\\\/\\\/secure.gravatar.com\\\/avatar\\\/948c893b847ca6df68216ead81b63f363408ec9b0f600fefc0641ce78613b111?s=96&d=mm&r=g\",\"url\":\"https:\\\/\\\/secure.gravatar.com\\\/avatar\\\/948c893b847ca6df68216ead81b63f363408ec9b0f600fefc0641ce78613b111?s=96&d=mm&r=g\",\"contentUrl\":\"https:\\\/\\\/secure.gravatar.com\\\/avatar\\\/948c893b847ca6df68216ead81b63f363408ec9b0f600fefc0641ce78613b111?s=96&d=mm&r=g\",\"caption\":\"diario5\"},\"url\":\"https:\\\/\\\/diariotextual.com\\\/inicio\\\/index.php\\\/author\\\/diario5\\\/\"}]}<\/script>\n<!-- \/ Yoast SEO plugin. -->","yoast_head_json":{"title":"Piden 5 a\u00f1os de prisi\u00f3n para cazadores que dispararon contra un m\u00f3vil policial - Diario Textual","robots":{"index":"index","follow":"follow","max-snippet":"max-snippet:-1","max-image-preview":"max-image-preview:large","max-video-preview":"max-video-preview:-1"},"canonical":"https:\/\/diariotextual.com\/inicio\/index.php\/2023\/06\/28\/piden-5-anos-de-prision-para-cazadores-que-dispararon-contra-un-movil-policial\/","og_locale":"es_ES","og_type":"article","og_title":"Piden 5 a\u00f1os de prisi\u00f3n para cazadores que dispararon contra un m\u00f3vil policial - Diario Textual","og_description":"El fiscal Facundo Bon Dergham solicit\u00f3 una pena de 5 a\u00f1os y tres meses de prisi\u00f3n de efectivo cumplimiento para tres hombres acusados de abigeato agravado, abuso de arma agravado&hellip;","og_url":"https:\/\/diariotextual.com\/inicio\/index.php\/2023\/06\/28\/piden-5-anos-de-prision-para-cazadores-que-dispararon-contra-un-movil-policial\/","og_site_name":"Diario Textual","article_publisher":"https:\/\/www.facebook.com\/eltextual","article_published_time":"2023-06-28T11:19:25+00:00","article_modified_time":"2023-06-28T13:01:21+00:00","og_image":[{"width":588,"height":384,"url":"https:\/\/diariotextual.com\/inicio\/wp-content\/uploads\/2023\/06\/cazadoresautosecuestrado.jpg","type":"image\/jpeg"}],"author":"diario5","twitter_card":"summary_large_image","twitter_creator":"@eltextual","twitter_site":"@eltextual","twitter_misc":{"Escrito por":"diario5","Tiempo de lectura":"2 minutos"},"schema":{"@context":"https:\/\/schema.org","@graph":[{"@type":"Article","@id":"https:\/\/diariotextual.com\/inicio\/index.php\/2023\/06\/28\/piden-5-anos-de-prision-para-cazadores-que-dispararon-contra-un-movil-policial\/#article","isPartOf":{"@id":"https:\/\/diariotextual.com\/inicio\/index.php\/2023\/06\/28\/piden-5-anos-de-prision-para-cazadores-que-dispararon-contra-un-movil-policial\/"},"author":{"name":"diario5","@id":"https:\/\/diariotextual.com\/inicio\/#\/schema\/person\/c7834961ad8b29b1d9cdbf4571299067"},"headline":"Piden 5 a\u00f1os de prisi\u00f3n para cazadores que dispararon contra un m\u00f3vil policial","datePublished":"2023-06-28T11:19:25+00:00","dateModified":"2023-06-28T13:01:21+00:00","mainEntityOfPage":{"@id":"https:\/\/diariotextual.com\/inicio\/index.php\/2023\/06\/28\/piden-5-anos-de-prision-para-cazadores-que-dispararon-contra-un-movil-policial\/"},"wordCount":277,"publisher":{"@id":"https:\/\/diariotextual.com\/inicio\/#organization"},"image":{"@id":"https:\/\/diariotextual.com\/inicio\/index.php\/2023\/06\/28\/piden-5-anos-de-prision-para-cazadores-que-dispararon-contra-un-movil-policial\/#primaryimage"},"thumbnailUrl":"https:\/\/diariotextual.com\/inicio\/wp-content\/uploads\/2023\/06\/cazadoresautosecuestrado.jpg","articleSection":["A - ES NOTICIA (van abajo)","SOCIEDAD"],"inLanguage":"es"},{"@type":"WebPage","@id":"https:\/\/diariotextual.com\/inicio\/index.php\/2023\/06\/28\/piden-5-anos-de-prision-para-cazadores-que-dispararon-contra-un-movil-policial\/","url":"https:\/\/diariotextual.com\/inicio\/index.php\/2023\/06\/28\/piden-5-anos-de-prision-para-cazadores-que-dispararon-contra-un-movil-policial\/","name":"Piden 5 a\u00f1os de prisi\u00f3n para cazadores que dispararon contra un m\u00f3vil policial - Diario Textual","isPartOf":{"@id":"https:\/\/diariotextual.com\/inicio\/#website"},"primaryImageOfPage":{"@id":"https:\/\/diariotextual.com\/inicio\/index.php\/2023\/06\/28\/piden-5-anos-de-prision-para-cazadores-que-dispararon-contra-un-movil-policial\/#primaryimage"},"image":{"@id":"https:\/\/diariotextual.com\/inicio\/index.php\/2023\/06\/28\/piden-5-anos-de-prision-para-cazadores-que-dispararon-contra-un-movil-policial\/#primaryimage"},"thumbnailUrl":"https:\/\/diariotextual.com\/inicio\/wp-content\/uploads\/2023\/06\/cazadoresautosecuestrado.jpg","datePublished":"2023-06-28T11:19:25+00:00","dateModified":"2023-06-28T13:01:21+00:00","breadcrumb":{"@id":"https:\/\/diariotextual.com\/inicio\/index.php\/2023\/06\/28\/piden-5-anos-de-prision-para-cazadores-que-dispararon-contra-un-movil-policial\/#breadcrumb"},"inLanguage":"es","potentialAction":[{"@type":"ReadAction","target":["https:\/\/diariotextual.com\/inicio\/index.php\/2023\/06\/28\/piden-5-anos-de-prision-para-cazadores-que-dispararon-contra-un-movil-policial\/"]}]},{"@type":"ImageObject","inLanguage":"es","@id":"https:\/\/diariotextual.com\/inicio\/index.php\/2023\/06\/28\/piden-5-anos-de-prision-para-cazadores-que-dispararon-contra-un-movil-policial\/#primaryimage","url":"https:\/\/diariotextual.com\/inicio\/wp-content\/uploads\/2023\/06\/cazadoresautosecuestrado.jpg","contentUrl":"https:\/\/diariotextual.com\/inicio\/wp-content\/uploads\/2023\/06\/cazadoresautosecuestrado.jpg","width":588,"height":384},{"@type":"BreadcrumbList","@id":"https:\/\/diariotextual.com\/inicio\/index.php\/2023\/06\/28\/piden-5-anos-de-prision-para-cazadores-que-dispararon-contra-un-movil-policial\/#breadcrumb","itemListElement":[{"@type":"ListItem","position":1,"name":"Portada","item":"https:\/\/diariotextual.com\/inicio\/"},{"@type":"ListItem","position":2,"name":"Piden 5 a\u00f1os de prisi\u00f3n para cazadores que dispararon contra un m\u00f3vil policial"}]},{"@type":"WebSite","@id":"https:\/\/diariotextual.com\/inicio\/#website","url":"https:\/\/diariotextual.com\/inicio\/","name":"Diario Textual","description":"","publisher":{"@id":"https:\/\/diariotextual.com\/inicio\/#organization"},"potentialAction":[{"@type":"SearchAction","target":{"@type":"EntryPoint","urlTemplate":"https:\/\/diariotextual.com\/inicio\/?s={search_term_string}"},"query-input":{"@type":"PropertyValueSpecification","valueRequired":true,"valueName":"search_term_string"}}],"inLanguage":"es"},{"@type":"Organization","@id":"https:\/\/diariotextual.com\/inicio\/#organization","name":"Diario Textual","url":"https:\/\/diariotextual.com\/inicio\/","logo":{"@type":"ImageObject","inLanguage":"es","@id":"https:\/\/diariotextual.com\/inicio\/#\/schema\/logo\/image\/","url":"https:\/\/diariotextual.com\/inicio\/wp-content\/uploads\/2023\/05\/logotextual1.jpg","contentUrl":"https:\/\/diariotextual.com\/inicio\/wp-content\/uploads\/2023\/05\/logotextual1.jpg","width":516,"height":76,"caption":"Diario Textual"},"image":{"@id":"https:\/\/diariotextual.com\/inicio\/#\/schema\/logo\/image\/"},"sameAs":["https:\/\/www.facebook.com\/eltextual","https:\/\/x.com\/eltextual","http:\/\/www.instagram.com\/eltextual"]},{"@type":"Person","@id":"https:\/\/diariotextual.com\/inicio\/#\/schema\/person\/c7834961ad8b29b1d9cdbf4571299067","name":"diario5","image":{"@type":"ImageObject","inLanguage":"es","@id":"https:\/\/secure.gravatar.com\/avatar\/948c893b847ca6df68216ead81b63f363408ec9b0f600fefc0641ce78613b111?s=96&d=mm&r=g","url":"https:\/\/secure.gravatar.com\/avatar\/948c893b847ca6df68216ead81b63f363408ec9b0f600fefc0641ce78613b111?s=96&d=mm&r=g","contentUrl":"https:\/\/secure.gravatar.com\/avatar\/948c893b847ca6df68216ead81b63f363408ec9b0f600fefc0641ce78613b111?s=96&d=mm&r=g","caption":"diario5"},"url":"https:\/\/diariotextual.com\/inicio\/index.php\/author\/diario5\/"}]}},"_links":{"self":[{"href":"https:\/\/diariotextual.com\/inicio\/index.php\/wp-json\/wp\/v2\/posts\/229649","targetHints":{"allow":["GET"]}}],"collection":[{"href":"https:\/\/diariotextual.com\/inicio\/index.php\/wp-json\/wp\/v2\/posts"}],"about":[{"href":"https:\/\/diariotextual.com\/inicio\/index.php\/wp-json\/wp\/v2\/types\/post"}],"author":[{"embeddable":true,"href":"https:\/\/diariotextual.com\/inicio\/index.php\/wp-json\/wp\/v2\/users\/7"}],"replies":[{"embeddable":true,"href":"https:\/\/diariotextual.com\/inicio\/index.php\/wp-json\/wp\/v2\/comments?post=229649"}],"version-history":[{"count":2,"href":"https:\/\/diariotextual.com\/inicio\/index.php\/wp-json\/wp\/v2\/posts\/229649\/revisions"}],"predecessor-version":[{"id":229656,"href":"https:\/\/diariotextual.com\/inicio\/index.php\/wp-json\/wp\/v2\/posts\/229649\/revisions\/229656"}],"wp:featuredmedia":[{"embeddable":true,"href":"https:\/\/diariotextual.com\/inicio\/index.php\/wp-json\/wp\/v2\/media\/229650"}],"wp:attachment":[{"href":"https:\/\/diariotextual.com\/inicio\/index.php\/wp-json\/wp\/v2\/media?parent=229649"}],"wp:term":[{"taxonomy":"category","embeddable":true,"href":"https:\/\/diariotextual.com\/inicio\/index.php\/wp-json\/wp\/v2\/categories?post=229649"},{"taxonomy":"post_tag","embeddable":true,"href":"https:\/\/diariotextual.com\/inicio\/index.php\/wp-json\/wp\/v2\/tags?post=229649"}],"curies":[{"name":"wp","href":"https:\/\/api.w.org\/{rel}","templated":true}]}}