{"id":229691,"date":"2023-06-28T13:48:50","date_gmt":"2023-06-28T16:48:50","guid":{"rendered":"https:\/\/diariotextual.com\/inicio\/?p=229691"},"modified":"2023-06-28T20:10:31","modified_gmt":"2023-06-28T23:10:31","slug":"aperciben-a-un-banco-y-a-una-empresa-por-operaciones-en-el-sistema-de-tarjeta-de-credito","status":"publish","type":"post","link":"https:\/\/diariotextual.com\/inicio\/index.php\/2023\/06\/28\/aperciben-a-un-banco-y-a-una-empresa-por-operaciones-en-el-sistema-de-tarjeta-de-credito\/","title":{"rendered":"Aperciben a un banco y a una empresa por operaciones en el sistema de tarjeta de cr\u00e9dito"},"content":{"rendered":"\n<p>La C\u00e1mara de Apelaciones en lo Civil, Comercial, Laboral y de Miner\u00eda de Santa Rosa confirm\u00f3 parcialmente una resoluci\u00f3n de la Direcci\u00f3n General de Defensa del Consumidor de La Pampa, al disponer que una multa impuesta al Banco Hipotecario S.A. y a Prisma Medios de Pago S.A. quedase convertida en un apercibimiento, porque el deber de informaci\u00f3n de la primera entidad fue cumplido sin prevenciones ni recomendaciones tempranas al cliente referidas al modo de operar su tarjeta de cr\u00e9dito habilitada en el sistema.<\/p>\n\n\n\n<p>El organismo provincial hab\u00eda multado a ambas entidades por entender que incumplieron tres art\u00edculos de la ley 24240 de Defensa del Consumidor (el 4\u00b0 sobre el deber de informar, el 8\u00b0 bis acerca de un trato digno y el 19\u00b0 de modalidades de prestaci\u00f3n de servicios).<\/p>\n\n\n\n<p>Sin embargo, la Sala 3 del Tribunal, compuesta por la jueza Laura Cagliolo y el juez Guillermo Samuel Salas, hizo lugar en forma parcial a los recursos directos presentados por el Banco Hipotecario y Prisma \u2013una empresa de tecnolog\u00eda en medios de pago\u2013, tras calificar de \u201cexagerada\u201d a la sanci\u00f3n pecuniaria y reemplazarla por un apercibimiento computable como advertencia.<\/p>\n\n\n\n<p><strong>\u00bfCu\u00e1l fue la denuncia?<\/strong> El consumidor, un contador p\u00fablico, contrat\u00f3 con el Hipotecario una tarjeta de cr\u00e9dito Visa, acordando que el pago m\u00ednimo se le debitar\u00eda autom\u00e1ticamente y que \u00e9l pagar\u00eda la diferencia en la cuenta Visa. Todo fue normal hasta que en un momento comenz\u00f3 la discusi\u00f3n relativa al c\u00f3mputo de los pagos parciales y el hombre reclam\u00f3. Le dijeron que el reclamo deb\u00eda hacerlo telef\u00f3nicamente y el usuario de la tarjeta consider\u00f3 que la respuesta fue insatisfactoria. La situaci\u00f3n relacionada con los d\u00e9bitos y la forma en que se suced\u00edan los pagos de los res\u00famenes gener\u00f3 cobro de intereses.<\/p>\n\n\n\n<p>M\u00e1s all\u00e1 de la decisi\u00f3n final, el Tribunal \u2013frente a la aparici\u00f3n de denuncias de consumidores contra entidades financieras\u2013 expres\u00f3 que \u201cacerca de la necesaria protecci\u00f3n de los consumidores en el mercado financiero (que es precisamente donde contratan masivamente los bancos en particular y los acreedores institucionales en general); debe recordarse que la mirada jur\u00eddica cl\u00e1sica del derecho privado (\u2026) se reconfigura y opera en un modo \u2018plurijuridicista\u2019 (existencia simult\u00e1nea de sistemas jur\u00eddicos), donde el derecho privado en su interacci\u00f3n con el derecho del consumidor, se impregna ahora de un mayor compromiso en orden a efectivizar el \u2018r\u00e9gimen de tutela al consumidor en el \u00e1mbito de los servicios financieros\u2019\u201d.<\/p>\n\n\n\n<p>Ante la multa impuesta por Defensa del Consumidor, Prisma recurri\u00f3 la resoluci\u00f3n. Argument\u00f3 falta de fundamentaci\u00f3n y la improcedencia de los tres art\u00edculos de la ley 24240 porque, al no haber firmado ning\u00fan contrato con el usuario, no emitir la tarjeta de cr\u00e9dito ni prestarle servicios al denunciante, no tuvo responsabilidad en los eventuales perjuicios.<\/p>\n\n\n\n<p>Los agravios de la firma tecnol\u00f3gica fueron rechazados. Cagliolo y Salas expresaron que para la contrataci\u00f3n \u201cno hay dudas que el agrupamiento empresario (sin perjuicio de alguna diferenciada participaci\u00f3n individual) pasa a ser comercialmente, y en conjunto, una contraparte en bloque y unificada que interact\u00faa contractualmente con el consumidor, erigi\u00e9ndose este \u00faltimo en el verdadero d\u00e9bil jur\u00eddico\u201d.<\/p>\n\n\n\n<p>Por el contrario, la C\u00e1mara s\u00ed tuvo en consideraci\u00f3n algunos de los fundamentos defensivos del Banco Hipotecario y, en un contexto donde \u201cdeben compatibilizarse los principios, reglas y garant\u00edas, tanto para el consumidor como para el o los presuntos infractores\u201d; manifest\u00f3 que \u201cno hubo un error en la apreciaci\u00f3n de los hechos ni en la valoraci\u00f3n de la prueba; sino una desproporci\u00f3n en la punici\u00f3n final\u201d.<\/p>\n\n\n\n<p>El Hipotecario hab\u00eda dicho que recibi\u00f3 un solo reclamo y que el usuario modific\u00f3 unilateralmente las condiciones de pago.<\/p>\n\n\n\n<p>No obstante, Cagliolo y Salas manifestaron que en este caso hubo de manera \u201cm\u00ednima, pero suficientemente comprobada\u201d una falta al deber de informaci\u00f3n \u201c\u00fatil y clara en raz\u00f3n del d\u00e9bito, lo que al consumidor le gener\u00f3 \u2013sin importar si eran poco significativos o de bagatela\u2013 el pago de intereses compensatorios y, con ello, presi\u00f3n financiera y una sobrecarga evitable\u201d. Incluso dijeron que al consumidor \u201cse le gener\u00f3 innecesariamente una situaci\u00f3n confusa e inc\u00f3moda\u201d.<\/p>\n\n\n\n<p>Adem\u00e1s, sentenciaron que \u201ca futuro se obre con mayor diligencia informativa ante la autoridad de aplicaci\u00f3n y se act\u00fae con m\u00e1ximo cuidado y prevenci\u00f3n frente a consumidores domiciliados en La Pampa\u201d.<\/p>\n","protected":false},"excerpt":{"rendered":"<p>La C\u00e1mara de Apelaciones en lo Civil, Comercial, Laboral y de Miner\u00eda de Santa Rosa confirm\u00f3 parcialmente una resoluci\u00f3n de la Direcci\u00f3n General de Defensa del Consumidor de La Pampa,&hellip;<\/p>\n","protected":false},"author":4,"featured_media":3482,"comment_status":"closed","ping_status":"open","sticky":false,"template":"","format":"standard","meta":{"_acf_changed":false,"footnotes":""},"categories":[1,11,12],"tags":[],"class_list":["post-229691","post","type-post","status-publish","format-standard","has-post-thumbnail","hentry","category-es-noticia","category-que-pasa","category-sociedad"],"acf":[],"yoast_head":"<!-- This site is optimized with the Yoast SEO plugin v27.5 - https:\/\/yoast.com\/product\/yoast-seo-wordpress\/ -->\n<title>Aperciben a un banco y a una empresa por operaciones en el sistema de tarjeta de cr\u00e9dito - Diario Textual<\/title>\n<meta name=\"robots\" content=\"index, follow, max-snippet:-1, max-image-preview:large, max-video-preview:-1\" \/>\n<link rel=\"canonical\" href=\"https:\/\/diariotextual.com\/inicio\/index.php\/2023\/06\/28\/aperciben-a-un-banco-y-a-una-empresa-por-operaciones-en-el-sistema-de-tarjeta-de-credito\/\" \/>\n<meta property=\"og:locale\" content=\"es_ES\" \/>\n<meta property=\"og:type\" content=\"article\" \/>\n<meta property=\"og:title\" content=\"Aperciben a un banco y a una empresa por operaciones en el sistema de tarjeta de cr\u00e9dito - Diario Textual\" \/>\n<meta property=\"og:description\" content=\"La C\u00e1mara de Apelaciones en lo Civil, Comercial, Laboral y de Miner\u00eda de Santa Rosa confirm\u00f3 parcialmente una resoluci\u00f3n de la Direcci\u00f3n General de Defensa del Consumidor de La Pampa,&hellip;\" \/>\n<meta property=\"og:url\" content=\"https:\/\/diariotextual.com\/inicio\/index.php\/2023\/06\/28\/aperciben-a-un-banco-y-a-una-empresa-por-operaciones-en-el-sistema-de-tarjeta-de-credito\/\" \/>\n<meta property=\"og:site_name\" content=\"Diario Textual\" \/>\n<meta property=\"article:publisher\" content=\"https:\/\/www.facebook.com\/eltextual\" \/>\n<meta property=\"article:published_time\" content=\"2023-06-28T16:48:50+00:00\" \/>\n<meta property=\"article:modified_time\" content=\"2023-06-28T23:10:31+00:00\" \/>\n<meta property=\"og:image\" content=\"https:\/\/diariotextual.com\/inicio\/wp-content\/uploads\/2018\/04\/tarjetadebito111.jpg\" \/>\n\t<meta property=\"og:image:width\" content=\"792\" \/>\n\t<meta property=\"og:image:height\" content=\"512\" \/>\n\t<meta property=\"og:image:type\" content=\"image\/jpeg\" \/>\n<meta name=\"author\" content=\"diario2\" \/>\n<meta name=\"twitter:card\" content=\"summary_large_image\" \/>\n<meta name=\"twitter:creator\" content=\"@eltextual\" \/>\n<meta name=\"twitter:site\" content=\"@eltextual\" \/>\n<meta name=\"twitter:label1\" content=\"Escrito por\" \/>\n\t<meta name=\"twitter:data1\" content=\"diario2\" \/>\n\t<meta name=\"twitter:label2\" content=\"Tiempo de lectura\" \/>\n\t<meta name=\"twitter:data2\" content=\"4 minutos\" \/>\n<script type=\"application\/ld+json\" class=\"yoast-schema-graph\">{\"@context\":\"https:\\\/\\\/schema.org\",\"@graph\":[{\"@type\":\"Article\",\"@id\":\"https:\\\/\\\/diariotextual.com\\\/inicio\\\/index.php\\\/2023\\\/06\\\/28\\\/aperciben-a-un-banco-y-a-una-empresa-por-operaciones-en-el-sistema-de-tarjeta-de-credito\\\/#article\",\"isPartOf\":{\"@id\":\"https:\\\/\\\/diariotextual.com\\\/inicio\\\/index.php\\\/2023\\\/06\\\/28\\\/aperciben-a-un-banco-y-a-una-empresa-por-operaciones-en-el-sistema-de-tarjeta-de-credito\\\/\"},\"author\":{\"name\":\"diario2\",\"@id\":\"https:\\\/\\\/diariotextual.com\\\/inicio\\\/#\\\/schema\\\/person\\\/694f60677f23c4a530867a98f22b3768\"},\"headline\":\"Aperciben a un banco y a una empresa por operaciones en el sistema de tarjeta de cr\u00e9dito\",\"datePublished\":\"2023-06-28T16:48:50+00:00\",\"dateModified\":\"2023-06-28T23:10:31+00:00\",\"mainEntityOfPage\":{\"@id\":\"https:\\\/\\\/diariotextual.com\\\/inicio\\\/index.php\\\/2023\\\/06\\\/28\\\/aperciben-a-un-banco-y-a-una-empresa-por-operaciones-en-el-sistema-de-tarjeta-de-credito\\\/\"},\"wordCount\":780,\"publisher\":{\"@id\":\"https:\\\/\\\/diariotextual.com\\\/inicio\\\/#organization\"},\"image\":{\"@id\":\"https:\\\/\\\/diariotextual.com\\\/inicio\\\/index.php\\\/2023\\\/06\\\/28\\\/aperciben-a-un-banco-y-a-una-empresa-por-operaciones-en-el-sistema-de-tarjeta-de-credito\\\/#primaryimage\"},\"thumbnailUrl\":\"https:\\\/\\\/diariotextual.com\\\/inicio\\\/wp-content\\\/uploads\\\/2018\\\/04\\\/tarjetadebito111.jpg\",\"articleSection\":[\"A - ES NOTICIA (van abajo)\",\"A - QUE PASA (al costado)\",\"SOCIEDAD\"],\"inLanguage\":\"es\"},{\"@type\":\"WebPage\",\"@id\":\"https:\\\/\\\/diariotextual.com\\\/inicio\\\/index.php\\\/2023\\\/06\\\/28\\\/aperciben-a-un-banco-y-a-una-empresa-por-operaciones-en-el-sistema-de-tarjeta-de-credito\\\/\",\"url\":\"https:\\\/\\\/diariotextual.com\\\/inicio\\\/index.php\\\/2023\\\/06\\\/28\\\/aperciben-a-un-banco-y-a-una-empresa-por-operaciones-en-el-sistema-de-tarjeta-de-credito\\\/\",\"name\":\"Aperciben a un banco y a una empresa por operaciones en el sistema de tarjeta de cr\u00e9dito - Diario Textual\",\"isPartOf\":{\"@id\":\"https:\\\/\\\/diariotextual.com\\\/inicio\\\/#website\"},\"primaryImageOfPage\":{\"@id\":\"https:\\\/\\\/diariotextual.com\\\/inicio\\\/index.php\\\/2023\\\/06\\\/28\\\/aperciben-a-un-banco-y-a-una-empresa-por-operaciones-en-el-sistema-de-tarjeta-de-credito\\\/#primaryimage\"},\"image\":{\"@id\":\"https:\\\/\\\/diariotextual.com\\\/inicio\\\/index.php\\\/2023\\\/06\\\/28\\\/aperciben-a-un-banco-y-a-una-empresa-por-operaciones-en-el-sistema-de-tarjeta-de-credito\\\/#primaryimage\"},\"thumbnailUrl\":\"https:\\\/\\\/diariotextual.com\\\/inicio\\\/wp-content\\\/uploads\\\/2018\\\/04\\\/tarjetadebito111.jpg\",\"datePublished\":\"2023-06-28T16:48:50+00:00\",\"dateModified\":\"2023-06-28T23:10:31+00:00\",\"breadcrumb\":{\"@id\":\"https:\\\/\\\/diariotextual.com\\\/inicio\\\/index.php\\\/2023\\\/06\\\/28\\\/aperciben-a-un-banco-y-a-una-empresa-por-operaciones-en-el-sistema-de-tarjeta-de-credito\\\/#breadcrumb\"},\"inLanguage\":\"es\",\"potentialAction\":[{\"@type\":\"ReadAction\",\"target\":[\"https:\\\/\\\/diariotextual.com\\\/inicio\\\/index.php\\\/2023\\\/06\\\/28\\\/aperciben-a-un-banco-y-a-una-empresa-por-operaciones-en-el-sistema-de-tarjeta-de-credito\\\/\"]}]},{\"@type\":\"ImageObject\",\"inLanguage\":\"es\",\"@id\":\"https:\\\/\\\/diariotextual.com\\\/inicio\\\/index.php\\\/2023\\\/06\\\/28\\\/aperciben-a-un-banco-y-a-una-empresa-por-operaciones-en-el-sistema-de-tarjeta-de-credito\\\/#primaryimage\",\"url\":\"https:\\\/\\\/diariotextual.com\\\/inicio\\\/wp-content\\\/uploads\\\/2018\\\/04\\\/tarjetadebito111.jpg\",\"contentUrl\":\"https:\\\/\\\/diariotextual.com\\\/inicio\\\/wp-content\\\/uploads\\\/2018\\\/04\\\/tarjetadebito111.jpg\",\"width\":792,\"height\":512},{\"@type\":\"BreadcrumbList\",\"@id\":\"https:\\\/\\\/diariotextual.com\\\/inicio\\\/index.php\\\/2023\\\/06\\\/28\\\/aperciben-a-un-banco-y-a-una-empresa-por-operaciones-en-el-sistema-de-tarjeta-de-credito\\\/#breadcrumb\",\"itemListElement\":[{\"@type\":\"ListItem\",\"position\":1,\"name\":\"Portada\",\"item\":\"https:\\\/\\\/diariotextual.com\\\/inicio\\\/\"},{\"@type\":\"ListItem\",\"position\":2,\"name\":\"Aperciben a un banco y a una empresa por operaciones en el sistema de tarjeta de cr\u00e9dito\"}]},{\"@type\":\"WebSite\",\"@id\":\"https:\\\/\\\/diariotextual.com\\\/inicio\\\/#website\",\"url\":\"https:\\\/\\\/diariotextual.com\\\/inicio\\\/\",\"name\":\"Diario Textual\",\"description\":\"\",\"publisher\":{\"@id\":\"https:\\\/\\\/diariotextual.com\\\/inicio\\\/#organization\"},\"potentialAction\":[{\"@type\":\"SearchAction\",\"target\":{\"@type\":\"EntryPoint\",\"urlTemplate\":\"https:\\\/\\\/diariotextual.com\\\/inicio\\\/?s={search_term_string}\"},\"query-input\":{\"@type\":\"PropertyValueSpecification\",\"valueRequired\":true,\"valueName\":\"search_term_string\"}}],\"inLanguage\":\"es\"},{\"@type\":\"Organization\",\"@id\":\"https:\\\/\\\/diariotextual.com\\\/inicio\\\/#organization\",\"name\":\"Diario Textual\",\"url\":\"https:\\\/\\\/diariotextual.com\\\/inicio\\\/\",\"logo\":{\"@type\":\"ImageObject\",\"inLanguage\":\"es\",\"@id\":\"https:\\\/\\\/diariotextual.com\\\/inicio\\\/#\\\/schema\\\/logo\\\/image\\\/\",\"url\":\"https:\\\/\\\/diariotextual.com\\\/inicio\\\/wp-content\\\/uploads\\\/2023\\\/05\\\/logotextual1.jpg\",\"contentUrl\":\"https:\\\/\\\/diariotextual.com\\\/inicio\\\/wp-content\\\/uploads\\\/2023\\\/05\\\/logotextual1.jpg\",\"width\":516,\"height\":76,\"caption\":\"Diario Textual\"},\"image\":{\"@id\":\"https:\\\/\\\/diariotextual.com\\\/inicio\\\/#\\\/schema\\\/logo\\\/image\\\/\"},\"sameAs\":[\"https:\\\/\\\/www.facebook.com\\\/eltextual\",\"https:\\\/\\\/x.com\\\/eltextual\",\"http:\\\/\\\/www.instagram.com\\\/eltextual\"]},{\"@type\":\"Person\",\"@id\":\"https:\\\/\\\/diariotextual.com\\\/inicio\\\/#\\\/schema\\\/person\\\/694f60677f23c4a530867a98f22b3768\",\"name\":\"diario2\",\"image\":{\"@type\":\"ImageObject\",\"inLanguage\":\"es\",\"@id\":\"https:\\\/\\\/secure.gravatar.com\\\/avatar\\\/5a2567495ba16b852fcd8f1ed006a2e24fcace936018ed8237e95f488ad6e0a7?s=96&d=mm&r=g\",\"url\":\"https:\\\/\\\/secure.gravatar.com\\\/avatar\\\/5a2567495ba16b852fcd8f1ed006a2e24fcace936018ed8237e95f488ad6e0a7?s=96&d=mm&r=g\",\"contentUrl\":\"https:\\\/\\\/secure.gravatar.com\\\/avatar\\\/5a2567495ba16b852fcd8f1ed006a2e24fcace936018ed8237e95f488ad6e0a7?s=96&d=mm&r=g\",\"caption\":\"diario2\"},\"url\":\"https:\\\/\\\/diariotextual.com\\\/inicio\\\/index.php\\\/author\\\/diario2\\\/\"}]}<\/script>\n<!-- \/ Yoast SEO plugin. -->","yoast_head_json":{"title":"Aperciben a un banco y a una empresa por operaciones en el sistema de tarjeta de cr\u00e9dito - Diario Textual","robots":{"index":"index","follow":"follow","max-snippet":"max-snippet:-1","max-image-preview":"max-image-preview:large","max-video-preview":"max-video-preview:-1"},"canonical":"https:\/\/diariotextual.com\/inicio\/index.php\/2023\/06\/28\/aperciben-a-un-banco-y-a-una-empresa-por-operaciones-en-el-sistema-de-tarjeta-de-credito\/","og_locale":"es_ES","og_type":"article","og_title":"Aperciben a un banco y a una empresa por operaciones en el sistema de tarjeta de cr\u00e9dito - Diario Textual","og_description":"La C\u00e1mara de Apelaciones en lo Civil, Comercial, Laboral y de Miner\u00eda de Santa Rosa confirm\u00f3 parcialmente una resoluci\u00f3n de la Direcci\u00f3n General de Defensa del Consumidor de La Pampa,&hellip;","og_url":"https:\/\/diariotextual.com\/inicio\/index.php\/2023\/06\/28\/aperciben-a-un-banco-y-a-una-empresa-por-operaciones-en-el-sistema-de-tarjeta-de-credito\/","og_site_name":"Diario Textual","article_publisher":"https:\/\/www.facebook.com\/eltextual","article_published_time":"2023-06-28T16:48:50+00:00","article_modified_time":"2023-06-28T23:10:31+00:00","og_image":[{"width":792,"height":512,"url":"https:\/\/diariotextual.com\/inicio\/wp-content\/uploads\/2018\/04\/tarjetadebito111.jpg","type":"image\/jpeg"}],"author":"diario2","twitter_card":"summary_large_image","twitter_creator":"@eltextual","twitter_site":"@eltextual","twitter_misc":{"Escrito por":"diario2","Tiempo de lectura":"4 minutos"},"schema":{"@context":"https:\/\/schema.org","@graph":[{"@type":"Article","@id":"https:\/\/diariotextual.com\/inicio\/index.php\/2023\/06\/28\/aperciben-a-un-banco-y-a-una-empresa-por-operaciones-en-el-sistema-de-tarjeta-de-credito\/#article","isPartOf":{"@id":"https:\/\/diariotextual.com\/inicio\/index.php\/2023\/06\/28\/aperciben-a-un-banco-y-a-una-empresa-por-operaciones-en-el-sistema-de-tarjeta-de-credito\/"},"author":{"name":"diario2","@id":"https:\/\/diariotextual.com\/inicio\/#\/schema\/person\/694f60677f23c4a530867a98f22b3768"},"headline":"Aperciben a un banco y a una empresa por operaciones en el sistema de tarjeta de cr\u00e9dito","datePublished":"2023-06-28T16:48:50+00:00","dateModified":"2023-06-28T23:10:31+00:00","mainEntityOfPage":{"@id":"https:\/\/diariotextual.com\/inicio\/index.php\/2023\/06\/28\/aperciben-a-un-banco-y-a-una-empresa-por-operaciones-en-el-sistema-de-tarjeta-de-credito\/"},"wordCount":780,"publisher":{"@id":"https:\/\/diariotextual.com\/inicio\/#organization"},"image":{"@id":"https:\/\/diariotextual.com\/inicio\/index.php\/2023\/06\/28\/aperciben-a-un-banco-y-a-una-empresa-por-operaciones-en-el-sistema-de-tarjeta-de-credito\/#primaryimage"},"thumbnailUrl":"https:\/\/diariotextual.com\/inicio\/wp-content\/uploads\/2018\/04\/tarjetadebito111.jpg","articleSection":["A - ES NOTICIA (van abajo)","A - QUE PASA (al costado)","SOCIEDAD"],"inLanguage":"es"},{"@type":"WebPage","@id":"https:\/\/diariotextual.com\/inicio\/index.php\/2023\/06\/28\/aperciben-a-un-banco-y-a-una-empresa-por-operaciones-en-el-sistema-de-tarjeta-de-credito\/","url":"https:\/\/diariotextual.com\/inicio\/index.php\/2023\/06\/28\/aperciben-a-un-banco-y-a-una-empresa-por-operaciones-en-el-sistema-de-tarjeta-de-credito\/","name":"Aperciben a un banco y a una empresa por operaciones en el sistema de tarjeta de cr\u00e9dito - Diario Textual","isPartOf":{"@id":"https:\/\/diariotextual.com\/inicio\/#website"},"primaryImageOfPage":{"@id":"https:\/\/diariotextual.com\/inicio\/index.php\/2023\/06\/28\/aperciben-a-un-banco-y-a-una-empresa-por-operaciones-en-el-sistema-de-tarjeta-de-credito\/#primaryimage"},"image":{"@id":"https:\/\/diariotextual.com\/inicio\/index.php\/2023\/06\/28\/aperciben-a-un-banco-y-a-una-empresa-por-operaciones-en-el-sistema-de-tarjeta-de-credito\/#primaryimage"},"thumbnailUrl":"https:\/\/diariotextual.com\/inicio\/wp-content\/uploads\/2018\/04\/tarjetadebito111.jpg","datePublished":"2023-06-28T16:48:50+00:00","dateModified":"2023-06-28T23:10:31+00:00","breadcrumb":{"@id":"https:\/\/diariotextual.com\/inicio\/index.php\/2023\/06\/28\/aperciben-a-un-banco-y-a-una-empresa-por-operaciones-en-el-sistema-de-tarjeta-de-credito\/#breadcrumb"},"inLanguage":"es","potentialAction":[{"@type":"ReadAction","target":["https:\/\/diariotextual.com\/inicio\/index.php\/2023\/06\/28\/aperciben-a-un-banco-y-a-una-empresa-por-operaciones-en-el-sistema-de-tarjeta-de-credito\/"]}]},{"@type":"ImageObject","inLanguage":"es","@id":"https:\/\/diariotextual.com\/inicio\/index.php\/2023\/06\/28\/aperciben-a-un-banco-y-a-una-empresa-por-operaciones-en-el-sistema-de-tarjeta-de-credito\/#primaryimage","url":"https:\/\/diariotextual.com\/inicio\/wp-content\/uploads\/2018\/04\/tarjetadebito111.jpg","contentUrl":"https:\/\/diariotextual.com\/inicio\/wp-content\/uploads\/2018\/04\/tarjetadebito111.jpg","width":792,"height":512},{"@type":"BreadcrumbList","@id":"https:\/\/diariotextual.com\/inicio\/index.php\/2023\/06\/28\/aperciben-a-un-banco-y-a-una-empresa-por-operaciones-en-el-sistema-de-tarjeta-de-credito\/#breadcrumb","itemListElement":[{"@type":"ListItem","position":1,"name":"Portada","item":"https:\/\/diariotextual.com\/inicio\/"},{"@type":"ListItem","position":2,"name":"Aperciben a un banco y a una empresa por operaciones en el sistema de tarjeta de cr\u00e9dito"}]},{"@type":"WebSite","@id":"https:\/\/diariotextual.com\/inicio\/#website","url":"https:\/\/diariotextual.com\/inicio\/","name":"Diario Textual","description":"","publisher":{"@id":"https:\/\/diariotextual.com\/inicio\/#organization"},"potentialAction":[{"@type":"SearchAction","target":{"@type":"EntryPoint","urlTemplate":"https:\/\/diariotextual.com\/inicio\/?s={search_term_string}"},"query-input":{"@type":"PropertyValueSpecification","valueRequired":true,"valueName":"search_term_string"}}],"inLanguage":"es"},{"@type":"Organization","@id":"https:\/\/diariotextual.com\/inicio\/#organization","name":"Diario Textual","url":"https:\/\/diariotextual.com\/inicio\/","logo":{"@type":"ImageObject","inLanguage":"es","@id":"https:\/\/diariotextual.com\/inicio\/#\/schema\/logo\/image\/","url":"https:\/\/diariotextual.com\/inicio\/wp-content\/uploads\/2023\/05\/logotextual1.jpg","contentUrl":"https:\/\/diariotextual.com\/inicio\/wp-content\/uploads\/2023\/05\/logotextual1.jpg","width":516,"height":76,"caption":"Diario Textual"},"image":{"@id":"https:\/\/diariotextual.com\/inicio\/#\/schema\/logo\/image\/"},"sameAs":["https:\/\/www.facebook.com\/eltextual","https:\/\/x.com\/eltextual","http:\/\/www.instagram.com\/eltextual"]},{"@type":"Person","@id":"https:\/\/diariotextual.com\/inicio\/#\/schema\/person\/694f60677f23c4a530867a98f22b3768","name":"diario2","image":{"@type":"ImageObject","inLanguage":"es","@id":"https:\/\/secure.gravatar.com\/avatar\/5a2567495ba16b852fcd8f1ed006a2e24fcace936018ed8237e95f488ad6e0a7?s=96&d=mm&r=g","url":"https:\/\/secure.gravatar.com\/avatar\/5a2567495ba16b852fcd8f1ed006a2e24fcace936018ed8237e95f488ad6e0a7?s=96&d=mm&r=g","contentUrl":"https:\/\/secure.gravatar.com\/avatar\/5a2567495ba16b852fcd8f1ed006a2e24fcace936018ed8237e95f488ad6e0a7?s=96&d=mm&r=g","caption":"diario2"},"url":"https:\/\/diariotextual.com\/inicio\/index.php\/author\/diario2\/"}]}},"_links":{"self":[{"href":"https:\/\/diariotextual.com\/inicio\/index.php\/wp-json\/wp\/v2\/posts\/229691","targetHints":{"allow":["GET"]}}],"collection":[{"href":"https:\/\/diariotextual.com\/inicio\/index.php\/wp-json\/wp\/v2\/posts"}],"about":[{"href":"https:\/\/diariotextual.com\/inicio\/index.php\/wp-json\/wp\/v2\/types\/post"}],"author":[{"embeddable":true,"href":"https:\/\/diariotextual.com\/inicio\/index.php\/wp-json\/wp\/v2\/users\/4"}],"replies":[{"embeddable":true,"href":"https:\/\/diariotextual.com\/inicio\/index.php\/wp-json\/wp\/v2\/comments?post=229691"}],"version-history":[{"count":1,"href":"https:\/\/diariotextual.com\/inicio\/index.php\/wp-json\/wp\/v2\/posts\/229691\/revisions"}],"predecessor-version":[{"id":229692,"href":"https:\/\/diariotextual.com\/inicio\/index.php\/wp-json\/wp\/v2\/posts\/229691\/revisions\/229692"}],"wp:featuredmedia":[{"embeddable":true,"href":"https:\/\/diariotextual.com\/inicio\/index.php\/wp-json\/wp\/v2\/media\/3482"}],"wp:attachment":[{"href":"https:\/\/diariotextual.com\/inicio\/index.php\/wp-json\/wp\/v2\/media?parent=229691"}],"wp:term":[{"taxonomy":"category","embeddable":true,"href":"https:\/\/diariotextual.com\/inicio\/index.php\/wp-json\/wp\/v2\/categories?post=229691"},{"taxonomy":"post_tag","embeddable":true,"href":"https:\/\/diariotextual.com\/inicio\/index.php\/wp-json\/wp\/v2\/tags?post=229691"}],"curies":[{"name":"wp","href":"https:\/\/api.w.org\/{rel}","templated":true}]}}