{"id":229744,"date":"2023-06-28T20:19:29","date_gmt":"2023-06-28T23:19:29","guid":{"rendered":"https:\/\/diariotextual.com\/inicio\/?p=229744"},"modified":"2023-06-29T09:31:52","modified_gmt":"2023-06-29T12:31:52","slug":"cristina-kirchner-se-reunio-con-daniel-scioli-en-el-senado-tras-el-cierre-de-listas","status":"publish","type":"post","link":"https:\/\/diariotextual.com\/inicio\/index.php\/2023\/06\/28\/cristina-kirchner-se-reunio-con-daniel-scioli-en-el-senado-tras-el-cierre-de-listas\/","title":{"rendered":"Cristina Kirchner se reuni\u00f3 con Daniel Scioli en el Senado tras el cierre de listas"},"content":{"rendered":"\n<p>La vicepresidenta&nbsp;Cristina Kirchner&nbsp;se reuni\u00f3 en el Senado con el embajador argentino en Brasil, Daniel Scioli,&nbsp;luego del dram\u00e1tico cierre de listas de Uni\u00f3n por la Patria.<\/p>\n\n\n\n<p>Luego del llamado telef\u00f3nico que ambos compartieron en el marco de la inscripci\u00f3n de candidatos, ahora se encontraron&nbsp;a solas en las oficinas de la titular del Senado.<\/p>\n\n\n\n<p>El d\u00eda que hablaron por tel\u00e9fono hab\u00edan quedado en verse personalmente, algo que se concret\u00f3 este mi\u00e9rcoles con el arribo de Scioli a la Argentina.<\/p>\n\n\n\n<p>\u201cMuy buena\u201d,&nbsp;contest\u00f3 escuetamente el ex gobernador de Buenos&nbsp;Aires al ser consultado sobre c\u00f3mo hab\u00eda sido la reuni\u00f3n con&nbsp;Cristina Kirchner a la salida del Senado.<\/p>\n\n\n\n<p>Adem\u00e1s, el ex precandidato&nbsp;revel\u00f3 que mantuvo un contacto con el ministro de Econom\u00eda, Sergio Massa,&nbsp;ahora en su rol de&nbsp;precandidato presidencial de Uni\u00f3n por la Patria,&nbsp;con quien se reunir\u00e1 ma\u00f1ana para limar asperezas y tener una foto de unidad.<\/p>\n\n\n\n<p>\u201cSoy una persona de alto sentido de la responsabilidad\u201d,&nbsp;sostuvo Scioli cuando le preguntaron c\u00f3mo estaba la relaci\u00f3n con&nbsp;el presidente Alberto Fern\u00e1ndez, luego de que en su entorno&nbsp;hablaran de \u201ctraici\u00f3n\u201d.<\/p>\n\n\n\n<p>Del albertismo prefiri\u00f3 no opinar, y se limit\u00f3 a hacer una breve definici\u00f3n de la charla con la vicepresidenta, en la que&nbsp;hablaron \u201cde todo\u201d.<\/p>\n\n\n\n<p>Luego, la ex mandataria public\u00f3 una fotograf\u00eda oficial del encuentro y destac\u00f3 la relaci\u00f3n que los une y el \u00abrespeto de siempre\u00bb.<\/p>\n\n\n\n<p>\u201cReci\u00e9n en mi despacho del Senado junto a Daniel Scioli, embajador argentino en Brasil. Nos conocemos desde hace mucho tiempo&#8230; Para ser m\u00e1s precisos, desde el a\u00f1o 1997, cuando ambos \u00e9ramos Diputados Nacionales\u201d,&nbsp;sostuvo Cristina Kirchner.<\/p>\n\n\n\n<p>Y continu\u00f3: \u201cHablamos mucho, con sinceridad y con el respeto de siempre.&nbsp;Me transmiti\u00f3 que su vocaci\u00f3n es ayudar y colaborar como un compa\u00f1ero m\u00e1s, y me puso muy contenta cuando me cont\u00f3 que ma\u00f1ana Sergio Massa, el Ministro de Econom\u00eda, lo va a recibir para abordar cuestiones vinculadas a la relaci\u00f3n bilateral Argentina-Brasil. A seguir trabajando, que es lo que hay que hacer\u201d.<\/p>\n\n\n\n<p>La fotograf\u00eda de Cristina Kirchner y Scioli muestra que la relaci\u00f3n entre ambos resisti\u00f3 al cierre de listas y que&nbsp;las cr\u00edticas de ambos sectores se apuntaron a la Casa Rosada.<\/p>\n\n\n\n<p>El kirchnerismo afirm\u00f3 en las \u00faltimas horas que&nbsp;la banca del canciller Santiago Cafiero, que qued\u00f3 quinto en la lista de diputados en Buenos Aires, era para Scioli y \u201cnadie le avis\u00f3\u201d,&nbsp;al deslizar que el albertismo se la habr\u00eda quedado sin ofrec\u00e9rsela al embajador para \u00e9l o alguien de su entorno.<\/p>\n\n\n\n<p>En tanto, Lorena Scioli, la hija del ex gobernador, public\u00f3 en sus redes sociales una imagen con la palabra&nbsp;\u201ctraici\u00f3n\u201d.<\/p>\n\n\n\n<p>En el sciolismo cuestionan que el presidente acord\u00f3 bajar su precandidatura pese a que se hab\u00eda comprometido a sostener las PASO y esa aspiraci\u00f3n hasta el final.<\/p>\n\n\n\n<p>Ma\u00f1ana habr\u00e1 una nueva fotograf\u00eda de unidad entre Massa y Scioli, dos dirigentes que tienen una mala relaci\u00f3n personal&nbsp;y que ahora se mostrar\u00e1n juntos para dar una se\u00f1ala hacia adentro y hacia afuera de cara a las PASO del 13 de agosto.<\/p>\n","protected":false},"excerpt":{"rendered":"<p>La vicepresidenta&nbsp;Cristina Kirchner&nbsp;se reuni\u00f3 en el Senado con el embajador argentino en Brasil, Daniel Scioli,&nbsp;luego del dram\u00e1tico cierre de listas de Uni\u00f3n por la Patria. Luego del llamado telef\u00f3nico que&hellip;<\/p>\n","protected":false},"author":4,"featured_media":229745,"comment_status":"closed","ping_status":"open","sticky":false,"template":"","format":"standard","meta":{"_acf_changed":false,"footnotes":""},"categories":[1,12],"tags":[],"class_list":["post-229744","post","type-post","status-publish","format-standard","has-post-thumbnail","hentry","category-es-noticia","category-sociedad"],"acf":[],"yoast_head":"<!-- This site is optimized with the Yoast SEO plugin v27.5 - https:\/\/yoast.com\/product\/yoast-seo-wordpress\/ -->\n<title>Cristina Kirchner se reuni\u00f3 con Daniel Scioli en el Senado tras el cierre de listas - Diario Textual<\/title>\n<meta name=\"robots\" content=\"index, follow, max-snippet:-1, max-image-preview:large, max-video-preview:-1\" \/>\n<link rel=\"canonical\" href=\"https:\/\/diariotextual.com\/inicio\/index.php\/2023\/06\/28\/cristina-kirchner-se-reunio-con-daniel-scioli-en-el-senado-tras-el-cierre-de-listas\/\" \/>\n<meta property=\"og:locale\" content=\"es_ES\" \/>\n<meta property=\"og:type\" content=\"article\" \/>\n<meta property=\"og:title\" content=\"Cristina Kirchner se reuni\u00f3 con Daniel Scioli en el Senado tras el cierre de listas - Diario Textual\" \/>\n<meta property=\"og:description\" content=\"La vicepresidenta&nbsp;Cristina Kirchner&nbsp;se reuni\u00f3 en el Senado con el embajador argentino en Brasil, Daniel Scioli,&nbsp;luego del dram\u00e1tico cierre de listas de Uni\u00f3n por la Patria. Luego del llamado telef\u00f3nico que&hellip;\" \/>\n<meta property=\"og:url\" content=\"https:\/\/diariotextual.com\/inicio\/index.php\/2023\/06\/28\/cristina-kirchner-se-reunio-con-daniel-scioli-en-el-senado-tras-el-cierre-de-listas\/\" \/>\n<meta property=\"og:site_name\" content=\"Diario Textual\" \/>\n<meta property=\"article:publisher\" content=\"https:\/\/www.facebook.com\/eltextual\" \/>\n<meta property=\"article:published_time\" content=\"2023-06-28T23:19:29+00:00\" \/>\n<meta property=\"article:modified_time\" content=\"2023-06-29T12:31:52+00:00\" \/>\n<meta property=\"og:image\" content=\"https:\/\/diariotextual.com\/inicio\/wp-content\/uploads\/2023\/06\/cristinascioli54362.jpg\" \/>\n\t<meta property=\"og:image:width\" content=\"1000\" \/>\n\t<meta property=\"og:image:height\" content=\"667\" \/>\n\t<meta property=\"og:image:type\" content=\"image\/jpeg\" \/>\n<meta name=\"author\" content=\"diario2\" \/>\n<meta name=\"twitter:card\" content=\"summary_large_image\" \/>\n<meta name=\"twitter:creator\" content=\"@eltextual\" \/>\n<meta name=\"twitter:site\" content=\"@eltextual\" \/>\n<meta name=\"twitter:label1\" content=\"Escrito por\" \/>\n\t<meta name=\"twitter:data1\" content=\"diario2\" \/>\n\t<meta name=\"twitter:label2\" content=\"Tiempo de lectura\" \/>\n\t<meta name=\"twitter:data2\" content=\"3 minutos\" \/>\n<script type=\"application\/ld+json\" class=\"yoast-schema-graph\">{\"@context\":\"https:\\\/\\\/schema.org\",\"@graph\":[{\"@type\":\"Article\",\"@id\":\"https:\\\/\\\/diariotextual.com\\\/inicio\\\/index.php\\\/2023\\\/06\\\/28\\\/cristina-kirchner-se-reunio-con-daniel-scioli-en-el-senado-tras-el-cierre-de-listas\\\/#article\",\"isPartOf\":{\"@id\":\"https:\\\/\\\/diariotextual.com\\\/inicio\\\/index.php\\\/2023\\\/06\\\/28\\\/cristina-kirchner-se-reunio-con-daniel-scioli-en-el-senado-tras-el-cierre-de-listas\\\/\"},\"author\":{\"name\":\"diario2\",\"@id\":\"https:\\\/\\\/diariotextual.com\\\/inicio\\\/#\\\/schema\\\/person\\\/694f60677f23c4a530867a98f22b3768\"},\"headline\":\"Cristina Kirchner se reuni\u00f3 con Daniel Scioli en el Senado tras el cierre de listas\",\"datePublished\":\"2023-06-28T23:19:29+00:00\",\"dateModified\":\"2023-06-29T12:31:52+00:00\",\"mainEntityOfPage\":{\"@id\":\"https:\\\/\\\/diariotextual.com\\\/inicio\\\/index.php\\\/2023\\\/06\\\/28\\\/cristina-kirchner-se-reunio-con-daniel-scioli-en-el-senado-tras-el-cierre-de-listas\\\/\"},\"wordCount\":581,\"publisher\":{\"@id\":\"https:\\\/\\\/diariotextual.com\\\/inicio\\\/#organization\"},\"image\":{\"@id\":\"https:\\\/\\\/diariotextual.com\\\/inicio\\\/index.php\\\/2023\\\/06\\\/28\\\/cristina-kirchner-se-reunio-con-daniel-scioli-en-el-senado-tras-el-cierre-de-listas\\\/#primaryimage\"},\"thumbnailUrl\":\"https:\\\/\\\/diariotextual.com\\\/inicio\\\/wp-content\\\/uploads\\\/2023\\\/06\\\/cristinascioli54362.jpg\",\"articleSection\":[\"A - ES NOTICIA (van abajo)\",\"SOCIEDAD\"],\"inLanguage\":\"es\"},{\"@type\":\"WebPage\",\"@id\":\"https:\\\/\\\/diariotextual.com\\\/inicio\\\/index.php\\\/2023\\\/06\\\/28\\\/cristina-kirchner-se-reunio-con-daniel-scioli-en-el-senado-tras-el-cierre-de-listas\\\/\",\"url\":\"https:\\\/\\\/diariotextual.com\\\/inicio\\\/index.php\\\/2023\\\/06\\\/28\\\/cristina-kirchner-se-reunio-con-daniel-scioli-en-el-senado-tras-el-cierre-de-listas\\\/\",\"name\":\"Cristina Kirchner se reuni\u00f3 con Daniel Scioli en el Senado tras el cierre de listas - Diario Textual\",\"isPartOf\":{\"@id\":\"https:\\\/\\\/diariotextual.com\\\/inicio\\\/#website\"},\"primaryImageOfPage\":{\"@id\":\"https:\\\/\\\/diariotextual.com\\\/inicio\\\/index.php\\\/2023\\\/06\\\/28\\\/cristina-kirchner-se-reunio-con-daniel-scioli-en-el-senado-tras-el-cierre-de-listas\\\/#primaryimage\"},\"image\":{\"@id\":\"https:\\\/\\\/diariotextual.com\\\/inicio\\\/index.php\\\/2023\\\/06\\\/28\\\/cristina-kirchner-se-reunio-con-daniel-scioli-en-el-senado-tras-el-cierre-de-listas\\\/#primaryimage\"},\"thumbnailUrl\":\"https:\\\/\\\/diariotextual.com\\\/inicio\\\/wp-content\\\/uploads\\\/2023\\\/06\\\/cristinascioli54362.jpg\",\"datePublished\":\"2023-06-28T23:19:29+00:00\",\"dateModified\":\"2023-06-29T12:31:52+00:00\",\"breadcrumb\":{\"@id\":\"https:\\\/\\\/diariotextual.com\\\/inicio\\\/index.php\\\/2023\\\/06\\\/28\\\/cristina-kirchner-se-reunio-con-daniel-scioli-en-el-senado-tras-el-cierre-de-listas\\\/#breadcrumb\"},\"inLanguage\":\"es\",\"potentialAction\":[{\"@type\":\"ReadAction\",\"target\":[\"https:\\\/\\\/diariotextual.com\\\/inicio\\\/index.php\\\/2023\\\/06\\\/28\\\/cristina-kirchner-se-reunio-con-daniel-scioli-en-el-senado-tras-el-cierre-de-listas\\\/\"]}]},{\"@type\":\"ImageObject\",\"inLanguage\":\"es\",\"@id\":\"https:\\\/\\\/diariotextual.com\\\/inicio\\\/index.php\\\/2023\\\/06\\\/28\\\/cristina-kirchner-se-reunio-con-daniel-scioli-en-el-senado-tras-el-cierre-de-listas\\\/#primaryimage\",\"url\":\"https:\\\/\\\/diariotextual.com\\\/inicio\\\/wp-content\\\/uploads\\\/2023\\\/06\\\/cristinascioli54362.jpg\",\"contentUrl\":\"https:\\\/\\\/diariotextual.com\\\/inicio\\\/wp-content\\\/uploads\\\/2023\\\/06\\\/cristinascioli54362.jpg\",\"width\":1000,\"height\":667},{\"@type\":\"BreadcrumbList\",\"@id\":\"https:\\\/\\\/diariotextual.com\\\/inicio\\\/index.php\\\/2023\\\/06\\\/28\\\/cristina-kirchner-se-reunio-con-daniel-scioli-en-el-senado-tras-el-cierre-de-listas\\\/#breadcrumb\",\"itemListElement\":[{\"@type\":\"ListItem\",\"position\":1,\"name\":\"Portada\",\"item\":\"https:\\\/\\\/diariotextual.com\\\/inicio\\\/\"},{\"@type\":\"ListItem\",\"position\":2,\"name\":\"Cristina Kirchner se reuni\u00f3 con Daniel Scioli en el Senado tras el cierre de listas\"}]},{\"@type\":\"WebSite\",\"@id\":\"https:\\\/\\\/diariotextual.com\\\/inicio\\\/#website\",\"url\":\"https:\\\/\\\/diariotextual.com\\\/inicio\\\/\",\"name\":\"Diario Textual\",\"description\":\"\",\"publisher\":{\"@id\":\"https:\\\/\\\/diariotextual.com\\\/inicio\\\/#organization\"},\"potentialAction\":[{\"@type\":\"SearchAction\",\"target\":{\"@type\":\"EntryPoint\",\"urlTemplate\":\"https:\\\/\\\/diariotextual.com\\\/inicio\\\/?s={search_term_string}\"},\"query-input\":{\"@type\":\"PropertyValueSpecification\",\"valueRequired\":true,\"valueName\":\"search_term_string\"}}],\"inLanguage\":\"es\"},{\"@type\":\"Organization\",\"@id\":\"https:\\\/\\\/diariotextual.com\\\/inicio\\\/#organization\",\"name\":\"Diario Textual\",\"url\":\"https:\\\/\\\/diariotextual.com\\\/inicio\\\/\",\"logo\":{\"@type\":\"ImageObject\",\"inLanguage\":\"es\",\"@id\":\"https:\\\/\\\/diariotextual.com\\\/inicio\\\/#\\\/schema\\\/logo\\\/image\\\/\",\"url\":\"https:\\\/\\\/diariotextual.com\\\/inicio\\\/wp-content\\\/uploads\\\/2023\\\/05\\\/logotextual1.jpg\",\"contentUrl\":\"https:\\\/\\\/diariotextual.com\\\/inicio\\\/wp-content\\\/uploads\\\/2023\\\/05\\\/logotextual1.jpg\",\"width\":516,\"height\":76,\"caption\":\"Diario Textual\"},\"image\":{\"@id\":\"https:\\\/\\\/diariotextual.com\\\/inicio\\\/#\\\/schema\\\/logo\\\/image\\\/\"},\"sameAs\":[\"https:\\\/\\\/www.facebook.com\\\/eltextual\",\"https:\\\/\\\/x.com\\\/eltextual\",\"http:\\\/\\\/www.instagram.com\\\/eltextual\"]},{\"@type\":\"Person\",\"@id\":\"https:\\\/\\\/diariotextual.com\\\/inicio\\\/#\\\/schema\\\/person\\\/694f60677f23c4a530867a98f22b3768\",\"name\":\"diario2\",\"image\":{\"@type\":\"ImageObject\",\"inLanguage\":\"es\",\"@id\":\"https:\\\/\\\/secure.gravatar.com\\\/avatar\\\/5a2567495ba16b852fcd8f1ed006a2e24fcace936018ed8237e95f488ad6e0a7?s=96&d=mm&r=g\",\"url\":\"https:\\\/\\\/secure.gravatar.com\\\/avatar\\\/5a2567495ba16b852fcd8f1ed006a2e24fcace936018ed8237e95f488ad6e0a7?s=96&d=mm&r=g\",\"contentUrl\":\"https:\\\/\\\/secure.gravatar.com\\\/avatar\\\/5a2567495ba16b852fcd8f1ed006a2e24fcace936018ed8237e95f488ad6e0a7?s=96&d=mm&r=g\",\"caption\":\"diario2\"},\"url\":\"https:\\\/\\\/diariotextual.com\\\/inicio\\\/index.php\\\/author\\\/diario2\\\/\"}]}<\/script>\n<!-- \/ Yoast SEO plugin. -->","yoast_head_json":{"title":"Cristina Kirchner se reuni\u00f3 con Daniel Scioli en el Senado tras el cierre de listas - Diario Textual","robots":{"index":"index","follow":"follow","max-snippet":"max-snippet:-1","max-image-preview":"max-image-preview:large","max-video-preview":"max-video-preview:-1"},"canonical":"https:\/\/diariotextual.com\/inicio\/index.php\/2023\/06\/28\/cristina-kirchner-se-reunio-con-daniel-scioli-en-el-senado-tras-el-cierre-de-listas\/","og_locale":"es_ES","og_type":"article","og_title":"Cristina Kirchner se reuni\u00f3 con Daniel Scioli en el Senado tras el cierre de listas - Diario Textual","og_description":"La vicepresidenta&nbsp;Cristina Kirchner&nbsp;se reuni\u00f3 en el Senado con el embajador argentino en Brasil, Daniel Scioli,&nbsp;luego del dram\u00e1tico cierre de listas de Uni\u00f3n por la Patria. Luego del llamado telef\u00f3nico que&hellip;","og_url":"https:\/\/diariotextual.com\/inicio\/index.php\/2023\/06\/28\/cristina-kirchner-se-reunio-con-daniel-scioli-en-el-senado-tras-el-cierre-de-listas\/","og_site_name":"Diario Textual","article_publisher":"https:\/\/www.facebook.com\/eltextual","article_published_time":"2023-06-28T23:19:29+00:00","article_modified_time":"2023-06-29T12:31:52+00:00","og_image":[{"width":1000,"height":667,"url":"https:\/\/diariotextual.com\/inicio\/wp-content\/uploads\/2023\/06\/cristinascioli54362.jpg","type":"image\/jpeg"}],"author":"diario2","twitter_card":"summary_large_image","twitter_creator":"@eltextual","twitter_site":"@eltextual","twitter_misc":{"Escrito por":"diario2","Tiempo de lectura":"3 minutos"},"schema":{"@context":"https:\/\/schema.org","@graph":[{"@type":"Article","@id":"https:\/\/diariotextual.com\/inicio\/index.php\/2023\/06\/28\/cristina-kirchner-se-reunio-con-daniel-scioli-en-el-senado-tras-el-cierre-de-listas\/#article","isPartOf":{"@id":"https:\/\/diariotextual.com\/inicio\/index.php\/2023\/06\/28\/cristina-kirchner-se-reunio-con-daniel-scioli-en-el-senado-tras-el-cierre-de-listas\/"},"author":{"name":"diario2","@id":"https:\/\/diariotextual.com\/inicio\/#\/schema\/person\/694f60677f23c4a530867a98f22b3768"},"headline":"Cristina Kirchner se reuni\u00f3 con Daniel Scioli en el Senado tras el cierre de listas","datePublished":"2023-06-28T23:19:29+00:00","dateModified":"2023-06-29T12:31:52+00:00","mainEntityOfPage":{"@id":"https:\/\/diariotextual.com\/inicio\/index.php\/2023\/06\/28\/cristina-kirchner-se-reunio-con-daniel-scioli-en-el-senado-tras-el-cierre-de-listas\/"},"wordCount":581,"publisher":{"@id":"https:\/\/diariotextual.com\/inicio\/#organization"},"image":{"@id":"https:\/\/diariotextual.com\/inicio\/index.php\/2023\/06\/28\/cristina-kirchner-se-reunio-con-daniel-scioli-en-el-senado-tras-el-cierre-de-listas\/#primaryimage"},"thumbnailUrl":"https:\/\/diariotextual.com\/inicio\/wp-content\/uploads\/2023\/06\/cristinascioli54362.jpg","articleSection":["A - ES NOTICIA (van abajo)","SOCIEDAD"],"inLanguage":"es"},{"@type":"WebPage","@id":"https:\/\/diariotextual.com\/inicio\/index.php\/2023\/06\/28\/cristina-kirchner-se-reunio-con-daniel-scioli-en-el-senado-tras-el-cierre-de-listas\/","url":"https:\/\/diariotextual.com\/inicio\/index.php\/2023\/06\/28\/cristina-kirchner-se-reunio-con-daniel-scioli-en-el-senado-tras-el-cierre-de-listas\/","name":"Cristina Kirchner se reuni\u00f3 con Daniel Scioli en el Senado tras el cierre de listas - Diario Textual","isPartOf":{"@id":"https:\/\/diariotextual.com\/inicio\/#website"},"primaryImageOfPage":{"@id":"https:\/\/diariotextual.com\/inicio\/index.php\/2023\/06\/28\/cristina-kirchner-se-reunio-con-daniel-scioli-en-el-senado-tras-el-cierre-de-listas\/#primaryimage"},"image":{"@id":"https:\/\/diariotextual.com\/inicio\/index.php\/2023\/06\/28\/cristina-kirchner-se-reunio-con-daniel-scioli-en-el-senado-tras-el-cierre-de-listas\/#primaryimage"},"thumbnailUrl":"https:\/\/diariotextual.com\/inicio\/wp-content\/uploads\/2023\/06\/cristinascioli54362.jpg","datePublished":"2023-06-28T23:19:29+00:00","dateModified":"2023-06-29T12:31:52+00:00","breadcrumb":{"@id":"https:\/\/diariotextual.com\/inicio\/index.php\/2023\/06\/28\/cristina-kirchner-se-reunio-con-daniel-scioli-en-el-senado-tras-el-cierre-de-listas\/#breadcrumb"},"inLanguage":"es","potentialAction":[{"@type":"ReadAction","target":["https:\/\/diariotextual.com\/inicio\/index.php\/2023\/06\/28\/cristina-kirchner-se-reunio-con-daniel-scioli-en-el-senado-tras-el-cierre-de-listas\/"]}]},{"@type":"ImageObject","inLanguage":"es","@id":"https:\/\/diariotextual.com\/inicio\/index.php\/2023\/06\/28\/cristina-kirchner-se-reunio-con-daniel-scioli-en-el-senado-tras-el-cierre-de-listas\/#primaryimage","url":"https:\/\/diariotextual.com\/inicio\/wp-content\/uploads\/2023\/06\/cristinascioli54362.jpg","contentUrl":"https:\/\/diariotextual.com\/inicio\/wp-content\/uploads\/2023\/06\/cristinascioli54362.jpg","width":1000,"height":667},{"@type":"BreadcrumbList","@id":"https:\/\/diariotextual.com\/inicio\/index.php\/2023\/06\/28\/cristina-kirchner-se-reunio-con-daniel-scioli-en-el-senado-tras-el-cierre-de-listas\/#breadcrumb","itemListElement":[{"@type":"ListItem","position":1,"name":"Portada","item":"https:\/\/diariotextual.com\/inicio\/"},{"@type":"ListItem","position":2,"name":"Cristina Kirchner se reuni\u00f3 con Daniel Scioli en el Senado tras el cierre de listas"}]},{"@type":"WebSite","@id":"https:\/\/diariotextual.com\/inicio\/#website","url":"https:\/\/diariotextual.com\/inicio\/","name":"Diario Textual","description":"","publisher":{"@id":"https:\/\/diariotextual.com\/inicio\/#organization"},"potentialAction":[{"@type":"SearchAction","target":{"@type":"EntryPoint","urlTemplate":"https:\/\/diariotextual.com\/inicio\/?s={search_term_string}"},"query-input":{"@type":"PropertyValueSpecification","valueRequired":true,"valueName":"search_term_string"}}],"inLanguage":"es"},{"@type":"Organization","@id":"https:\/\/diariotextual.com\/inicio\/#organization","name":"Diario Textual","url":"https:\/\/diariotextual.com\/inicio\/","logo":{"@type":"ImageObject","inLanguage":"es","@id":"https:\/\/diariotextual.com\/inicio\/#\/schema\/logo\/image\/","url":"https:\/\/diariotextual.com\/inicio\/wp-content\/uploads\/2023\/05\/logotextual1.jpg","contentUrl":"https:\/\/diariotextual.com\/inicio\/wp-content\/uploads\/2023\/05\/logotextual1.jpg","width":516,"height":76,"caption":"Diario Textual"},"image":{"@id":"https:\/\/diariotextual.com\/inicio\/#\/schema\/logo\/image\/"},"sameAs":["https:\/\/www.facebook.com\/eltextual","https:\/\/x.com\/eltextual","http:\/\/www.instagram.com\/eltextual"]},{"@type":"Person","@id":"https:\/\/diariotextual.com\/inicio\/#\/schema\/person\/694f60677f23c4a530867a98f22b3768","name":"diario2","image":{"@type":"ImageObject","inLanguage":"es","@id":"https:\/\/secure.gravatar.com\/avatar\/5a2567495ba16b852fcd8f1ed006a2e24fcace936018ed8237e95f488ad6e0a7?s=96&d=mm&r=g","url":"https:\/\/secure.gravatar.com\/avatar\/5a2567495ba16b852fcd8f1ed006a2e24fcace936018ed8237e95f488ad6e0a7?s=96&d=mm&r=g","contentUrl":"https:\/\/secure.gravatar.com\/avatar\/5a2567495ba16b852fcd8f1ed006a2e24fcace936018ed8237e95f488ad6e0a7?s=96&d=mm&r=g","caption":"diario2"},"url":"https:\/\/diariotextual.com\/inicio\/index.php\/author\/diario2\/"}]}},"_links":{"self":[{"href":"https:\/\/diariotextual.com\/inicio\/index.php\/wp-json\/wp\/v2\/posts\/229744","targetHints":{"allow":["GET"]}}],"collection":[{"href":"https:\/\/diariotextual.com\/inicio\/index.php\/wp-json\/wp\/v2\/posts"}],"about":[{"href":"https:\/\/diariotextual.com\/inicio\/index.php\/wp-json\/wp\/v2\/types\/post"}],"author":[{"embeddable":true,"href":"https:\/\/diariotextual.com\/inicio\/index.php\/wp-json\/wp\/v2\/users\/4"}],"replies":[{"embeddable":true,"href":"https:\/\/diariotextual.com\/inicio\/index.php\/wp-json\/wp\/v2\/comments?post=229744"}],"version-history":[{"count":1,"href":"https:\/\/diariotextual.com\/inicio\/index.php\/wp-json\/wp\/v2\/posts\/229744\/revisions"}],"predecessor-version":[{"id":229746,"href":"https:\/\/diariotextual.com\/inicio\/index.php\/wp-json\/wp\/v2\/posts\/229744\/revisions\/229746"}],"wp:featuredmedia":[{"embeddable":true,"href":"https:\/\/diariotextual.com\/inicio\/index.php\/wp-json\/wp\/v2\/media\/229745"}],"wp:attachment":[{"href":"https:\/\/diariotextual.com\/inicio\/index.php\/wp-json\/wp\/v2\/media?parent=229744"}],"wp:term":[{"taxonomy":"category","embeddable":true,"href":"https:\/\/diariotextual.com\/inicio\/index.php\/wp-json\/wp\/v2\/categories?post=229744"},{"taxonomy":"post_tag","embeddable":true,"href":"https:\/\/diariotextual.com\/inicio\/index.php\/wp-json\/wp\/v2\/tags?post=229744"}],"curies":[{"name":"wp","href":"https:\/\/api.w.org\/{rel}","templated":true}]}}