{"id":229762,"date":"2023-06-28T21:01:00","date_gmt":"2023-06-29T00:01:00","guid":{"rendered":"https:\/\/diariotextual.com\/inicio\/?p=229762"},"modified":"2023-06-28T21:01:02","modified_gmt":"2023-06-29T00:01:02","slug":"mas-de-40-empresas-se-capacitaron-en-como-exportar-conocimiento","status":"publish","type":"post","link":"https:\/\/diariotextual.com\/inicio\/index.php\/2023\/06\/28\/mas-de-40-empresas-se-capacitaron-en-como-exportar-conocimiento\/","title":{"rendered":"M\u00e1s de 40 empresas se capacitaron en c\u00f3mo exportar conocimiento"},"content":{"rendered":"\n<p>En el marco de las pol\u00edticas de promoci\u00f3n de exportaciones que puso en marcha el gobernador Sergio Ziliotto, y las agencias I-COMEX La Pampa y CITIA, dependiente del Ministerio de Producci\u00f3n, se desarrollaron durante esta semana dos capacitaciones que tuvieron lugar en Santa Rosa y General Pico, orientadas a empresas pampeanas del sector Servicios Basados en el Conocimiento.<\/p>\n\n\n\n<p>Los talleres <strong>\u201c\u00bfC\u00f3mo Exportar Servicios profesionales?\u201d y \u201c\u00bfC\u00f3mo exportar software?\u201d<\/strong> estuvieron ambos a cargo de\u00a0Carina Ianni, consultora en desarrollo de negocios internacionales especializada en la exportaci\u00f3n de servicios, quien les ofreci\u00f3 a las empresas pampeanas de servicios, un pantallazo general sobre las cuestiones que deben tener en cuenta a la hora de internacionalizar sus proyectos.<\/p>\n\n\n\n<p>\u00abPara las capacitaciones armamos todo el dise\u00f1o de oferta exportable contemplando la estrategia de precios, la legislaci\u00f3n vigente (bancaria y fiscal), para luego hacer todo el armado de la planificaci\u00f3n de promoci\u00f3n comercial internacional\u00bb, explic\u00f3 la disertante a la Agencia Provincial de Noticias.<\/p>\n\n\n\n<p>El taller <strong>\u201c\u00bfC\u00f3mo Exportar Servicios profesionales?\u201d<\/strong> se llev\u00f3 adelante el d\u00eda martes en la sede de la Agencia I-COMEX La Pampa (Pellegrini 371), y estuvo dirigido a las y los pampeanos interesados en exportar sus servicios profesionales. De ella participaron m\u00e1s de 20 representantes de empresas pampeanas y particulares del sector.<\/p>\n\n\n\n<p>Respecto a su participaci\u00f3n en el taller, Mauricio Villa, representante de Estudio Villa coment\u00f3: \u201cLa capacitaci\u00f3n me pareci\u00f3 muy buena y creo que genera una apertura del tema considerando que es algo que implica inversi\u00f3n en tiempo fundamentalmente y de esfuerzo, pero es una propuesta muy desafiante\u201d. Al igual que otras empresas pampeanas, Estudio Villa se sum\u00f3 este a\u00f1o a Desaf\u00edo Exportador Pampeano, un programa de asesor\u00eda t\u00e9cnica que ofrece I-COMEX La Pampa.<\/p>\n\n\n\n<p>La traductora p\u00fablica Victoria Tapia tambi\u00e9n qued\u00f3 conforme con la formaci\u00f3n. \u201cEl taller me pareci\u00f3 excelente, no solamente nos brindaron nociones te\u00f3ricas del tema sino que tambi\u00e9n nos dieron much\u00edsimos ejemplos para que pudi\u00e9ramos comprender mejor c\u00f3mo es el proceso\u201d, expres\u00f3.<\/p>\n\n\n\n<p>Por su parte <strong>\u201c\u00bfC\u00f3mo exportar software?\u201d<\/strong>, tuvo lugar el mi\u00e9rcoles en las instalaciones del Polo Cient\u00edfico Tecnol\u00f3gico de La Pampa, General Pico, organizado por I-COMEX junto a la Agencia Pampeana de Ciencias, Tecnolog\u00edas e Innovaci\u00f3n Abierta, dependiente del Ministerio de Producci\u00f3n. Este taller fue dirigido a empresas, instituciones o profesionales especializados en el desarrollo de software, quienes se acercaron para ampliar su conocimiento en materia de exportaci\u00f3n.<\/p>\n\n\n\n<p>De la capacitaci\u00f3n particip\u00f3 tambi\u00e9n de manera virtual, Guillermo Levis, representante de Woxi, una empresa cordobesa que opera en Chile, Centro Am\u00e9rica y Espa\u00f1a, quien cont\u00f3 su experiencia exportando servicios y los desaf\u00edos que tuvieron que enfrentar a la hora de salir a comercializar en el exterior. Guillermo respondi\u00f3 consultas de las empresas pampeanas ofreciendo consejos en base a su recorrido.<\/p>\n\n\n\n<p>Pilar Ledesma, quien particip\u00f3 del taller realizado en General Pico, expres\u00f3: \u201cLa capacitaci\u00f3n me gust\u00f3 mucho, siento que fue muy clara y que nos brind\u00f3 las herramientas que necesitamos las personas que efectivamente queremos exportar software, ya sea como agrupaci\u00f3n o como individuo. Siento que el contenido fue muy \u00fatil y que la experiencia de Guillermo que se comunic\u00f3 desde C\u00f3rdoba fue muy valiosa\u201d.<\/p>\n\n\n\n<p>Estas capacitaciones tienen como objetivo acompa\u00f1ar a las empresas interesadas en internacionalizar sus servicios y de ella participaron profesionales y desarrolladores de software a quienes se les brindaron herramientas sobre los requisitos necesarios, modalidades y metodolog\u00edas necesarias para llevar adelante el proceso de exportaci\u00f3n.<\/p>\n\n\n\n<p>\u201cDesde el Gobierno provincial junto a la Agencia CITIA y la Agencia I-COMEX (dos instituciones vinculadas al sector tecnol\u00f3gico), estamos convencidos de que el sector de Servicios Basados en el Conocimiento tiene un enorme potencial y la apuesta por que el sector crezca y tenga m\u00e1s dinamismo en La Pampa es el camino que venimos a proponerles\u201d, resalt\u00f3 el director de la Agencia I-COMEX La Pampa, Sebasti\u00e1n Lastiri.<\/p>\n\n\n\n<p>Respecto a los programas y herramientas que se les brinda desde el Gobierno de La Pampa a trav\u00e9s de I-COMEX a las empresas de Servicios Basados en el Conocimiento, Carina Iann concluy\u00f3: \u201cQue los gobiernos pongan en agenda el exportar los servicios, es una variable diferencial dentro de nuestra matriz productiva. Empezamos a ser conocidos por proveedores de servicios, y aunque seguimos con la matriz de la exportaci\u00f3n de alimentos, podemos combinar con recursos que ya est\u00e1n formados dentro de nuestro pa\u00eds. Me parece que esta es una decisi\u00f3n sumamente ganadora y competitiva para nuestro pa\u00eds\u201d.<\/p>\n","protected":false},"excerpt":{"rendered":"<p>En el marco de las pol\u00edticas de promoci\u00f3n de exportaciones que puso en marcha el gobernador Sergio Ziliotto, y las agencias I-COMEX La Pampa y CITIA, dependiente del Ministerio de&hellip;<\/p>\n","protected":false},"author":4,"featured_media":229764,"comment_status":"closed","ping_status":"open","sticky":false,"template":"","format":"standard","meta":{"_acf_changed":false,"footnotes":""},"categories":[1,12],"tags":[],"class_list":["post-229762","post","type-post","status-publish","format-standard","has-post-thumbnail","hentry","category-es-noticia","category-sociedad"],"acf":[],"yoast_head":"<!-- This site is optimized with the Yoast SEO plugin v27.5 - https:\/\/yoast.com\/product\/yoast-seo-wordpress\/ -->\n<title>M\u00e1s de 40 empresas se capacitaron en c\u00f3mo exportar conocimiento - Diario Textual<\/title>\n<meta name=\"robots\" content=\"index, follow, max-snippet:-1, max-image-preview:large, max-video-preview:-1\" \/>\n<link rel=\"canonical\" href=\"https:\/\/diariotextual.com\/inicio\/index.php\/2023\/06\/28\/mas-de-40-empresas-se-capacitaron-en-como-exportar-conocimiento\/\" \/>\n<meta property=\"og:locale\" content=\"es_ES\" \/>\n<meta property=\"og:type\" content=\"article\" \/>\n<meta property=\"og:title\" content=\"M\u00e1s de 40 empresas se capacitaron en c\u00f3mo exportar conocimiento - Diario Textual\" \/>\n<meta property=\"og:description\" content=\"En el marco de las pol\u00edticas de promoci\u00f3n de exportaciones que puso en marcha el gobernador Sergio Ziliotto, y las agencias I-COMEX La Pampa y CITIA, dependiente del Ministerio de&hellip;\" \/>\n<meta property=\"og:url\" content=\"https:\/\/diariotextual.com\/inicio\/index.php\/2023\/06\/28\/mas-de-40-empresas-se-capacitaron-en-como-exportar-conocimiento\/\" \/>\n<meta property=\"og:site_name\" content=\"Diario Textual\" \/>\n<meta property=\"article:publisher\" content=\"https:\/\/www.facebook.com\/eltextual\" \/>\n<meta property=\"article:published_time\" content=\"2023-06-29T00:01:00+00:00\" \/>\n<meta property=\"article:modified_time\" content=\"2023-06-29T00:01:02+00:00\" \/>\n<meta property=\"og:image\" content=\"https:\/\/diariotextual.com\/inicio\/wp-content\/uploads\/2023\/06\/lastiriecomex545-2.jpg\" \/>\n\t<meta property=\"og:image:width\" content=\"1000\" \/>\n\t<meta property=\"og:image:height\" content=\"599\" \/>\n\t<meta property=\"og:image:type\" content=\"image\/jpeg\" \/>\n<meta name=\"author\" content=\"diario2\" \/>\n<meta name=\"twitter:card\" content=\"summary_large_image\" \/>\n<meta name=\"twitter:creator\" content=\"@eltextual\" \/>\n<meta name=\"twitter:site\" content=\"@eltextual\" \/>\n<meta name=\"twitter:label1\" content=\"Escrito por\" \/>\n\t<meta name=\"twitter:data1\" content=\"diario2\" \/>\n\t<meta name=\"twitter:label2\" content=\"Tiempo de lectura\" \/>\n\t<meta name=\"twitter:data2\" content=\"4 minutos\" \/>\n<script type=\"application\/ld+json\" class=\"yoast-schema-graph\">{\"@context\":\"https:\\\/\\\/schema.org\",\"@graph\":[{\"@type\":\"Article\",\"@id\":\"https:\\\/\\\/diariotextual.com\\\/inicio\\\/index.php\\\/2023\\\/06\\\/28\\\/mas-de-40-empresas-se-capacitaron-en-como-exportar-conocimiento\\\/#article\",\"isPartOf\":{\"@id\":\"https:\\\/\\\/diariotextual.com\\\/inicio\\\/index.php\\\/2023\\\/06\\\/28\\\/mas-de-40-empresas-se-capacitaron-en-como-exportar-conocimiento\\\/\"},\"author\":{\"name\":\"diario2\",\"@id\":\"https:\\\/\\\/diariotextual.com\\\/inicio\\\/#\\\/schema\\\/person\\\/694f60677f23c4a530867a98f22b3768\"},\"headline\":\"M\u00e1s de 40 empresas se capacitaron en c\u00f3mo exportar conocimiento\",\"datePublished\":\"2023-06-29T00:01:00+00:00\",\"dateModified\":\"2023-06-29T00:01:02+00:00\",\"mainEntityOfPage\":{\"@id\":\"https:\\\/\\\/diariotextual.com\\\/inicio\\\/index.php\\\/2023\\\/06\\\/28\\\/mas-de-40-empresas-se-capacitaron-en-como-exportar-conocimiento\\\/\"},\"wordCount\":787,\"publisher\":{\"@id\":\"https:\\\/\\\/diariotextual.com\\\/inicio\\\/#organization\"},\"image\":{\"@id\":\"https:\\\/\\\/diariotextual.com\\\/inicio\\\/index.php\\\/2023\\\/06\\\/28\\\/mas-de-40-empresas-se-capacitaron-en-como-exportar-conocimiento\\\/#primaryimage\"},\"thumbnailUrl\":\"https:\\\/\\\/diariotextual.com\\\/inicio\\\/wp-content\\\/uploads\\\/2023\\\/06\\\/lastiriecomex545-2.jpg\",\"articleSection\":[\"A - ES NOTICIA (van abajo)\",\"SOCIEDAD\"],\"inLanguage\":\"es\"},{\"@type\":\"WebPage\",\"@id\":\"https:\\\/\\\/diariotextual.com\\\/inicio\\\/index.php\\\/2023\\\/06\\\/28\\\/mas-de-40-empresas-se-capacitaron-en-como-exportar-conocimiento\\\/\",\"url\":\"https:\\\/\\\/diariotextual.com\\\/inicio\\\/index.php\\\/2023\\\/06\\\/28\\\/mas-de-40-empresas-se-capacitaron-en-como-exportar-conocimiento\\\/\",\"name\":\"M\u00e1s de 40 empresas se capacitaron en c\u00f3mo exportar conocimiento - Diario Textual\",\"isPartOf\":{\"@id\":\"https:\\\/\\\/diariotextual.com\\\/inicio\\\/#website\"},\"primaryImageOfPage\":{\"@id\":\"https:\\\/\\\/diariotextual.com\\\/inicio\\\/index.php\\\/2023\\\/06\\\/28\\\/mas-de-40-empresas-se-capacitaron-en-como-exportar-conocimiento\\\/#primaryimage\"},\"image\":{\"@id\":\"https:\\\/\\\/diariotextual.com\\\/inicio\\\/index.php\\\/2023\\\/06\\\/28\\\/mas-de-40-empresas-se-capacitaron-en-como-exportar-conocimiento\\\/#primaryimage\"},\"thumbnailUrl\":\"https:\\\/\\\/diariotextual.com\\\/inicio\\\/wp-content\\\/uploads\\\/2023\\\/06\\\/lastiriecomex545-2.jpg\",\"datePublished\":\"2023-06-29T00:01:00+00:00\",\"dateModified\":\"2023-06-29T00:01:02+00:00\",\"breadcrumb\":{\"@id\":\"https:\\\/\\\/diariotextual.com\\\/inicio\\\/index.php\\\/2023\\\/06\\\/28\\\/mas-de-40-empresas-se-capacitaron-en-como-exportar-conocimiento\\\/#breadcrumb\"},\"inLanguage\":\"es\",\"potentialAction\":[{\"@type\":\"ReadAction\",\"target\":[\"https:\\\/\\\/diariotextual.com\\\/inicio\\\/index.php\\\/2023\\\/06\\\/28\\\/mas-de-40-empresas-se-capacitaron-en-como-exportar-conocimiento\\\/\"]}]},{\"@type\":\"ImageObject\",\"inLanguage\":\"es\",\"@id\":\"https:\\\/\\\/diariotextual.com\\\/inicio\\\/index.php\\\/2023\\\/06\\\/28\\\/mas-de-40-empresas-se-capacitaron-en-como-exportar-conocimiento\\\/#primaryimage\",\"url\":\"https:\\\/\\\/diariotextual.com\\\/inicio\\\/wp-content\\\/uploads\\\/2023\\\/06\\\/lastiriecomex545-2.jpg\",\"contentUrl\":\"https:\\\/\\\/diariotextual.com\\\/inicio\\\/wp-content\\\/uploads\\\/2023\\\/06\\\/lastiriecomex545-2.jpg\",\"width\":1000,\"height\":599},{\"@type\":\"BreadcrumbList\",\"@id\":\"https:\\\/\\\/diariotextual.com\\\/inicio\\\/index.php\\\/2023\\\/06\\\/28\\\/mas-de-40-empresas-se-capacitaron-en-como-exportar-conocimiento\\\/#breadcrumb\",\"itemListElement\":[{\"@type\":\"ListItem\",\"position\":1,\"name\":\"Portada\",\"item\":\"https:\\\/\\\/diariotextual.com\\\/inicio\\\/\"},{\"@type\":\"ListItem\",\"position\":2,\"name\":\"M\u00e1s de 40 empresas se capacitaron en c\u00f3mo exportar conocimiento\"}]},{\"@type\":\"WebSite\",\"@id\":\"https:\\\/\\\/diariotextual.com\\\/inicio\\\/#website\",\"url\":\"https:\\\/\\\/diariotextual.com\\\/inicio\\\/\",\"name\":\"Diario Textual\",\"description\":\"\",\"publisher\":{\"@id\":\"https:\\\/\\\/diariotextual.com\\\/inicio\\\/#organization\"},\"potentialAction\":[{\"@type\":\"SearchAction\",\"target\":{\"@type\":\"EntryPoint\",\"urlTemplate\":\"https:\\\/\\\/diariotextual.com\\\/inicio\\\/?s={search_term_string}\"},\"query-input\":{\"@type\":\"PropertyValueSpecification\",\"valueRequired\":true,\"valueName\":\"search_term_string\"}}],\"inLanguage\":\"es\"},{\"@type\":\"Organization\",\"@id\":\"https:\\\/\\\/diariotextual.com\\\/inicio\\\/#organization\",\"name\":\"Diario Textual\",\"url\":\"https:\\\/\\\/diariotextual.com\\\/inicio\\\/\",\"logo\":{\"@type\":\"ImageObject\",\"inLanguage\":\"es\",\"@id\":\"https:\\\/\\\/diariotextual.com\\\/inicio\\\/#\\\/schema\\\/logo\\\/image\\\/\",\"url\":\"https:\\\/\\\/diariotextual.com\\\/inicio\\\/wp-content\\\/uploads\\\/2023\\\/05\\\/logotextual1.jpg\",\"contentUrl\":\"https:\\\/\\\/diariotextual.com\\\/inicio\\\/wp-content\\\/uploads\\\/2023\\\/05\\\/logotextual1.jpg\",\"width\":516,\"height\":76,\"caption\":\"Diario Textual\"},\"image\":{\"@id\":\"https:\\\/\\\/diariotextual.com\\\/inicio\\\/#\\\/schema\\\/logo\\\/image\\\/\"},\"sameAs\":[\"https:\\\/\\\/www.facebook.com\\\/eltextual\",\"https:\\\/\\\/x.com\\\/eltextual\",\"http:\\\/\\\/www.instagram.com\\\/eltextual\"]},{\"@type\":\"Person\",\"@id\":\"https:\\\/\\\/diariotextual.com\\\/inicio\\\/#\\\/schema\\\/person\\\/694f60677f23c4a530867a98f22b3768\",\"name\":\"diario2\",\"image\":{\"@type\":\"ImageObject\",\"inLanguage\":\"es\",\"@id\":\"https:\\\/\\\/secure.gravatar.com\\\/avatar\\\/5a2567495ba16b852fcd8f1ed006a2e24fcace936018ed8237e95f488ad6e0a7?s=96&d=mm&r=g\",\"url\":\"https:\\\/\\\/secure.gravatar.com\\\/avatar\\\/5a2567495ba16b852fcd8f1ed006a2e24fcace936018ed8237e95f488ad6e0a7?s=96&d=mm&r=g\",\"contentUrl\":\"https:\\\/\\\/secure.gravatar.com\\\/avatar\\\/5a2567495ba16b852fcd8f1ed006a2e24fcace936018ed8237e95f488ad6e0a7?s=96&d=mm&r=g\",\"caption\":\"diario2\"},\"url\":\"https:\\\/\\\/diariotextual.com\\\/inicio\\\/index.php\\\/author\\\/diario2\\\/\"}]}<\/script>\n<!-- \/ Yoast SEO plugin. -->","yoast_head_json":{"title":"M\u00e1s de 40 empresas se capacitaron en c\u00f3mo exportar conocimiento - Diario Textual","robots":{"index":"index","follow":"follow","max-snippet":"max-snippet:-1","max-image-preview":"max-image-preview:large","max-video-preview":"max-video-preview:-1"},"canonical":"https:\/\/diariotextual.com\/inicio\/index.php\/2023\/06\/28\/mas-de-40-empresas-se-capacitaron-en-como-exportar-conocimiento\/","og_locale":"es_ES","og_type":"article","og_title":"M\u00e1s de 40 empresas se capacitaron en c\u00f3mo exportar conocimiento - Diario Textual","og_description":"En el marco de las pol\u00edticas de promoci\u00f3n de exportaciones que puso en marcha el gobernador Sergio Ziliotto, y las agencias I-COMEX La Pampa y CITIA, dependiente del Ministerio de&hellip;","og_url":"https:\/\/diariotextual.com\/inicio\/index.php\/2023\/06\/28\/mas-de-40-empresas-se-capacitaron-en-como-exportar-conocimiento\/","og_site_name":"Diario Textual","article_publisher":"https:\/\/www.facebook.com\/eltextual","article_published_time":"2023-06-29T00:01:00+00:00","article_modified_time":"2023-06-29T00:01:02+00:00","og_image":[{"width":1000,"height":599,"url":"https:\/\/diariotextual.com\/inicio\/wp-content\/uploads\/2023\/06\/lastiriecomex545-2.jpg","type":"image\/jpeg"}],"author":"diario2","twitter_card":"summary_large_image","twitter_creator":"@eltextual","twitter_site":"@eltextual","twitter_misc":{"Escrito por":"diario2","Tiempo de lectura":"4 minutos"},"schema":{"@context":"https:\/\/schema.org","@graph":[{"@type":"Article","@id":"https:\/\/diariotextual.com\/inicio\/index.php\/2023\/06\/28\/mas-de-40-empresas-se-capacitaron-en-como-exportar-conocimiento\/#article","isPartOf":{"@id":"https:\/\/diariotextual.com\/inicio\/index.php\/2023\/06\/28\/mas-de-40-empresas-se-capacitaron-en-como-exportar-conocimiento\/"},"author":{"name":"diario2","@id":"https:\/\/diariotextual.com\/inicio\/#\/schema\/person\/694f60677f23c4a530867a98f22b3768"},"headline":"M\u00e1s de 40 empresas se capacitaron en c\u00f3mo exportar conocimiento","datePublished":"2023-06-29T00:01:00+00:00","dateModified":"2023-06-29T00:01:02+00:00","mainEntityOfPage":{"@id":"https:\/\/diariotextual.com\/inicio\/index.php\/2023\/06\/28\/mas-de-40-empresas-se-capacitaron-en-como-exportar-conocimiento\/"},"wordCount":787,"publisher":{"@id":"https:\/\/diariotextual.com\/inicio\/#organization"},"image":{"@id":"https:\/\/diariotextual.com\/inicio\/index.php\/2023\/06\/28\/mas-de-40-empresas-se-capacitaron-en-como-exportar-conocimiento\/#primaryimage"},"thumbnailUrl":"https:\/\/diariotextual.com\/inicio\/wp-content\/uploads\/2023\/06\/lastiriecomex545-2.jpg","articleSection":["A - ES NOTICIA (van abajo)","SOCIEDAD"],"inLanguage":"es"},{"@type":"WebPage","@id":"https:\/\/diariotextual.com\/inicio\/index.php\/2023\/06\/28\/mas-de-40-empresas-se-capacitaron-en-como-exportar-conocimiento\/","url":"https:\/\/diariotextual.com\/inicio\/index.php\/2023\/06\/28\/mas-de-40-empresas-se-capacitaron-en-como-exportar-conocimiento\/","name":"M\u00e1s de 40 empresas se capacitaron en c\u00f3mo exportar conocimiento - Diario Textual","isPartOf":{"@id":"https:\/\/diariotextual.com\/inicio\/#website"},"primaryImageOfPage":{"@id":"https:\/\/diariotextual.com\/inicio\/index.php\/2023\/06\/28\/mas-de-40-empresas-se-capacitaron-en-como-exportar-conocimiento\/#primaryimage"},"image":{"@id":"https:\/\/diariotextual.com\/inicio\/index.php\/2023\/06\/28\/mas-de-40-empresas-se-capacitaron-en-como-exportar-conocimiento\/#primaryimage"},"thumbnailUrl":"https:\/\/diariotextual.com\/inicio\/wp-content\/uploads\/2023\/06\/lastiriecomex545-2.jpg","datePublished":"2023-06-29T00:01:00+00:00","dateModified":"2023-06-29T00:01:02+00:00","breadcrumb":{"@id":"https:\/\/diariotextual.com\/inicio\/index.php\/2023\/06\/28\/mas-de-40-empresas-se-capacitaron-en-como-exportar-conocimiento\/#breadcrumb"},"inLanguage":"es","potentialAction":[{"@type":"ReadAction","target":["https:\/\/diariotextual.com\/inicio\/index.php\/2023\/06\/28\/mas-de-40-empresas-se-capacitaron-en-como-exportar-conocimiento\/"]}]},{"@type":"ImageObject","inLanguage":"es","@id":"https:\/\/diariotextual.com\/inicio\/index.php\/2023\/06\/28\/mas-de-40-empresas-se-capacitaron-en-como-exportar-conocimiento\/#primaryimage","url":"https:\/\/diariotextual.com\/inicio\/wp-content\/uploads\/2023\/06\/lastiriecomex545-2.jpg","contentUrl":"https:\/\/diariotextual.com\/inicio\/wp-content\/uploads\/2023\/06\/lastiriecomex545-2.jpg","width":1000,"height":599},{"@type":"BreadcrumbList","@id":"https:\/\/diariotextual.com\/inicio\/index.php\/2023\/06\/28\/mas-de-40-empresas-se-capacitaron-en-como-exportar-conocimiento\/#breadcrumb","itemListElement":[{"@type":"ListItem","position":1,"name":"Portada","item":"https:\/\/diariotextual.com\/inicio\/"},{"@type":"ListItem","position":2,"name":"M\u00e1s de 40 empresas se capacitaron en c\u00f3mo exportar conocimiento"}]},{"@type":"WebSite","@id":"https:\/\/diariotextual.com\/inicio\/#website","url":"https:\/\/diariotextual.com\/inicio\/","name":"Diario Textual","description":"","publisher":{"@id":"https:\/\/diariotextual.com\/inicio\/#organization"},"potentialAction":[{"@type":"SearchAction","target":{"@type":"EntryPoint","urlTemplate":"https:\/\/diariotextual.com\/inicio\/?s={search_term_string}"},"query-input":{"@type":"PropertyValueSpecification","valueRequired":true,"valueName":"search_term_string"}}],"inLanguage":"es"},{"@type":"Organization","@id":"https:\/\/diariotextual.com\/inicio\/#organization","name":"Diario Textual","url":"https:\/\/diariotextual.com\/inicio\/","logo":{"@type":"ImageObject","inLanguage":"es","@id":"https:\/\/diariotextual.com\/inicio\/#\/schema\/logo\/image\/","url":"https:\/\/diariotextual.com\/inicio\/wp-content\/uploads\/2023\/05\/logotextual1.jpg","contentUrl":"https:\/\/diariotextual.com\/inicio\/wp-content\/uploads\/2023\/05\/logotextual1.jpg","width":516,"height":76,"caption":"Diario Textual"},"image":{"@id":"https:\/\/diariotextual.com\/inicio\/#\/schema\/logo\/image\/"},"sameAs":["https:\/\/www.facebook.com\/eltextual","https:\/\/x.com\/eltextual","http:\/\/www.instagram.com\/eltextual"]},{"@type":"Person","@id":"https:\/\/diariotextual.com\/inicio\/#\/schema\/person\/694f60677f23c4a530867a98f22b3768","name":"diario2","image":{"@type":"ImageObject","inLanguage":"es","@id":"https:\/\/secure.gravatar.com\/avatar\/5a2567495ba16b852fcd8f1ed006a2e24fcace936018ed8237e95f488ad6e0a7?s=96&d=mm&r=g","url":"https:\/\/secure.gravatar.com\/avatar\/5a2567495ba16b852fcd8f1ed006a2e24fcace936018ed8237e95f488ad6e0a7?s=96&d=mm&r=g","contentUrl":"https:\/\/secure.gravatar.com\/avatar\/5a2567495ba16b852fcd8f1ed006a2e24fcace936018ed8237e95f488ad6e0a7?s=96&d=mm&r=g","caption":"diario2"},"url":"https:\/\/diariotextual.com\/inicio\/index.php\/author\/diario2\/"}]}},"_links":{"self":[{"href":"https:\/\/diariotextual.com\/inicio\/index.php\/wp-json\/wp\/v2\/posts\/229762","targetHints":{"allow":["GET"]}}],"collection":[{"href":"https:\/\/diariotextual.com\/inicio\/index.php\/wp-json\/wp\/v2\/posts"}],"about":[{"href":"https:\/\/diariotextual.com\/inicio\/index.php\/wp-json\/wp\/v2\/types\/post"}],"author":[{"embeddable":true,"href":"https:\/\/diariotextual.com\/inicio\/index.php\/wp-json\/wp\/v2\/users\/4"}],"replies":[{"embeddable":true,"href":"https:\/\/diariotextual.com\/inicio\/index.php\/wp-json\/wp\/v2\/comments?post=229762"}],"version-history":[{"count":1,"href":"https:\/\/diariotextual.com\/inicio\/index.php\/wp-json\/wp\/v2\/posts\/229762\/revisions"}],"predecessor-version":[{"id":229763,"href":"https:\/\/diariotextual.com\/inicio\/index.php\/wp-json\/wp\/v2\/posts\/229762\/revisions\/229763"}],"wp:featuredmedia":[{"embeddable":true,"href":"https:\/\/diariotextual.com\/inicio\/index.php\/wp-json\/wp\/v2\/media\/229764"}],"wp:attachment":[{"href":"https:\/\/diariotextual.com\/inicio\/index.php\/wp-json\/wp\/v2\/media?parent=229762"}],"wp:term":[{"taxonomy":"category","embeddable":true,"href":"https:\/\/diariotextual.com\/inicio\/index.php\/wp-json\/wp\/v2\/categories?post=229762"},{"taxonomy":"post_tag","embeddable":true,"href":"https:\/\/diariotextual.com\/inicio\/index.php\/wp-json\/wp\/v2\/tags?post=229762"}],"curies":[{"name":"wp","href":"https:\/\/api.w.org\/{rel}","templated":true}]}}