{"id":229787,"date":"2023-06-29T09:30:27","date_gmt":"2023-06-29T12:30:27","guid":{"rendered":"https:\/\/diariotextual.com\/inicio\/?p=229787"},"modified":"2023-06-29T17:00:35","modified_gmt":"2023-06-29T20:00:35","slug":"denuncian-al-director-de-la-arena-por-violencia-verbal-y-psicologica","status":"publish","type":"post","link":"https:\/\/diariotextual.com\/inicio\/index.php\/2023\/06\/29\/denuncian-al-director-de-la-arena-por-violencia-verbal-y-psicologica\/","title":{"rendered":"Denuncias cruzadas que involucran al director de La Arena"},"content":{"rendered":"\n<p><strong>Leonardo Santesteban<\/strong>, uno de los due\u00f1os del diario La Arena y de Radio Noticias, fue denunciado en la Justicia por <strong>violencia verbal y psicol\u00f3gica<\/strong>. La presentaci\u00f3n la hizo su expareja, con quien tiene un hijo menor de edad y est\u00e1 en proceso de separaci\u00f3n. Sin embargo, el periodista dijo que esa presentaci\u00f3n de su ex es en respuesta a una denuncia previa suya. \u201cPrimero la denunci\u00e9 yo, hace 20 d\u00edas. Estoy siendo v\u00edctima de una falsa denuncia porque no quiere separarse\u201d, cont\u00f3, a modo de descargo, en Radio Noticias.<\/p>\n\n\n\n<p>La informaci\u00f3n de la denuncia contra el director de La Arena fue confirmada a <strong>Diario Textual<\/strong> por fuentes oficiales. \u201cEs una situaci\u00f3n judicializada a cargo de la doctora Ver\u00f3nica Ferrero\u201d, dijeron.<\/p>\n\n\n\n<p>Ferrero est\u00e1 al frente de la Fiscal\u00eda de Violencia de G\u00e9nero y Familiar y es quien tiene a cargo la investigaci\u00f3n. <\/p>\n\n\n\n<p>Seg\u00fan las fuentes consultadas por este diario digital, luego de la denuncia se realiz\u00f3 un allanamiento en la casa de Santesteban,&nbsp;ubicada en la zona de quintas de Toay, donde se secuestraron elementos, entre ellos un arma.<\/p>\n\n\n\n<p>El denunciado tiene un antecedente: en agosto de 2012&nbsp;fue denunciado por otra expareja, una mujer de 25 a\u00f1os, por&nbsp;violencia psicol\u00f3gica. Esa causa judicial finalmente no avanz\u00f3 y Santesteban fue sobrese\u00eddo.<\/p>\n\n\n\n<p>Este jueves, Santesteban hizo su descargo p\u00fablico. \u201cEstoy siendo v\u00edctima de una falsa denuncia porque no quiere separarse\u201d, dijo. \u201cEs una separaci\u00f3n que se est\u00e1 haciendo muy conflictiva porque mi expareja no quiere la separaci\u00f3n. As\u00ed que hace m\u00e1s de un mes, cuando le expres\u00e9 mi intenci\u00f3n se separarnos, comenc\u00e9 a ser v\u00edctima de una serie de hechos de violencia hacia m\u00ed y hacia mi hijo\u201d.<\/p>\n\n\n\n<p>\u201cA eso -agreg\u00f3- se le suman cuestiones de hecho, roturas de cosas de la casa, rayadas de auto, cosa que me llevaron a hacerle una denuncia ante la oficina de violencia dom\u00e9stica hace 20 d\u00edas\u201d.<\/p>\n\n\n\n<p>\u201cLa justicia, \u00bftan ciega que es, toma una denuncia de una persona que fue denunciada?\u201d, se pregunt\u00f3 el periodista.<\/p>\n\n\n\n<p>\u201cComo no cesaba la violencia, hicimos un pedido de mediaci\u00f3n para que la Justicia sea la que resuelva, una situaci\u00f3n que por el di\u00e1logo no se pod\u00eda resolver. El mismo d\u00eda que me denuncia por supuesta y falsa denuncia, mi expareja no concurre a la audiencia de exclusi\u00f3n de hogar, con la defensora de menor, Mar\u00eda Gabriela Manera, hace una denuncia en mi contra y el juez (Carlos) Ord\u00e1s ordena un allanamiento\u2026, y a la fiscala, que creo que se llama Ferrero, \u00bfno revisan las computadoras para ver todo? Esta separaci\u00f3n se est\u00e1 haciendo conflictiva no por m\u00ed, que estoy apelando al di\u00e1logo, sino por la otra parte, que tiene pretensiones econ\u00f3micas que no puede cumplir y que la ley no me obliga\u201d, dijo.<\/p>\n\n\n\n<p><\/p>\n","protected":false},"excerpt":{"rendered":"<p>Leonardo Santesteban, uno de los due\u00f1os del diario La Arena y de Radio Noticias, fue denunciado en la Justicia por violencia verbal y psicol\u00f3gica. La presentaci\u00f3n la hizo su expareja,&hellip;<\/p>\n","protected":false},"author":7,"featured_media":1526,"comment_status":"closed","ping_status":"open","sticky":false,"template":"","format":"standard","meta":{"_acf_changed":false,"footnotes":""},"categories":[12],"tags":[],"class_list":["post-229787","post","type-post","status-publish","format-standard","has-post-thumbnail","hentry","category-sociedad"],"acf":[],"yoast_head":"<!-- This site is optimized with the Yoast SEO plugin v27.5 - https:\/\/yoast.com\/product\/yoast-seo-wordpress\/ -->\n<title>Denuncias cruzadas que involucran al director de La Arena - Diario Textual<\/title>\n<meta name=\"robots\" content=\"index, follow, max-snippet:-1, max-image-preview:large, max-video-preview:-1\" \/>\n<link rel=\"canonical\" href=\"https:\/\/diariotextual.com\/inicio\/index.php\/2023\/06\/29\/denuncian-al-director-de-la-arena-por-violencia-verbal-y-psicologica\/\" \/>\n<meta property=\"og:locale\" content=\"es_ES\" \/>\n<meta property=\"og:type\" content=\"article\" \/>\n<meta property=\"og:title\" content=\"Denuncias cruzadas que involucran al director de La Arena - Diario Textual\" \/>\n<meta property=\"og:description\" content=\"Leonardo Santesteban, uno de los due\u00f1os del diario La Arena y de Radio Noticias, fue denunciado en la Justicia por violencia verbal y psicol\u00f3gica. La presentaci\u00f3n la hizo su expareja,&hellip;\" \/>\n<meta property=\"og:url\" content=\"https:\/\/diariotextual.com\/inicio\/index.php\/2023\/06\/29\/denuncian-al-director-de-la-arena-por-violencia-verbal-y-psicologica\/\" \/>\n<meta property=\"og:site_name\" content=\"Diario Textual\" \/>\n<meta property=\"article:publisher\" content=\"https:\/\/www.facebook.com\/eltextual\" \/>\n<meta property=\"article:published_time\" content=\"2023-06-29T12:30:27+00:00\" \/>\n<meta property=\"article:modified_time\" content=\"2023-06-29T20:00:35+00:00\" \/>\n<meta property=\"og:image\" content=\"https:\/\/diariotextual.com\/inicio\/wp-content\/uploads\/2018\/03\/centrojudicialstarosa2222.jpg\" \/>\n\t<meta property=\"og:image:width\" content=\"650\" \/>\n\t<meta property=\"og:image:height\" content=\"426\" \/>\n\t<meta property=\"og:image:type\" content=\"image\/jpeg\" \/>\n<meta name=\"author\" content=\"diario5\" \/>\n<meta name=\"twitter:card\" content=\"summary_large_image\" \/>\n<meta name=\"twitter:creator\" content=\"@eltextual\" \/>\n<meta name=\"twitter:site\" content=\"@eltextual\" \/>\n<meta name=\"twitter:label1\" content=\"Escrito por\" \/>\n\t<meta name=\"twitter:data1\" content=\"diario5\" \/>\n\t<meta name=\"twitter:label2\" content=\"Tiempo de lectura\" \/>\n\t<meta name=\"twitter:data2\" content=\"3 minutos\" \/>\n<script type=\"application\/ld+json\" class=\"yoast-schema-graph\">{\"@context\":\"https:\\\/\\\/schema.org\",\"@graph\":[{\"@type\":\"Article\",\"@id\":\"https:\\\/\\\/diariotextual.com\\\/inicio\\\/index.php\\\/2023\\\/06\\\/29\\\/denuncian-al-director-de-la-arena-por-violencia-verbal-y-psicologica\\\/#article\",\"isPartOf\":{\"@id\":\"https:\\\/\\\/diariotextual.com\\\/inicio\\\/index.php\\\/2023\\\/06\\\/29\\\/denuncian-al-director-de-la-arena-por-violencia-verbal-y-psicologica\\\/\"},\"author\":{\"name\":\"diario5\",\"@id\":\"https:\\\/\\\/diariotextual.com\\\/inicio\\\/#\\\/schema\\\/person\\\/c7834961ad8b29b1d9cdbf4571299067\"},\"headline\":\"Denuncias cruzadas que involucran al director de La Arena\",\"datePublished\":\"2023-06-29T12:30:27+00:00\",\"dateModified\":\"2023-06-29T20:00:35+00:00\",\"mainEntityOfPage\":{\"@id\":\"https:\\\/\\\/diariotextual.com\\\/inicio\\\/index.php\\\/2023\\\/06\\\/29\\\/denuncian-al-director-de-la-arena-por-violencia-verbal-y-psicologica\\\/\"},\"wordCount\":500,\"publisher\":{\"@id\":\"https:\\\/\\\/diariotextual.com\\\/inicio\\\/#organization\"},\"image\":{\"@id\":\"https:\\\/\\\/diariotextual.com\\\/inicio\\\/index.php\\\/2023\\\/06\\\/29\\\/denuncian-al-director-de-la-arena-por-violencia-verbal-y-psicologica\\\/#primaryimage\"},\"thumbnailUrl\":\"https:\\\/\\\/diariotextual.com\\\/inicio\\\/wp-content\\\/uploads\\\/2018\\\/03\\\/centrojudicialstarosa2222.jpg\",\"articleSection\":[\"SOCIEDAD\"],\"inLanguage\":\"es\"},{\"@type\":\"WebPage\",\"@id\":\"https:\\\/\\\/diariotextual.com\\\/inicio\\\/index.php\\\/2023\\\/06\\\/29\\\/denuncian-al-director-de-la-arena-por-violencia-verbal-y-psicologica\\\/\",\"url\":\"https:\\\/\\\/diariotextual.com\\\/inicio\\\/index.php\\\/2023\\\/06\\\/29\\\/denuncian-al-director-de-la-arena-por-violencia-verbal-y-psicologica\\\/\",\"name\":\"Denuncias cruzadas que involucran al director de La Arena - Diario Textual\",\"isPartOf\":{\"@id\":\"https:\\\/\\\/diariotextual.com\\\/inicio\\\/#website\"},\"primaryImageOfPage\":{\"@id\":\"https:\\\/\\\/diariotextual.com\\\/inicio\\\/index.php\\\/2023\\\/06\\\/29\\\/denuncian-al-director-de-la-arena-por-violencia-verbal-y-psicologica\\\/#primaryimage\"},\"image\":{\"@id\":\"https:\\\/\\\/diariotextual.com\\\/inicio\\\/index.php\\\/2023\\\/06\\\/29\\\/denuncian-al-director-de-la-arena-por-violencia-verbal-y-psicologica\\\/#primaryimage\"},\"thumbnailUrl\":\"https:\\\/\\\/diariotextual.com\\\/inicio\\\/wp-content\\\/uploads\\\/2018\\\/03\\\/centrojudicialstarosa2222.jpg\",\"datePublished\":\"2023-06-29T12:30:27+00:00\",\"dateModified\":\"2023-06-29T20:00:35+00:00\",\"breadcrumb\":{\"@id\":\"https:\\\/\\\/diariotextual.com\\\/inicio\\\/index.php\\\/2023\\\/06\\\/29\\\/denuncian-al-director-de-la-arena-por-violencia-verbal-y-psicologica\\\/#breadcrumb\"},\"inLanguage\":\"es\",\"potentialAction\":[{\"@type\":\"ReadAction\",\"target\":[\"https:\\\/\\\/diariotextual.com\\\/inicio\\\/index.php\\\/2023\\\/06\\\/29\\\/denuncian-al-director-de-la-arena-por-violencia-verbal-y-psicologica\\\/\"]}]},{\"@type\":\"ImageObject\",\"inLanguage\":\"es\",\"@id\":\"https:\\\/\\\/diariotextual.com\\\/inicio\\\/index.php\\\/2023\\\/06\\\/29\\\/denuncian-al-director-de-la-arena-por-violencia-verbal-y-psicologica\\\/#primaryimage\",\"url\":\"https:\\\/\\\/diariotextual.com\\\/inicio\\\/wp-content\\\/uploads\\\/2018\\\/03\\\/centrojudicialstarosa2222.jpg\",\"contentUrl\":\"https:\\\/\\\/diariotextual.com\\\/inicio\\\/wp-content\\\/uploads\\\/2018\\\/03\\\/centrojudicialstarosa2222.jpg\",\"width\":650,\"height\":426},{\"@type\":\"BreadcrumbList\",\"@id\":\"https:\\\/\\\/diariotextual.com\\\/inicio\\\/index.php\\\/2023\\\/06\\\/29\\\/denuncian-al-director-de-la-arena-por-violencia-verbal-y-psicologica\\\/#breadcrumb\",\"itemListElement\":[{\"@type\":\"ListItem\",\"position\":1,\"name\":\"Portada\",\"item\":\"https:\\\/\\\/diariotextual.com\\\/inicio\\\/\"},{\"@type\":\"ListItem\",\"position\":2,\"name\":\"Denuncias cruzadas que involucran al director de La Arena\"}]},{\"@type\":\"WebSite\",\"@id\":\"https:\\\/\\\/diariotextual.com\\\/inicio\\\/#website\",\"url\":\"https:\\\/\\\/diariotextual.com\\\/inicio\\\/\",\"name\":\"Diario Textual\",\"description\":\"\",\"publisher\":{\"@id\":\"https:\\\/\\\/diariotextual.com\\\/inicio\\\/#organization\"},\"potentialAction\":[{\"@type\":\"SearchAction\",\"target\":{\"@type\":\"EntryPoint\",\"urlTemplate\":\"https:\\\/\\\/diariotextual.com\\\/inicio\\\/?s={search_term_string}\"},\"query-input\":{\"@type\":\"PropertyValueSpecification\",\"valueRequired\":true,\"valueName\":\"search_term_string\"}}],\"inLanguage\":\"es\"},{\"@type\":\"Organization\",\"@id\":\"https:\\\/\\\/diariotextual.com\\\/inicio\\\/#organization\",\"name\":\"Diario Textual\",\"url\":\"https:\\\/\\\/diariotextual.com\\\/inicio\\\/\",\"logo\":{\"@type\":\"ImageObject\",\"inLanguage\":\"es\",\"@id\":\"https:\\\/\\\/diariotextual.com\\\/inicio\\\/#\\\/schema\\\/logo\\\/image\\\/\",\"url\":\"https:\\\/\\\/diariotextual.com\\\/inicio\\\/wp-content\\\/uploads\\\/2023\\\/05\\\/logotextual1.jpg\",\"contentUrl\":\"https:\\\/\\\/diariotextual.com\\\/inicio\\\/wp-content\\\/uploads\\\/2023\\\/05\\\/logotextual1.jpg\",\"width\":516,\"height\":76,\"caption\":\"Diario Textual\"},\"image\":{\"@id\":\"https:\\\/\\\/diariotextual.com\\\/inicio\\\/#\\\/schema\\\/logo\\\/image\\\/\"},\"sameAs\":[\"https:\\\/\\\/www.facebook.com\\\/eltextual\",\"https:\\\/\\\/x.com\\\/eltextual\",\"http:\\\/\\\/www.instagram.com\\\/eltextual\"]},{\"@type\":\"Person\",\"@id\":\"https:\\\/\\\/diariotextual.com\\\/inicio\\\/#\\\/schema\\\/person\\\/c7834961ad8b29b1d9cdbf4571299067\",\"name\":\"diario5\",\"image\":{\"@type\":\"ImageObject\",\"inLanguage\":\"es\",\"@id\":\"https:\\\/\\\/secure.gravatar.com\\\/avatar\\\/948c893b847ca6df68216ead81b63f363408ec9b0f600fefc0641ce78613b111?s=96&d=mm&r=g\",\"url\":\"https:\\\/\\\/secure.gravatar.com\\\/avatar\\\/948c893b847ca6df68216ead81b63f363408ec9b0f600fefc0641ce78613b111?s=96&d=mm&r=g\",\"contentUrl\":\"https:\\\/\\\/secure.gravatar.com\\\/avatar\\\/948c893b847ca6df68216ead81b63f363408ec9b0f600fefc0641ce78613b111?s=96&d=mm&r=g\",\"caption\":\"diario5\"},\"url\":\"https:\\\/\\\/diariotextual.com\\\/inicio\\\/index.php\\\/author\\\/diario5\\\/\"}]}<\/script>\n<!-- \/ Yoast SEO plugin. -->","yoast_head_json":{"title":"Denuncias cruzadas que involucran al director de La Arena - Diario Textual","robots":{"index":"index","follow":"follow","max-snippet":"max-snippet:-1","max-image-preview":"max-image-preview:large","max-video-preview":"max-video-preview:-1"},"canonical":"https:\/\/diariotextual.com\/inicio\/index.php\/2023\/06\/29\/denuncian-al-director-de-la-arena-por-violencia-verbal-y-psicologica\/","og_locale":"es_ES","og_type":"article","og_title":"Denuncias cruzadas que involucran al director de La Arena - Diario Textual","og_description":"Leonardo Santesteban, uno de los due\u00f1os del diario La Arena y de Radio Noticias, fue denunciado en la Justicia por violencia verbal y psicol\u00f3gica. La presentaci\u00f3n la hizo su expareja,&hellip;","og_url":"https:\/\/diariotextual.com\/inicio\/index.php\/2023\/06\/29\/denuncian-al-director-de-la-arena-por-violencia-verbal-y-psicologica\/","og_site_name":"Diario Textual","article_publisher":"https:\/\/www.facebook.com\/eltextual","article_published_time":"2023-06-29T12:30:27+00:00","article_modified_time":"2023-06-29T20:00:35+00:00","og_image":[{"width":650,"height":426,"url":"https:\/\/diariotextual.com\/inicio\/wp-content\/uploads\/2018\/03\/centrojudicialstarosa2222.jpg","type":"image\/jpeg"}],"author":"diario5","twitter_card":"summary_large_image","twitter_creator":"@eltextual","twitter_site":"@eltextual","twitter_misc":{"Escrito por":"diario5","Tiempo de lectura":"3 minutos"},"schema":{"@context":"https:\/\/schema.org","@graph":[{"@type":"Article","@id":"https:\/\/diariotextual.com\/inicio\/index.php\/2023\/06\/29\/denuncian-al-director-de-la-arena-por-violencia-verbal-y-psicologica\/#article","isPartOf":{"@id":"https:\/\/diariotextual.com\/inicio\/index.php\/2023\/06\/29\/denuncian-al-director-de-la-arena-por-violencia-verbal-y-psicologica\/"},"author":{"name":"diario5","@id":"https:\/\/diariotextual.com\/inicio\/#\/schema\/person\/c7834961ad8b29b1d9cdbf4571299067"},"headline":"Denuncias cruzadas que involucran al director de La Arena","datePublished":"2023-06-29T12:30:27+00:00","dateModified":"2023-06-29T20:00:35+00:00","mainEntityOfPage":{"@id":"https:\/\/diariotextual.com\/inicio\/index.php\/2023\/06\/29\/denuncian-al-director-de-la-arena-por-violencia-verbal-y-psicologica\/"},"wordCount":500,"publisher":{"@id":"https:\/\/diariotextual.com\/inicio\/#organization"},"image":{"@id":"https:\/\/diariotextual.com\/inicio\/index.php\/2023\/06\/29\/denuncian-al-director-de-la-arena-por-violencia-verbal-y-psicologica\/#primaryimage"},"thumbnailUrl":"https:\/\/diariotextual.com\/inicio\/wp-content\/uploads\/2018\/03\/centrojudicialstarosa2222.jpg","articleSection":["SOCIEDAD"],"inLanguage":"es"},{"@type":"WebPage","@id":"https:\/\/diariotextual.com\/inicio\/index.php\/2023\/06\/29\/denuncian-al-director-de-la-arena-por-violencia-verbal-y-psicologica\/","url":"https:\/\/diariotextual.com\/inicio\/index.php\/2023\/06\/29\/denuncian-al-director-de-la-arena-por-violencia-verbal-y-psicologica\/","name":"Denuncias cruzadas que involucran al director de La Arena - Diario Textual","isPartOf":{"@id":"https:\/\/diariotextual.com\/inicio\/#website"},"primaryImageOfPage":{"@id":"https:\/\/diariotextual.com\/inicio\/index.php\/2023\/06\/29\/denuncian-al-director-de-la-arena-por-violencia-verbal-y-psicologica\/#primaryimage"},"image":{"@id":"https:\/\/diariotextual.com\/inicio\/index.php\/2023\/06\/29\/denuncian-al-director-de-la-arena-por-violencia-verbal-y-psicologica\/#primaryimage"},"thumbnailUrl":"https:\/\/diariotextual.com\/inicio\/wp-content\/uploads\/2018\/03\/centrojudicialstarosa2222.jpg","datePublished":"2023-06-29T12:30:27+00:00","dateModified":"2023-06-29T20:00:35+00:00","breadcrumb":{"@id":"https:\/\/diariotextual.com\/inicio\/index.php\/2023\/06\/29\/denuncian-al-director-de-la-arena-por-violencia-verbal-y-psicologica\/#breadcrumb"},"inLanguage":"es","potentialAction":[{"@type":"ReadAction","target":["https:\/\/diariotextual.com\/inicio\/index.php\/2023\/06\/29\/denuncian-al-director-de-la-arena-por-violencia-verbal-y-psicologica\/"]}]},{"@type":"ImageObject","inLanguage":"es","@id":"https:\/\/diariotextual.com\/inicio\/index.php\/2023\/06\/29\/denuncian-al-director-de-la-arena-por-violencia-verbal-y-psicologica\/#primaryimage","url":"https:\/\/diariotextual.com\/inicio\/wp-content\/uploads\/2018\/03\/centrojudicialstarosa2222.jpg","contentUrl":"https:\/\/diariotextual.com\/inicio\/wp-content\/uploads\/2018\/03\/centrojudicialstarosa2222.jpg","width":650,"height":426},{"@type":"BreadcrumbList","@id":"https:\/\/diariotextual.com\/inicio\/index.php\/2023\/06\/29\/denuncian-al-director-de-la-arena-por-violencia-verbal-y-psicologica\/#breadcrumb","itemListElement":[{"@type":"ListItem","position":1,"name":"Portada","item":"https:\/\/diariotextual.com\/inicio\/"},{"@type":"ListItem","position":2,"name":"Denuncias cruzadas que involucran al director de La Arena"}]},{"@type":"WebSite","@id":"https:\/\/diariotextual.com\/inicio\/#website","url":"https:\/\/diariotextual.com\/inicio\/","name":"Diario Textual","description":"","publisher":{"@id":"https:\/\/diariotextual.com\/inicio\/#organization"},"potentialAction":[{"@type":"SearchAction","target":{"@type":"EntryPoint","urlTemplate":"https:\/\/diariotextual.com\/inicio\/?s={search_term_string}"},"query-input":{"@type":"PropertyValueSpecification","valueRequired":true,"valueName":"search_term_string"}}],"inLanguage":"es"},{"@type":"Organization","@id":"https:\/\/diariotextual.com\/inicio\/#organization","name":"Diario Textual","url":"https:\/\/diariotextual.com\/inicio\/","logo":{"@type":"ImageObject","inLanguage":"es","@id":"https:\/\/diariotextual.com\/inicio\/#\/schema\/logo\/image\/","url":"https:\/\/diariotextual.com\/inicio\/wp-content\/uploads\/2023\/05\/logotextual1.jpg","contentUrl":"https:\/\/diariotextual.com\/inicio\/wp-content\/uploads\/2023\/05\/logotextual1.jpg","width":516,"height":76,"caption":"Diario Textual"},"image":{"@id":"https:\/\/diariotextual.com\/inicio\/#\/schema\/logo\/image\/"},"sameAs":["https:\/\/www.facebook.com\/eltextual","https:\/\/x.com\/eltextual","http:\/\/www.instagram.com\/eltextual"]},{"@type":"Person","@id":"https:\/\/diariotextual.com\/inicio\/#\/schema\/person\/c7834961ad8b29b1d9cdbf4571299067","name":"diario5","image":{"@type":"ImageObject","inLanguage":"es","@id":"https:\/\/secure.gravatar.com\/avatar\/948c893b847ca6df68216ead81b63f363408ec9b0f600fefc0641ce78613b111?s=96&d=mm&r=g","url":"https:\/\/secure.gravatar.com\/avatar\/948c893b847ca6df68216ead81b63f363408ec9b0f600fefc0641ce78613b111?s=96&d=mm&r=g","contentUrl":"https:\/\/secure.gravatar.com\/avatar\/948c893b847ca6df68216ead81b63f363408ec9b0f600fefc0641ce78613b111?s=96&d=mm&r=g","caption":"diario5"},"url":"https:\/\/diariotextual.com\/inicio\/index.php\/author\/diario5\/"}]}},"_links":{"self":[{"href":"https:\/\/diariotextual.com\/inicio\/index.php\/wp-json\/wp\/v2\/posts\/229787","targetHints":{"allow":["GET"]}}],"collection":[{"href":"https:\/\/diariotextual.com\/inicio\/index.php\/wp-json\/wp\/v2\/posts"}],"about":[{"href":"https:\/\/diariotextual.com\/inicio\/index.php\/wp-json\/wp\/v2\/types\/post"}],"author":[{"embeddable":true,"href":"https:\/\/diariotextual.com\/inicio\/index.php\/wp-json\/wp\/v2\/users\/7"}],"replies":[{"embeddable":true,"href":"https:\/\/diariotextual.com\/inicio\/index.php\/wp-json\/wp\/v2\/comments?post=229787"}],"version-history":[{"count":8,"href":"https:\/\/diariotextual.com\/inicio\/index.php\/wp-json\/wp\/v2\/posts\/229787\/revisions"}],"predecessor-version":[{"id":229835,"href":"https:\/\/diariotextual.com\/inicio\/index.php\/wp-json\/wp\/v2\/posts\/229787\/revisions\/229835"}],"wp:featuredmedia":[{"embeddable":true,"href":"https:\/\/diariotextual.com\/inicio\/index.php\/wp-json\/wp\/v2\/media\/1526"}],"wp:attachment":[{"href":"https:\/\/diariotextual.com\/inicio\/index.php\/wp-json\/wp\/v2\/media?parent=229787"}],"wp:term":[{"taxonomy":"category","embeddable":true,"href":"https:\/\/diariotextual.com\/inicio\/index.php\/wp-json\/wp\/v2\/categories?post=229787"},{"taxonomy":"post_tag","embeddable":true,"href":"https:\/\/diariotextual.com\/inicio\/index.php\/wp-json\/wp\/v2\/tags?post=229787"}],"curies":[{"name":"wp","href":"https:\/\/api.w.org\/{rel}","templated":true}]}}