{"id":229804,"date":"2023-06-29T10:30:05","date_gmt":"2023-06-29T13:30:05","guid":{"rendered":"https:\/\/diariotextual.com\/inicio\/?p=229804"},"modified":"2023-06-29T12:59:05","modified_gmt":"2023-06-29T15:59:05","slug":"bloqueo-sanitario-en-el-centro-de-santa-rosa-por-un-murcielago-con-rabia","status":"publish","type":"post","link":"https:\/\/diariotextual.com\/inicio\/index.php\/2023\/06\/29\/bloqueo-sanitario-en-el-centro-de-santa-rosa-por-un-murcielago-con-rabia\/","title":{"rendered":"Bloqueo sanitario en el centro de Santa Rosa por un murci\u00e9lago con rabia"},"content":{"rendered":"\n<p>La municipalidad de Santa Rosa inform\u00f3 que el d\u00eda viernes 30 de junio el personal de la Direcci\u00f3n de Protecci\u00f3n Ambiental realizar\u00e1 un bloqueo sanitario en la zona centro de la ciudad, entre las calles Mansilla y Marcelo T. de Alvear y entre Avellaneda y Rivadavia, de 9 a 12 horas.<\/p>\n\n\n\n<p>M\u00e9dicos veterinarios y ayudantes del \u00e1rea de Zoonosis Municipal llevar\u00e1n a cabo un operativo de vacunaci\u00f3n antirr\u00e1bica para felinos y caninos a partir de los tres meses de edad.<\/p>\n\n\n\n<p>La intendencia recomend\u00f3 a las y los vecinos que acerquen sus mascotas hasta la vereda para facilitar las tareas de vacunaci\u00f3n del personal, que contar\u00e1 con todas las medidas de bioseguridad necesarias. \u201cLa puesta en marcha de este procedimiento se debe a la notificaci\u00f3n de un murci\u00e9lago positivo de rabia en un domicilio de la calle Mansilla, enviado posteriormente para su an\u00e1lisis al Instituto Pasteur, por intermedio de la Direcci\u00f3n de Epidemiolog\u00eda de la Provincia\u201d, inform\u00f3.<\/p>\n\n\n\n<p>La vacunaci\u00f3n es obligatoria en perros y gatos a partir de los tres meses de edad y con frecuencia anual.<\/p>\n\n\n\n<p><\/p>\n","protected":false},"excerpt":{"rendered":"<p>La municipalidad de Santa Rosa inform\u00f3 que el d\u00eda viernes 30 de junio el personal de la Direcci\u00f3n de Protecci\u00f3n Ambiental realizar\u00e1 un bloqueo sanitario en la zona centro de&hellip;<\/p>\n","protected":false},"author":3,"featured_media":220318,"comment_status":"closed","ping_status":"open","sticky":false,"template":"","format":"standard","meta":{"_acf_changed":false,"footnotes":""},"categories":[1,12],"tags":[],"class_list":["post-229804","post","type-post","status-publish","format-standard","has-post-thumbnail","hentry","category-es-noticia","category-sociedad"],"acf":[],"yoast_head":"<!-- This site is optimized with the Yoast SEO plugin v27.5 - https:\/\/yoast.com\/product\/yoast-seo-wordpress\/ -->\n<title>Bloqueo sanitario en el centro de Santa Rosa por un murci\u00e9lago con rabia - Diario Textual<\/title>\n<meta name=\"robots\" content=\"index, follow, max-snippet:-1, max-image-preview:large, max-video-preview:-1\" \/>\n<link rel=\"canonical\" href=\"https:\/\/diariotextual.com\/inicio\/index.php\/2023\/06\/29\/bloqueo-sanitario-en-el-centro-de-santa-rosa-por-un-murcielago-con-rabia\/\" \/>\n<meta property=\"og:locale\" content=\"es_ES\" \/>\n<meta property=\"og:type\" content=\"article\" \/>\n<meta property=\"og:title\" content=\"Bloqueo sanitario en el centro de Santa Rosa por un murci\u00e9lago con rabia - Diario Textual\" \/>\n<meta property=\"og:description\" content=\"La municipalidad de Santa Rosa inform\u00f3 que el d\u00eda viernes 30 de junio el personal de la Direcci\u00f3n de Protecci\u00f3n Ambiental realizar\u00e1 un bloqueo sanitario en la zona centro de&hellip;\" \/>\n<meta property=\"og:url\" content=\"https:\/\/diariotextual.com\/inicio\/index.php\/2023\/06\/29\/bloqueo-sanitario-en-el-centro-de-santa-rosa-por-un-murcielago-con-rabia\/\" \/>\n<meta property=\"og:site_name\" content=\"Diario Textual\" \/>\n<meta property=\"article:publisher\" content=\"https:\/\/www.facebook.com\/eltextual\" \/>\n<meta property=\"article:published_time\" content=\"2023-06-29T13:30:05+00:00\" \/>\n<meta property=\"article:modified_time\" content=\"2023-06-29T15:59:05+00:00\" \/>\n<meta property=\"og:image\" content=\"https:\/\/diariotextual.com\/inicio\/wp-content\/uploads\/2023\/03\/vacunacionantirrabicasantarosamurcielago2023-1.jpeg\" \/>\n\t<meta property=\"og:image:width\" content=\"1280\" \/>\n\t<meta property=\"og:image:height\" content=\"838\" \/>\n\t<meta property=\"og:image:type\" content=\"image\/jpeg\" \/>\n<meta name=\"author\" content=\"Diario1 Diario1\" \/>\n<meta name=\"twitter:card\" content=\"summary_large_image\" \/>\n<meta name=\"twitter:creator\" content=\"@eltextual\" \/>\n<meta name=\"twitter:site\" content=\"@eltextual\" \/>\n<meta name=\"twitter:label1\" content=\"Escrito por\" \/>\n\t<meta name=\"twitter:data1\" content=\"Diario1 Diario1\" \/>\n\t<meta name=\"twitter:label2\" content=\"Tiempo de lectura\" \/>\n\t<meta name=\"twitter:data2\" content=\"1 minuto\" \/>\n<script type=\"application\/ld+json\" class=\"yoast-schema-graph\">{\"@context\":\"https:\\\/\\\/schema.org\",\"@graph\":[{\"@type\":\"Article\",\"@id\":\"https:\\\/\\\/diariotextual.com\\\/inicio\\\/index.php\\\/2023\\\/06\\\/29\\\/bloqueo-sanitario-en-el-centro-de-santa-rosa-por-un-murcielago-con-rabia\\\/#article\",\"isPartOf\":{\"@id\":\"https:\\\/\\\/diariotextual.com\\\/inicio\\\/index.php\\\/2023\\\/06\\\/29\\\/bloqueo-sanitario-en-el-centro-de-santa-rosa-por-un-murcielago-con-rabia\\\/\"},\"author\":{\"name\":\"Diario1 Diario1\",\"@id\":\"https:\\\/\\\/diariotextual.com\\\/inicio\\\/#\\\/schema\\\/person\\\/418fc4093c33e86ed41562db3508f958\"},\"headline\":\"Bloqueo sanitario en el centro de Santa Rosa por un murci\u00e9lago con rabia\",\"datePublished\":\"2023-06-29T13:30:05+00:00\",\"dateModified\":\"2023-06-29T15:59:05+00:00\",\"mainEntityOfPage\":{\"@id\":\"https:\\\/\\\/diariotextual.com\\\/inicio\\\/index.php\\\/2023\\\/06\\\/29\\\/bloqueo-sanitario-en-el-centro-de-santa-rosa-por-un-murcielago-con-rabia\\\/\"},\"wordCount\":201,\"publisher\":{\"@id\":\"https:\\\/\\\/diariotextual.com\\\/inicio\\\/#organization\"},\"image\":{\"@id\":\"https:\\\/\\\/diariotextual.com\\\/inicio\\\/index.php\\\/2023\\\/06\\\/29\\\/bloqueo-sanitario-en-el-centro-de-santa-rosa-por-un-murcielago-con-rabia\\\/#primaryimage\"},\"thumbnailUrl\":\"https:\\\/\\\/diariotextual.com\\\/inicio\\\/wp-content\\\/uploads\\\/2023\\\/03\\\/vacunacionantirrabicasantarosamurcielago2023-1.jpeg\",\"articleSection\":[\"A - ES NOTICIA (van abajo)\",\"SOCIEDAD\"],\"inLanguage\":\"es\"},{\"@type\":\"WebPage\",\"@id\":\"https:\\\/\\\/diariotextual.com\\\/inicio\\\/index.php\\\/2023\\\/06\\\/29\\\/bloqueo-sanitario-en-el-centro-de-santa-rosa-por-un-murcielago-con-rabia\\\/\",\"url\":\"https:\\\/\\\/diariotextual.com\\\/inicio\\\/index.php\\\/2023\\\/06\\\/29\\\/bloqueo-sanitario-en-el-centro-de-santa-rosa-por-un-murcielago-con-rabia\\\/\",\"name\":\"Bloqueo sanitario en el centro de Santa Rosa por un murci\u00e9lago con rabia - Diario Textual\",\"isPartOf\":{\"@id\":\"https:\\\/\\\/diariotextual.com\\\/inicio\\\/#website\"},\"primaryImageOfPage\":{\"@id\":\"https:\\\/\\\/diariotextual.com\\\/inicio\\\/index.php\\\/2023\\\/06\\\/29\\\/bloqueo-sanitario-en-el-centro-de-santa-rosa-por-un-murcielago-con-rabia\\\/#primaryimage\"},\"image\":{\"@id\":\"https:\\\/\\\/diariotextual.com\\\/inicio\\\/index.php\\\/2023\\\/06\\\/29\\\/bloqueo-sanitario-en-el-centro-de-santa-rosa-por-un-murcielago-con-rabia\\\/#primaryimage\"},\"thumbnailUrl\":\"https:\\\/\\\/diariotextual.com\\\/inicio\\\/wp-content\\\/uploads\\\/2023\\\/03\\\/vacunacionantirrabicasantarosamurcielago2023-1.jpeg\",\"datePublished\":\"2023-06-29T13:30:05+00:00\",\"dateModified\":\"2023-06-29T15:59:05+00:00\",\"breadcrumb\":{\"@id\":\"https:\\\/\\\/diariotextual.com\\\/inicio\\\/index.php\\\/2023\\\/06\\\/29\\\/bloqueo-sanitario-en-el-centro-de-santa-rosa-por-un-murcielago-con-rabia\\\/#breadcrumb\"},\"inLanguage\":\"es\",\"potentialAction\":[{\"@type\":\"ReadAction\",\"target\":[\"https:\\\/\\\/diariotextual.com\\\/inicio\\\/index.php\\\/2023\\\/06\\\/29\\\/bloqueo-sanitario-en-el-centro-de-santa-rosa-por-un-murcielago-con-rabia\\\/\"]}]},{\"@type\":\"ImageObject\",\"inLanguage\":\"es\",\"@id\":\"https:\\\/\\\/diariotextual.com\\\/inicio\\\/index.php\\\/2023\\\/06\\\/29\\\/bloqueo-sanitario-en-el-centro-de-santa-rosa-por-un-murcielago-con-rabia\\\/#primaryimage\",\"url\":\"https:\\\/\\\/diariotextual.com\\\/inicio\\\/wp-content\\\/uploads\\\/2023\\\/03\\\/vacunacionantirrabicasantarosamurcielago2023-1.jpeg\",\"contentUrl\":\"https:\\\/\\\/diariotextual.com\\\/inicio\\\/wp-content\\\/uploads\\\/2023\\\/03\\\/vacunacionantirrabicasantarosamurcielago2023-1.jpeg\",\"width\":1280,\"height\":838},{\"@type\":\"BreadcrumbList\",\"@id\":\"https:\\\/\\\/diariotextual.com\\\/inicio\\\/index.php\\\/2023\\\/06\\\/29\\\/bloqueo-sanitario-en-el-centro-de-santa-rosa-por-un-murcielago-con-rabia\\\/#breadcrumb\",\"itemListElement\":[{\"@type\":\"ListItem\",\"position\":1,\"name\":\"Portada\",\"item\":\"https:\\\/\\\/diariotextual.com\\\/inicio\\\/\"},{\"@type\":\"ListItem\",\"position\":2,\"name\":\"Bloqueo sanitario en el centro de Santa Rosa por un murci\u00e9lago con rabia\"}]},{\"@type\":\"WebSite\",\"@id\":\"https:\\\/\\\/diariotextual.com\\\/inicio\\\/#website\",\"url\":\"https:\\\/\\\/diariotextual.com\\\/inicio\\\/\",\"name\":\"Diario Textual\",\"description\":\"\",\"publisher\":{\"@id\":\"https:\\\/\\\/diariotextual.com\\\/inicio\\\/#organization\"},\"potentialAction\":[{\"@type\":\"SearchAction\",\"target\":{\"@type\":\"EntryPoint\",\"urlTemplate\":\"https:\\\/\\\/diariotextual.com\\\/inicio\\\/?s={search_term_string}\"},\"query-input\":{\"@type\":\"PropertyValueSpecification\",\"valueRequired\":true,\"valueName\":\"search_term_string\"}}],\"inLanguage\":\"es\"},{\"@type\":\"Organization\",\"@id\":\"https:\\\/\\\/diariotextual.com\\\/inicio\\\/#organization\",\"name\":\"Diario Textual\",\"url\":\"https:\\\/\\\/diariotextual.com\\\/inicio\\\/\",\"logo\":{\"@type\":\"ImageObject\",\"inLanguage\":\"es\",\"@id\":\"https:\\\/\\\/diariotextual.com\\\/inicio\\\/#\\\/schema\\\/logo\\\/image\\\/\",\"url\":\"https:\\\/\\\/diariotextual.com\\\/inicio\\\/wp-content\\\/uploads\\\/2023\\\/05\\\/logotextual1.jpg\",\"contentUrl\":\"https:\\\/\\\/diariotextual.com\\\/inicio\\\/wp-content\\\/uploads\\\/2023\\\/05\\\/logotextual1.jpg\",\"width\":516,\"height\":76,\"caption\":\"Diario Textual\"},\"image\":{\"@id\":\"https:\\\/\\\/diariotextual.com\\\/inicio\\\/#\\\/schema\\\/logo\\\/image\\\/\"},\"sameAs\":[\"https:\\\/\\\/www.facebook.com\\\/eltextual\",\"https:\\\/\\\/x.com\\\/eltextual\",\"http:\\\/\\\/www.instagram.com\\\/eltextual\"]},{\"@type\":\"Person\",\"@id\":\"https:\\\/\\\/diariotextual.com\\\/inicio\\\/#\\\/schema\\\/person\\\/418fc4093c33e86ed41562db3508f958\",\"name\":\"Diario1 Diario1\",\"image\":{\"@type\":\"ImageObject\",\"inLanguage\":\"es\",\"@id\":\"https:\\\/\\\/secure.gravatar.com\\\/avatar\\\/9167d280179c85bc18be67aa7eda765854300033af4896dd779b608640f2ef7a?s=96&d=mm&r=g\",\"url\":\"https:\\\/\\\/secure.gravatar.com\\\/avatar\\\/9167d280179c85bc18be67aa7eda765854300033af4896dd779b608640f2ef7a?s=96&d=mm&r=g\",\"contentUrl\":\"https:\\\/\\\/secure.gravatar.com\\\/avatar\\\/9167d280179c85bc18be67aa7eda765854300033af4896dd779b608640f2ef7a?s=96&d=mm&r=g\",\"caption\":\"Diario1 Diario1\"},\"url\":\"https:\\\/\\\/diariotextual.com\\\/inicio\\\/index.php\\\/author\\\/diario1\\\/\"}]}<\/script>\n<!-- \/ Yoast SEO plugin. -->","yoast_head_json":{"title":"Bloqueo sanitario en el centro de Santa Rosa por un murci\u00e9lago con rabia - Diario Textual","robots":{"index":"index","follow":"follow","max-snippet":"max-snippet:-1","max-image-preview":"max-image-preview:large","max-video-preview":"max-video-preview:-1"},"canonical":"https:\/\/diariotextual.com\/inicio\/index.php\/2023\/06\/29\/bloqueo-sanitario-en-el-centro-de-santa-rosa-por-un-murcielago-con-rabia\/","og_locale":"es_ES","og_type":"article","og_title":"Bloqueo sanitario en el centro de Santa Rosa por un murci\u00e9lago con rabia - Diario Textual","og_description":"La municipalidad de Santa Rosa inform\u00f3 que el d\u00eda viernes 30 de junio el personal de la Direcci\u00f3n de Protecci\u00f3n Ambiental realizar\u00e1 un bloqueo sanitario en la zona centro de&hellip;","og_url":"https:\/\/diariotextual.com\/inicio\/index.php\/2023\/06\/29\/bloqueo-sanitario-en-el-centro-de-santa-rosa-por-un-murcielago-con-rabia\/","og_site_name":"Diario Textual","article_publisher":"https:\/\/www.facebook.com\/eltextual","article_published_time":"2023-06-29T13:30:05+00:00","article_modified_time":"2023-06-29T15:59:05+00:00","og_image":[{"width":1280,"height":838,"url":"https:\/\/diariotextual.com\/inicio\/wp-content\/uploads\/2023\/03\/vacunacionantirrabicasantarosamurcielago2023-1.jpeg","type":"image\/jpeg"}],"author":"Diario1 Diario1","twitter_card":"summary_large_image","twitter_creator":"@eltextual","twitter_site":"@eltextual","twitter_misc":{"Escrito por":"Diario1 Diario1","Tiempo de lectura":"1 minuto"},"schema":{"@context":"https:\/\/schema.org","@graph":[{"@type":"Article","@id":"https:\/\/diariotextual.com\/inicio\/index.php\/2023\/06\/29\/bloqueo-sanitario-en-el-centro-de-santa-rosa-por-un-murcielago-con-rabia\/#article","isPartOf":{"@id":"https:\/\/diariotextual.com\/inicio\/index.php\/2023\/06\/29\/bloqueo-sanitario-en-el-centro-de-santa-rosa-por-un-murcielago-con-rabia\/"},"author":{"name":"Diario1 Diario1","@id":"https:\/\/diariotextual.com\/inicio\/#\/schema\/person\/418fc4093c33e86ed41562db3508f958"},"headline":"Bloqueo sanitario en el centro de Santa Rosa por un murci\u00e9lago con rabia","datePublished":"2023-06-29T13:30:05+00:00","dateModified":"2023-06-29T15:59:05+00:00","mainEntityOfPage":{"@id":"https:\/\/diariotextual.com\/inicio\/index.php\/2023\/06\/29\/bloqueo-sanitario-en-el-centro-de-santa-rosa-por-un-murcielago-con-rabia\/"},"wordCount":201,"publisher":{"@id":"https:\/\/diariotextual.com\/inicio\/#organization"},"image":{"@id":"https:\/\/diariotextual.com\/inicio\/index.php\/2023\/06\/29\/bloqueo-sanitario-en-el-centro-de-santa-rosa-por-un-murcielago-con-rabia\/#primaryimage"},"thumbnailUrl":"https:\/\/diariotextual.com\/inicio\/wp-content\/uploads\/2023\/03\/vacunacionantirrabicasantarosamurcielago2023-1.jpeg","articleSection":["A - ES NOTICIA (van abajo)","SOCIEDAD"],"inLanguage":"es"},{"@type":"WebPage","@id":"https:\/\/diariotextual.com\/inicio\/index.php\/2023\/06\/29\/bloqueo-sanitario-en-el-centro-de-santa-rosa-por-un-murcielago-con-rabia\/","url":"https:\/\/diariotextual.com\/inicio\/index.php\/2023\/06\/29\/bloqueo-sanitario-en-el-centro-de-santa-rosa-por-un-murcielago-con-rabia\/","name":"Bloqueo sanitario en el centro de Santa Rosa por un murci\u00e9lago con rabia - Diario Textual","isPartOf":{"@id":"https:\/\/diariotextual.com\/inicio\/#website"},"primaryImageOfPage":{"@id":"https:\/\/diariotextual.com\/inicio\/index.php\/2023\/06\/29\/bloqueo-sanitario-en-el-centro-de-santa-rosa-por-un-murcielago-con-rabia\/#primaryimage"},"image":{"@id":"https:\/\/diariotextual.com\/inicio\/index.php\/2023\/06\/29\/bloqueo-sanitario-en-el-centro-de-santa-rosa-por-un-murcielago-con-rabia\/#primaryimage"},"thumbnailUrl":"https:\/\/diariotextual.com\/inicio\/wp-content\/uploads\/2023\/03\/vacunacionantirrabicasantarosamurcielago2023-1.jpeg","datePublished":"2023-06-29T13:30:05+00:00","dateModified":"2023-06-29T15:59:05+00:00","breadcrumb":{"@id":"https:\/\/diariotextual.com\/inicio\/index.php\/2023\/06\/29\/bloqueo-sanitario-en-el-centro-de-santa-rosa-por-un-murcielago-con-rabia\/#breadcrumb"},"inLanguage":"es","potentialAction":[{"@type":"ReadAction","target":["https:\/\/diariotextual.com\/inicio\/index.php\/2023\/06\/29\/bloqueo-sanitario-en-el-centro-de-santa-rosa-por-un-murcielago-con-rabia\/"]}]},{"@type":"ImageObject","inLanguage":"es","@id":"https:\/\/diariotextual.com\/inicio\/index.php\/2023\/06\/29\/bloqueo-sanitario-en-el-centro-de-santa-rosa-por-un-murcielago-con-rabia\/#primaryimage","url":"https:\/\/diariotextual.com\/inicio\/wp-content\/uploads\/2023\/03\/vacunacionantirrabicasantarosamurcielago2023-1.jpeg","contentUrl":"https:\/\/diariotextual.com\/inicio\/wp-content\/uploads\/2023\/03\/vacunacionantirrabicasantarosamurcielago2023-1.jpeg","width":1280,"height":838},{"@type":"BreadcrumbList","@id":"https:\/\/diariotextual.com\/inicio\/index.php\/2023\/06\/29\/bloqueo-sanitario-en-el-centro-de-santa-rosa-por-un-murcielago-con-rabia\/#breadcrumb","itemListElement":[{"@type":"ListItem","position":1,"name":"Portada","item":"https:\/\/diariotextual.com\/inicio\/"},{"@type":"ListItem","position":2,"name":"Bloqueo sanitario en el centro de Santa Rosa por un murci\u00e9lago con rabia"}]},{"@type":"WebSite","@id":"https:\/\/diariotextual.com\/inicio\/#website","url":"https:\/\/diariotextual.com\/inicio\/","name":"Diario Textual","description":"","publisher":{"@id":"https:\/\/diariotextual.com\/inicio\/#organization"},"potentialAction":[{"@type":"SearchAction","target":{"@type":"EntryPoint","urlTemplate":"https:\/\/diariotextual.com\/inicio\/?s={search_term_string}"},"query-input":{"@type":"PropertyValueSpecification","valueRequired":true,"valueName":"search_term_string"}}],"inLanguage":"es"},{"@type":"Organization","@id":"https:\/\/diariotextual.com\/inicio\/#organization","name":"Diario Textual","url":"https:\/\/diariotextual.com\/inicio\/","logo":{"@type":"ImageObject","inLanguage":"es","@id":"https:\/\/diariotextual.com\/inicio\/#\/schema\/logo\/image\/","url":"https:\/\/diariotextual.com\/inicio\/wp-content\/uploads\/2023\/05\/logotextual1.jpg","contentUrl":"https:\/\/diariotextual.com\/inicio\/wp-content\/uploads\/2023\/05\/logotextual1.jpg","width":516,"height":76,"caption":"Diario Textual"},"image":{"@id":"https:\/\/diariotextual.com\/inicio\/#\/schema\/logo\/image\/"},"sameAs":["https:\/\/www.facebook.com\/eltextual","https:\/\/x.com\/eltextual","http:\/\/www.instagram.com\/eltextual"]},{"@type":"Person","@id":"https:\/\/diariotextual.com\/inicio\/#\/schema\/person\/418fc4093c33e86ed41562db3508f958","name":"Diario1 Diario1","image":{"@type":"ImageObject","inLanguage":"es","@id":"https:\/\/secure.gravatar.com\/avatar\/9167d280179c85bc18be67aa7eda765854300033af4896dd779b608640f2ef7a?s=96&d=mm&r=g","url":"https:\/\/secure.gravatar.com\/avatar\/9167d280179c85bc18be67aa7eda765854300033af4896dd779b608640f2ef7a?s=96&d=mm&r=g","contentUrl":"https:\/\/secure.gravatar.com\/avatar\/9167d280179c85bc18be67aa7eda765854300033af4896dd779b608640f2ef7a?s=96&d=mm&r=g","caption":"Diario1 Diario1"},"url":"https:\/\/diariotextual.com\/inicio\/index.php\/author\/diario1\/"}]}},"_links":{"self":[{"href":"https:\/\/diariotextual.com\/inicio\/index.php\/wp-json\/wp\/v2\/posts\/229804","targetHints":{"allow":["GET"]}}],"collection":[{"href":"https:\/\/diariotextual.com\/inicio\/index.php\/wp-json\/wp\/v2\/posts"}],"about":[{"href":"https:\/\/diariotextual.com\/inicio\/index.php\/wp-json\/wp\/v2\/types\/post"}],"author":[{"embeddable":true,"href":"https:\/\/diariotextual.com\/inicio\/index.php\/wp-json\/wp\/v2\/users\/3"}],"replies":[{"embeddable":true,"href":"https:\/\/diariotextual.com\/inicio\/index.php\/wp-json\/wp\/v2\/comments?post=229804"}],"version-history":[{"count":1,"href":"https:\/\/diariotextual.com\/inicio\/index.php\/wp-json\/wp\/v2\/posts\/229804\/revisions"}],"predecessor-version":[{"id":229805,"href":"https:\/\/diariotextual.com\/inicio\/index.php\/wp-json\/wp\/v2\/posts\/229804\/revisions\/229805"}],"wp:featuredmedia":[{"embeddable":true,"href":"https:\/\/diariotextual.com\/inicio\/index.php\/wp-json\/wp\/v2\/media\/220318"}],"wp:attachment":[{"href":"https:\/\/diariotextual.com\/inicio\/index.php\/wp-json\/wp\/v2\/media?parent=229804"}],"wp:term":[{"taxonomy":"category","embeddable":true,"href":"https:\/\/diariotextual.com\/inicio\/index.php\/wp-json\/wp\/v2\/categories?post=229804"},{"taxonomy":"post_tag","embeddable":true,"href":"https:\/\/diariotextual.com\/inicio\/index.php\/wp-json\/wp\/v2\/tags?post=229804"}],"curies":[{"name":"wp","href":"https:\/\/api.w.org\/{rel}","templated":true}]}}