{"id":229818,"date":"2023-06-29T12:55:00","date_gmt":"2023-06-29T15:55:00","guid":{"rendered":"https:\/\/diariotextual.com\/inicio\/?p=229818"},"modified":"2023-06-30T10:47:28","modified_gmt":"2023-06-30T13:47:28","slug":"ziliotto-y-peirano-firmaron-convenio-en-innovacion-y-tecnologia","status":"publish","type":"post","link":"https:\/\/diariotextual.com\/inicio\/index.php\/2023\/06\/29\/ziliotto-y-peirano-firmaron-convenio-en-innovacion-y-tecnologia\/","title":{"rendered":"Ziliotto y Peirano firmaron convenio en innovaci\u00f3n y tecnolog\u00eda"},"content":{"rendered":"\n<p>El gobernador Sergio Ziliotto firm\u00f3 este jueves un convenio de colaboraci\u00f3n mutua en <strong>innovaci\u00f3n y tecnolog\u00eda<\/strong> con el presidente de la Agencia Nacional de Promoci\u00f3n de la Investigaci\u00f3n, el Desarrollo Tecnol\u00f3gico y la Innovaci\u00f3n, Fernando Peirano.<\/p>\n\n\n\n<p>Con la firma de este convenio, La Pampa apunta a promover la cooperaci\u00f3n mutua y llevar a cabo actividades que tengan por objetivo el fortalecimiento del entramado productivo y tecnol\u00f3gico en la Provincia.<\/p>\n\n\n\n<p>A partir de esta concreci\u00f3n se avanzar\u00e1 mediante la Agencia Pampeana de Ciencias, Tecnolog\u00edas e Innovaci\u00f3n Abierta (Agencia CITIA) en la elaboraci\u00f3n de convenios espec\u00edficos para el co-dise\u00f1o de l\u00edneas de financiamiento y promoci\u00f3n de proyectos de investigaci\u00f3n, desarrollo y modernizaci\u00f3n tecnol\u00f3gica que fortalezcan la competitividad y el desarrollo productivo de las MiPyMEs, emprendedoras y emprendedores y empresas pampeanas en general.<\/p>\n\n\n\n<p>La intenci\u00f3n es financiar parcialmente propuestas innovadoras con potencial de comercializaci\u00f3n y oferta exportable, que promuevan la generaci\u00f3n de empleo en sectores estrat\u00e9gicos, desarrollando nuevos productos y servicios basados en tecnolog\u00eda, conocimiento e innovaci\u00f3n.<\/p>\n\n\n\n<p>La Agencia Nacional de Promoci\u00f3n de la Investigaci\u00f3n, el Desarrollo Tecnol\u00f3gico y la Innovaci\u00f3n es un organismo nacional descentralizado con autarqu\u00eda administrativa y funcional, actuante en la \u00f3rbita del Ministerio de Ciencia, Tecnolog\u00eda e Innovaci\u00f3n, que tiene por funci\u00f3n promover la investigaci\u00f3n cient\u00edfica, la generaci\u00f3n de conocimiento y la innovaci\u00f3n productiva de la Argentina. <\/p>\n\n\n\n<p>Busca mejorar su perfil productivo y la calidad de vida de la poblaci\u00f3n, siendo uno de sus objetivos el reconocimiento por parte de los sectores cient\u00edfico, tecnol\u00f3gico, educativo y productivo, y por la sociedad, como una instituci\u00f3n accesible, eficaz y eficiente en el cumplimiento de su misi\u00f3n.<\/p>\n","protected":false},"excerpt":{"rendered":"<p>El gobernador Sergio Ziliotto firm\u00f3 este jueves un convenio de colaboraci\u00f3n mutua en innovaci\u00f3n y tecnolog\u00eda con el presidente de la Agencia Nacional de Promoci\u00f3n de la Investigaci\u00f3n, el Desarrollo&hellip;<\/p>\n","protected":false},"author":4,"featured_media":229819,"comment_status":"closed","ping_status":"open","sticky":false,"template":"","format":"standard","meta":{"_acf_changed":false,"footnotes":""},"categories":[1,12],"tags":[],"class_list":["post-229818","post","type-post","status-publish","format-standard","has-post-thumbnail","hentry","category-es-noticia","category-sociedad"],"acf":[],"yoast_head":"<!-- This site is optimized with the Yoast SEO plugin v27.5 - https:\/\/yoast.com\/product\/yoast-seo-wordpress\/ -->\n<title>Ziliotto y Peirano firmaron convenio en innovaci\u00f3n y tecnolog\u00eda - Diario Textual<\/title>\n<meta name=\"robots\" content=\"index, follow, max-snippet:-1, max-image-preview:large, max-video-preview:-1\" \/>\n<link rel=\"canonical\" href=\"https:\/\/diariotextual.com\/inicio\/index.php\/2023\/06\/29\/ziliotto-y-peirano-firmaron-convenio-en-innovacion-y-tecnologia\/\" \/>\n<meta property=\"og:locale\" content=\"es_ES\" \/>\n<meta property=\"og:type\" content=\"article\" \/>\n<meta property=\"og:title\" content=\"Ziliotto y Peirano firmaron convenio en innovaci\u00f3n y tecnolog\u00eda - Diario Textual\" \/>\n<meta property=\"og:description\" content=\"El gobernador Sergio Ziliotto firm\u00f3 este jueves un convenio de colaboraci\u00f3n mutua en innovaci\u00f3n y tecnolog\u00eda con el presidente de la Agencia Nacional de Promoci\u00f3n de la Investigaci\u00f3n, el Desarrollo&hellip;\" \/>\n<meta property=\"og:url\" content=\"https:\/\/diariotextual.com\/inicio\/index.php\/2023\/06\/29\/ziliotto-y-peirano-firmaron-convenio-en-innovacion-y-tecnologia\/\" \/>\n<meta property=\"og:site_name\" content=\"Diario Textual\" \/>\n<meta property=\"article:publisher\" content=\"https:\/\/www.facebook.com\/eltextual\" \/>\n<meta property=\"article:published_time\" content=\"2023-06-29T15:55:00+00:00\" \/>\n<meta property=\"article:modified_time\" content=\"2023-06-30T13:47:28+00:00\" \/>\n<meta property=\"og:image\" content=\"https:\/\/diariotextual.com\/inicio\/wp-content\/uploads\/2023\/06\/ziliottopeiranofilmus45.jpeg\" \/>\n\t<meta property=\"og:image:width\" content=\"1024\" \/>\n\t<meta property=\"og:image:height\" content=\"683\" \/>\n\t<meta property=\"og:image:type\" content=\"image\/jpeg\" \/>\n<meta name=\"author\" content=\"diario2\" \/>\n<meta name=\"twitter:card\" content=\"summary_large_image\" \/>\n<meta name=\"twitter:creator\" content=\"@eltextual\" \/>\n<meta name=\"twitter:site\" content=\"@eltextual\" \/>\n<meta name=\"twitter:label1\" content=\"Escrito por\" \/>\n\t<meta name=\"twitter:data1\" content=\"diario2\" \/>\n\t<meta name=\"twitter:label2\" content=\"Tiempo de lectura\" \/>\n\t<meta name=\"twitter:data2\" content=\"2 minutos\" \/>\n<script type=\"application\/ld+json\" class=\"yoast-schema-graph\">{\"@context\":\"https:\\\/\\\/schema.org\",\"@graph\":[{\"@type\":\"Article\",\"@id\":\"https:\\\/\\\/diariotextual.com\\\/inicio\\\/index.php\\\/2023\\\/06\\\/29\\\/ziliotto-y-peirano-firmaron-convenio-en-innovacion-y-tecnologia\\\/#article\",\"isPartOf\":{\"@id\":\"https:\\\/\\\/diariotextual.com\\\/inicio\\\/index.php\\\/2023\\\/06\\\/29\\\/ziliotto-y-peirano-firmaron-convenio-en-innovacion-y-tecnologia\\\/\"},\"author\":{\"name\":\"diario2\",\"@id\":\"https:\\\/\\\/diariotextual.com\\\/inicio\\\/#\\\/schema\\\/person\\\/694f60677f23c4a530867a98f22b3768\"},\"headline\":\"Ziliotto y Peirano firmaron convenio en innovaci\u00f3n y tecnolog\u00eda\",\"datePublished\":\"2023-06-29T15:55:00+00:00\",\"dateModified\":\"2023-06-30T13:47:28+00:00\",\"mainEntityOfPage\":{\"@id\":\"https:\\\/\\\/diariotextual.com\\\/inicio\\\/index.php\\\/2023\\\/06\\\/29\\\/ziliotto-y-peirano-firmaron-convenio-en-innovacion-y-tecnologia\\\/\"},\"wordCount\":319,\"publisher\":{\"@id\":\"https:\\\/\\\/diariotextual.com\\\/inicio\\\/#organization\"},\"image\":{\"@id\":\"https:\\\/\\\/diariotextual.com\\\/inicio\\\/index.php\\\/2023\\\/06\\\/29\\\/ziliotto-y-peirano-firmaron-convenio-en-innovacion-y-tecnologia\\\/#primaryimage\"},\"thumbnailUrl\":\"https:\\\/\\\/diariotextual.com\\\/inicio\\\/wp-content\\\/uploads\\\/2023\\\/06\\\/ziliottopeiranofilmus45.jpeg\",\"articleSection\":[\"A - ES NOTICIA (van abajo)\",\"SOCIEDAD\"],\"inLanguage\":\"es\"},{\"@type\":\"WebPage\",\"@id\":\"https:\\\/\\\/diariotextual.com\\\/inicio\\\/index.php\\\/2023\\\/06\\\/29\\\/ziliotto-y-peirano-firmaron-convenio-en-innovacion-y-tecnologia\\\/\",\"url\":\"https:\\\/\\\/diariotextual.com\\\/inicio\\\/index.php\\\/2023\\\/06\\\/29\\\/ziliotto-y-peirano-firmaron-convenio-en-innovacion-y-tecnologia\\\/\",\"name\":\"Ziliotto y Peirano firmaron convenio en innovaci\u00f3n y tecnolog\u00eda - Diario Textual\",\"isPartOf\":{\"@id\":\"https:\\\/\\\/diariotextual.com\\\/inicio\\\/#website\"},\"primaryImageOfPage\":{\"@id\":\"https:\\\/\\\/diariotextual.com\\\/inicio\\\/index.php\\\/2023\\\/06\\\/29\\\/ziliotto-y-peirano-firmaron-convenio-en-innovacion-y-tecnologia\\\/#primaryimage\"},\"image\":{\"@id\":\"https:\\\/\\\/diariotextual.com\\\/inicio\\\/index.php\\\/2023\\\/06\\\/29\\\/ziliotto-y-peirano-firmaron-convenio-en-innovacion-y-tecnologia\\\/#primaryimage\"},\"thumbnailUrl\":\"https:\\\/\\\/diariotextual.com\\\/inicio\\\/wp-content\\\/uploads\\\/2023\\\/06\\\/ziliottopeiranofilmus45.jpeg\",\"datePublished\":\"2023-06-29T15:55:00+00:00\",\"dateModified\":\"2023-06-30T13:47:28+00:00\",\"breadcrumb\":{\"@id\":\"https:\\\/\\\/diariotextual.com\\\/inicio\\\/index.php\\\/2023\\\/06\\\/29\\\/ziliotto-y-peirano-firmaron-convenio-en-innovacion-y-tecnologia\\\/#breadcrumb\"},\"inLanguage\":\"es\",\"potentialAction\":[{\"@type\":\"ReadAction\",\"target\":[\"https:\\\/\\\/diariotextual.com\\\/inicio\\\/index.php\\\/2023\\\/06\\\/29\\\/ziliotto-y-peirano-firmaron-convenio-en-innovacion-y-tecnologia\\\/\"]}]},{\"@type\":\"ImageObject\",\"inLanguage\":\"es\",\"@id\":\"https:\\\/\\\/diariotextual.com\\\/inicio\\\/index.php\\\/2023\\\/06\\\/29\\\/ziliotto-y-peirano-firmaron-convenio-en-innovacion-y-tecnologia\\\/#primaryimage\",\"url\":\"https:\\\/\\\/diariotextual.com\\\/inicio\\\/wp-content\\\/uploads\\\/2023\\\/06\\\/ziliottopeiranofilmus45.jpeg\",\"contentUrl\":\"https:\\\/\\\/diariotextual.com\\\/inicio\\\/wp-content\\\/uploads\\\/2023\\\/06\\\/ziliottopeiranofilmus45.jpeg\",\"width\":1024,\"height\":683},{\"@type\":\"BreadcrumbList\",\"@id\":\"https:\\\/\\\/diariotextual.com\\\/inicio\\\/index.php\\\/2023\\\/06\\\/29\\\/ziliotto-y-peirano-firmaron-convenio-en-innovacion-y-tecnologia\\\/#breadcrumb\",\"itemListElement\":[{\"@type\":\"ListItem\",\"position\":1,\"name\":\"Portada\",\"item\":\"https:\\\/\\\/diariotextual.com\\\/inicio\\\/\"},{\"@type\":\"ListItem\",\"position\":2,\"name\":\"Ziliotto y Peirano firmaron convenio en innovaci\u00f3n y tecnolog\u00eda\"}]},{\"@type\":\"WebSite\",\"@id\":\"https:\\\/\\\/diariotextual.com\\\/inicio\\\/#website\",\"url\":\"https:\\\/\\\/diariotextual.com\\\/inicio\\\/\",\"name\":\"Diario Textual\",\"description\":\"\",\"publisher\":{\"@id\":\"https:\\\/\\\/diariotextual.com\\\/inicio\\\/#organization\"},\"potentialAction\":[{\"@type\":\"SearchAction\",\"target\":{\"@type\":\"EntryPoint\",\"urlTemplate\":\"https:\\\/\\\/diariotextual.com\\\/inicio\\\/?s={search_term_string}\"},\"query-input\":{\"@type\":\"PropertyValueSpecification\",\"valueRequired\":true,\"valueName\":\"search_term_string\"}}],\"inLanguage\":\"es\"},{\"@type\":\"Organization\",\"@id\":\"https:\\\/\\\/diariotextual.com\\\/inicio\\\/#organization\",\"name\":\"Diario Textual\",\"url\":\"https:\\\/\\\/diariotextual.com\\\/inicio\\\/\",\"logo\":{\"@type\":\"ImageObject\",\"inLanguage\":\"es\",\"@id\":\"https:\\\/\\\/diariotextual.com\\\/inicio\\\/#\\\/schema\\\/logo\\\/image\\\/\",\"url\":\"https:\\\/\\\/diariotextual.com\\\/inicio\\\/wp-content\\\/uploads\\\/2023\\\/05\\\/logotextual1.jpg\",\"contentUrl\":\"https:\\\/\\\/diariotextual.com\\\/inicio\\\/wp-content\\\/uploads\\\/2023\\\/05\\\/logotextual1.jpg\",\"width\":516,\"height\":76,\"caption\":\"Diario Textual\"},\"image\":{\"@id\":\"https:\\\/\\\/diariotextual.com\\\/inicio\\\/#\\\/schema\\\/logo\\\/image\\\/\"},\"sameAs\":[\"https:\\\/\\\/www.facebook.com\\\/eltextual\",\"https:\\\/\\\/x.com\\\/eltextual\",\"http:\\\/\\\/www.instagram.com\\\/eltextual\"]},{\"@type\":\"Person\",\"@id\":\"https:\\\/\\\/diariotextual.com\\\/inicio\\\/#\\\/schema\\\/person\\\/694f60677f23c4a530867a98f22b3768\",\"name\":\"diario2\",\"image\":{\"@type\":\"ImageObject\",\"inLanguage\":\"es\",\"@id\":\"https:\\\/\\\/secure.gravatar.com\\\/avatar\\\/5a2567495ba16b852fcd8f1ed006a2e24fcace936018ed8237e95f488ad6e0a7?s=96&d=mm&r=g\",\"url\":\"https:\\\/\\\/secure.gravatar.com\\\/avatar\\\/5a2567495ba16b852fcd8f1ed006a2e24fcace936018ed8237e95f488ad6e0a7?s=96&d=mm&r=g\",\"contentUrl\":\"https:\\\/\\\/secure.gravatar.com\\\/avatar\\\/5a2567495ba16b852fcd8f1ed006a2e24fcace936018ed8237e95f488ad6e0a7?s=96&d=mm&r=g\",\"caption\":\"diario2\"},\"url\":\"https:\\\/\\\/diariotextual.com\\\/inicio\\\/index.php\\\/author\\\/diario2\\\/\"}]}<\/script>\n<!-- \/ Yoast SEO plugin. -->","yoast_head_json":{"title":"Ziliotto y Peirano firmaron convenio en innovaci\u00f3n y tecnolog\u00eda - Diario Textual","robots":{"index":"index","follow":"follow","max-snippet":"max-snippet:-1","max-image-preview":"max-image-preview:large","max-video-preview":"max-video-preview:-1"},"canonical":"https:\/\/diariotextual.com\/inicio\/index.php\/2023\/06\/29\/ziliotto-y-peirano-firmaron-convenio-en-innovacion-y-tecnologia\/","og_locale":"es_ES","og_type":"article","og_title":"Ziliotto y Peirano firmaron convenio en innovaci\u00f3n y tecnolog\u00eda - Diario Textual","og_description":"El gobernador Sergio Ziliotto firm\u00f3 este jueves un convenio de colaboraci\u00f3n mutua en innovaci\u00f3n y tecnolog\u00eda con el presidente de la Agencia Nacional de Promoci\u00f3n de la Investigaci\u00f3n, el Desarrollo&hellip;","og_url":"https:\/\/diariotextual.com\/inicio\/index.php\/2023\/06\/29\/ziliotto-y-peirano-firmaron-convenio-en-innovacion-y-tecnologia\/","og_site_name":"Diario Textual","article_publisher":"https:\/\/www.facebook.com\/eltextual","article_published_time":"2023-06-29T15:55:00+00:00","article_modified_time":"2023-06-30T13:47:28+00:00","og_image":[{"width":1024,"height":683,"url":"https:\/\/diariotextual.com\/inicio\/wp-content\/uploads\/2023\/06\/ziliottopeiranofilmus45.jpeg","type":"image\/jpeg"}],"author":"diario2","twitter_card":"summary_large_image","twitter_creator":"@eltextual","twitter_site":"@eltextual","twitter_misc":{"Escrito por":"diario2","Tiempo de lectura":"2 minutos"},"schema":{"@context":"https:\/\/schema.org","@graph":[{"@type":"Article","@id":"https:\/\/diariotextual.com\/inicio\/index.php\/2023\/06\/29\/ziliotto-y-peirano-firmaron-convenio-en-innovacion-y-tecnologia\/#article","isPartOf":{"@id":"https:\/\/diariotextual.com\/inicio\/index.php\/2023\/06\/29\/ziliotto-y-peirano-firmaron-convenio-en-innovacion-y-tecnologia\/"},"author":{"name":"diario2","@id":"https:\/\/diariotextual.com\/inicio\/#\/schema\/person\/694f60677f23c4a530867a98f22b3768"},"headline":"Ziliotto y Peirano firmaron convenio en innovaci\u00f3n y tecnolog\u00eda","datePublished":"2023-06-29T15:55:00+00:00","dateModified":"2023-06-30T13:47:28+00:00","mainEntityOfPage":{"@id":"https:\/\/diariotextual.com\/inicio\/index.php\/2023\/06\/29\/ziliotto-y-peirano-firmaron-convenio-en-innovacion-y-tecnologia\/"},"wordCount":319,"publisher":{"@id":"https:\/\/diariotextual.com\/inicio\/#organization"},"image":{"@id":"https:\/\/diariotextual.com\/inicio\/index.php\/2023\/06\/29\/ziliotto-y-peirano-firmaron-convenio-en-innovacion-y-tecnologia\/#primaryimage"},"thumbnailUrl":"https:\/\/diariotextual.com\/inicio\/wp-content\/uploads\/2023\/06\/ziliottopeiranofilmus45.jpeg","articleSection":["A - ES NOTICIA (van abajo)","SOCIEDAD"],"inLanguage":"es"},{"@type":"WebPage","@id":"https:\/\/diariotextual.com\/inicio\/index.php\/2023\/06\/29\/ziliotto-y-peirano-firmaron-convenio-en-innovacion-y-tecnologia\/","url":"https:\/\/diariotextual.com\/inicio\/index.php\/2023\/06\/29\/ziliotto-y-peirano-firmaron-convenio-en-innovacion-y-tecnologia\/","name":"Ziliotto y Peirano firmaron convenio en innovaci\u00f3n y tecnolog\u00eda - Diario Textual","isPartOf":{"@id":"https:\/\/diariotextual.com\/inicio\/#website"},"primaryImageOfPage":{"@id":"https:\/\/diariotextual.com\/inicio\/index.php\/2023\/06\/29\/ziliotto-y-peirano-firmaron-convenio-en-innovacion-y-tecnologia\/#primaryimage"},"image":{"@id":"https:\/\/diariotextual.com\/inicio\/index.php\/2023\/06\/29\/ziliotto-y-peirano-firmaron-convenio-en-innovacion-y-tecnologia\/#primaryimage"},"thumbnailUrl":"https:\/\/diariotextual.com\/inicio\/wp-content\/uploads\/2023\/06\/ziliottopeiranofilmus45.jpeg","datePublished":"2023-06-29T15:55:00+00:00","dateModified":"2023-06-30T13:47:28+00:00","breadcrumb":{"@id":"https:\/\/diariotextual.com\/inicio\/index.php\/2023\/06\/29\/ziliotto-y-peirano-firmaron-convenio-en-innovacion-y-tecnologia\/#breadcrumb"},"inLanguage":"es","potentialAction":[{"@type":"ReadAction","target":["https:\/\/diariotextual.com\/inicio\/index.php\/2023\/06\/29\/ziliotto-y-peirano-firmaron-convenio-en-innovacion-y-tecnologia\/"]}]},{"@type":"ImageObject","inLanguage":"es","@id":"https:\/\/diariotextual.com\/inicio\/index.php\/2023\/06\/29\/ziliotto-y-peirano-firmaron-convenio-en-innovacion-y-tecnologia\/#primaryimage","url":"https:\/\/diariotextual.com\/inicio\/wp-content\/uploads\/2023\/06\/ziliottopeiranofilmus45.jpeg","contentUrl":"https:\/\/diariotextual.com\/inicio\/wp-content\/uploads\/2023\/06\/ziliottopeiranofilmus45.jpeg","width":1024,"height":683},{"@type":"BreadcrumbList","@id":"https:\/\/diariotextual.com\/inicio\/index.php\/2023\/06\/29\/ziliotto-y-peirano-firmaron-convenio-en-innovacion-y-tecnologia\/#breadcrumb","itemListElement":[{"@type":"ListItem","position":1,"name":"Portada","item":"https:\/\/diariotextual.com\/inicio\/"},{"@type":"ListItem","position":2,"name":"Ziliotto y Peirano firmaron convenio en innovaci\u00f3n y tecnolog\u00eda"}]},{"@type":"WebSite","@id":"https:\/\/diariotextual.com\/inicio\/#website","url":"https:\/\/diariotextual.com\/inicio\/","name":"Diario Textual","description":"","publisher":{"@id":"https:\/\/diariotextual.com\/inicio\/#organization"},"potentialAction":[{"@type":"SearchAction","target":{"@type":"EntryPoint","urlTemplate":"https:\/\/diariotextual.com\/inicio\/?s={search_term_string}"},"query-input":{"@type":"PropertyValueSpecification","valueRequired":true,"valueName":"search_term_string"}}],"inLanguage":"es"},{"@type":"Organization","@id":"https:\/\/diariotextual.com\/inicio\/#organization","name":"Diario Textual","url":"https:\/\/diariotextual.com\/inicio\/","logo":{"@type":"ImageObject","inLanguage":"es","@id":"https:\/\/diariotextual.com\/inicio\/#\/schema\/logo\/image\/","url":"https:\/\/diariotextual.com\/inicio\/wp-content\/uploads\/2023\/05\/logotextual1.jpg","contentUrl":"https:\/\/diariotextual.com\/inicio\/wp-content\/uploads\/2023\/05\/logotextual1.jpg","width":516,"height":76,"caption":"Diario Textual"},"image":{"@id":"https:\/\/diariotextual.com\/inicio\/#\/schema\/logo\/image\/"},"sameAs":["https:\/\/www.facebook.com\/eltextual","https:\/\/x.com\/eltextual","http:\/\/www.instagram.com\/eltextual"]},{"@type":"Person","@id":"https:\/\/diariotextual.com\/inicio\/#\/schema\/person\/694f60677f23c4a530867a98f22b3768","name":"diario2","image":{"@type":"ImageObject","inLanguage":"es","@id":"https:\/\/secure.gravatar.com\/avatar\/5a2567495ba16b852fcd8f1ed006a2e24fcace936018ed8237e95f488ad6e0a7?s=96&d=mm&r=g","url":"https:\/\/secure.gravatar.com\/avatar\/5a2567495ba16b852fcd8f1ed006a2e24fcace936018ed8237e95f488ad6e0a7?s=96&d=mm&r=g","contentUrl":"https:\/\/secure.gravatar.com\/avatar\/5a2567495ba16b852fcd8f1ed006a2e24fcace936018ed8237e95f488ad6e0a7?s=96&d=mm&r=g","caption":"diario2"},"url":"https:\/\/diariotextual.com\/inicio\/index.php\/author\/diario2\/"}]}},"_links":{"self":[{"href":"https:\/\/diariotextual.com\/inicio\/index.php\/wp-json\/wp\/v2\/posts\/229818","targetHints":{"allow":["GET"]}}],"collection":[{"href":"https:\/\/diariotextual.com\/inicio\/index.php\/wp-json\/wp\/v2\/posts"}],"about":[{"href":"https:\/\/diariotextual.com\/inicio\/index.php\/wp-json\/wp\/v2\/types\/post"}],"author":[{"embeddable":true,"href":"https:\/\/diariotextual.com\/inicio\/index.php\/wp-json\/wp\/v2\/users\/4"}],"replies":[{"embeddable":true,"href":"https:\/\/diariotextual.com\/inicio\/index.php\/wp-json\/wp\/v2\/comments?post=229818"}],"version-history":[{"count":1,"href":"https:\/\/diariotextual.com\/inicio\/index.php\/wp-json\/wp\/v2\/posts\/229818\/revisions"}],"predecessor-version":[{"id":229820,"href":"https:\/\/diariotextual.com\/inicio\/index.php\/wp-json\/wp\/v2\/posts\/229818\/revisions\/229820"}],"wp:featuredmedia":[{"embeddable":true,"href":"https:\/\/diariotextual.com\/inicio\/index.php\/wp-json\/wp\/v2\/media\/229819"}],"wp:attachment":[{"href":"https:\/\/diariotextual.com\/inicio\/index.php\/wp-json\/wp\/v2\/media?parent=229818"}],"wp:term":[{"taxonomy":"category","embeddable":true,"href":"https:\/\/diariotextual.com\/inicio\/index.php\/wp-json\/wp\/v2\/categories?post=229818"},{"taxonomy":"post_tag","embeddable":true,"href":"https:\/\/diariotextual.com\/inicio\/index.php\/wp-json\/wp\/v2\/tags?post=229818"}],"curies":[{"name":"wp","href":"https:\/\/api.w.org\/{rel}","templated":true}]}}