{"id":229841,"date":"2023-06-29T20:29:36","date_gmt":"2023-06-29T23:29:36","guid":{"rendered":"https:\/\/diariotextual.com\/inicio\/?p=229841"},"modified":"2023-06-30T09:12:10","modified_gmt":"2023-06-30T12:12:10","slug":"caso-cecilia-dictan-la-prision-preventiva-para-todo-el-clan-sena","status":"publish","type":"post","link":"https:\/\/diariotextual.com\/inicio\/index.php\/2023\/06\/29\/caso-cecilia-dictan-la-prision-preventiva-para-todo-el-clan-sena\/","title":{"rendered":"Caso Cecilia: dictan la prisi\u00f3n preventiva para todo el clan Sena"},"content":{"rendered":"\n<p>La Justicia de Chaco dict\u00f3 este jueves las prisiones preventivas de los l\u00edderes piqueteros Emerenciano Sena y Marcela Acu\u00f1a, y el hijo de ambos, C\u00e9sar Sena, acusados de haber asesinado a Cecilia Strzyzowski. Cuatro colaboradores de la familia quedaron procesados por el encubrimiento del crimen.<\/p>\n\n\n\n<p><strong>A C\u00e9sar Sena<\/strong>, pareja de Cecilia, lo acusan de&nbsp;<strong>homicidio premeditado triplemente calificado: por el v\u00ednculo, por femicidio y por el concurso de dos o m\u00e1s personas<\/strong>. A sus padres los acusan de homicidio premeditado con el concurso de dos o m\u00e1s personas. La imputaci\u00f3n contra los Sena es mucho m\u00e1s grave que la de sus colaboradores detenidos, acusados de encubrimiento agravado. La expectativa de pena para ellos va de uno a seis a\u00f1os de prisi\u00f3n.<\/p>\n\n\n\n<p>Los fiscales del caso creen que el crimen ocurri\u00f3 en&nbsp;<strong>una ventana temporal que va entre las 12:13 y las 13:01<\/strong>&nbsp;del viernes 2 de junio, unas tres horas despu\u00e9s de que Cecilia, pareja de C\u00e9sar Sena, entr\u00f3 a la casa familiar de la calle Santa Mar\u00eda de Oro, en Resistencia.<\/p>\n\n\n\n<p>En ese per\u00edodo los tres integrantes de la familia Sena estaban en la casa. Despu\u00e9s, el hijo sali\u00f3 hacia una actividad pol\u00edtica en Colonia Elisa. Una foto que se viraliz\u00f3 d\u00edas despu\u00e9s lo muestra en ese lugar con marcas de rasgu\u00f1os en el cuello. Testimonios que obran en la investigaci\u00f3n indican que no ten\u00eda esas se\u00f1ales en horas de la ma\u00f1ana, cuando estuvo en el barrio Emerenciano -que gestionaba su familia- despu\u00e9s de haber salido por primera vez de la casa a la que entr\u00f3 con Cecilia.<\/p>\n\n\n\n<p>En una conferencia de prensa, el fiscal&nbsp;<strong>Jorge G\u00f3mez<\/strong>, explic\u00f3 cu\u00e1ndo la mataron. \u201cNosotros tenemos que Cecilia ingres\u00f3 a esa casa a las 9.16 de la ma\u00f1ana. No sali\u00f3 por sus propios medios. Ella cre\u00eda que iba a viajar a Ushuaia, prepar\u00f3 su valija y se despidi\u00f3 de su familia. Como nunca hab\u00eda viajado a Buenos Aires les contaba a sus familias y amigos que ten\u00eda miedo a volar en avi\u00f3n. Sus \u00faltimas b\u00fasquedas en Google eran sobre c\u00f3mo armar una valija para ir en avi\u00f3n, d\u00f3nde tomar el mejor caf\u00e9 en Buenos Aires, d\u00f3nde comprar chocolate en Buenos Aires. Ella cre\u00eda esa historia del viaje y estaba ilusionada. Pero se comprob\u00f3 que nunca se hizo una reserva para ese viaje\u201d, dijo, seg\u00fan reprodujo el diario La Naci\u00f3n.<\/p>\n\n\n\n<p>Se pudo corroborar que despu\u00e9s de las 18 de esa casa salieron con bolsas de residuos los imputados C\u00e9sar Sena y Gustavo Obreg\u00f3n, uno de los colaboradores imputados por el encubrimiento y el \u00fanico que confes\u00f3, dijo el fiscal.<\/p>\n\n\n\n<p>\u201cEn el campo de la familia Sena hubo una quemaz\u00f3n y se encontraron restos \u00f3seos que corresponden a una persona humana. Tambi\u00e9n en el r\u00edo Tragadero se encontraron huesos de una persona adulta y se corresponden con una \u00fanica persona\u201d, a\u00f1adi\u00f3. \u201cHay restos de un cr\u00e1neo, adem\u00e1s de huesos de las manos y los pies\u201d, dijo.<\/p>\n\n\n\n<p>En el horario que va desde las 12.13 hasta las 13:01 estuvieron en la casa Emerenciano Sena, Marcela Acu\u00f1a y el hijo de ambos. \u201cA C\u00e9sar, a las 11 de la ma\u00f1ana aproximadamente, lo ven sin lesiones en el cuello y en la mano. A la tarde ya lo ven con esas marcas\u201d, insisti\u00f3 G\u00f3mez. Los tel\u00e9fonos celulares se movieron en forma conjunta despu\u00e9s de las 13, a pesar de que Sena no estaba con ella.<\/p>\n\n\n\n<p><\/p>\n","protected":false},"excerpt":{"rendered":"<p>La Justicia de Chaco dict\u00f3 este jueves las prisiones preventivas de los l\u00edderes piqueteros Emerenciano Sena y Marcela Acu\u00f1a, y el hijo de ambos, C\u00e9sar Sena, acusados de haber asesinado&hellip;<\/p>\n","protected":false},"author":3,"featured_media":229843,"comment_status":"closed","ping_status":"open","sticky":false,"template":"","format":"standard","meta":{"_acf_changed":false,"footnotes":""},"categories":[1,12],"tags":[],"class_list":["post-229841","post","type-post","status-publish","format-standard","has-post-thumbnail","hentry","category-es-noticia","category-sociedad"],"acf":[],"yoast_head":"<!-- This site is optimized with the Yoast SEO plugin v27.5 - https:\/\/yoast.com\/product\/yoast-seo-wordpress\/ -->\n<title>Caso Cecilia: dictan la prisi\u00f3n preventiva para todo el clan Sena - Diario Textual<\/title>\n<meta name=\"robots\" content=\"index, follow, max-snippet:-1, max-image-preview:large, max-video-preview:-1\" \/>\n<link rel=\"canonical\" href=\"https:\/\/diariotextual.com\/inicio\/index.php\/2023\/06\/29\/caso-cecilia-dictan-la-prision-preventiva-para-todo-el-clan-sena\/\" \/>\n<meta property=\"og:locale\" content=\"es_ES\" \/>\n<meta property=\"og:type\" content=\"article\" \/>\n<meta property=\"og:title\" content=\"Caso Cecilia: dictan la prisi\u00f3n preventiva para todo el clan Sena - Diario Textual\" \/>\n<meta property=\"og:description\" content=\"La Justicia de Chaco dict\u00f3 este jueves las prisiones preventivas de los l\u00edderes piqueteros Emerenciano Sena y Marcela Acu\u00f1a, y el hijo de ambos, C\u00e9sar Sena, acusados de haber asesinado&hellip;\" \/>\n<meta property=\"og:url\" content=\"https:\/\/diariotextual.com\/inicio\/index.php\/2023\/06\/29\/caso-cecilia-dictan-la-prision-preventiva-para-todo-el-clan-sena\/\" \/>\n<meta property=\"og:site_name\" content=\"Diario Textual\" \/>\n<meta property=\"article:publisher\" content=\"https:\/\/www.facebook.com\/eltextual\" \/>\n<meta property=\"article:published_time\" content=\"2023-06-29T23:29:36+00:00\" \/>\n<meta property=\"article:modified_time\" content=\"2023-06-30T12:12:10+00:00\" \/>\n<meta property=\"og:image\" content=\"https:\/\/diariotextual.com\/inicio\/wp-content\/uploads\/2023\/06\/senaclansenaemerencianosenacarlosacunacecilia2023-1.png\" \/>\n\t<meta property=\"og:image:width\" content=\"697\" \/>\n\t<meta property=\"og:image:height\" content=\"457\" \/>\n\t<meta property=\"og:image:type\" content=\"image\/png\" \/>\n<meta name=\"author\" content=\"Diario1 Diario1\" \/>\n<meta name=\"twitter:card\" content=\"summary_large_image\" \/>\n<meta name=\"twitter:creator\" content=\"@eltextual\" \/>\n<meta name=\"twitter:site\" content=\"@eltextual\" \/>\n<meta name=\"twitter:label1\" content=\"Escrito por\" \/>\n\t<meta name=\"twitter:data1\" content=\"Diario1 Diario1\" \/>\n\t<meta name=\"twitter:label2\" content=\"Tiempo de lectura\" \/>\n\t<meta name=\"twitter:data2\" content=\"3 minutos\" \/>\n<script type=\"application\/ld+json\" class=\"yoast-schema-graph\">{\"@context\":\"https:\\\/\\\/schema.org\",\"@graph\":[{\"@type\":\"Article\",\"@id\":\"https:\\\/\\\/diariotextual.com\\\/inicio\\\/index.php\\\/2023\\\/06\\\/29\\\/caso-cecilia-dictan-la-prision-preventiva-para-todo-el-clan-sena\\\/#article\",\"isPartOf\":{\"@id\":\"https:\\\/\\\/diariotextual.com\\\/inicio\\\/index.php\\\/2023\\\/06\\\/29\\\/caso-cecilia-dictan-la-prision-preventiva-para-todo-el-clan-sena\\\/\"},\"author\":{\"name\":\"Diario1 Diario1\",\"@id\":\"https:\\\/\\\/diariotextual.com\\\/inicio\\\/#\\\/schema\\\/person\\\/418fc4093c33e86ed41562db3508f958\"},\"headline\":\"Caso Cecilia: dictan la prisi\u00f3n preventiva para todo el clan Sena\",\"datePublished\":\"2023-06-29T23:29:36+00:00\",\"dateModified\":\"2023-06-30T12:12:10+00:00\",\"mainEntityOfPage\":{\"@id\":\"https:\\\/\\\/diariotextual.com\\\/inicio\\\/index.php\\\/2023\\\/06\\\/29\\\/caso-cecilia-dictan-la-prision-preventiva-para-todo-el-clan-sena\\\/\"},\"wordCount\":620,\"publisher\":{\"@id\":\"https:\\\/\\\/diariotextual.com\\\/inicio\\\/#organization\"},\"image\":{\"@id\":\"https:\\\/\\\/diariotextual.com\\\/inicio\\\/index.php\\\/2023\\\/06\\\/29\\\/caso-cecilia-dictan-la-prision-preventiva-para-todo-el-clan-sena\\\/#primaryimage\"},\"thumbnailUrl\":\"https:\\\/\\\/diariotextual.com\\\/inicio\\\/wp-content\\\/uploads\\\/2023\\\/06\\\/senaclansenaemerencianosenacarlosacunacecilia2023-1.png\",\"articleSection\":[\"A - ES NOTICIA (van abajo)\",\"SOCIEDAD\"],\"inLanguage\":\"es\"},{\"@type\":\"WebPage\",\"@id\":\"https:\\\/\\\/diariotextual.com\\\/inicio\\\/index.php\\\/2023\\\/06\\\/29\\\/caso-cecilia-dictan-la-prision-preventiva-para-todo-el-clan-sena\\\/\",\"url\":\"https:\\\/\\\/diariotextual.com\\\/inicio\\\/index.php\\\/2023\\\/06\\\/29\\\/caso-cecilia-dictan-la-prision-preventiva-para-todo-el-clan-sena\\\/\",\"name\":\"Caso Cecilia: dictan la prisi\u00f3n preventiva para todo el clan Sena - Diario Textual\",\"isPartOf\":{\"@id\":\"https:\\\/\\\/diariotextual.com\\\/inicio\\\/#website\"},\"primaryImageOfPage\":{\"@id\":\"https:\\\/\\\/diariotextual.com\\\/inicio\\\/index.php\\\/2023\\\/06\\\/29\\\/caso-cecilia-dictan-la-prision-preventiva-para-todo-el-clan-sena\\\/#primaryimage\"},\"image\":{\"@id\":\"https:\\\/\\\/diariotextual.com\\\/inicio\\\/index.php\\\/2023\\\/06\\\/29\\\/caso-cecilia-dictan-la-prision-preventiva-para-todo-el-clan-sena\\\/#primaryimage\"},\"thumbnailUrl\":\"https:\\\/\\\/diariotextual.com\\\/inicio\\\/wp-content\\\/uploads\\\/2023\\\/06\\\/senaclansenaemerencianosenacarlosacunacecilia2023-1.png\",\"datePublished\":\"2023-06-29T23:29:36+00:00\",\"dateModified\":\"2023-06-30T12:12:10+00:00\",\"breadcrumb\":{\"@id\":\"https:\\\/\\\/diariotextual.com\\\/inicio\\\/index.php\\\/2023\\\/06\\\/29\\\/caso-cecilia-dictan-la-prision-preventiva-para-todo-el-clan-sena\\\/#breadcrumb\"},\"inLanguage\":\"es\",\"potentialAction\":[{\"@type\":\"ReadAction\",\"target\":[\"https:\\\/\\\/diariotextual.com\\\/inicio\\\/index.php\\\/2023\\\/06\\\/29\\\/caso-cecilia-dictan-la-prision-preventiva-para-todo-el-clan-sena\\\/\"]}]},{\"@type\":\"ImageObject\",\"inLanguage\":\"es\",\"@id\":\"https:\\\/\\\/diariotextual.com\\\/inicio\\\/index.php\\\/2023\\\/06\\\/29\\\/caso-cecilia-dictan-la-prision-preventiva-para-todo-el-clan-sena\\\/#primaryimage\",\"url\":\"https:\\\/\\\/diariotextual.com\\\/inicio\\\/wp-content\\\/uploads\\\/2023\\\/06\\\/senaclansenaemerencianosenacarlosacunacecilia2023-1.png\",\"contentUrl\":\"https:\\\/\\\/diariotextual.com\\\/inicio\\\/wp-content\\\/uploads\\\/2023\\\/06\\\/senaclansenaemerencianosenacarlosacunacecilia2023-1.png\",\"width\":697,\"height\":457},{\"@type\":\"BreadcrumbList\",\"@id\":\"https:\\\/\\\/diariotextual.com\\\/inicio\\\/index.php\\\/2023\\\/06\\\/29\\\/caso-cecilia-dictan-la-prision-preventiva-para-todo-el-clan-sena\\\/#breadcrumb\",\"itemListElement\":[{\"@type\":\"ListItem\",\"position\":1,\"name\":\"Portada\",\"item\":\"https:\\\/\\\/diariotextual.com\\\/inicio\\\/\"},{\"@type\":\"ListItem\",\"position\":2,\"name\":\"Caso Cecilia: dictan la prisi\u00f3n preventiva para todo el clan Sena\"}]},{\"@type\":\"WebSite\",\"@id\":\"https:\\\/\\\/diariotextual.com\\\/inicio\\\/#website\",\"url\":\"https:\\\/\\\/diariotextual.com\\\/inicio\\\/\",\"name\":\"Diario Textual\",\"description\":\"\",\"publisher\":{\"@id\":\"https:\\\/\\\/diariotextual.com\\\/inicio\\\/#organization\"},\"potentialAction\":[{\"@type\":\"SearchAction\",\"target\":{\"@type\":\"EntryPoint\",\"urlTemplate\":\"https:\\\/\\\/diariotextual.com\\\/inicio\\\/?s={search_term_string}\"},\"query-input\":{\"@type\":\"PropertyValueSpecification\",\"valueRequired\":true,\"valueName\":\"search_term_string\"}}],\"inLanguage\":\"es\"},{\"@type\":\"Organization\",\"@id\":\"https:\\\/\\\/diariotextual.com\\\/inicio\\\/#organization\",\"name\":\"Diario Textual\",\"url\":\"https:\\\/\\\/diariotextual.com\\\/inicio\\\/\",\"logo\":{\"@type\":\"ImageObject\",\"inLanguage\":\"es\",\"@id\":\"https:\\\/\\\/diariotextual.com\\\/inicio\\\/#\\\/schema\\\/logo\\\/image\\\/\",\"url\":\"https:\\\/\\\/diariotextual.com\\\/inicio\\\/wp-content\\\/uploads\\\/2023\\\/05\\\/logotextual1.jpg\",\"contentUrl\":\"https:\\\/\\\/diariotextual.com\\\/inicio\\\/wp-content\\\/uploads\\\/2023\\\/05\\\/logotextual1.jpg\",\"width\":516,\"height\":76,\"caption\":\"Diario Textual\"},\"image\":{\"@id\":\"https:\\\/\\\/diariotextual.com\\\/inicio\\\/#\\\/schema\\\/logo\\\/image\\\/\"},\"sameAs\":[\"https:\\\/\\\/www.facebook.com\\\/eltextual\",\"https:\\\/\\\/x.com\\\/eltextual\",\"http:\\\/\\\/www.instagram.com\\\/eltextual\"]},{\"@type\":\"Person\",\"@id\":\"https:\\\/\\\/diariotextual.com\\\/inicio\\\/#\\\/schema\\\/person\\\/418fc4093c33e86ed41562db3508f958\",\"name\":\"Diario1 Diario1\",\"image\":{\"@type\":\"ImageObject\",\"inLanguage\":\"es\",\"@id\":\"https:\\\/\\\/secure.gravatar.com\\\/avatar\\\/9167d280179c85bc18be67aa7eda765854300033af4896dd779b608640f2ef7a?s=96&d=mm&r=g\",\"url\":\"https:\\\/\\\/secure.gravatar.com\\\/avatar\\\/9167d280179c85bc18be67aa7eda765854300033af4896dd779b608640f2ef7a?s=96&d=mm&r=g\",\"contentUrl\":\"https:\\\/\\\/secure.gravatar.com\\\/avatar\\\/9167d280179c85bc18be67aa7eda765854300033af4896dd779b608640f2ef7a?s=96&d=mm&r=g\",\"caption\":\"Diario1 Diario1\"},\"url\":\"https:\\\/\\\/diariotextual.com\\\/inicio\\\/index.php\\\/author\\\/diario1\\\/\"}]}<\/script>\n<!-- \/ Yoast SEO plugin. -->","yoast_head_json":{"title":"Caso Cecilia: dictan la prisi\u00f3n preventiva para todo el clan Sena - Diario Textual","robots":{"index":"index","follow":"follow","max-snippet":"max-snippet:-1","max-image-preview":"max-image-preview:large","max-video-preview":"max-video-preview:-1"},"canonical":"https:\/\/diariotextual.com\/inicio\/index.php\/2023\/06\/29\/caso-cecilia-dictan-la-prision-preventiva-para-todo-el-clan-sena\/","og_locale":"es_ES","og_type":"article","og_title":"Caso Cecilia: dictan la prisi\u00f3n preventiva para todo el clan Sena - Diario Textual","og_description":"La Justicia de Chaco dict\u00f3 este jueves las prisiones preventivas de los l\u00edderes piqueteros Emerenciano Sena y Marcela Acu\u00f1a, y el hijo de ambos, C\u00e9sar Sena, acusados de haber asesinado&hellip;","og_url":"https:\/\/diariotextual.com\/inicio\/index.php\/2023\/06\/29\/caso-cecilia-dictan-la-prision-preventiva-para-todo-el-clan-sena\/","og_site_name":"Diario Textual","article_publisher":"https:\/\/www.facebook.com\/eltextual","article_published_time":"2023-06-29T23:29:36+00:00","article_modified_time":"2023-06-30T12:12:10+00:00","og_image":[{"width":697,"height":457,"url":"https:\/\/diariotextual.com\/inicio\/wp-content\/uploads\/2023\/06\/senaclansenaemerencianosenacarlosacunacecilia2023-1.png","type":"image\/png"}],"author":"Diario1 Diario1","twitter_card":"summary_large_image","twitter_creator":"@eltextual","twitter_site":"@eltextual","twitter_misc":{"Escrito por":"Diario1 Diario1","Tiempo de lectura":"3 minutos"},"schema":{"@context":"https:\/\/schema.org","@graph":[{"@type":"Article","@id":"https:\/\/diariotextual.com\/inicio\/index.php\/2023\/06\/29\/caso-cecilia-dictan-la-prision-preventiva-para-todo-el-clan-sena\/#article","isPartOf":{"@id":"https:\/\/diariotextual.com\/inicio\/index.php\/2023\/06\/29\/caso-cecilia-dictan-la-prision-preventiva-para-todo-el-clan-sena\/"},"author":{"name":"Diario1 Diario1","@id":"https:\/\/diariotextual.com\/inicio\/#\/schema\/person\/418fc4093c33e86ed41562db3508f958"},"headline":"Caso Cecilia: dictan la prisi\u00f3n preventiva para todo el clan Sena","datePublished":"2023-06-29T23:29:36+00:00","dateModified":"2023-06-30T12:12:10+00:00","mainEntityOfPage":{"@id":"https:\/\/diariotextual.com\/inicio\/index.php\/2023\/06\/29\/caso-cecilia-dictan-la-prision-preventiva-para-todo-el-clan-sena\/"},"wordCount":620,"publisher":{"@id":"https:\/\/diariotextual.com\/inicio\/#organization"},"image":{"@id":"https:\/\/diariotextual.com\/inicio\/index.php\/2023\/06\/29\/caso-cecilia-dictan-la-prision-preventiva-para-todo-el-clan-sena\/#primaryimage"},"thumbnailUrl":"https:\/\/diariotextual.com\/inicio\/wp-content\/uploads\/2023\/06\/senaclansenaemerencianosenacarlosacunacecilia2023-1.png","articleSection":["A - ES NOTICIA (van abajo)","SOCIEDAD"],"inLanguage":"es"},{"@type":"WebPage","@id":"https:\/\/diariotextual.com\/inicio\/index.php\/2023\/06\/29\/caso-cecilia-dictan-la-prision-preventiva-para-todo-el-clan-sena\/","url":"https:\/\/diariotextual.com\/inicio\/index.php\/2023\/06\/29\/caso-cecilia-dictan-la-prision-preventiva-para-todo-el-clan-sena\/","name":"Caso Cecilia: dictan la prisi\u00f3n preventiva para todo el clan Sena - Diario Textual","isPartOf":{"@id":"https:\/\/diariotextual.com\/inicio\/#website"},"primaryImageOfPage":{"@id":"https:\/\/diariotextual.com\/inicio\/index.php\/2023\/06\/29\/caso-cecilia-dictan-la-prision-preventiva-para-todo-el-clan-sena\/#primaryimage"},"image":{"@id":"https:\/\/diariotextual.com\/inicio\/index.php\/2023\/06\/29\/caso-cecilia-dictan-la-prision-preventiva-para-todo-el-clan-sena\/#primaryimage"},"thumbnailUrl":"https:\/\/diariotextual.com\/inicio\/wp-content\/uploads\/2023\/06\/senaclansenaemerencianosenacarlosacunacecilia2023-1.png","datePublished":"2023-06-29T23:29:36+00:00","dateModified":"2023-06-30T12:12:10+00:00","breadcrumb":{"@id":"https:\/\/diariotextual.com\/inicio\/index.php\/2023\/06\/29\/caso-cecilia-dictan-la-prision-preventiva-para-todo-el-clan-sena\/#breadcrumb"},"inLanguage":"es","potentialAction":[{"@type":"ReadAction","target":["https:\/\/diariotextual.com\/inicio\/index.php\/2023\/06\/29\/caso-cecilia-dictan-la-prision-preventiva-para-todo-el-clan-sena\/"]}]},{"@type":"ImageObject","inLanguage":"es","@id":"https:\/\/diariotextual.com\/inicio\/index.php\/2023\/06\/29\/caso-cecilia-dictan-la-prision-preventiva-para-todo-el-clan-sena\/#primaryimage","url":"https:\/\/diariotextual.com\/inicio\/wp-content\/uploads\/2023\/06\/senaclansenaemerencianosenacarlosacunacecilia2023-1.png","contentUrl":"https:\/\/diariotextual.com\/inicio\/wp-content\/uploads\/2023\/06\/senaclansenaemerencianosenacarlosacunacecilia2023-1.png","width":697,"height":457},{"@type":"BreadcrumbList","@id":"https:\/\/diariotextual.com\/inicio\/index.php\/2023\/06\/29\/caso-cecilia-dictan-la-prision-preventiva-para-todo-el-clan-sena\/#breadcrumb","itemListElement":[{"@type":"ListItem","position":1,"name":"Portada","item":"https:\/\/diariotextual.com\/inicio\/"},{"@type":"ListItem","position":2,"name":"Caso Cecilia: dictan la prisi\u00f3n preventiva para todo el clan Sena"}]},{"@type":"WebSite","@id":"https:\/\/diariotextual.com\/inicio\/#website","url":"https:\/\/diariotextual.com\/inicio\/","name":"Diario Textual","description":"","publisher":{"@id":"https:\/\/diariotextual.com\/inicio\/#organization"},"potentialAction":[{"@type":"SearchAction","target":{"@type":"EntryPoint","urlTemplate":"https:\/\/diariotextual.com\/inicio\/?s={search_term_string}"},"query-input":{"@type":"PropertyValueSpecification","valueRequired":true,"valueName":"search_term_string"}}],"inLanguage":"es"},{"@type":"Organization","@id":"https:\/\/diariotextual.com\/inicio\/#organization","name":"Diario Textual","url":"https:\/\/diariotextual.com\/inicio\/","logo":{"@type":"ImageObject","inLanguage":"es","@id":"https:\/\/diariotextual.com\/inicio\/#\/schema\/logo\/image\/","url":"https:\/\/diariotextual.com\/inicio\/wp-content\/uploads\/2023\/05\/logotextual1.jpg","contentUrl":"https:\/\/diariotextual.com\/inicio\/wp-content\/uploads\/2023\/05\/logotextual1.jpg","width":516,"height":76,"caption":"Diario Textual"},"image":{"@id":"https:\/\/diariotextual.com\/inicio\/#\/schema\/logo\/image\/"},"sameAs":["https:\/\/www.facebook.com\/eltextual","https:\/\/x.com\/eltextual","http:\/\/www.instagram.com\/eltextual"]},{"@type":"Person","@id":"https:\/\/diariotextual.com\/inicio\/#\/schema\/person\/418fc4093c33e86ed41562db3508f958","name":"Diario1 Diario1","image":{"@type":"ImageObject","inLanguage":"es","@id":"https:\/\/secure.gravatar.com\/avatar\/9167d280179c85bc18be67aa7eda765854300033af4896dd779b608640f2ef7a?s=96&d=mm&r=g","url":"https:\/\/secure.gravatar.com\/avatar\/9167d280179c85bc18be67aa7eda765854300033af4896dd779b608640f2ef7a?s=96&d=mm&r=g","contentUrl":"https:\/\/secure.gravatar.com\/avatar\/9167d280179c85bc18be67aa7eda765854300033af4896dd779b608640f2ef7a?s=96&d=mm&r=g","caption":"Diario1 Diario1"},"url":"https:\/\/diariotextual.com\/inicio\/index.php\/author\/diario1\/"}]}},"_links":{"self":[{"href":"https:\/\/diariotextual.com\/inicio\/index.php\/wp-json\/wp\/v2\/posts\/229841","targetHints":{"allow":["GET"]}}],"collection":[{"href":"https:\/\/diariotextual.com\/inicio\/index.php\/wp-json\/wp\/v2\/posts"}],"about":[{"href":"https:\/\/diariotextual.com\/inicio\/index.php\/wp-json\/wp\/v2\/types\/post"}],"author":[{"embeddable":true,"href":"https:\/\/diariotextual.com\/inicio\/index.php\/wp-json\/wp\/v2\/users\/3"}],"replies":[{"embeddable":true,"href":"https:\/\/diariotextual.com\/inicio\/index.php\/wp-json\/wp\/v2\/comments?post=229841"}],"version-history":[{"count":3,"href":"https:\/\/diariotextual.com\/inicio\/index.php\/wp-json\/wp\/v2\/posts\/229841\/revisions"}],"predecessor-version":[{"id":229845,"href":"https:\/\/diariotextual.com\/inicio\/index.php\/wp-json\/wp\/v2\/posts\/229841\/revisions\/229845"}],"wp:featuredmedia":[{"embeddable":true,"href":"https:\/\/diariotextual.com\/inicio\/index.php\/wp-json\/wp\/v2\/media\/229843"}],"wp:attachment":[{"href":"https:\/\/diariotextual.com\/inicio\/index.php\/wp-json\/wp\/v2\/media?parent=229841"}],"wp:term":[{"taxonomy":"category","embeddable":true,"href":"https:\/\/diariotextual.com\/inicio\/index.php\/wp-json\/wp\/v2\/categories?post=229841"},{"taxonomy":"post_tag","embeddable":true,"href":"https:\/\/diariotextual.com\/inicio\/index.php\/wp-json\/wp\/v2\/tags?post=229841"}],"curies":[{"name":"wp","href":"https:\/\/api.w.org\/{rel}","templated":true}]}}