{"id":229879,"date":"2023-06-30T09:34:09","date_gmt":"2023-06-30T12:34:09","guid":{"rendered":"https:\/\/diariotextual.com\/inicio\/?p=229879"},"modified":"2023-07-01T06:55:56","modified_gmt":"2023-07-01T09:55:56","slug":"nacio-la-cooperativa-creando-oportunidades-en-el-colegio-ciudad","status":"publish","type":"post","link":"https:\/\/diariotextual.com\/inicio\/index.php\/2023\/06\/30\/nacio-la-cooperativa-creando-oportunidades-en-el-colegio-ciudad\/","title":{"rendered":"Naci\u00f3 la cooperativa \u201cCreando Oportunidades\u201d en el Colegio Ciudad"},"content":{"rendered":"\n<p>En el colegio Ciudad de Santa Rosa naci\u00f3 una cooperativa. Autoridades escolares, prensa, estudiantes y docentes de la instituci\u00f3n para dar nacimiento a la cooperativa escolar \u201cCreando Oportunidades\u201d.<\/p>\n\n\n\n<p>Durante la asamblea constitutiva las y los estudiantes, junto a sus docentes gu\u00eda, Jesica Soria y David Gonz\u00e1lez, comentaron que la cooperativa naci\u00f3 en el marco de un proyecto interdisciplinar titulado \u201cParticipaci\u00f3n Juvenil: cooperativismo y comunicaci\u00f3n comunitaria\u201d, de sexto TT, perteneciente a la orientaci\u00f3n de comunicaci\u00f3n.<\/p>\n\n\n\n<p>En el mismo se plante\u00f3 como necesario dar mayor visibilidad al rol social, econ\u00f3mico, pol\u00edtico y cultural que ejercen las cooperativas sobre nuestra comunidad. En ese marco se realizaron variadas actividades tendientes a que las y los estudiantes puedan aproximarse a la filosof\u00eda cooperativa y a partir de all\u00ed conformar su propia cooperativa escolar.<\/p>\n\n\n\n<p>Las y los estudiantes asociados a la cooperativa proponen: fortalecer la radio escolar, crear un ropero comunitario para las y los estudiantes de la escuela, organizar actividades para recaudar fondos para la bajada de 6to a\u00f1o, visitar a adultos mayores a asilos o residencias, entre otras.<\/p>\n\n\n\n<p>El proyecto fue presentado en Feria de Ciencias 2023 y ser\u00e1 expuesto el d\u00eda martes 4\/7 desde las 8 a las 16 horas en el Zoom del colegio Ciudad.<\/p>\n\n\n\n<p>El objetivo es que las y los j\u00f3venes puedan hacerse de herramientas de autonom\u00eda para promover un mayor sentido de pertenencia en la escuela y, luego, seguir su propio camino con habilidades sociales que les permitan organizarse y junto a otrxs luchar por lo que consideren justo, dijo la profesora Jesica Soria.<\/p>\n\n\n\n<figure class=\"wp-block-image size-large\"><img fetchpriority=\"high\" decoding=\"async\" width=\"1024\" height=\"473\" src=\"https:\/\/diariotextual.com\/inicio\/wp-content\/uploads\/2023\/06\/cooperativacreandooportunidadescolegiociudad2023-2-1024x473.jpeg\" alt=\"\" class=\"wp-image-229885\" srcset=\"https:\/\/diariotextual.com\/inicio\/wp-content\/uploads\/2023\/06\/cooperativacreandooportunidadescolegiociudad2023-2-1024x473.jpeg 1024w, https:\/\/diariotextual.com\/inicio\/wp-content\/uploads\/2023\/06\/cooperativacreandooportunidadescolegiociudad2023-2-300x139.jpeg 300w, https:\/\/diariotextual.com\/inicio\/wp-content\/uploads\/2023\/06\/cooperativacreandooportunidadescolegiociudad2023-2-768x355.jpeg 768w, https:\/\/diariotextual.com\/inicio\/wp-content\/uploads\/2023\/06\/cooperativacreandooportunidadescolegiociudad2023-2-1170x540.jpeg 1170w, https:\/\/diariotextual.com\/inicio\/wp-content\/uploads\/2023\/06\/cooperativacreandooportunidadescolegiociudad2023-2-585x270.jpeg 585w, https:\/\/diariotextual.com\/inicio\/wp-content\/uploads\/2023\/06\/cooperativacreandooportunidadescolegiociudad2023-2.jpeg 1280w\" sizes=\"(max-width: 1024px) 100vw, 1024px\" \/><\/figure>\n\n\n\n<figure class=\"wp-block-image size-large\"><img decoding=\"async\" width=\"1024\" height=\"768\" src=\"https:\/\/diariotextual.com\/inicio\/wp-content\/uploads\/2023\/06\/cooperativacreandooportunidadescolegiociudad2023-3-1024x768.jpeg\" alt=\"\" class=\"wp-image-229884\" srcset=\"https:\/\/diariotextual.com\/inicio\/wp-content\/uploads\/2023\/06\/cooperativacreandooportunidadescolegiociudad2023-3-1024x768.jpeg 1024w, https:\/\/diariotextual.com\/inicio\/wp-content\/uploads\/2023\/06\/cooperativacreandooportunidadescolegiociudad2023-3-300x225.jpeg 300w, https:\/\/diariotextual.com\/inicio\/wp-content\/uploads\/2023\/06\/cooperativacreandooportunidadescolegiociudad2023-3-768x576.jpeg 768w, https:\/\/diariotextual.com\/inicio\/wp-content\/uploads\/2023\/06\/cooperativacreandooportunidadescolegiociudad2023-3-1170x878.jpeg 1170w, https:\/\/diariotextual.com\/inicio\/wp-content\/uploads\/2023\/06\/cooperativacreandooportunidadescolegiociudad2023-3-585x439.jpeg 585w, https:\/\/diariotextual.com\/inicio\/wp-content\/uploads\/2023\/06\/cooperativacreandooportunidadescolegiociudad2023-3.jpeg 1280w\" sizes=\"(max-width: 1024px) 100vw, 1024px\" \/><\/figure>\n","protected":false},"excerpt":{"rendered":"<p>En el colegio Ciudad de Santa Rosa naci\u00f3 una cooperativa. Autoridades escolares, prensa, estudiantes y docentes de la instituci\u00f3n para dar nacimiento a la cooperativa escolar \u201cCreando Oportunidades\u201d. Durante la&hellip;<\/p>\n","protected":false},"author":3,"featured_media":229886,"comment_status":"closed","ping_status":"open","sticky":false,"template":"","format":"standard","meta":{"_acf_changed":false,"footnotes":""},"categories":[1,11,12],"tags":[],"class_list":["post-229879","post","type-post","status-publish","format-standard","has-post-thumbnail","hentry","category-es-noticia","category-que-pasa","category-sociedad"],"acf":[],"yoast_head":"<!-- This site is optimized with the Yoast SEO plugin v27.5 - https:\/\/yoast.com\/product\/yoast-seo-wordpress\/ -->\n<title>Naci\u00f3 la cooperativa \u201cCreando Oportunidades\u201d en el Colegio Ciudad - Diario Textual<\/title>\n<meta name=\"robots\" content=\"index, follow, max-snippet:-1, max-image-preview:large, max-video-preview:-1\" \/>\n<link rel=\"canonical\" href=\"https:\/\/diariotextual.com\/inicio\/index.php\/2023\/06\/30\/nacio-la-cooperativa-creando-oportunidades-en-el-colegio-ciudad\/\" \/>\n<meta property=\"og:locale\" content=\"es_ES\" \/>\n<meta property=\"og:type\" content=\"article\" \/>\n<meta property=\"og:title\" content=\"Naci\u00f3 la cooperativa \u201cCreando Oportunidades\u201d en el Colegio Ciudad - Diario Textual\" \/>\n<meta property=\"og:description\" content=\"En el colegio Ciudad de Santa Rosa naci\u00f3 una cooperativa. Autoridades escolares, prensa, estudiantes y docentes de la instituci\u00f3n para dar nacimiento a la cooperativa escolar \u201cCreando Oportunidades\u201d. Durante la&hellip;\" \/>\n<meta property=\"og:url\" content=\"https:\/\/diariotextual.com\/inicio\/index.php\/2023\/06\/30\/nacio-la-cooperativa-creando-oportunidades-en-el-colegio-ciudad\/\" \/>\n<meta property=\"og:site_name\" content=\"Diario Textual\" \/>\n<meta property=\"article:publisher\" content=\"https:\/\/www.facebook.com\/eltextual\" \/>\n<meta property=\"article:published_time\" content=\"2023-06-30T12:34:09+00:00\" \/>\n<meta property=\"article:modified_time\" content=\"2023-07-01T09:55:56+00:00\" \/>\n<meta property=\"og:image\" content=\"https:\/\/diariotextual.com\/inicio\/wp-content\/uploads\/2023\/06\/cooperativacreandooportunidadescolegiociudad2023-1.jpeg\" \/>\n\t<meta property=\"og:image:width\" content=\"1280\" \/>\n\t<meta property=\"og:image:height\" content=\"960\" \/>\n\t<meta property=\"og:image:type\" content=\"image\/jpeg\" \/>\n<meta name=\"author\" content=\"Diario1 Diario1\" \/>\n<meta name=\"twitter:card\" content=\"summary_large_image\" \/>\n<meta name=\"twitter:creator\" content=\"@eltextual\" \/>\n<meta name=\"twitter:site\" content=\"@eltextual\" \/>\n<meta name=\"twitter:label1\" content=\"Escrito por\" \/>\n\t<meta name=\"twitter:data1\" content=\"Diario1 Diario1\" \/>\n\t<meta name=\"twitter:label2\" content=\"Tiempo de lectura\" \/>\n\t<meta name=\"twitter:data2\" content=\"2 minutos\" \/>\n<script type=\"application\/ld+json\" class=\"yoast-schema-graph\">{\"@context\":\"https:\\\/\\\/schema.org\",\"@graph\":[{\"@type\":\"Article\",\"@id\":\"https:\\\/\\\/diariotextual.com\\\/inicio\\\/index.php\\\/2023\\\/06\\\/30\\\/nacio-la-cooperativa-creando-oportunidades-en-el-colegio-ciudad\\\/#article\",\"isPartOf\":{\"@id\":\"https:\\\/\\\/diariotextual.com\\\/inicio\\\/index.php\\\/2023\\\/06\\\/30\\\/nacio-la-cooperativa-creando-oportunidades-en-el-colegio-ciudad\\\/\"},\"author\":{\"name\":\"Diario1 Diario1\",\"@id\":\"https:\\\/\\\/diariotextual.com\\\/inicio\\\/#\\\/schema\\\/person\\\/418fc4093c33e86ed41562db3508f958\"},\"headline\":\"Naci\u00f3 la cooperativa \u201cCreando Oportunidades\u201d en el Colegio Ciudad\",\"datePublished\":\"2023-06-30T12:34:09+00:00\",\"dateModified\":\"2023-07-01T09:55:56+00:00\",\"mainEntityOfPage\":{\"@id\":\"https:\\\/\\\/diariotextual.com\\\/inicio\\\/index.php\\\/2023\\\/06\\\/30\\\/nacio-la-cooperativa-creando-oportunidades-en-el-colegio-ciudad\\\/\"},\"wordCount\":274,\"publisher\":{\"@id\":\"https:\\\/\\\/diariotextual.com\\\/inicio\\\/#organization\"},\"image\":{\"@id\":\"https:\\\/\\\/diariotextual.com\\\/inicio\\\/index.php\\\/2023\\\/06\\\/30\\\/nacio-la-cooperativa-creando-oportunidades-en-el-colegio-ciudad\\\/#primaryimage\"},\"thumbnailUrl\":\"https:\\\/\\\/diariotextual.com\\\/inicio\\\/wp-content\\\/uploads\\\/2023\\\/06\\\/cooperativacreandooportunidadescolegiociudad2023-1.jpeg\",\"articleSection\":[\"A - ES NOTICIA (van abajo)\",\"A - QUE PASA (al costado)\",\"SOCIEDAD\"],\"inLanguage\":\"es\"},{\"@type\":\"WebPage\",\"@id\":\"https:\\\/\\\/diariotextual.com\\\/inicio\\\/index.php\\\/2023\\\/06\\\/30\\\/nacio-la-cooperativa-creando-oportunidades-en-el-colegio-ciudad\\\/\",\"url\":\"https:\\\/\\\/diariotextual.com\\\/inicio\\\/index.php\\\/2023\\\/06\\\/30\\\/nacio-la-cooperativa-creando-oportunidades-en-el-colegio-ciudad\\\/\",\"name\":\"Naci\u00f3 la cooperativa \u201cCreando Oportunidades\u201d en el Colegio Ciudad - Diario Textual\",\"isPartOf\":{\"@id\":\"https:\\\/\\\/diariotextual.com\\\/inicio\\\/#website\"},\"primaryImageOfPage\":{\"@id\":\"https:\\\/\\\/diariotextual.com\\\/inicio\\\/index.php\\\/2023\\\/06\\\/30\\\/nacio-la-cooperativa-creando-oportunidades-en-el-colegio-ciudad\\\/#primaryimage\"},\"image\":{\"@id\":\"https:\\\/\\\/diariotextual.com\\\/inicio\\\/index.php\\\/2023\\\/06\\\/30\\\/nacio-la-cooperativa-creando-oportunidades-en-el-colegio-ciudad\\\/#primaryimage\"},\"thumbnailUrl\":\"https:\\\/\\\/diariotextual.com\\\/inicio\\\/wp-content\\\/uploads\\\/2023\\\/06\\\/cooperativacreandooportunidadescolegiociudad2023-1.jpeg\",\"datePublished\":\"2023-06-30T12:34:09+00:00\",\"dateModified\":\"2023-07-01T09:55:56+00:00\",\"breadcrumb\":{\"@id\":\"https:\\\/\\\/diariotextual.com\\\/inicio\\\/index.php\\\/2023\\\/06\\\/30\\\/nacio-la-cooperativa-creando-oportunidades-en-el-colegio-ciudad\\\/#breadcrumb\"},\"inLanguage\":\"es\",\"potentialAction\":[{\"@type\":\"ReadAction\",\"target\":[\"https:\\\/\\\/diariotextual.com\\\/inicio\\\/index.php\\\/2023\\\/06\\\/30\\\/nacio-la-cooperativa-creando-oportunidades-en-el-colegio-ciudad\\\/\"]}]},{\"@type\":\"ImageObject\",\"inLanguage\":\"es\",\"@id\":\"https:\\\/\\\/diariotextual.com\\\/inicio\\\/index.php\\\/2023\\\/06\\\/30\\\/nacio-la-cooperativa-creando-oportunidades-en-el-colegio-ciudad\\\/#primaryimage\",\"url\":\"https:\\\/\\\/diariotextual.com\\\/inicio\\\/wp-content\\\/uploads\\\/2023\\\/06\\\/cooperativacreandooportunidadescolegiociudad2023-1.jpeg\",\"contentUrl\":\"https:\\\/\\\/diariotextual.com\\\/inicio\\\/wp-content\\\/uploads\\\/2023\\\/06\\\/cooperativacreandooportunidadescolegiociudad2023-1.jpeg\",\"width\":1280,\"height\":960},{\"@type\":\"BreadcrumbList\",\"@id\":\"https:\\\/\\\/diariotextual.com\\\/inicio\\\/index.php\\\/2023\\\/06\\\/30\\\/nacio-la-cooperativa-creando-oportunidades-en-el-colegio-ciudad\\\/#breadcrumb\",\"itemListElement\":[{\"@type\":\"ListItem\",\"position\":1,\"name\":\"Portada\",\"item\":\"https:\\\/\\\/diariotextual.com\\\/inicio\\\/\"},{\"@type\":\"ListItem\",\"position\":2,\"name\":\"Naci\u00f3 la cooperativa \u201cCreando Oportunidades\u201d en el Colegio Ciudad\"}]},{\"@type\":\"WebSite\",\"@id\":\"https:\\\/\\\/diariotextual.com\\\/inicio\\\/#website\",\"url\":\"https:\\\/\\\/diariotextual.com\\\/inicio\\\/\",\"name\":\"Diario Textual\",\"description\":\"\",\"publisher\":{\"@id\":\"https:\\\/\\\/diariotextual.com\\\/inicio\\\/#organization\"},\"potentialAction\":[{\"@type\":\"SearchAction\",\"target\":{\"@type\":\"EntryPoint\",\"urlTemplate\":\"https:\\\/\\\/diariotextual.com\\\/inicio\\\/?s={search_term_string}\"},\"query-input\":{\"@type\":\"PropertyValueSpecification\",\"valueRequired\":true,\"valueName\":\"search_term_string\"}}],\"inLanguage\":\"es\"},{\"@type\":\"Organization\",\"@id\":\"https:\\\/\\\/diariotextual.com\\\/inicio\\\/#organization\",\"name\":\"Diario Textual\",\"url\":\"https:\\\/\\\/diariotextual.com\\\/inicio\\\/\",\"logo\":{\"@type\":\"ImageObject\",\"inLanguage\":\"es\",\"@id\":\"https:\\\/\\\/diariotextual.com\\\/inicio\\\/#\\\/schema\\\/logo\\\/image\\\/\",\"url\":\"https:\\\/\\\/diariotextual.com\\\/inicio\\\/wp-content\\\/uploads\\\/2023\\\/05\\\/logotextual1.jpg\",\"contentUrl\":\"https:\\\/\\\/diariotextual.com\\\/inicio\\\/wp-content\\\/uploads\\\/2023\\\/05\\\/logotextual1.jpg\",\"width\":516,\"height\":76,\"caption\":\"Diario Textual\"},\"image\":{\"@id\":\"https:\\\/\\\/diariotextual.com\\\/inicio\\\/#\\\/schema\\\/logo\\\/image\\\/\"},\"sameAs\":[\"https:\\\/\\\/www.facebook.com\\\/eltextual\",\"https:\\\/\\\/x.com\\\/eltextual\",\"http:\\\/\\\/www.instagram.com\\\/eltextual\"]},{\"@type\":\"Person\",\"@id\":\"https:\\\/\\\/diariotextual.com\\\/inicio\\\/#\\\/schema\\\/person\\\/418fc4093c33e86ed41562db3508f958\",\"name\":\"Diario1 Diario1\",\"image\":{\"@type\":\"ImageObject\",\"inLanguage\":\"es\",\"@id\":\"https:\\\/\\\/secure.gravatar.com\\\/avatar\\\/9167d280179c85bc18be67aa7eda765854300033af4896dd779b608640f2ef7a?s=96&d=mm&r=g\",\"url\":\"https:\\\/\\\/secure.gravatar.com\\\/avatar\\\/9167d280179c85bc18be67aa7eda765854300033af4896dd779b608640f2ef7a?s=96&d=mm&r=g\",\"contentUrl\":\"https:\\\/\\\/secure.gravatar.com\\\/avatar\\\/9167d280179c85bc18be67aa7eda765854300033af4896dd779b608640f2ef7a?s=96&d=mm&r=g\",\"caption\":\"Diario1 Diario1\"},\"url\":\"https:\\\/\\\/diariotextual.com\\\/inicio\\\/index.php\\\/author\\\/diario1\\\/\"}]}<\/script>\n<!-- \/ Yoast SEO plugin. -->","yoast_head_json":{"title":"Naci\u00f3 la cooperativa \u201cCreando Oportunidades\u201d en el Colegio Ciudad - Diario Textual","robots":{"index":"index","follow":"follow","max-snippet":"max-snippet:-1","max-image-preview":"max-image-preview:large","max-video-preview":"max-video-preview:-1"},"canonical":"https:\/\/diariotextual.com\/inicio\/index.php\/2023\/06\/30\/nacio-la-cooperativa-creando-oportunidades-en-el-colegio-ciudad\/","og_locale":"es_ES","og_type":"article","og_title":"Naci\u00f3 la cooperativa \u201cCreando Oportunidades\u201d en el Colegio Ciudad - Diario Textual","og_description":"En el colegio Ciudad de Santa Rosa naci\u00f3 una cooperativa. Autoridades escolares, prensa, estudiantes y docentes de la instituci\u00f3n para dar nacimiento a la cooperativa escolar \u201cCreando Oportunidades\u201d. Durante la&hellip;","og_url":"https:\/\/diariotextual.com\/inicio\/index.php\/2023\/06\/30\/nacio-la-cooperativa-creando-oportunidades-en-el-colegio-ciudad\/","og_site_name":"Diario Textual","article_publisher":"https:\/\/www.facebook.com\/eltextual","article_published_time":"2023-06-30T12:34:09+00:00","article_modified_time":"2023-07-01T09:55:56+00:00","og_image":[{"width":1280,"height":960,"url":"https:\/\/diariotextual.com\/inicio\/wp-content\/uploads\/2023\/06\/cooperativacreandooportunidadescolegiociudad2023-1.jpeg","type":"image\/jpeg"}],"author":"Diario1 Diario1","twitter_card":"summary_large_image","twitter_creator":"@eltextual","twitter_site":"@eltextual","twitter_misc":{"Escrito por":"Diario1 Diario1","Tiempo de lectura":"2 minutos"},"schema":{"@context":"https:\/\/schema.org","@graph":[{"@type":"Article","@id":"https:\/\/diariotextual.com\/inicio\/index.php\/2023\/06\/30\/nacio-la-cooperativa-creando-oportunidades-en-el-colegio-ciudad\/#article","isPartOf":{"@id":"https:\/\/diariotextual.com\/inicio\/index.php\/2023\/06\/30\/nacio-la-cooperativa-creando-oportunidades-en-el-colegio-ciudad\/"},"author":{"name":"Diario1 Diario1","@id":"https:\/\/diariotextual.com\/inicio\/#\/schema\/person\/418fc4093c33e86ed41562db3508f958"},"headline":"Naci\u00f3 la cooperativa \u201cCreando Oportunidades\u201d en el Colegio Ciudad","datePublished":"2023-06-30T12:34:09+00:00","dateModified":"2023-07-01T09:55:56+00:00","mainEntityOfPage":{"@id":"https:\/\/diariotextual.com\/inicio\/index.php\/2023\/06\/30\/nacio-la-cooperativa-creando-oportunidades-en-el-colegio-ciudad\/"},"wordCount":274,"publisher":{"@id":"https:\/\/diariotextual.com\/inicio\/#organization"},"image":{"@id":"https:\/\/diariotextual.com\/inicio\/index.php\/2023\/06\/30\/nacio-la-cooperativa-creando-oportunidades-en-el-colegio-ciudad\/#primaryimage"},"thumbnailUrl":"https:\/\/diariotextual.com\/inicio\/wp-content\/uploads\/2023\/06\/cooperativacreandooportunidadescolegiociudad2023-1.jpeg","articleSection":["A - ES NOTICIA (van abajo)","A - QUE PASA (al costado)","SOCIEDAD"],"inLanguage":"es"},{"@type":"WebPage","@id":"https:\/\/diariotextual.com\/inicio\/index.php\/2023\/06\/30\/nacio-la-cooperativa-creando-oportunidades-en-el-colegio-ciudad\/","url":"https:\/\/diariotextual.com\/inicio\/index.php\/2023\/06\/30\/nacio-la-cooperativa-creando-oportunidades-en-el-colegio-ciudad\/","name":"Naci\u00f3 la cooperativa \u201cCreando Oportunidades\u201d en el Colegio Ciudad - Diario Textual","isPartOf":{"@id":"https:\/\/diariotextual.com\/inicio\/#website"},"primaryImageOfPage":{"@id":"https:\/\/diariotextual.com\/inicio\/index.php\/2023\/06\/30\/nacio-la-cooperativa-creando-oportunidades-en-el-colegio-ciudad\/#primaryimage"},"image":{"@id":"https:\/\/diariotextual.com\/inicio\/index.php\/2023\/06\/30\/nacio-la-cooperativa-creando-oportunidades-en-el-colegio-ciudad\/#primaryimage"},"thumbnailUrl":"https:\/\/diariotextual.com\/inicio\/wp-content\/uploads\/2023\/06\/cooperativacreandooportunidadescolegiociudad2023-1.jpeg","datePublished":"2023-06-30T12:34:09+00:00","dateModified":"2023-07-01T09:55:56+00:00","breadcrumb":{"@id":"https:\/\/diariotextual.com\/inicio\/index.php\/2023\/06\/30\/nacio-la-cooperativa-creando-oportunidades-en-el-colegio-ciudad\/#breadcrumb"},"inLanguage":"es","potentialAction":[{"@type":"ReadAction","target":["https:\/\/diariotextual.com\/inicio\/index.php\/2023\/06\/30\/nacio-la-cooperativa-creando-oportunidades-en-el-colegio-ciudad\/"]}]},{"@type":"ImageObject","inLanguage":"es","@id":"https:\/\/diariotextual.com\/inicio\/index.php\/2023\/06\/30\/nacio-la-cooperativa-creando-oportunidades-en-el-colegio-ciudad\/#primaryimage","url":"https:\/\/diariotextual.com\/inicio\/wp-content\/uploads\/2023\/06\/cooperativacreandooportunidadescolegiociudad2023-1.jpeg","contentUrl":"https:\/\/diariotextual.com\/inicio\/wp-content\/uploads\/2023\/06\/cooperativacreandooportunidadescolegiociudad2023-1.jpeg","width":1280,"height":960},{"@type":"BreadcrumbList","@id":"https:\/\/diariotextual.com\/inicio\/index.php\/2023\/06\/30\/nacio-la-cooperativa-creando-oportunidades-en-el-colegio-ciudad\/#breadcrumb","itemListElement":[{"@type":"ListItem","position":1,"name":"Portada","item":"https:\/\/diariotextual.com\/inicio\/"},{"@type":"ListItem","position":2,"name":"Naci\u00f3 la cooperativa \u201cCreando Oportunidades\u201d en el Colegio Ciudad"}]},{"@type":"WebSite","@id":"https:\/\/diariotextual.com\/inicio\/#website","url":"https:\/\/diariotextual.com\/inicio\/","name":"Diario Textual","description":"","publisher":{"@id":"https:\/\/diariotextual.com\/inicio\/#organization"},"potentialAction":[{"@type":"SearchAction","target":{"@type":"EntryPoint","urlTemplate":"https:\/\/diariotextual.com\/inicio\/?s={search_term_string}"},"query-input":{"@type":"PropertyValueSpecification","valueRequired":true,"valueName":"search_term_string"}}],"inLanguage":"es"},{"@type":"Organization","@id":"https:\/\/diariotextual.com\/inicio\/#organization","name":"Diario Textual","url":"https:\/\/diariotextual.com\/inicio\/","logo":{"@type":"ImageObject","inLanguage":"es","@id":"https:\/\/diariotextual.com\/inicio\/#\/schema\/logo\/image\/","url":"https:\/\/diariotextual.com\/inicio\/wp-content\/uploads\/2023\/05\/logotextual1.jpg","contentUrl":"https:\/\/diariotextual.com\/inicio\/wp-content\/uploads\/2023\/05\/logotextual1.jpg","width":516,"height":76,"caption":"Diario Textual"},"image":{"@id":"https:\/\/diariotextual.com\/inicio\/#\/schema\/logo\/image\/"},"sameAs":["https:\/\/www.facebook.com\/eltextual","https:\/\/x.com\/eltextual","http:\/\/www.instagram.com\/eltextual"]},{"@type":"Person","@id":"https:\/\/diariotextual.com\/inicio\/#\/schema\/person\/418fc4093c33e86ed41562db3508f958","name":"Diario1 Diario1","image":{"@type":"ImageObject","inLanguage":"es","@id":"https:\/\/secure.gravatar.com\/avatar\/9167d280179c85bc18be67aa7eda765854300033af4896dd779b608640f2ef7a?s=96&d=mm&r=g","url":"https:\/\/secure.gravatar.com\/avatar\/9167d280179c85bc18be67aa7eda765854300033af4896dd779b608640f2ef7a?s=96&d=mm&r=g","contentUrl":"https:\/\/secure.gravatar.com\/avatar\/9167d280179c85bc18be67aa7eda765854300033af4896dd779b608640f2ef7a?s=96&d=mm&r=g","caption":"Diario1 Diario1"},"url":"https:\/\/diariotextual.com\/inicio\/index.php\/author\/diario1\/"}]}},"_links":{"self":[{"href":"https:\/\/diariotextual.com\/inicio\/index.php\/wp-json\/wp\/v2\/posts\/229879","targetHints":{"allow":["GET"]}}],"collection":[{"href":"https:\/\/diariotextual.com\/inicio\/index.php\/wp-json\/wp\/v2\/posts"}],"about":[{"href":"https:\/\/diariotextual.com\/inicio\/index.php\/wp-json\/wp\/v2\/types\/post"}],"author":[{"embeddable":true,"href":"https:\/\/diariotextual.com\/inicio\/index.php\/wp-json\/wp\/v2\/users\/3"}],"replies":[{"embeddable":true,"href":"https:\/\/diariotextual.com\/inicio\/index.php\/wp-json\/wp\/v2\/comments?post=229879"}],"version-history":[{"count":3,"href":"https:\/\/diariotextual.com\/inicio\/index.php\/wp-json\/wp\/v2\/posts\/229879\/revisions"}],"predecessor-version":[{"id":229887,"href":"https:\/\/diariotextual.com\/inicio\/index.php\/wp-json\/wp\/v2\/posts\/229879\/revisions\/229887"}],"wp:featuredmedia":[{"embeddable":true,"href":"https:\/\/diariotextual.com\/inicio\/index.php\/wp-json\/wp\/v2\/media\/229886"}],"wp:attachment":[{"href":"https:\/\/diariotextual.com\/inicio\/index.php\/wp-json\/wp\/v2\/media?parent=229879"}],"wp:term":[{"taxonomy":"category","embeddable":true,"href":"https:\/\/diariotextual.com\/inicio\/index.php\/wp-json\/wp\/v2\/categories?post=229879"},{"taxonomy":"post_tag","embeddable":true,"href":"https:\/\/diariotextual.com\/inicio\/index.php\/wp-json\/wp\/v2\/tags?post=229879"}],"curies":[{"name":"wp","href":"https:\/\/api.w.org\/{rel}","templated":true}]}}