{"id":229888,"date":"2023-06-30T09:46:59","date_gmt":"2023-06-30T12:46:59","guid":{"rendered":"https:\/\/diariotextual.com\/inicio\/?p=229888"},"modified":"2023-06-30T18:12:56","modified_gmt":"2023-06-30T21:12:56","slug":"la-pampa-51-302-jubilados-y-pensionados-cobran-refuerzo-de-17-mil","status":"publish","type":"post","link":"https:\/\/diariotextual.com\/inicio\/index.php\/2023\/06\/30\/la-pampa-51-302-jubilados-y-pensionados-cobran-refuerzo-de-17-mil\/","title":{"rendered":"La Pampa: 51.302 jubilados y pensionados cobran refuerzo de $17 mil"},"content":{"rendered":"\n<p>En el marco de los aumentos por movilidad jubilatoria otorgados para este trimestre, Anses inform\u00f3 que en el mes de julio las jubilaciones y pensiones m\u00ednimas cobran\u00a0un refuerzo de $17 mil, por lo que percibir\u00e1n\u00a087.938 pesos. En La Pampa 51.302 personas recibir\u00e1n este beneficio.<\/p>\n\n\n\n<p>Este refuerzo es el segundo de los tres otorgados para los meses de\u00a0junio\u00a0(15 mil pesos),\u00a0julio\u00a0(17 mil pesos) y\u00a0agosto\u00a0(20 mil pesos) y va decreciendo hasta los 5 mil pesos para quienes cobran hasta 2 jubilaciones m\u00ednimas, alcanzando a m\u00e1s de\u00a05,9 millones de jubilados y pensionados\u00a0(un 80 por ciento del total).<\/p>\n\n\n\n<p>En el mes de julio de 2023, la jubilaci\u00f3n m\u00ednima m\u00e1s el refuerzo ser\u00e1 un\u00a0134,3 por ciento mayor que la de julio de 2022, lo que representa un\u00a0incremento anual, en t\u00e9rminos reales, del 8,6 por ciento.<\/p>\n\n\n\n<p>En cuando a la distribuci\u00f3n por provincia, en Buenos Aires cobran el refuerzo 2.085.361 jubilados y pensionados; en C\u00f3rdoba, 501.489; en la Ciudad Aut\u00f3noma de Buenos Aires, 446.125; en Santa Fe, 433.201; en Mendoza, 265.195; en Tucum\u00e1n, 230.274; en Chaco, 211.927; en Misiones, 209.950; en Entre R\u00edos, 193.696; en Corrientes, 190.315; en Santiago del Estero, 188.535; en Salta, 183.478; en San Juan, 105.716; en R\u00edo Negro, 99.414; en Formosa, 97.462; en Jujuy, 93.073; en San Luis, 66.346; en Neuqu\u00e9n, 62.284; en Catamarca, 56.841; en Chubut, 56.440; en La Pampa, 51.302; en La Rioja, 49.529; en Santa Cruz, 22.096 y en Tierra del Fuego, 13.971.<\/p>\n","protected":false},"excerpt":{"rendered":"<p>En el marco de los aumentos por movilidad jubilatoria otorgados para este trimestre, Anses inform\u00f3 que en el mes de julio las jubilaciones y pensiones m\u00ednimas cobran\u00a0un refuerzo de $17&hellip;<\/p>\n","protected":false},"author":7,"featured_media":16204,"comment_status":"closed","ping_status":"open","sticky":false,"template":"","format":"standard","meta":{"_acf_changed":false,"footnotes":""},"categories":[1,12],"tags":[],"class_list":["post-229888","post","type-post","status-publish","format-standard","has-post-thumbnail","hentry","category-es-noticia","category-sociedad"],"acf":[],"yoast_head":"<!-- This site is optimized with the Yoast SEO plugin v27.5 - https:\/\/yoast.com\/product\/yoast-seo-wordpress\/ -->\n<title>La Pampa: 51.302 jubilados y pensionados cobran refuerzo de $17 mil - Diario Textual<\/title>\n<meta name=\"robots\" content=\"index, follow, max-snippet:-1, max-image-preview:large, max-video-preview:-1\" \/>\n<link rel=\"canonical\" href=\"https:\/\/diariotextual.com\/inicio\/index.php\/2023\/06\/30\/la-pampa-51-302-jubilados-y-pensionados-cobran-refuerzo-de-17-mil\/\" \/>\n<meta property=\"og:locale\" content=\"es_ES\" \/>\n<meta property=\"og:type\" content=\"article\" \/>\n<meta property=\"og:title\" content=\"La Pampa: 51.302 jubilados y pensionados cobran refuerzo de $17 mil - Diario Textual\" \/>\n<meta property=\"og:description\" content=\"En el marco de los aumentos por movilidad jubilatoria otorgados para este trimestre, Anses inform\u00f3 que en el mes de julio las jubilaciones y pensiones m\u00ednimas cobran\u00a0un refuerzo de $17&hellip;\" \/>\n<meta property=\"og:url\" content=\"https:\/\/diariotextual.com\/inicio\/index.php\/2023\/06\/30\/la-pampa-51-302-jubilados-y-pensionados-cobran-refuerzo-de-17-mil\/\" \/>\n<meta property=\"og:site_name\" content=\"Diario Textual\" \/>\n<meta property=\"article:publisher\" content=\"https:\/\/www.facebook.com\/eltextual\" \/>\n<meta property=\"article:published_time\" content=\"2023-06-30T12:46:59+00:00\" \/>\n<meta property=\"article:modified_time\" content=\"2023-06-30T21:12:56+00:00\" \/>\n<meta property=\"og:image\" content=\"https:\/\/diariotextual.com\/inicio\/wp-content\/uploads\/2018\/08\/jubilados-bancodelaplaza.jpg\" \/>\n\t<meta property=\"og:image:width\" content=\"640\" \/>\n\t<meta property=\"og:image:height\" content=\"383\" \/>\n\t<meta property=\"og:image:type\" content=\"image\/jpeg\" \/>\n<meta name=\"author\" content=\"diario5\" \/>\n<meta name=\"twitter:card\" content=\"summary_large_image\" \/>\n<meta name=\"twitter:creator\" content=\"@eltextual\" \/>\n<meta name=\"twitter:site\" content=\"@eltextual\" \/>\n<meta name=\"twitter:label1\" content=\"Escrito por\" \/>\n\t<meta name=\"twitter:data1\" content=\"diario5\" \/>\n\t<meta name=\"twitter:label2\" content=\"Tiempo de lectura\" \/>\n\t<meta name=\"twitter:data2\" content=\"2 minutos\" \/>\n<script type=\"application\/ld+json\" class=\"yoast-schema-graph\">{\"@context\":\"https:\\\/\\\/schema.org\",\"@graph\":[{\"@type\":\"Article\",\"@id\":\"https:\\\/\\\/diariotextual.com\\\/inicio\\\/index.php\\\/2023\\\/06\\\/30\\\/la-pampa-51-302-jubilados-y-pensionados-cobran-refuerzo-de-17-mil\\\/#article\",\"isPartOf\":{\"@id\":\"https:\\\/\\\/diariotextual.com\\\/inicio\\\/index.php\\\/2023\\\/06\\\/30\\\/la-pampa-51-302-jubilados-y-pensionados-cobran-refuerzo-de-17-mil\\\/\"},\"author\":{\"name\":\"diario5\",\"@id\":\"https:\\\/\\\/diariotextual.com\\\/inicio\\\/#\\\/schema\\\/person\\\/c7834961ad8b29b1d9cdbf4571299067\"},\"headline\":\"La Pampa: 51.302 jubilados y pensionados cobran refuerzo de $17 mil\",\"datePublished\":\"2023-06-30T12:46:59+00:00\",\"dateModified\":\"2023-06-30T21:12:56+00:00\",\"mainEntityOfPage\":{\"@id\":\"https:\\\/\\\/diariotextual.com\\\/inicio\\\/index.php\\\/2023\\\/06\\\/30\\\/la-pampa-51-302-jubilados-y-pensionados-cobran-refuerzo-de-17-mil\\\/\"},\"wordCount\":232,\"publisher\":{\"@id\":\"https:\\\/\\\/diariotextual.com\\\/inicio\\\/#organization\"},\"image\":{\"@id\":\"https:\\\/\\\/diariotextual.com\\\/inicio\\\/index.php\\\/2023\\\/06\\\/30\\\/la-pampa-51-302-jubilados-y-pensionados-cobran-refuerzo-de-17-mil\\\/#primaryimage\"},\"thumbnailUrl\":\"https:\\\/\\\/diariotextual.com\\\/inicio\\\/wp-content\\\/uploads\\\/2018\\\/08\\\/jubilados-bancodelaplaza.jpg\",\"articleSection\":[\"A - ES NOTICIA (van abajo)\",\"SOCIEDAD\"],\"inLanguage\":\"es\"},{\"@type\":\"WebPage\",\"@id\":\"https:\\\/\\\/diariotextual.com\\\/inicio\\\/index.php\\\/2023\\\/06\\\/30\\\/la-pampa-51-302-jubilados-y-pensionados-cobran-refuerzo-de-17-mil\\\/\",\"url\":\"https:\\\/\\\/diariotextual.com\\\/inicio\\\/index.php\\\/2023\\\/06\\\/30\\\/la-pampa-51-302-jubilados-y-pensionados-cobran-refuerzo-de-17-mil\\\/\",\"name\":\"La Pampa: 51.302 jubilados y pensionados cobran refuerzo de $17 mil - Diario Textual\",\"isPartOf\":{\"@id\":\"https:\\\/\\\/diariotextual.com\\\/inicio\\\/#website\"},\"primaryImageOfPage\":{\"@id\":\"https:\\\/\\\/diariotextual.com\\\/inicio\\\/index.php\\\/2023\\\/06\\\/30\\\/la-pampa-51-302-jubilados-y-pensionados-cobran-refuerzo-de-17-mil\\\/#primaryimage\"},\"image\":{\"@id\":\"https:\\\/\\\/diariotextual.com\\\/inicio\\\/index.php\\\/2023\\\/06\\\/30\\\/la-pampa-51-302-jubilados-y-pensionados-cobran-refuerzo-de-17-mil\\\/#primaryimage\"},\"thumbnailUrl\":\"https:\\\/\\\/diariotextual.com\\\/inicio\\\/wp-content\\\/uploads\\\/2018\\\/08\\\/jubilados-bancodelaplaza.jpg\",\"datePublished\":\"2023-06-30T12:46:59+00:00\",\"dateModified\":\"2023-06-30T21:12:56+00:00\",\"breadcrumb\":{\"@id\":\"https:\\\/\\\/diariotextual.com\\\/inicio\\\/index.php\\\/2023\\\/06\\\/30\\\/la-pampa-51-302-jubilados-y-pensionados-cobran-refuerzo-de-17-mil\\\/#breadcrumb\"},\"inLanguage\":\"es\",\"potentialAction\":[{\"@type\":\"ReadAction\",\"target\":[\"https:\\\/\\\/diariotextual.com\\\/inicio\\\/index.php\\\/2023\\\/06\\\/30\\\/la-pampa-51-302-jubilados-y-pensionados-cobran-refuerzo-de-17-mil\\\/\"]}]},{\"@type\":\"ImageObject\",\"inLanguage\":\"es\",\"@id\":\"https:\\\/\\\/diariotextual.com\\\/inicio\\\/index.php\\\/2023\\\/06\\\/30\\\/la-pampa-51-302-jubilados-y-pensionados-cobran-refuerzo-de-17-mil\\\/#primaryimage\",\"url\":\"https:\\\/\\\/diariotextual.com\\\/inicio\\\/wp-content\\\/uploads\\\/2018\\\/08\\\/jubilados-bancodelaplaza.jpg\",\"contentUrl\":\"https:\\\/\\\/diariotextual.com\\\/inicio\\\/wp-content\\\/uploads\\\/2018\\\/08\\\/jubilados-bancodelaplaza.jpg\",\"width\":640,\"height\":383},{\"@type\":\"BreadcrumbList\",\"@id\":\"https:\\\/\\\/diariotextual.com\\\/inicio\\\/index.php\\\/2023\\\/06\\\/30\\\/la-pampa-51-302-jubilados-y-pensionados-cobran-refuerzo-de-17-mil\\\/#breadcrumb\",\"itemListElement\":[{\"@type\":\"ListItem\",\"position\":1,\"name\":\"Portada\",\"item\":\"https:\\\/\\\/diariotextual.com\\\/inicio\\\/\"},{\"@type\":\"ListItem\",\"position\":2,\"name\":\"La Pampa: 51.302 jubilados y pensionados cobran refuerzo de $17 mil\"}]},{\"@type\":\"WebSite\",\"@id\":\"https:\\\/\\\/diariotextual.com\\\/inicio\\\/#website\",\"url\":\"https:\\\/\\\/diariotextual.com\\\/inicio\\\/\",\"name\":\"Diario Textual\",\"description\":\"\",\"publisher\":{\"@id\":\"https:\\\/\\\/diariotextual.com\\\/inicio\\\/#organization\"},\"potentialAction\":[{\"@type\":\"SearchAction\",\"target\":{\"@type\":\"EntryPoint\",\"urlTemplate\":\"https:\\\/\\\/diariotextual.com\\\/inicio\\\/?s={search_term_string}\"},\"query-input\":{\"@type\":\"PropertyValueSpecification\",\"valueRequired\":true,\"valueName\":\"search_term_string\"}}],\"inLanguage\":\"es\"},{\"@type\":\"Organization\",\"@id\":\"https:\\\/\\\/diariotextual.com\\\/inicio\\\/#organization\",\"name\":\"Diario Textual\",\"url\":\"https:\\\/\\\/diariotextual.com\\\/inicio\\\/\",\"logo\":{\"@type\":\"ImageObject\",\"inLanguage\":\"es\",\"@id\":\"https:\\\/\\\/diariotextual.com\\\/inicio\\\/#\\\/schema\\\/logo\\\/image\\\/\",\"url\":\"https:\\\/\\\/diariotextual.com\\\/inicio\\\/wp-content\\\/uploads\\\/2023\\\/05\\\/logotextual1.jpg\",\"contentUrl\":\"https:\\\/\\\/diariotextual.com\\\/inicio\\\/wp-content\\\/uploads\\\/2023\\\/05\\\/logotextual1.jpg\",\"width\":516,\"height\":76,\"caption\":\"Diario Textual\"},\"image\":{\"@id\":\"https:\\\/\\\/diariotextual.com\\\/inicio\\\/#\\\/schema\\\/logo\\\/image\\\/\"},\"sameAs\":[\"https:\\\/\\\/www.facebook.com\\\/eltextual\",\"https:\\\/\\\/x.com\\\/eltextual\",\"http:\\\/\\\/www.instagram.com\\\/eltextual\"]},{\"@type\":\"Person\",\"@id\":\"https:\\\/\\\/diariotextual.com\\\/inicio\\\/#\\\/schema\\\/person\\\/c7834961ad8b29b1d9cdbf4571299067\",\"name\":\"diario5\",\"image\":{\"@type\":\"ImageObject\",\"inLanguage\":\"es\",\"@id\":\"https:\\\/\\\/secure.gravatar.com\\\/avatar\\\/948c893b847ca6df68216ead81b63f363408ec9b0f600fefc0641ce78613b111?s=96&d=mm&r=g\",\"url\":\"https:\\\/\\\/secure.gravatar.com\\\/avatar\\\/948c893b847ca6df68216ead81b63f363408ec9b0f600fefc0641ce78613b111?s=96&d=mm&r=g\",\"contentUrl\":\"https:\\\/\\\/secure.gravatar.com\\\/avatar\\\/948c893b847ca6df68216ead81b63f363408ec9b0f600fefc0641ce78613b111?s=96&d=mm&r=g\",\"caption\":\"diario5\"},\"url\":\"https:\\\/\\\/diariotextual.com\\\/inicio\\\/index.php\\\/author\\\/diario5\\\/\"}]}<\/script>\n<!-- \/ Yoast SEO plugin. -->","yoast_head_json":{"title":"La Pampa: 51.302 jubilados y pensionados cobran refuerzo de $17 mil - Diario Textual","robots":{"index":"index","follow":"follow","max-snippet":"max-snippet:-1","max-image-preview":"max-image-preview:large","max-video-preview":"max-video-preview:-1"},"canonical":"https:\/\/diariotextual.com\/inicio\/index.php\/2023\/06\/30\/la-pampa-51-302-jubilados-y-pensionados-cobran-refuerzo-de-17-mil\/","og_locale":"es_ES","og_type":"article","og_title":"La Pampa: 51.302 jubilados y pensionados cobran refuerzo de $17 mil - Diario Textual","og_description":"En el marco de los aumentos por movilidad jubilatoria otorgados para este trimestre, Anses inform\u00f3 que en el mes de julio las jubilaciones y pensiones m\u00ednimas cobran\u00a0un refuerzo de $17&hellip;","og_url":"https:\/\/diariotextual.com\/inicio\/index.php\/2023\/06\/30\/la-pampa-51-302-jubilados-y-pensionados-cobran-refuerzo-de-17-mil\/","og_site_name":"Diario Textual","article_publisher":"https:\/\/www.facebook.com\/eltextual","article_published_time":"2023-06-30T12:46:59+00:00","article_modified_time":"2023-06-30T21:12:56+00:00","og_image":[{"width":640,"height":383,"url":"https:\/\/diariotextual.com\/inicio\/wp-content\/uploads\/2018\/08\/jubilados-bancodelaplaza.jpg","type":"image\/jpeg"}],"author":"diario5","twitter_card":"summary_large_image","twitter_creator":"@eltextual","twitter_site":"@eltextual","twitter_misc":{"Escrito por":"diario5","Tiempo de lectura":"2 minutos"},"schema":{"@context":"https:\/\/schema.org","@graph":[{"@type":"Article","@id":"https:\/\/diariotextual.com\/inicio\/index.php\/2023\/06\/30\/la-pampa-51-302-jubilados-y-pensionados-cobran-refuerzo-de-17-mil\/#article","isPartOf":{"@id":"https:\/\/diariotextual.com\/inicio\/index.php\/2023\/06\/30\/la-pampa-51-302-jubilados-y-pensionados-cobran-refuerzo-de-17-mil\/"},"author":{"name":"diario5","@id":"https:\/\/diariotextual.com\/inicio\/#\/schema\/person\/c7834961ad8b29b1d9cdbf4571299067"},"headline":"La Pampa: 51.302 jubilados y pensionados cobran refuerzo de $17 mil","datePublished":"2023-06-30T12:46:59+00:00","dateModified":"2023-06-30T21:12:56+00:00","mainEntityOfPage":{"@id":"https:\/\/diariotextual.com\/inicio\/index.php\/2023\/06\/30\/la-pampa-51-302-jubilados-y-pensionados-cobran-refuerzo-de-17-mil\/"},"wordCount":232,"publisher":{"@id":"https:\/\/diariotextual.com\/inicio\/#organization"},"image":{"@id":"https:\/\/diariotextual.com\/inicio\/index.php\/2023\/06\/30\/la-pampa-51-302-jubilados-y-pensionados-cobran-refuerzo-de-17-mil\/#primaryimage"},"thumbnailUrl":"https:\/\/diariotextual.com\/inicio\/wp-content\/uploads\/2018\/08\/jubilados-bancodelaplaza.jpg","articleSection":["A - ES NOTICIA (van abajo)","SOCIEDAD"],"inLanguage":"es"},{"@type":"WebPage","@id":"https:\/\/diariotextual.com\/inicio\/index.php\/2023\/06\/30\/la-pampa-51-302-jubilados-y-pensionados-cobran-refuerzo-de-17-mil\/","url":"https:\/\/diariotextual.com\/inicio\/index.php\/2023\/06\/30\/la-pampa-51-302-jubilados-y-pensionados-cobran-refuerzo-de-17-mil\/","name":"La Pampa: 51.302 jubilados y pensionados cobran refuerzo de $17 mil - Diario Textual","isPartOf":{"@id":"https:\/\/diariotextual.com\/inicio\/#website"},"primaryImageOfPage":{"@id":"https:\/\/diariotextual.com\/inicio\/index.php\/2023\/06\/30\/la-pampa-51-302-jubilados-y-pensionados-cobran-refuerzo-de-17-mil\/#primaryimage"},"image":{"@id":"https:\/\/diariotextual.com\/inicio\/index.php\/2023\/06\/30\/la-pampa-51-302-jubilados-y-pensionados-cobran-refuerzo-de-17-mil\/#primaryimage"},"thumbnailUrl":"https:\/\/diariotextual.com\/inicio\/wp-content\/uploads\/2018\/08\/jubilados-bancodelaplaza.jpg","datePublished":"2023-06-30T12:46:59+00:00","dateModified":"2023-06-30T21:12:56+00:00","breadcrumb":{"@id":"https:\/\/diariotextual.com\/inicio\/index.php\/2023\/06\/30\/la-pampa-51-302-jubilados-y-pensionados-cobran-refuerzo-de-17-mil\/#breadcrumb"},"inLanguage":"es","potentialAction":[{"@type":"ReadAction","target":["https:\/\/diariotextual.com\/inicio\/index.php\/2023\/06\/30\/la-pampa-51-302-jubilados-y-pensionados-cobran-refuerzo-de-17-mil\/"]}]},{"@type":"ImageObject","inLanguage":"es","@id":"https:\/\/diariotextual.com\/inicio\/index.php\/2023\/06\/30\/la-pampa-51-302-jubilados-y-pensionados-cobran-refuerzo-de-17-mil\/#primaryimage","url":"https:\/\/diariotextual.com\/inicio\/wp-content\/uploads\/2018\/08\/jubilados-bancodelaplaza.jpg","contentUrl":"https:\/\/diariotextual.com\/inicio\/wp-content\/uploads\/2018\/08\/jubilados-bancodelaplaza.jpg","width":640,"height":383},{"@type":"BreadcrumbList","@id":"https:\/\/diariotextual.com\/inicio\/index.php\/2023\/06\/30\/la-pampa-51-302-jubilados-y-pensionados-cobran-refuerzo-de-17-mil\/#breadcrumb","itemListElement":[{"@type":"ListItem","position":1,"name":"Portada","item":"https:\/\/diariotextual.com\/inicio\/"},{"@type":"ListItem","position":2,"name":"La Pampa: 51.302 jubilados y pensionados cobran refuerzo de $17 mil"}]},{"@type":"WebSite","@id":"https:\/\/diariotextual.com\/inicio\/#website","url":"https:\/\/diariotextual.com\/inicio\/","name":"Diario Textual","description":"","publisher":{"@id":"https:\/\/diariotextual.com\/inicio\/#organization"},"potentialAction":[{"@type":"SearchAction","target":{"@type":"EntryPoint","urlTemplate":"https:\/\/diariotextual.com\/inicio\/?s={search_term_string}"},"query-input":{"@type":"PropertyValueSpecification","valueRequired":true,"valueName":"search_term_string"}}],"inLanguage":"es"},{"@type":"Organization","@id":"https:\/\/diariotextual.com\/inicio\/#organization","name":"Diario Textual","url":"https:\/\/diariotextual.com\/inicio\/","logo":{"@type":"ImageObject","inLanguage":"es","@id":"https:\/\/diariotextual.com\/inicio\/#\/schema\/logo\/image\/","url":"https:\/\/diariotextual.com\/inicio\/wp-content\/uploads\/2023\/05\/logotextual1.jpg","contentUrl":"https:\/\/diariotextual.com\/inicio\/wp-content\/uploads\/2023\/05\/logotextual1.jpg","width":516,"height":76,"caption":"Diario Textual"},"image":{"@id":"https:\/\/diariotextual.com\/inicio\/#\/schema\/logo\/image\/"},"sameAs":["https:\/\/www.facebook.com\/eltextual","https:\/\/x.com\/eltextual","http:\/\/www.instagram.com\/eltextual"]},{"@type":"Person","@id":"https:\/\/diariotextual.com\/inicio\/#\/schema\/person\/c7834961ad8b29b1d9cdbf4571299067","name":"diario5","image":{"@type":"ImageObject","inLanguage":"es","@id":"https:\/\/secure.gravatar.com\/avatar\/948c893b847ca6df68216ead81b63f363408ec9b0f600fefc0641ce78613b111?s=96&d=mm&r=g","url":"https:\/\/secure.gravatar.com\/avatar\/948c893b847ca6df68216ead81b63f363408ec9b0f600fefc0641ce78613b111?s=96&d=mm&r=g","contentUrl":"https:\/\/secure.gravatar.com\/avatar\/948c893b847ca6df68216ead81b63f363408ec9b0f600fefc0641ce78613b111?s=96&d=mm&r=g","caption":"diario5"},"url":"https:\/\/diariotextual.com\/inicio\/index.php\/author\/diario5\/"}]}},"_links":{"self":[{"href":"https:\/\/diariotextual.com\/inicio\/index.php\/wp-json\/wp\/v2\/posts\/229888","targetHints":{"allow":["GET"]}}],"collection":[{"href":"https:\/\/diariotextual.com\/inicio\/index.php\/wp-json\/wp\/v2\/posts"}],"about":[{"href":"https:\/\/diariotextual.com\/inicio\/index.php\/wp-json\/wp\/v2\/types\/post"}],"author":[{"embeddable":true,"href":"https:\/\/diariotextual.com\/inicio\/index.php\/wp-json\/wp\/v2\/users\/7"}],"replies":[{"embeddable":true,"href":"https:\/\/diariotextual.com\/inicio\/index.php\/wp-json\/wp\/v2\/comments?post=229888"}],"version-history":[{"count":1,"href":"https:\/\/diariotextual.com\/inicio\/index.php\/wp-json\/wp\/v2\/posts\/229888\/revisions"}],"predecessor-version":[{"id":229889,"href":"https:\/\/diariotextual.com\/inicio\/index.php\/wp-json\/wp\/v2\/posts\/229888\/revisions\/229889"}],"wp:featuredmedia":[{"embeddable":true,"href":"https:\/\/diariotextual.com\/inicio\/index.php\/wp-json\/wp\/v2\/media\/16204"}],"wp:attachment":[{"href":"https:\/\/diariotextual.com\/inicio\/index.php\/wp-json\/wp\/v2\/media?parent=229888"}],"wp:term":[{"taxonomy":"category","embeddable":true,"href":"https:\/\/diariotextual.com\/inicio\/index.php\/wp-json\/wp\/v2\/categories?post=229888"},{"taxonomy":"post_tag","embeddable":true,"href":"https:\/\/diariotextual.com\/inicio\/index.php\/wp-json\/wp\/v2\/tags?post=229888"}],"curies":[{"name":"wp","href":"https:\/\/api.w.org\/{rel}","templated":true}]}}