{"id":229913,"date":"2023-06-30T20:23:51","date_gmt":"2023-06-30T23:23:51","guid":{"rendered":"https:\/\/diariotextual.com\/inicio\/?p=229913"},"modified":"2023-07-02T09:56:59","modified_gmt":"2023-07-02T12:56:59","slug":"ziliotto-vuelve-a-advertir-que-si-ganan-larreta-o-bullrich-no-bajaran-obras-a-la-pampa","status":"publish","type":"post","link":"https:\/\/diariotextual.com\/inicio\/index.php\/2023\/06\/30\/ziliotto-vuelve-a-advertir-que-si-ganan-larreta-o-bullrich-no-bajaran-obras-a-la-pampa\/","title":{"rendered":"Ziliotto vuelve a advertir que si ganan Larreta o Bullrich no bajar\u00e1n obras a La Pampa"},"content":{"rendered":"\n<p><strong>El gobernador Sergio Ziliotto volvi\u00f3 a advertir que si el pr\u00f3ximo presidente es Horacio Rodr\u00edguez Larreta o Patricia Bullrich, de Juntos por el Cambio, La Pampa sufrir\u00e1 otra vez el corte de las obras p\u00fablicas, como lo padeci\u00f3 con Mauricio Macri entre 2015 y 2019.<\/strong><\/p>\n\n\n\n<p>\u201cTrabajamos en la integraci\u00f3n de una metr\u00f3polis\u201d, dijo el gobernador durante la recorrida que, durante la ma\u00f1ana de hoy, realiz\u00f3 de la obra de pavimentaci\u00f3n que se ejecuta en la avenida Felice y el corredor Stieben, en el marco de un plan integral de pavimentaci\u00f3n que comprende el casco urbano de la ciudad, nuevas calles en barrios santarrose\u00f1os y el corredor que unir\u00e1 la zona norte con el centro de la capital provincial.<\/p>\n\n\n\n<p>El gobernador estuvo acompa\u00f1ado por el ministro de Obras y Servicios P\u00fablicos, Julio Rojo; el presidente de la Direcci\u00f3n Provincial de Vialidad, Rodrigo Cadenas; y el intendente de Santa Rosa, Luciano di N\u00e1poli. Como se recordar\u00e1, el proyecto de obra consiste en la ejecuci\u00f3n de una avenida de doble mano, con dos carriles de circulaci\u00f3n, boulevar, bicisendas, zonas de estacionamiento, arbolado e iluminaci\u00f3n, en el marco de un plan general de obras que jerarquizar\u00e1 y consolidar\u00e1 un corredor de vinculaci\u00f3n entre los barrios del suroeste de la ciudad y el centro, optimizando la circulaci\u00f3n y mejorando la seguridad vial.<\/p>\n\n\n\n<p>La recorrida permiti\u00f3 visualizar que, a pocos meses de haberse licitado y adjudicado, la infraestructura vial del corredor avanza conforme a las planificaciones proyectadas. Puntualmente en el d\u00eda de la fecha, la empresa a cargo de la obra, realiz\u00f3 la pavimentaci\u00f3n asf\u00e1ltica en el tramo que comprende la rotonda de Avenida Per\u00f3n y las v\u00edas del ferrocarril en ambas manos y entre calles Altolaguirre y Parra, del lado norte de la calzada.<\/p>\n\n\n\n<p>Se estima que el desarrollo de los trabajos supera el 15% de avance. El inicio de la capa asf\u00e1ltica en el primer trayecto de la calle Felice, da al corredor vial una nueva imagen que imprime la magnitud que tendr\u00e1 la misma una vez culminada.<\/p>\n\n\n\n<p>Esta intervenci\u00f3n dispondr\u00e1 de un corredor integral que contempla las bicisendas, iluminaci\u00f3n y parquizaci\u00f3n, adem\u00e1s de la pavimentaci\u00f3n en los mil metros de longitud, m\u00e1s las obras de saneamiento, entre ellas desag\u00fces pluviales que otorgar\u00e1n garant\u00edas sanitarias a los vecinos de la zona.<\/p>\n\n\n\n<div style=\"height:100px\" aria-hidden=\"true\" class=\"wp-block-spacer\"><\/div>\n\n\n\n<p><strong>Hacia la gran metr\u00f3polis<\/strong><\/p>\n\n\n\n<p>\u201cVenimos a recorrer, no s\u00f3lo este corredor de la calle Felice, sino tambi\u00e9n la pavimentaci\u00f3n total de la Stieben, en el marco del crecimiento de Santa Rosa. Se trata de darle seguridad vial y mayor velocidad al flujo que tiene la ciudad; principalmente lo que tiene que ver con la articulaci\u00f3n con Toay. Hoy no es Santa Rosa algo distinto a Toay, se ha conformado una metr\u00f3polis en la cual tenemos que trabajar en ese sentido\u201d, explic\u00f3 el mandatario a la Agencia Provincial de Noticias.<\/p>\n\n\n\n<p>\u201cEstamos trabajando con el intendente di N\u00e1poli y los equipos t\u00e9cnicos para que una vez que est\u00e9n definidos los trabajos en las avenidas Felice y Stieben, ver de qu\u00e9 manera tambi\u00e9n podemos encontrar una articulaci\u00f3n en estas dos v\u00edas, y a su vez con la ciudad de Toay. O sea, una v\u00eda alternativa a lo que es la Avenida Per\u00f3n, tratando de descongestionar. Los que utilizan la Avenida Per\u00f3n saben de los problemas de transitabilidad y de seguridad vial que existen. Estamos trabajando y viendo en el territorio con el ministro Rojo y el presidente de Vialidad Provincial, para ver cu\u00e1les son las alternativas t\u00e9cnicas que se van a llevar adelante\u201d agreg\u00f3.<\/p>\n\n\n\n<p>\u201cD\u00edas atr\u00e1s firmamos el contrato con el equipo profesional para determinar cu\u00e1l es la mejor viabilidad y alternativa para la vinculaci\u00f3n terrestre con Toay. Esto lo vamos a saber dentro de seis meses cuando recibamos el proyecto definitivo\u201d, afirm\u00f3.<\/p>\n\n\n\n<p>\u201cSi hoy tenemos que analizar, sin un an\u00e1lisis t\u00e9cnico y profesional, podemos plantear la vinculaci\u00f3n entre Santa Rosa y Toay, con lo que es el boulevard Brown, el eje hist\u00f3rico Bert\u00f3n, y las que ahora estamos pavimentando, Felice y Stieben. Veremos c\u00f3mo vinculamos esa Felice con Stieben, para integrar parte importante de este conglomerado con el polo sanitario integrado por el Hospital Lucio Molas, el Ren\u00e9 Favaloro y el nuevo Centro Oncol\u00f3gico. A trav\u00e9s de Pilcomayo llegar a una integraci\u00f3n para darle comodidad a los santarrose\u00f1os y toayenses\u201d, expres\u00f3.<\/p>\n\n\n\n<div style=\"height:100px\" aria-hidden=\"true\" class=\"wp-block-spacer\"><\/div>\n\n\n\n<p><strong>\u201cLa inversi\u00f3n no se va a detener\u201d<\/strong><\/p>\n\n\n\n<p>Sergio Ziliotto repas\u00f3 con APN la intensa actividad que, d\u00edas atr\u00e1s, despleg\u00f3 en Buenos Aires enlazando una serie de encuentros fruct\u00edferos con funcionarios y funcionarias nacionales con quienes firm\u00f3 convenios de importancia para La Pampa. Entre los contactos resalt\u00f3 la reuni\u00f3n con los ministros de Obras P\u00fablicas y de Econom\u00eda, Gabriel Katopodis y Sergio Massa, respectivamente.<\/p>\n\n\n\n<p>\u201cLa inversi\u00f3n en todo el pa\u00eds no se va a detener, es una agenda federal que tiene este Gobierno y que buscaremos profundizar la palabra que nosotros tenemos, que vamos a seguir en la misma l\u00ednea, con la metodolog\u00eda que tenemos. Hay obras en construcci\u00f3n, en proyecto, a licitar, licitadas, en eso no cambia nada. Esto complementado con el gran esfuerzo que hacemos en La Pampa, junto a los intendentes, nos permitir\u00e1 seguir pesando en agregar infraestructura\u201d, dijo.<\/p>\n\n\n\n<p>Ziliotto roz\u00f3 temas que tienen que ver con la pol\u00edtica y actualidad nacional, apuntando especialmente al acto eleccionario donde se dirimir\u00e1 el futuro presidente de la Naci\u00f3n. \u201cSeguramente no ser\u00e1 el mismo escenario si desde diciembre llegara a cambiar el actual Gobierno nacional. Sabemos, por la experiencia que tuvimos de la anterior gesti\u00f3n de Gobierno entre el 2015 al 2019. Conocemos lo que sufri\u00f3 (Carlos) Verna como gobernador, donde ni una sola obra de magnitud tuvimos del Gobierno nacional de ese momento\u201d afirm\u00f3.<\/p>\n","protected":false},"excerpt":{"rendered":"<p>El gobernador Sergio Ziliotto volvi\u00f3 a advertir que si el pr\u00f3ximo presidente es Horacio Rodr\u00edguez Larreta o Patricia Bullrich, de Juntos por el Cambio, La Pampa sufrir\u00e1 otra vez el&hellip;<\/p>\n","protected":false},"author":3,"featured_media":229915,"comment_status":"closed","ping_status":"open","sticky":false,"template":"","format":"standard","meta":{"_acf_changed":false,"footnotes":""},"categories":[11,8],"tags":[],"class_list":["post-229913","post","type-post","status-publish","format-standard","has-post-thumbnail","hentry","category-que-pasa","category-politica"],"acf":[],"yoast_head":"<!-- This site is optimized with the Yoast SEO plugin v27.5 - https:\/\/yoast.com\/product\/yoast-seo-wordpress\/ -->\n<title>Ziliotto vuelve a advertir que si ganan Larreta o Bullrich no bajar\u00e1n obras a La Pampa - Diario Textual<\/title>\n<meta name=\"robots\" content=\"index, follow, max-snippet:-1, max-image-preview:large, max-video-preview:-1\" \/>\n<link rel=\"canonical\" href=\"https:\/\/diariotextual.com\/inicio\/index.php\/2023\/06\/30\/ziliotto-vuelve-a-advertir-que-si-ganan-larreta-o-bullrich-no-bajaran-obras-a-la-pampa\/\" \/>\n<meta property=\"og:locale\" content=\"es_ES\" \/>\n<meta property=\"og:type\" content=\"article\" \/>\n<meta property=\"og:title\" content=\"Ziliotto vuelve a advertir que si ganan Larreta o Bullrich no bajar\u00e1n obras a La Pampa - Diario Textual\" \/>\n<meta property=\"og:description\" content=\"El gobernador Sergio Ziliotto volvi\u00f3 a advertir que si el pr\u00f3ximo presidente es Horacio Rodr\u00edguez Larreta o Patricia Bullrich, de Juntos por el Cambio, La Pampa sufrir\u00e1 otra vez el&hellip;\" \/>\n<meta property=\"og:url\" content=\"https:\/\/diariotextual.com\/inicio\/index.php\/2023\/06\/30\/ziliotto-vuelve-a-advertir-que-si-ganan-larreta-o-bullrich-no-bajaran-obras-a-la-pampa\/\" \/>\n<meta property=\"og:site_name\" content=\"Diario Textual\" \/>\n<meta property=\"article:publisher\" content=\"https:\/\/www.facebook.com\/eltextual\" \/>\n<meta property=\"article:published_time\" content=\"2023-06-30T23:23:51+00:00\" \/>\n<meta property=\"article:modified_time\" content=\"2023-07-02T12:56:59+00:00\" \/>\n<meta property=\"og:image\" content=\"https:\/\/diariotextual.com\/inicio\/wp-content\/uploads\/2023\/06\/ziliottosergiorojodinapoli2023-1.jpg\" \/>\n\t<meta property=\"og:image:width\" content=\"1280\" \/>\n\t<meta property=\"og:image:height\" content=\"853\" \/>\n\t<meta property=\"og:image:type\" content=\"image\/jpeg\" \/>\n<meta name=\"author\" content=\"Diario1 Diario1\" \/>\n<meta name=\"twitter:card\" content=\"summary_large_image\" \/>\n<meta name=\"twitter:creator\" content=\"@eltextual\" \/>\n<meta name=\"twitter:site\" content=\"@eltextual\" \/>\n<meta name=\"twitter:label1\" content=\"Escrito por\" \/>\n\t<meta name=\"twitter:data1\" content=\"Diario1 Diario1\" \/>\n\t<meta name=\"twitter:label2\" content=\"Tiempo de lectura\" \/>\n\t<meta name=\"twitter:data2\" content=\"5 minutos\" \/>\n<script type=\"application\/ld+json\" class=\"yoast-schema-graph\">{\"@context\":\"https:\\\/\\\/schema.org\",\"@graph\":[{\"@type\":\"Article\",\"@id\":\"https:\\\/\\\/diariotextual.com\\\/inicio\\\/index.php\\\/2023\\\/06\\\/30\\\/ziliotto-vuelve-a-advertir-que-si-ganan-larreta-o-bullrich-no-bajaran-obras-a-la-pampa\\\/#article\",\"isPartOf\":{\"@id\":\"https:\\\/\\\/diariotextual.com\\\/inicio\\\/index.php\\\/2023\\\/06\\\/30\\\/ziliotto-vuelve-a-advertir-que-si-ganan-larreta-o-bullrich-no-bajaran-obras-a-la-pampa\\\/\"},\"author\":{\"name\":\"Diario1 Diario1\",\"@id\":\"https:\\\/\\\/diariotextual.com\\\/inicio\\\/#\\\/schema\\\/person\\\/418fc4093c33e86ed41562db3508f958\"},\"headline\":\"Ziliotto vuelve a advertir que si ganan Larreta o Bullrich no bajar\u00e1n obras a La Pampa\",\"datePublished\":\"2023-06-30T23:23:51+00:00\",\"dateModified\":\"2023-07-02T12:56:59+00:00\",\"mainEntityOfPage\":{\"@id\":\"https:\\\/\\\/diariotextual.com\\\/inicio\\\/index.php\\\/2023\\\/06\\\/30\\\/ziliotto-vuelve-a-advertir-que-si-ganan-larreta-o-bullrich-no-bajaran-obras-a-la-pampa\\\/\"},\"wordCount\":1021,\"publisher\":{\"@id\":\"https:\\\/\\\/diariotextual.com\\\/inicio\\\/#organization\"},\"image\":{\"@id\":\"https:\\\/\\\/diariotextual.com\\\/inicio\\\/index.php\\\/2023\\\/06\\\/30\\\/ziliotto-vuelve-a-advertir-que-si-ganan-larreta-o-bullrich-no-bajaran-obras-a-la-pampa\\\/#primaryimage\"},\"thumbnailUrl\":\"https:\\\/\\\/diariotextual.com\\\/inicio\\\/wp-content\\\/uploads\\\/2023\\\/06\\\/ziliottosergiorojodinapoli2023-1.jpg\",\"articleSection\":[\"A - QUE PASA (al costado)\",\"POLITICA\"],\"inLanguage\":\"es\"},{\"@type\":\"WebPage\",\"@id\":\"https:\\\/\\\/diariotextual.com\\\/inicio\\\/index.php\\\/2023\\\/06\\\/30\\\/ziliotto-vuelve-a-advertir-que-si-ganan-larreta-o-bullrich-no-bajaran-obras-a-la-pampa\\\/\",\"url\":\"https:\\\/\\\/diariotextual.com\\\/inicio\\\/index.php\\\/2023\\\/06\\\/30\\\/ziliotto-vuelve-a-advertir-que-si-ganan-larreta-o-bullrich-no-bajaran-obras-a-la-pampa\\\/\",\"name\":\"Ziliotto vuelve a advertir que si ganan Larreta o Bullrich no bajar\u00e1n obras a La Pampa - Diario Textual\",\"isPartOf\":{\"@id\":\"https:\\\/\\\/diariotextual.com\\\/inicio\\\/#website\"},\"primaryImageOfPage\":{\"@id\":\"https:\\\/\\\/diariotextual.com\\\/inicio\\\/index.php\\\/2023\\\/06\\\/30\\\/ziliotto-vuelve-a-advertir-que-si-ganan-larreta-o-bullrich-no-bajaran-obras-a-la-pampa\\\/#primaryimage\"},\"image\":{\"@id\":\"https:\\\/\\\/diariotextual.com\\\/inicio\\\/index.php\\\/2023\\\/06\\\/30\\\/ziliotto-vuelve-a-advertir-que-si-ganan-larreta-o-bullrich-no-bajaran-obras-a-la-pampa\\\/#primaryimage\"},\"thumbnailUrl\":\"https:\\\/\\\/diariotextual.com\\\/inicio\\\/wp-content\\\/uploads\\\/2023\\\/06\\\/ziliottosergiorojodinapoli2023-1.jpg\",\"datePublished\":\"2023-06-30T23:23:51+00:00\",\"dateModified\":\"2023-07-02T12:56:59+00:00\",\"breadcrumb\":{\"@id\":\"https:\\\/\\\/diariotextual.com\\\/inicio\\\/index.php\\\/2023\\\/06\\\/30\\\/ziliotto-vuelve-a-advertir-que-si-ganan-larreta-o-bullrich-no-bajaran-obras-a-la-pampa\\\/#breadcrumb\"},\"inLanguage\":\"es\",\"potentialAction\":[{\"@type\":\"ReadAction\",\"target\":[\"https:\\\/\\\/diariotextual.com\\\/inicio\\\/index.php\\\/2023\\\/06\\\/30\\\/ziliotto-vuelve-a-advertir-que-si-ganan-larreta-o-bullrich-no-bajaran-obras-a-la-pampa\\\/\"]}]},{\"@type\":\"ImageObject\",\"inLanguage\":\"es\",\"@id\":\"https:\\\/\\\/diariotextual.com\\\/inicio\\\/index.php\\\/2023\\\/06\\\/30\\\/ziliotto-vuelve-a-advertir-que-si-ganan-larreta-o-bullrich-no-bajaran-obras-a-la-pampa\\\/#primaryimage\",\"url\":\"https:\\\/\\\/diariotextual.com\\\/inicio\\\/wp-content\\\/uploads\\\/2023\\\/06\\\/ziliottosergiorojodinapoli2023-1.jpg\",\"contentUrl\":\"https:\\\/\\\/diariotextual.com\\\/inicio\\\/wp-content\\\/uploads\\\/2023\\\/06\\\/ziliottosergiorojodinapoli2023-1.jpg\",\"width\":1280,\"height\":853},{\"@type\":\"BreadcrumbList\",\"@id\":\"https:\\\/\\\/diariotextual.com\\\/inicio\\\/index.php\\\/2023\\\/06\\\/30\\\/ziliotto-vuelve-a-advertir-que-si-ganan-larreta-o-bullrich-no-bajaran-obras-a-la-pampa\\\/#breadcrumb\",\"itemListElement\":[{\"@type\":\"ListItem\",\"position\":1,\"name\":\"Portada\",\"item\":\"https:\\\/\\\/diariotextual.com\\\/inicio\\\/\"},{\"@type\":\"ListItem\",\"position\":2,\"name\":\"Ziliotto vuelve a advertir que si ganan Larreta o Bullrich no bajar\u00e1n obras a La Pampa\"}]},{\"@type\":\"WebSite\",\"@id\":\"https:\\\/\\\/diariotextual.com\\\/inicio\\\/#website\",\"url\":\"https:\\\/\\\/diariotextual.com\\\/inicio\\\/\",\"name\":\"Diario Textual\",\"description\":\"\",\"publisher\":{\"@id\":\"https:\\\/\\\/diariotextual.com\\\/inicio\\\/#organization\"},\"potentialAction\":[{\"@type\":\"SearchAction\",\"target\":{\"@type\":\"EntryPoint\",\"urlTemplate\":\"https:\\\/\\\/diariotextual.com\\\/inicio\\\/?s={search_term_string}\"},\"query-input\":{\"@type\":\"PropertyValueSpecification\",\"valueRequired\":true,\"valueName\":\"search_term_string\"}}],\"inLanguage\":\"es\"},{\"@type\":\"Organization\",\"@id\":\"https:\\\/\\\/diariotextual.com\\\/inicio\\\/#organization\",\"name\":\"Diario Textual\",\"url\":\"https:\\\/\\\/diariotextual.com\\\/inicio\\\/\",\"logo\":{\"@type\":\"ImageObject\",\"inLanguage\":\"es\",\"@id\":\"https:\\\/\\\/diariotextual.com\\\/inicio\\\/#\\\/schema\\\/logo\\\/image\\\/\",\"url\":\"https:\\\/\\\/diariotextual.com\\\/inicio\\\/wp-content\\\/uploads\\\/2023\\\/05\\\/logotextual1.jpg\",\"contentUrl\":\"https:\\\/\\\/diariotextual.com\\\/inicio\\\/wp-content\\\/uploads\\\/2023\\\/05\\\/logotextual1.jpg\",\"width\":516,\"height\":76,\"caption\":\"Diario Textual\"},\"image\":{\"@id\":\"https:\\\/\\\/diariotextual.com\\\/inicio\\\/#\\\/schema\\\/logo\\\/image\\\/\"},\"sameAs\":[\"https:\\\/\\\/www.facebook.com\\\/eltextual\",\"https:\\\/\\\/x.com\\\/eltextual\",\"http:\\\/\\\/www.instagram.com\\\/eltextual\"]},{\"@type\":\"Person\",\"@id\":\"https:\\\/\\\/diariotextual.com\\\/inicio\\\/#\\\/schema\\\/person\\\/418fc4093c33e86ed41562db3508f958\",\"name\":\"Diario1 Diario1\",\"image\":{\"@type\":\"ImageObject\",\"inLanguage\":\"es\",\"@id\":\"https:\\\/\\\/secure.gravatar.com\\\/avatar\\\/9167d280179c85bc18be67aa7eda765854300033af4896dd779b608640f2ef7a?s=96&d=mm&r=g\",\"url\":\"https:\\\/\\\/secure.gravatar.com\\\/avatar\\\/9167d280179c85bc18be67aa7eda765854300033af4896dd779b608640f2ef7a?s=96&d=mm&r=g\",\"contentUrl\":\"https:\\\/\\\/secure.gravatar.com\\\/avatar\\\/9167d280179c85bc18be67aa7eda765854300033af4896dd779b608640f2ef7a?s=96&d=mm&r=g\",\"caption\":\"Diario1 Diario1\"},\"url\":\"https:\\\/\\\/diariotextual.com\\\/inicio\\\/index.php\\\/author\\\/diario1\\\/\"}]}<\/script>\n<!-- \/ Yoast SEO plugin. -->","yoast_head_json":{"title":"Ziliotto vuelve a advertir que si ganan Larreta o Bullrich no bajar\u00e1n obras a La Pampa - Diario Textual","robots":{"index":"index","follow":"follow","max-snippet":"max-snippet:-1","max-image-preview":"max-image-preview:large","max-video-preview":"max-video-preview:-1"},"canonical":"https:\/\/diariotextual.com\/inicio\/index.php\/2023\/06\/30\/ziliotto-vuelve-a-advertir-que-si-ganan-larreta-o-bullrich-no-bajaran-obras-a-la-pampa\/","og_locale":"es_ES","og_type":"article","og_title":"Ziliotto vuelve a advertir que si ganan Larreta o Bullrich no bajar\u00e1n obras a La Pampa - Diario Textual","og_description":"El gobernador Sergio Ziliotto volvi\u00f3 a advertir que si el pr\u00f3ximo presidente es Horacio Rodr\u00edguez Larreta o Patricia Bullrich, de Juntos por el Cambio, La Pampa sufrir\u00e1 otra vez el&hellip;","og_url":"https:\/\/diariotextual.com\/inicio\/index.php\/2023\/06\/30\/ziliotto-vuelve-a-advertir-que-si-ganan-larreta-o-bullrich-no-bajaran-obras-a-la-pampa\/","og_site_name":"Diario Textual","article_publisher":"https:\/\/www.facebook.com\/eltextual","article_published_time":"2023-06-30T23:23:51+00:00","article_modified_time":"2023-07-02T12:56:59+00:00","og_image":[{"width":1280,"height":853,"url":"https:\/\/diariotextual.com\/inicio\/wp-content\/uploads\/2023\/06\/ziliottosergiorojodinapoli2023-1.jpg","type":"image\/jpeg"}],"author":"Diario1 Diario1","twitter_card":"summary_large_image","twitter_creator":"@eltextual","twitter_site":"@eltextual","twitter_misc":{"Escrito por":"Diario1 Diario1","Tiempo de lectura":"5 minutos"},"schema":{"@context":"https:\/\/schema.org","@graph":[{"@type":"Article","@id":"https:\/\/diariotextual.com\/inicio\/index.php\/2023\/06\/30\/ziliotto-vuelve-a-advertir-que-si-ganan-larreta-o-bullrich-no-bajaran-obras-a-la-pampa\/#article","isPartOf":{"@id":"https:\/\/diariotextual.com\/inicio\/index.php\/2023\/06\/30\/ziliotto-vuelve-a-advertir-que-si-ganan-larreta-o-bullrich-no-bajaran-obras-a-la-pampa\/"},"author":{"name":"Diario1 Diario1","@id":"https:\/\/diariotextual.com\/inicio\/#\/schema\/person\/418fc4093c33e86ed41562db3508f958"},"headline":"Ziliotto vuelve a advertir que si ganan Larreta o Bullrich no bajar\u00e1n obras a La Pampa","datePublished":"2023-06-30T23:23:51+00:00","dateModified":"2023-07-02T12:56:59+00:00","mainEntityOfPage":{"@id":"https:\/\/diariotextual.com\/inicio\/index.php\/2023\/06\/30\/ziliotto-vuelve-a-advertir-que-si-ganan-larreta-o-bullrich-no-bajaran-obras-a-la-pampa\/"},"wordCount":1021,"publisher":{"@id":"https:\/\/diariotextual.com\/inicio\/#organization"},"image":{"@id":"https:\/\/diariotextual.com\/inicio\/index.php\/2023\/06\/30\/ziliotto-vuelve-a-advertir-que-si-ganan-larreta-o-bullrich-no-bajaran-obras-a-la-pampa\/#primaryimage"},"thumbnailUrl":"https:\/\/diariotextual.com\/inicio\/wp-content\/uploads\/2023\/06\/ziliottosergiorojodinapoli2023-1.jpg","articleSection":["A - QUE PASA (al costado)","POLITICA"],"inLanguage":"es"},{"@type":"WebPage","@id":"https:\/\/diariotextual.com\/inicio\/index.php\/2023\/06\/30\/ziliotto-vuelve-a-advertir-que-si-ganan-larreta-o-bullrich-no-bajaran-obras-a-la-pampa\/","url":"https:\/\/diariotextual.com\/inicio\/index.php\/2023\/06\/30\/ziliotto-vuelve-a-advertir-que-si-ganan-larreta-o-bullrich-no-bajaran-obras-a-la-pampa\/","name":"Ziliotto vuelve a advertir que si ganan Larreta o Bullrich no bajar\u00e1n obras a La Pampa - Diario Textual","isPartOf":{"@id":"https:\/\/diariotextual.com\/inicio\/#website"},"primaryImageOfPage":{"@id":"https:\/\/diariotextual.com\/inicio\/index.php\/2023\/06\/30\/ziliotto-vuelve-a-advertir-que-si-ganan-larreta-o-bullrich-no-bajaran-obras-a-la-pampa\/#primaryimage"},"image":{"@id":"https:\/\/diariotextual.com\/inicio\/index.php\/2023\/06\/30\/ziliotto-vuelve-a-advertir-que-si-ganan-larreta-o-bullrich-no-bajaran-obras-a-la-pampa\/#primaryimage"},"thumbnailUrl":"https:\/\/diariotextual.com\/inicio\/wp-content\/uploads\/2023\/06\/ziliottosergiorojodinapoli2023-1.jpg","datePublished":"2023-06-30T23:23:51+00:00","dateModified":"2023-07-02T12:56:59+00:00","breadcrumb":{"@id":"https:\/\/diariotextual.com\/inicio\/index.php\/2023\/06\/30\/ziliotto-vuelve-a-advertir-que-si-ganan-larreta-o-bullrich-no-bajaran-obras-a-la-pampa\/#breadcrumb"},"inLanguage":"es","potentialAction":[{"@type":"ReadAction","target":["https:\/\/diariotextual.com\/inicio\/index.php\/2023\/06\/30\/ziliotto-vuelve-a-advertir-que-si-ganan-larreta-o-bullrich-no-bajaran-obras-a-la-pampa\/"]}]},{"@type":"ImageObject","inLanguage":"es","@id":"https:\/\/diariotextual.com\/inicio\/index.php\/2023\/06\/30\/ziliotto-vuelve-a-advertir-que-si-ganan-larreta-o-bullrich-no-bajaran-obras-a-la-pampa\/#primaryimage","url":"https:\/\/diariotextual.com\/inicio\/wp-content\/uploads\/2023\/06\/ziliottosergiorojodinapoli2023-1.jpg","contentUrl":"https:\/\/diariotextual.com\/inicio\/wp-content\/uploads\/2023\/06\/ziliottosergiorojodinapoli2023-1.jpg","width":1280,"height":853},{"@type":"BreadcrumbList","@id":"https:\/\/diariotextual.com\/inicio\/index.php\/2023\/06\/30\/ziliotto-vuelve-a-advertir-que-si-ganan-larreta-o-bullrich-no-bajaran-obras-a-la-pampa\/#breadcrumb","itemListElement":[{"@type":"ListItem","position":1,"name":"Portada","item":"https:\/\/diariotextual.com\/inicio\/"},{"@type":"ListItem","position":2,"name":"Ziliotto vuelve a advertir que si ganan Larreta o Bullrich no bajar\u00e1n obras a La Pampa"}]},{"@type":"WebSite","@id":"https:\/\/diariotextual.com\/inicio\/#website","url":"https:\/\/diariotextual.com\/inicio\/","name":"Diario Textual","description":"","publisher":{"@id":"https:\/\/diariotextual.com\/inicio\/#organization"},"potentialAction":[{"@type":"SearchAction","target":{"@type":"EntryPoint","urlTemplate":"https:\/\/diariotextual.com\/inicio\/?s={search_term_string}"},"query-input":{"@type":"PropertyValueSpecification","valueRequired":true,"valueName":"search_term_string"}}],"inLanguage":"es"},{"@type":"Organization","@id":"https:\/\/diariotextual.com\/inicio\/#organization","name":"Diario Textual","url":"https:\/\/diariotextual.com\/inicio\/","logo":{"@type":"ImageObject","inLanguage":"es","@id":"https:\/\/diariotextual.com\/inicio\/#\/schema\/logo\/image\/","url":"https:\/\/diariotextual.com\/inicio\/wp-content\/uploads\/2023\/05\/logotextual1.jpg","contentUrl":"https:\/\/diariotextual.com\/inicio\/wp-content\/uploads\/2023\/05\/logotextual1.jpg","width":516,"height":76,"caption":"Diario Textual"},"image":{"@id":"https:\/\/diariotextual.com\/inicio\/#\/schema\/logo\/image\/"},"sameAs":["https:\/\/www.facebook.com\/eltextual","https:\/\/x.com\/eltextual","http:\/\/www.instagram.com\/eltextual"]},{"@type":"Person","@id":"https:\/\/diariotextual.com\/inicio\/#\/schema\/person\/418fc4093c33e86ed41562db3508f958","name":"Diario1 Diario1","image":{"@type":"ImageObject","inLanguage":"es","@id":"https:\/\/secure.gravatar.com\/avatar\/9167d280179c85bc18be67aa7eda765854300033af4896dd779b608640f2ef7a?s=96&d=mm&r=g","url":"https:\/\/secure.gravatar.com\/avatar\/9167d280179c85bc18be67aa7eda765854300033af4896dd779b608640f2ef7a?s=96&d=mm&r=g","contentUrl":"https:\/\/secure.gravatar.com\/avatar\/9167d280179c85bc18be67aa7eda765854300033af4896dd779b608640f2ef7a?s=96&d=mm&r=g","caption":"Diario1 Diario1"},"url":"https:\/\/diariotextual.com\/inicio\/index.php\/author\/diario1\/"}]}},"_links":{"self":[{"href":"https:\/\/diariotextual.com\/inicio\/index.php\/wp-json\/wp\/v2\/posts\/229913","targetHints":{"allow":["GET"]}}],"collection":[{"href":"https:\/\/diariotextual.com\/inicio\/index.php\/wp-json\/wp\/v2\/posts"}],"about":[{"href":"https:\/\/diariotextual.com\/inicio\/index.php\/wp-json\/wp\/v2\/types\/post"}],"author":[{"embeddable":true,"href":"https:\/\/diariotextual.com\/inicio\/index.php\/wp-json\/wp\/v2\/users\/3"}],"replies":[{"embeddable":true,"href":"https:\/\/diariotextual.com\/inicio\/index.php\/wp-json\/wp\/v2\/comments?post=229913"}],"version-history":[{"count":3,"href":"https:\/\/diariotextual.com\/inicio\/index.php\/wp-json\/wp\/v2\/posts\/229913\/revisions"}],"predecessor-version":[{"id":229918,"href":"https:\/\/diariotextual.com\/inicio\/index.php\/wp-json\/wp\/v2\/posts\/229913\/revisions\/229918"}],"wp:featuredmedia":[{"embeddable":true,"href":"https:\/\/diariotextual.com\/inicio\/index.php\/wp-json\/wp\/v2\/media\/229915"}],"wp:attachment":[{"href":"https:\/\/diariotextual.com\/inicio\/index.php\/wp-json\/wp\/v2\/media?parent=229913"}],"wp:term":[{"taxonomy":"category","embeddable":true,"href":"https:\/\/diariotextual.com\/inicio\/index.php\/wp-json\/wp\/v2\/categories?post=229913"},{"taxonomy":"post_tag","embeddable":true,"href":"https:\/\/diariotextual.com\/inicio\/index.php\/wp-json\/wp\/v2\/tags?post=229913"}],"curies":[{"name":"wp","href":"https:\/\/api.w.org\/{rel}","templated":true}]}}