{"id":229932,"date":"2023-07-01T06:24:52","date_gmt":"2023-07-01T09:24:52","guid":{"rendered":"https:\/\/diariotextual.com\/inicio\/?p=229932"},"modified":"2023-07-01T20:49:51","modified_gmt":"2023-07-01T23:49:51","slug":"silvina-luna-ya-se-encuentra-respirando-por-sus-propios-medios","status":"publish","type":"post","link":"https:\/\/diariotextual.com\/inicio\/index.php\/2023\/07\/01\/silvina-luna-ya-se-encuentra-respirando-por-sus-propios-medios\/","title":{"rendered":"Silvina Luna ya se encuentra respirando por sus propios medios"},"content":{"rendered":"\n<p>La modelo y actriz Silvina Luna presenta\u00a0<strong>un cuadro de \u201cencefalopat\u00eda de origen multicausal\u201d y se encuentra \u201crespirando por sus propios medios aunque con pron\u00f3stico reservado\u201d<\/strong>, seg\u00fan inform\u00f3 un parte m\u00e9dico del Hospital Italiano.<br><br>De acuerdo al hospital,\u00a0<strong>la actriz presenta \u201cun cuadro de encefalopat\u00eda multicausal\u201d y requiere \u201csoporte ventilatorio\u201d<\/strong>.<br><br>Luna\u00a0<strong>se encuentra \u201crespirando por sus propios medios con signos vitales estables\u201d<\/strong>\u00a0con un pron\u00f3stico \u201creservado\u201d.<br><br>La actriz y modelo permanece internada en la unidad de terapia intensiva del Hospital Italiano, en el barrio porte\u00f1o de Almagro, a partir del agravamiento de su estado de salud producto de una mala praxis del cirujano pl\u00e1stico An\u00edbal Lotocki.<br><br>Luego de intervenciones realizadas por el cirujano,\u00a0<strong>la actriz sufri\u00f3 una intoxicaci\u00f3n de metacrilato, que le provoc\u00f3 hipercalcemia e insuficiencia renal, por la que recibi\u00f3 un tratamiento de di\u00e1lisis<\/strong>.<br><br>A mediados de mayo de este a\u00f1o, en una entrevista televisiva, Silvina Luna cont\u00f3 que si bien su enfermedad requer\u00eda de un trasplante, a\u00fan ese procedimiento no era \u201curgente\u201d,\u00a0<strong>ya que ahora deb\u00eda \u201csolucionar un tema de salud\u201d, en referencia a la presencia de una bacteria en su cuerpo<\/strong>.<br><br>Sobre su situaci\u00f3n actual, Luna hab\u00eda compartido en sus redes sociales a principios de este mes que se encontraba internada en el Hospital Italiano y que empezaba un \u201cnuevo camino al trasplante\u201d.<br><br>Sin embargo,<strong>\u00a0este fin de semana las condiciones cl\u00ednicas se agravaron<\/strong>, lo que deriv\u00f3 en su traslado a una sala de terapia intensiva.<\/p>\n","protected":false},"excerpt":{"rendered":"<p>La modelo y actriz Silvina Luna presenta\u00a0un cuadro de \u201cencefalopat\u00eda de origen multicausal\u201d y se encuentra \u201crespirando por sus propios medios aunque con pron\u00f3stico reservado\u201d, seg\u00fan inform\u00f3 un parte m\u00e9dico&hellip;<\/p>\n","protected":false},"author":3,"featured_media":229645,"comment_status":"closed","ping_status":"open","sticky":false,"template":"","format":"standard","meta":{"_acf_changed":false,"footnotes":""},"categories":[12],"tags":[],"class_list":["post-229932","post","type-post","status-publish","format-standard","has-post-thumbnail","hentry","category-sociedad"],"acf":[],"yoast_head":"<!-- This site is optimized with the Yoast SEO plugin v27.5 - https:\/\/yoast.com\/product\/yoast-seo-wordpress\/ -->\n<title>Silvina Luna ya se encuentra respirando por sus propios medios - Diario Textual<\/title>\n<meta name=\"robots\" content=\"index, follow, max-snippet:-1, max-image-preview:large, max-video-preview:-1\" \/>\n<link rel=\"canonical\" href=\"https:\/\/diariotextual.com\/inicio\/index.php\/2023\/07\/01\/silvina-luna-ya-se-encuentra-respirando-por-sus-propios-medios\/\" \/>\n<meta property=\"og:locale\" content=\"es_ES\" \/>\n<meta property=\"og:type\" content=\"article\" \/>\n<meta property=\"og:title\" content=\"Silvina Luna ya se encuentra respirando por sus propios medios - Diario Textual\" \/>\n<meta property=\"og:description\" content=\"La modelo y actriz Silvina Luna presenta\u00a0un cuadro de \u201cencefalopat\u00eda de origen multicausal\u201d y se encuentra \u201crespirando por sus propios medios aunque con pron\u00f3stico reservado\u201d, seg\u00fan inform\u00f3 un parte m\u00e9dico&hellip;\" \/>\n<meta property=\"og:url\" content=\"https:\/\/diariotextual.com\/inicio\/index.php\/2023\/07\/01\/silvina-luna-ya-se-encuentra-respirando-por-sus-propios-medios\/\" \/>\n<meta property=\"og:site_name\" content=\"Diario Textual\" \/>\n<meta property=\"article:publisher\" content=\"https:\/\/www.facebook.com\/eltextual\" \/>\n<meta property=\"article:published_time\" content=\"2023-07-01T09:24:52+00:00\" \/>\n<meta property=\"article:modified_time\" content=\"2023-07-01T23:49:51+00:00\" \/>\n<meta property=\"og:image\" content=\"https:\/\/diariotextual.com\/inicio\/wp-content\/uploads\/2023\/06\/lunasilvina1569571.jpg\" \/>\n\t<meta property=\"og:image:width\" content=\"950\" \/>\n\t<meta property=\"og:image:height\" content=\"534\" \/>\n\t<meta property=\"og:image:type\" content=\"image\/jpeg\" \/>\n<meta name=\"author\" content=\"Diario1 Diario1\" \/>\n<meta name=\"twitter:card\" content=\"summary_large_image\" \/>\n<meta name=\"twitter:creator\" content=\"@eltextual\" \/>\n<meta name=\"twitter:site\" content=\"@eltextual\" \/>\n<meta name=\"twitter:label1\" content=\"Escrito por\" \/>\n\t<meta name=\"twitter:data1\" content=\"Diario1 Diario1\" \/>\n\t<meta name=\"twitter:label2\" content=\"Tiempo de lectura\" \/>\n\t<meta name=\"twitter:data2\" content=\"2 minutos\" \/>\n<script type=\"application\/ld+json\" class=\"yoast-schema-graph\">{\"@context\":\"https:\\\/\\\/schema.org\",\"@graph\":[{\"@type\":\"Article\",\"@id\":\"https:\\\/\\\/diariotextual.com\\\/inicio\\\/index.php\\\/2023\\\/07\\\/01\\\/silvina-luna-ya-se-encuentra-respirando-por-sus-propios-medios\\\/#article\",\"isPartOf\":{\"@id\":\"https:\\\/\\\/diariotextual.com\\\/inicio\\\/index.php\\\/2023\\\/07\\\/01\\\/silvina-luna-ya-se-encuentra-respirando-por-sus-propios-medios\\\/\"},\"author\":{\"name\":\"Diario1 Diario1\",\"@id\":\"https:\\\/\\\/diariotextual.com\\\/inicio\\\/#\\\/schema\\\/person\\\/418fc4093c33e86ed41562db3508f958\"},\"headline\":\"Silvina Luna ya se encuentra respirando por sus propios medios\",\"datePublished\":\"2023-07-01T09:24:52+00:00\",\"dateModified\":\"2023-07-01T23:49:51+00:00\",\"mainEntityOfPage\":{\"@id\":\"https:\\\/\\\/diariotextual.com\\\/inicio\\\/index.php\\\/2023\\\/07\\\/01\\\/silvina-luna-ya-se-encuentra-respirando-por-sus-propios-medios\\\/\"},\"wordCount\":267,\"publisher\":{\"@id\":\"https:\\\/\\\/diariotextual.com\\\/inicio\\\/#organization\"},\"image\":{\"@id\":\"https:\\\/\\\/diariotextual.com\\\/inicio\\\/index.php\\\/2023\\\/07\\\/01\\\/silvina-luna-ya-se-encuentra-respirando-por-sus-propios-medios\\\/#primaryimage\"},\"thumbnailUrl\":\"https:\\\/\\\/diariotextual.com\\\/inicio\\\/wp-content\\\/uploads\\\/2023\\\/06\\\/lunasilvina1569571.jpg\",\"articleSection\":[\"SOCIEDAD\"],\"inLanguage\":\"es\"},{\"@type\":\"WebPage\",\"@id\":\"https:\\\/\\\/diariotextual.com\\\/inicio\\\/index.php\\\/2023\\\/07\\\/01\\\/silvina-luna-ya-se-encuentra-respirando-por-sus-propios-medios\\\/\",\"url\":\"https:\\\/\\\/diariotextual.com\\\/inicio\\\/index.php\\\/2023\\\/07\\\/01\\\/silvina-luna-ya-se-encuentra-respirando-por-sus-propios-medios\\\/\",\"name\":\"Silvina Luna ya se encuentra respirando por sus propios medios - Diario Textual\",\"isPartOf\":{\"@id\":\"https:\\\/\\\/diariotextual.com\\\/inicio\\\/#website\"},\"primaryImageOfPage\":{\"@id\":\"https:\\\/\\\/diariotextual.com\\\/inicio\\\/index.php\\\/2023\\\/07\\\/01\\\/silvina-luna-ya-se-encuentra-respirando-por-sus-propios-medios\\\/#primaryimage\"},\"image\":{\"@id\":\"https:\\\/\\\/diariotextual.com\\\/inicio\\\/index.php\\\/2023\\\/07\\\/01\\\/silvina-luna-ya-se-encuentra-respirando-por-sus-propios-medios\\\/#primaryimage\"},\"thumbnailUrl\":\"https:\\\/\\\/diariotextual.com\\\/inicio\\\/wp-content\\\/uploads\\\/2023\\\/06\\\/lunasilvina1569571.jpg\",\"datePublished\":\"2023-07-01T09:24:52+00:00\",\"dateModified\":\"2023-07-01T23:49:51+00:00\",\"breadcrumb\":{\"@id\":\"https:\\\/\\\/diariotextual.com\\\/inicio\\\/index.php\\\/2023\\\/07\\\/01\\\/silvina-luna-ya-se-encuentra-respirando-por-sus-propios-medios\\\/#breadcrumb\"},\"inLanguage\":\"es\",\"potentialAction\":[{\"@type\":\"ReadAction\",\"target\":[\"https:\\\/\\\/diariotextual.com\\\/inicio\\\/index.php\\\/2023\\\/07\\\/01\\\/silvina-luna-ya-se-encuentra-respirando-por-sus-propios-medios\\\/\"]}]},{\"@type\":\"ImageObject\",\"inLanguage\":\"es\",\"@id\":\"https:\\\/\\\/diariotextual.com\\\/inicio\\\/index.php\\\/2023\\\/07\\\/01\\\/silvina-luna-ya-se-encuentra-respirando-por-sus-propios-medios\\\/#primaryimage\",\"url\":\"https:\\\/\\\/diariotextual.com\\\/inicio\\\/wp-content\\\/uploads\\\/2023\\\/06\\\/lunasilvina1569571.jpg\",\"contentUrl\":\"https:\\\/\\\/diariotextual.com\\\/inicio\\\/wp-content\\\/uploads\\\/2023\\\/06\\\/lunasilvina1569571.jpg\",\"width\":950,\"height\":534},{\"@type\":\"BreadcrumbList\",\"@id\":\"https:\\\/\\\/diariotextual.com\\\/inicio\\\/index.php\\\/2023\\\/07\\\/01\\\/silvina-luna-ya-se-encuentra-respirando-por-sus-propios-medios\\\/#breadcrumb\",\"itemListElement\":[{\"@type\":\"ListItem\",\"position\":1,\"name\":\"Portada\",\"item\":\"https:\\\/\\\/diariotextual.com\\\/inicio\\\/\"},{\"@type\":\"ListItem\",\"position\":2,\"name\":\"Silvina Luna ya se encuentra respirando por sus propios medios\"}]},{\"@type\":\"WebSite\",\"@id\":\"https:\\\/\\\/diariotextual.com\\\/inicio\\\/#website\",\"url\":\"https:\\\/\\\/diariotextual.com\\\/inicio\\\/\",\"name\":\"Diario Textual\",\"description\":\"\",\"publisher\":{\"@id\":\"https:\\\/\\\/diariotextual.com\\\/inicio\\\/#organization\"},\"potentialAction\":[{\"@type\":\"SearchAction\",\"target\":{\"@type\":\"EntryPoint\",\"urlTemplate\":\"https:\\\/\\\/diariotextual.com\\\/inicio\\\/?s={search_term_string}\"},\"query-input\":{\"@type\":\"PropertyValueSpecification\",\"valueRequired\":true,\"valueName\":\"search_term_string\"}}],\"inLanguage\":\"es\"},{\"@type\":\"Organization\",\"@id\":\"https:\\\/\\\/diariotextual.com\\\/inicio\\\/#organization\",\"name\":\"Diario Textual\",\"url\":\"https:\\\/\\\/diariotextual.com\\\/inicio\\\/\",\"logo\":{\"@type\":\"ImageObject\",\"inLanguage\":\"es\",\"@id\":\"https:\\\/\\\/diariotextual.com\\\/inicio\\\/#\\\/schema\\\/logo\\\/image\\\/\",\"url\":\"https:\\\/\\\/diariotextual.com\\\/inicio\\\/wp-content\\\/uploads\\\/2023\\\/05\\\/logotextual1.jpg\",\"contentUrl\":\"https:\\\/\\\/diariotextual.com\\\/inicio\\\/wp-content\\\/uploads\\\/2023\\\/05\\\/logotextual1.jpg\",\"width\":516,\"height\":76,\"caption\":\"Diario Textual\"},\"image\":{\"@id\":\"https:\\\/\\\/diariotextual.com\\\/inicio\\\/#\\\/schema\\\/logo\\\/image\\\/\"},\"sameAs\":[\"https:\\\/\\\/www.facebook.com\\\/eltextual\",\"https:\\\/\\\/x.com\\\/eltextual\",\"http:\\\/\\\/www.instagram.com\\\/eltextual\"]},{\"@type\":\"Person\",\"@id\":\"https:\\\/\\\/diariotextual.com\\\/inicio\\\/#\\\/schema\\\/person\\\/418fc4093c33e86ed41562db3508f958\",\"name\":\"Diario1 Diario1\",\"image\":{\"@type\":\"ImageObject\",\"inLanguage\":\"es\",\"@id\":\"https:\\\/\\\/secure.gravatar.com\\\/avatar\\\/9167d280179c85bc18be67aa7eda765854300033af4896dd779b608640f2ef7a?s=96&d=mm&r=g\",\"url\":\"https:\\\/\\\/secure.gravatar.com\\\/avatar\\\/9167d280179c85bc18be67aa7eda765854300033af4896dd779b608640f2ef7a?s=96&d=mm&r=g\",\"contentUrl\":\"https:\\\/\\\/secure.gravatar.com\\\/avatar\\\/9167d280179c85bc18be67aa7eda765854300033af4896dd779b608640f2ef7a?s=96&d=mm&r=g\",\"caption\":\"Diario1 Diario1\"},\"url\":\"https:\\\/\\\/diariotextual.com\\\/inicio\\\/index.php\\\/author\\\/diario1\\\/\"}]}<\/script>\n<!-- \/ Yoast SEO plugin. -->","yoast_head_json":{"title":"Silvina Luna ya se encuentra respirando por sus propios medios - Diario Textual","robots":{"index":"index","follow":"follow","max-snippet":"max-snippet:-1","max-image-preview":"max-image-preview:large","max-video-preview":"max-video-preview:-1"},"canonical":"https:\/\/diariotextual.com\/inicio\/index.php\/2023\/07\/01\/silvina-luna-ya-se-encuentra-respirando-por-sus-propios-medios\/","og_locale":"es_ES","og_type":"article","og_title":"Silvina Luna ya se encuentra respirando por sus propios medios - Diario Textual","og_description":"La modelo y actriz Silvina Luna presenta\u00a0un cuadro de \u201cencefalopat\u00eda de origen multicausal\u201d y se encuentra \u201crespirando por sus propios medios aunque con pron\u00f3stico reservado\u201d, seg\u00fan inform\u00f3 un parte m\u00e9dico&hellip;","og_url":"https:\/\/diariotextual.com\/inicio\/index.php\/2023\/07\/01\/silvina-luna-ya-se-encuentra-respirando-por-sus-propios-medios\/","og_site_name":"Diario Textual","article_publisher":"https:\/\/www.facebook.com\/eltextual","article_published_time":"2023-07-01T09:24:52+00:00","article_modified_time":"2023-07-01T23:49:51+00:00","og_image":[{"width":950,"height":534,"url":"https:\/\/diariotextual.com\/inicio\/wp-content\/uploads\/2023\/06\/lunasilvina1569571.jpg","type":"image\/jpeg"}],"author":"Diario1 Diario1","twitter_card":"summary_large_image","twitter_creator":"@eltextual","twitter_site":"@eltextual","twitter_misc":{"Escrito por":"Diario1 Diario1","Tiempo de lectura":"2 minutos"},"schema":{"@context":"https:\/\/schema.org","@graph":[{"@type":"Article","@id":"https:\/\/diariotextual.com\/inicio\/index.php\/2023\/07\/01\/silvina-luna-ya-se-encuentra-respirando-por-sus-propios-medios\/#article","isPartOf":{"@id":"https:\/\/diariotextual.com\/inicio\/index.php\/2023\/07\/01\/silvina-luna-ya-se-encuentra-respirando-por-sus-propios-medios\/"},"author":{"name":"Diario1 Diario1","@id":"https:\/\/diariotextual.com\/inicio\/#\/schema\/person\/418fc4093c33e86ed41562db3508f958"},"headline":"Silvina Luna ya se encuentra respirando por sus propios medios","datePublished":"2023-07-01T09:24:52+00:00","dateModified":"2023-07-01T23:49:51+00:00","mainEntityOfPage":{"@id":"https:\/\/diariotextual.com\/inicio\/index.php\/2023\/07\/01\/silvina-luna-ya-se-encuentra-respirando-por-sus-propios-medios\/"},"wordCount":267,"publisher":{"@id":"https:\/\/diariotextual.com\/inicio\/#organization"},"image":{"@id":"https:\/\/diariotextual.com\/inicio\/index.php\/2023\/07\/01\/silvina-luna-ya-se-encuentra-respirando-por-sus-propios-medios\/#primaryimage"},"thumbnailUrl":"https:\/\/diariotextual.com\/inicio\/wp-content\/uploads\/2023\/06\/lunasilvina1569571.jpg","articleSection":["SOCIEDAD"],"inLanguage":"es"},{"@type":"WebPage","@id":"https:\/\/diariotextual.com\/inicio\/index.php\/2023\/07\/01\/silvina-luna-ya-se-encuentra-respirando-por-sus-propios-medios\/","url":"https:\/\/diariotextual.com\/inicio\/index.php\/2023\/07\/01\/silvina-luna-ya-se-encuentra-respirando-por-sus-propios-medios\/","name":"Silvina Luna ya se encuentra respirando por sus propios medios - Diario Textual","isPartOf":{"@id":"https:\/\/diariotextual.com\/inicio\/#website"},"primaryImageOfPage":{"@id":"https:\/\/diariotextual.com\/inicio\/index.php\/2023\/07\/01\/silvina-luna-ya-se-encuentra-respirando-por-sus-propios-medios\/#primaryimage"},"image":{"@id":"https:\/\/diariotextual.com\/inicio\/index.php\/2023\/07\/01\/silvina-luna-ya-se-encuentra-respirando-por-sus-propios-medios\/#primaryimage"},"thumbnailUrl":"https:\/\/diariotextual.com\/inicio\/wp-content\/uploads\/2023\/06\/lunasilvina1569571.jpg","datePublished":"2023-07-01T09:24:52+00:00","dateModified":"2023-07-01T23:49:51+00:00","breadcrumb":{"@id":"https:\/\/diariotextual.com\/inicio\/index.php\/2023\/07\/01\/silvina-luna-ya-se-encuentra-respirando-por-sus-propios-medios\/#breadcrumb"},"inLanguage":"es","potentialAction":[{"@type":"ReadAction","target":["https:\/\/diariotextual.com\/inicio\/index.php\/2023\/07\/01\/silvina-luna-ya-se-encuentra-respirando-por-sus-propios-medios\/"]}]},{"@type":"ImageObject","inLanguage":"es","@id":"https:\/\/diariotextual.com\/inicio\/index.php\/2023\/07\/01\/silvina-luna-ya-se-encuentra-respirando-por-sus-propios-medios\/#primaryimage","url":"https:\/\/diariotextual.com\/inicio\/wp-content\/uploads\/2023\/06\/lunasilvina1569571.jpg","contentUrl":"https:\/\/diariotextual.com\/inicio\/wp-content\/uploads\/2023\/06\/lunasilvina1569571.jpg","width":950,"height":534},{"@type":"BreadcrumbList","@id":"https:\/\/diariotextual.com\/inicio\/index.php\/2023\/07\/01\/silvina-luna-ya-se-encuentra-respirando-por-sus-propios-medios\/#breadcrumb","itemListElement":[{"@type":"ListItem","position":1,"name":"Portada","item":"https:\/\/diariotextual.com\/inicio\/"},{"@type":"ListItem","position":2,"name":"Silvina Luna ya se encuentra respirando por sus propios medios"}]},{"@type":"WebSite","@id":"https:\/\/diariotextual.com\/inicio\/#website","url":"https:\/\/diariotextual.com\/inicio\/","name":"Diario Textual","description":"","publisher":{"@id":"https:\/\/diariotextual.com\/inicio\/#organization"},"potentialAction":[{"@type":"SearchAction","target":{"@type":"EntryPoint","urlTemplate":"https:\/\/diariotextual.com\/inicio\/?s={search_term_string}"},"query-input":{"@type":"PropertyValueSpecification","valueRequired":true,"valueName":"search_term_string"}}],"inLanguage":"es"},{"@type":"Organization","@id":"https:\/\/diariotextual.com\/inicio\/#organization","name":"Diario Textual","url":"https:\/\/diariotextual.com\/inicio\/","logo":{"@type":"ImageObject","inLanguage":"es","@id":"https:\/\/diariotextual.com\/inicio\/#\/schema\/logo\/image\/","url":"https:\/\/diariotextual.com\/inicio\/wp-content\/uploads\/2023\/05\/logotextual1.jpg","contentUrl":"https:\/\/diariotextual.com\/inicio\/wp-content\/uploads\/2023\/05\/logotextual1.jpg","width":516,"height":76,"caption":"Diario Textual"},"image":{"@id":"https:\/\/diariotextual.com\/inicio\/#\/schema\/logo\/image\/"},"sameAs":["https:\/\/www.facebook.com\/eltextual","https:\/\/x.com\/eltextual","http:\/\/www.instagram.com\/eltextual"]},{"@type":"Person","@id":"https:\/\/diariotextual.com\/inicio\/#\/schema\/person\/418fc4093c33e86ed41562db3508f958","name":"Diario1 Diario1","image":{"@type":"ImageObject","inLanguage":"es","@id":"https:\/\/secure.gravatar.com\/avatar\/9167d280179c85bc18be67aa7eda765854300033af4896dd779b608640f2ef7a?s=96&d=mm&r=g","url":"https:\/\/secure.gravatar.com\/avatar\/9167d280179c85bc18be67aa7eda765854300033af4896dd779b608640f2ef7a?s=96&d=mm&r=g","contentUrl":"https:\/\/secure.gravatar.com\/avatar\/9167d280179c85bc18be67aa7eda765854300033af4896dd779b608640f2ef7a?s=96&d=mm&r=g","caption":"Diario1 Diario1"},"url":"https:\/\/diariotextual.com\/inicio\/index.php\/author\/diario1\/"}]}},"_links":{"self":[{"href":"https:\/\/diariotextual.com\/inicio\/index.php\/wp-json\/wp\/v2\/posts\/229932","targetHints":{"allow":["GET"]}}],"collection":[{"href":"https:\/\/diariotextual.com\/inicio\/index.php\/wp-json\/wp\/v2\/posts"}],"about":[{"href":"https:\/\/diariotextual.com\/inicio\/index.php\/wp-json\/wp\/v2\/types\/post"}],"author":[{"embeddable":true,"href":"https:\/\/diariotextual.com\/inicio\/index.php\/wp-json\/wp\/v2\/users\/3"}],"replies":[{"embeddable":true,"href":"https:\/\/diariotextual.com\/inicio\/index.php\/wp-json\/wp\/v2\/comments?post=229932"}],"version-history":[{"count":1,"href":"https:\/\/diariotextual.com\/inicio\/index.php\/wp-json\/wp\/v2\/posts\/229932\/revisions"}],"predecessor-version":[{"id":229933,"href":"https:\/\/diariotextual.com\/inicio\/index.php\/wp-json\/wp\/v2\/posts\/229932\/revisions\/229933"}],"wp:featuredmedia":[{"embeddable":true,"href":"https:\/\/diariotextual.com\/inicio\/index.php\/wp-json\/wp\/v2\/media\/229645"}],"wp:attachment":[{"href":"https:\/\/diariotextual.com\/inicio\/index.php\/wp-json\/wp\/v2\/media?parent=229932"}],"wp:term":[{"taxonomy":"category","embeddable":true,"href":"https:\/\/diariotextual.com\/inicio\/index.php\/wp-json\/wp\/v2\/categories?post=229932"},{"taxonomy":"post_tag","embeddable":true,"href":"https:\/\/diariotextual.com\/inicio\/index.php\/wp-json\/wp\/v2\/tags?post=229932"}],"curies":[{"name":"wp","href":"https:\/\/api.w.org\/{rel}","templated":true}]}}