{"id":229938,"date":"2023-07-01T06:55:21","date_gmt":"2023-07-01T09:55:21","guid":{"rendered":"https:\/\/diariotextual.com\/inicio\/?p=229938"},"modified":"2023-07-02T19:35:49","modified_gmt":"2023-07-02T22:35:49","slug":"malvinas-identificaron-a-otro-soldado-argentino-caido","status":"publish","type":"post","link":"https:\/\/diariotextual.com\/inicio\/index.php\/2023\/07\/01\/malvinas-identificaron-a-otro-soldado-argentino-caido\/","title":{"rendered":"Malvinas: identificaron a otro soldado argentino ca\u00eddo"},"content":{"rendered":"\n<p>El Equipo Argentino de Antropolog\u00eda Forense (EAAF)&nbsp;<strong>identific\u00f3 a otro soldado ca\u00eddo en la Guerra de Malvinas,<\/strong>&nbsp;en el marco del Plan Proyecto Humanitario. Ya son 121 los soldados nacionales que recuperaron su identidad a 41 a\u00f1os de la guerra con el Reino Unido.&nbsp;<\/p>\n\n\n\n<p>Se trata del&nbsp;<strong>cabo segundo&nbsp;de Prefectura, Jorge Eduardo L\u00f3pez, que&nbsp;muri\u00f3 el 10 de mayo de 1982.&nbsp;<\/strong>Fue enterrado sin identidad en el Cementerio de Darwin.&nbsp;El joven falleci\u00f3 en el bombardeo ingl\u00e9s al buque mercante Isla de los Estados cuando ten\u00eda 19 a\u00f1os.<\/p>\n\n\n\n<p>El barco navegaba por el Estrecho de San Carlos para llevar v\u00edveres, municiones y medicamentos al Regimiento 5, en Puerto Yapey\u00fa. Fue hundido por la fragata brit\u00e1nica Alacrity, lo que provoc\u00f3 la muerte de 25 tripulantes. Solamente sobrevivieron dos.<\/p>\n\n\n\n<p>Se crey\u00f3 que el cuerpo de L\u00f3pez hab\u00eda ca\u00eddo al mar. Sin embargo, fue identificado por la EAAF y la familia notificada.<\/p>\n\n\n\n<p>El buque hab\u00eda zarpado el 29 de marzo de Puerto Deseado al mando del Capit\u00e1n de Ultramar Tulio N\u00e9stor Panigadi con 25 tripulantes,&nbsp;<strong>entre ellos cuatro integrantes de la Armada Argentina.<\/strong><\/p>\n\n\n\n<p>El Capit\u00e1n de Corbeta Alois Esteban Payarola, oficial de enlace a bordo,&nbsp;le comunic\u00f3 a la dotaci\u00f3n que iban a participar de la Operaci\u00f3n Rosario para recuperar las Islas Malvinas.<strong>&nbsp;Ese 2 de abril, luego del desembarco en Puerto Argentino, el \u201cIsla de los Estados\u201d fue el primer buque de transporte en amarrar en las islas.<\/strong><\/p>\n\n\n\n<p>La unidad hab\u00eda quedado afectada al apoyo log\u00edstico en el archipi\u00e9lago,<strong>&nbsp;formando parte de las primeras operaciones militares durante la toma de<\/strong>&nbsp;<strong>Pradera del Ganso, Bah\u00eda del Zorro y R\u00edo San Carlos.<\/strong>&nbsp;Trasladaba combustible, pertrechos y personal a las distintas localidades que las tropas iban recuperando. Luego de los primeros ataques brit\u00e1nicos, se hab\u00eda ordenado a todos los nav\u00edos dispersarse en las distintas caletas para no ser atacados.&nbsp;<\/p>\n\n\n\n<p>Sin embargo,&nbsp;<strong>el 10 de mayo de 1982 el \u201cIsla de los Estados\u201d fue detectado y estaba bajo fuego.<\/strong>&nbsp;Aquella noche una bengala luminosa a unos 200 metros de altura ilumin\u00f3 a toda el \u00e1rea y delat\u00f3 la posici\u00f3n del buque.<\/p>\n\n\n\n<p>Segundos despu\u00e9s comenzaron los disparos de ca\u00f1ones contra el barco. Hab\u00eda sido descubierto y era atacado por la fragata HMS \u201cAlacrity\u201d. El primer impacto los golpe\u00f3 a estribor y le siguieron entre cinco y siete ca\u00f1onazos m\u00e1s.<\/p>\n\n\n\n<p><strong>La mayor\u00eda de los hombres murieron en la explosi\u00f3n de los tanques de combustible<\/strong>, y los que quedaron se dirigieron hacia las balsas salvavidas, algunas de las cuales hab\u00edan quedado muy da\u00f1adas. Entre los soldados muertos estaba el&nbsp;<strong>cabo segundo de Prefectura, Jorge Eduardo L\u00f3pez, que hoy recuper\u00f3 su identidad.<\/strong><\/p>\n","protected":false},"excerpt":{"rendered":"<p>El Equipo Argentino de Antropolog\u00eda Forense (EAAF)&nbsp;identific\u00f3 a otro soldado ca\u00eddo en la Guerra de Malvinas,&nbsp;en el marco del Plan Proyecto Humanitario. Ya son 121 los soldados nacionales que recuperaron&hellip;<\/p>\n","protected":false},"author":3,"featured_media":229942,"comment_status":"closed","ping_status":"open","sticky":false,"template":"","format":"standard","meta":{"_acf_changed":false,"footnotes":""},"categories":[11,12],"tags":[],"class_list":["post-229938","post","type-post","status-publish","format-standard","has-post-thumbnail","hentry","category-que-pasa","category-sociedad"],"acf":[],"yoast_head":"<!-- This site is optimized with the Yoast SEO plugin v27.5 - https:\/\/yoast.com\/product\/yoast-seo-wordpress\/ -->\n<title>Malvinas: identificaron a otro soldado argentino ca\u00eddo - Diario Textual<\/title>\n<meta name=\"robots\" content=\"index, follow, max-snippet:-1, max-image-preview:large, max-video-preview:-1\" \/>\n<link rel=\"canonical\" href=\"https:\/\/diariotextual.com\/inicio\/index.php\/2023\/07\/01\/malvinas-identificaron-a-otro-soldado-argentino-caido\/\" \/>\n<meta property=\"og:locale\" content=\"es_ES\" \/>\n<meta property=\"og:type\" content=\"article\" \/>\n<meta property=\"og:title\" content=\"Malvinas: identificaron a otro soldado argentino ca\u00eddo - Diario Textual\" \/>\n<meta property=\"og:description\" content=\"El Equipo Argentino de Antropolog\u00eda Forense (EAAF)&nbsp;identific\u00f3 a otro soldado ca\u00eddo en la Guerra de Malvinas,&nbsp;en el marco del Plan Proyecto Humanitario. Ya son 121 los soldados nacionales que recuperaron&hellip;\" \/>\n<meta property=\"og:url\" content=\"https:\/\/diariotextual.com\/inicio\/index.php\/2023\/07\/01\/malvinas-identificaron-a-otro-soldado-argentino-caido\/\" \/>\n<meta property=\"og:site_name\" content=\"Diario Textual\" \/>\n<meta property=\"article:publisher\" content=\"https:\/\/www.facebook.com\/eltextual\" \/>\n<meta property=\"article:published_time\" content=\"2023-07-01T09:55:21+00:00\" \/>\n<meta property=\"article:modified_time\" content=\"2023-07-02T22:35:49+00:00\" \/>\n<meta property=\"og:image\" content=\"https:\/\/diariotextual.com\/inicio\/wp-content\/uploads\/2023\/07\/lopezjorgeprefectomalvinas2023-1.jpg\" \/>\n\t<meta property=\"og:image:width\" content=\"1081\" \/>\n\t<meta property=\"og:image:height\" content=\"703\" \/>\n\t<meta property=\"og:image:type\" content=\"image\/jpeg\" \/>\n<meta name=\"author\" content=\"Diario1 Diario1\" \/>\n<meta name=\"twitter:card\" content=\"summary_large_image\" \/>\n<meta name=\"twitter:creator\" content=\"@eltextual\" \/>\n<meta name=\"twitter:site\" content=\"@eltextual\" \/>\n<meta name=\"twitter:label1\" content=\"Escrito por\" \/>\n\t<meta name=\"twitter:data1\" content=\"Diario1 Diario1\" \/>\n\t<meta name=\"twitter:label2\" content=\"Tiempo de lectura\" \/>\n\t<meta name=\"twitter:data2\" content=\"2 minutos\" \/>\n<script type=\"application\/ld+json\" class=\"yoast-schema-graph\">{\"@context\":\"https:\\\/\\\/schema.org\",\"@graph\":[{\"@type\":\"Article\",\"@id\":\"https:\\\/\\\/diariotextual.com\\\/inicio\\\/index.php\\\/2023\\\/07\\\/01\\\/malvinas-identificaron-a-otro-soldado-argentino-caido\\\/#article\",\"isPartOf\":{\"@id\":\"https:\\\/\\\/diariotextual.com\\\/inicio\\\/index.php\\\/2023\\\/07\\\/01\\\/malvinas-identificaron-a-otro-soldado-argentino-caido\\\/\"},\"author\":{\"name\":\"Diario1 Diario1\",\"@id\":\"https:\\\/\\\/diariotextual.com\\\/inicio\\\/#\\\/schema\\\/person\\\/418fc4093c33e86ed41562db3508f958\"},\"headline\":\"Malvinas: identificaron a otro soldado argentino ca\u00eddo\",\"datePublished\":\"2023-07-01T09:55:21+00:00\",\"dateModified\":\"2023-07-02T22:35:49+00:00\",\"mainEntityOfPage\":{\"@id\":\"https:\\\/\\\/diariotextual.com\\\/inicio\\\/index.php\\\/2023\\\/07\\\/01\\\/malvinas-identificaron-a-otro-soldado-argentino-caido\\\/\"},\"wordCount\":483,\"publisher\":{\"@id\":\"https:\\\/\\\/diariotextual.com\\\/inicio\\\/#organization\"},\"image\":{\"@id\":\"https:\\\/\\\/diariotextual.com\\\/inicio\\\/index.php\\\/2023\\\/07\\\/01\\\/malvinas-identificaron-a-otro-soldado-argentino-caido\\\/#primaryimage\"},\"thumbnailUrl\":\"https:\\\/\\\/diariotextual.com\\\/inicio\\\/wp-content\\\/uploads\\\/2023\\\/07\\\/lopezjorgeprefectomalvinas2023-1.jpg\",\"articleSection\":[\"A - QUE PASA (al costado)\",\"SOCIEDAD\"],\"inLanguage\":\"es\"},{\"@type\":\"WebPage\",\"@id\":\"https:\\\/\\\/diariotextual.com\\\/inicio\\\/index.php\\\/2023\\\/07\\\/01\\\/malvinas-identificaron-a-otro-soldado-argentino-caido\\\/\",\"url\":\"https:\\\/\\\/diariotextual.com\\\/inicio\\\/index.php\\\/2023\\\/07\\\/01\\\/malvinas-identificaron-a-otro-soldado-argentino-caido\\\/\",\"name\":\"Malvinas: identificaron a otro soldado argentino ca\u00eddo - Diario Textual\",\"isPartOf\":{\"@id\":\"https:\\\/\\\/diariotextual.com\\\/inicio\\\/#website\"},\"primaryImageOfPage\":{\"@id\":\"https:\\\/\\\/diariotextual.com\\\/inicio\\\/index.php\\\/2023\\\/07\\\/01\\\/malvinas-identificaron-a-otro-soldado-argentino-caido\\\/#primaryimage\"},\"image\":{\"@id\":\"https:\\\/\\\/diariotextual.com\\\/inicio\\\/index.php\\\/2023\\\/07\\\/01\\\/malvinas-identificaron-a-otro-soldado-argentino-caido\\\/#primaryimage\"},\"thumbnailUrl\":\"https:\\\/\\\/diariotextual.com\\\/inicio\\\/wp-content\\\/uploads\\\/2023\\\/07\\\/lopezjorgeprefectomalvinas2023-1.jpg\",\"datePublished\":\"2023-07-01T09:55:21+00:00\",\"dateModified\":\"2023-07-02T22:35:49+00:00\",\"breadcrumb\":{\"@id\":\"https:\\\/\\\/diariotextual.com\\\/inicio\\\/index.php\\\/2023\\\/07\\\/01\\\/malvinas-identificaron-a-otro-soldado-argentino-caido\\\/#breadcrumb\"},\"inLanguage\":\"es\",\"potentialAction\":[{\"@type\":\"ReadAction\",\"target\":[\"https:\\\/\\\/diariotextual.com\\\/inicio\\\/index.php\\\/2023\\\/07\\\/01\\\/malvinas-identificaron-a-otro-soldado-argentino-caido\\\/\"]}]},{\"@type\":\"ImageObject\",\"inLanguage\":\"es\",\"@id\":\"https:\\\/\\\/diariotextual.com\\\/inicio\\\/index.php\\\/2023\\\/07\\\/01\\\/malvinas-identificaron-a-otro-soldado-argentino-caido\\\/#primaryimage\",\"url\":\"https:\\\/\\\/diariotextual.com\\\/inicio\\\/wp-content\\\/uploads\\\/2023\\\/07\\\/lopezjorgeprefectomalvinas2023-1.jpg\",\"contentUrl\":\"https:\\\/\\\/diariotextual.com\\\/inicio\\\/wp-content\\\/uploads\\\/2023\\\/07\\\/lopezjorgeprefectomalvinas2023-1.jpg\",\"width\":1081,\"height\":703},{\"@type\":\"BreadcrumbList\",\"@id\":\"https:\\\/\\\/diariotextual.com\\\/inicio\\\/index.php\\\/2023\\\/07\\\/01\\\/malvinas-identificaron-a-otro-soldado-argentino-caido\\\/#breadcrumb\",\"itemListElement\":[{\"@type\":\"ListItem\",\"position\":1,\"name\":\"Portada\",\"item\":\"https:\\\/\\\/diariotextual.com\\\/inicio\\\/\"},{\"@type\":\"ListItem\",\"position\":2,\"name\":\"Malvinas: identificaron a otro soldado argentino ca\u00eddo\"}]},{\"@type\":\"WebSite\",\"@id\":\"https:\\\/\\\/diariotextual.com\\\/inicio\\\/#website\",\"url\":\"https:\\\/\\\/diariotextual.com\\\/inicio\\\/\",\"name\":\"Diario Textual\",\"description\":\"\",\"publisher\":{\"@id\":\"https:\\\/\\\/diariotextual.com\\\/inicio\\\/#organization\"},\"potentialAction\":[{\"@type\":\"SearchAction\",\"target\":{\"@type\":\"EntryPoint\",\"urlTemplate\":\"https:\\\/\\\/diariotextual.com\\\/inicio\\\/?s={search_term_string}\"},\"query-input\":{\"@type\":\"PropertyValueSpecification\",\"valueRequired\":true,\"valueName\":\"search_term_string\"}}],\"inLanguage\":\"es\"},{\"@type\":\"Organization\",\"@id\":\"https:\\\/\\\/diariotextual.com\\\/inicio\\\/#organization\",\"name\":\"Diario Textual\",\"url\":\"https:\\\/\\\/diariotextual.com\\\/inicio\\\/\",\"logo\":{\"@type\":\"ImageObject\",\"inLanguage\":\"es\",\"@id\":\"https:\\\/\\\/diariotextual.com\\\/inicio\\\/#\\\/schema\\\/logo\\\/image\\\/\",\"url\":\"https:\\\/\\\/diariotextual.com\\\/inicio\\\/wp-content\\\/uploads\\\/2023\\\/05\\\/logotextual1.jpg\",\"contentUrl\":\"https:\\\/\\\/diariotextual.com\\\/inicio\\\/wp-content\\\/uploads\\\/2023\\\/05\\\/logotextual1.jpg\",\"width\":516,\"height\":76,\"caption\":\"Diario Textual\"},\"image\":{\"@id\":\"https:\\\/\\\/diariotextual.com\\\/inicio\\\/#\\\/schema\\\/logo\\\/image\\\/\"},\"sameAs\":[\"https:\\\/\\\/www.facebook.com\\\/eltextual\",\"https:\\\/\\\/x.com\\\/eltextual\",\"http:\\\/\\\/www.instagram.com\\\/eltextual\"]},{\"@type\":\"Person\",\"@id\":\"https:\\\/\\\/diariotextual.com\\\/inicio\\\/#\\\/schema\\\/person\\\/418fc4093c33e86ed41562db3508f958\",\"name\":\"Diario1 Diario1\",\"image\":{\"@type\":\"ImageObject\",\"inLanguage\":\"es\",\"@id\":\"https:\\\/\\\/secure.gravatar.com\\\/avatar\\\/9167d280179c85bc18be67aa7eda765854300033af4896dd779b608640f2ef7a?s=96&d=mm&r=g\",\"url\":\"https:\\\/\\\/secure.gravatar.com\\\/avatar\\\/9167d280179c85bc18be67aa7eda765854300033af4896dd779b608640f2ef7a?s=96&d=mm&r=g\",\"contentUrl\":\"https:\\\/\\\/secure.gravatar.com\\\/avatar\\\/9167d280179c85bc18be67aa7eda765854300033af4896dd779b608640f2ef7a?s=96&d=mm&r=g\",\"caption\":\"Diario1 Diario1\"},\"url\":\"https:\\\/\\\/diariotextual.com\\\/inicio\\\/index.php\\\/author\\\/diario1\\\/\"}]}<\/script>\n<!-- \/ Yoast SEO plugin. -->","yoast_head_json":{"title":"Malvinas: identificaron a otro soldado argentino ca\u00eddo - Diario Textual","robots":{"index":"index","follow":"follow","max-snippet":"max-snippet:-1","max-image-preview":"max-image-preview:large","max-video-preview":"max-video-preview:-1"},"canonical":"https:\/\/diariotextual.com\/inicio\/index.php\/2023\/07\/01\/malvinas-identificaron-a-otro-soldado-argentino-caido\/","og_locale":"es_ES","og_type":"article","og_title":"Malvinas: identificaron a otro soldado argentino ca\u00eddo - Diario Textual","og_description":"El Equipo Argentino de Antropolog\u00eda Forense (EAAF)&nbsp;identific\u00f3 a otro soldado ca\u00eddo en la Guerra de Malvinas,&nbsp;en el marco del Plan Proyecto Humanitario. Ya son 121 los soldados nacionales que recuperaron&hellip;","og_url":"https:\/\/diariotextual.com\/inicio\/index.php\/2023\/07\/01\/malvinas-identificaron-a-otro-soldado-argentino-caido\/","og_site_name":"Diario Textual","article_publisher":"https:\/\/www.facebook.com\/eltextual","article_published_time":"2023-07-01T09:55:21+00:00","article_modified_time":"2023-07-02T22:35:49+00:00","og_image":[{"width":1081,"height":703,"url":"https:\/\/diariotextual.com\/inicio\/wp-content\/uploads\/2023\/07\/lopezjorgeprefectomalvinas2023-1.jpg","type":"image\/jpeg"}],"author":"Diario1 Diario1","twitter_card":"summary_large_image","twitter_creator":"@eltextual","twitter_site":"@eltextual","twitter_misc":{"Escrito por":"Diario1 Diario1","Tiempo de lectura":"2 minutos"},"schema":{"@context":"https:\/\/schema.org","@graph":[{"@type":"Article","@id":"https:\/\/diariotextual.com\/inicio\/index.php\/2023\/07\/01\/malvinas-identificaron-a-otro-soldado-argentino-caido\/#article","isPartOf":{"@id":"https:\/\/diariotextual.com\/inicio\/index.php\/2023\/07\/01\/malvinas-identificaron-a-otro-soldado-argentino-caido\/"},"author":{"name":"Diario1 Diario1","@id":"https:\/\/diariotextual.com\/inicio\/#\/schema\/person\/418fc4093c33e86ed41562db3508f958"},"headline":"Malvinas: identificaron a otro soldado argentino ca\u00eddo","datePublished":"2023-07-01T09:55:21+00:00","dateModified":"2023-07-02T22:35:49+00:00","mainEntityOfPage":{"@id":"https:\/\/diariotextual.com\/inicio\/index.php\/2023\/07\/01\/malvinas-identificaron-a-otro-soldado-argentino-caido\/"},"wordCount":483,"publisher":{"@id":"https:\/\/diariotextual.com\/inicio\/#organization"},"image":{"@id":"https:\/\/diariotextual.com\/inicio\/index.php\/2023\/07\/01\/malvinas-identificaron-a-otro-soldado-argentino-caido\/#primaryimage"},"thumbnailUrl":"https:\/\/diariotextual.com\/inicio\/wp-content\/uploads\/2023\/07\/lopezjorgeprefectomalvinas2023-1.jpg","articleSection":["A - QUE PASA (al costado)","SOCIEDAD"],"inLanguage":"es"},{"@type":"WebPage","@id":"https:\/\/diariotextual.com\/inicio\/index.php\/2023\/07\/01\/malvinas-identificaron-a-otro-soldado-argentino-caido\/","url":"https:\/\/diariotextual.com\/inicio\/index.php\/2023\/07\/01\/malvinas-identificaron-a-otro-soldado-argentino-caido\/","name":"Malvinas: identificaron a otro soldado argentino ca\u00eddo - Diario Textual","isPartOf":{"@id":"https:\/\/diariotextual.com\/inicio\/#website"},"primaryImageOfPage":{"@id":"https:\/\/diariotextual.com\/inicio\/index.php\/2023\/07\/01\/malvinas-identificaron-a-otro-soldado-argentino-caido\/#primaryimage"},"image":{"@id":"https:\/\/diariotextual.com\/inicio\/index.php\/2023\/07\/01\/malvinas-identificaron-a-otro-soldado-argentino-caido\/#primaryimage"},"thumbnailUrl":"https:\/\/diariotextual.com\/inicio\/wp-content\/uploads\/2023\/07\/lopezjorgeprefectomalvinas2023-1.jpg","datePublished":"2023-07-01T09:55:21+00:00","dateModified":"2023-07-02T22:35:49+00:00","breadcrumb":{"@id":"https:\/\/diariotextual.com\/inicio\/index.php\/2023\/07\/01\/malvinas-identificaron-a-otro-soldado-argentino-caido\/#breadcrumb"},"inLanguage":"es","potentialAction":[{"@type":"ReadAction","target":["https:\/\/diariotextual.com\/inicio\/index.php\/2023\/07\/01\/malvinas-identificaron-a-otro-soldado-argentino-caido\/"]}]},{"@type":"ImageObject","inLanguage":"es","@id":"https:\/\/diariotextual.com\/inicio\/index.php\/2023\/07\/01\/malvinas-identificaron-a-otro-soldado-argentino-caido\/#primaryimage","url":"https:\/\/diariotextual.com\/inicio\/wp-content\/uploads\/2023\/07\/lopezjorgeprefectomalvinas2023-1.jpg","contentUrl":"https:\/\/diariotextual.com\/inicio\/wp-content\/uploads\/2023\/07\/lopezjorgeprefectomalvinas2023-1.jpg","width":1081,"height":703},{"@type":"BreadcrumbList","@id":"https:\/\/diariotextual.com\/inicio\/index.php\/2023\/07\/01\/malvinas-identificaron-a-otro-soldado-argentino-caido\/#breadcrumb","itemListElement":[{"@type":"ListItem","position":1,"name":"Portada","item":"https:\/\/diariotextual.com\/inicio\/"},{"@type":"ListItem","position":2,"name":"Malvinas: identificaron a otro soldado argentino ca\u00eddo"}]},{"@type":"WebSite","@id":"https:\/\/diariotextual.com\/inicio\/#website","url":"https:\/\/diariotextual.com\/inicio\/","name":"Diario Textual","description":"","publisher":{"@id":"https:\/\/diariotextual.com\/inicio\/#organization"},"potentialAction":[{"@type":"SearchAction","target":{"@type":"EntryPoint","urlTemplate":"https:\/\/diariotextual.com\/inicio\/?s={search_term_string}"},"query-input":{"@type":"PropertyValueSpecification","valueRequired":true,"valueName":"search_term_string"}}],"inLanguage":"es"},{"@type":"Organization","@id":"https:\/\/diariotextual.com\/inicio\/#organization","name":"Diario Textual","url":"https:\/\/diariotextual.com\/inicio\/","logo":{"@type":"ImageObject","inLanguage":"es","@id":"https:\/\/diariotextual.com\/inicio\/#\/schema\/logo\/image\/","url":"https:\/\/diariotextual.com\/inicio\/wp-content\/uploads\/2023\/05\/logotextual1.jpg","contentUrl":"https:\/\/diariotextual.com\/inicio\/wp-content\/uploads\/2023\/05\/logotextual1.jpg","width":516,"height":76,"caption":"Diario Textual"},"image":{"@id":"https:\/\/diariotextual.com\/inicio\/#\/schema\/logo\/image\/"},"sameAs":["https:\/\/www.facebook.com\/eltextual","https:\/\/x.com\/eltextual","http:\/\/www.instagram.com\/eltextual"]},{"@type":"Person","@id":"https:\/\/diariotextual.com\/inicio\/#\/schema\/person\/418fc4093c33e86ed41562db3508f958","name":"Diario1 Diario1","image":{"@type":"ImageObject","inLanguage":"es","@id":"https:\/\/secure.gravatar.com\/avatar\/9167d280179c85bc18be67aa7eda765854300033af4896dd779b608640f2ef7a?s=96&d=mm&r=g","url":"https:\/\/secure.gravatar.com\/avatar\/9167d280179c85bc18be67aa7eda765854300033af4896dd779b608640f2ef7a?s=96&d=mm&r=g","contentUrl":"https:\/\/secure.gravatar.com\/avatar\/9167d280179c85bc18be67aa7eda765854300033af4896dd779b608640f2ef7a?s=96&d=mm&r=g","caption":"Diario1 Diario1"},"url":"https:\/\/diariotextual.com\/inicio\/index.php\/author\/diario1\/"}]}},"_links":{"self":[{"href":"https:\/\/diariotextual.com\/inicio\/index.php\/wp-json\/wp\/v2\/posts\/229938","targetHints":{"allow":["GET"]}}],"collection":[{"href":"https:\/\/diariotextual.com\/inicio\/index.php\/wp-json\/wp\/v2\/posts"}],"about":[{"href":"https:\/\/diariotextual.com\/inicio\/index.php\/wp-json\/wp\/v2\/types\/post"}],"author":[{"embeddable":true,"href":"https:\/\/diariotextual.com\/inicio\/index.php\/wp-json\/wp\/v2\/users\/3"}],"replies":[{"embeddable":true,"href":"https:\/\/diariotextual.com\/inicio\/index.php\/wp-json\/wp\/v2\/comments?post=229938"}],"version-history":[{"count":3,"href":"https:\/\/diariotextual.com\/inicio\/index.php\/wp-json\/wp\/v2\/posts\/229938\/revisions"}],"predecessor-version":[{"id":229941,"href":"https:\/\/diariotextual.com\/inicio\/index.php\/wp-json\/wp\/v2\/posts\/229938\/revisions\/229941"}],"wp:featuredmedia":[{"embeddable":true,"href":"https:\/\/diariotextual.com\/inicio\/index.php\/wp-json\/wp\/v2\/media\/229942"}],"wp:attachment":[{"href":"https:\/\/diariotextual.com\/inicio\/index.php\/wp-json\/wp\/v2\/media?parent=229938"}],"wp:term":[{"taxonomy":"category","embeddable":true,"href":"https:\/\/diariotextual.com\/inicio\/index.php\/wp-json\/wp\/v2\/categories?post=229938"},{"taxonomy":"post_tag","embeddable":true,"href":"https:\/\/diariotextual.com\/inicio\/index.php\/wp-json\/wp\/v2\/tags?post=229938"}],"curies":[{"name":"wp","href":"https:\/\/api.w.org\/{rel}","templated":true}]}}