{"id":229998,"date":"2023-07-02T07:53:00","date_gmt":"2023-07-02T10:53:00","guid":{"rendered":"https:\/\/diariotextual.com\/inicio\/?p=229998"},"modified":"2023-07-02T10:48:56","modified_gmt":"2023-07-02T13:48:56","slug":"prohibieron-el-glifosato-en-la-provincia-de-misiones","status":"publish","type":"post","link":"https:\/\/diariotextual.com\/inicio\/index.php\/2023\/07\/02\/prohibieron-el-glifosato-en-la-provincia-de-misiones\/","title":{"rendered":"Prohibieron el glifosato en la provincia de Misiones"},"content":{"rendered":"\n<p class=\"wp-block-paragraph\"><strong>A partir de 2025 estar\u00e1 prohibido el uso de glifosato en Misiones.<\/strong> La provincia sancion\u00f3 la ley de Promoci\u00f3n de Bioinsumos y en uno de sus art\u00edculos establece un periodo de dos a\u00f1os para eliminar el uso de herbicidas.<\/p>\n\n\n\n<p class=\"wp-block-paragraph\">Seg\u00fan explic\u00f3 la ministra de Agricultura Familiar de Misiones, Marta Ferreira, la normativa es producto del trabajo de 20 a\u00f1os y de numerosas pol\u00edticas p\u00fablicas que apuntan a modificar integralmente la agricultura en la provincia.<\/p>\n\n\n\n<p class=\"wp-block-paragraph\">\u201cObvio que aparecen algunas voces que no est\u00e1n de acuerdo. Pero es un cambio de paradigma y cuando eso pasa en la historia de la humanidad, uno encuentra posturas distintas. El gran compromiso que tenemos es con las generaciones que vienen\u201d, reflexiono Ferreira en AM750.<\/p>\n\n\n\n<p class=\"wp-block-paragraph\">En ese contexto, la funcionaria agreg\u00f3 que desde el a\u00f1o 2000 se empez\u00f3 a trabajar en la reconversi\u00f3n y diversificaci\u00f3n de los peque\u00f1os agricultores y sus chacras. \u201c<strong>En Misiones, los agricultores no tienen m\u00e1s de 25 hect\u00e1reas entonces visibilizamos el sector e impulsamos su producci\u00f3n<\/strong>\u201d, detall\u00f3 Ferreira.&nbsp;<\/p>\n\n\n\n<p class=\"wp-block-paragraph\">Adem\u00e1s, cont\u00f3 que la biof\u00e1brica de la provincia desarroll\u00f3 un bioinsumo a base de un hongo local que ya cuenta con la certificaci\u00f3n del&nbsp;<strong>Servicio Nacional de Sanidad y Calidad Agroalimentaria<\/strong>&nbsp;(Senasa). Sumado a esto, una empresa agrosustentable comenz\u00f3 con el desarrollo de fertilizantes e insecticidas org\u00e1nicos y desde el Ministerio que conduce Ferreira crearon una escuela en la que ense\u00f1an a agricultores a desarrollar sus propios biopreparados.&nbsp;<\/p>\n\n\n\n<p class=\"wp-block-paragraph\">En tanto, un nutrido grupo de productores y dirigentes rurales de Misiones envi\u00f3 una carta al gobernador Oscar Herrera Ahuad pidiendo que vete la prohibici\u00f3n al glifosato, sancionada en la ley de bioinsumos la semana pasada. \u201cSolicitamos a Usted que proceda a vetar el art\u00edculo 7 de la ley citada que dispone la prohibici\u00f3n del glifosato y afines y que formalice una mesa de di\u00e1logo\u201d en la que participen \u201crepresentantes y t\u00e9cnicos de la producci\u00f3n local\u201d y \u201corganismos del gobierno provincial\u201d, dijeron.<\/p>\n\n\n\n<p class=\"wp-block-paragraph\">Los productores le explicaron a Herrera Ahuad en la carta que a\u00fan no existe un reemplazante de eficacia probada para el glifosato y recordaron que hace m\u00e1s de 20 a\u00f1os \u201clos grandes conglomerados de la industria qu\u00edmica llevan adelante investigaciones para poder reemplazarlo, sin que hasta la fecha lo hubiesen logrado\u201d.<\/p>\n","protected":false},"excerpt":{"rendered":"<p>A partir de 2025 estar\u00e1 prohibido el uso de glifosato en Misiones. La provincia sancion\u00f3 la ley de Promoci\u00f3n de Bioinsumos y en uno de sus art\u00edculos establece un periodo&hellip;<\/p>\n","protected":false},"author":3,"featured_media":20660,"comment_status":"closed","ping_status":"open","sticky":false,"template":"","format":"standard","meta":{"_acf_changed":false,"footnotes":""},"categories":[1,20],"tags":[],"class_list":["post-229998","post","type-post","status-publish","format-standard","has-post-thumbnail","hentry","category-es-noticia","category-campo"],"acf":[],"yoast_head":"<!-- This site is optimized with the Yoast SEO plugin v28.4 - https:\/\/yoast.com\/product\/yoast-seo-wordpress\/ -->\n<title>Prohibieron el glifosato en la provincia de Misiones - Diario Textual<\/title>\n<meta name=\"robots\" content=\"index, follow, max-snippet:-1, max-image-preview:large, max-video-preview:-1\" \/>\n<link rel=\"canonical\" href=\"https:\/\/diariotextual.com\/inicio\/index.php\/2023\/07\/02\/prohibieron-el-glifosato-en-la-provincia-de-misiones\/\" \/>\n<meta property=\"og:locale\" content=\"es_ES\" \/>\n<meta property=\"og:type\" content=\"article\" \/>\n<meta property=\"og:title\" content=\"Prohibieron el glifosato en la provincia de Misiones - Diario Textual\" \/>\n<meta property=\"og:description\" content=\"A partir de 2025 estar\u00e1 prohibido el uso de glifosato en Misiones. La provincia sancion\u00f3 la ley de Promoci\u00f3n de Bioinsumos y en uno de sus art\u00edculos establece un periodo&hellip;\" \/>\n<meta property=\"og:url\" content=\"https:\/\/diariotextual.com\/inicio\/index.php\/2023\/07\/02\/prohibieron-el-glifosato-en-la-provincia-de-misiones\/\" \/>\n<meta property=\"og:site_name\" content=\"Diario Textual\" \/>\n<meta property=\"article:publisher\" content=\"https:\/\/www.facebook.com\/eltextual\" \/>\n<meta property=\"article:published_time\" content=\"2023-07-02T10:53:00+00:00\" \/>\n<meta property=\"article:modified_time\" content=\"2023-07-02T13:48:56+00:00\" \/>\n<meta property=\"og:image\" content=\"https:\/\/diariotextual.com\/inicio\/wp-content\/uploads\/2018\/09\/agroquimicosglifosatoavionfumigacion1.jpg\" \/>\n\t<meta property=\"og:image:width\" content=\"1192\" \/>\n\t<meta property=\"og:image:height\" content=\"846\" \/>\n\t<meta property=\"og:image:type\" content=\"image\/jpeg\" \/>\n<meta name=\"author\" content=\"Diario1 Diario1\" \/>\n<meta name=\"twitter:card\" content=\"summary_large_image\" \/>\n<meta name=\"twitter:creator\" content=\"@eltextual\" \/>\n<meta name=\"twitter:site\" content=\"@eltextual\" \/>\n<meta name=\"twitter:label1\" content=\"Escrito por\" \/>\n\t<meta name=\"twitter:data1\" content=\"Diario1 Diario1\" \/>\n\t<meta name=\"twitter:label2\" content=\"Tiempo de lectura\" \/>\n\t<meta name=\"twitter:data2\" content=\"2 minutos\" \/>\n<script type=\"application\/ld+json\" class=\"yoast-schema-graph\">{\"@context\":\"https:\\\/\\\/schema.org\",\"@graph\":[{\"@type\":\"Article\",\"@id\":\"https:\\\/\\\/diariotextual.com\\\/inicio\\\/index.php\\\/2023\\\/07\\\/02\\\/prohibieron-el-glifosato-en-la-provincia-de-misiones\\\/#article\",\"isPartOf\":{\"@id\":\"https:\\\/\\\/diariotextual.com\\\/inicio\\\/index.php\\\/2023\\\/07\\\/02\\\/prohibieron-el-glifosato-en-la-provincia-de-misiones\\\/\"},\"author\":{\"name\":\"Diario1 Diario1\",\"@id\":\"https:\\\/\\\/diariotextual.com\\\/inicio\\\/#\\\/schema\\\/person\\\/418fc4093c33e86ed41562db3508f958\"},\"headline\":\"Prohibieron el glifosato en la provincia de Misiones\",\"datePublished\":\"2023-07-02T10:53:00+00:00\",\"dateModified\":\"2023-07-02T13:48:56+00:00\",\"mainEntityOfPage\":{\"@id\":\"https:\\\/\\\/diariotextual.com\\\/inicio\\\/index.php\\\/2023\\\/07\\\/02\\\/prohibieron-el-glifosato-en-la-provincia-de-misiones\\\/\"},\"wordCount\":403,\"publisher\":{\"@id\":\"https:\\\/\\\/diariotextual.com\\\/inicio\\\/#organization\"},\"image\":{\"@id\":\"https:\\\/\\\/diariotextual.com\\\/inicio\\\/index.php\\\/2023\\\/07\\\/02\\\/prohibieron-el-glifosato-en-la-provincia-de-misiones\\\/#primaryimage\"},\"thumbnailUrl\":\"https:\\\/\\\/diariotextual.com\\\/inicio\\\/wp-content\\\/uploads\\\/2018\\\/09\\\/agroquimicosglifosatoavionfumigacion1.jpg\",\"articleSection\":[\"A - ES NOTICIA (van abajo)\",\"CAMPO\"],\"inLanguage\":\"es\"},{\"@type\":\"WebPage\",\"@id\":\"https:\\\/\\\/diariotextual.com\\\/inicio\\\/index.php\\\/2023\\\/07\\\/02\\\/prohibieron-el-glifosato-en-la-provincia-de-misiones\\\/\",\"url\":\"https:\\\/\\\/diariotextual.com\\\/inicio\\\/index.php\\\/2023\\\/07\\\/02\\\/prohibieron-el-glifosato-en-la-provincia-de-misiones\\\/\",\"name\":\"Prohibieron el glifosato en la provincia de Misiones - Diario Textual\",\"isPartOf\":{\"@id\":\"https:\\\/\\\/diariotextual.com\\\/inicio\\\/#website\"},\"primaryImageOfPage\":{\"@id\":\"https:\\\/\\\/diariotextual.com\\\/inicio\\\/index.php\\\/2023\\\/07\\\/02\\\/prohibieron-el-glifosato-en-la-provincia-de-misiones\\\/#primaryimage\"},\"image\":{\"@id\":\"https:\\\/\\\/diariotextual.com\\\/inicio\\\/index.php\\\/2023\\\/07\\\/02\\\/prohibieron-el-glifosato-en-la-provincia-de-misiones\\\/#primaryimage\"},\"thumbnailUrl\":\"https:\\\/\\\/diariotextual.com\\\/inicio\\\/wp-content\\\/uploads\\\/2018\\\/09\\\/agroquimicosglifosatoavionfumigacion1.jpg\",\"datePublished\":\"2023-07-02T10:53:00+00:00\",\"dateModified\":\"2023-07-02T13:48:56+00:00\",\"breadcrumb\":{\"@id\":\"https:\\\/\\\/diariotextual.com\\\/inicio\\\/index.php\\\/2023\\\/07\\\/02\\\/prohibieron-el-glifosato-en-la-provincia-de-misiones\\\/#breadcrumb\"},\"inLanguage\":\"es\",\"potentialAction\":[{\"@type\":\"ReadAction\",\"target\":[\"https:\\\/\\\/diariotextual.com\\\/inicio\\\/index.php\\\/2023\\\/07\\\/02\\\/prohibieron-el-glifosato-en-la-provincia-de-misiones\\\/\"]}]},{\"@type\":\"ImageObject\",\"inLanguage\":\"es\",\"@id\":\"https:\\\/\\\/diariotextual.com\\\/inicio\\\/index.php\\\/2023\\\/07\\\/02\\\/prohibieron-el-glifosato-en-la-provincia-de-misiones\\\/#primaryimage\",\"url\":\"https:\\\/\\\/diariotextual.com\\\/inicio\\\/wp-content\\\/uploads\\\/2018\\\/09\\\/agroquimicosglifosatoavionfumigacion1.jpg\",\"contentUrl\":\"https:\\\/\\\/diariotextual.com\\\/inicio\\\/wp-content\\\/uploads\\\/2018\\\/09\\\/agroquimicosglifosatoavionfumigacion1.jpg\",\"width\":1192,\"height\":846},{\"@type\":\"BreadcrumbList\",\"@id\":\"https:\\\/\\\/diariotextual.com\\\/inicio\\\/index.php\\\/2023\\\/07\\\/02\\\/prohibieron-el-glifosato-en-la-provincia-de-misiones\\\/#breadcrumb\",\"itemListElement\":[{\"@type\":\"ListItem\",\"position\":1,\"name\":\"Portada\",\"item\":\"https:\\\/\\\/diariotextual.com\\\/inicio\\\/\"},{\"@type\":\"ListItem\",\"position\":2,\"name\":\"Prohibieron el glifosato en la provincia de Misiones\"}]},{\"@type\":\"WebSite\",\"@id\":\"https:\\\/\\\/diariotextual.com\\\/inicio\\\/#website\",\"url\":\"https:\\\/\\\/diariotextual.com\\\/inicio\\\/\",\"name\":\"Diario Textual\",\"description\":\"\",\"publisher\":{\"@id\":\"https:\\\/\\\/diariotextual.com\\\/inicio\\\/#organization\"},\"potentialAction\":[{\"@type\":\"SearchAction\",\"target\":{\"@type\":\"EntryPoint\",\"urlTemplate\":\"https:\\\/\\\/diariotextual.com\\\/inicio\\\/?s={search_term_string}\"},\"query-input\":{\"@type\":\"PropertyValueSpecification\",\"valueRequired\":true,\"valueName\":\"search_term_string\"}}],\"inLanguage\":\"es\"},{\"@type\":\"Organization\",\"@id\":\"https:\\\/\\\/diariotextual.com\\\/inicio\\\/#organization\",\"name\":\"Diario Textual\",\"url\":\"https:\\\/\\\/diariotextual.com\\\/inicio\\\/\",\"logo\":{\"@type\":\"ImageObject\",\"inLanguage\":\"es\",\"@id\":\"https:\\\/\\\/diariotextual.com\\\/inicio\\\/#\\\/schema\\\/logo\\\/image\\\/\",\"url\":\"https:\\\/\\\/diariotextual.com\\\/inicio\\\/wp-content\\\/uploads\\\/2023\\\/05\\\/logotextual1.jpg\",\"contentUrl\":\"https:\\\/\\\/diariotextual.com\\\/inicio\\\/wp-content\\\/uploads\\\/2023\\\/05\\\/logotextual1.jpg\",\"width\":516,\"height\":76,\"caption\":\"Diario Textual\"},\"image\":{\"@id\":\"https:\\\/\\\/diariotextual.com\\\/inicio\\\/#\\\/schema\\\/logo\\\/image\\\/\"},\"sameAs\":[\"https:\\\/\\\/www.facebook.com\\\/eltextual\",\"https:\\\/\\\/x.com\\\/eltextual\",\"http:\\\/\\\/www.instagram.com\\\/eltextual\"]},{\"@type\":\"Person\",\"@id\":\"https:\\\/\\\/diariotextual.com\\\/inicio\\\/#\\\/schema\\\/person\\\/418fc4093c33e86ed41562db3508f958\",\"name\":\"Diario1 Diario1\",\"image\":{\"@type\":\"ImageObject\",\"inLanguage\":\"es\",\"@id\":\"https:\\\/\\\/secure.gravatar.com\\\/avatar\\\/9167d280179c85bc18be67aa7eda765854300033af4896dd779b608640f2ef7a?s=96&d=mm&r=g\",\"url\":\"https:\\\/\\\/secure.gravatar.com\\\/avatar\\\/9167d280179c85bc18be67aa7eda765854300033af4896dd779b608640f2ef7a?s=96&d=mm&r=g\",\"contentUrl\":\"https:\\\/\\\/secure.gravatar.com\\\/avatar\\\/9167d280179c85bc18be67aa7eda765854300033af4896dd779b608640f2ef7a?s=96&d=mm&r=g\",\"caption\":\"Diario1 Diario1\"},\"url\":\"https:\\\/\\\/diariotextual.com\\\/inicio\\\/index.php\\\/author\\\/diario1\\\/\"}]}<\/script>\n<!-- \/ Yoast SEO plugin. -->","yoast_head_json":{"title":"Prohibieron el glifosato en la provincia de Misiones - Diario Textual","robots":{"index":"index","follow":"follow","max-snippet":"max-snippet:-1","max-image-preview":"max-image-preview:large","max-video-preview":"max-video-preview:-1"},"canonical":"https:\/\/diariotextual.com\/inicio\/index.php\/2023\/07\/02\/prohibieron-el-glifosato-en-la-provincia-de-misiones\/","og_locale":"es_ES","og_type":"article","og_title":"Prohibieron el glifosato en la provincia de Misiones - Diario Textual","og_description":"A partir de 2025 estar\u00e1 prohibido el uso de glifosato en Misiones. La provincia sancion\u00f3 la ley de Promoci\u00f3n de Bioinsumos y en uno de sus art\u00edculos establece un periodo&hellip;","og_url":"https:\/\/diariotextual.com\/inicio\/index.php\/2023\/07\/02\/prohibieron-el-glifosato-en-la-provincia-de-misiones\/","og_site_name":"Diario Textual","article_publisher":"https:\/\/www.facebook.com\/eltextual","article_published_time":"2023-07-02T10:53:00+00:00","article_modified_time":"2023-07-02T13:48:56+00:00","og_image":[{"width":1192,"height":846,"url":"https:\/\/diariotextual.com\/inicio\/wp-content\/uploads\/2018\/09\/agroquimicosglifosatoavionfumigacion1.jpg","type":"image\/jpeg"}],"author":"Diario1 Diario1","twitter_card":"summary_large_image","twitter_creator":"@eltextual","twitter_site":"@eltextual","twitter_misc":{"Escrito por":"Diario1 Diario1","Tiempo de lectura":"2 minutos"},"schema":{"@context":"https:\/\/schema.org","@graph":[{"@type":"Article","@id":"https:\/\/diariotextual.com\/inicio\/index.php\/2023\/07\/02\/prohibieron-el-glifosato-en-la-provincia-de-misiones\/#article","isPartOf":{"@id":"https:\/\/diariotextual.com\/inicio\/index.php\/2023\/07\/02\/prohibieron-el-glifosato-en-la-provincia-de-misiones\/"},"author":{"name":"Diario1 Diario1","@id":"https:\/\/diariotextual.com\/inicio\/#\/schema\/person\/418fc4093c33e86ed41562db3508f958"},"headline":"Prohibieron el glifosato en la provincia de Misiones","datePublished":"2023-07-02T10:53:00+00:00","dateModified":"2023-07-02T13:48:56+00:00","mainEntityOfPage":{"@id":"https:\/\/diariotextual.com\/inicio\/index.php\/2023\/07\/02\/prohibieron-el-glifosato-en-la-provincia-de-misiones\/"},"wordCount":403,"publisher":{"@id":"https:\/\/diariotextual.com\/inicio\/#organization"},"image":{"@id":"https:\/\/diariotextual.com\/inicio\/index.php\/2023\/07\/02\/prohibieron-el-glifosato-en-la-provincia-de-misiones\/#primaryimage"},"thumbnailUrl":"https:\/\/diariotextual.com\/inicio\/wp-content\/uploads\/2018\/09\/agroquimicosglifosatoavionfumigacion1.jpg","articleSection":["A - ES NOTICIA (van abajo)","CAMPO"],"inLanguage":"es"},{"@type":"WebPage","@id":"https:\/\/diariotextual.com\/inicio\/index.php\/2023\/07\/02\/prohibieron-el-glifosato-en-la-provincia-de-misiones\/","url":"https:\/\/diariotextual.com\/inicio\/index.php\/2023\/07\/02\/prohibieron-el-glifosato-en-la-provincia-de-misiones\/","name":"Prohibieron el glifosato en la provincia de Misiones - Diario Textual","isPartOf":{"@id":"https:\/\/diariotextual.com\/inicio\/#website"},"primaryImageOfPage":{"@id":"https:\/\/diariotextual.com\/inicio\/index.php\/2023\/07\/02\/prohibieron-el-glifosato-en-la-provincia-de-misiones\/#primaryimage"},"image":{"@id":"https:\/\/diariotextual.com\/inicio\/index.php\/2023\/07\/02\/prohibieron-el-glifosato-en-la-provincia-de-misiones\/#primaryimage"},"thumbnailUrl":"https:\/\/diariotextual.com\/inicio\/wp-content\/uploads\/2018\/09\/agroquimicosglifosatoavionfumigacion1.jpg","datePublished":"2023-07-02T10:53:00+00:00","dateModified":"2023-07-02T13:48:56+00:00","breadcrumb":{"@id":"https:\/\/diariotextual.com\/inicio\/index.php\/2023\/07\/02\/prohibieron-el-glifosato-en-la-provincia-de-misiones\/#breadcrumb"},"inLanguage":"es","potentialAction":[{"@type":"ReadAction","target":["https:\/\/diariotextual.com\/inicio\/index.php\/2023\/07\/02\/prohibieron-el-glifosato-en-la-provincia-de-misiones\/"]}]},{"@type":"ImageObject","inLanguage":"es","@id":"https:\/\/diariotextual.com\/inicio\/index.php\/2023\/07\/02\/prohibieron-el-glifosato-en-la-provincia-de-misiones\/#primaryimage","url":"https:\/\/diariotextual.com\/inicio\/wp-content\/uploads\/2018\/09\/agroquimicosglifosatoavionfumigacion1.jpg","contentUrl":"https:\/\/diariotextual.com\/inicio\/wp-content\/uploads\/2018\/09\/agroquimicosglifosatoavionfumigacion1.jpg","width":1192,"height":846},{"@type":"BreadcrumbList","@id":"https:\/\/diariotextual.com\/inicio\/index.php\/2023\/07\/02\/prohibieron-el-glifosato-en-la-provincia-de-misiones\/#breadcrumb","itemListElement":[{"@type":"ListItem","position":1,"name":"Portada","item":"https:\/\/diariotextual.com\/inicio\/"},{"@type":"ListItem","position":2,"name":"Prohibieron el glifosato en la provincia de Misiones"}]},{"@type":"WebSite","@id":"https:\/\/diariotextual.com\/inicio\/#website","url":"https:\/\/diariotextual.com\/inicio\/","name":"Diario Textual","description":"","publisher":{"@id":"https:\/\/diariotextual.com\/inicio\/#organization"},"potentialAction":[{"@type":"SearchAction","target":{"@type":"EntryPoint","urlTemplate":"https:\/\/diariotextual.com\/inicio\/?s={search_term_string}"},"query-input":{"@type":"PropertyValueSpecification","valueRequired":true,"valueName":"search_term_string"}}],"inLanguage":"es"},{"@type":"Organization","@id":"https:\/\/diariotextual.com\/inicio\/#organization","name":"Diario Textual","url":"https:\/\/diariotextual.com\/inicio\/","logo":{"@type":"ImageObject","inLanguage":"es","@id":"https:\/\/diariotextual.com\/inicio\/#\/schema\/logo\/image\/","url":"https:\/\/diariotextual.com\/inicio\/wp-content\/uploads\/2023\/05\/logotextual1.jpg","contentUrl":"https:\/\/diariotextual.com\/inicio\/wp-content\/uploads\/2023\/05\/logotextual1.jpg","width":516,"height":76,"caption":"Diario Textual"},"image":{"@id":"https:\/\/diariotextual.com\/inicio\/#\/schema\/logo\/image\/"},"sameAs":["https:\/\/www.facebook.com\/eltextual","https:\/\/x.com\/eltextual","http:\/\/www.instagram.com\/eltextual"]},{"@type":"Person","@id":"https:\/\/diariotextual.com\/inicio\/#\/schema\/person\/418fc4093c33e86ed41562db3508f958","name":"Diario1 Diario1","image":{"@type":"ImageObject","inLanguage":"es","@id":"https:\/\/secure.gravatar.com\/avatar\/9167d280179c85bc18be67aa7eda765854300033af4896dd779b608640f2ef7a?s=96&d=mm&r=g","url":"https:\/\/secure.gravatar.com\/avatar\/9167d280179c85bc18be67aa7eda765854300033af4896dd779b608640f2ef7a?s=96&d=mm&r=g","contentUrl":"https:\/\/secure.gravatar.com\/avatar\/9167d280179c85bc18be67aa7eda765854300033af4896dd779b608640f2ef7a?s=96&d=mm&r=g","caption":"Diario1 Diario1"},"url":"https:\/\/diariotextual.com\/inicio\/index.php\/author\/diario1\/"}]}},"_links":{"self":[{"href":"https:\/\/diariotextual.com\/inicio\/index.php\/wp-json\/wp\/v2\/posts\/229998","targetHints":{"allow":["GET"]}}],"collection":[{"href":"https:\/\/diariotextual.com\/inicio\/index.php\/wp-json\/wp\/v2\/posts"}],"about":[{"href":"https:\/\/diariotextual.com\/inicio\/index.php\/wp-json\/wp\/v2\/types\/post"}],"author":[{"embeddable":true,"href":"https:\/\/diariotextual.com\/inicio\/index.php\/wp-json\/wp\/v2\/users\/3"}],"replies":[{"embeddable":true,"href":"https:\/\/diariotextual.com\/inicio\/index.php\/wp-json\/wp\/v2\/comments?post=229998"}],"version-history":[{"count":1,"href":"https:\/\/diariotextual.com\/inicio\/index.php\/wp-json\/wp\/v2\/posts\/229998\/revisions"}],"predecessor-version":[{"id":229999,"href":"https:\/\/diariotextual.com\/inicio\/index.php\/wp-json\/wp\/v2\/posts\/229998\/revisions\/229999"}],"wp:featuredmedia":[{"embeddable":true,"href":"https:\/\/diariotextual.com\/inicio\/index.php\/wp-json\/wp\/v2\/media\/20660"}],"wp:attachment":[{"href":"https:\/\/diariotextual.com\/inicio\/index.php\/wp-json\/wp\/v2\/media?parent=229998"}],"wp:term":[{"taxonomy":"category","embeddable":true,"href":"https:\/\/diariotextual.com\/inicio\/index.php\/wp-json\/wp\/v2\/categories?post=229998"},{"taxonomy":"post_tag","embeddable":true,"href":"https:\/\/diariotextual.com\/inicio\/index.php\/wp-json\/wp\/v2\/tags?post=229998"}],"curies":[{"name":"wp","href":"https:\/\/api.w.org\/{rel}","templated":true}]}}