{"id":230000,"date":"2023-07-02T09:53:43","date_gmt":"2023-07-02T12:53:43","guid":{"rendered":"https:\/\/diariotextual.com\/inicio\/?p=230000"},"modified":"2023-07-03T11:13:23","modified_gmt":"2023-07-03T14:13:23","slug":"ruta-alternativa-santa-rosa-toay-antes-del-15-de-diciembre-hay-que-presentar-el-estudio-de-factibilidad","status":"publish","type":"post","link":"https:\/\/diariotextual.com\/inicio\/index.php\/2023\/07\/02\/ruta-alternativa-santa-rosa-toay-antes-del-15-de-diciembre-hay-que-presentar-el-estudio-de-factibilidad\/","title":{"rendered":"Ruta alternativa Santa Rosa-Toay: \u201cAntes del 15 de diciembre hay que presentar el estudio de factibilidad\u201d"},"content":{"rendered":"\n<p>Autoridades municipales de <strong>Toay, Santa Rosa<\/strong> y de la <strong>Direcci\u00f3n Provincial de Vialidad<\/strong> se reunieron el pasado viernes con <strong>Consultores Asociados SRL<\/strong>, la consultora que har\u00e1 el estudio de factibilidad de una <strong><a href=\"https:\/\/diariotextual.com\/inicio\/index.php\/2023\/06\/26\/avanza-estudio-para-una-ruta-alternativa-entre-santa-rosa-y-toay\/\" target=\"_blank\" rel=\"noreferrer noopener\">ruta alternativa entre ambas ciudades<\/a><\/strong> que descomprima el flujo vehicular en la avenida Per\u00f3n. <\/p>\n\n\n\n<p>\u201cHay plazo hasta la primera quincena de diciembre para presentar el estudio\u201d, dijo a <strong>Radio Textual (LU 33) <\/strong>el intendente de Toay, <strong>Rodolfo Alvarez.<\/strong><\/p>\n\n\n\n<p>El jefe comunal explic\u00f3 que \u201cla arteria que se pretende evaluar para esta ruta alternativa es bulevar Brown, Eje Hist\u00f1orico de Toay y Pedro Bert\u00f3n hasta su intersecci\u00f3n con el Parque Don Tom\u00e1s, y desde all\u00ed hay dos alternativas, una por el este pasando detr\u00e1s del Centro Judicial y otra por el oeste, para luego unirse en Stieben\u201d.<\/p>\n\n\n\n<p>Alvarez precis\u00f3 que la obra pretende conectar \u201cen forma de peine\u201d con avenida Per\u00f3n para darle agilidad a esta v\u00eda. \u201cHay ciudadanos que necesitan derivar en Circunvalaci\u00f3n, otra en avenida Uruguay y otra en San Mart\u00edn\u201d, dijo.<\/p>\n\n\n\n<p>El financiamiento para el estudio de factibilidad ya est\u00e1 asegurado a partir de la firma de un convenio entre el Gobierno de La Pampa y el Consejo Federal de Inversiones.<\/p>\n\n\n\n<p>\u201cA partir de la firma de este convenio hay plazos que cumplir y que finalizan la primera quincena de diciembre. En esta primera reuni\u00f3n se acord\u00f3 que los municipios y organismos intervinientes aporten todos los datos relevantes a la consultora para el estudio de factibilidad. Esto es cloacas, agua potable, electricidad, l\u00edneas de media tensi\u00f3n, altimetr\u00eda, entre otros datos\u201d, explic\u00f3.<\/p>\n\n\n\n<p>La relaci\u00f3n entre las ciudades de Santa Rosa y Toay se caracteriza por v\u00ednculos socioculturales, econ\u00f3micos y productivos muy fuertes con gran cercan\u00eda territorial. La distancia entre ambas poblaciones es de 9 km desde el centro geogr\u00e1fico de cada mancha urbana.<\/p>\n\n\n\n<p>Desde hace dos d\u00e9cadas,\u00a0Toay muestra el mayor \u00edndice de crecimiento poblacional de la Provincia, el mismo se ubica en un 34,7% intercensal, superando la media nacional que es del 11%.<\/p>\n\n\n\n<p>Santa Rosa y Toay conforman una vinculaci\u00f3n de interacci\u00f3n urbana con caracter\u00edsticas metropolitanas, con un ritmo de crecimiento de la poblaci\u00f3n, ambas por encima de la media provincial y nacional.<\/p>\n","protected":false},"excerpt":{"rendered":"<p>Autoridades municipales de Toay, Santa Rosa y de la Direcci\u00f3n Provincial de Vialidad se reunieron el pasado viernes con Consultores Asociados SRL, la consultora que har\u00e1 el estudio de factibilidad&hellip;<\/p>\n","protected":false},"author":7,"featured_media":230005,"comment_status":"closed","ping_status":"open","sticky":false,"template":"","format":"standard","meta":{"_acf_changed":false,"footnotes":""},"categories":[1,11,12],"tags":[],"class_list":["post-230000","post","type-post","status-publish","format-standard","has-post-thumbnail","hentry","category-es-noticia","category-que-pasa","category-sociedad"],"acf":[],"yoast_head":"<!-- This site is optimized with the Yoast SEO plugin v27.5 - https:\/\/yoast.com\/product\/yoast-seo-wordpress\/ -->\n<title>Ruta alternativa Santa Rosa-Toay: \u201cAntes del 15 de diciembre hay que presentar el estudio de factibilidad\u201d - Diario Textual<\/title>\n<meta name=\"robots\" content=\"index, follow, max-snippet:-1, max-image-preview:large, max-video-preview:-1\" \/>\n<link rel=\"canonical\" href=\"https:\/\/diariotextual.com\/inicio\/index.php\/2023\/07\/02\/ruta-alternativa-santa-rosa-toay-antes-del-15-de-diciembre-hay-que-presentar-el-estudio-de-factibilidad\/\" \/>\n<meta property=\"og:locale\" content=\"es_ES\" \/>\n<meta property=\"og:type\" content=\"article\" \/>\n<meta property=\"og:title\" content=\"Ruta alternativa Santa Rosa-Toay: \u201cAntes del 15 de diciembre hay que presentar el estudio de factibilidad\u201d - Diario Textual\" \/>\n<meta property=\"og:description\" content=\"Autoridades municipales de Toay, Santa Rosa y de la Direcci\u00f3n Provincial de Vialidad se reunieron el pasado viernes con Consultores Asociados SRL, la consultora que har\u00e1 el estudio de factibilidad&hellip;\" \/>\n<meta property=\"og:url\" content=\"https:\/\/diariotextual.com\/inicio\/index.php\/2023\/07\/02\/ruta-alternativa-santa-rosa-toay-antes-del-15-de-diciembre-hay-que-presentar-el-estudio-de-factibilidad\/\" \/>\n<meta property=\"og:site_name\" content=\"Diario Textual\" \/>\n<meta property=\"article:publisher\" content=\"https:\/\/www.facebook.com\/eltextual\" \/>\n<meta property=\"article:published_time\" content=\"2023-07-02T12:53:43+00:00\" \/>\n<meta property=\"article:modified_time\" content=\"2023-07-03T14:13:23+00:00\" \/>\n<meta property=\"og:image\" content=\"https:\/\/diariotextual.com\/inicio\/wp-content\/uploads\/2023\/07\/reunionrutaalternativatoay.jpg\" \/>\n\t<meta property=\"og:image:width\" content=\"1600\" \/>\n\t<meta property=\"og:image:height\" content=\"1063\" \/>\n\t<meta property=\"og:image:type\" content=\"image\/jpeg\" \/>\n<meta name=\"author\" content=\"diario5\" \/>\n<meta name=\"twitter:card\" content=\"summary_large_image\" \/>\n<meta name=\"twitter:creator\" content=\"@eltextual\" \/>\n<meta name=\"twitter:site\" content=\"@eltextual\" \/>\n<meta name=\"twitter:label1\" content=\"Escrito por\" \/>\n\t<meta name=\"twitter:data1\" content=\"diario5\" \/>\n\t<meta name=\"twitter:label2\" content=\"Tiempo de lectura\" \/>\n\t<meta name=\"twitter:data2\" content=\"2 minutos\" \/>\n<script type=\"application\/ld+json\" class=\"yoast-schema-graph\">{\"@context\":\"https:\\\/\\\/schema.org\",\"@graph\":[{\"@type\":\"Article\",\"@id\":\"https:\\\/\\\/diariotextual.com\\\/inicio\\\/index.php\\\/2023\\\/07\\\/02\\\/ruta-alternativa-santa-rosa-toay-antes-del-15-de-diciembre-hay-que-presentar-el-estudio-de-factibilidad\\\/#article\",\"isPartOf\":{\"@id\":\"https:\\\/\\\/diariotextual.com\\\/inicio\\\/index.php\\\/2023\\\/07\\\/02\\\/ruta-alternativa-santa-rosa-toay-antes-del-15-de-diciembre-hay-que-presentar-el-estudio-de-factibilidad\\\/\"},\"author\":{\"name\":\"diario5\",\"@id\":\"https:\\\/\\\/diariotextual.com\\\/inicio\\\/#\\\/schema\\\/person\\\/c7834961ad8b29b1d9cdbf4571299067\"},\"headline\":\"Ruta alternativa Santa Rosa-Toay: \u201cAntes del 15 de diciembre hay que presentar el estudio de factibilidad\u201d\",\"datePublished\":\"2023-07-02T12:53:43+00:00\",\"dateModified\":\"2023-07-03T14:13:23+00:00\",\"mainEntityOfPage\":{\"@id\":\"https:\\\/\\\/diariotextual.com\\\/inicio\\\/index.php\\\/2023\\\/07\\\/02\\\/ruta-alternativa-santa-rosa-toay-antes-del-15-de-diciembre-hay-que-presentar-el-estudio-de-factibilidad\\\/\"},\"wordCount\":393,\"publisher\":{\"@id\":\"https:\\\/\\\/diariotextual.com\\\/inicio\\\/#organization\"},\"image\":{\"@id\":\"https:\\\/\\\/diariotextual.com\\\/inicio\\\/index.php\\\/2023\\\/07\\\/02\\\/ruta-alternativa-santa-rosa-toay-antes-del-15-de-diciembre-hay-que-presentar-el-estudio-de-factibilidad\\\/#primaryimage\"},\"thumbnailUrl\":\"https:\\\/\\\/diariotextual.com\\\/inicio\\\/wp-content\\\/uploads\\\/2023\\\/07\\\/reunionrutaalternativatoay.jpg\",\"articleSection\":[\"A - ES NOTICIA (van abajo)\",\"A - QUE PASA (al costado)\",\"SOCIEDAD\"],\"inLanguage\":\"es\"},{\"@type\":\"WebPage\",\"@id\":\"https:\\\/\\\/diariotextual.com\\\/inicio\\\/index.php\\\/2023\\\/07\\\/02\\\/ruta-alternativa-santa-rosa-toay-antes-del-15-de-diciembre-hay-que-presentar-el-estudio-de-factibilidad\\\/\",\"url\":\"https:\\\/\\\/diariotextual.com\\\/inicio\\\/index.php\\\/2023\\\/07\\\/02\\\/ruta-alternativa-santa-rosa-toay-antes-del-15-de-diciembre-hay-que-presentar-el-estudio-de-factibilidad\\\/\",\"name\":\"Ruta alternativa Santa Rosa-Toay: \u201cAntes del 15 de diciembre hay que presentar el estudio de factibilidad\u201d - Diario Textual\",\"isPartOf\":{\"@id\":\"https:\\\/\\\/diariotextual.com\\\/inicio\\\/#website\"},\"primaryImageOfPage\":{\"@id\":\"https:\\\/\\\/diariotextual.com\\\/inicio\\\/index.php\\\/2023\\\/07\\\/02\\\/ruta-alternativa-santa-rosa-toay-antes-del-15-de-diciembre-hay-que-presentar-el-estudio-de-factibilidad\\\/#primaryimage\"},\"image\":{\"@id\":\"https:\\\/\\\/diariotextual.com\\\/inicio\\\/index.php\\\/2023\\\/07\\\/02\\\/ruta-alternativa-santa-rosa-toay-antes-del-15-de-diciembre-hay-que-presentar-el-estudio-de-factibilidad\\\/#primaryimage\"},\"thumbnailUrl\":\"https:\\\/\\\/diariotextual.com\\\/inicio\\\/wp-content\\\/uploads\\\/2023\\\/07\\\/reunionrutaalternativatoay.jpg\",\"datePublished\":\"2023-07-02T12:53:43+00:00\",\"dateModified\":\"2023-07-03T14:13:23+00:00\",\"breadcrumb\":{\"@id\":\"https:\\\/\\\/diariotextual.com\\\/inicio\\\/index.php\\\/2023\\\/07\\\/02\\\/ruta-alternativa-santa-rosa-toay-antes-del-15-de-diciembre-hay-que-presentar-el-estudio-de-factibilidad\\\/#breadcrumb\"},\"inLanguage\":\"es\",\"potentialAction\":[{\"@type\":\"ReadAction\",\"target\":[\"https:\\\/\\\/diariotextual.com\\\/inicio\\\/index.php\\\/2023\\\/07\\\/02\\\/ruta-alternativa-santa-rosa-toay-antes-del-15-de-diciembre-hay-que-presentar-el-estudio-de-factibilidad\\\/\"]}]},{\"@type\":\"ImageObject\",\"inLanguage\":\"es\",\"@id\":\"https:\\\/\\\/diariotextual.com\\\/inicio\\\/index.php\\\/2023\\\/07\\\/02\\\/ruta-alternativa-santa-rosa-toay-antes-del-15-de-diciembre-hay-que-presentar-el-estudio-de-factibilidad\\\/#primaryimage\",\"url\":\"https:\\\/\\\/diariotextual.com\\\/inicio\\\/wp-content\\\/uploads\\\/2023\\\/07\\\/reunionrutaalternativatoay.jpg\",\"contentUrl\":\"https:\\\/\\\/diariotextual.com\\\/inicio\\\/wp-content\\\/uploads\\\/2023\\\/07\\\/reunionrutaalternativatoay.jpg\",\"width\":1600,\"height\":1063},{\"@type\":\"BreadcrumbList\",\"@id\":\"https:\\\/\\\/diariotextual.com\\\/inicio\\\/index.php\\\/2023\\\/07\\\/02\\\/ruta-alternativa-santa-rosa-toay-antes-del-15-de-diciembre-hay-que-presentar-el-estudio-de-factibilidad\\\/#breadcrumb\",\"itemListElement\":[{\"@type\":\"ListItem\",\"position\":1,\"name\":\"Portada\",\"item\":\"https:\\\/\\\/diariotextual.com\\\/inicio\\\/\"},{\"@type\":\"ListItem\",\"position\":2,\"name\":\"Ruta alternativa Santa Rosa-Toay: \u201cAntes del 15 de diciembre hay que presentar el estudio de factibilidad\u201d\"}]},{\"@type\":\"WebSite\",\"@id\":\"https:\\\/\\\/diariotextual.com\\\/inicio\\\/#website\",\"url\":\"https:\\\/\\\/diariotextual.com\\\/inicio\\\/\",\"name\":\"Diario Textual\",\"description\":\"\",\"publisher\":{\"@id\":\"https:\\\/\\\/diariotextual.com\\\/inicio\\\/#organization\"},\"potentialAction\":[{\"@type\":\"SearchAction\",\"target\":{\"@type\":\"EntryPoint\",\"urlTemplate\":\"https:\\\/\\\/diariotextual.com\\\/inicio\\\/?s={search_term_string}\"},\"query-input\":{\"@type\":\"PropertyValueSpecification\",\"valueRequired\":true,\"valueName\":\"search_term_string\"}}],\"inLanguage\":\"es\"},{\"@type\":\"Organization\",\"@id\":\"https:\\\/\\\/diariotextual.com\\\/inicio\\\/#organization\",\"name\":\"Diario Textual\",\"url\":\"https:\\\/\\\/diariotextual.com\\\/inicio\\\/\",\"logo\":{\"@type\":\"ImageObject\",\"inLanguage\":\"es\",\"@id\":\"https:\\\/\\\/diariotextual.com\\\/inicio\\\/#\\\/schema\\\/logo\\\/image\\\/\",\"url\":\"https:\\\/\\\/diariotextual.com\\\/inicio\\\/wp-content\\\/uploads\\\/2023\\\/05\\\/logotextual1.jpg\",\"contentUrl\":\"https:\\\/\\\/diariotextual.com\\\/inicio\\\/wp-content\\\/uploads\\\/2023\\\/05\\\/logotextual1.jpg\",\"width\":516,\"height\":76,\"caption\":\"Diario Textual\"},\"image\":{\"@id\":\"https:\\\/\\\/diariotextual.com\\\/inicio\\\/#\\\/schema\\\/logo\\\/image\\\/\"},\"sameAs\":[\"https:\\\/\\\/www.facebook.com\\\/eltextual\",\"https:\\\/\\\/x.com\\\/eltextual\",\"http:\\\/\\\/www.instagram.com\\\/eltextual\"]},{\"@type\":\"Person\",\"@id\":\"https:\\\/\\\/diariotextual.com\\\/inicio\\\/#\\\/schema\\\/person\\\/c7834961ad8b29b1d9cdbf4571299067\",\"name\":\"diario5\",\"image\":{\"@type\":\"ImageObject\",\"inLanguage\":\"es\",\"@id\":\"https:\\\/\\\/secure.gravatar.com\\\/avatar\\\/948c893b847ca6df68216ead81b63f363408ec9b0f600fefc0641ce78613b111?s=96&d=mm&r=g\",\"url\":\"https:\\\/\\\/secure.gravatar.com\\\/avatar\\\/948c893b847ca6df68216ead81b63f363408ec9b0f600fefc0641ce78613b111?s=96&d=mm&r=g\",\"contentUrl\":\"https:\\\/\\\/secure.gravatar.com\\\/avatar\\\/948c893b847ca6df68216ead81b63f363408ec9b0f600fefc0641ce78613b111?s=96&d=mm&r=g\",\"caption\":\"diario5\"},\"url\":\"https:\\\/\\\/diariotextual.com\\\/inicio\\\/index.php\\\/author\\\/diario5\\\/\"}]}<\/script>\n<!-- \/ Yoast SEO plugin. -->","yoast_head_json":{"title":"Ruta alternativa Santa Rosa-Toay: \u201cAntes del 15 de diciembre hay que presentar el estudio de factibilidad\u201d - Diario Textual","robots":{"index":"index","follow":"follow","max-snippet":"max-snippet:-1","max-image-preview":"max-image-preview:large","max-video-preview":"max-video-preview:-1"},"canonical":"https:\/\/diariotextual.com\/inicio\/index.php\/2023\/07\/02\/ruta-alternativa-santa-rosa-toay-antes-del-15-de-diciembre-hay-que-presentar-el-estudio-de-factibilidad\/","og_locale":"es_ES","og_type":"article","og_title":"Ruta alternativa Santa Rosa-Toay: \u201cAntes del 15 de diciembre hay que presentar el estudio de factibilidad\u201d - Diario Textual","og_description":"Autoridades municipales de Toay, Santa Rosa y de la Direcci\u00f3n Provincial de Vialidad se reunieron el pasado viernes con Consultores Asociados SRL, la consultora que har\u00e1 el estudio de factibilidad&hellip;","og_url":"https:\/\/diariotextual.com\/inicio\/index.php\/2023\/07\/02\/ruta-alternativa-santa-rosa-toay-antes-del-15-de-diciembre-hay-que-presentar-el-estudio-de-factibilidad\/","og_site_name":"Diario Textual","article_publisher":"https:\/\/www.facebook.com\/eltextual","article_published_time":"2023-07-02T12:53:43+00:00","article_modified_time":"2023-07-03T14:13:23+00:00","og_image":[{"width":1600,"height":1063,"url":"https:\/\/diariotextual.com\/inicio\/wp-content\/uploads\/2023\/07\/reunionrutaalternativatoay.jpg","type":"image\/jpeg"}],"author":"diario5","twitter_card":"summary_large_image","twitter_creator":"@eltextual","twitter_site":"@eltextual","twitter_misc":{"Escrito por":"diario5","Tiempo de lectura":"2 minutos"},"schema":{"@context":"https:\/\/schema.org","@graph":[{"@type":"Article","@id":"https:\/\/diariotextual.com\/inicio\/index.php\/2023\/07\/02\/ruta-alternativa-santa-rosa-toay-antes-del-15-de-diciembre-hay-que-presentar-el-estudio-de-factibilidad\/#article","isPartOf":{"@id":"https:\/\/diariotextual.com\/inicio\/index.php\/2023\/07\/02\/ruta-alternativa-santa-rosa-toay-antes-del-15-de-diciembre-hay-que-presentar-el-estudio-de-factibilidad\/"},"author":{"name":"diario5","@id":"https:\/\/diariotextual.com\/inicio\/#\/schema\/person\/c7834961ad8b29b1d9cdbf4571299067"},"headline":"Ruta alternativa Santa Rosa-Toay: \u201cAntes del 15 de diciembre hay que presentar el estudio de factibilidad\u201d","datePublished":"2023-07-02T12:53:43+00:00","dateModified":"2023-07-03T14:13:23+00:00","mainEntityOfPage":{"@id":"https:\/\/diariotextual.com\/inicio\/index.php\/2023\/07\/02\/ruta-alternativa-santa-rosa-toay-antes-del-15-de-diciembre-hay-que-presentar-el-estudio-de-factibilidad\/"},"wordCount":393,"publisher":{"@id":"https:\/\/diariotextual.com\/inicio\/#organization"},"image":{"@id":"https:\/\/diariotextual.com\/inicio\/index.php\/2023\/07\/02\/ruta-alternativa-santa-rosa-toay-antes-del-15-de-diciembre-hay-que-presentar-el-estudio-de-factibilidad\/#primaryimage"},"thumbnailUrl":"https:\/\/diariotextual.com\/inicio\/wp-content\/uploads\/2023\/07\/reunionrutaalternativatoay.jpg","articleSection":["A - ES NOTICIA (van abajo)","A - QUE PASA (al costado)","SOCIEDAD"],"inLanguage":"es"},{"@type":"WebPage","@id":"https:\/\/diariotextual.com\/inicio\/index.php\/2023\/07\/02\/ruta-alternativa-santa-rosa-toay-antes-del-15-de-diciembre-hay-que-presentar-el-estudio-de-factibilidad\/","url":"https:\/\/diariotextual.com\/inicio\/index.php\/2023\/07\/02\/ruta-alternativa-santa-rosa-toay-antes-del-15-de-diciembre-hay-que-presentar-el-estudio-de-factibilidad\/","name":"Ruta alternativa Santa Rosa-Toay: \u201cAntes del 15 de diciembre hay que presentar el estudio de factibilidad\u201d - Diario Textual","isPartOf":{"@id":"https:\/\/diariotextual.com\/inicio\/#website"},"primaryImageOfPage":{"@id":"https:\/\/diariotextual.com\/inicio\/index.php\/2023\/07\/02\/ruta-alternativa-santa-rosa-toay-antes-del-15-de-diciembre-hay-que-presentar-el-estudio-de-factibilidad\/#primaryimage"},"image":{"@id":"https:\/\/diariotextual.com\/inicio\/index.php\/2023\/07\/02\/ruta-alternativa-santa-rosa-toay-antes-del-15-de-diciembre-hay-que-presentar-el-estudio-de-factibilidad\/#primaryimage"},"thumbnailUrl":"https:\/\/diariotextual.com\/inicio\/wp-content\/uploads\/2023\/07\/reunionrutaalternativatoay.jpg","datePublished":"2023-07-02T12:53:43+00:00","dateModified":"2023-07-03T14:13:23+00:00","breadcrumb":{"@id":"https:\/\/diariotextual.com\/inicio\/index.php\/2023\/07\/02\/ruta-alternativa-santa-rosa-toay-antes-del-15-de-diciembre-hay-que-presentar-el-estudio-de-factibilidad\/#breadcrumb"},"inLanguage":"es","potentialAction":[{"@type":"ReadAction","target":["https:\/\/diariotextual.com\/inicio\/index.php\/2023\/07\/02\/ruta-alternativa-santa-rosa-toay-antes-del-15-de-diciembre-hay-que-presentar-el-estudio-de-factibilidad\/"]}]},{"@type":"ImageObject","inLanguage":"es","@id":"https:\/\/diariotextual.com\/inicio\/index.php\/2023\/07\/02\/ruta-alternativa-santa-rosa-toay-antes-del-15-de-diciembre-hay-que-presentar-el-estudio-de-factibilidad\/#primaryimage","url":"https:\/\/diariotextual.com\/inicio\/wp-content\/uploads\/2023\/07\/reunionrutaalternativatoay.jpg","contentUrl":"https:\/\/diariotextual.com\/inicio\/wp-content\/uploads\/2023\/07\/reunionrutaalternativatoay.jpg","width":1600,"height":1063},{"@type":"BreadcrumbList","@id":"https:\/\/diariotextual.com\/inicio\/index.php\/2023\/07\/02\/ruta-alternativa-santa-rosa-toay-antes-del-15-de-diciembre-hay-que-presentar-el-estudio-de-factibilidad\/#breadcrumb","itemListElement":[{"@type":"ListItem","position":1,"name":"Portada","item":"https:\/\/diariotextual.com\/inicio\/"},{"@type":"ListItem","position":2,"name":"Ruta alternativa Santa Rosa-Toay: \u201cAntes del 15 de diciembre hay que presentar el estudio de factibilidad\u201d"}]},{"@type":"WebSite","@id":"https:\/\/diariotextual.com\/inicio\/#website","url":"https:\/\/diariotextual.com\/inicio\/","name":"Diario Textual","description":"","publisher":{"@id":"https:\/\/diariotextual.com\/inicio\/#organization"},"potentialAction":[{"@type":"SearchAction","target":{"@type":"EntryPoint","urlTemplate":"https:\/\/diariotextual.com\/inicio\/?s={search_term_string}"},"query-input":{"@type":"PropertyValueSpecification","valueRequired":true,"valueName":"search_term_string"}}],"inLanguage":"es"},{"@type":"Organization","@id":"https:\/\/diariotextual.com\/inicio\/#organization","name":"Diario Textual","url":"https:\/\/diariotextual.com\/inicio\/","logo":{"@type":"ImageObject","inLanguage":"es","@id":"https:\/\/diariotextual.com\/inicio\/#\/schema\/logo\/image\/","url":"https:\/\/diariotextual.com\/inicio\/wp-content\/uploads\/2023\/05\/logotextual1.jpg","contentUrl":"https:\/\/diariotextual.com\/inicio\/wp-content\/uploads\/2023\/05\/logotextual1.jpg","width":516,"height":76,"caption":"Diario Textual"},"image":{"@id":"https:\/\/diariotextual.com\/inicio\/#\/schema\/logo\/image\/"},"sameAs":["https:\/\/www.facebook.com\/eltextual","https:\/\/x.com\/eltextual","http:\/\/www.instagram.com\/eltextual"]},{"@type":"Person","@id":"https:\/\/diariotextual.com\/inicio\/#\/schema\/person\/c7834961ad8b29b1d9cdbf4571299067","name":"diario5","image":{"@type":"ImageObject","inLanguage":"es","@id":"https:\/\/secure.gravatar.com\/avatar\/948c893b847ca6df68216ead81b63f363408ec9b0f600fefc0641ce78613b111?s=96&d=mm&r=g","url":"https:\/\/secure.gravatar.com\/avatar\/948c893b847ca6df68216ead81b63f363408ec9b0f600fefc0641ce78613b111?s=96&d=mm&r=g","contentUrl":"https:\/\/secure.gravatar.com\/avatar\/948c893b847ca6df68216ead81b63f363408ec9b0f600fefc0641ce78613b111?s=96&d=mm&r=g","caption":"diario5"},"url":"https:\/\/diariotextual.com\/inicio\/index.php\/author\/diario5\/"}]}},"_links":{"self":[{"href":"https:\/\/diariotextual.com\/inicio\/index.php\/wp-json\/wp\/v2\/posts\/230000","targetHints":{"allow":["GET"]}}],"collection":[{"href":"https:\/\/diariotextual.com\/inicio\/index.php\/wp-json\/wp\/v2\/posts"}],"about":[{"href":"https:\/\/diariotextual.com\/inicio\/index.php\/wp-json\/wp\/v2\/types\/post"}],"author":[{"embeddable":true,"href":"https:\/\/diariotextual.com\/inicio\/index.php\/wp-json\/wp\/v2\/users\/7"}],"replies":[{"embeddable":true,"href":"https:\/\/diariotextual.com\/inicio\/index.php\/wp-json\/wp\/v2\/comments?post=230000"}],"version-history":[{"count":2,"href":"https:\/\/diariotextual.com\/inicio\/index.php\/wp-json\/wp\/v2\/posts\/230000\/revisions"}],"predecessor-version":[{"id":230006,"href":"https:\/\/diariotextual.com\/inicio\/index.php\/wp-json\/wp\/v2\/posts\/230000\/revisions\/230006"}],"wp:featuredmedia":[{"embeddable":true,"href":"https:\/\/diariotextual.com\/inicio\/index.php\/wp-json\/wp\/v2\/media\/230005"}],"wp:attachment":[{"href":"https:\/\/diariotextual.com\/inicio\/index.php\/wp-json\/wp\/v2\/media?parent=230000"}],"wp:term":[{"taxonomy":"category","embeddable":true,"href":"https:\/\/diariotextual.com\/inicio\/index.php\/wp-json\/wp\/v2\/categories?post=230000"},{"taxonomy":"post_tag","embeddable":true,"href":"https:\/\/diariotextual.com\/inicio\/index.php\/wp-json\/wp\/v2\/tags?post=230000"}],"curies":[{"name":"wp","href":"https:\/\/api.w.org\/{rel}","templated":true}]}}