{"id":230002,"date":"2023-07-02T09:43:56","date_gmt":"2023-07-02T12:43:56","guid":{"rendered":"https:\/\/diariotextual.com\/inicio\/?p=230002"},"modified":"2023-07-03T11:29:03","modified_gmt":"2023-07-03T14:29:03","slug":"el-lago-de-casa-de-piedra-subio-otros-12-centimetros-en-un-dia","status":"publish","type":"post","link":"https:\/\/diariotextual.com\/inicio\/index.php\/2023\/07\/02\/el-lago-de-casa-de-piedra-subio-otros-12-centimetros-en-un-dia\/","title":{"rendered":"El lago de Casa de Piedra subi\u00f3 otros 12 cent\u00edmetros en un d\u00eda"},"content":{"rendered":"\n<p>El <strong>lago Casa de Piedra<\/strong> sigue subiendo, a medida que avanza la crecida del r\u00edo Colorado producto de inusuales lluvias en la cuenca alta. <strong>En las \u00faltimas 24 horas, pas\u00f3 de 272,59 msnm (metros sobre el nivel del mar) a 272,71 msnm. Es decir, 12 cent\u00edmetros m\u00e1s.<\/strong><\/p>\n\n\n\n<p>De esta manera, <strong>en los \u00faltimos seis d\u00edas -cuando comenz\u00f3 a impactar la crecida en el lago- ya subi\u00f3 113 cent\u00edmetros.<\/strong><\/p>\n\n\n\n<p>Es una fuerte subida: generalmente, en esta \u00e9poca del a\u00f1o, ese crecimiento se da en el lapso de dos meses o dos meses y medio.<\/p>\n\n\n\n<p>En tanto, el caudal en Buta Ranquil -donde se unen los r\u00edos Grande y Barrancas, que conforman el Colorado- se ubicaba a las 9 horas de hoy en<strong> 121 m3\/s<\/strong> (cuando el caudal promedio ven\u00eda siendo de 45 m3\/s). En esa zona, hace unos d\u00edas, <strong>se midi\u00f3 un caudal que super\u00f3 los 750 m3\/s.<\/strong><\/p>\n\n\n\n<p>Por eso<strong> se espera que el lago siga creciendo en los pr\u00f3ximos d\u00edas. Una buena noticia, luego de a\u00f1os de sequ\u00eda.<\/strong><\/p>\n\n\n\n<p><\/p>\n","protected":false},"excerpt":{"rendered":"<p>El lago Casa de Piedra sigue subiendo, a medida que avanza la crecida del r\u00edo Colorado producto de inusuales lluvias en la cuenca alta. En las \u00faltimas 24 horas, pas\u00f3&hellip;<\/p>\n","protected":false},"author":3,"featured_media":229899,"comment_status":"closed","ping_status":"open","sticky":false,"template":"","format":"standard","meta":{"_acf_changed":false,"footnotes":""},"categories":[11,12],"tags":[],"class_list":["post-230002","post","type-post","status-publish","format-standard","has-post-thumbnail","hentry","category-que-pasa","category-sociedad"],"acf":[],"yoast_head":"<!-- This site is optimized with the Yoast SEO plugin v27.5 - https:\/\/yoast.com\/product\/yoast-seo-wordpress\/ -->\n<title>El lago de Casa de Piedra subi\u00f3 otros 12 cent\u00edmetros en un d\u00eda - Diario Textual<\/title>\n<meta name=\"robots\" content=\"index, follow, max-snippet:-1, max-image-preview:large, max-video-preview:-1\" \/>\n<link rel=\"canonical\" href=\"https:\/\/diariotextual.com\/inicio\/index.php\/2023\/07\/02\/el-lago-de-casa-de-piedra-subio-otros-12-centimetros-en-un-dia\/\" \/>\n<meta property=\"og:locale\" content=\"es_ES\" \/>\n<meta property=\"og:type\" content=\"article\" \/>\n<meta property=\"og:title\" content=\"El lago de Casa de Piedra subi\u00f3 otros 12 cent\u00edmetros en un d\u00eda - Diario Textual\" \/>\n<meta property=\"og:description\" content=\"El lago Casa de Piedra sigue subiendo, a medida que avanza la crecida del r\u00edo Colorado producto de inusuales lluvias en la cuenca alta. En las \u00faltimas 24 horas, pas\u00f3&hellip;\" \/>\n<meta property=\"og:url\" content=\"https:\/\/diariotextual.com\/inicio\/index.php\/2023\/07\/02\/el-lago-de-casa-de-piedra-subio-otros-12-centimetros-en-un-dia\/\" \/>\n<meta property=\"og:site_name\" content=\"Diario Textual\" \/>\n<meta property=\"article:publisher\" content=\"https:\/\/www.facebook.com\/eltextual\" \/>\n<meta property=\"article:published_time\" content=\"2023-07-02T12:43:56+00:00\" \/>\n<meta property=\"article:modified_time\" content=\"2023-07-03T14:29:03+00:00\" \/>\n<meta property=\"og:image\" content=\"https:\/\/diariotextual.com\/inicio\/wp-content\/uploads\/2023\/06\/casadepiedralago2023-10.jpg\" \/>\n\t<meta property=\"og:image:width\" content=\"1280\" \/>\n\t<meta property=\"og:image:height\" content=\"720\" \/>\n\t<meta property=\"og:image:type\" content=\"image\/jpeg\" \/>\n<meta name=\"author\" content=\"Diario1 Diario1\" \/>\n<meta name=\"twitter:card\" content=\"summary_large_image\" \/>\n<meta name=\"twitter:creator\" content=\"@eltextual\" \/>\n<meta name=\"twitter:site\" content=\"@eltextual\" \/>\n<meta name=\"twitter:label1\" content=\"Escrito por\" \/>\n\t<meta name=\"twitter:data1\" content=\"Diario1 Diario1\" \/>\n\t<meta name=\"twitter:label2\" content=\"Tiempo de lectura\" \/>\n\t<meta name=\"twitter:data2\" content=\"1 minuto\" \/>\n<script type=\"application\/ld+json\" class=\"yoast-schema-graph\">{\"@context\":\"https:\\\/\\\/schema.org\",\"@graph\":[{\"@type\":\"Article\",\"@id\":\"https:\\\/\\\/diariotextual.com\\\/inicio\\\/index.php\\\/2023\\\/07\\\/02\\\/el-lago-de-casa-de-piedra-subio-otros-12-centimetros-en-un-dia\\\/#article\",\"isPartOf\":{\"@id\":\"https:\\\/\\\/diariotextual.com\\\/inicio\\\/index.php\\\/2023\\\/07\\\/02\\\/el-lago-de-casa-de-piedra-subio-otros-12-centimetros-en-un-dia\\\/\"},\"author\":{\"name\":\"Diario1 Diario1\",\"@id\":\"https:\\\/\\\/diariotextual.com\\\/inicio\\\/#\\\/schema\\\/person\\\/418fc4093c33e86ed41562db3508f958\"},\"headline\":\"El lago de Casa de Piedra subi\u00f3 otros 12 cent\u00edmetros en un d\u00eda\",\"datePublished\":\"2023-07-02T12:43:56+00:00\",\"dateModified\":\"2023-07-03T14:29:03+00:00\",\"mainEntityOfPage\":{\"@id\":\"https:\\\/\\\/diariotextual.com\\\/inicio\\\/index.php\\\/2023\\\/07\\\/02\\\/el-lago-de-casa-de-piedra-subio-otros-12-centimetros-en-un-dia\\\/\"},\"wordCount\":189,\"publisher\":{\"@id\":\"https:\\\/\\\/diariotextual.com\\\/inicio\\\/#organization\"},\"image\":{\"@id\":\"https:\\\/\\\/diariotextual.com\\\/inicio\\\/index.php\\\/2023\\\/07\\\/02\\\/el-lago-de-casa-de-piedra-subio-otros-12-centimetros-en-un-dia\\\/#primaryimage\"},\"thumbnailUrl\":\"https:\\\/\\\/diariotextual.com\\\/inicio\\\/wp-content\\\/uploads\\\/2023\\\/06\\\/casadepiedralago2023-10.jpg\",\"articleSection\":[\"A - QUE PASA (al costado)\",\"SOCIEDAD\"],\"inLanguage\":\"es\"},{\"@type\":\"WebPage\",\"@id\":\"https:\\\/\\\/diariotextual.com\\\/inicio\\\/index.php\\\/2023\\\/07\\\/02\\\/el-lago-de-casa-de-piedra-subio-otros-12-centimetros-en-un-dia\\\/\",\"url\":\"https:\\\/\\\/diariotextual.com\\\/inicio\\\/index.php\\\/2023\\\/07\\\/02\\\/el-lago-de-casa-de-piedra-subio-otros-12-centimetros-en-un-dia\\\/\",\"name\":\"El lago de Casa de Piedra subi\u00f3 otros 12 cent\u00edmetros en un d\u00eda - Diario Textual\",\"isPartOf\":{\"@id\":\"https:\\\/\\\/diariotextual.com\\\/inicio\\\/#website\"},\"primaryImageOfPage\":{\"@id\":\"https:\\\/\\\/diariotextual.com\\\/inicio\\\/index.php\\\/2023\\\/07\\\/02\\\/el-lago-de-casa-de-piedra-subio-otros-12-centimetros-en-un-dia\\\/#primaryimage\"},\"image\":{\"@id\":\"https:\\\/\\\/diariotextual.com\\\/inicio\\\/index.php\\\/2023\\\/07\\\/02\\\/el-lago-de-casa-de-piedra-subio-otros-12-centimetros-en-un-dia\\\/#primaryimage\"},\"thumbnailUrl\":\"https:\\\/\\\/diariotextual.com\\\/inicio\\\/wp-content\\\/uploads\\\/2023\\\/06\\\/casadepiedralago2023-10.jpg\",\"datePublished\":\"2023-07-02T12:43:56+00:00\",\"dateModified\":\"2023-07-03T14:29:03+00:00\",\"breadcrumb\":{\"@id\":\"https:\\\/\\\/diariotextual.com\\\/inicio\\\/index.php\\\/2023\\\/07\\\/02\\\/el-lago-de-casa-de-piedra-subio-otros-12-centimetros-en-un-dia\\\/#breadcrumb\"},\"inLanguage\":\"es\",\"potentialAction\":[{\"@type\":\"ReadAction\",\"target\":[\"https:\\\/\\\/diariotextual.com\\\/inicio\\\/index.php\\\/2023\\\/07\\\/02\\\/el-lago-de-casa-de-piedra-subio-otros-12-centimetros-en-un-dia\\\/\"]}]},{\"@type\":\"ImageObject\",\"inLanguage\":\"es\",\"@id\":\"https:\\\/\\\/diariotextual.com\\\/inicio\\\/index.php\\\/2023\\\/07\\\/02\\\/el-lago-de-casa-de-piedra-subio-otros-12-centimetros-en-un-dia\\\/#primaryimage\",\"url\":\"https:\\\/\\\/diariotextual.com\\\/inicio\\\/wp-content\\\/uploads\\\/2023\\\/06\\\/casadepiedralago2023-10.jpg\",\"contentUrl\":\"https:\\\/\\\/diariotextual.com\\\/inicio\\\/wp-content\\\/uploads\\\/2023\\\/06\\\/casadepiedralago2023-10.jpg\",\"width\":1280,\"height\":720},{\"@type\":\"BreadcrumbList\",\"@id\":\"https:\\\/\\\/diariotextual.com\\\/inicio\\\/index.php\\\/2023\\\/07\\\/02\\\/el-lago-de-casa-de-piedra-subio-otros-12-centimetros-en-un-dia\\\/#breadcrumb\",\"itemListElement\":[{\"@type\":\"ListItem\",\"position\":1,\"name\":\"Portada\",\"item\":\"https:\\\/\\\/diariotextual.com\\\/inicio\\\/\"},{\"@type\":\"ListItem\",\"position\":2,\"name\":\"El lago de Casa de Piedra subi\u00f3 otros 12 cent\u00edmetros en un d\u00eda\"}]},{\"@type\":\"WebSite\",\"@id\":\"https:\\\/\\\/diariotextual.com\\\/inicio\\\/#website\",\"url\":\"https:\\\/\\\/diariotextual.com\\\/inicio\\\/\",\"name\":\"Diario Textual\",\"description\":\"\",\"publisher\":{\"@id\":\"https:\\\/\\\/diariotextual.com\\\/inicio\\\/#organization\"},\"potentialAction\":[{\"@type\":\"SearchAction\",\"target\":{\"@type\":\"EntryPoint\",\"urlTemplate\":\"https:\\\/\\\/diariotextual.com\\\/inicio\\\/?s={search_term_string}\"},\"query-input\":{\"@type\":\"PropertyValueSpecification\",\"valueRequired\":true,\"valueName\":\"search_term_string\"}}],\"inLanguage\":\"es\"},{\"@type\":\"Organization\",\"@id\":\"https:\\\/\\\/diariotextual.com\\\/inicio\\\/#organization\",\"name\":\"Diario Textual\",\"url\":\"https:\\\/\\\/diariotextual.com\\\/inicio\\\/\",\"logo\":{\"@type\":\"ImageObject\",\"inLanguage\":\"es\",\"@id\":\"https:\\\/\\\/diariotextual.com\\\/inicio\\\/#\\\/schema\\\/logo\\\/image\\\/\",\"url\":\"https:\\\/\\\/diariotextual.com\\\/inicio\\\/wp-content\\\/uploads\\\/2023\\\/05\\\/logotextual1.jpg\",\"contentUrl\":\"https:\\\/\\\/diariotextual.com\\\/inicio\\\/wp-content\\\/uploads\\\/2023\\\/05\\\/logotextual1.jpg\",\"width\":516,\"height\":76,\"caption\":\"Diario Textual\"},\"image\":{\"@id\":\"https:\\\/\\\/diariotextual.com\\\/inicio\\\/#\\\/schema\\\/logo\\\/image\\\/\"},\"sameAs\":[\"https:\\\/\\\/www.facebook.com\\\/eltextual\",\"https:\\\/\\\/x.com\\\/eltextual\",\"http:\\\/\\\/www.instagram.com\\\/eltextual\"]},{\"@type\":\"Person\",\"@id\":\"https:\\\/\\\/diariotextual.com\\\/inicio\\\/#\\\/schema\\\/person\\\/418fc4093c33e86ed41562db3508f958\",\"name\":\"Diario1 Diario1\",\"image\":{\"@type\":\"ImageObject\",\"inLanguage\":\"es\",\"@id\":\"https:\\\/\\\/secure.gravatar.com\\\/avatar\\\/9167d280179c85bc18be67aa7eda765854300033af4896dd779b608640f2ef7a?s=96&d=mm&r=g\",\"url\":\"https:\\\/\\\/secure.gravatar.com\\\/avatar\\\/9167d280179c85bc18be67aa7eda765854300033af4896dd779b608640f2ef7a?s=96&d=mm&r=g\",\"contentUrl\":\"https:\\\/\\\/secure.gravatar.com\\\/avatar\\\/9167d280179c85bc18be67aa7eda765854300033af4896dd779b608640f2ef7a?s=96&d=mm&r=g\",\"caption\":\"Diario1 Diario1\"},\"url\":\"https:\\\/\\\/diariotextual.com\\\/inicio\\\/index.php\\\/author\\\/diario1\\\/\"}]}<\/script>\n<!-- \/ Yoast SEO plugin. -->","yoast_head_json":{"title":"El lago de Casa de Piedra subi\u00f3 otros 12 cent\u00edmetros en un d\u00eda - Diario Textual","robots":{"index":"index","follow":"follow","max-snippet":"max-snippet:-1","max-image-preview":"max-image-preview:large","max-video-preview":"max-video-preview:-1"},"canonical":"https:\/\/diariotextual.com\/inicio\/index.php\/2023\/07\/02\/el-lago-de-casa-de-piedra-subio-otros-12-centimetros-en-un-dia\/","og_locale":"es_ES","og_type":"article","og_title":"El lago de Casa de Piedra subi\u00f3 otros 12 cent\u00edmetros en un d\u00eda - Diario Textual","og_description":"El lago Casa de Piedra sigue subiendo, a medida que avanza la crecida del r\u00edo Colorado producto de inusuales lluvias en la cuenca alta. En las \u00faltimas 24 horas, pas\u00f3&hellip;","og_url":"https:\/\/diariotextual.com\/inicio\/index.php\/2023\/07\/02\/el-lago-de-casa-de-piedra-subio-otros-12-centimetros-en-un-dia\/","og_site_name":"Diario Textual","article_publisher":"https:\/\/www.facebook.com\/eltextual","article_published_time":"2023-07-02T12:43:56+00:00","article_modified_time":"2023-07-03T14:29:03+00:00","og_image":[{"width":1280,"height":720,"url":"https:\/\/diariotextual.com\/inicio\/wp-content\/uploads\/2023\/06\/casadepiedralago2023-10.jpg","type":"image\/jpeg"}],"author":"Diario1 Diario1","twitter_card":"summary_large_image","twitter_creator":"@eltextual","twitter_site":"@eltextual","twitter_misc":{"Escrito por":"Diario1 Diario1","Tiempo de lectura":"1 minuto"},"schema":{"@context":"https:\/\/schema.org","@graph":[{"@type":"Article","@id":"https:\/\/diariotextual.com\/inicio\/index.php\/2023\/07\/02\/el-lago-de-casa-de-piedra-subio-otros-12-centimetros-en-un-dia\/#article","isPartOf":{"@id":"https:\/\/diariotextual.com\/inicio\/index.php\/2023\/07\/02\/el-lago-de-casa-de-piedra-subio-otros-12-centimetros-en-un-dia\/"},"author":{"name":"Diario1 Diario1","@id":"https:\/\/diariotextual.com\/inicio\/#\/schema\/person\/418fc4093c33e86ed41562db3508f958"},"headline":"El lago de Casa de Piedra subi\u00f3 otros 12 cent\u00edmetros en un d\u00eda","datePublished":"2023-07-02T12:43:56+00:00","dateModified":"2023-07-03T14:29:03+00:00","mainEntityOfPage":{"@id":"https:\/\/diariotextual.com\/inicio\/index.php\/2023\/07\/02\/el-lago-de-casa-de-piedra-subio-otros-12-centimetros-en-un-dia\/"},"wordCount":189,"publisher":{"@id":"https:\/\/diariotextual.com\/inicio\/#organization"},"image":{"@id":"https:\/\/diariotextual.com\/inicio\/index.php\/2023\/07\/02\/el-lago-de-casa-de-piedra-subio-otros-12-centimetros-en-un-dia\/#primaryimage"},"thumbnailUrl":"https:\/\/diariotextual.com\/inicio\/wp-content\/uploads\/2023\/06\/casadepiedralago2023-10.jpg","articleSection":["A - QUE PASA (al costado)","SOCIEDAD"],"inLanguage":"es"},{"@type":"WebPage","@id":"https:\/\/diariotextual.com\/inicio\/index.php\/2023\/07\/02\/el-lago-de-casa-de-piedra-subio-otros-12-centimetros-en-un-dia\/","url":"https:\/\/diariotextual.com\/inicio\/index.php\/2023\/07\/02\/el-lago-de-casa-de-piedra-subio-otros-12-centimetros-en-un-dia\/","name":"El lago de Casa de Piedra subi\u00f3 otros 12 cent\u00edmetros en un d\u00eda - Diario Textual","isPartOf":{"@id":"https:\/\/diariotextual.com\/inicio\/#website"},"primaryImageOfPage":{"@id":"https:\/\/diariotextual.com\/inicio\/index.php\/2023\/07\/02\/el-lago-de-casa-de-piedra-subio-otros-12-centimetros-en-un-dia\/#primaryimage"},"image":{"@id":"https:\/\/diariotextual.com\/inicio\/index.php\/2023\/07\/02\/el-lago-de-casa-de-piedra-subio-otros-12-centimetros-en-un-dia\/#primaryimage"},"thumbnailUrl":"https:\/\/diariotextual.com\/inicio\/wp-content\/uploads\/2023\/06\/casadepiedralago2023-10.jpg","datePublished":"2023-07-02T12:43:56+00:00","dateModified":"2023-07-03T14:29:03+00:00","breadcrumb":{"@id":"https:\/\/diariotextual.com\/inicio\/index.php\/2023\/07\/02\/el-lago-de-casa-de-piedra-subio-otros-12-centimetros-en-un-dia\/#breadcrumb"},"inLanguage":"es","potentialAction":[{"@type":"ReadAction","target":["https:\/\/diariotextual.com\/inicio\/index.php\/2023\/07\/02\/el-lago-de-casa-de-piedra-subio-otros-12-centimetros-en-un-dia\/"]}]},{"@type":"ImageObject","inLanguage":"es","@id":"https:\/\/diariotextual.com\/inicio\/index.php\/2023\/07\/02\/el-lago-de-casa-de-piedra-subio-otros-12-centimetros-en-un-dia\/#primaryimage","url":"https:\/\/diariotextual.com\/inicio\/wp-content\/uploads\/2023\/06\/casadepiedralago2023-10.jpg","contentUrl":"https:\/\/diariotextual.com\/inicio\/wp-content\/uploads\/2023\/06\/casadepiedralago2023-10.jpg","width":1280,"height":720},{"@type":"BreadcrumbList","@id":"https:\/\/diariotextual.com\/inicio\/index.php\/2023\/07\/02\/el-lago-de-casa-de-piedra-subio-otros-12-centimetros-en-un-dia\/#breadcrumb","itemListElement":[{"@type":"ListItem","position":1,"name":"Portada","item":"https:\/\/diariotextual.com\/inicio\/"},{"@type":"ListItem","position":2,"name":"El lago de Casa de Piedra subi\u00f3 otros 12 cent\u00edmetros en un d\u00eda"}]},{"@type":"WebSite","@id":"https:\/\/diariotextual.com\/inicio\/#website","url":"https:\/\/diariotextual.com\/inicio\/","name":"Diario Textual","description":"","publisher":{"@id":"https:\/\/diariotextual.com\/inicio\/#organization"},"potentialAction":[{"@type":"SearchAction","target":{"@type":"EntryPoint","urlTemplate":"https:\/\/diariotextual.com\/inicio\/?s={search_term_string}"},"query-input":{"@type":"PropertyValueSpecification","valueRequired":true,"valueName":"search_term_string"}}],"inLanguage":"es"},{"@type":"Organization","@id":"https:\/\/diariotextual.com\/inicio\/#organization","name":"Diario Textual","url":"https:\/\/diariotextual.com\/inicio\/","logo":{"@type":"ImageObject","inLanguage":"es","@id":"https:\/\/diariotextual.com\/inicio\/#\/schema\/logo\/image\/","url":"https:\/\/diariotextual.com\/inicio\/wp-content\/uploads\/2023\/05\/logotextual1.jpg","contentUrl":"https:\/\/diariotextual.com\/inicio\/wp-content\/uploads\/2023\/05\/logotextual1.jpg","width":516,"height":76,"caption":"Diario Textual"},"image":{"@id":"https:\/\/diariotextual.com\/inicio\/#\/schema\/logo\/image\/"},"sameAs":["https:\/\/www.facebook.com\/eltextual","https:\/\/x.com\/eltextual","http:\/\/www.instagram.com\/eltextual"]},{"@type":"Person","@id":"https:\/\/diariotextual.com\/inicio\/#\/schema\/person\/418fc4093c33e86ed41562db3508f958","name":"Diario1 Diario1","image":{"@type":"ImageObject","inLanguage":"es","@id":"https:\/\/secure.gravatar.com\/avatar\/9167d280179c85bc18be67aa7eda765854300033af4896dd779b608640f2ef7a?s=96&d=mm&r=g","url":"https:\/\/secure.gravatar.com\/avatar\/9167d280179c85bc18be67aa7eda765854300033af4896dd779b608640f2ef7a?s=96&d=mm&r=g","contentUrl":"https:\/\/secure.gravatar.com\/avatar\/9167d280179c85bc18be67aa7eda765854300033af4896dd779b608640f2ef7a?s=96&d=mm&r=g","caption":"Diario1 Diario1"},"url":"https:\/\/diariotextual.com\/inicio\/index.php\/author\/diario1\/"}]}},"_links":{"self":[{"href":"https:\/\/diariotextual.com\/inicio\/index.php\/wp-json\/wp\/v2\/posts\/230002","targetHints":{"allow":["GET"]}}],"collection":[{"href":"https:\/\/diariotextual.com\/inicio\/index.php\/wp-json\/wp\/v2\/posts"}],"about":[{"href":"https:\/\/diariotextual.com\/inicio\/index.php\/wp-json\/wp\/v2\/types\/post"}],"author":[{"embeddable":true,"href":"https:\/\/diariotextual.com\/inicio\/index.php\/wp-json\/wp\/v2\/users\/3"}],"replies":[{"embeddable":true,"href":"https:\/\/diariotextual.com\/inicio\/index.php\/wp-json\/wp\/v2\/comments?post=230002"}],"version-history":[{"count":2,"href":"https:\/\/diariotextual.com\/inicio\/index.php\/wp-json\/wp\/v2\/posts\/230002\/revisions"}],"predecessor-version":[{"id":230004,"href":"https:\/\/diariotextual.com\/inicio\/index.php\/wp-json\/wp\/v2\/posts\/230002\/revisions\/230004"}],"wp:featuredmedia":[{"embeddable":true,"href":"https:\/\/diariotextual.com\/inicio\/index.php\/wp-json\/wp\/v2\/media\/229899"}],"wp:attachment":[{"href":"https:\/\/diariotextual.com\/inicio\/index.php\/wp-json\/wp\/v2\/media?parent=230002"}],"wp:term":[{"taxonomy":"category","embeddable":true,"href":"https:\/\/diariotextual.com\/inicio\/index.php\/wp-json\/wp\/v2\/categories?post=230002"},{"taxonomy":"post_tag","embeddable":true,"href":"https:\/\/diariotextual.com\/inicio\/index.php\/wp-json\/wp\/v2\/tags?post=230002"}],"curies":[{"name":"wp","href":"https:\/\/api.w.org\/{rel}","templated":true}]}}