{"id":230013,"date":"2023-07-02T18:18:49","date_gmt":"2023-07-02T21:18:49","guid":{"rendered":"https:\/\/diariotextual.com\/inicio\/?p=230013"},"modified":"2023-07-03T17:33:04","modified_gmt":"2023-07-03T20:33:04","slug":"apani-denuncio-robo-de-galgos-de-su-refugio","status":"publish","type":"post","link":"https:\/\/diariotextual.com\/inicio\/index.php\/2023\/07\/02\/apani-denuncio-robo-de-galgos-de-su-refugio\/","title":{"rendered":"Apani denunci\u00f3 el robo de varios galgos de su refugio"},"content":{"rendered":"\n<p>La <strong>Asociaci\u00f3n Protectora de Animales (Apani)<\/strong>, de Santa Rosa, denunci\u00f3 que est\u00e1n sufriendo el robo de perros galgos que se encontraban en su refugio. Tambi\u00e9n otros dos perros, uno de ellos ciego.<\/p>\n\n\n\n<p>El refugio se encuentra al noroeste de la ciudad, en proximidades del relleno sanitario. \u201cQueremos compartir con ustedes lo que nos viene sucediendo porque ya se torna insostenible. Hace al menos una semana, venimos sufriendo el robo de nuestros perros dentro del mismo refugio.<strong> La mayor\u00eda de ellos son galgos, aunque tambi\u00e9n faltan dos de nuestros viejitos ciegos<\/strong>\u201d, comunic\u00f3 la ONG.<\/p>\n\n\n\n<p><strong>\u201cNuestros perros ya no sirven para lo que los quieren: son todos recuperados, viejos y con lesiones que impiden que hagan esfuerzos. Con much\u00edsimo amor nos hemos ocupado de que tengan una vida tranquila, lejos de lo que los llev\u00f3 al descarte. Y no saber c\u00f3mo, d\u00f3nde y qui\u00e9n los tiene, nos llena de impotencia y rabia<\/strong>\u201d, sostuvo.<\/p>\n\n\n\n<figure class=\"wp-block-gallery has-nested-images columns-default is-cropped wp-block-gallery-1 is-layout-flex wp-block-gallery-is-layout-flex\">\n<figure class=\"wp-block-image size-large\"><img fetchpriority=\"high\" decoding=\"async\" width=\"766\" height=\"1024\" data-id=\"230017\" src=\"https:\/\/diariotextual.com\/inicio\/wp-content\/uploads\/2023\/07\/galgosapani2023-5-766x1024.jpeg\" alt=\"\" class=\"wp-image-230017\" srcset=\"https:\/\/diariotextual.com\/inicio\/wp-content\/uploads\/2023\/07\/galgosapani2023-5-766x1024.jpeg 766w, https:\/\/diariotextual.com\/inicio\/wp-content\/uploads\/2023\/07\/galgosapani2023-5-224x300.jpeg 224w, https:\/\/diariotextual.com\/inicio\/wp-content\/uploads\/2023\/07\/galgosapani2023-5-768x1027.jpeg 768w, https:\/\/diariotextual.com\/inicio\/wp-content\/uploads\/2023\/07\/galgosapani2023-5-585x782.jpeg 585w, https:\/\/diariotextual.com\/inicio\/wp-content\/uploads\/2023\/07\/galgosapani2023-5.jpeg 822w\" sizes=\"(max-width: 766px) 100vw, 766px\" \/><\/figure>\n\n\n\n<figure class=\"wp-block-image size-large\"><img decoding=\"async\" width=\"768\" height=\"1024\" data-id=\"230019\" src=\"https:\/\/diariotextual.com\/inicio\/wp-content\/uploads\/2023\/07\/galgosapani2023-4-768x1024.jpeg\" alt=\"\" class=\"wp-image-230019\" srcset=\"https:\/\/diariotextual.com\/inicio\/wp-content\/uploads\/2023\/07\/galgosapani2023-4-768x1024.jpeg 768w, https:\/\/diariotextual.com\/inicio\/wp-content\/uploads\/2023\/07\/galgosapani2023-4-225x300.jpeg 225w, https:\/\/diariotextual.com\/inicio\/wp-content\/uploads\/2023\/07\/galgosapani2023-4-1152x1536.jpeg 1152w, https:\/\/diariotextual.com\/inicio\/wp-content\/uploads\/2023\/07\/galgosapani2023-4-1170x1560.jpeg 1170w, https:\/\/diariotextual.com\/inicio\/wp-content\/uploads\/2023\/07\/galgosapani2023-4-585x780.jpeg 585w, https:\/\/diariotextual.com\/inicio\/wp-content\/uploads\/2023\/07\/galgosapani2023-4.jpeg 1200w\" sizes=\"(max-width: 768px) 100vw, 768px\" \/><\/figure>\n\n\n\n<figure class=\"wp-block-image size-large\"><img decoding=\"async\" width=\"768\" height=\"1024\" data-id=\"230020\" src=\"https:\/\/diariotextual.com\/inicio\/wp-content\/uploads\/2023\/07\/galgosapani2023-3.jpeg\" alt=\"\" class=\"wp-image-230020\" srcset=\"https:\/\/diariotextual.com\/inicio\/wp-content\/uploads\/2023\/07\/galgosapani2023-3.jpeg 768w, https:\/\/diariotextual.com\/inicio\/wp-content\/uploads\/2023\/07\/galgosapani2023-3-225x300.jpeg 225w, https:\/\/diariotextual.com\/inicio\/wp-content\/uploads\/2023\/07\/galgosapani2023-3-585x780.jpeg 585w\" sizes=\"(max-width: 768px) 100vw, 768px\" \/><\/figure>\n\n\n\n<figure class=\"wp-block-image size-large\"><img loading=\"lazy\" decoding=\"async\" width=\"768\" height=\"550\" data-id=\"230018\" src=\"https:\/\/diariotextual.com\/inicio\/wp-content\/uploads\/2023\/07\/galgosapani2023-2.jpeg\" alt=\"\" class=\"wp-image-230018\" srcset=\"https:\/\/diariotextual.com\/inicio\/wp-content\/uploads\/2023\/07\/galgosapani2023-2.jpeg 768w, https:\/\/diariotextual.com\/inicio\/wp-content\/uploads\/2023\/07\/galgosapani2023-2-300x215.jpeg 300w, https:\/\/diariotextual.com\/inicio\/wp-content\/uploads\/2023\/07\/galgosapani2023-2-585x419.jpeg 585w\" sizes=\"(max-width: 768px) 100vw, 768px\" \/><\/figure>\n<\/figure>\n\n\n\n<p><\/p>\n\n\n\n<p>\u201cLa denuncia correspondiente est\u00e1 hecha pero ya no sabemos qu\u00e9 hacer ante este estado de indefensi\u00f3n. Si viste algo o sab\u00e9s d\u00f3nde est\u00e1n, comunicate por privado. Seremos cuidadosas con las fuentes. S\u00f3lo queremos recuperar a nuestros perros para que vivan la vida que les prometimos\u201d, finaliz\u00f3 Apani en un mensaje por las redes sociales.<\/p>\n\n\n\n<iframe src=\"https:\/\/www.facebook.com\/plugins\/post.php?href=https%3A%2F%2Fwww.facebook.com%2Fpermalink.php%3Fstory_fbid%3Dpfbid0gVdoYKMXH1geGprcubWvvq5F62Aon6XwnCfn14rTtSVNR5iV79teupQEKYk9rY8l%26id%3D100064299655471&#038;show_text=true&#038;width=500\" width=\"500\" height=\"781\" style=\"border:none;overflow:hidden\" scrolling=\"no\" frameborder=\"0\" allowfullscreen=\"true\" allow=\"autoplay; clipboard-write; encrypted-media; picture-in-picture; web-share\"><\/iframe>\n\n\n\n<p><\/p>\n","protected":false},"excerpt":{"rendered":"<p>La Asociaci\u00f3n Protectora de Animales (Apani), de Santa Rosa, denunci\u00f3 que est\u00e1n sufriendo el robo de perros galgos que se encontraban en su refugio. Tambi\u00e9n otros dos perros, uno de&hellip;<\/p>\n","protected":false},"author":3,"featured_media":230016,"comment_status":"closed","ping_status":"open","sticky":false,"template":"","format":"standard","meta":{"_acf_changed":false,"footnotes":""},"categories":[11,12],"tags":[],"class_list":["post-230013","post","type-post","status-publish","format-standard","has-post-thumbnail","hentry","category-que-pasa","category-sociedad"],"acf":[],"yoast_head":"<!-- This site is optimized with the Yoast SEO plugin v27.5 - https:\/\/yoast.com\/product\/yoast-seo-wordpress\/ -->\n<title>Apani denunci\u00f3 el robo de varios galgos de su refugio - Diario Textual<\/title>\n<meta name=\"robots\" content=\"index, follow, max-snippet:-1, max-image-preview:large, max-video-preview:-1\" \/>\n<link rel=\"canonical\" href=\"https:\/\/diariotextual.com\/inicio\/index.php\/2023\/07\/02\/apani-denuncio-robo-de-galgos-de-su-refugio\/\" \/>\n<meta property=\"og:locale\" content=\"es_ES\" \/>\n<meta property=\"og:type\" content=\"article\" \/>\n<meta property=\"og:title\" content=\"Apani denunci\u00f3 el robo de varios galgos de su refugio - Diario Textual\" \/>\n<meta property=\"og:description\" content=\"La Asociaci\u00f3n Protectora de Animales (Apani), de Santa Rosa, denunci\u00f3 que est\u00e1n sufriendo el robo de perros galgos que se encontraban en su refugio. Tambi\u00e9n otros dos perros, uno de&hellip;\" \/>\n<meta property=\"og:url\" content=\"https:\/\/diariotextual.com\/inicio\/index.php\/2023\/07\/02\/apani-denuncio-robo-de-galgos-de-su-refugio\/\" \/>\n<meta property=\"og:site_name\" content=\"Diario Textual\" \/>\n<meta property=\"article:publisher\" content=\"https:\/\/www.facebook.com\/eltextual\" \/>\n<meta property=\"article:published_time\" content=\"2023-07-02T21:18:49+00:00\" \/>\n<meta property=\"article:modified_time\" content=\"2023-07-03T20:33:04+00:00\" \/>\n<meta property=\"og:image\" content=\"https:\/\/diariotextual.com\/inicio\/wp-content\/uploads\/2023\/07\/galgosapani2023-1.jpg\" \/>\n\t<meta property=\"og:image:width\" content=\"874\" \/>\n\t<meta property=\"og:image:height\" content=\"527\" \/>\n\t<meta property=\"og:image:type\" content=\"image\/jpeg\" \/>\n<meta name=\"author\" content=\"Diario1 Diario1\" \/>\n<meta name=\"twitter:card\" content=\"summary_large_image\" \/>\n<meta name=\"twitter:creator\" content=\"@eltextual\" \/>\n<meta name=\"twitter:site\" content=\"@eltextual\" \/>\n<meta name=\"twitter:label1\" content=\"Escrito por\" \/>\n\t<meta name=\"twitter:data1\" content=\"Diario1 Diario1\" \/>\n\t<meta name=\"twitter:label2\" content=\"Tiempo de lectura\" \/>\n\t<meta name=\"twitter:data2\" content=\"2 minutos\" \/>\n<script type=\"application\/ld+json\" class=\"yoast-schema-graph\">{\"@context\":\"https:\\\/\\\/schema.org\",\"@graph\":[{\"@type\":\"Article\",\"@id\":\"https:\\\/\\\/diariotextual.com\\\/inicio\\\/index.php\\\/2023\\\/07\\\/02\\\/apani-denuncio-robo-de-galgos-de-su-refugio\\\/#article\",\"isPartOf\":{\"@id\":\"https:\\\/\\\/diariotextual.com\\\/inicio\\\/index.php\\\/2023\\\/07\\\/02\\\/apani-denuncio-robo-de-galgos-de-su-refugio\\\/\"},\"author\":{\"name\":\"Diario1 Diario1\",\"@id\":\"https:\\\/\\\/diariotextual.com\\\/inicio\\\/#\\\/schema\\\/person\\\/418fc4093c33e86ed41562db3508f958\"},\"headline\":\"Apani denunci\u00f3 el robo de varios galgos de su refugio\",\"datePublished\":\"2023-07-02T21:18:49+00:00\",\"dateModified\":\"2023-07-03T20:33:04+00:00\",\"mainEntityOfPage\":{\"@id\":\"https:\\\/\\\/diariotextual.com\\\/inicio\\\/index.php\\\/2023\\\/07\\\/02\\\/apani-denuncio-robo-de-galgos-de-su-refugio\\\/\"},\"wordCount\":229,\"publisher\":{\"@id\":\"https:\\\/\\\/diariotextual.com\\\/inicio\\\/#organization\"},\"image\":{\"@id\":\"https:\\\/\\\/diariotextual.com\\\/inicio\\\/index.php\\\/2023\\\/07\\\/02\\\/apani-denuncio-robo-de-galgos-de-su-refugio\\\/#primaryimage\"},\"thumbnailUrl\":\"https:\\\/\\\/diariotextual.com\\\/inicio\\\/wp-content\\\/uploads\\\/2023\\\/07\\\/galgosapani2023-1.jpg\",\"articleSection\":[\"A - QUE PASA (al costado)\",\"SOCIEDAD\"],\"inLanguage\":\"es\"},{\"@type\":\"WebPage\",\"@id\":\"https:\\\/\\\/diariotextual.com\\\/inicio\\\/index.php\\\/2023\\\/07\\\/02\\\/apani-denuncio-robo-de-galgos-de-su-refugio\\\/\",\"url\":\"https:\\\/\\\/diariotextual.com\\\/inicio\\\/index.php\\\/2023\\\/07\\\/02\\\/apani-denuncio-robo-de-galgos-de-su-refugio\\\/\",\"name\":\"Apani denunci\u00f3 el robo de varios galgos de su refugio - Diario Textual\",\"isPartOf\":{\"@id\":\"https:\\\/\\\/diariotextual.com\\\/inicio\\\/#website\"},\"primaryImageOfPage\":{\"@id\":\"https:\\\/\\\/diariotextual.com\\\/inicio\\\/index.php\\\/2023\\\/07\\\/02\\\/apani-denuncio-robo-de-galgos-de-su-refugio\\\/#primaryimage\"},\"image\":{\"@id\":\"https:\\\/\\\/diariotextual.com\\\/inicio\\\/index.php\\\/2023\\\/07\\\/02\\\/apani-denuncio-robo-de-galgos-de-su-refugio\\\/#primaryimage\"},\"thumbnailUrl\":\"https:\\\/\\\/diariotextual.com\\\/inicio\\\/wp-content\\\/uploads\\\/2023\\\/07\\\/galgosapani2023-1.jpg\",\"datePublished\":\"2023-07-02T21:18:49+00:00\",\"dateModified\":\"2023-07-03T20:33:04+00:00\",\"breadcrumb\":{\"@id\":\"https:\\\/\\\/diariotextual.com\\\/inicio\\\/index.php\\\/2023\\\/07\\\/02\\\/apani-denuncio-robo-de-galgos-de-su-refugio\\\/#breadcrumb\"},\"inLanguage\":\"es\",\"potentialAction\":[{\"@type\":\"ReadAction\",\"target\":[\"https:\\\/\\\/diariotextual.com\\\/inicio\\\/index.php\\\/2023\\\/07\\\/02\\\/apani-denuncio-robo-de-galgos-de-su-refugio\\\/\"]}]},{\"@type\":\"ImageObject\",\"inLanguage\":\"es\",\"@id\":\"https:\\\/\\\/diariotextual.com\\\/inicio\\\/index.php\\\/2023\\\/07\\\/02\\\/apani-denuncio-robo-de-galgos-de-su-refugio\\\/#primaryimage\",\"url\":\"https:\\\/\\\/diariotextual.com\\\/inicio\\\/wp-content\\\/uploads\\\/2023\\\/07\\\/galgosapani2023-1.jpg\",\"contentUrl\":\"https:\\\/\\\/diariotextual.com\\\/inicio\\\/wp-content\\\/uploads\\\/2023\\\/07\\\/galgosapani2023-1.jpg\",\"width\":874,\"height\":527},{\"@type\":\"BreadcrumbList\",\"@id\":\"https:\\\/\\\/diariotextual.com\\\/inicio\\\/index.php\\\/2023\\\/07\\\/02\\\/apani-denuncio-robo-de-galgos-de-su-refugio\\\/#breadcrumb\",\"itemListElement\":[{\"@type\":\"ListItem\",\"position\":1,\"name\":\"Portada\",\"item\":\"https:\\\/\\\/diariotextual.com\\\/inicio\\\/\"},{\"@type\":\"ListItem\",\"position\":2,\"name\":\"Apani denunci\u00f3 el robo de varios galgos de su refugio\"}]},{\"@type\":\"WebSite\",\"@id\":\"https:\\\/\\\/diariotextual.com\\\/inicio\\\/#website\",\"url\":\"https:\\\/\\\/diariotextual.com\\\/inicio\\\/\",\"name\":\"Diario Textual\",\"description\":\"\",\"publisher\":{\"@id\":\"https:\\\/\\\/diariotextual.com\\\/inicio\\\/#organization\"},\"potentialAction\":[{\"@type\":\"SearchAction\",\"target\":{\"@type\":\"EntryPoint\",\"urlTemplate\":\"https:\\\/\\\/diariotextual.com\\\/inicio\\\/?s={search_term_string}\"},\"query-input\":{\"@type\":\"PropertyValueSpecification\",\"valueRequired\":true,\"valueName\":\"search_term_string\"}}],\"inLanguage\":\"es\"},{\"@type\":\"Organization\",\"@id\":\"https:\\\/\\\/diariotextual.com\\\/inicio\\\/#organization\",\"name\":\"Diario Textual\",\"url\":\"https:\\\/\\\/diariotextual.com\\\/inicio\\\/\",\"logo\":{\"@type\":\"ImageObject\",\"inLanguage\":\"es\",\"@id\":\"https:\\\/\\\/diariotextual.com\\\/inicio\\\/#\\\/schema\\\/logo\\\/image\\\/\",\"url\":\"https:\\\/\\\/diariotextual.com\\\/inicio\\\/wp-content\\\/uploads\\\/2023\\\/05\\\/logotextual1.jpg\",\"contentUrl\":\"https:\\\/\\\/diariotextual.com\\\/inicio\\\/wp-content\\\/uploads\\\/2023\\\/05\\\/logotextual1.jpg\",\"width\":516,\"height\":76,\"caption\":\"Diario Textual\"},\"image\":{\"@id\":\"https:\\\/\\\/diariotextual.com\\\/inicio\\\/#\\\/schema\\\/logo\\\/image\\\/\"},\"sameAs\":[\"https:\\\/\\\/www.facebook.com\\\/eltextual\",\"https:\\\/\\\/x.com\\\/eltextual\",\"http:\\\/\\\/www.instagram.com\\\/eltextual\"]},{\"@type\":\"Person\",\"@id\":\"https:\\\/\\\/diariotextual.com\\\/inicio\\\/#\\\/schema\\\/person\\\/418fc4093c33e86ed41562db3508f958\",\"name\":\"Diario1 Diario1\",\"image\":{\"@type\":\"ImageObject\",\"inLanguage\":\"es\",\"@id\":\"https:\\\/\\\/secure.gravatar.com\\\/avatar\\\/9167d280179c85bc18be67aa7eda765854300033af4896dd779b608640f2ef7a?s=96&d=mm&r=g\",\"url\":\"https:\\\/\\\/secure.gravatar.com\\\/avatar\\\/9167d280179c85bc18be67aa7eda765854300033af4896dd779b608640f2ef7a?s=96&d=mm&r=g\",\"contentUrl\":\"https:\\\/\\\/secure.gravatar.com\\\/avatar\\\/9167d280179c85bc18be67aa7eda765854300033af4896dd779b608640f2ef7a?s=96&d=mm&r=g\",\"caption\":\"Diario1 Diario1\"},\"url\":\"https:\\\/\\\/diariotextual.com\\\/inicio\\\/index.php\\\/author\\\/diario1\\\/\"}]}<\/script>\n<!-- \/ Yoast SEO plugin. -->","yoast_head_json":{"title":"Apani denunci\u00f3 el robo de varios galgos de su refugio - Diario Textual","robots":{"index":"index","follow":"follow","max-snippet":"max-snippet:-1","max-image-preview":"max-image-preview:large","max-video-preview":"max-video-preview:-1"},"canonical":"https:\/\/diariotextual.com\/inicio\/index.php\/2023\/07\/02\/apani-denuncio-robo-de-galgos-de-su-refugio\/","og_locale":"es_ES","og_type":"article","og_title":"Apani denunci\u00f3 el robo de varios galgos de su refugio - Diario Textual","og_description":"La Asociaci\u00f3n Protectora de Animales (Apani), de Santa Rosa, denunci\u00f3 que est\u00e1n sufriendo el robo de perros galgos que se encontraban en su refugio. Tambi\u00e9n otros dos perros, uno de&hellip;","og_url":"https:\/\/diariotextual.com\/inicio\/index.php\/2023\/07\/02\/apani-denuncio-robo-de-galgos-de-su-refugio\/","og_site_name":"Diario Textual","article_publisher":"https:\/\/www.facebook.com\/eltextual","article_published_time":"2023-07-02T21:18:49+00:00","article_modified_time":"2023-07-03T20:33:04+00:00","og_image":[{"width":874,"height":527,"url":"https:\/\/diariotextual.com\/inicio\/wp-content\/uploads\/2023\/07\/galgosapani2023-1.jpg","type":"image\/jpeg"}],"author":"Diario1 Diario1","twitter_card":"summary_large_image","twitter_creator":"@eltextual","twitter_site":"@eltextual","twitter_misc":{"Escrito por":"Diario1 Diario1","Tiempo de lectura":"2 minutos"},"schema":{"@context":"https:\/\/schema.org","@graph":[{"@type":"Article","@id":"https:\/\/diariotextual.com\/inicio\/index.php\/2023\/07\/02\/apani-denuncio-robo-de-galgos-de-su-refugio\/#article","isPartOf":{"@id":"https:\/\/diariotextual.com\/inicio\/index.php\/2023\/07\/02\/apani-denuncio-robo-de-galgos-de-su-refugio\/"},"author":{"name":"Diario1 Diario1","@id":"https:\/\/diariotextual.com\/inicio\/#\/schema\/person\/418fc4093c33e86ed41562db3508f958"},"headline":"Apani denunci\u00f3 el robo de varios galgos de su refugio","datePublished":"2023-07-02T21:18:49+00:00","dateModified":"2023-07-03T20:33:04+00:00","mainEntityOfPage":{"@id":"https:\/\/diariotextual.com\/inicio\/index.php\/2023\/07\/02\/apani-denuncio-robo-de-galgos-de-su-refugio\/"},"wordCount":229,"publisher":{"@id":"https:\/\/diariotextual.com\/inicio\/#organization"},"image":{"@id":"https:\/\/diariotextual.com\/inicio\/index.php\/2023\/07\/02\/apani-denuncio-robo-de-galgos-de-su-refugio\/#primaryimage"},"thumbnailUrl":"https:\/\/diariotextual.com\/inicio\/wp-content\/uploads\/2023\/07\/galgosapani2023-1.jpg","articleSection":["A - QUE PASA (al costado)","SOCIEDAD"],"inLanguage":"es"},{"@type":"WebPage","@id":"https:\/\/diariotextual.com\/inicio\/index.php\/2023\/07\/02\/apani-denuncio-robo-de-galgos-de-su-refugio\/","url":"https:\/\/diariotextual.com\/inicio\/index.php\/2023\/07\/02\/apani-denuncio-robo-de-galgos-de-su-refugio\/","name":"Apani denunci\u00f3 el robo de varios galgos de su refugio - Diario Textual","isPartOf":{"@id":"https:\/\/diariotextual.com\/inicio\/#website"},"primaryImageOfPage":{"@id":"https:\/\/diariotextual.com\/inicio\/index.php\/2023\/07\/02\/apani-denuncio-robo-de-galgos-de-su-refugio\/#primaryimage"},"image":{"@id":"https:\/\/diariotextual.com\/inicio\/index.php\/2023\/07\/02\/apani-denuncio-robo-de-galgos-de-su-refugio\/#primaryimage"},"thumbnailUrl":"https:\/\/diariotextual.com\/inicio\/wp-content\/uploads\/2023\/07\/galgosapani2023-1.jpg","datePublished":"2023-07-02T21:18:49+00:00","dateModified":"2023-07-03T20:33:04+00:00","breadcrumb":{"@id":"https:\/\/diariotextual.com\/inicio\/index.php\/2023\/07\/02\/apani-denuncio-robo-de-galgos-de-su-refugio\/#breadcrumb"},"inLanguage":"es","potentialAction":[{"@type":"ReadAction","target":["https:\/\/diariotextual.com\/inicio\/index.php\/2023\/07\/02\/apani-denuncio-robo-de-galgos-de-su-refugio\/"]}]},{"@type":"ImageObject","inLanguage":"es","@id":"https:\/\/diariotextual.com\/inicio\/index.php\/2023\/07\/02\/apani-denuncio-robo-de-galgos-de-su-refugio\/#primaryimage","url":"https:\/\/diariotextual.com\/inicio\/wp-content\/uploads\/2023\/07\/galgosapani2023-1.jpg","contentUrl":"https:\/\/diariotextual.com\/inicio\/wp-content\/uploads\/2023\/07\/galgosapani2023-1.jpg","width":874,"height":527},{"@type":"BreadcrumbList","@id":"https:\/\/diariotextual.com\/inicio\/index.php\/2023\/07\/02\/apani-denuncio-robo-de-galgos-de-su-refugio\/#breadcrumb","itemListElement":[{"@type":"ListItem","position":1,"name":"Portada","item":"https:\/\/diariotextual.com\/inicio\/"},{"@type":"ListItem","position":2,"name":"Apani denunci\u00f3 el robo de varios galgos de su refugio"}]},{"@type":"WebSite","@id":"https:\/\/diariotextual.com\/inicio\/#website","url":"https:\/\/diariotextual.com\/inicio\/","name":"Diario Textual","description":"","publisher":{"@id":"https:\/\/diariotextual.com\/inicio\/#organization"},"potentialAction":[{"@type":"SearchAction","target":{"@type":"EntryPoint","urlTemplate":"https:\/\/diariotextual.com\/inicio\/?s={search_term_string}"},"query-input":{"@type":"PropertyValueSpecification","valueRequired":true,"valueName":"search_term_string"}}],"inLanguage":"es"},{"@type":"Organization","@id":"https:\/\/diariotextual.com\/inicio\/#organization","name":"Diario Textual","url":"https:\/\/diariotextual.com\/inicio\/","logo":{"@type":"ImageObject","inLanguage":"es","@id":"https:\/\/diariotextual.com\/inicio\/#\/schema\/logo\/image\/","url":"https:\/\/diariotextual.com\/inicio\/wp-content\/uploads\/2023\/05\/logotextual1.jpg","contentUrl":"https:\/\/diariotextual.com\/inicio\/wp-content\/uploads\/2023\/05\/logotextual1.jpg","width":516,"height":76,"caption":"Diario Textual"},"image":{"@id":"https:\/\/diariotextual.com\/inicio\/#\/schema\/logo\/image\/"},"sameAs":["https:\/\/www.facebook.com\/eltextual","https:\/\/x.com\/eltextual","http:\/\/www.instagram.com\/eltextual"]},{"@type":"Person","@id":"https:\/\/diariotextual.com\/inicio\/#\/schema\/person\/418fc4093c33e86ed41562db3508f958","name":"Diario1 Diario1","image":{"@type":"ImageObject","inLanguage":"es","@id":"https:\/\/secure.gravatar.com\/avatar\/9167d280179c85bc18be67aa7eda765854300033af4896dd779b608640f2ef7a?s=96&d=mm&r=g","url":"https:\/\/secure.gravatar.com\/avatar\/9167d280179c85bc18be67aa7eda765854300033af4896dd779b608640f2ef7a?s=96&d=mm&r=g","contentUrl":"https:\/\/secure.gravatar.com\/avatar\/9167d280179c85bc18be67aa7eda765854300033af4896dd779b608640f2ef7a?s=96&d=mm&r=g","caption":"Diario1 Diario1"},"url":"https:\/\/diariotextual.com\/inicio\/index.php\/author\/diario1\/"}]}},"_links":{"self":[{"href":"https:\/\/diariotextual.com\/inicio\/index.php\/wp-json\/wp\/v2\/posts\/230013","targetHints":{"allow":["GET"]}}],"collection":[{"href":"https:\/\/diariotextual.com\/inicio\/index.php\/wp-json\/wp\/v2\/posts"}],"about":[{"href":"https:\/\/diariotextual.com\/inicio\/index.php\/wp-json\/wp\/v2\/types\/post"}],"author":[{"embeddable":true,"href":"https:\/\/diariotextual.com\/inicio\/index.php\/wp-json\/wp\/v2\/users\/3"}],"replies":[{"embeddable":true,"href":"https:\/\/diariotextual.com\/inicio\/index.php\/wp-json\/wp\/v2\/comments?post=230013"}],"version-history":[{"count":5,"href":"https:\/\/diariotextual.com\/inicio\/index.php\/wp-json\/wp\/v2\/posts\/230013\/revisions"}],"predecessor-version":[{"id":230026,"href":"https:\/\/diariotextual.com\/inicio\/index.php\/wp-json\/wp\/v2\/posts\/230013\/revisions\/230026"}],"wp:featuredmedia":[{"embeddable":true,"href":"https:\/\/diariotextual.com\/inicio\/index.php\/wp-json\/wp\/v2\/media\/230016"}],"wp:attachment":[{"href":"https:\/\/diariotextual.com\/inicio\/index.php\/wp-json\/wp\/v2\/media?parent=230013"}],"wp:term":[{"taxonomy":"category","embeddable":true,"href":"https:\/\/diariotextual.com\/inicio\/index.php\/wp-json\/wp\/v2\/categories?post=230013"},{"taxonomy":"post_tag","embeddable":true,"href":"https:\/\/diariotextual.com\/inicio\/index.php\/wp-json\/wp\/v2\/tags?post=230013"}],"curies":[{"name":"wp","href":"https:\/\/api.w.org\/{rel}","templated":true}]}}