{"id":230027,"date":"2023-07-02T19:31:15","date_gmt":"2023-07-02T22:31:15","guid":{"rendered":"https:\/\/diariotextual.com\/inicio\/?p=230027"},"modified":"2023-07-03T08:37:44","modified_gmt":"2023-07-03T11:37:44","slug":"limpian-canal-del-meridiano-v-ante-la-posibilidad-de-desbordes-del-rio","status":"publish","type":"post","link":"https:\/\/diariotextual.com\/inicio\/index.php\/2023\/07\/02\/limpian-canal-del-meridiano-v-ante-la-posibilidad-de-desbordes-del-rio\/","title":{"rendered":"Limpian canal del Meridiano V ante la posibilidad de desbordes del r\u00edo"},"content":{"rendered":"\n<p class=\"wp-block-paragraph\">El Gobierno provincial se encuentra ejecutando trabajos de limpieza y readecuaci\u00f3n de canales y alcantarillados en la banquina oeste del camino del Meridiano V -calle que marca el l\u00edmite pol\u00edtico entre las provincias de La Pampa y Buenos Aires-, en el tramo comprendido entre la RN N\u00ba 188 y RP N\u00ba 2,&nbsp; con el objetivo de permitir un mejor escurrimiento de posibles crecidas en el caudal del r\u00edo Quinto.<\/p>\n\n\n\n<p class=\"wp-block-paragraph\">\u201cLo que est\u00e1 haciendo la m\u00e1quina de la direcci\u00f3n Provincial de Vialidad en estos momentos es limpiar y readecuar los canales, con el objetivo de que ante una crecida del R\u00edo Quinto este todo bien limpio para que el agua escurra hacia Buenos Aires. Hoy ya la provincia de Buenos Aires tiene totalmente asumido y aceptado que esto es imprescindible y est\u00e1 de acuerdo en lo que estamos haciendo porque primero lo consensuamos y despu\u00e9s lo empezamos. Pretendemos que esta canalizaci\u00f3n permita que todo el caudal del r\u00edo Quinto, a\u00fan en \u00e9pocas de excedentes h\u00eddricos importantes, que ingresa a La Pampa por el cauce natural del r\u00edo, escurra de forma tal, de que no se produzcan derrames superficiales que ocasionen el anegamiento de campos en producci\u00f3n\u201d, explic\u00f3 a la Agencia Provincial de Noticias el gerente de Acueductos de la Administraci\u00f3n Provincial del Agua, Eduardo Mangas.<\/p>\n\n\n\n<p class=\"wp-block-paragraph\">Este canal que se est\u00e1 limpiando tiene aproximadamente 1.300 metros de extensi\u00f3n. \u201cVa por la banquina oeste y tiene entre 5 y 8 metros de ancho, vinculando los dos puestos de alcantarillados existentes\u201d, puntualiz\u00f3.<\/p>\n\n\n\n<p class=\"wp-block-paragraph\">Adem\u00e1s, anunci\u00f3 que se reemplazar\u00e1 el sistema de alcantarillado que se coloc\u00f3 durante la grave inundaci\u00f3n del 2017. \u201cEstos ca\u00f1os se instalaron en la emergencia. Ahora que tenemos tiempo y que estamos preparando las obras para un futuro, se va a colocar otro ca\u00f1o igual al que est\u00e1, pero ya se va a hacer con el nivel que deben tener con respecto al canal y se van a realizar las obras de encabezamiento de las alcantarillas para que el agua no las socave. El di\u00e1metro del ca\u00f1o actual es de un 1 metro y ahora vamos a colocar dos de 1 metro\u201d, afirm\u00f3. &nbsp;\u201cEstos trabajos se hacen bajo la requisitoria de la Secretar\u00eda de Recursos H\u00eddricos que ha hecho los tr\u00e1mites y logr\u00f3 las aprobaciones de Hidr\u00e1ulica de Buenos Aires, mientras que las m\u00e1quinas, recursos y choferes son de Vialidad Provincial&nbsp; y desde la APA hacemos el aporte t\u00e9cnico de planificaci\u00f3n y control de niveles\u201d, cerr\u00f3 Eduardo Mangas.<\/p>\n\n\n\n<p class=\"wp-block-paragraph\">El r\u00e9gimen de caudales del r\u00edo Quinto muestra un comportamiento particular, dependiendo exclusivamente de las lluvias ca\u00eddas en la regi\u00f3n y su periodicidad, mostrando lapsos de tiempo con caudales nulos y otros momentos con importantes inundaciones. Se trata de una cuenca particular por no disponer de un curso de escurrimiento definido y un \u00e1rea de llanura inmersa en una matriz productiva que se ve afectada ampliamente en los casos de a\u00f1os h\u00famedos.<\/p>\n","protected":false},"excerpt":{"rendered":"<p>El Gobierno provincial se encuentra ejecutando trabajos de limpieza y readecuaci\u00f3n de canales y alcantarillados en la banquina oeste del camino del Meridiano V -calle que marca el l\u00edmite pol\u00edtico&hellip;<\/p>\n","protected":false},"author":3,"featured_media":230029,"comment_status":"closed","ping_status":"open","sticky":false,"template":"","format":"standard","meta":{"_acf_changed":false,"footnotes":""},"categories":[1,20],"tags":[],"class_list":["post-230027","post","type-post","status-publish","format-standard","has-post-thumbnail","hentry","category-es-noticia","category-campo"],"acf":[],"yoast_head":"<!-- This site is optimized with the Yoast SEO plugin v28.4 - https:\/\/yoast.com\/product\/yoast-seo-wordpress\/ -->\n<title>Limpian canal del Meridiano V ante la posibilidad de desbordes del r\u00edo - Diario Textual<\/title>\n<meta name=\"robots\" content=\"index, follow, max-snippet:-1, max-image-preview:large, max-video-preview:-1\" \/>\n<link rel=\"canonical\" href=\"https:\/\/diariotextual.com\/inicio\/index.php\/2023\/07\/02\/limpian-canal-del-meridiano-v-ante-la-posibilidad-de-desbordes-del-rio\/\" \/>\n<meta property=\"og:locale\" content=\"es_ES\" \/>\n<meta property=\"og:type\" content=\"article\" \/>\n<meta property=\"og:title\" content=\"Limpian canal del Meridiano V ante la posibilidad de desbordes del r\u00edo - Diario Textual\" \/>\n<meta property=\"og:description\" content=\"El Gobierno provincial se encuentra ejecutando trabajos de limpieza y readecuaci\u00f3n de canales y alcantarillados en la banquina oeste del camino del Meridiano V -calle que marca el l\u00edmite pol\u00edtico&hellip;\" \/>\n<meta property=\"og:url\" content=\"https:\/\/diariotextual.com\/inicio\/index.php\/2023\/07\/02\/limpian-canal-del-meridiano-v-ante-la-posibilidad-de-desbordes-del-rio\/\" \/>\n<meta property=\"og:site_name\" content=\"Diario Textual\" \/>\n<meta property=\"article:publisher\" content=\"https:\/\/www.facebook.com\/eltextual\" \/>\n<meta property=\"article:published_time\" content=\"2023-07-02T22:31:15+00:00\" \/>\n<meta property=\"article:modified_time\" content=\"2023-07-03T11:37:44+00:00\" \/>\n<meta property=\"og:image\" content=\"https:\/\/diariotextual.com\/inicio\/wp-content\/uploads\/2023\/07\/meriadianoquintomeridianovcanal2023-1.jpg\" \/>\n\t<meta property=\"og:image:width\" content=\"963\" \/>\n\t<meta property=\"og:image:height\" content=\"601\" \/>\n\t<meta property=\"og:image:type\" content=\"image\/jpeg\" \/>\n<meta name=\"author\" content=\"Diario1 Diario1\" \/>\n<meta name=\"twitter:card\" content=\"summary_large_image\" \/>\n<meta name=\"twitter:creator\" content=\"@eltextual\" \/>\n<meta name=\"twitter:site\" content=\"@eltextual\" \/>\n<meta name=\"twitter:label1\" content=\"Escrito por\" \/>\n\t<meta name=\"twitter:data1\" content=\"Diario1 Diario1\" \/>\n\t<meta name=\"twitter:label2\" content=\"Tiempo de lectura\" \/>\n\t<meta name=\"twitter:data2\" content=\"3 minutos\" \/>\n<script type=\"application\/ld+json\" class=\"yoast-schema-graph\">{\"@context\":\"https:\\\/\\\/schema.org\",\"@graph\":[{\"@type\":\"Article\",\"@id\":\"https:\\\/\\\/diariotextual.com\\\/inicio\\\/index.php\\\/2023\\\/07\\\/02\\\/limpian-canal-del-meridiano-v-ante-la-posibilidad-de-desbordes-del-rio\\\/#article\",\"isPartOf\":{\"@id\":\"https:\\\/\\\/diariotextual.com\\\/inicio\\\/index.php\\\/2023\\\/07\\\/02\\\/limpian-canal-del-meridiano-v-ante-la-posibilidad-de-desbordes-del-rio\\\/\"},\"author\":{\"name\":\"Diario1 Diario1\",\"@id\":\"https:\\\/\\\/diariotextual.com\\\/inicio\\\/#\\\/schema\\\/person\\\/418fc4093c33e86ed41562db3508f958\"},\"headline\":\"Limpian canal del Meridiano V ante la posibilidad de desbordes del r\u00edo\",\"datePublished\":\"2023-07-02T22:31:15+00:00\",\"dateModified\":\"2023-07-03T11:37:44+00:00\",\"mainEntityOfPage\":{\"@id\":\"https:\\\/\\\/diariotextual.com\\\/inicio\\\/index.php\\\/2023\\\/07\\\/02\\\/limpian-canal-del-meridiano-v-ante-la-posibilidad-de-desbordes-del-rio\\\/\"},\"wordCount\":521,\"publisher\":{\"@id\":\"https:\\\/\\\/diariotextual.com\\\/inicio\\\/#organization\"},\"image\":{\"@id\":\"https:\\\/\\\/diariotextual.com\\\/inicio\\\/index.php\\\/2023\\\/07\\\/02\\\/limpian-canal-del-meridiano-v-ante-la-posibilidad-de-desbordes-del-rio\\\/#primaryimage\"},\"thumbnailUrl\":\"https:\\\/\\\/diariotextual.com\\\/inicio\\\/wp-content\\\/uploads\\\/2023\\\/07\\\/meriadianoquintomeridianovcanal2023-1.jpg\",\"articleSection\":[\"A - ES NOTICIA (van abajo)\",\"CAMPO\"],\"inLanguage\":\"es\"},{\"@type\":\"WebPage\",\"@id\":\"https:\\\/\\\/diariotextual.com\\\/inicio\\\/index.php\\\/2023\\\/07\\\/02\\\/limpian-canal-del-meridiano-v-ante-la-posibilidad-de-desbordes-del-rio\\\/\",\"url\":\"https:\\\/\\\/diariotextual.com\\\/inicio\\\/index.php\\\/2023\\\/07\\\/02\\\/limpian-canal-del-meridiano-v-ante-la-posibilidad-de-desbordes-del-rio\\\/\",\"name\":\"Limpian canal del Meridiano V ante la posibilidad de desbordes del r\u00edo - Diario Textual\",\"isPartOf\":{\"@id\":\"https:\\\/\\\/diariotextual.com\\\/inicio\\\/#website\"},\"primaryImageOfPage\":{\"@id\":\"https:\\\/\\\/diariotextual.com\\\/inicio\\\/index.php\\\/2023\\\/07\\\/02\\\/limpian-canal-del-meridiano-v-ante-la-posibilidad-de-desbordes-del-rio\\\/#primaryimage\"},\"image\":{\"@id\":\"https:\\\/\\\/diariotextual.com\\\/inicio\\\/index.php\\\/2023\\\/07\\\/02\\\/limpian-canal-del-meridiano-v-ante-la-posibilidad-de-desbordes-del-rio\\\/#primaryimage\"},\"thumbnailUrl\":\"https:\\\/\\\/diariotextual.com\\\/inicio\\\/wp-content\\\/uploads\\\/2023\\\/07\\\/meriadianoquintomeridianovcanal2023-1.jpg\",\"datePublished\":\"2023-07-02T22:31:15+00:00\",\"dateModified\":\"2023-07-03T11:37:44+00:00\",\"breadcrumb\":{\"@id\":\"https:\\\/\\\/diariotextual.com\\\/inicio\\\/index.php\\\/2023\\\/07\\\/02\\\/limpian-canal-del-meridiano-v-ante-la-posibilidad-de-desbordes-del-rio\\\/#breadcrumb\"},\"inLanguage\":\"es\",\"potentialAction\":[{\"@type\":\"ReadAction\",\"target\":[\"https:\\\/\\\/diariotextual.com\\\/inicio\\\/index.php\\\/2023\\\/07\\\/02\\\/limpian-canal-del-meridiano-v-ante-la-posibilidad-de-desbordes-del-rio\\\/\"]}]},{\"@type\":\"ImageObject\",\"inLanguage\":\"es\",\"@id\":\"https:\\\/\\\/diariotextual.com\\\/inicio\\\/index.php\\\/2023\\\/07\\\/02\\\/limpian-canal-del-meridiano-v-ante-la-posibilidad-de-desbordes-del-rio\\\/#primaryimage\",\"url\":\"https:\\\/\\\/diariotextual.com\\\/inicio\\\/wp-content\\\/uploads\\\/2023\\\/07\\\/meriadianoquintomeridianovcanal2023-1.jpg\",\"contentUrl\":\"https:\\\/\\\/diariotextual.com\\\/inicio\\\/wp-content\\\/uploads\\\/2023\\\/07\\\/meriadianoquintomeridianovcanal2023-1.jpg\",\"width\":963,\"height\":601},{\"@type\":\"BreadcrumbList\",\"@id\":\"https:\\\/\\\/diariotextual.com\\\/inicio\\\/index.php\\\/2023\\\/07\\\/02\\\/limpian-canal-del-meridiano-v-ante-la-posibilidad-de-desbordes-del-rio\\\/#breadcrumb\",\"itemListElement\":[{\"@type\":\"ListItem\",\"position\":1,\"name\":\"Portada\",\"item\":\"https:\\\/\\\/diariotextual.com\\\/inicio\\\/\"},{\"@type\":\"ListItem\",\"position\":2,\"name\":\"Limpian canal del Meridiano V ante la posibilidad de desbordes del r\u00edo\"}]},{\"@type\":\"WebSite\",\"@id\":\"https:\\\/\\\/diariotextual.com\\\/inicio\\\/#website\",\"url\":\"https:\\\/\\\/diariotextual.com\\\/inicio\\\/\",\"name\":\"Diario Textual\",\"description\":\"\",\"publisher\":{\"@id\":\"https:\\\/\\\/diariotextual.com\\\/inicio\\\/#organization\"},\"potentialAction\":[{\"@type\":\"SearchAction\",\"target\":{\"@type\":\"EntryPoint\",\"urlTemplate\":\"https:\\\/\\\/diariotextual.com\\\/inicio\\\/?s={search_term_string}\"},\"query-input\":{\"@type\":\"PropertyValueSpecification\",\"valueRequired\":true,\"valueName\":\"search_term_string\"}}],\"inLanguage\":\"es\"},{\"@type\":\"Organization\",\"@id\":\"https:\\\/\\\/diariotextual.com\\\/inicio\\\/#organization\",\"name\":\"Diario Textual\",\"url\":\"https:\\\/\\\/diariotextual.com\\\/inicio\\\/\",\"logo\":{\"@type\":\"ImageObject\",\"inLanguage\":\"es\",\"@id\":\"https:\\\/\\\/diariotextual.com\\\/inicio\\\/#\\\/schema\\\/logo\\\/image\\\/\",\"url\":\"https:\\\/\\\/diariotextual.com\\\/inicio\\\/wp-content\\\/uploads\\\/2023\\\/05\\\/logotextual1.jpg\",\"contentUrl\":\"https:\\\/\\\/diariotextual.com\\\/inicio\\\/wp-content\\\/uploads\\\/2023\\\/05\\\/logotextual1.jpg\",\"width\":516,\"height\":76,\"caption\":\"Diario Textual\"},\"image\":{\"@id\":\"https:\\\/\\\/diariotextual.com\\\/inicio\\\/#\\\/schema\\\/logo\\\/image\\\/\"},\"sameAs\":[\"https:\\\/\\\/www.facebook.com\\\/eltextual\",\"https:\\\/\\\/x.com\\\/eltextual\",\"http:\\\/\\\/www.instagram.com\\\/eltextual\"]},{\"@type\":\"Person\",\"@id\":\"https:\\\/\\\/diariotextual.com\\\/inicio\\\/#\\\/schema\\\/person\\\/418fc4093c33e86ed41562db3508f958\",\"name\":\"Diario1 Diario1\",\"image\":{\"@type\":\"ImageObject\",\"inLanguage\":\"es\",\"@id\":\"https:\\\/\\\/secure.gravatar.com\\\/avatar\\\/9167d280179c85bc18be67aa7eda765854300033af4896dd779b608640f2ef7a?s=96&d=mm&r=g\",\"url\":\"https:\\\/\\\/secure.gravatar.com\\\/avatar\\\/9167d280179c85bc18be67aa7eda765854300033af4896dd779b608640f2ef7a?s=96&d=mm&r=g\",\"contentUrl\":\"https:\\\/\\\/secure.gravatar.com\\\/avatar\\\/9167d280179c85bc18be67aa7eda765854300033af4896dd779b608640f2ef7a?s=96&d=mm&r=g\",\"caption\":\"Diario1 Diario1\"},\"url\":\"https:\\\/\\\/diariotextual.com\\\/inicio\\\/index.php\\\/author\\\/diario1\\\/\"}]}<\/script>\n<!-- \/ Yoast SEO plugin. -->","yoast_head_json":{"title":"Limpian canal del Meridiano V ante la posibilidad de desbordes del r\u00edo - Diario Textual","robots":{"index":"index","follow":"follow","max-snippet":"max-snippet:-1","max-image-preview":"max-image-preview:large","max-video-preview":"max-video-preview:-1"},"canonical":"https:\/\/diariotextual.com\/inicio\/index.php\/2023\/07\/02\/limpian-canal-del-meridiano-v-ante-la-posibilidad-de-desbordes-del-rio\/","og_locale":"es_ES","og_type":"article","og_title":"Limpian canal del Meridiano V ante la posibilidad de desbordes del r\u00edo - Diario Textual","og_description":"El Gobierno provincial se encuentra ejecutando trabajos de limpieza y readecuaci\u00f3n de canales y alcantarillados en la banquina oeste del camino del Meridiano V -calle que marca el l\u00edmite pol\u00edtico&hellip;","og_url":"https:\/\/diariotextual.com\/inicio\/index.php\/2023\/07\/02\/limpian-canal-del-meridiano-v-ante-la-posibilidad-de-desbordes-del-rio\/","og_site_name":"Diario Textual","article_publisher":"https:\/\/www.facebook.com\/eltextual","article_published_time":"2023-07-02T22:31:15+00:00","article_modified_time":"2023-07-03T11:37:44+00:00","og_image":[{"width":963,"height":601,"url":"https:\/\/diariotextual.com\/inicio\/wp-content\/uploads\/2023\/07\/meriadianoquintomeridianovcanal2023-1.jpg","type":"image\/jpeg"}],"author":"Diario1 Diario1","twitter_card":"summary_large_image","twitter_creator":"@eltextual","twitter_site":"@eltextual","twitter_misc":{"Escrito por":"Diario1 Diario1","Tiempo de lectura":"3 minutos"},"schema":{"@context":"https:\/\/schema.org","@graph":[{"@type":"Article","@id":"https:\/\/diariotextual.com\/inicio\/index.php\/2023\/07\/02\/limpian-canal-del-meridiano-v-ante-la-posibilidad-de-desbordes-del-rio\/#article","isPartOf":{"@id":"https:\/\/diariotextual.com\/inicio\/index.php\/2023\/07\/02\/limpian-canal-del-meridiano-v-ante-la-posibilidad-de-desbordes-del-rio\/"},"author":{"name":"Diario1 Diario1","@id":"https:\/\/diariotextual.com\/inicio\/#\/schema\/person\/418fc4093c33e86ed41562db3508f958"},"headline":"Limpian canal del Meridiano V ante la posibilidad de desbordes del r\u00edo","datePublished":"2023-07-02T22:31:15+00:00","dateModified":"2023-07-03T11:37:44+00:00","mainEntityOfPage":{"@id":"https:\/\/diariotextual.com\/inicio\/index.php\/2023\/07\/02\/limpian-canal-del-meridiano-v-ante-la-posibilidad-de-desbordes-del-rio\/"},"wordCount":521,"publisher":{"@id":"https:\/\/diariotextual.com\/inicio\/#organization"},"image":{"@id":"https:\/\/diariotextual.com\/inicio\/index.php\/2023\/07\/02\/limpian-canal-del-meridiano-v-ante-la-posibilidad-de-desbordes-del-rio\/#primaryimage"},"thumbnailUrl":"https:\/\/diariotextual.com\/inicio\/wp-content\/uploads\/2023\/07\/meriadianoquintomeridianovcanal2023-1.jpg","articleSection":["A - ES NOTICIA (van abajo)","CAMPO"],"inLanguage":"es"},{"@type":"WebPage","@id":"https:\/\/diariotextual.com\/inicio\/index.php\/2023\/07\/02\/limpian-canal-del-meridiano-v-ante-la-posibilidad-de-desbordes-del-rio\/","url":"https:\/\/diariotextual.com\/inicio\/index.php\/2023\/07\/02\/limpian-canal-del-meridiano-v-ante-la-posibilidad-de-desbordes-del-rio\/","name":"Limpian canal del Meridiano V ante la posibilidad de desbordes del r\u00edo - Diario Textual","isPartOf":{"@id":"https:\/\/diariotextual.com\/inicio\/#website"},"primaryImageOfPage":{"@id":"https:\/\/diariotextual.com\/inicio\/index.php\/2023\/07\/02\/limpian-canal-del-meridiano-v-ante-la-posibilidad-de-desbordes-del-rio\/#primaryimage"},"image":{"@id":"https:\/\/diariotextual.com\/inicio\/index.php\/2023\/07\/02\/limpian-canal-del-meridiano-v-ante-la-posibilidad-de-desbordes-del-rio\/#primaryimage"},"thumbnailUrl":"https:\/\/diariotextual.com\/inicio\/wp-content\/uploads\/2023\/07\/meriadianoquintomeridianovcanal2023-1.jpg","datePublished":"2023-07-02T22:31:15+00:00","dateModified":"2023-07-03T11:37:44+00:00","breadcrumb":{"@id":"https:\/\/diariotextual.com\/inicio\/index.php\/2023\/07\/02\/limpian-canal-del-meridiano-v-ante-la-posibilidad-de-desbordes-del-rio\/#breadcrumb"},"inLanguage":"es","potentialAction":[{"@type":"ReadAction","target":["https:\/\/diariotextual.com\/inicio\/index.php\/2023\/07\/02\/limpian-canal-del-meridiano-v-ante-la-posibilidad-de-desbordes-del-rio\/"]}]},{"@type":"ImageObject","inLanguage":"es","@id":"https:\/\/diariotextual.com\/inicio\/index.php\/2023\/07\/02\/limpian-canal-del-meridiano-v-ante-la-posibilidad-de-desbordes-del-rio\/#primaryimage","url":"https:\/\/diariotextual.com\/inicio\/wp-content\/uploads\/2023\/07\/meriadianoquintomeridianovcanal2023-1.jpg","contentUrl":"https:\/\/diariotextual.com\/inicio\/wp-content\/uploads\/2023\/07\/meriadianoquintomeridianovcanal2023-1.jpg","width":963,"height":601},{"@type":"BreadcrumbList","@id":"https:\/\/diariotextual.com\/inicio\/index.php\/2023\/07\/02\/limpian-canal-del-meridiano-v-ante-la-posibilidad-de-desbordes-del-rio\/#breadcrumb","itemListElement":[{"@type":"ListItem","position":1,"name":"Portada","item":"https:\/\/diariotextual.com\/inicio\/"},{"@type":"ListItem","position":2,"name":"Limpian canal del Meridiano V ante la posibilidad de desbordes del r\u00edo"}]},{"@type":"WebSite","@id":"https:\/\/diariotextual.com\/inicio\/#website","url":"https:\/\/diariotextual.com\/inicio\/","name":"Diario Textual","description":"","publisher":{"@id":"https:\/\/diariotextual.com\/inicio\/#organization"},"potentialAction":[{"@type":"SearchAction","target":{"@type":"EntryPoint","urlTemplate":"https:\/\/diariotextual.com\/inicio\/?s={search_term_string}"},"query-input":{"@type":"PropertyValueSpecification","valueRequired":true,"valueName":"search_term_string"}}],"inLanguage":"es"},{"@type":"Organization","@id":"https:\/\/diariotextual.com\/inicio\/#organization","name":"Diario Textual","url":"https:\/\/diariotextual.com\/inicio\/","logo":{"@type":"ImageObject","inLanguage":"es","@id":"https:\/\/diariotextual.com\/inicio\/#\/schema\/logo\/image\/","url":"https:\/\/diariotextual.com\/inicio\/wp-content\/uploads\/2023\/05\/logotextual1.jpg","contentUrl":"https:\/\/diariotextual.com\/inicio\/wp-content\/uploads\/2023\/05\/logotextual1.jpg","width":516,"height":76,"caption":"Diario Textual"},"image":{"@id":"https:\/\/diariotextual.com\/inicio\/#\/schema\/logo\/image\/"},"sameAs":["https:\/\/www.facebook.com\/eltextual","https:\/\/x.com\/eltextual","http:\/\/www.instagram.com\/eltextual"]},{"@type":"Person","@id":"https:\/\/diariotextual.com\/inicio\/#\/schema\/person\/418fc4093c33e86ed41562db3508f958","name":"Diario1 Diario1","image":{"@type":"ImageObject","inLanguage":"es","@id":"https:\/\/secure.gravatar.com\/avatar\/9167d280179c85bc18be67aa7eda765854300033af4896dd779b608640f2ef7a?s=96&d=mm&r=g","url":"https:\/\/secure.gravatar.com\/avatar\/9167d280179c85bc18be67aa7eda765854300033af4896dd779b608640f2ef7a?s=96&d=mm&r=g","contentUrl":"https:\/\/secure.gravatar.com\/avatar\/9167d280179c85bc18be67aa7eda765854300033af4896dd779b608640f2ef7a?s=96&d=mm&r=g","caption":"Diario1 Diario1"},"url":"https:\/\/diariotextual.com\/inicio\/index.php\/author\/diario1\/"}]}},"_links":{"self":[{"href":"https:\/\/diariotextual.com\/inicio\/index.php\/wp-json\/wp\/v2\/posts\/230027","targetHints":{"allow":["GET"]}}],"collection":[{"href":"https:\/\/diariotextual.com\/inicio\/index.php\/wp-json\/wp\/v2\/posts"}],"about":[{"href":"https:\/\/diariotextual.com\/inicio\/index.php\/wp-json\/wp\/v2\/types\/post"}],"author":[{"embeddable":true,"href":"https:\/\/diariotextual.com\/inicio\/index.php\/wp-json\/wp\/v2\/users\/3"}],"replies":[{"embeddable":true,"href":"https:\/\/diariotextual.com\/inicio\/index.php\/wp-json\/wp\/v2\/comments?post=230027"}],"version-history":[{"count":1,"href":"https:\/\/diariotextual.com\/inicio\/index.php\/wp-json\/wp\/v2\/posts\/230027\/revisions"}],"predecessor-version":[{"id":230028,"href":"https:\/\/diariotextual.com\/inicio\/index.php\/wp-json\/wp\/v2\/posts\/230027\/revisions\/230028"}],"wp:featuredmedia":[{"embeddable":true,"href":"https:\/\/diariotextual.com\/inicio\/index.php\/wp-json\/wp\/v2\/media\/230029"}],"wp:attachment":[{"href":"https:\/\/diariotextual.com\/inicio\/index.php\/wp-json\/wp\/v2\/media?parent=230027"}],"wp:term":[{"taxonomy":"category","embeddable":true,"href":"https:\/\/diariotextual.com\/inicio\/index.php\/wp-json\/wp\/v2\/categories?post=230027"},{"taxonomy":"post_tag","embeddable":true,"href":"https:\/\/diariotextual.com\/inicio\/index.php\/wp-json\/wp\/v2\/tags?post=230027"}],"curies":[{"name":"wp","href":"https:\/\/api.w.org\/{rel}","templated":true}]}}