{"id":230066,"date":"2023-07-03T11:12:54","date_gmt":"2023-07-03T14:12:54","guid":{"rendered":"https:\/\/diariotextual.com\/inicio\/?p=230066"},"modified":"2023-07-04T06:29:01","modified_gmt":"2023-07-04T09:29:01","slug":"caso-cecilia-strzyzowski-acuna-apunto-contra-su-propio-hijo","status":"publish","type":"post","link":"https:\/\/diariotextual.com\/inicio\/index.php\/2023\/07\/03\/caso-cecilia-strzyzowski-acuna-apunto-contra-su-propio-hijo\/","title":{"rendered":"Caso Cecilia Strzyzowski: Acu\u00f1a apunt\u00f3 contra su propio hijo"},"content":{"rendered":"\n<p><strong>Marcela Acu\u00f1a<\/strong>, presa acusada del homicidio de&nbsp;<strong>Cecilia Strzyzowski<\/strong>, su exnuera, escribi\u00f3 una carta desde la c\u00e1rcel en la que apunt\u00f3 contra su propio hijo por el crimen.<\/p>\n\n\n\n<p>\u201c\u00bfPor qu\u00e9 si fue C\u00e9sar responsable nos incriminan a nosotros?\u201d, se pregunt\u00f3 en una carta a la que accedi\u00f3 el diario La Naci\u00f3n.<\/p>\n\n\n\n<p>Seg\u00fan confirmaron fuentes con acceso a la causa, la nota est\u00e1 incorporada al expediente. \u201cNo hay que confundir, una cosa es el hecho del femicidio de Cecilia, repudiable desde todo punto de vista y otra cosa es el querer inculparnos desde una fiscal\u00eda que<strong>&nbsp;sin pruebas<\/strong>&nbsp;nos tiene no solo encerrados, pase\u00e1ndonos como trofeos con esposas como delincuentes, sino que nos mete en una causa con una car\u00e1tula que no se sostiene hacia nosotros con pruebas, solo con supuestos\u201d, afirm\u00f3 Acu\u00f1a en esa nota dada a conocer hoy.<\/p>\n\n\n\n<p>Acu\u00f1a lleva adelante una huelga de hambre s\u00f3lida desde su detenci\u00f3n y seg\u00fan una fuente con acceso al caso -ajena a su defensa-, ya habr\u00eda perdido unos diez kilos de peso.<\/p>\n\n\n\n<p>Esta es la carta:<\/p>\n\n\n\n<p><em>\u201c<strong>Presos con Emerenciano siendo inocentes<\/strong>; con una causa armada desde el Partido Judicial y radicales. No hay que confundir, una cosa es el hecho del femicidio de Cecilia, repudiable desde todo punto de vista, y otra cosa es el querer inculparnos desde una fiscal\u00eda que sin pruebas, nos tiene, no solo encerrados, pase\u00e1ndonos como trofeos con esposas como delincuentes, sino que nos mete en una causa con una caratula que no se sostiene hacia nosotros con pruebas, solo con supuestos.<\/em><\/p>\n\n\n\n<p><em>\u201c<\/em><em><strong>\u00bfPor qu\u00e9, si fue C\u00e9sar (mi hijo) responsable, nos incriminan a nosotros?<\/strong><\/em><em>&nbsp;Creo que por muchos motivos, principalmente la grieta que vivimos como Patria, nosotros somos parte de una generaci\u00f3n nueva junto a Emerenciano. Hemos dados dignidad junto a un proyecto nacional y popular que nos permiti\u00f3 hacerlo, no solo a nosotros, sino a cientos de dirigentes que iniciaron, de alguna manera, el camino de la autogesti\u00f3n. Y este hecho para el pa\u00eds que no queremos volver (2002) es imperdonable.<\/em><\/p>\n\n\n\n<p><em>\u201cEncontraron&nbsp;el punto exacto para atacarnos en serie&nbsp;a Emerenciano, a lo que \u00e9l significa, y a&nbsp;<\/em><em><strong>Capitanich<\/strong><\/em><em>, en un escenario electoral, donde lo que tienen son los grandes medios a su favor, y una Justicia de calzoncillos flojos que, indudablemente, influenciados por los grupos econ\u00f3micos que manejan los grandes medios, no dud\u00f3 en encerrarnos y prenderse a los desmanes del falso periodismo, sumado a las redes il\u00edcitas de difamaci\u00f3n, los cuales son muchas.<\/em><\/p>\n\n\n\n<p><em>\u201cLos radicales se hicieron ver y por desgracia, tomaron el dolor de un pedido por bandera pol\u00edtica, mezclando todo y dando mucho para que se tergiverse [en] los medios.<\/em><\/p>\n\n\n\n<p><em>\u201cCreo que a esto se sumaron los que responden directamente a la matricula ideol\u00f3gica de los dictadores militares, portales truchos que siempre en nombre de la patria anhelan matar de alguna manera a nosotros \u2018los Rojos\u2019 y&nbsp;aqu\u00ed estamos en esa batalla donde los que estamos encerrados somos nosotros, no ellos, y nuestra vulnerabilidad, sin tener voz y privados de libertad, hace que seamos socialmente culpables.<\/em><\/p>\n\n\n\n<p><em>\u201cCondena social por ser pap\u00e1 y mam\u00e1 de C\u00e9sar, por ser piquetero, por ser socialistas, por haber tenido a mi padre tenido por razones pol\u00edticas, por haber levantado la bandera cubana con la argentina, por amar a un caudillo rojo (Emerenciano), por haber hecho Emerenciano m\u00e1s de 400 casas y estamentos p\u00fablicos, SINEM presos por haber creados bibliotecas, centros de recreaci\u00f3n, y tanto m\u00e1s.<\/em><\/p>\n\n\n\n<p><em>\u201cTodo esto nos hace culpables, clan, mafiosos para la Husticia y para aquellos oportunistas que creen que van a volver a gobernar la provincia, y que con el encierro a Emerenciano y la exposici\u00f3n p\u00fablica van a ganar y gobernar.<\/em><\/p>\n\n\n\n<p><em>\u201cSomos inocentes y aquellos que act\u00faan con malicia, que Dios los perdone, han generado mucho dolor y eso todo Dios ve.&nbsp;No se usa el dolor ajeno para posicionarse en una sociedad que cree en los medios de comunicaci\u00f3n.<\/em><\/p>\n\n\n\n<p><em>\u201cSeamos realistas.\u201d<\/em><\/p>\n\n\n\n<p><\/p>\n","protected":false},"excerpt":{"rendered":"<p>Marcela Acu\u00f1a, presa acusada del homicidio de&nbsp;Cecilia Strzyzowski, su exnuera, escribi\u00f3 una carta desde la c\u00e1rcel en la que apunt\u00f3 contra su propio hijo por el crimen. \u201c\u00bfPor qu\u00e9 si&hellip;<\/p>\n","protected":false},"author":3,"featured_media":230072,"comment_status":"closed","ping_status":"open","sticky":false,"template":"","format":"standard","meta":{"_acf_changed":false,"footnotes":""},"categories":[11,12],"tags":[],"class_list":["post-230066","post","type-post","status-publish","format-standard","has-post-thumbnail","hentry","category-que-pasa","category-sociedad"],"acf":[],"yoast_head":"<!-- This site is optimized with the Yoast SEO plugin v27.5 - https:\/\/yoast.com\/product\/yoast-seo-wordpress\/ -->\n<title>Caso Cecilia Strzyzowski: Acu\u00f1a apunt\u00f3 contra su propio hijo - Diario Textual<\/title>\n<meta name=\"robots\" content=\"index, follow, max-snippet:-1, max-image-preview:large, max-video-preview:-1\" \/>\n<link rel=\"canonical\" href=\"https:\/\/diariotextual.com\/inicio\/index.php\/2023\/07\/03\/caso-cecilia-strzyzowski-acuna-apunto-contra-su-propio-hijo\/\" \/>\n<meta property=\"og:locale\" content=\"es_ES\" \/>\n<meta property=\"og:type\" content=\"article\" \/>\n<meta property=\"og:title\" content=\"Caso Cecilia Strzyzowski: Acu\u00f1a apunt\u00f3 contra su propio hijo - Diario Textual\" \/>\n<meta property=\"og:description\" content=\"Marcela Acu\u00f1a, presa acusada del homicidio de&nbsp;Cecilia Strzyzowski, su exnuera, escribi\u00f3 una carta desde la c\u00e1rcel en la que apunt\u00f3 contra su propio hijo por el crimen. \u201c\u00bfPor qu\u00e9 si&hellip;\" \/>\n<meta property=\"og:url\" content=\"https:\/\/diariotextual.com\/inicio\/index.php\/2023\/07\/03\/caso-cecilia-strzyzowski-acuna-apunto-contra-su-propio-hijo\/\" \/>\n<meta property=\"og:site_name\" content=\"Diario Textual\" \/>\n<meta property=\"article:publisher\" content=\"https:\/\/www.facebook.com\/eltextual\" \/>\n<meta property=\"article:published_time\" content=\"2023-07-03T14:12:54+00:00\" \/>\n<meta property=\"article:modified_time\" content=\"2023-07-04T09:29:01+00:00\" \/>\n<meta property=\"og:image\" content=\"https:\/\/diariotextual.com\/inicio\/wp-content\/uploads\/2023\/07\/casoceciliastrzyzowskisenamarcelaacuna2023-1.jpg\" \/>\n\t<meta property=\"og:image:width\" content=\"780\" \/>\n\t<meta property=\"og:image:height\" content=\"482\" \/>\n\t<meta property=\"og:image:type\" content=\"image\/jpeg\" \/>\n<meta name=\"author\" content=\"Diario1 Diario1\" \/>\n<meta name=\"twitter:card\" content=\"summary_large_image\" \/>\n<meta name=\"twitter:creator\" content=\"@eltextual\" \/>\n<meta name=\"twitter:site\" content=\"@eltextual\" \/>\n<meta name=\"twitter:label1\" content=\"Escrito por\" \/>\n\t<meta name=\"twitter:data1\" content=\"Diario1 Diario1\" \/>\n\t<meta name=\"twitter:label2\" content=\"Tiempo de lectura\" \/>\n\t<meta name=\"twitter:data2\" content=\"3 minutos\" \/>\n<script type=\"application\/ld+json\" class=\"yoast-schema-graph\">{\"@context\":\"https:\\\/\\\/schema.org\",\"@graph\":[{\"@type\":\"Article\",\"@id\":\"https:\\\/\\\/diariotextual.com\\\/inicio\\\/index.php\\\/2023\\\/07\\\/03\\\/caso-cecilia-strzyzowski-acuna-apunto-contra-su-propio-hijo\\\/#article\",\"isPartOf\":{\"@id\":\"https:\\\/\\\/diariotextual.com\\\/inicio\\\/index.php\\\/2023\\\/07\\\/03\\\/caso-cecilia-strzyzowski-acuna-apunto-contra-su-propio-hijo\\\/\"},\"author\":{\"name\":\"Diario1 Diario1\",\"@id\":\"https:\\\/\\\/diariotextual.com\\\/inicio\\\/#\\\/schema\\\/person\\\/418fc4093c33e86ed41562db3508f958\"},\"headline\":\"Caso Cecilia Strzyzowski: Acu\u00f1a apunt\u00f3 contra su propio hijo\",\"datePublished\":\"2023-07-03T14:12:54+00:00\",\"dateModified\":\"2023-07-04T09:29:01+00:00\",\"mainEntityOfPage\":{\"@id\":\"https:\\\/\\\/diariotextual.com\\\/inicio\\\/index.php\\\/2023\\\/07\\\/03\\\/caso-cecilia-strzyzowski-acuna-apunto-contra-su-propio-hijo\\\/\"},\"wordCount\":700,\"publisher\":{\"@id\":\"https:\\\/\\\/diariotextual.com\\\/inicio\\\/#organization\"},\"image\":{\"@id\":\"https:\\\/\\\/diariotextual.com\\\/inicio\\\/index.php\\\/2023\\\/07\\\/03\\\/caso-cecilia-strzyzowski-acuna-apunto-contra-su-propio-hijo\\\/#primaryimage\"},\"thumbnailUrl\":\"https:\\\/\\\/diariotextual.com\\\/inicio\\\/wp-content\\\/uploads\\\/2023\\\/07\\\/casoceciliastrzyzowskisenamarcelaacuna2023-1.jpg\",\"articleSection\":[\"A - QUE PASA (al costado)\",\"SOCIEDAD\"],\"inLanguage\":\"es\"},{\"@type\":\"WebPage\",\"@id\":\"https:\\\/\\\/diariotextual.com\\\/inicio\\\/index.php\\\/2023\\\/07\\\/03\\\/caso-cecilia-strzyzowski-acuna-apunto-contra-su-propio-hijo\\\/\",\"url\":\"https:\\\/\\\/diariotextual.com\\\/inicio\\\/index.php\\\/2023\\\/07\\\/03\\\/caso-cecilia-strzyzowski-acuna-apunto-contra-su-propio-hijo\\\/\",\"name\":\"Caso Cecilia Strzyzowski: Acu\u00f1a apunt\u00f3 contra su propio hijo - Diario Textual\",\"isPartOf\":{\"@id\":\"https:\\\/\\\/diariotextual.com\\\/inicio\\\/#website\"},\"primaryImageOfPage\":{\"@id\":\"https:\\\/\\\/diariotextual.com\\\/inicio\\\/index.php\\\/2023\\\/07\\\/03\\\/caso-cecilia-strzyzowski-acuna-apunto-contra-su-propio-hijo\\\/#primaryimage\"},\"image\":{\"@id\":\"https:\\\/\\\/diariotextual.com\\\/inicio\\\/index.php\\\/2023\\\/07\\\/03\\\/caso-cecilia-strzyzowski-acuna-apunto-contra-su-propio-hijo\\\/#primaryimage\"},\"thumbnailUrl\":\"https:\\\/\\\/diariotextual.com\\\/inicio\\\/wp-content\\\/uploads\\\/2023\\\/07\\\/casoceciliastrzyzowskisenamarcelaacuna2023-1.jpg\",\"datePublished\":\"2023-07-03T14:12:54+00:00\",\"dateModified\":\"2023-07-04T09:29:01+00:00\",\"breadcrumb\":{\"@id\":\"https:\\\/\\\/diariotextual.com\\\/inicio\\\/index.php\\\/2023\\\/07\\\/03\\\/caso-cecilia-strzyzowski-acuna-apunto-contra-su-propio-hijo\\\/#breadcrumb\"},\"inLanguage\":\"es\",\"potentialAction\":[{\"@type\":\"ReadAction\",\"target\":[\"https:\\\/\\\/diariotextual.com\\\/inicio\\\/index.php\\\/2023\\\/07\\\/03\\\/caso-cecilia-strzyzowski-acuna-apunto-contra-su-propio-hijo\\\/\"]}]},{\"@type\":\"ImageObject\",\"inLanguage\":\"es\",\"@id\":\"https:\\\/\\\/diariotextual.com\\\/inicio\\\/index.php\\\/2023\\\/07\\\/03\\\/caso-cecilia-strzyzowski-acuna-apunto-contra-su-propio-hijo\\\/#primaryimage\",\"url\":\"https:\\\/\\\/diariotextual.com\\\/inicio\\\/wp-content\\\/uploads\\\/2023\\\/07\\\/casoceciliastrzyzowskisenamarcelaacuna2023-1.jpg\",\"contentUrl\":\"https:\\\/\\\/diariotextual.com\\\/inicio\\\/wp-content\\\/uploads\\\/2023\\\/07\\\/casoceciliastrzyzowskisenamarcelaacuna2023-1.jpg\",\"width\":780,\"height\":482},{\"@type\":\"BreadcrumbList\",\"@id\":\"https:\\\/\\\/diariotextual.com\\\/inicio\\\/index.php\\\/2023\\\/07\\\/03\\\/caso-cecilia-strzyzowski-acuna-apunto-contra-su-propio-hijo\\\/#breadcrumb\",\"itemListElement\":[{\"@type\":\"ListItem\",\"position\":1,\"name\":\"Portada\",\"item\":\"https:\\\/\\\/diariotextual.com\\\/inicio\\\/\"},{\"@type\":\"ListItem\",\"position\":2,\"name\":\"Caso Cecilia Strzyzowski: Acu\u00f1a apunt\u00f3 contra su propio hijo\"}]},{\"@type\":\"WebSite\",\"@id\":\"https:\\\/\\\/diariotextual.com\\\/inicio\\\/#website\",\"url\":\"https:\\\/\\\/diariotextual.com\\\/inicio\\\/\",\"name\":\"Diario Textual\",\"description\":\"\",\"publisher\":{\"@id\":\"https:\\\/\\\/diariotextual.com\\\/inicio\\\/#organization\"},\"potentialAction\":[{\"@type\":\"SearchAction\",\"target\":{\"@type\":\"EntryPoint\",\"urlTemplate\":\"https:\\\/\\\/diariotextual.com\\\/inicio\\\/?s={search_term_string}\"},\"query-input\":{\"@type\":\"PropertyValueSpecification\",\"valueRequired\":true,\"valueName\":\"search_term_string\"}}],\"inLanguage\":\"es\"},{\"@type\":\"Organization\",\"@id\":\"https:\\\/\\\/diariotextual.com\\\/inicio\\\/#organization\",\"name\":\"Diario Textual\",\"url\":\"https:\\\/\\\/diariotextual.com\\\/inicio\\\/\",\"logo\":{\"@type\":\"ImageObject\",\"inLanguage\":\"es\",\"@id\":\"https:\\\/\\\/diariotextual.com\\\/inicio\\\/#\\\/schema\\\/logo\\\/image\\\/\",\"url\":\"https:\\\/\\\/diariotextual.com\\\/inicio\\\/wp-content\\\/uploads\\\/2023\\\/05\\\/logotextual1.jpg\",\"contentUrl\":\"https:\\\/\\\/diariotextual.com\\\/inicio\\\/wp-content\\\/uploads\\\/2023\\\/05\\\/logotextual1.jpg\",\"width\":516,\"height\":76,\"caption\":\"Diario Textual\"},\"image\":{\"@id\":\"https:\\\/\\\/diariotextual.com\\\/inicio\\\/#\\\/schema\\\/logo\\\/image\\\/\"},\"sameAs\":[\"https:\\\/\\\/www.facebook.com\\\/eltextual\",\"https:\\\/\\\/x.com\\\/eltextual\",\"http:\\\/\\\/www.instagram.com\\\/eltextual\"]},{\"@type\":\"Person\",\"@id\":\"https:\\\/\\\/diariotextual.com\\\/inicio\\\/#\\\/schema\\\/person\\\/418fc4093c33e86ed41562db3508f958\",\"name\":\"Diario1 Diario1\",\"image\":{\"@type\":\"ImageObject\",\"inLanguage\":\"es\",\"@id\":\"https:\\\/\\\/secure.gravatar.com\\\/avatar\\\/9167d280179c85bc18be67aa7eda765854300033af4896dd779b608640f2ef7a?s=96&d=mm&r=g\",\"url\":\"https:\\\/\\\/secure.gravatar.com\\\/avatar\\\/9167d280179c85bc18be67aa7eda765854300033af4896dd779b608640f2ef7a?s=96&d=mm&r=g\",\"contentUrl\":\"https:\\\/\\\/secure.gravatar.com\\\/avatar\\\/9167d280179c85bc18be67aa7eda765854300033af4896dd779b608640f2ef7a?s=96&d=mm&r=g\",\"caption\":\"Diario1 Diario1\"},\"url\":\"https:\\\/\\\/diariotextual.com\\\/inicio\\\/index.php\\\/author\\\/diario1\\\/\"}]}<\/script>\n<!-- \/ Yoast SEO plugin. -->","yoast_head_json":{"title":"Caso Cecilia Strzyzowski: Acu\u00f1a apunt\u00f3 contra su propio hijo - Diario Textual","robots":{"index":"index","follow":"follow","max-snippet":"max-snippet:-1","max-image-preview":"max-image-preview:large","max-video-preview":"max-video-preview:-1"},"canonical":"https:\/\/diariotextual.com\/inicio\/index.php\/2023\/07\/03\/caso-cecilia-strzyzowski-acuna-apunto-contra-su-propio-hijo\/","og_locale":"es_ES","og_type":"article","og_title":"Caso Cecilia Strzyzowski: Acu\u00f1a apunt\u00f3 contra su propio hijo - Diario Textual","og_description":"Marcela Acu\u00f1a, presa acusada del homicidio de&nbsp;Cecilia Strzyzowski, su exnuera, escribi\u00f3 una carta desde la c\u00e1rcel en la que apunt\u00f3 contra su propio hijo por el crimen. \u201c\u00bfPor qu\u00e9 si&hellip;","og_url":"https:\/\/diariotextual.com\/inicio\/index.php\/2023\/07\/03\/caso-cecilia-strzyzowski-acuna-apunto-contra-su-propio-hijo\/","og_site_name":"Diario Textual","article_publisher":"https:\/\/www.facebook.com\/eltextual","article_published_time":"2023-07-03T14:12:54+00:00","article_modified_time":"2023-07-04T09:29:01+00:00","og_image":[{"width":780,"height":482,"url":"https:\/\/diariotextual.com\/inicio\/wp-content\/uploads\/2023\/07\/casoceciliastrzyzowskisenamarcelaacuna2023-1.jpg","type":"image\/jpeg"}],"author":"Diario1 Diario1","twitter_card":"summary_large_image","twitter_creator":"@eltextual","twitter_site":"@eltextual","twitter_misc":{"Escrito por":"Diario1 Diario1","Tiempo de lectura":"3 minutos"},"schema":{"@context":"https:\/\/schema.org","@graph":[{"@type":"Article","@id":"https:\/\/diariotextual.com\/inicio\/index.php\/2023\/07\/03\/caso-cecilia-strzyzowski-acuna-apunto-contra-su-propio-hijo\/#article","isPartOf":{"@id":"https:\/\/diariotextual.com\/inicio\/index.php\/2023\/07\/03\/caso-cecilia-strzyzowski-acuna-apunto-contra-su-propio-hijo\/"},"author":{"name":"Diario1 Diario1","@id":"https:\/\/diariotextual.com\/inicio\/#\/schema\/person\/418fc4093c33e86ed41562db3508f958"},"headline":"Caso Cecilia Strzyzowski: Acu\u00f1a apunt\u00f3 contra su propio hijo","datePublished":"2023-07-03T14:12:54+00:00","dateModified":"2023-07-04T09:29:01+00:00","mainEntityOfPage":{"@id":"https:\/\/diariotextual.com\/inicio\/index.php\/2023\/07\/03\/caso-cecilia-strzyzowski-acuna-apunto-contra-su-propio-hijo\/"},"wordCount":700,"publisher":{"@id":"https:\/\/diariotextual.com\/inicio\/#organization"},"image":{"@id":"https:\/\/diariotextual.com\/inicio\/index.php\/2023\/07\/03\/caso-cecilia-strzyzowski-acuna-apunto-contra-su-propio-hijo\/#primaryimage"},"thumbnailUrl":"https:\/\/diariotextual.com\/inicio\/wp-content\/uploads\/2023\/07\/casoceciliastrzyzowskisenamarcelaacuna2023-1.jpg","articleSection":["A - QUE PASA (al costado)","SOCIEDAD"],"inLanguage":"es"},{"@type":"WebPage","@id":"https:\/\/diariotextual.com\/inicio\/index.php\/2023\/07\/03\/caso-cecilia-strzyzowski-acuna-apunto-contra-su-propio-hijo\/","url":"https:\/\/diariotextual.com\/inicio\/index.php\/2023\/07\/03\/caso-cecilia-strzyzowski-acuna-apunto-contra-su-propio-hijo\/","name":"Caso Cecilia Strzyzowski: Acu\u00f1a apunt\u00f3 contra su propio hijo - Diario Textual","isPartOf":{"@id":"https:\/\/diariotextual.com\/inicio\/#website"},"primaryImageOfPage":{"@id":"https:\/\/diariotextual.com\/inicio\/index.php\/2023\/07\/03\/caso-cecilia-strzyzowski-acuna-apunto-contra-su-propio-hijo\/#primaryimage"},"image":{"@id":"https:\/\/diariotextual.com\/inicio\/index.php\/2023\/07\/03\/caso-cecilia-strzyzowski-acuna-apunto-contra-su-propio-hijo\/#primaryimage"},"thumbnailUrl":"https:\/\/diariotextual.com\/inicio\/wp-content\/uploads\/2023\/07\/casoceciliastrzyzowskisenamarcelaacuna2023-1.jpg","datePublished":"2023-07-03T14:12:54+00:00","dateModified":"2023-07-04T09:29:01+00:00","breadcrumb":{"@id":"https:\/\/diariotextual.com\/inicio\/index.php\/2023\/07\/03\/caso-cecilia-strzyzowski-acuna-apunto-contra-su-propio-hijo\/#breadcrumb"},"inLanguage":"es","potentialAction":[{"@type":"ReadAction","target":["https:\/\/diariotextual.com\/inicio\/index.php\/2023\/07\/03\/caso-cecilia-strzyzowski-acuna-apunto-contra-su-propio-hijo\/"]}]},{"@type":"ImageObject","inLanguage":"es","@id":"https:\/\/diariotextual.com\/inicio\/index.php\/2023\/07\/03\/caso-cecilia-strzyzowski-acuna-apunto-contra-su-propio-hijo\/#primaryimage","url":"https:\/\/diariotextual.com\/inicio\/wp-content\/uploads\/2023\/07\/casoceciliastrzyzowskisenamarcelaacuna2023-1.jpg","contentUrl":"https:\/\/diariotextual.com\/inicio\/wp-content\/uploads\/2023\/07\/casoceciliastrzyzowskisenamarcelaacuna2023-1.jpg","width":780,"height":482},{"@type":"BreadcrumbList","@id":"https:\/\/diariotextual.com\/inicio\/index.php\/2023\/07\/03\/caso-cecilia-strzyzowski-acuna-apunto-contra-su-propio-hijo\/#breadcrumb","itemListElement":[{"@type":"ListItem","position":1,"name":"Portada","item":"https:\/\/diariotextual.com\/inicio\/"},{"@type":"ListItem","position":2,"name":"Caso Cecilia Strzyzowski: Acu\u00f1a apunt\u00f3 contra su propio hijo"}]},{"@type":"WebSite","@id":"https:\/\/diariotextual.com\/inicio\/#website","url":"https:\/\/diariotextual.com\/inicio\/","name":"Diario Textual","description":"","publisher":{"@id":"https:\/\/diariotextual.com\/inicio\/#organization"},"potentialAction":[{"@type":"SearchAction","target":{"@type":"EntryPoint","urlTemplate":"https:\/\/diariotextual.com\/inicio\/?s={search_term_string}"},"query-input":{"@type":"PropertyValueSpecification","valueRequired":true,"valueName":"search_term_string"}}],"inLanguage":"es"},{"@type":"Organization","@id":"https:\/\/diariotextual.com\/inicio\/#organization","name":"Diario Textual","url":"https:\/\/diariotextual.com\/inicio\/","logo":{"@type":"ImageObject","inLanguage":"es","@id":"https:\/\/diariotextual.com\/inicio\/#\/schema\/logo\/image\/","url":"https:\/\/diariotextual.com\/inicio\/wp-content\/uploads\/2023\/05\/logotextual1.jpg","contentUrl":"https:\/\/diariotextual.com\/inicio\/wp-content\/uploads\/2023\/05\/logotextual1.jpg","width":516,"height":76,"caption":"Diario Textual"},"image":{"@id":"https:\/\/diariotextual.com\/inicio\/#\/schema\/logo\/image\/"},"sameAs":["https:\/\/www.facebook.com\/eltextual","https:\/\/x.com\/eltextual","http:\/\/www.instagram.com\/eltextual"]},{"@type":"Person","@id":"https:\/\/diariotextual.com\/inicio\/#\/schema\/person\/418fc4093c33e86ed41562db3508f958","name":"Diario1 Diario1","image":{"@type":"ImageObject","inLanguage":"es","@id":"https:\/\/secure.gravatar.com\/avatar\/9167d280179c85bc18be67aa7eda765854300033af4896dd779b608640f2ef7a?s=96&d=mm&r=g","url":"https:\/\/secure.gravatar.com\/avatar\/9167d280179c85bc18be67aa7eda765854300033af4896dd779b608640f2ef7a?s=96&d=mm&r=g","contentUrl":"https:\/\/secure.gravatar.com\/avatar\/9167d280179c85bc18be67aa7eda765854300033af4896dd779b608640f2ef7a?s=96&d=mm&r=g","caption":"Diario1 Diario1"},"url":"https:\/\/diariotextual.com\/inicio\/index.php\/author\/diario1\/"}]}},"_links":{"self":[{"href":"https:\/\/diariotextual.com\/inicio\/index.php\/wp-json\/wp\/v2\/posts\/230066","targetHints":{"allow":["GET"]}}],"collection":[{"href":"https:\/\/diariotextual.com\/inicio\/index.php\/wp-json\/wp\/v2\/posts"}],"about":[{"href":"https:\/\/diariotextual.com\/inicio\/index.php\/wp-json\/wp\/v2\/types\/post"}],"author":[{"embeddable":true,"href":"https:\/\/diariotextual.com\/inicio\/index.php\/wp-json\/wp\/v2\/users\/3"}],"replies":[{"embeddable":true,"href":"https:\/\/diariotextual.com\/inicio\/index.php\/wp-json\/wp\/v2\/comments?post=230066"}],"version-history":[{"count":5,"href":"https:\/\/diariotextual.com\/inicio\/index.php\/wp-json\/wp\/v2\/posts\/230066\/revisions"}],"predecessor-version":[{"id":230071,"href":"https:\/\/diariotextual.com\/inicio\/index.php\/wp-json\/wp\/v2\/posts\/230066\/revisions\/230071"}],"wp:featuredmedia":[{"embeddable":true,"href":"https:\/\/diariotextual.com\/inicio\/index.php\/wp-json\/wp\/v2\/media\/230072"}],"wp:attachment":[{"href":"https:\/\/diariotextual.com\/inicio\/index.php\/wp-json\/wp\/v2\/media?parent=230066"}],"wp:term":[{"taxonomy":"category","embeddable":true,"href":"https:\/\/diariotextual.com\/inicio\/index.php\/wp-json\/wp\/v2\/categories?post=230066"},{"taxonomy":"post_tag","embeddable":true,"href":"https:\/\/diariotextual.com\/inicio\/index.php\/wp-json\/wp\/v2\/tags?post=230066"}],"curies":[{"name":"wp","href":"https:\/\/api.w.org\/{rel}","templated":true}]}}