{"id":230119,"date":"2023-07-03T18:56:39","date_gmt":"2023-07-03T21:56:39","guid":{"rendered":"https:\/\/diariotextual.com\/inicio\/?p=230119"},"modified":"2023-07-03T18:56:41","modified_gmt":"2023-07-03T21:56:41","slug":"reunion-del-consejo-federal-de-medio-ambiente-con-jovenes","status":"publish","type":"post","link":"https:\/\/diariotextual.com\/inicio\/index.php\/2023\/07\/03\/reunion-del-consejo-federal-de-medio-ambiente-con-jovenes\/","title":{"rendered":"Reuni\u00f3n del Consejo Federal de Medio Ambiente con j\u00f3venes"},"content":{"rendered":"\n<p>Con la participaci\u00f3n de j\u00f3venes ambientalistas representando a <strong>m\u00e1s de 15 provincias del pa\u00eds<\/strong> se reuni\u00f3 el Consejo Federal de Medio Ambiente (COFEMA) en Santa Rosa.<\/p>\n\n\n\n<p>La actividad comenz\u00f3 esta ma\u00f1ana en el Auditorio de la Direcci\u00f3n Provincial de Vialidad en Santa Rosa y cont\u00f3 con la presencia del subsecretario de Ambiente, Fabi\u00e1n Titarelli; la representante del Co.Fe.MA Joven en La Pampa, Karla Comoglio y referentes de las provincias presentes.<\/p>\n\n\n\n<p>Titarelli explic\u00f3 a la Agencia Provincial de Noticias que se trat\u00f3 de una jornada de trabajo de Co.Fe.MA Joven, que es un ap\u00e9ndice del Consejo Federal de Medio Ambiente. \u201c<strong>La funci\u00f3n del CoFeMA es generar y proponer pol\u00edticas p\u00fablicas en defensa del ambiente.<\/strong> Estos j\u00f3venes ambientalistas se van a juntar para empezar a charlar de la situaci\u00f3n actual ambiental del pa\u00eds y plantear soluciones o pol\u00edticas que a su entender deber\u00edan llevarse a cabo\u201d, agreg\u00f3.<\/p>\n\n\n\n<p>Adem\u00e1s, remarc\u00f3 la buena participaci\u00f3n con representantes de varias provincias del pa\u00eds y los referentes del Ministerio de Ambiente y Desarrollo Sostenible de Naci\u00f3n y dijo que se trabajar\u00e1n con los temas que est\u00e1n dando vuelta hace tiempo y que tienen una preocupaci\u00f3n esencial: <strong>\u201cCambio clim\u00e1tico, gesti\u00f3n de residuos, \u00e1reas protegidas, conservaci\u00f3n de la biodiversidad, esos ser\u00edan los temas de fondo\u201d.<\/strong><\/p>\n\n\n\n<p>\u201cEn La Pampa estamos trabajando mucho en estos temas. Siempre se puede estar mejor. Tenemos una preocupaci\u00f3n clara respecto a esos temas y los estamos abordando y trabajando bien\u201d, concluy\u00f3.<\/p>\n\n\n\n<p>Karla Comoglio, la referente pampeana, manifest\u00f3 la importancia de recibir a representantes de otras provincias. \u201cEstamos contentos de generar estos espacios. Surgi\u00f3 el a\u00f1o pasado con una propuesta del Ministerio de Naci\u00f3n, de crear una Comisi\u00f3n de Juventudes. Desde ah\u00ed empezamos a tener otro tipo de voz de todas las provincias, en un tema que es importante para toda la poblaci\u00f3n y nos involucra de lleno\u201d, afirm\u00f3.<\/p>\n\n\n\n<p>\u201cLa iniciativa es escuchar qu\u00e9 se est\u00e1 haciendo en otras provincias para empezar a trabajar una pol\u00edtica p\u00fablica en materia ambiental con la voz de las juventudes de cada una de las provincias para llegar a todos los puntos del pa\u00eds, y poder generar que la voz sea escuchada en este tema fundamental\u201d, agreg\u00f3.<\/p>\n","protected":false},"excerpt":{"rendered":"<p>Con la participaci\u00f3n de j\u00f3venes ambientalistas representando a m\u00e1s de 15 provincias del pa\u00eds se reuni\u00f3 el Consejo Federal de Medio Ambiente (COFEMA) en Santa Rosa. La actividad comenz\u00f3 esta&hellip;<\/p>\n","protected":false},"author":5,"featured_media":230120,"comment_status":"closed","ping_status":"open","sticky":false,"template":"","format":"standard","meta":{"_acf_changed":false,"footnotes":""},"categories":[1,12],"tags":[7580,100,3935],"class_list":["post-230119","post","type-post","status-publish","format-standard","has-post-thumbnail","hentry","category-es-noticia","category-sociedad","tag-cofema","tag-la-pampa","tag-medio-ambiente"],"acf":[],"yoast_head":"<!-- This site is optimized with the Yoast SEO plugin v27.5 - https:\/\/yoast.com\/product\/yoast-seo-wordpress\/ -->\n<title>Reuni\u00f3n del Consejo Federal de Medio Ambiente con j\u00f3venes - Diario Textual<\/title>\n<meta name=\"robots\" content=\"index, follow, max-snippet:-1, max-image-preview:large, max-video-preview:-1\" \/>\n<link rel=\"canonical\" href=\"https:\/\/diariotextual.com\/inicio\/index.php\/2023\/07\/03\/reunion-del-consejo-federal-de-medio-ambiente-con-jovenes\/\" \/>\n<meta property=\"og:locale\" content=\"es_ES\" \/>\n<meta property=\"og:type\" content=\"article\" \/>\n<meta property=\"og:title\" content=\"Reuni\u00f3n del Consejo Federal de Medio Ambiente con j\u00f3venes - Diario Textual\" \/>\n<meta property=\"og:description\" content=\"Con la participaci\u00f3n de j\u00f3venes ambientalistas representando a m\u00e1s de 15 provincias del pa\u00eds se reuni\u00f3 el Consejo Federal de Medio Ambiente (COFEMA) en Santa Rosa. La actividad comenz\u00f3 esta&hellip;\" \/>\n<meta property=\"og:url\" content=\"https:\/\/diariotextual.com\/inicio\/index.php\/2023\/07\/03\/reunion-del-consejo-federal-de-medio-ambiente-con-jovenes\/\" \/>\n<meta property=\"og:site_name\" content=\"Diario Textual\" \/>\n<meta property=\"article:publisher\" content=\"https:\/\/www.facebook.com\/eltextual\" \/>\n<meta property=\"article:published_time\" content=\"2023-07-03T21:56:39+00:00\" \/>\n<meta property=\"article:modified_time\" content=\"2023-07-03T21:56:41+00:00\" \/>\n<meta property=\"og:image\" content=\"https:\/\/diariotextual.com\/inicio\/wp-content\/uploads\/2023\/07\/CoFeMaLaPampa.jpg\" \/>\n\t<meta property=\"og:image:width\" content=\"900\" \/>\n\t<meta property=\"og:image:height\" content=\"452\" \/>\n\t<meta property=\"og:image:type\" content=\"image\/jpeg\" \/>\n<meta name=\"author\" content=\"diario3\" \/>\n<meta name=\"twitter:card\" content=\"summary_large_image\" \/>\n<meta name=\"twitter:creator\" content=\"@eltextual\" \/>\n<meta name=\"twitter:site\" content=\"@eltextual\" \/>\n<meta name=\"twitter:label1\" content=\"Escrito por\" \/>\n\t<meta name=\"twitter:data1\" content=\"diario3\" \/>\n\t<meta name=\"twitter:label2\" content=\"Tiempo de lectura\" \/>\n\t<meta name=\"twitter:data2\" content=\"2 minutos\" \/>\n<script type=\"application\/ld+json\" class=\"yoast-schema-graph\">{\"@context\":\"https:\\\/\\\/schema.org\",\"@graph\":[{\"@type\":\"Article\",\"@id\":\"https:\\\/\\\/diariotextual.com\\\/inicio\\\/index.php\\\/2023\\\/07\\\/03\\\/reunion-del-consejo-federal-de-medio-ambiente-con-jovenes\\\/#article\",\"isPartOf\":{\"@id\":\"https:\\\/\\\/diariotextual.com\\\/inicio\\\/index.php\\\/2023\\\/07\\\/03\\\/reunion-del-consejo-federal-de-medio-ambiente-con-jovenes\\\/\"},\"author\":{\"name\":\"diario3\",\"@id\":\"https:\\\/\\\/diariotextual.com\\\/inicio\\\/#\\\/schema\\\/person\\\/a1b6f563e0ee944c60f98119389a4d9f\"},\"headline\":\"Reuni\u00f3n del Consejo Federal de Medio Ambiente con j\u00f3venes\",\"datePublished\":\"2023-07-03T21:56:39+00:00\",\"dateModified\":\"2023-07-03T21:56:41+00:00\",\"mainEntityOfPage\":{\"@id\":\"https:\\\/\\\/diariotextual.com\\\/inicio\\\/index.php\\\/2023\\\/07\\\/03\\\/reunion-del-consejo-federal-de-medio-ambiente-con-jovenes\\\/\"},\"wordCount\":406,\"publisher\":{\"@id\":\"https:\\\/\\\/diariotextual.com\\\/inicio\\\/#organization\"},\"image\":{\"@id\":\"https:\\\/\\\/diariotextual.com\\\/inicio\\\/index.php\\\/2023\\\/07\\\/03\\\/reunion-del-consejo-federal-de-medio-ambiente-con-jovenes\\\/#primaryimage\"},\"thumbnailUrl\":\"https:\\\/\\\/diariotextual.com\\\/inicio\\\/wp-content\\\/uploads\\\/2023\\\/07\\\/CoFeMaLaPampa.jpg\",\"keywords\":[\"CoFeMa\",\"la pampa\",\"medio ambiente\"],\"articleSection\":[\"A - ES NOTICIA (van abajo)\",\"SOCIEDAD\"],\"inLanguage\":\"es\"},{\"@type\":\"WebPage\",\"@id\":\"https:\\\/\\\/diariotextual.com\\\/inicio\\\/index.php\\\/2023\\\/07\\\/03\\\/reunion-del-consejo-federal-de-medio-ambiente-con-jovenes\\\/\",\"url\":\"https:\\\/\\\/diariotextual.com\\\/inicio\\\/index.php\\\/2023\\\/07\\\/03\\\/reunion-del-consejo-federal-de-medio-ambiente-con-jovenes\\\/\",\"name\":\"Reuni\u00f3n del Consejo Federal de Medio Ambiente con j\u00f3venes - Diario Textual\",\"isPartOf\":{\"@id\":\"https:\\\/\\\/diariotextual.com\\\/inicio\\\/#website\"},\"primaryImageOfPage\":{\"@id\":\"https:\\\/\\\/diariotextual.com\\\/inicio\\\/index.php\\\/2023\\\/07\\\/03\\\/reunion-del-consejo-federal-de-medio-ambiente-con-jovenes\\\/#primaryimage\"},\"image\":{\"@id\":\"https:\\\/\\\/diariotextual.com\\\/inicio\\\/index.php\\\/2023\\\/07\\\/03\\\/reunion-del-consejo-federal-de-medio-ambiente-con-jovenes\\\/#primaryimage\"},\"thumbnailUrl\":\"https:\\\/\\\/diariotextual.com\\\/inicio\\\/wp-content\\\/uploads\\\/2023\\\/07\\\/CoFeMaLaPampa.jpg\",\"datePublished\":\"2023-07-03T21:56:39+00:00\",\"dateModified\":\"2023-07-03T21:56:41+00:00\",\"breadcrumb\":{\"@id\":\"https:\\\/\\\/diariotextual.com\\\/inicio\\\/index.php\\\/2023\\\/07\\\/03\\\/reunion-del-consejo-federal-de-medio-ambiente-con-jovenes\\\/#breadcrumb\"},\"inLanguage\":\"es\",\"potentialAction\":[{\"@type\":\"ReadAction\",\"target\":[\"https:\\\/\\\/diariotextual.com\\\/inicio\\\/index.php\\\/2023\\\/07\\\/03\\\/reunion-del-consejo-federal-de-medio-ambiente-con-jovenes\\\/\"]}]},{\"@type\":\"ImageObject\",\"inLanguage\":\"es\",\"@id\":\"https:\\\/\\\/diariotextual.com\\\/inicio\\\/index.php\\\/2023\\\/07\\\/03\\\/reunion-del-consejo-federal-de-medio-ambiente-con-jovenes\\\/#primaryimage\",\"url\":\"https:\\\/\\\/diariotextual.com\\\/inicio\\\/wp-content\\\/uploads\\\/2023\\\/07\\\/CoFeMaLaPampa.jpg\",\"contentUrl\":\"https:\\\/\\\/diariotextual.com\\\/inicio\\\/wp-content\\\/uploads\\\/2023\\\/07\\\/CoFeMaLaPampa.jpg\",\"width\":900,\"height\":452},{\"@type\":\"BreadcrumbList\",\"@id\":\"https:\\\/\\\/diariotextual.com\\\/inicio\\\/index.php\\\/2023\\\/07\\\/03\\\/reunion-del-consejo-federal-de-medio-ambiente-con-jovenes\\\/#breadcrumb\",\"itemListElement\":[{\"@type\":\"ListItem\",\"position\":1,\"name\":\"Portada\",\"item\":\"https:\\\/\\\/diariotextual.com\\\/inicio\\\/\"},{\"@type\":\"ListItem\",\"position\":2,\"name\":\"Reuni\u00f3n del Consejo Federal de Medio Ambiente con j\u00f3venes\"}]},{\"@type\":\"WebSite\",\"@id\":\"https:\\\/\\\/diariotextual.com\\\/inicio\\\/#website\",\"url\":\"https:\\\/\\\/diariotextual.com\\\/inicio\\\/\",\"name\":\"Diario Textual\",\"description\":\"\",\"publisher\":{\"@id\":\"https:\\\/\\\/diariotextual.com\\\/inicio\\\/#organization\"},\"potentialAction\":[{\"@type\":\"SearchAction\",\"target\":{\"@type\":\"EntryPoint\",\"urlTemplate\":\"https:\\\/\\\/diariotextual.com\\\/inicio\\\/?s={search_term_string}\"},\"query-input\":{\"@type\":\"PropertyValueSpecification\",\"valueRequired\":true,\"valueName\":\"search_term_string\"}}],\"inLanguage\":\"es\"},{\"@type\":\"Organization\",\"@id\":\"https:\\\/\\\/diariotextual.com\\\/inicio\\\/#organization\",\"name\":\"Diario Textual\",\"url\":\"https:\\\/\\\/diariotextual.com\\\/inicio\\\/\",\"logo\":{\"@type\":\"ImageObject\",\"inLanguage\":\"es\",\"@id\":\"https:\\\/\\\/diariotextual.com\\\/inicio\\\/#\\\/schema\\\/logo\\\/image\\\/\",\"url\":\"https:\\\/\\\/diariotextual.com\\\/inicio\\\/wp-content\\\/uploads\\\/2023\\\/05\\\/logotextual1.jpg\",\"contentUrl\":\"https:\\\/\\\/diariotextual.com\\\/inicio\\\/wp-content\\\/uploads\\\/2023\\\/05\\\/logotextual1.jpg\",\"width\":516,\"height\":76,\"caption\":\"Diario Textual\"},\"image\":{\"@id\":\"https:\\\/\\\/diariotextual.com\\\/inicio\\\/#\\\/schema\\\/logo\\\/image\\\/\"},\"sameAs\":[\"https:\\\/\\\/www.facebook.com\\\/eltextual\",\"https:\\\/\\\/x.com\\\/eltextual\",\"http:\\\/\\\/www.instagram.com\\\/eltextual\"]},{\"@type\":\"Person\",\"@id\":\"https:\\\/\\\/diariotextual.com\\\/inicio\\\/#\\\/schema\\\/person\\\/a1b6f563e0ee944c60f98119389a4d9f\",\"name\":\"diario3\",\"image\":{\"@type\":\"ImageObject\",\"inLanguage\":\"es\",\"@id\":\"https:\\\/\\\/secure.gravatar.com\\\/avatar\\\/5e7ee62c82fc04d9dd79d746a390d93c69c43223e5faeeb3ea9461ef752bfc5d?s=96&d=mm&r=g\",\"url\":\"https:\\\/\\\/secure.gravatar.com\\\/avatar\\\/5e7ee62c82fc04d9dd79d746a390d93c69c43223e5faeeb3ea9461ef752bfc5d?s=96&d=mm&r=g\",\"contentUrl\":\"https:\\\/\\\/secure.gravatar.com\\\/avatar\\\/5e7ee62c82fc04d9dd79d746a390d93c69c43223e5faeeb3ea9461ef752bfc5d?s=96&d=mm&r=g\",\"caption\":\"diario3\"},\"url\":\"https:\\\/\\\/diariotextual.com\\\/inicio\\\/index.php\\\/author\\\/diario3\\\/\"}]}<\/script>\n<!-- \/ Yoast SEO plugin. -->","yoast_head_json":{"title":"Reuni\u00f3n del Consejo Federal de Medio Ambiente con j\u00f3venes - Diario Textual","robots":{"index":"index","follow":"follow","max-snippet":"max-snippet:-1","max-image-preview":"max-image-preview:large","max-video-preview":"max-video-preview:-1"},"canonical":"https:\/\/diariotextual.com\/inicio\/index.php\/2023\/07\/03\/reunion-del-consejo-federal-de-medio-ambiente-con-jovenes\/","og_locale":"es_ES","og_type":"article","og_title":"Reuni\u00f3n del Consejo Federal de Medio Ambiente con j\u00f3venes - Diario Textual","og_description":"Con la participaci\u00f3n de j\u00f3venes ambientalistas representando a m\u00e1s de 15 provincias del pa\u00eds se reuni\u00f3 el Consejo Federal de Medio Ambiente (COFEMA) en Santa Rosa. La actividad comenz\u00f3 esta&hellip;","og_url":"https:\/\/diariotextual.com\/inicio\/index.php\/2023\/07\/03\/reunion-del-consejo-federal-de-medio-ambiente-con-jovenes\/","og_site_name":"Diario Textual","article_publisher":"https:\/\/www.facebook.com\/eltextual","article_published_time":"2023-07-03T21:56:39+00:00","article_modified_time":"2023-07-03T21:56:41+00:00","og_image":[{"width":900,"height":452,"url":"https:\/\/diariotextual.com\/inicio\/wp-content\/uploads\/2023\/07\/CoFeMaLaPampa.jpg","type":"image\/jpeg"}],"author":"diario3","twitter_card":"summary_large_image","twitter_creator":"@eltextual","twitter_site":"@eltextual","twitter_misc":{"Escrito por":"diario3","Tiempo de lectura":"2 minutos"},"schema":{"@context":"https:\/\/schema.org","@graph":[{"@type":"Article","@id":"https:\/\/diariotextual.com\/inicio\/index.php\/2023\/07\/03\/reunion-del-consejo-federal-de-medio-ambiente-con-jovenes\/#article","isPartOf":{"@id":"https:\/\/diariotextual.com\/inicio\/index.php\/2023\/07\/03\/reunion-del-consejo-federal-de-medio-ambiente-con-jovenes\/"},"author":{"name":"diario3","@id":"https:\/\/diariotextual.com\/inicio\/#\/schema\/person\/a1b6f563e0ee944c60f98119389a4d9f"},"headline":"Reuni\u00f3n del Consejo Federal de Medio Ambiente con j\u00f3venes","datePublished":"2023-07-03T21:56:39+00:00","dateModified":"2023-07-03T21:56:41+00:00","mainEntityOfPage":{"@id":"https:\/\/diariotextual.com\/inicio\/index.php\/2023\/07\/03\/reunion-del-consejo-federal-de-medio-ambiente-con-jovenes\/"},"wordCount":406,"publisher":{"@id":"https:\/\/diariotextual.com\/inicio\/#organization"},"image":{"@id":"https:\/\/diariotextual.com\/inicio\/index.php\/2023\/07\/03\/reunion-del-consejo-federal-de-medio-ambiente-con-jovenes\/#primaryimage"},"thumbnailUrl":"https:\/\/diariotextual.com\/inicio\/wp-content\/uploads\/2023\/07\/CoFeMaLaPampa.jpg","keywords":["CoFeMa","la pampa","medio ambiente"],"articleSection":["A - ES NOTICIA (van abajo)","SOCIEDAD"],"inLanguage":"es"},{"@type":"WebPage","@id":"https:\/\/diariotextual.com\/inicio\/index.php\/2023\/07\/03\/reunion-del-consejo-federal-de-medio-ambiente-con-jovenes\/","url":"https:\/\/diariotextual.com\/inicio\/index.php\/2023\/07\/03\/reunion-del-consejo-federal-de-medio-ambiente-con-jovenes\/","name":"Reuni\u00f3n del Consejo Federal de Medio Ambiente con j\u00f3venes - Diario Textual","isPartOf":{"@id":"https:\/\/diariotextual.com\/inicio\/#website"},"primaryImageOfPage":{"@id":"https:\/\/diariotextual.com\/inicio\/index.php\/2023\/07\/03\/reunion-del-consejo-federal-de-medio-ambiente-con-jovenes\/#primaryimage"},"image":{"@id":"https:\/\/diariotextual.com\/inicio\/index.php\/2023\/07\/03\/reunion-del-consejo-federal-de-medio-ambiente-con-jovenes\/#primaryimage"},"thumbnailUrl":"https:\/\/diariotextual.com\/inicio\/wp-content\/uploads\/2023\/07\/CoFeMaLaPampa.jpg","datePublished":"2023-07-03T21:56:39+00:00","dateModified":"2023-07-03T21:56:41+00:00","breadcrumb":{"@id":"https:\/\/diariotextual.com\/inicio\/index.php\/2023\/07\/03\/reunion-del-consejo-federal-de-medio-ambiente-con-jovenes\/#breadcrumb"},"inLanguage":"es","potentialAction":[{"@type":"ReadAction","target":["https:\/\/diariotextual.com\/inicio\/index.php\/2023\/07\/03\/reunion-del-consejo-federal-de-medio-ambiente-con-jovenes\/"]}]},{"@type":"ImageObject","inLanguage":"es","@id":"https:\/\/diariotextual.com\/inicio\/index.php\/2023\/07\/03\/reunion-del-consejo-federal-de-medio-ambiente-con-jovenes\/#primaryimage","url":"https:\/\/diariotextual.com\/inicio\/wp-content\/uploads\/2023\/07\/CoFeMaLaPampa.jpg","contentUrl":"https:\/\/diariotextual.com\/inicio\/wp-content\/uploads\/2023\/07\/CoFeMaLaPampa.jpg","width":900,"height":452},{"@type":"BreadcrumbList","@id":"https:\/\/diariotextual.com\/inicio\/index.php\/2023\/07\/03\/reunion-del-consejo-federal-de-medio-ambiente-con-jovenes\/#breadcrumb","itemListElement":[{"@type":"ListItem","position":1,"name":"Portada","item":"https:\/\/diariotextual.com\/inicio\/"},{"@type":"ListItem","position":2,"name":"Reuni\u00f3n del Consejo Federal de Medio Ambiente con j\u00f3venes"}]},{"@type":"WebSite","@id":"https:\/\/diariotextual.com\/inicio\/#website","url":"https:\/\/diariotextual.com\/inicio\/","name":"Diario Textual","description":"","publisher":{"@id":"https:\/\/diariotextual.com\/inicio\/#organization"},"potentialAction":[{"@type":"SearchAction","target":{"@type":"EntryPoint","urlTemplate":"https:\/\/diariotextual.com\/inicio\/?s={search_term_string}"},"query-input":{"@type":"PropertyValueSpecification","valueRequired":true,"valueName":"search_term_string"}}],"inLanguage":"es"},{"@type":"Organization","@id":"https:\/\/diariotextual.com\/inicio\/#organization","name":"Diario Textual","url":"https:\/\/diariotextual.com\/inicio\/","logo":{"@type":"ImageObject","inLanguage":"es","@id":"https:\/\/diariotextual.com\/inicio\/#\/schema\/logo\/image\/","url":"https:\/\/diariotextual.com\/inicio\/wp-content\/uploads\/2023\/05\/logotextual1.jpg","contentUrl":"https:\/\/diariotextual.com\/inicio\/wp-content\/uploads\/2023\/05\/logotextual1.jpg","width":516,"height":76,"caption":"Diario Textual"},"image":{"@id":"https:\/\/diariotextual.com\/inicio\/#\/schema\/logo\/image\/"},"sameAs":["https:\/\/www.facebook.com\/eltextual","https:\/\/x.com\/eltextual","http:\/\/www.instagram.com\/eltextual"]},{"@type":"Person","@id":"https:\/\/diariotextual.com\/inicio\/#\/schema\/person\/a1b6f563e0ee944c60f98119389a4d9f","name":"diario3","image":{"@type":"ImageObject","inLanguage":"es","@id":"https:\/\/secure.gravatar.com\/avatar\/5e7ee62c82fc04d9dd79d746a390d93c69c43223e5faeeb3ea9461ef752bfc5d?s=96&d=mm&r=g","url":"https:\/\/secure.gravatar.com\/avatar\/5e7ee62c82fc04d9dd79d746a390d93c69c43223e5faeeb3ea9461ef752bfc5d?s=96&d=mm&r=g","contentUrl":"https:\/\/secure.gravatar.com\/avatar\/5e7ee62c82fc04d9dd79d746a390d93c69c43223e5faeeb3ea9461ef752bfc5d?s=96&d=mm&r=g","caption":"diario3"},"url":"https:\/\/diariotextual.com\/inicio\/index.php\/author\/diario3\/"}]}},"_links":{"self":[{"href":"https:\/\/diariotextual.com\/inicio\/index.php\/wp-json\/wp\/v2\/posts\/230119","targetHints":{"allow":["GET"]}}],"collection":[{"href":"https:\/\/diariotextual.com\/inicio\/index.php\/wp-json\/wp\/v2\/posts"}],"about":[{"href":"https:\/\/diariotextual.com\/inicio\/index.php\/wp-json\/wp\/v2\/types\/post"}],"author":[{"embeddable":true,"href":"https:\/\/diariotextual.com\/inicio\/index.php\/wp-json\/wp\/v2\/users\/5"}],"replies":[{"embeddable":true,"href":"https:\/\/diariotextual.com\/inicio\/index.php\/wp-json\/wp\/v2\/comments?post=230119"}],"version-history":[{"count":1,"href":"https:\/\/diariotextual.com\/inicio\/index.php\/wp-json\/wp\/v2\/posts\/230119\/revisions"}],"predecessor-version":[{"id":230121,"href":"https:\/\/diariotextual.com\/inicio\/index.php\/wp-json\/wp\/v2\/posts\/230119\/revisions\/230121"}],"wp:featuredmedia":[{"embeddable":true,"href":"https:\/\/diariotextual.com\/inicio\/index.php\/wp-json\/wp\/v2\/media\/230120"}],"wp:attachment":[{"href":"https:\/\/diariotextual.com\/inicio\/index.php\/wp-json\/wp\/v2\/media?parent=230119"}],"wp:term":[{"taxonomy":"category","embeddable":true,"href":"https:\/\/diariotextual.com\/inicio\/index.php\/wp-json\/wp\/v2\/categories?post=230119"},{"taxonomy":"post_tag","embeddable":true,"href":"https:\/\/diariotextual.com\/inicio\/index.php\/wp-json\/wp\/v2\/tags?post=230119"}],"curies":[{"name":"wp","href":"https:\/\/api.w.org\/{rel}","templated":true}]}}