{"id":230126,"date":"2023-07-03T20:51:11","date_gmt":"2023-07-03T23:51:11","guid":{"rendered":"https:\/\/diariotextual.com\/inicio\/?p=230126"},"modified":"2023-07-04T06:55:04","modified_gmt":"2023-07-04T09:55:04","slug":"laboulaye-familia-y-amigos-despidieron-los-restos-del-adolescente-asesinado","status":"publish","type":"post","link":"https:\/\/diariotextual.com\/inicio\/index.php\/2023\/07\/03\/laboulaye-familia-y-amigos-despidieron-los-restos-del-adolescente-asesinado\/","title":{"rendered":"Laboulaye: familia y amigos despidieron los restos del adolescente asesinado"},"content":{"rendered":"\n<p>Cientos de vecinos de <strong>Laboulaye, localidad del sur cordob\u00e9s en el l\u00edmite con La Pampa, despidieron hoy los restos de Joaqu\u00edn Sperani, el chico de 14 a\u00f1os que fue asesinado a golpes<\/strong> por un amigo de la misma edad, en medio de aplausos y gestos de dolor e incredulidad.<\/p>\n\n\n\n<p>Alrededor de las 17.30 el f\u00e9retro que llevaba el cuerpo del adolescente fue llevado desde el lugar en el que se celebr\u00f3 el velatorio, al club Hurac\u00e1n, donde jugaba al f\u00fatbol, y a la escuela, los lugares que frecuentaba.<\/p>\n\n\n\n<p>Finalmente, <strong>los restos del chico fueron inhumados en el cementerio de Jes\u00fas Redentor<\/strong>, en la localidad del sudoeste cordob\u00e9s, que vive una conmoci\u00f3n total por lo ocurrido.<\/p>\n\n\n\n<p>El <strong>chico muri\u00f3 a causa de un traumatismo de cr\u00e1neo y que sufri\u00f3 un da\u00f1o encef\u00e1lico que le provoc\u00f3 la muerte inmediata, luego de recibir golpes en la cabeza<\/strong>, revel\u00f3 el informe difundido por el sitio de Cadena 3.<\/p>\n\n\n\n<p>En tanto, <strong>el presunto responsable del crimen, un adolescente de la misma edad, fue trasladado este lunes a un centro de detenci\u00f3n juvenil para su \u00abresguardo\u00bb.<\/strong><\/p>\n\n\n\n<p>El joven, que habr\u00eda confesado la autor\u00eda del asesinato, es inimputable a causa de su edad, y est\u00e1 a disposici\u00f3n del juez de de Control, Ni\u00f1ez, Adolescencia, Penal Juvenil, Violencia Familiar y de G\u00e9nero y Faltas de Laboulaye, Sebasti\u00e1n Moro.<\/p>\n\n\n\n<p>La informaci\u00f3n judicial indica que \u00abse pudo establecer la presunta participaci\u00f3n no punible de un ni\u00f1o de 14 a\u00f1os\u00bb en la muerte de Joaqu\u00edn y a\u00f1ade que \u00abel adolescente involucrado en el hecho actualmente se encuentra alojado para su resguardo en el Centro de Admisi\u00f3n y Diagnostico (CAD), que depende del Complejo Esperanza, de la ciudad de C\u00f3rdoba\u00bb, donde en las pr\u00f3ximas horas se llevar\u00e1n a cabo estudios diagn\u00f3sticos, psicosociales y ambientales.<\/p>\n","protected":false},"excerpt":{"rendered":"<p>Cientos de vecinos de Laboulaye, localidad del sur cordob\u00e9s en el l\u00edmite con La Pampa, despidieron hoy los restos de Joaqu\u00edn Sperani, el chico de 14 a\u00f1os que fue asesinado&hellip;<\/p>\n","protected":false},"author":5,"featured_media":230127,"comment_status":"closed","ping_status":"open","sticky":false,"template":"","format":"standard","meta":{"_acf_changed":false,"footnotes":""},"categories":[1,12],"tags":[1392,7582],"class_list":["post-230126","post","type-post","status-publish","format-standard","has-post-thumbnail","hentry","category-es-noticia","category-sociedad","tag-adolescentes","tag-laboulaye"],"acf":[],"yoast_head":"<!-- This site is optimized with the Yoast SEO plugin v27.5 - https:\/\/yoast.com\/product\/yoast-seo-wordpress\/ -->\n<title>Laboulaye: familia y amigos despidieron los restos del adolescente asesinado - Diario Textual<\/title>\n<meta name=\"robots\" content=\"index, follow, max-snippet:-1, max-image-preview:large, max-video-preview:-1\" \/>\n<link rel=\"canonical\" href=\"https:\/\/diariotextual.com\/inicio\/index.php\/2023\/07\/03\/laboulaye-familia-y-amigos-despidieron-los-restos-del-adolescente-asesinado\/\" \/>\n<meta property=\"og:locale\" content=\"es_ES\" \/>\n<meta property=\"og:type\" content=\"article\" \/>\n<meta property=\"og:title\" content=\"Laboulaye: familia y amigos despidieron los restos del adolescente asesinado - Diario Textual\" \/>\n<meta property=\"og:description\" content=\"Cientos de vecinos de Laboulaye, localidad del sur cordob\u00e9s en el l\u00edmite con La Pampa, despidieron hoy los restos de Joaqu\u00edn Sperani, el chico de 14 a\u00f1os que fue asesinado&hellip;\" \/>\n<meta property=\"og:url\" content=\"https:\/\/diariotextual.com\/inicio\/index.php\/2023\/07\/03\/laboulaye-familia-y-amigos-despidieron-los-restos-del-adolescente-asesinado\/\" \/>\n<meta property=\"og:site_name\" content=\"Diario Textual\" \/>\n<meta property=\"article:publisher\" content=\"https:\/\/www.facebook.com\/eltextual\" \/>\n<meta property=\"article:published_time\" content=\"2023-07-03T23:51:11+00:00\" \/>\n<meta property=\"article:modified_time\" content=\"2023-07-04T09:55:04+00:00\" \/>\n<meta property=\"og:image\" content=\"https:\/\/diariotextual.com\/inicio\/wp-content\/uploads\/2023\/07\/laboulayejoaquinsperani.jpg\" \/>\n\t<meta property=\"og:image:width\" content=\"803\" \/>\n\t<meta property=\"og:image:height\" content=\"452\" \/>\n\t<meta property=\"og:image:type\" content=\"image\/jpeg\" \/>\n<meta name=\"author\" content=\"diario3\" \/>\n<meta name=\"twitter:card\" content=\"summary_large_image\" \/>\n<meta name=\"twitter:creator\" content=\"@eltextual\" \/>\n<meta name=\"twitter:site\" content=\"@eltextual\" \/>\n<meta name=\"twitter:label1\" content=\"Escrito por\" \/>\n\t<meta name=\"twitter:data1\" content=\"diario3\" \/>\n\t<meta name=\"twitter:label2\" content=\"Tiempo de lectura\" \/>\n\t<meta name=\"twitter:data2\" content=\"2 minutos\" \/>\n<script type=\"application\/ld+json\" class=\"yoast-schema-graph\">{\"@context\":\"https:\\\/\\\/schema.org\",\"@graph\":[{\"@type\":\"Article\",\"@id\":\"https:\\\/\\\/diariotextual.com\\\/inicio\\\/index.php\\\/2023\\\/07\\\/03\\\/laboulaye-familia-y-amigos-despidieron-los-restos-del-adolescente-asesinado\\\/#article\",\"isPartOf\":{\"@id\":\"https:\\\/\\\/diariotextual.com\\\/inicio\\\/index.php\\\/2023\\\/07\\\/03\\\/laboulaye-familia-y-amigos-despidieron-los-restos-del-adolescente-asesinado\\\/\"},\"author\":{\"name\":\"diario3\",\"@id\":\"https:\\\/\\\/diariotextual.com\\\/inicio\\\/#\\\/schema\\\/person\\\/a1b6f563e0ee944c60f98119389a4d9f\"},\"headline\":\"Laboulaye: familia y amigos despidieron los restos del adolescente asesinado\",\"datePublished\":\"2023-07-03T23:51:11+00:00\",\"dateModified\":\"2023-07-04T09:55:04+00:00\",\"mainEntityOfPage\":{\"@id\":\"https:\\\/\\\/diariotextual.com\\\/inicio\\\/index.php\\\/2023\\\/07\\\/03\\\/laboulaye-familia-y-amigos-despidieron-los-restos-del-adolescente-asesinado\\\/\"},\"wordCount\":329,\"publisher\":{\"@id\":\"https:\\\/\\\/diariotextual.com\\\/inicio\\\/#organization\"},\"image\":{\"@id\":\"https:\\\/\\\/diariotextual.com\\\/inicio\\\/index.php\\\/2023\\\/07\\\/03\\\/laboulaye-familia-y-amigos-despidieron-los-restos-del-adolescente-asesinado\\\/#primaryimage\"},\"thumbnailUrl\":\"https:\\\/\\\/diariotextual.com\\\/inicio\\\/wp-content\\\/uploads\\\/2023\\\/07\\\/laboulayejoaquinsperani.jpg\",\"keywords\":[\"adolescentes\",\"laboulaye\"],\"articleSection\":[\"A - ES NOTICIA (van abajo)\",\"SOCIEDAD\"],\"inLanguage\":\"es\"},{\"@type\":\"WebPage\",\"@id\":\"https:\\\/\\\/diariotextual.com\\\/inicio\\\/index.php\\\/2023\\\/07\\\/03\\\/laboulaye-familia-y-amigos-despidieron-los-restos-del-adolescente-asesinado\\\/\",\"url\":\"https:\\\/\\\/diariotextual.com\\\/inicio\\\/index.php\\\/2023\\\/07\\\/03\\\/laboulaye-familia-y-amigos-despidieron-los-restos-del-adolescente-asesinado\\\/\",\"name\":\"Laboulaye: familia y amigos despidieron los restos del adolescente asesinado - Diario Textual\",\"isPartOf\":{\"@id\":\"https:\\\/\\\/diariotextual.com\\\/inicio\\\/#website\"},\"primaryImageOfPage\":{\"@id\":\"https:\\\/\\\/diariotextual.com\\\/inicio\\\/index.php\\\/2023\\\/07\\\/03\\\/laboulaye-familia-y-amigos-despidieron-los-restos-del-adolescente-asesinado\\\/#primaryimage\"},\"image\":{\"@id\":\"https:\\\/\\\/diariotextual.com\\\/inicio\\\/index.php\\\/2023\\\/07\\\/03\\\/laboulaye-familia-y-amigos-despidieron-los-restos-del-adolescente-asesinado\\\/#primaryimage\"},\"thumbnailUrl\":\"https:\\\/\\\/diariotextual.com\\\/inicio\\\/wp-content\\\/uploads\\\/2023\\\/07\\\/laboulayejoaquinsperani.jpg\",\"datePublished\":\"2023-07-03T23:51:11+00:00\",\"dateModified\":\"2023-07-04T09:55:04+00:00\",\"breadcrumb\":{\"@id\":\"https:\\\/\\\/diariotextual.com\\\/inicio\\\/index.php\\\/2023\\\/07\\\/03\\\/laboulaye-familia-y-amigos-despidieron-los-restos-del-adolescente-asesinado\\\/#breadcrumb\"},\"inLanguage\":\"es\",\"potentialAction\":[{\"@type\":\"ReadAction\",\"target\":[\"https:\\\/\\\/diariotextual.com\\\/inicio\\\/index.php\\\/2023\\\/07\\\/03\\\/laboulaye-familia-y-amigos-despidieron-los-restos-del-adolescente-asesinado\\\/\"]}]},{\"@type\":\"ImageObject\",\"inLanguage\":\"es\",\"@id\":\"https:\\\/\\\/diariotextual.com\\\/inicio\\\/index.php\\\/2023\\\/07\\\/03\\\/laboulaye-familia-y-amigos-despidieron-los-restos-del-adolescente-asesinado\\\/#primaryimage\",\"url\":\"https:\\\/\\\/diariotextual.com\\\/inicio\\\/wp-content\\\/uploads\\\/2023\\\/07\\\/laboulayejoaquinsperani.jpg\",\"contentUrl\":\"https:\\\/\\\/diariotextual.com\\\/inicio\\\/wp-content\\\/uploads\\\/2023\\\/07\\\/laboulayejoaquinsperani.jpg\",\"width\":803,\"height\":452},{\"@type\":\"BreadcrumbList\",\"@id\":\"https:\\\/\\\/diariotextual.com\\\/inicio\\\/index.php\\\/2023\\\/07\\\/03\\\/laboulaye-familia-y-amigos-despidieron-los-restos-del-adolescente-asesinado\\\/#breadcrumb\",\"itemListElement\":[{\"@type\":\"ListItem\",\"position\":1,\"name\":\"Portada\",\"item\":\"https:\\\/\\\/diariotextual.com\\\/inicio\\\/\"},{\"@type\":\"ListItem\",\"position\":2,\"name\":\"Laboulaye: familia y amigos despidieron los restos del adolescente asesinado\"}]},{\"@type\":\"WebSite\",\"@id\":\"https:\\\/\\\/diariotextual.com\\\/inicio\\\/#website\",\"url\":\"https:\\\/\\\/diariotextual.com\\\/inicio\\\/\",\"name\":\"Diario Textual\",\"description\":\"\",\"publisher\":{\"@id\":\"https:\\\/\\\/diariotextual.com\\\/inicio\\\/#organization\"},\"potentialAction\":[{\"@type\":\"SearchAction\",\"target\":{\"@type\":\"EntryPoint\",\"urlTemplate\":\"https:\\\/\\\/diariotextual.com\\\/inicio\\\/?s={search_term_string}\"},\"query-input\":{\"@type\":\"PropertyValueSpecification\",\"valueRequired\":true,\"valueName\":\"search_term_string\"}}],\"inLanguage\":\"es\"},{\"@type\":\"Organization\",\"@id\":\"https:\\\/\\\/diariotextual.com\\\/inicio\\\/#organization\",\"name\":\"Diario Textual\",\"url\":\"https:\\\/\\\/diariotextual.com\\\/inicio\\\/\",\"logo\":{\"@type\":\"ImageObject\",\"inLanguage\":\"es\",\"@id\":\"https:\\\/\\\/diariotextual.com\\\/inicio\\\/#\\\/schema\\\/logo\\\/image\\\/\",\"url\":\"https:\\\/\\\/diariotextual.com\\\/inicio\\\/wp-content\\\/uploads\\\/2023\\\/05\\\/logotextual1.jpg\",\"contentUrl\":\"https:\\\/\\\/diariotextual.com\\\/inicio\\\/wp-content\\\/uploads\\\/2023\\\/05\\\/logotextual1.jpg\",\"width\":516,\"height\":76,\"caption\":\"Diario Textual\"},\"image\":{\"@id\":\"https:\\\/\\\/diariotextual.com\\\/inicio\\\/#\\\/schema\\\/logo\\\/image\\\/\"},\"sameAs\":[\"https:\\\/\\\/www.facebook.com\\\/eltextual\",\"https:\\\/\\\/x.com\\\/eltextual\",\"http:\\\/\\\/www.instagram.com\\\/eltextual\"]},{\"@type\":\"Person\",\"@id\":\"https:\\\/\\\/diariotextual.com\\\/inicio\\\/#\\\/schema\\\/person\\\/a1b6f563e0ee944c60f98119389a4d9f\",\"name\":\"diario3\",\"image\":{\"@type\":\"ImageObject\",\"inLanguage\":\"es\",\"@id\":\"https:\\\/\\\/secure.gravatar.com\\\/avatar\\\/5e7ee62c82fc04d9dd79d746a390d93c69c43223e5faeeb3ea9461ef752bfc5d?s=96&d=mm&r=g\",\"url\":\"https:\\\/\\\/secure.gravatar.com\\\/avatar\\\/5e7ee62c82fc04d9dd79d746a390d93c69c43223e5faeeb3ea9461ef752bfc5d?s=96&d=mm&r=g\",\"contentUrl\":\"https:\\\/\\\/secure.gravatar.com\\\/avatar\\\/5e7ee62c82fc04d9dd79d746a390d93c69c43223e5faeeb3ea9461ef752bfc5d?s=96&d=mm&r=g\",\"caption\":\"diario3\"},\"url\":\"https:\\\/\\\/diariotextual.com\\\/inicio\\\/index.php\\\/author\\\/diario3\\\/\"}]}<\/script>\n<!-- \/ Yoast SEO plugin. -->","yoast_head_json":{"title":"Laboulaye: familia y amigos despidieron los restos del adolescente asesinado - Diario Textual","robots":{"index":"index","follow":"follow","max-snippet":"max-snippet:-1","max-image-preview":"max-image-preview:large","max-video-preview":"max-video-preview:-1"},"canonical":"https:\/\/diariotextual.com\/inicio\/index.php\/2023\/07\/03\/laboulaye-familia-y-amigos-despidieron-los-restos-del-adolescente-asesinado\/","og_locale":"es_ES","og_type":"article","og_title":"Laboulaye: familia y amigos despidieron los restos del adolescente asesinado - Diario Textual","og_description":"Cientos de vecinos de Laboulaye, localidad del sur cordob\u00e9s en el l\u00edmite con La Pampa, despidieron hoy los restos de Joaqu\u00edn Sperani, el chico de 14 a\u00f1os que fue asesinado&hellip;","og_url":"https:\/\/diariotextual.com\/inicio\/index.php\/2023\/07\/03\/laboulaye-familia-y-amigos-despidieron-los-restos-del-adolescente-asesinado\/","og_site_name":"Diario Textual","article_publisher":"https:\/\/www.facebook.com\/eltextual","article_published_time":"2023-07-03T23:51:11+00:00","article_modified_time":"2023-07-04T09:55:04+00:00","og_image":[{"width":803,"height":452,"url":"https:\/\/diariotextual.com\/inicio\/wp-content\/uploads\/2023\/07\/laboulayejoaquinsperani.jpg","type":"image\/jpeg"}],"author":"diario3","twitter_card":"summary_large_image","twitter_creator":"@eltextual","twitter_site":"@eltextual","twitter_misc":{"Escrito por":"diario3","Tiempo de lectura":"2 minutos"},"schema":{"@context":"https:\/\/schema.org","@graph":[{"@type":"Article","@id":"https:\/\/diariotextual.com\/inicio\/index.php\/2023\/07\/03\/laboulaye-familia-y-amigos-despidieron-los-restos-del-adolescente-asesinado\/#article","isPartOf":{"@id":"https:\/\/diariotextual.com\/inicio\/index.php\/2023\/07\/03\/laboulaye-familia-y-amigos-despidieron-los-restos-del-adolescente-asesinado\/"},"author":{"name":"diario3","@id":"https:\/\/diariotextual.com\/inicio\/#\/schema\/person\/a1b6f563e0ee944c60f98119389a4d9f"},"headline":"Laboulaye: familia y amigos despidieron los restos del adolescente asesinado","datePublished":"2023-07-03T23:51:11+00:00","dateModified":"2023-07-04T09:55:04+00:00","mainEntityOfPage":{"@id":"https:\/\/diariotextual.com\/inicio\/index.php\/2023\/07\/03\/laboulaye-familia-y-amigos-despidieron-los-restos-del-adolescente-asesinado\/"},"wordCount":329,"publisher":{"@id":"https:\/\/diariotextual.com\/inicio\/#organization"},"image":{"@id":"https:\/\/diariotextual.com\/inicio\/index.php\/2023\/07\/03\/laboulaye-familia-y-amigos-despidieron-los-restos-del-adolescente-asesinado\/#primaryimage"},"thumbnailUrl":"https:\/\/diariotextual.com\/inicio\/wp-content\/uploads\/2023\/07\/laboulayejoaquinsperani.jpg","keywords":["adolescentes","laboulaye"],"articleSection":["A - ES NOTICIA (van abajo)","SOCIEDAD"],"inLanguage":"es"},{"@type":"WebPage","@id":"https:\/\/diariotextual.com\/inicio\/index.php\/2023\/07\/03\/laboulaye-familia-y-amigos-despidieron-los-restos-del-adolescente-asesinado\/","url":"https:\/\/diariotextual.com\/inicio\/index.php\/2023\/07\/03\/laboulaye-familia-y-amigos-despidieron-los-restos-del-adolescente-asesinado\/","name":"Laboulaye: familia y amigos despidieron los restos del adolescente asesinado - Diario Textual","isPartOf":{"@id":"https:\/\/diariotextual.com\/inicio\/#website"},"primaryImageOfPage":{"@id":"https:\/\/diariotextual.com\/inicio\/index.php\/2023\/07\/03\/laboulaye-familia-y-amigos-despidieron-los-restos-del-adolescente-asesinado\/#primaryimage"},"image":{"@id":"https:\/\/diariotextual.com\/inicio\/index.php\/2023\/07\/03\/laboulaye-familia-y-amigos-despidieron-los-restos-del-adolescente-asesinado\/#primaryimage"},"thumbnailUrl":"https:\/\/diariotextual.com\/inicio\/wp-content\/uploads\/2023\/07\/laboulayejoaquinsperani.jpg","datePublished":"2023-07-03T23:51:11+00:00","dateModified":"2023-07-04T09:55:04+00:00","breadcrumb":{"@id":"https:\/\/diariotextual.com\/inicio\/index.php\/2023\/07\/03\/laboulaye-familia-y-amigos-despidieron-los-restos-del-adolescente-asesinado\/#breadcrumb"},"inLanguage":"es","potentialAction":[{"@type":"ReadAction","target":["https:\/\/diariotextual.com\/inicio\/index.php\/2023\/07\/03\/laboulaye-familia-y-amigos-despidieron-los-restos-del-adolescente-asesinado\/"]}]},{"@type":"ImageObject","inLanguage":"es","@id":"https:\/\/diariotextual.com\/inicio\/index.php\/2023\/07\/03\/laboulaye-familia-y-amigos-despidieron-los-restos-del-adolescente-asesinado\/#primaryimage","url":"https:\/\/diariotextual.com\/inicio\/wp-content\/uploads\/2023\/07\/laboulayejoaquinsperani.jpg","contentUrl":"https:\/\/diariotextual.com\/inicio\/wp-content\/uploads\/2023\/07\/laboulayejoaquinsperani.jpg","width":803,"height":452},{"@type":"BreadcrumbList","@id":"https:\/\/diariotextual.com\/inicio\/index.php\/2023\/07\/03\/laboulaye-familia-y-amigos-despidieron-los-restos-del-adolescente-asesinado\/#breadcrumb","itemListElement":[{"@type":"ListItem","position":1,"name":"Portada","item":"https:\/\/diariotextual.com\/inicio\/"},{"@type":"ListItem","position":2,"name":"Laboulaye: familia y amigos despidieron los restos del adolescente asesinado"}]},{"@type":"WebSite","@id":"https:\/\/diariotextual.com\/inicio\/#website","url":"https:\/\/diariotextual.com\/inicio\/","name":"Diario Textual","description":"","publisher":{"@id":"https:\/\/diariotextual.com\/inicio\/#organization"},"potentialAction":[{"@type":"SearchAction","target":{"@type":"EntryPoint","urlTemplate":"https:\/\/diariotextual.com\/inicio\/?s={search_term_string}"},"query-input":{"@type":"PropertyValueSpecification","valueRequired":true,"valueName":"search_term_string"}}],"inLanguage":"es"},{"@type":"Organization","@id":"https:\/\/diariotextual.com\/inicio\/#organization","name":"Diario Textual","url":"https:\/\/diariotextual.com\/inicio\/","logo":{"@type":"ImageObject","inLanguage":"es","@id":"https:\/\/diariotextual.com\/inicio\/#\/schema\/logo\/image\/","url":"https:\/\/diariotextual.com\/inicio\/wp-content\/uploads\/2023\/05\/logotextual1.jpg","contentUrl":"https:\/\/diariotextual.com\/inicio\/wp-content\/uploads\/2023\/05\/logotextual1.jpg","width":516,"height":76,"caption":"Diario Textual"},"image":{"@id":"https:\/\/diariotextual.com\/inicio\/#\/schema\/logo\/image\/"},"sameAs":["https:\/\/www.facebook.com\/eltextual","https:\/\/x.com\/eltextual","http:\/\/www.instagram.com\/eltextual"]},{"@type":"Person","@id":"https:\/\/diariotextual.com\/inicio\/#\/schema\/person\/a1b6f563e0ee944c60f98119389a4d9f","name":"diario3","image":{"@type":"ImageObject","inLanguage":"es","@id":"https:\/\/secure.gravatar.com\/avatar\/5e7ee62c82fc04d9dd79d746a390d93c69c43223e5faeeb3ea9461ef752bfc5d?s=96&d=mm&r=g","url":"https:\/\/secure.gravatar.com\/avatar\/5e7ee62c82fc04d9dd79d746a390d93c69c43223e5faeeb3ea9461ef752bfc5d?s=96&d=mm&r=g","contentUrl":"https:\/\/secure.gravatar.com\/avatar\/5e7ee62c82fc04d9dd79d746a390d93c69c43223e5faeeb3ea9461ef752bfc5d?s=96&d=mm&r=g","caption":"diario3"},"url":"https:\/\/diariotextual.com\/inicio\/index.php\/author\/diario3\/"}]}},"_links":{"self":[{"href":"https:\/\/diariotextual.com\/inicio\/index.php\/wp-json\/wp\/v2\/posts\/230126","targetHints":{"allow":["GET"]}}],"collection":[{"href":"https:\/\/diariotextual.com\/inicio\/index.php\/wp-json\/wp\/v2\/posts"}],"about":[{"href":"https:\/\/diariotextual.com\/inicio\/index.php\/wp-json\/wp\/v2\/types\/post"}],"author":[{"embeddable":true,"href":"https:\/\/diariotextual.com\/inicio\/index.php\/wp-json\/wp\/v2\/users\/5"}],"replies":[{"embeddable":true,"href":"https:\/\/diariotextual.com\/inicio\/index.php\/wp-json\/wp\/v2\/comments?post=230126"}],"version-history":[{"count":1,"href":"https:\/\/diariotextual.com\/inicio\/index.php\/wp-json\/wp\/v2\/posts\/230126\/revisions"}],"predecessor-version":[{"id":230128,"href":"https:\/\/diariotextual.com\/inicio\/index.php\/wp-json\/wp\/v2\/posts\/230126\/revisions\/230128"}],"wp:featuredmedia":[{"embeddable":true,"href":"https:\/\/diariotextual.com\/inicio\/index.php\/wp-json\/wp\/v2\/media\/230127"}],"wp:attachment":[{"href":"https:\/\/diariotextual.com\/inicio\/index.php\/wp-json\/wp\/v2\/media?parent=230126"}],"wp:term":[{"taxonomy":"category","embeddable":true,"href":"https:\/\/diariotextual.com\/inicio\/index.php\/wp-json\/wp\/v2\/categories?post=230126"},{"taxonomy":"post_tag","embeddable":true,"href":"https:\/\/diariotextual.com\/inicio\/index.php\/wp-json\/wp\/v2\/tags?post=230126"}],"curies":[{"name":"wp","href":"https:\/\/api.w.org\/{rel}","templated":true}]}}