{"id":230145,"date":"2023-07-04T07:05:13","date_gmt":"2023-07-04T10:05:13","guid":{"rendered":"https:\/\/diariotextual.com\/inicio\/?p=230145"},"modified":"2023-07-04T07:05:15","modified_gmt":"2023-07-04T10:05:15","slug":"repagro-2023-productores-agropecuarios-deben-presentar-su-ddjj","status":"publish","type":"post","link":"https:\/\/diariotextual.com\/inicio\/index.php\/2023\/07\/04\/repagro-2023-productores-agropecuarios-deben-presentar-su-ddjj\/","title":{"rendered":"Repagro 2023: productores agropecuarios deben presentar su DDJJ"},"content":{"rendered":"\n<p>El Registro Provincial de Producci\u00f3n Agropecuaria (Repagro) es anual, gratuito y obligatorio para todas las personas f\u00edsicas y jur\u00eddicas que desarrollan su actividad en el \u00e1mbito rural, dentro del territorio provincial. Desde este lunes 3 de julio, los productores agropecuarios podr\u00e1n presentar su Declaraci\u00f3n Jurada correspondiente a 2023.<\/p>\n\n\n\n<p>El Repagro debe estar actualizado para que el productor pueda obtener la gu\u00eda correspondiente, al momento de realizar alg\u00fan movimiento de hacienda y\/o cereales. Fue creado en el a\u00f1o 1991 bajo la Ley N\u00b0 1.341, en el \u00e1mbito de la Subsecretar\u00eda de Estad\u00edstica y Censos\u00a0del Ministerio de la Producci\u00f3n. El objetivo del mismo, siempre dentro de los l\u00edmites de la provincia, es el de centralizar toda la informaci\u00f3n disponible sobre todo respecto de la existencia de los cultivos, del ganado, de viviendas ocupadas en los predios, de poblaci\u00f3n residente en el \u00e1mbito rural, aplicaci\u00f3n de fitosanitarios, existencia de picadas perimetrales, etc.<\/p>\n\n\n\n<p>Los datos brindados est\u00e1n protegidos por la Ley N\u00b0 17.622 que garantiza el secreto estad\u00edstico de los mismos. El Repagro entregar\u00e1 constancias o certificados de cumplimiento a las personas f\u00edsicas o jur\u00eddicas que presenten los datos requeridos y la exhibici\u00f3n del mismo ser\u00e1 indispensable para, entre otros tr\u00e1mites, obtener gu\u00edas de transporte de cereales y oleaginosas, solicitar cr\u00e9ditos en el Banco de La Pampa, solicitar el otorgamiento de transferencia de boletos de marca y se\u00f1al, extender autorizaci\u00f3n de caza, solicitar autorizaciones de desmonte, entre otras.<\/p>\n\n\n\n<p>Para m\u00e1s informaci\u00f3n contactarse con la Subsecretar\u00eda de Estad\u00edstica y Censos al tel\u00e9fono: 02954-452600 (internos 1315 y 1325); whatsapp: 02954-15839774; e-mail: repagro@lapampa.gob.ar. <\/p>\n","protected":false},"excerpt":{"rendered":"<p>El Registro Provincial de Producci\u00f3n Agropecuaria (Repagro) es anual, gratuito y obligatorio para todas las personas f\u00edsicas y jur\u00eddicas que desarrollan su actividad en el \u00e1mbito rural, dentro del territorio&hellip;<\/p>\n","protected":false},"author":4,"featured_media":188095,"comment_status":"closed","ping_status":"open","sticky":false,"template":"","format":"standard","meta":{"_acf_changed":false,"footnotes":""},"categories":[1,20],"tags":[],"class_list":["post-230145","post","type-post","status-publish","format-standard","has-post-thumbnail","hentry","category-es-noticia","category-campo"],"acf":[],"yoast_head":"<!-- This site is optimized with the Yoast SEO plugin v27.5 - https:\/\/yoast.com\/product\/yoast-seo-wordpress\/ -->\n<title>Repagro 2023: productores agropecuarios deben presentar su DDJJ - Diario Textual<\/title>\n<meta name=\"robots\" content=\"index, follow, max-snippet:-1, max-image-preview:large, max-video-preview:-1\" \/>\n<link rel=\"canonical\" href=\"https:\/\/diariotextual.com\/inicio\/index.php\/2023\/07\/04\/repagro-2023-productores-agropecuarios-deben-presentar-su-ddjj\/\" \/>\n<meta property=\"og:locale\" content=\"es_ES\" \/>\n<meta property=\"og:type\" content=\"article\" \/>\n<meta property=\"og:title\" content=\"Repagro 2023: productores agropecuarios deben presentar su DDJJ - Diario Textual\" \/>\n<meta property=\"og:description\" content=\"El Registro Provincial de Producci\u00f3n Agropecuaria (Repagro) es anual, gratuito y obligatorio para todas las personas f\u00edsicas y jur\u00eddicas que desarrollan su actividad en el \u00e1mbito rural, dentro del territorio&hellip;\" \/>\n<meta property=\"og:url\" content=\"https:\/\/diariotextual.com\/inicio\/index.php\/2023\/07\/04\/repagro-2023-productores-agropecuarios-deben-presentar-su-ddjj\/\" \/>\n<meta property=\"og:site_name\" content=\"Diario Textual\" \/>\n<meta property=\"article:publisher\" content=\"https:\/\/www.facebook.com\/eltextual\" \/>\n<meta property=\"article:published_time\" content=\"2023-07-04T10:05:13+00:00\" \/>\n<meta property=\"article:modified_time\" content=\"2023-07-04T10:05:15+00:00\" \/>\n<meta property=\"og:image\" content=\"https:\/\/diariotextual.com\/inicio\/wp-content\/uploads\/2022\/05\/cosechacampo.jpg\" \/>\n\t<meta property=\"og:image:width\" content=\"900\" \/>\n\t<meta property=\"og:image:height\" content=\"506\" \/>\n\t<meta property=\"og:image:type\" content=\"image\/jpeg\" \/>\n<meta name=\"author\" content=\"diario2\" \/>\n<meta name=\"twitter:card\" content=\"summary_large_image\" \/>\n<meta name=\"twitter:creator\" content=\"@eltextual\" \/>\n<meta name=\"twitter:site\" content=\"@eltextual\" \/>\n<meta name=\"twitter:label1\" content=\"Escrito por\" \/>\n\t<meta name=\"twitter:data1\" content=\"diario2\" \/>\n\t<meta name=\"twitter:label2\" content=\"Tiempo de lectura\" \/>\n\t<meta name=\"twitter:data2\" content=\"2 minutos\" \/>\n<script type=\"application\/ld+json\" class=\"yoast-schema-graph\">{\"@context\":\"https:\\\/\\\/schema.org\",\"@graph\":[{\"@type\":\"Article\",\"@id\":\"https:\\\/\\\/diariotextual.com\\\/inicio\\\/index.php\\\/2023\\\/07\\\/04\\\/repagro-2023-productores-agropecuarios-deben-presentar-su-ddjj\\\/#article\",\"isPartOf\":{\"@id\":\"https:\\\/\\\/diariotextual.com\\\/inicio\\\/index.php\\\/2023\\\/07\\\/04\\\/repagro-2023-productores-agropecuarios-deben-presentar-su-ddjj\\\/\"},\"author\":{\"name\":\"diario2\",\"@id\":\"https:\\\/\\\/diariotextual.com\\\/inicio\\\/#\\\/schema\\\/person\\\/694f60677f23c4a530867a98f22b3768\"},\"headline\":\"Repagro 2023: productores agropecuarios deben presentar su DDJJ\",\"datePublished\":\"2023-07-04T10:05:13+00:00\",\"dateModified\":\"2023-07-04T10:05:15+00:00\",\"mainEntityOfPage\":{\"@id\":\"https:\\\/\\\/diariotextual.com\\\/inicio\\\/index.php\\\/2023\\\/07\\\/04\\\/repagro-2023-productores-agropecuarios-deben-presentar-su-ddjj\\\/\"},\"wordCount\":291,\"publisher\":{\"@id\":\"https:\\\/\\\/diariotextual.com\\\/inicio\\\/#organization\"},\"image\":{\"@id\":\"https:\\\/\\\/diariotextual.com\\\/inicio\\\/index.php\\\/2023\\\/07\\\/04\\\/repagro-2023-productores-agropecuarios-deben-presentar-su-ddjj\\\/#primaryimage\"},\"thumbnailUrl\":\"https:\\\/\\\/diariotextual.com\\\/inicio\\\/wp-content\\\/uploads\\\/2022\\\/05\\\/cosechacampo.jpg\",\"articleSection\":[\"A - ES NOTICIA (van abajo)\",\"CAMPO\"],\"inLanguage\":\"es\"},{\"@type\":\"WebPage\",\"@id\":\"https:\\\/\\\/diariotextual.com\\\/inicio\\\/index.php\\\/2023\\\/07\\\/04\\\/repagro-2023-productores-agropecuarios-deben-presentar-su-ddjj\\\/\",\"url\":\"https:\\\/\\\/diariotextual.com\\\/inicio\\\/index.php\\\/2023\\\/07\\\/04\\\/repagro-2023-productores-agropecuarios-deben-presentar-su-ddjj\\\/\",\"name\":\"Repagro 2023: productores agropecuarios deben presentar su DDJJ - Diario Textual\",\"isPartOf\":{\"@id\":\"https:\\\/\\\/diariotextual.com\\\/inicio\\\/#website\"},\"primaryImageOfPage\":{\"@id\":\"https:\\\/\\\/diariotextual.com\\\/inicio\\\/index.php\\\/2023\\\/07\\\/04\\\/repagro-2023-productores-agropecuarios-deben-presentar-su-ddjj\\\/#primaryimage\"},\"image\":{\"@id\":\"https:\\\/\\\/diariotextual.com\\\/inicio\\\/index.php\\\/2023\\\/07\\\/04\\\/repagro-2023-productores-agropecuarios-deben-presentar-su-ddjj\\\/#primaryimage\"},\"thumbnailUrl\":\"https:\\\/\\\/diariotextual.com\\\/inicio\\\/wp-content\\\/uploads\\\/2022\\\/05\\\/cosechacampo.jpg\",\"datePublished\":\"2023-07-04T10:05:13+00:00\",\"dateModified\":\"2023-07-04T10:05:15+00:00\",\"breadcrumb\":{\"@id\":\"https:\\\/\\\/diariotextual.com\\\/inicio\\\/index.php\\\/2023\\\/07\\\/04\\\/repagro-2023-productores-agropecuarios-deben-presentar-su-ddjj\\\/#breadcrumb\"},\"inLanguage\":\"es\",\"potentialAction\":[{\"@type\":\"ReadAction\",\"target\":[\"https:\\\/\\\/diariotextual.com\\\/inicio\\\/index.php\\\/2023\\\/07\\\/04\\\/repagro-2023-productores-agropecuarios-deben-presentar-su-ddjj\\\/\"]}]},{\"@type\":\"ImageObject\",\"inLanguage\":\"es\",\"@id\":\"https:\\\/\\\/diariotextual.com\\\/inicio\\\/index.php\\\/2023\\\/07\\\/04\\\/repagro-2023-productores-agropecuarios-deben-presentar-su-ddjj\\\/#primaryimage\",\"url\":\"https:\\\/\\\/diariotextual.com\\\/inicio\\\/wp-content\\\/uploads\\\/2022\\\/05\\\/cosechacampo.jpg\",\"contentUrl\":\"https:\\\/\\\/diariotextual.com\\\/inicio\\\/wp-content\\\/uploads\\\/2022\\\/05\\\/cosechacampo.jpg\",\"width\":900,\"height\":506},{\"@type\":\"BreadcrumbList\",\"@id\":\"https:\\\/\\\/diariotextual.com\\\/inicio\\\/index.php\\\/2023\\\/07\\\/04\\\/repagro-2023-productores-agropecuarios-deben-presentar-su-ddjj\\\/#breadcrumb\",\"itemListElement\":[{\"@type\":\"ListItem\",\"position\":1,\"name\":\"Portada\",\"item\":\"https:\\\/\\\/diariotextual.com\\\/inicio\\\/\"},{\"@type\":\"ListItem\",\"position\":2,\"name\":\"Repagro 2023: productores agropecuarios deben presentar su DDJJ\"}]},{\"@type\":\"WebSite\",\"@id\":\"https:\\\/\\\/diariotextual.com\\\/inicio\\\/#website\",\"url\":\"https:\\\/\\\/diariotextual.com\\\/inicio\\\/\",\"name\":\"Diario Textual\",\"description\":\"\",\"publisher\":{\"@id\":\"https:\\\/\\\/diariotextual.com\\\/inicio\\\/#organization\"},\"potentialAction\":[{\"@type\":\"SearchAction\",\"target\":{\"@type\":\"EntryPoint\",\"urlTemplate\":\"https:\\\/\\\/diariotextual.com\\\/inicio\\\/?s={search_term_string}\"},\"query-input\":{\"@type\":\"PropertyValueSpecification\",\"valueRequired\":true,\"valueName\":\"search_term_string\"}}],\"inLanguage\":\"es\"},{\"@type\":\"Organization\",\"@id\":\"https:\\\/\\\/diariotextual.com\\\/inicio\\\/#organization\",\"name\":\"Diario Textual\",\"url\":\"https:\\\/\\\/diariotextual.com\\\/inicio\\\/\",\"logo\":{\"@type\":\"ImageObject\",\"inLanguage\":\"es\",\"@id\":\"https:\\\/\\\/diariotextual.com\\\/inicio\\\/#\\\/schema\\\/logo\\\/image\\\/\",\"url\":\"https:\\\/\\\/diariotextual.com\\\/inicio\\\/wp-content\\\/uploads\\\/2023\\\/05\\\/logotextual1.jpg\",\"contentUrl\":\"https:\\\/\\\/diariotextual.com\\\/inicio\\\/wp-content\\\/uploads\\\/2023\\\/05\\\/logotextual1.jpg\",\"width\":516,\"height\":76,\"caption\":\"Diario Textual\"},\"image\":{\"@id\":\"https:\\\/\\\/diariotextual.com\\\/inicio\\\/#\\\/schema\\\/logo\\\/image\\\/\"},\"sameAs\":[\"https:\\\/\\\/www.facebook.com\\\/eltextual\",\"https:\\\/\\\/x.com\\\/eltextual\",\"http:\\\/\\\/www.instagram.com\\\/eltextual\"]},{\"@type\":\"Person\",\"@id\":\"https:\\\/\\\/diariotextual.com\\\/inicio\\\/#\\\/schema\\\/person\\\/694f60677f23c4a530867a98f22b3768\",\"name\":\"diario2\",\"image\":{\"@type\":\"ImageObject\",\"inLanguage\":\"es\",\"@id\":\"https:\\\/\\\/secure.gravatar.com\\\/avatar\\\/5a2567495ba16b852fcd8f1ed006a2e24fcace936018ed8237e95f488ad6e0a7?s=96&d=mm&r=g\",\"url\":\"https:\\\/\\\/secure.gravatar.com\\\/avatar\\\/5a2567495ba16b852fcd8f1ed006a2e24fcace936018ed8237e95f488ad6e0a7?s=96&d=mm&r=g\",\"contentUrl\":\"https:\\\/\\\/secure.gravatar.com\\\/avatar\\\/5a2567495ba16b852fcd8f1ed006a2e24fcace936018ed8237e95f488ad6e0a7?s=96&d=mm&r=g\",\"caption\":\"diario2\"},\"url\":\"https:\\\/\\\/diariotextual.com\\\/inicio\\\/index.php\\\/author\\\/diario2\\\/\"}]}<\/script>\n<!-- \/ Yoast SEO plugin. -->","yoast_head_json":{"title":"Repagro 2023: productores agropecuarios deben presentar su DDJJ - Diario Textual","robots":{"index":"index","follow":"follow","max-snippet":"max-snippet:-1","max-image-preview":"max-image-preview:large","max-video-preview":"max-video-preview:-1"},"canonical":"https:\/\/diariotextual.com\/inicio\/index.php\/2023\/07\/04\/repagro-2023-productores-agropecuarios-deben-presentar-su-ddjj\/","og_locale":"es_ES","og_type":"article","og_title":"Repagro 2023: productores agropecuarios deben presentar su DDJJ - Diario Textual","og_description":"El Registro Provincial de Producci\u00f3n Agropecuaria (Repagro) es anual, gratuito y obligatorio para todas las personas f\u00edsicas y jur\u00eddicas que desarrollan su actividad en el \u00e1mbito rural, dentro del territorio&hellip;","og_url":"https:\/\/diariotextual.com\/inicio\/index.php\/2023\/07\/04\/repagro-2023-productores-agropecuarios-deben-presentar-su-ddjj\/","og_site_name":"Diario Textual","article_publisher":"https:\/\/www.facebook.com\/eltextual","article_published_time":"2023-07-04T10:05:13+00:00","article_modified_time":"2023-07-04T10:05:15+00:00","og_image":[{"width":900,"height":506,"url":"https:\/\/diariotextual.com\/inicio\/wp-content\/uploads\/2022\/05\/cosechacampo.jpg","type":"image\/jpeg"}],"author":"diario2","twitter_card":"summary_large_image","twitter_creator":"@eltextual","twitter_site":"@eltextual","twitter_misc":{"Escrito por":"diario2","Tiempo de lectura":"2 minutos"},"schema":{"@context":"https:\/\/schema.org","@graph":[{"@type":"Article","@id":"https:\/\/diariotextual.com\/inicio\/index.php\/2023\/07\/04\/repagro-2023-productores-agropecuarios-deben-presentar-su-ddjj\/#article","isPartOf":{"@id":"https:\/\/diariotextual.com\/inicio\/index.php\/2023\/07\/04\/repagro-2023-productores-agropecuarios-deben-presentar-su-ddjj\/"},"author":{"name":"diario2","@id":"https:\/\/diariotextual.com\/inicio\/#\/schema\/person\/694f60677f23c4a530867a98f22b3768"},"headline":"Repagro 2023: productores agropecuarios deben presentar su DDJJ","datePublished":"2023-07-04T10:05:13+00:00","dateModified":"2023-07-04T10:05:15+00:00","mainEntityOfPage":{"@id":"https:\/\/diariotextual.com\/inicio\/index.php\/2023\/07\/04\/repagro-2023-productores-agropecuarios-deben-presentar-su-ddjj\/"},"wordCount":291,"publisher":{"@id":"https:\/\/diariotextual.com\/inicio\/#organization"},"image":{"@id":"https:\/\/diariotextual.com\/inicio\/index.php\/2023\/07\/04\/repagro-2023-productores-agropecuarios-deben-presentar-su-ddjj\/#primaryimage"},"thumbnailUrl":"https:\/\/diariotextual.com\/inicio\/wp-content\/uploads\/2022\/05\/cosechacampo.jpg","articleSection":["A - ES NOTICIA (van abajo)","CAMPO"],"inLanguage":"es"},{"@type":"WebPage","@id":"https:\/\/diariotextual.com\/inicio\/index.php\/2023\/07\/04\/repagro-2023-productores-agropecuarios-deben-presentar-su-ddjj\/","url":"https:\/\/diariotextual.com\/inicio\/index.php\/2023\/07\/04\/repagro-2023-productores-agropecuarios-deben-presentar-su-ddjj\/","name":"Repagro 2023: productores agropecuarios deben presentar su DDJJ - Diario Textual","isPartOf":{"@id":"https:\/\/diariotextual.com\/inicio\/#website"},"primaryImageOfPage":{"@id":"https:\/\/diariotextual.com\/inicio\/index.php\/2023\/07\/04\/repagro-2023-productores-agropecuarios-deben-presentar-su-ddjj\/#primaryimage"},"image":{"@id":"https:\/\/diariotextual.com\/inicio\/index.php\/2023\/07\/04\/repagro-2023-productores-agropecuarios-deben-presentar-su-ddjj\/#primaryimage"},"thumbnailUrl":"https:\/\/diariotextual.com\/inicio\/wp-content\/uploads\/2022\/05\/cosechacampo.jpg","datePublished":"2023-07-04T10:05:13+00:00","dateModified":"2023-07-04T10:05:15+00:00","breadcrumb":{"@id":"https:\/\/diariotextual.com\/inicio\/index.php\/2023\/07\/04\/repagro-2023-productores-agropecuarios-deben-presentar-su-ddjj\/#breadcrumb"},"inLanguage":"es","potentialAction":[{"@type":"ReadAction","target":["https:\/\/diariotextual.com\/inicio\/index.php\/2023\/07\/04\/repagro-2023-productores-agropecuarios-deben-presentar-su-ddjj\/"]}]},{"@type":"ImageObject","inLanguage":"es","@id":"https:\/\/diariotextual.com\/inicio\/index.php\/2023\/07\/04\/repagro-2023-productores-agropecuarios-deben-presentar-su-ddjj\/#primaryimage","url":"https:\/\/diariotextual.com\/inicio\/wp-content\/uploads\/2022\/05\/cosechacampo.jpg","contentUrl":"https:\/\/diariotextual.com\/inicio\/wp-content\/uploads\/2022\/05\/cosechacampo.jpg","width":900,"height":506},{"@type":"BreadcrumbList","@id":"https:\/\/diariotextual.com\/inicio\/index.php\/2023\/07\/04\/repagro-2023-productores-agropecuarios-deben-presentar-su-ddjj\/#breadcrumb","itemListElement":[{"@type":"ListItem","position":1,"name":"Portada","item":"https:\/\/diariotextual.com\/inicio\/"},{"@type":"ListItem","position":2,"name":"Repagro 2023: productores agropecuarios deben presentar su DDJJ"}]},{"@type":"WebSite","@id":"https:\/\/diariotextual.com\/inicio\/#website","url":"https:\/\/diariotextual.com\/inicio\/","name":"Diario Textual","description":"","publisher":{"@id":"https:\/\/diariotextual.com\/inicio\/#organization"},"potentialAction":[{"@type":"SearchAction","target":{"@type":"EntryPoint","urlTemplate":"https:\/\/diariotextual.com\/inicio\/?s={search_term_string}"},"query-input":{"@type":"PropertyValueSpecification","valueRequired":true,"valueName":"search_term_string"}}],"inLanguage":"es"},{"@type":"Organization","@id":"https:\/\/diariotextual.com\/inicio\/#organization","name":"Diario Textual","url":"https:\/\/diariotextual.com\/inicio\/","logo":{"@type":"ImageObject","inLanguage":"es","@id":"https:\/\/diariotextual.com\/inicio\/#\/schema\/logo\/image\/","url":"https:\/\/diariotextual.com\/inicio\/wp-content\/uploads\/2023\/05\/logotextual1.jpg","contentUrl":"https:\/\/diariotextual.com\/inicio\/wp-content\/uploads\/2023\/05\/logotextual1.jpg","width":516,"height":76,"caption":"Diario Textual"},"image":{"@id":"https:\/\/diariotextual.com\/inicio\/#\/schema\/logo\/image\/"},"sameAs":["https:\/\/www.facebook.com\/eltextual","https:\/\/x.com\/eltextual","http:\/\/www.instagram.com\/eltextual"]},{"@type":"Person","@id":"https:\/\/diariotextual.com\/inicio\/#\/schema\/person\/694f60677f23c4a530867a98f22b3768","name":"diario2","image":{"@type":"ImageObject","inLanguage":"es","@id":"https:\/\/secure.gravatar.com\/avatar\/5a2567495ba16b852fcd8f1ed006a2e24fcace936018ed8237e95f488ad6e0a7?s=96&d=mm&r=g","url":"https:\/\/secure.gravatar.com\/avatar\/5a2567495ba16b852fcd8f1ed006a2e24fcace936018ed8237e95f488ad6e0a7?s=96&d=mm&r=g","contentUrl":"https:\/\/secure.gravatar.com\/avatar\/5a2567495ba16b852fcd8f1ed006a2e24fcace936018ed8237e95f488ad6e0a7?s=96&d=mm&r=g","caption":"diario2"},"url":"https:\/\/diariotextual.com\/inicio\/index.php\/author\/diario2\/"}]}},"_links":{"self":[{"href":"https:\/\/diariotextual.com\/inicio\/index.php\/wp-json\/wp\/v2\/posts\/230145","targetHints":{"allow":["GET"]}}],"collection":[{"href":"https:\/\/diariotextual.com\/inicio\/index.php\/wp-json\/wp\/v2\/posts"}],"about":[{"href":"https:\/\/diariotextual.com\/inicio\/index.php\/wp-json\/wp\/v2\/types\/post"}],"author":[{"embeddable":true,"href":"https:\/\/diariotextual.com\/inicio\/index.php\/wp-json\/wp\/v2\/users\/4"}],"replies":[{"embeddable":true,"href":"https:\/\/diariotextual.com\/inicio\/index.php\/wp-json\/wp\/v2\/comments?post=230145"}],"version-history":[{"count":1,"href":"https:\/\/diariotextual.com\/inicio\/index.php\/wp-json\/wp\/v2\/posts\/230145\/revisions"}],"predecessor-version":[{"id":230148,"href":"https:\/\/diariotextual.com\/inicio\/index.php\/wp-json\/wp\/v2\/posts\/230145\/revisions\/230148"}],"wp:featuredmedia":[{"embeddable":true,"href":"https:\/\/diariotextual.com\/inicio\/index.php\/wp-json\/wp\/v2\/media\/188095"}],"wp:attachment":[{"href":"https:\/\/diariotextual.com\/inicio\/index.php\/wp-json\/wp\/v2\/media?parent=230145"}],"wp:term":[{"taxonomy":"category","embeddable":true,"href":"https:\/\/diariotextual.com\/inicio\/index.php\/wp-json\/wp\/v2\/categories?post=230145"},{"taxonomy":"post_tag","embeddable":true,"href":"https:\/\/diariotextual.com\/inicio\/index.php\/wp-json\/wp\/v2\/tags?post=230145"}],"curies":[{"name":"wp","href":"https:\/\/api.w.org\/{rel}","templated":true}]}}