{"id":230146,"date":"2023-07-04T07:09:40","date_gmt":"2023-07-04T10:09:40","guid":{"rendered":"https:\/\/diariotextual.com\/inicio\/?p=230146"},"modified":"2023-07-04T07:09:42","modified_gmt":"2023-07-04T10:09:42","slug":"bullrich-denuncia-que-en-13-provincias-a-los-empleados-publicos-les-controlan-el-voto","status":"publish","type":"post","link":"https:\/\/diariotextual.com\/inicio\/index.php\/2023\/07\/04\/bullrich-denuncia-que-en-13-provincias-a-los-empleados-publicos-les-controlan-el-voto\/","title":{"rendered":"Bullrich denuncia que \u201cen 13 provincias a los empleados p\u00fablicos les controlan el voto\u201d"},"content":{"rendered":"\n<p>La precandidata a presidenta de Juntos por el Cambio <strong>Patricia Bullrich<\/strong> denunci\u00f3 que <strong>\u201cen 13 provincias a los empleados p\u00fablicos no los dejan ir a votar en libertad, les controlan el voto\u201d<\/strong>. Dijo que en esos distritos <strong>\u201cel Estado domina a trav\u00e9s del l\u00e1tigo\u201d<\/strong> y tiene a la poblaci\u00f3n \u201cbajo un sometimiento total\u201d.<\/p>\n\n\n\n<figure class=\"wp-block-embed is-type-wp-embed is-provider-diario-textual wp-block-embed-diario-textual\"><div class=\"wp-block-embed__wrapper\">\n<blockquote class=\"wp-embedded-content\" data-secret=\"7bucELxsEr\"><a href=\"https:\/\/diariotextual.com\/inicio\/index.php\/2023\/06\/30\/ziliotto-vuelve-a-advertir-que-si-ganan-larreta-o-bullrich-no-bajaran-obras-a-la-pampa\/\">Ziliotto vuelve a advertir que si ganan Larreta o Bullrich no bajar\u00e1n obras a La Pampa<\/a><\/blockquote><iframe class=\"wp-embedded-content\" sandbox=\"allow-scripts\" security=\"restricted\" style=\"position: absolute; clip: rect(1px, 1px, 1px, 1px);\" title=\"\u00abZiliotto vuelve a advertir que si ganan Larreta o Bullrich no bajar\u00e1n obras a La Pampa\u00bb \u2014 Diario Textual\" src=\"https:\/\/diariotextual.com\/inicio\/index.php\/2023\/06\/30\/ziliotto-vuelve-a-advertir-que-si-ganan-larreta-o-bullrich-no-bajaran-obras-a-la-pampa\/embed\/#?secret=acuh5rzOk7#?secret=7bucELxsEr\" data-secret=\"7bucELxsEr\" width=\"600\" height=\"338\" frameborder=\"0\" marginwidth=\"0\" marginheight=\"0\" scrolling=\"no\"><\/iframe>\n<\/div><\/figure>\n\n\n\n<p>Bullrich\u00a0lanz\u00f3 esta denuncia en un foro organizado por la fundaci\u00f3n Internacional para la Libertad, en un pasaje del intercambio con \u00c1lvaro Vargas Llosa, uno de los moderadores. <\/p>\n\n\n\n<p>La titular del PRO -en uso de licencia- afirm\u00f3 que \u201cen 13 de las 23 provincias argentinas no se puede votar en libertad\u201d debido a que \u201ca los empleados p\u00fablicos les controlan el voto\u201d.<\/p>\n\n\n\n<p>\u201cImaginate que en 13 provincias domina el Estado a trav\u00e9s del l\u00e1tigo,\u00a0a los empleados p\u00fablicos no los dejan ir a votar en libertad, les controlan su voto, los tienen bajo un sometimiento total, entonces ten\u00e9s a una parte de la poblaci\u00f3n sometida con planes sociales y a otra parte de la poblaci\u00f3n desesperada porque ha perdido su condici\u00f3n de pa\u00eds de clase media, de pa\u00eds culto, de pa\u00eds faro de la cultura no s\u00f3lo latinoamericana si no iberoamericana\u201d, dijo la dirigenta.<\/p>\n\n\n\n<p>Bullrich ya hab\u00eda generado pol\u00e9mica cuando dio <strong><a href=\"https:\/\/diariotextual.com\/inicio\/index.php\/2023\/06\/10\/la-unlpam-desmintio-datos-de-bullrich-en-un-ataque-a-la-universidad-publica\/\" target=\"_blank\" rel=\"noreferrer noopener\">datos falsos sobre la educaci\u00f3n universitaria pampeana<\/a><\/strong> cuando dijo que por a\u00f1o ingresan 12.000 estudiantes a la universidad de La Pampa, se reciben 800 y solo 7 son ingenieros.<\/p>\n","protected":false},"excerpt":{"rendered":"<p>La precandidata a presidenta de Juntos por el Cambio Patricia Bullrich denunci\u00f3 que \u201cen 13 provincias a los empleados p\u00fablicos no los dejan ir a votar en libertad, les controlan&hellip;<\/p>\n","protected":false},"author":7,"featured_media":229908,"comment_status":"closed","ping_status":"open","sticky":false,"template":"","format":"standard","meta":{"_acf_changed":false,"footnotes":""},"categories":[4,8],"tags":[],"class_list":["post-230146","post","type-post","status-publish","format-standard","has-post-thumbnail","hentry","category-destacadas","category-politica"],"acf":[],"yoast_head":"<!-- This site is optimized with the Yoast SEO plugin v27.5 - https:\/\/yoast.com\/product\/yoast-seo-wordpress\/ -->\n<title>Bullrich denuncia que \u201cen 13 provincias a los empleados p\u00fablicos les controlan el voto\u201d - Diario Textual<\/title>\n<meta name=\"robots\" content=\"index, follow, max-snippet:-1, max-image-preview:large, max-video-preview:-1\" \/>\n<link rel=\"canonical\" href=\"https:\/\/diariotextual.com\/inicio\/index.php\/2023\/07\/04\/bullrich-denuncia-que-en-13-provincias-a-los-empleados-publicos-les-controlan-el-voto\/\" \/>\n<meta property=\"og:locale\" content=\"es_ES\" \/>\n<meta property=\"og:type\" content=\"article\" \/>\n<meta property=\"og:title\" content=\"Bullrich denuncia que \u201cen 13 provincias a los empleados p\u00fablicos les controlan el voto\u201d - Diario Textual\" \/>\n<meta property=\"og:description\" content=\"La precandidata a presidenta de Juntos por el Cambio Patricia Bullrich denunci\u00f3 que \u201cen 13 provincias a los empleados p\u00fablicos no los dejan ir a votar en libertad, les controlan&hellip;\" \/>\n<meta property=\"og:url\" content=\"https:\/\/diariotextual.com\/inicio\/index.php\/2023\/07\/04\/bullrich-denuncia-que-en-13-provincias-a-los-empleados-publicos-les-controlan-el-voto\/\" \/>\n<meta property=\"og:site_name\" content=\"Diario Textual\" \/>\n<meta property=\"article:publisher\" content=\"https:\/\/www.facebook.com\/eltextual\" \/>\n<meta property=\"article:published_time\" content=\"2023-07-04T10:09:40+00:00\" \/>\n<meta property=\"article:modified_time\" content=\"2023-07-04T10:09:42+00:00\" \/>\n<meta property=\"og:image\" content=\"https:\/\/diariotextual.com\/inicio\/wp-content\/uploads\/2023\/06\/bullrichpatricia2023-2.jpg\" \/>\n\t<meta property=\"og:image:width\" content=\"940\" \/>\n\t<meta property=\"og:image:height\" content=\"529\" \/>\n\t<meta property=\"og:image:type\" content=\"image\/jpeg\" \/>\n<meta name=\"author\" content=\"diario5\" \/>\n<meta name=\"twitter:card\" content=\"summary_large_image\" \/>\n<meta name=\"twitter:creator\" content=\"@eltextual\" \/>\n<meta name=\"twitter:site\" content=\"@eltextual\" \/>\n<meta name=\"twitter:label1\" content=\"Escrito por\" \/>\n\t<meta name=\"twitter:data1\" content=\"diario5\" \/>\n\t<meta name=\"twitter:label2\" content=\"Tiempo de lectura\" \/>\n\t<meta name=\"twitter:data2\" content=\"2 minutos\" \/>\n<script type=\"application\/ld+json\" class=\"yoast-schema-graph\">{\"@context\":\"https:\\\/\\\/schema.org\",\"@graph\":[{\"@type\":\"Article\",\"@id\":\"https:\\\/\\\/diariotextual.com\\\/inicio\\\/index.php\\\/2023\\\/07\\\/04\\\/bullrich-denuncia-que-en-13-provincias-a-los-empleados-publicos-les-controlan-el-voto\\\/#article\",\"isPartOf\":{\"@id\":\"https:\\\/\\\/diariotextual.com\\\/inicio\\\/index.php\\\/2023\\\/07\\\/04\\\/bullrich-denuncia-que-en-13-provincias-a-los-empleados-publicos-les-controlan-el-voto\\\/\"},\"author\":{\"name\":\"diario5\",\"@id\":\"https:\\\/\\\/diariotextual.com\\\/inicio\\\/#\\\/schema\\\/person\\\/c7834961ad8b29b1d9cdbf4571299067\"},\"headline\":\"Bullrich denuncia que \u201cen 13 provincias a los empleados p\u00fablicos les controlan el voto\u201d\",\"datePublished\":\"2023-07-04T10:09:40+00:00\",\"dateModified\":\"2023-07-04T10:09:42+00:00\",\"mainEntityOfPage\":{\"@id\":\"https:\\\/\\\/diariotextual.com\\\/inicio\\\/index.php\\\/2023\\\/07\\\/04\\\/bullrich-denuncia-que-en-13-provincias-a-los-empleados-publicos-les-controlan-el-voto\\\/\"},\"wordCount\":268,\"publisher\":{\"@id\":\"https:\\\/\\\/diariotextual.com\\\/inicio\\\/#organization\"},\"image\":{\"@id\":\"https:\\\/\\\/diariotextual.com\\\/inicio\\\/index.php\\\/2023\\\/07\\\/04\\\/bullrich-denuncia-que-en-13-provincias-a-los-empleados-publicos-les-controlan-el-voto\\\/#primaryimage\"},\"thumbnailUrl\":\"https:\\\/\\\/diariotextual.com\\\/inicio\\\/wp-content\\\/uploads\\\/2023\\\/06\\\/bullrichpatricia2023-2.jpg\",\"articleSection\":[\"A - DESTACADAS (mod 16)\",\"POLITICA\"],\"inLanguage\":\"es\"},{\"@type\":\"WebPage\",\"@id\":\"https:\\\/\\\/diariotextual.com\\\/inicio\\\/index.php\\\/2023\\\/07\\\/04\\\/bullrich-denuncia-que-en-13-provincias-a-los-empleados-publicos-les-controlan-el-voto\\\/\",\"url\":\"https:\\\/\\\/diariotextual.com\\\/inicio\\\/index.php\\\/2023\\\/07\\\/04\\\/bullrich-denuncia-que-en-13-provincias-a-los-empleados-publicos-les-controlan-el-voto\\\/\",\"name\":\"Bullrich denuncia que \u201cen 13 provincias a los empleados p\u00fablicos les controlan el voto\u201d - Diario Textual\",\"isPartOf\":{\"@id\":\"https:\\\/\\\/diariotextual.com\\\/inicio\\\/#website\"},\"primaryImageOfPage\":{\"@id\":\"https:\\\/\\\/diariotextual.com\\\/inicio\\\/index.php\\\/2023\\\/07\\\/04\\\/bullrich-denuncia-que-en-13-provincias-a-los-empleados-publicos-les-controlan-el-voto\\\/#primaryimage\"},\"image\":{\"@id\":\"https:\\\/\\\/diariotextual.com\\\/inicio\\\/index.php\\\/2023\\\/07\\\/04\\\/bullrich-denuncia-que-en-13-provincias-a-los-empleados-publicos-les-controlan-el-voto\\\/#primaryimage\"},\"thumbnailUrl\":\"https:\\\/\\\/diariotextual.com\\\/inicio\\\/wp-content\\\/uploads\\\/2023\\\/06\\\/bullrichpatricia2023-2.jpg\",\"datePublished\":\"2023-07-04T10:09:40+00:00\",\"dateModified\":\"2023-07-04T10:09:42+00:00\",\"breadcrumb\":{\"@id\":\"https:\\\/\\\/diariotextual.com\\\/inicio\\\/index.php\\\/2023\\\/07\\\/04\\\/bullrich-denuncia-que-en-13-provincias-a-los-empleados-publicos-les-controlan-el-voto\\\/#breadcrumb\"},\"inLanguage\":\"es\",\"potentialAction\":[{\"@type\":\"ReadAction\",\"target\":[\"https:\\\/\\\/diariotextual.com\\\/inicio\\\/index.php\\\/2023\\\/07\\\/04\\\/bullrich-denuncia-que-en-13-provincias-a-los-empleados-publicos-les-controlan-el-voto\\\/\"]}]},{\"@type\":\"ImageObject\",\"inLanguage\":\"es\",\"@id\":\"https:\\\/\\\/diariotextual.com\\\/inicio\\\/index.php\\\/2023\\\/07\\\/04\\\/bullrich-denuncia-que-en-13-provincias-a-los-empleados-publicos-les-controlan-el-voto\\\/#primaryimage\",\"url\":\"https:\\\/\\\/diariotextual.com\\\/inicio\\\/wp-content\\\/uploads\\\/2023\\\/06\\\/bullrichpatricia2023-2.jpg\",\"contentUrl\":\"https:\\\/\\\/diariotextual.com\\\/inicio\\\/wp-content\\\/uploads\\\/2023\\\/06\\\/bullrichpatricia2023-2.jpg\",\"width\":940,\"height\":529},{\"@type\":\"BreadcrumbList\",\"@id\":\"https:\\\/\\\/diariotextual.com\\\/inicio\\\/index.php\\\/2023\\\/07\\\/04\\\/bullrich-denuncia-que-en-13-provincias-a-los-empleados-publicos-les-controlan-el-voto\\\/#breadcrumb\",\"itemListElement\":[{\"@type\":\"ListItem\",\"position\":1,\"name\":\"Portada\",\"item\":\"https:\\\/\\\/diariotextual.com\\\/inicio\\\/\"},{\"@type\":\"ListItem\",\"position\":2,\"name\":\"Bullrich denuncia que \u201cen 13 provincias a los empleados p\u00fablicos les controlan el voto\u201d\"}]},{\"@type\":\"WebSite\",\"@id\":\"https:\\\/\\\/diariotextual.com\\\/inicio\\\/#website\",\"url\":\"https:\\\/\\\/diariotextual.com\\\/inicio\\\/\",\"name\":\"Diario Textual\",\"description\":\"\",\"publisher\":{\"@id\":\"https:\\\/\\\/diariotextual.com\\\/inicio\\\/#organization\"},\"potentialAction\":[{\"@type\":\"SearchAction\",\"target\":{\"@type\":\"EntryPoint\",\"urlTemplate\":\"https:\\\/\\\/diariotextual.com\\\/inicio\\\/?s={search_term_string}\"},\"query-input\":{\"@type\":\"PropertyValueSpecification\",\"valueRequired\":true,\"valueName\":\"search_term_string\"}}],\"inLanguage\":\"es\"},{\"@type\":\"Organization\",\"@id\":\"https:\\\/\\\/diariotextual.com\\\/inicio\\\/#organization\",\"name\":\"Diario Textual\",\"url\":\"https:\\\/\\\/diariotextual.com\\\/inicio\\\/\",\"logo\":{\"@type\":\"ImageObject\",\"inLanguage\":\"es\",\"@id\":\"https:\\\/\\\/diariotextual.com\\\/inicio\\\/#\\\/schema\\\/logo\\\/image\\\/\",\"url\":\"https:\\\/\\\/diariotextual.com\\\/inicio\\\/wp-content\\\/uploads\\\/2023\\\/05\\\/logotextual1.jpg\",\"contentUrl\":\"https:\\\/\\\/diariotextual.com\\\/inicio\\\/wp-content\\\/uploads\\\/2023\\\/05\\\/logotextual1.jpg\",\"width\":516,\"height\":76,\"caption\":\"Diario Textual\"},\"image\":{\"@id\":\"https:\\\/\\\/diariotextual.com\\\/inicio\\\/#\\\/schema\\\/logo\\\/image\\\/\"},\"sameAs\":[\"https:\\\/\\\/www.facebook.com\\\/eltextual\",\"https:\\\/\\\/x.com\\\/eltextual\",\"http:\\\/\\\/www.instagram.com\\\/eltextual\"]},{\"@type\":\"Person\",\"@id\":\"https:\\\/\\\/diariotextual.com\\\/inicio\\\/#\\\/schema\\\/person\\\/c7834961ad8b29b1d9cdbf4571299067\",\"name\":\"diario5\",\"image\":{\"@type\":\"ImageObject\",\"inLanguage\":\"es\",\"@id\":\"https:\\\/\\\/secure.gravatar.com\\\/avatar\\\/948c893b847ca6df68216ead81b63f363408ec9b0f600fefc0641ce78613b111?s=96&d=mm&r=g\",\"url\":\"https:\\\/\\\/secure.gravatar.com\\\/avatar\\\/948c893b847ca6df68216ead81b63f363408ec9b0f600fefc0641ce78613b111?s=96&d=mm&r=g\",\"contentUrl\":\"https:\\\/\\\/secure.gravatar.com\\\/avatar\\\/948c893b847ca6df68216ead81b63f363408ec9b0f600fefc0641ce78613b111?s=96&d=mm&r=g\",\"caption\":\"diario5\"},\"url\":\"https:\\\/\\\/diariotextual.com\\\/inicio\\\/index.php\\\/author\\\/diario5\\\/\"}]}<\/script>\n<!-- \/ Yoast SEO plugin. -->","yoast_head_json":{"title":"Bullrich denuncia que \u201cen 13 provincias a los empleados p\u00fablicos les controlan el voto\u201d - Diario Textual","robots":{"index":"index","follow":"follow","max-snippet":"max-snippet:-1","max-image-preview":"max-image-preview:large","max-video-preview":"max-video-preview:-1"},"canonical":"https:\/\/diariotextual.com\/inicio\/index.php\/2023\/07\/04\/bullrich-denuncia-que-en-13-provincias-a-los-empleados-publicos-les-controlan-el-voto\/","og_locale":"es_ES","og_type":"article","og_title":"Bullrich denuncia que \u201cen 13 provincias a los empleados p\u00fablicos les controlan el voto\u201d - Diario Textual","og_description":"La precandidata a presidenta de Juntos por el Cambio Patricia Bullrich denunci\u00f3 que \u201cen 13 provincias a los empleados p\u00fablicos no los dejan ir a votar en libertad, les controlan&hellip;","og_url":"https:\/\/diariotextual.com\/inicio\/index.php\/2023\/07\/04\/bullrich-denuncia-que-en-13-provincias-a-los-empleados-publicos-les-controlan-el-voto\/","og_site_name":"Diario Textual","article_publisher":"https:\/\/www.facebook.com\/eltextual","article_published_time":"2023-07-04T10:09:40+00:00","article_modified_time":"2023-07-04T10:09:42+00:00","og_image":[{"width":940,"height":529,"url":"https:\/\/diariotextual.com\/inicio\/wp-content\/uploads\/2023\/06\/bullrichpatricia2023-2.jpg","type":"image\/jpeg"}],"author":"diario5","twitter_card":"summary_large_image","twitter_creator":"@eltextual","twitter_site":"@eltextual","twitter_misc":{"Escrito por":"diario5","Tiempo de lectura":"2 minutos"},"schema":{"@context":"https:\/\/schema.org","@graph":[{"@type":"Article","@id":"https:\/\/diariotextual.com\/inicio\/index.php\/2023\/07\/04\/bullrich-denuncia-que-en-13-provincias-a-los-empleados-publicos-les-controlan-el-voto\/#article","isPartOf":{"@id":"https:\/\/diariotextual.com\/inicio\/index.php\/2023\/07\/04\/bullrich-denuncia-que-en-13-provincias-a-los-empleados-publicos-les-controlan-el-voto\/"},"author":{"name":"diario5","@id":"https:\/\/diariotextual.com\/inicio\/#\/schema\/person\/c7834961ad8b29b1d9cdbf4571299067"},"headline":"Bullrich denuncia que \u201cen 13 provincias a los empleados p\u00fablicos les controlan el voto\u201d","datePublished":"2023-07-04T10:09:40+00:00","dateModified":"2023-07-04T10:09:42+00:00","mainEntityOfPage":{"@id":"https:\/\/diariotextual.com\/inicio\/index.php\/2023\/07\/04\/bullrich-denuncia-que-en-13-provincias-a-los-empleados-publicos-les-controlan-el-voto\/"},"wordCount":268,"publisher":{"@id":"https:\/\/diariotextual.com\/inicio\/#organization"},"image":{"@id":"https:\/\/diariotextual.com\/inicio\/index.php\/2023\/07\/04\/bullrich-denuncia-que-en-13-provincias-a-los-empleados-publicos-les-controlan-el-voto\/#primaryimage"},"thumbnailUrl":"https:\/\/diariotextual.com\/inicio\/wp-content\/uploads\/2023\/06\/bullrichpatricia2023-2.jpg","articleSection":["A - DESTACADAS (mod 16)","POLITICA"],"inLanguage":"es"},{"@type":"WebPage","@id":"https:\/\/diariotextual.com\/inicio\/index.php\/2023\/07\/04\/bullrich-denuncia-que-en-13-provincias-a-los-empleados-publicos-les-controlan-el-voto\/","url":"https:\/\/diariotextual.com\/inicio\/index.php\/2023\/07\/04\/bullrich-denuncia-que-en-13-provincias-a-los-empleados-publicos-les-controlan-el-voto\/","name":"Bullrich denuncia que \u201cen 13 provincias a los empleados p\u00fablicos les controlan el voto\u201d - Diario Textual","isPartOf":{"@id":"https:\/\/diariotextual.com\/inicio\/#website"},"primaryImageOfPage":{"@id":"https:\/\/diariotextual.com\/inicio\/index.php\/2023\/07\/04\/bullrich-denuncia-que-en-13-provincias-a-los-empleados-publicos-les-controlan-el-voto\/#primaryimage"},"image":{"@id":"https:\/\/diariotextual.com\/inicio\/index.php\/2023\/07\/04\/bullrich-denuncia-que-en-13-provincias-a-los-empleados-publicos-les-controlan-el-voto\/#primaryimage"},"thumbnailUrl":"https:\/\/diariotextual.com\/inicio\/wp-content\/uploads\/2023\/06\/bullrichpatricia2023-2.jpg","datePublished":"2023-07-04T10:09:40+00:00","dateModified":"2023-07-04T10:09:42+00:00","breadcrumb":{"@id":"https:\/\/diariotextual.com\/inicio\/index.php\/2023\/07\/04\/bullrich-denuncia-que-en-13-provincias-a-los-empleados-publicos-les-controlan-el-voto\/#breadcrumb"},"inLanguage":"es","potentialAction":[{"@type":"ReadAction","target":["https:\/\/diariotextual.com\/inicio\/index.php\/2023\/07\/04\/bullrich-denuncia-que-en-13-provincias-a-los-empleados-publicos-les-controlan-el-voto\/"]}]},{"@type":"ImageObject","inLanguage":"es","@id":"https:\/\/diariotextual.com\/inicio\/index.php\/2023\/07\/04\/bullrich-denuncia-que-en-13-provincias-a-los-empleados-publicos-les-controlan-el-voto\/#primaryimage","url":"https:\/\/diariotextual.com\/inicio\/wp-content\/uploads\/2023\/06\/bullrichpatricia2023-2.jpg","contentUrl":"https:\/\/diariotextual.com\/inicio\/wp-content\/uploads\/2023\/06\/bullrichpatricia2023-2.jpg","width":940,"height":529},{"@type":"BreadcrumbList","@id":"https:\/\/diariotextual.com\/inicio\/index.php\/2023\/07\/04\/bullrich-denuncia-que-en-13-provincias-a-los-empleados-publicos-les-controlan-el-voto\/#breadcrumb","itemListElement":[{"@type":"ListItem","position":1,"name":"Portada","item":"https:\/\/diariotextual.com\/inicio\/"},{"@type":"ListItem","position":2,"name":"Bullrich denuncia que \u201cen 13 provincias a los empleados p\u00fablicos les controlan el voto\u201d"}]},{"@type":"WebSite","@id":"https:\/\/diariotextual.com\/inicio\/#website","url":"https:\/\/diariotextual.com\/inicio\/","name":"Diario Textual","description":"","publisher":{"@id":"https:\/\/diariotextual.com\/inicio\/#organization"},"potentialAction":[{"@type":"SearchAction","target":{"@type":"EntryPoint","urlTemplate":"https:\/\/diariotextual.com\/inicio\/?s={search_term_string}"},"query-input":{"@type":"PropertyValueSpecification","valueRequired":true,"valueName":"search_term_string"}}],"inLanguage":"es"},{"@type":"Organization","@id":"https:\/\/diariotextual.com\/inicio\/#organization","name":"Diario Textual","url":"https:\/\/diariotextual.com\/inicio\/","logo":{"@type":"ImageObject","inLanguage":"es","@id":"https:\/\/diariotextual.com\/inicio\/#\/schema\/logo\/image\/","url":"https:\/\/diariotextual.com\/inicio\/wp-content\/uploads\/2023\/05\/logotextual1.jpg","contentUrl":"https:\/\/diariotextual.com\/inicio\/wp-content\/uploads\/2023\/05\/logotextual1.jpg","width":516,"height":76,"caption":"Diario Textual"},"image":{"@id":"https:\/\/diariotextual.com\/inicio\/#\/schema\/logo\/image\/"},"sameAs":["https:\/\/www.facebook.com\/eltextual","https:\/\/x.com\/eltextual","http:\/\/www.instagram.com\/eltextual"]},{"@type":"Person","@id":"https:\/\/diariotextual.com\/inicio\/#\/schema\/person\/c7834961ad8b29b1d9cdbf4571299067","name":"diario5","image":{"@type":"ImageObject","inLanguage":"es","@id":"https:\/\/secure.gravatar.com\/avatar\/948c893b847ca6df68216ead81b63f363408ec9b0f600fefc0641ce78613b111?s=96&d=mm&r=g","url":"https:\/\/secure.gravatar.com\/avatar\/948c893b847ca6df68216ead81b63f363408ec9b0f600fefc0641ce78613b111?s=96&d=mm&r=g","contentUrl":"https:\/\/secure.gravatar.com\/avatar\/948c893b847ca6df68216ead81b63f363408ec9b0f600fefc0641ce78613b111?s=96&d=mm&r=g","caption":"diario5"},"url":"https:\/\/diariotextual.com\/inicio\/index.php\/author\/diario5\/"}]}},"_links":{"self":[{"href":"https:\/\/diariotextual.com\/inicio\/index.php\/wp-json\/wp\/v2\/posts\/230146","targetHints":{"allow":["GET"]}}],"collection":[{"href":"https:\/\/diariotextual.com\/inicio\/index.php\/wp-json\/wp\/v2\/posts"}],"about":[{"href":"https:\/\/diariotextual.com\/inicio\/index.php\/wp-json\/wp\/v2\/types\/post"}],"author":[{"embeddable":true,"href":"https:\/\/diariotextual.com\/inicio\/index.php\/wp-json\/wp\/v2\/users\/7"}],"replies":[{"embeddable":true,"href":"https:\/\/diariotextual.com\/inicio\/index.php\/wp-json\/wp\/v2\/comments?post=230146"}],"version-history":[{"count":1,"href":"https:\/\/diariotextual.com\/inicio\/index.php\/wp-json\/wp\/v2\/posts\/230146\/revisions"}],"predecessor-version":[{"id":230151,"href":"https:\/\/diariotextual.com\/inicio\/index.php\/wp-json\/wp\/v2\/posts\/230146\/revisions\/230151"}],"wp:featuredmedia":[{"embeddable":true,"href":"https:\/\/diariotextual.com\/inicio\/index.php\/wp-json\/wp\/v2\/media\/229908"}],"wp:attachment":[{"href":"https:\/\/diariotextual.com\/inicio\/index.php\/wp-json\/wp\/v2\/media?parent=230146"}],"wp:term":[{"taxonomy":"category","embeddable":true,"href":"https:\/\/diariotextual.com\/inicio\/index.php\/wp-json\/wp\/v2\/categories?post=230146"},{"taxonomy":"post_tag","embeddable":true,"href":"https:\/\/diariotextual.com\/inicio\/index.php\/wp-json\/wp\/v2\/tags?post=230146"}],"curies":[{"name":"wp","href":"https:\/\/api.w.org\/{rel}","templated":true}]}}