{"id":230159,"date":"2023-07-04T09:34:56","date_gmt":"2023-07-04T12:34:56","guid":{"rendered":"https:\/\/diariotextual.com\/inicio\/?p=230159"},"modified":"2023-07-04T19:58:10","modified_gmt":"2023-07-04T22:58:10","slug":"un-petrolero-volco-en-cercanias-del-yacimiento-el-medanito-y-fue-despedido-por-la-empresa","status":"publish","type":"post","link":"https:\/\/diariotextual.com\/inicio\/index.php\/2023\/07\/04\/un-petrolero-volco-en-cercanias-del-yacimiento-el-medanito-y-fue-despedido-por-la-empresa\/","title":{"rendered":"Un petrolero volc\u00f3 en La Pampa y fue despedido por la empresa"},"content":{"rendered":"\n<p>Un trabajador del petr\u00f3leo fue despedido luego de protagonizar un siniestro vial en la ruta provincial 34, en cercan\u00edas del yacimiento El Medanito, en 25 de Mayo. Seg\u00fan detallaron, el rodado qued\u00f3 destrozado luego de volcar. Desde la empresa lo despidieron ya que el responsable excedi\u00f3 el limite de velocidad.<\/p>\n\n\n\n<p>El trabajador llev\u00f3 a cabo un&nbsp;juicio laboral para revertir la decisi\u00f3n de la empresa aunque no logr\u00f3 ser reincorporado&nbsp;y se estableci\u00f3 que deber\u00e1 pagar los gastos del proceso.<\/p>\n\n\n\n<p>Seg\u00fan explicaron al diario R\u00edo Negro, la empresa hab\u00eda colocado control satelital en el veh\u00edculo y&nbsp;con ese sistema se corrobor\u00f3 que el conductor iba a casi 100 kil\u00f3metros por hora, cuando las m\u00e1ximas permitidas oscilaban entre los 40 y los 60 kil\u00f3metros.&nbsp;<\/p>\n\n\n\n<p>La C\u00e1mara Laboral&nbsp;concluy\u00f3 que el comportamiento del trabajador&nbsp;fue antijur\u00eddico y por su gravedad objetiva constituye una causa justificada para la resoluci\u00f3n del contrato. A partir de este argumento, se legitim\u00f3 el despido con causa. <\/p>\n\n\n\n<p>La empresa detall\u00f3 durante el juicio que el empleado&nbsp;ya acumulaba sanciones disciplinarias y reiteradas advertencias&nbsp;sobre la importancia de cuidar todas las normativas de seguridad y reencauzar su conducta, remarcaron.<\/p>\n\n\n\n<p>En la causa detallaron que el trabajador circulaba en una Toyota Hilux&nbsp;en direcci\u00f3n a 25 de Mayo, a la altura del yacimiento El Medanito.<\/p>\n\n\n\n<p>A partir del rastreador satelital con tecnolog\u00eda GPS se registr\u00f3 el desplazamiento,&nbsp;la velocidad y su posicionamiento dio cuenta de que el trabajador lleg\u00f3 a desplazarse a 105 kil\u00f3metros por horas a las 9.37, circulando a 95 kil\u00f3metros por horas al momento del vuelco, que ocurri\u00f3 cerca de las 10.30.<\/p>\n\n\n\n<p>\u201cEl veh\u00edculo Toyota Hilux que conduc\u00eda&nbsp;qued\u00f3 totalmente destruido con imposibilidad f\u00edsica y econ\u00f3mica de ser reparado. El hombre estuvo un tiempo de licencia m\u00e9dica a ra\u00edz del vuelco y&nbsp;cuando se reincorpor\u00f3 la despidieron con causa\u201d, detallaron. <\/p>\n\n\n\n<p>Entre las sanciones que acumulaba hab\u00eda recibido un apercibimiento en donde se le hizo saber que deber\u00eda evitar \u201cdejar regulando por horas la camioneta a su disposici\u00f3n para as\u00ed hacer un uso m\u00e1s eficiente de los recursos puesto a su disposici\u00f3n por la empresa\u201d.<\/p>\n\n\n\n<p>En el juicio se present\u00f3 un testigo declar\u00f3 que en el lugar donde se produjo el accidente existe una picada de contrafuego, por lo que&nbsp;se encontraban carteles de velocidades m\u00e1ximas de 60 kil\u00f3metros por hora al momento del accidente.<\/p>\n\n\n\n<p>La C\u00e1mara Laboral&nbsp;convalid\u00f3 el despido y rechaz\u00f3 la pretensi\u00f3n de las indemnizaciones. Adem\u00e1s, el hombre deber\u00e1 pagar los gastos del juicio.<\/p>\n","protected":false},"excerpt":{"rendered":"<p>Un trabajador del petr\u00f3leo fue despedido luego de protagonizar un siniestro vial en la ruta provincial 34, en cercan\u00edas del yacimiento El Medanito, en 25 de Mayo. Seg\u00fan detallaron, el&hellip;<\/p>\n","protected":false},"author":7,"featured_media":230160,"comment_status":"closed","ping_status":"open","sticky":false,"template":"","format":"standard","meta":{"_acf_changed":false,"footnotes":""},"categories":[1,12],"tags":[],"class_list":["post-230159","post","type-post","status-publish","format-standard","has-post-thumbnail","hentry","category-es-noticia","category-sociedad"],"acf":[],"yoast_head":"<!-- This site is optimized with the Yoast SEO plugin v27.5 - https:\/\/yoast.com\/product\/yoast-seo-wordpress\/ -->\n<title>Un petrolero volc\u00f3 en La Pampa y fue despedido por la empresa - Diario Textual<\/title>\n<meta name=\"robots\" content=\"index, follow, max-snippet:-1, max-image-preview:large, max-video-preview:-1\" \/>\n<link rel=\"canonical\" href=\"https:\/\/diariotextual.com\/inicio\/index.php\/2023\/07\/04\/un-petrolero-volco-en-cercanias-del-yacimiento-el-medanito-y-fue-despedido-por-la-empresa\/\" \/>\n<meta property=\"og:locale\" content=\"es_ES\" \/>\n<meta property=\"og:type\" content=\"article\" \/>\n<meta property=\"og:title\" content=\"Un petrolero volc\u00f3 en La Pampa y fue despedido por la empresa - Diario Textual\" \/>\n<meta property=\"og:description\" content=\"Un trabajador del petr\u00f3leo fue despedido luego de protagonizar un siniestro vial en la ruta provincial 34, en cercan\u00edas del yacimiento El Medanito, en 25 de Mayo. Seg\u00fan detallaron, el&hellip;\" \/>\n<meta property=\"og:url\" content=\"https:\/\/diariotextual.com\/inicio\/index.php\/2023\/07\/04\/un-petrolero-volco-en-cercanias-del-yacimiento-el-medanito-y-fue-despedido-por-la-empresa\/\" \/>\n<meta property=\"og:site_name\" content=\"Diario Textual\" \/>\n<meta property=\"article:publisher\" content=\"https:\/\/www.facebook.com\/eltextual\" \/>\n<meta property=\"article:published_time\" content=\"2023-07-04T12:34:56+00:00\" \/>\n<meta property=\"article:modified_time\" content=\"2023-07-04T22:58:10+00:00\" \/>\n<meta property=\"og:image\" content=\"https:\/\/diariotextual.com\/inicio\/wp-content\/uploads\/2023\/07\/poderjudicialcipolletti.jpg\" \/>\n\t<meta property=\"og:image:width\" content=\"1200\" \/>\n\t<meta property=\"og:image:height\" content=\"657\" \/>\n\t<meta property=\"og:image:type\" content=\"image\/jpeg\" \/>\n<meta name=\"author\" content=\"diario5\" \/>\n<meta name=\"twitter:card\" content=\"summary_large_image\" \/>\n<meta name=\"twitter:creator\" content=\"@eltextual\" \/>\n<meta name=\"twitter:site\" content=\"@eltextual\" \/>\n<meta name=\"twitter:label1\" content=\"Escrito por\" \/>\n\t<meta name=\"twitter:data1\" content=\"diario5\" \/>\n\t<meta name=\"twitter:label2\" content=\"Tiempo de lectura\" \/>\n\t<meta name=\"twitter:data2\" content=\"2 minutos\" \/>\n<script type=\"application\/ld+json\" class=\"yoast-schema-graph\">{\"@context\":\"https:\\\/\\\/schema.org\",\"@graph\":[{\"@type\":\"Article\",\"@id\":\"https:\\\/\\\/diariotextual.com\\\/inicio\\\/index.php\\\/2023\\\/07\\\/04\\\/un-petrolero-volco-en-cercanias-del-yacimiento-el-medanito-y-fue-despedido-por-la-empresa\\\/#article\",\"isPartOf\":{\"@id\":\"https:\\\/\\\/diariotextual.com\\\/inicio\\\/index.php\\\/2023\\\/07\\\/04\\\/un-petrolero-volco-en-cercanias-del-yacimiento-el-medanito-y-fue-despedido-por-la-empresa\\\/\"},\"author\":{\"name\":\"diario5\",\"@id\":\"https:\\\/\\\/diariotextual.com\\\/inicio\\\/#\\\/schema\\\/person\\\/c7834961ad8b29b1d9cdbf4571299067\"},\"headline\":\"Un petrolero volc\u00f3 en La Pampa y fue despedido por la empresa\",\"datePublished\":\"2023-07-04T12:34:56+00:00\",\"dateModified\":\"2023-07-04T22:58:10+00:00\",\"mainEntityOfPage\":{\"@id\":\"https:\\\/\\\/diariotextual.com\\\/inicio\\\/index.php\\\/2023\\\/07\\\/04\\\/un-petrolero-volco-en-cercanias-del-yacimiento-el-medanito-y-fue-despedido-por-la-empresa\\\/\"},\"wordCount\":458,\"publisher\":{\"@id\":\"https:\\\/\\\/diariotextual.com\\\/inicio\\\/#organization\"},\"image\":{\"@id\":\"https:\\\/\\\/diariotextual.com\\\/inicio\\\/index.php\\\/2023\\\/07\\\/04\\\/un-petrolero-volco-en-cercanias-del-yacimiento-el-medanito-y-fue-despedido-por-la-empresa\\\/#primaryimage\"},\"thumbnailUrl\":\"https:\\\/\\\/diariotextual.com\\\/inicio\\\/wp-content\\\/uploads\\\/2023\\\/07\\\/poderjudicialcipolletti.jpg\",\"articleSection\":[\"A - ES NOTICIA (van abajo)\",\"SOCIEDAD\"],\"inLanguage\":\"es\"},{\"@type\":\"WebPage\",\"@id\":\"https:\\\/\\\/diariotextual.com\\\/inicio\\\/index.php\\\/2023\\\/07\\\/04\\\/un-petrolero-volco-en-cercanias-del-yacimiento-el-medanito-y-fue-despedido-por-la-empresa\\\/\",\"url\":\"https:\\\/\\\/diariotextual.com\\\/inicio\\\/index.php\\\/2023\\\/07\\\/04\\\/un-petrolero-volco-en-cercanias-del-yacimiento-el-medanito-y-fue-despedido-por-la-empresa\\\/\",\"name\":\"Un petrolero volc\u00f3 en La Pampa y fue despedido por la empresa - Diario Textual\",\"isPartOf\":{\"@id\":\"https:\\\/\\\/diariotextual.com\\\/inicio\\\/#website\"},\"primaryImageOfPage\":{\"@id\":\"https:\\\/\\\/diariotextual.com\\\/inicio\\\/index.php\\\/2023\\\/07\\\/04\\\/un-petrolero-volco-en-cercanias-del-yacimiento-el-medanito-y-fue-despedido-por-la-empresa\\\/#primaryimage\"},\"image\":{\"@id\":\"https:\\\/\\\/diariotextual.com\\\/inicio\\\/index.php\\\/2023\\\/07\\\/04\\\/un-petrolero-volco-en-cercanias-del-yacimiento-el-medanito-y-fue-despedido-por-la-empresa\\\/#primaryimage\"},\"thumbnailUrl\":\"https:\\\/\\\/diariotextual.com\\\/inicio\\\/wp-content\\\/uploads\\\/2023\\\/07\\\/poderjudicialcipolletti.jpg\",\"datePublished\":\"2023-07-04T12:34:56+00:00\",\"dateModified\":\"2023-07-04T22:58:10+00:00\",\"breadcrumb\":{\"@id\":\"https:\\\/\\\/diariotextual.com\\\/inicio\\\/index.php\\\/2023\\\/07\\\/04\\\/un-petrolero-volco-en-cercanias-del-yacimiento-el-medanito-y-fue-despedido-por-la-empresa\\\/#breadcrumb\"},\"inLanguage\":\"es\",\"potentialAction\":[{\"@type\":\"ReadAction\",\"target\":[\"https:\\\/\\\/diariotextual.com\\\/inicio\\\/index.php\\\/2023\\\/07\\\/04\\\/un-petrolero-volco-en-cercanias-del-yacimiento-el-medanito-y-fue-despedido-por-la-empresa\\\/\"]}]},{\"@type\":\"ImageObject\",\"inLanguage\":\"es\",\"@id\":\"https:\\\/\\\/diariotextual.com\\\/inicio\\\/index.php\\\/2023\\\/07\\\/04\\\/un-petrolero-volco-en-cercanias-del-yacimiento-el-medanito-y-fue-despedido-por-la-empresa\\\/#primaryimage\",\"url\":\"https:\\\/\\\/diariotextual.com\\\/inicio\\\/wp-content\\\/uploads\\\/2023\\\/07\\\/poderjudicialcipolletti.jpg\",\"contentUrl\":\"https:\\\/\\\/diariotextual.com\\\/inicio\\\/wp-content\\\/uploads\\\/2023\\\/07\\\/poderjudicialcipolletti.jpg\",\"width\":1200,\"height\":657},{\"@type\":\"BreadcrumbList\",\"@id\":\"https:\\\/\\\/diariotextual.com\\\/inicio\\\/index.php\\\/2023\\\/07\\\/04\\\/un-petrolero-volco-en-cercanias-del-yacimiento-el-medanito-y-fue-despedido-por-la-empresa\\\/#breadcrumb\",\"itemListElement\":[{\"@type\":\"ListItem\",\"position\":1,\"name\":\"Portada\",\"item\":\"https:\\\/\\\/diariotextual.com\\\/inicio\\\/\"},{\"@type\":\"ListItem\",\"position\":2,\"name\":\"Un petrolero volc\u00f3 en La Pampa y fue despedido por la empresa\"}]},{\"@type\":\"WebSite\",\"@id\":\"https:\\\/\\\/diariotextual.com\\\/inicio\\\/#website\",\"url\":\"https:\\\/\\\/diariotextual.com\\\/inicio\\\/\",\"name\":\"Diario Textual\",\"description\":\"\",\"publisher\":{\"@id\":\"https:\\\/\\\/diariotextual.com\\\/inicio\\\/#organization\"},\"potentialAction\":[{\"@type\":\"SearchAction\",\"target\":{\"@type\":\"EntryPoint\",\"urlTemplate\":\"https:\\\/\\\/diariotextual.com\\\/inicio\\\/?s={search_term_string}\"},\"query-input\":{\"@type\":\"PropertyValueSpecification\",\"valueRequired\":true,\"valueName\":\"search_term_string\"}}],\"inLanguage\":\"es\"},{\"@type\":\"Organization\",\"@id\":\"https:\\\/\\\/diariotextual.com\\\/inicio\\\/#organization\",\"name\":\"Diario Textual\",\"url\":\"https:\\\/\\\/diariotextual.com\\\/inicio\\\/\",\"logo\":{\"@type\":\"ImageObject\",\"inLanguage\":\"es\",\"@id\":\"https:\\\/\\\/diariotextual.com\\\/inicio\\\/#\\\/schema\\\/logo\\\/image\\\/\",\"url\":\"https:\\\/\\\/diariotextual.com\\\/inicio\\\/wp-content\\\/uploads\\\/2023\\\/05\\\/logotextual1.jpg\",\"contentUrl\":\"https:\\\/\\\/diariotextual.com\\\/inicio\\\/wp-content\\\/uploads\\\/2023\\\/05\\\/logotextual1.jpg\",\"width\":516,\"height\":76,\"caption\":\"Diario Textual\"},\"image\":{\"@id\":\"https:\\\/\\\/diariotextual.com\\\/inicio\\\/#\\\/schema\\\/logo\\\/image\\\/\"},\"sameAs\":[\"https:\\\/\\\/www.facebook.com\\\/eltextual\",\"https:\\\/\\\/x.com\\\/eltextual\",\"http:\\\/\\\/www.instagram.com\\\/eltextual\"]},{\"@type\":\"Person\",\"@id\":\"https:\\\/\\\/diariotextual.com\\\/inicio\\\/#\\\/schema\\\/person\\\/c7834961ad8b29b1d9cdbf4571299067\",\"name\":\"diario5\",\"image\":{\"@type\":\"ImageObject\",\"inLanguage\":\"es\",\"@id\":\"https:\\\/\\\/secure.gravatar.com\\\/avatar\\\/948c893b847ca6df68216ead81b63f363408ec9b0f600fefc0641ce78613b111?s=96&d=mm&r=g\",\"url\":\"https:\\\/\\\/secure.gravatar.com\\\/avatar\\\/948c893b847ca6df68216ead81b63f363408ec9b0f600fefc0641ce78613b111?s=96&d=mm&r=g\",\"contentUrl\":\"https:\\\/\\\/secure.gravatar.com\\\/avatar\\\/948c893b847ca6df68216ead81b63f363408ec9b0f600fefc0641ce78613b111?s=96&d=mm&r=g\",\"caption\":\"diario5\"},\"url\":\"https:\\\/\\\/diariotextual.com\\\/inicio\\\/index.php\\\/author\\\/diario5\\\/\"}]}<\/script>\n<!-- \/ Yoast SEO plugin. -->","yoast_head_json":{"title":"Un petrolero volc\u00f3 en La Pampa y fue despedido por la empresa - Diario Textual","robots":{"index":"index","follow":"follow","max-snippet":"max-snippet:-1","max-image-preview":"max-image-preview:large","max-video-preview":"max-video-preview:-1"},"canonical":"https:\/\/diariotextual.com\/inicio\/index.php\/2023\/07\/04\/un-petrolero-volco-en-cercanias-del-yacimiento-el-medanito-y-fue-despedido-por-la-empresa\/","og_locale":"es_ES","og_type":"article","og_title":"Un petrolero volc\u00f3 en La Pampa y fue despedido por la empresa - Diario Textual","og_description":"Un trabajador del petr\u00f3leo fue despedido luego de protagonizar un siniestro vial en la ruta provincial 34, en cercan\u00edas del yacimiento El Medanito, en 25 de Mayo. Seg\u00fan detallaron, el&hellip;","og_url":"https:\/\/diariotextual.com\/inicio\/index.php\/2023\/07\/04\/un-petrolero-volco-en-cercanias-del-yacimiento-el-medanito-y-fue-despedido-por-la-empresa\/","og_site_name":"Diario Textual","article_publisher":"https:\/\/www.facebook.com\/eltextual","article_published_time":"2023-07-04T12:34:56+00:00","article_modified_time":"2023-07-04T22:58:10+00:00","og_image":[{"width":1200,"height":657,"url":"https:\/\/diariotextual.com\/inicio\/wp-content\/uploads\/2023\/07\/poderjudicialcipolletti.jpg","type":"image\/jpeg"}],"author":"diario5","twitter_card":"summary_large_image","twitter_creator":"@eltextual","twitter_site":"@eltextual","twitter_misc":{"Escrito por":"diario5","Tiempo de lectura":"2 minutos"},"schema":{"@context":"https:\/\/schema.org","@graph":[{"@type":"Article","@id":"https:\/\/diariotextual.com\/inicio\/index.php\/2023\/07\/04\/un-petrolero-volco-en-cercanias-del-yacimiento-el-medanito-y-fue-despedido-por-la-empresa\/#article","isPartOf":{"@id":"https:\/\/diariotextual.com\/inicio\/index.php\/2023\/07\/04\/un-petrolero-volco-en-cercanias-del-yacimiento-el-medanito-y-fue-despedido-por-la-empresa\/"},"author":{"name":"diario5","@id":"https:\/\/diariotextual.com\/inicio\/#\/schema\/person\/c7834961ad8b29b1d9cdbf4571299067"},"headline":"Un petrolero volc\u00f3 en La Pampa y fue despedido por la empresa","datePublished":"2023-07-04T12:34:56+00:00","dateModified":"2023-07-04T22:58:10+00:00","mainEntityOfPage":{"@id":"https:\/\/diariotextual.com\/inicio\/index.php\/2023\/07\/04\/un-petrolero-volco-en-cercanias-del-yacimiento-el-medanito-y-fue-despedido-por-la-empresa\/"},"wordCount":458,"publisher":{"@id":"https:\/\/diariotextual.com\/inicio\/#organization"},"image":{"@id":"https:\/\/diariotextual.com\/inicio\/index.php\/2023\/07\/04\/un-petrolero-volco-en-cercanias-del-yacimiento-el-medanito-y-fue-despedido-por-la-empresa\/#primaryimage"},"thumbnailUrl":"https:\/\/diariotextual.com\/inicio\/wp-content\/uploads\/2023\/07\/poderjudicialcipolletti.jpg","articleSection":["A - ES NOTICIA (van abajo)","SOCIEDAD"],"inLanguage":"es"},{"@type":"WebPage","@id":"https:\/\/diariotextual.com\/inicio\/index.php\/2023\/07\/04\/un-petrolero-volco-en-cercanias-del-yacimiento-el-medanito-y-fue-despedido-por-la-empresa\/","url":"https:\/\/diariotextual.com\/inicio\/index.php\/2023\/07\/04\/un-petrolero-volco-en-cercanias-del-yacimiento-el-medanito-y-fue-despedido-por-la-empresa\/","name":"Un petrolero volc\u00f3 en La Pampa y fue despedido por la empresa - Diario Textual","isPartOf":{"@id":"https:\/\/diariotextual.com\/inicio\/#website"},"primaryImageOfPage":{"@id":"https:\/\/diariotextual.com\/inicio\/index.php\/2023\/07\/04\/un-petrolero-volco-en-cercanias-del-yacimiento-el-medanito-y-fue-despedido-por-la-empresa\/#primaryimage"},"image":{"@id":"https:\/\/diariotextual.com\/inicio\/index.php\/2023\/07\/04\/un-petrolero-volco-en-cercanias-del-yacimiento-el-medanito-y-fue-despedido-por-la-empresa\/#primaryimage"},"thumbnailUrl":"https:\/\/diariotextual.com\/inicio\/wp-content\/uploads\/2023\/07\/poderjudicialcipolletti.jpg","datePublished":"2023-07-04T12:34:56+00:00","dateModified":"2023-07-04T22:58:10+00:00","breadcrumb":{"@id":"https:\/\/diariotextual.com\/inicio\/index.php\/2023\/07\/04\/un-petrolero-volco-en-cercanias-del-yacimiento-el-medanito-y-fue-despedido-por-la-empresa\/#breadcrumb"},"inLanguage":"es","potentialAction":[{"@type":"ReadAction","target":["https:\/\/diariotextual.com\/inicio\/index.php\/2023\/07\/04\/un-petrolero-volco-en-cercanias-del-yacimiento-el-medanito-y-fue-despedido-por-la-empresa\/"]}]},{"@type":"ImageObject","inLanguage":"es","@id":"https:\/\/diariotextual.com\/inicio\/index.php\/2023\/07\/04\/un-petrolero-volco-en-cercanias-del-yacimiento-el-medanito-y-fue-despedido-por-la-empresa\/#primaryimage","url":"https:\/\/diariotextual.com\/inicio\/wp-content\/uploads\/2023\/07\/poderjudicialcipolletti.jpg","contentUrl":"https:\/\/diariotextual.com\/inicio\/wp-content\/uploads\/2023\/07\/poderjudicialcipolletti.jpg","width":1200,"height":657},{"@type":"BreadcrumbList","@id":"https:\/\/diariotextual.com\/inicio\/index.php\/2023\/07\/04\/un-petrolero-volco-en-cercanias-del-yacimiento-el-medanito-y-fue-despedido-por-la-empresa\/#breadcrumb","itemListElement":[{"@type":"ListItem","position":1,"name":"Portada","item":"https:\/\/diariotextual.com\/inicio\/"},{"@type":"ListItem","position":2,"name":"Un petrolero volc\u00f3 en La Pampa y fue despedido por la empresa"}]},{"@type":"WebSite","@id":"https:\/\/diariotextual.com\/inicio\/#website","url":"https:\/\/diariotextual.com\/inicio\/","name":"Diario Textual","description":"","publisher":{"@id":"https:\/\/diariotextual.com\/inicio\/#organization"},"potentialAction":[{"@type":"SearchAction","target":{"@type":"EntryPoint","urlTemplate":"https:\/\/diariotextual.com\/inicio\/?s={search_term_string}"},"query-input":{"@type":"PropertyValueSpecification","valueRequired":true,"valueName":"search_term_string"}}],"inLanguage":"es"},{"@type":"Organization","@id":"https:\/\/diariotextual.com\/inicio\/#organization","name":"Diario Textual","url":"https:\/\/diariotextual.com\/inicio\/","logo":{"@type":"ImageObject","inLanguage":"es","@id":"https:\/\/diariotextual.com\/inicio\/#\/schema\/logo\/image\/","url":"https:\/\/diariotextual.com\/inicio\/wp-content\/uploads\/2023\/05\/logotextual1.jpg","contentUrl":"https:\/\/diariotextual.com\/inicio\/wp-content\/uploads\/2023\/05\/logotextual1.jpg","width":516,"height":76,"caption":"Diario Textual"},"image":{"@id":"https:\/\/diariotextual.com\/inicio\/#\/schema\/logo\/image\/"},"sameAs":["https:\/\/www.facebook.com\/eltextual","https:\/\/x.com\/eltextual","http:\/\/www.instagram.com\/eltextual"]},{"@type":"Person","@id":"https:\/\/diariotextual.com\/inicio\/#\/schema\/person\/c7834961ad8b29b1d9cdbf4571299067","name":"diario5","image":{"@type":"ImageObject","inLanguage":"es","@id":"https:\/\/secure.gravatar.com\/avatar\/948c893b847ca6df68216ead81b63f363408ec9b0f600fefc0641ce78613b111?s=96&d=mm&r=g","url":"https:\/\/secure.gravatar.com\/avatar\/948c893b847ca6df68216ead81b63f363408ec9b0f600fefc0641ce78613b111?s=96&d=mm&r=g","contentUrl":"https:\/\/secure.gravatar.com\/avatar\/948c893b847ca6df68216ead81b63f363408ec9b0f600fefc0641ce78613b111?s=96&d=mm&r=g","caption":"diario5"},"url":"https:\/\/diariotextual.com\/inicio\/index.php\/author\/diario5\/"}]}},"_links":{"self":[{"href":"https:\/\/diariotextual.com\/inicio\/index.php\/wp-json\/wp\/v2\/posts\/230159","targetHints":{"allow":["GET"]}}],"collection":[{"href":"https:\/\/diariotextual.com\/inicio\/index.php\/wp-json\/wp\/v2\/posts"}],"about":[{"href":"https:\/\/diariotextual.com\/inicio\/index.php\/wp-json\/wp\/v2\/types\/post"}],"author":[{"embeddable":true,"href":"https:\/\/diariotextual.com\/inicio\/index.php\/wp-json\/wp\/v2\/users\/7"}],"replies":[{"embeddable":true,"href":"https:\/\/diariotextual.com\/inicio\/index.php\/wp-json\/wp\/v2\/comments?post=230159"}],"version-history":[{"count":2,"href":"https:\/\/diariotextual.com\/inicio\/index.php\/wp-json\/wp\/v2\/posts\/230159\/revisions"}],"predecessor-version":[{"id":230164,"href":"https:\/\/diariotextual.com\/inicio\/index.php\/wp-json\/wp\/v2\/posts\/230159\/revisions\/230164"}],"wp:featuredmedia":[{"embeddable":true,"href":"https:\/\/diariotextual.com\/inicio\/index.php\/wp-json\/wp\/v2\/media\/230160"}],"wp:attachment":[{"href":"https:\/\/diariotextual.com\/inicio\/index.php\/wp-json\/wp\/v2\/media?parent=230159"}],"wp:term":[{"taxonomy":"category","embeddable":true,"href":"https:\/\/diariotextual.com\/inicio\/index.php\/wp-json\/wp\/v2\/categories?post=230159"},{"taxonomy":"post_tag","embeddable":true,"href":"https:\/\/diariotextual.com\/inicio\/index.php\/wp-json\/wp\/v2\/tags?post=230159"}],"curies":[{"name":"wp","href":"https:\/\/api.w.org\/{rel}","templated":true}]}}