{"id":230165,"date":"2023-07-04T10:01:35","date_gmt":"2023-07-04T13:01:35","guid":{"rendered":"https:\/\/diariotextual.com\/inicio\/?p=230165"},"modified":"2023-07-04T15:49:24","modified_gmt":"2023-07-04T18:49:24","slug":"nueva-manifestacion-de-familiares-de-una-chica-abusada-por-su-tio-piden-prision-efectiva-al-acusado","status":"publish","type":"post","link":"https:\/\/diariotextual.com\/inicio\/index.php\/2023\/07\/04\/nueva-manifestacion-de-familiares-de-una-chica-abusada-por-su-tio-piden-prision-efectiva-al-acusado\/","title":{"rendered":"Nueva manifestaci\u00f3n de familiares de una chica abusada por su t\u00edo: piden prisi\u00f3n efectiva al acusado"},"content":{"rendered":"\n<p>Familiares y amigos de&nbsp;<strong>Damaris Alvarez<\/strong>, la joven de 18 a\u00f1os que denunci\u00f3 que&nbsp;<strong>cuando ten\u00eda siete a\u00f1os fue abusada sexualmente por su t\u00edo<\/strong>, realizan una nueva manifiestaci\u00f3n en el Centro Judicial de Santa Rosa en reclamo de justicia. El fiscal Cristian Casais pidi\u00f3 una condena de 6 a\u00f1os. Este viernes se conoce la sentencia.<\/p>\n\n\n\n<figure class=\"wp-block-embed is-type-wp-embed is-provider-diario-textual wp-block-embed-diario-textual\"><div class=\"wp-block-embed__wrapper\">\n<blockquote class=\"wp-embedded-content\" data-secret=\"AAZsAUkEjN\"><a href=\"https:\/\/diariotextual.com\/inicio\/index.php\/2023\/06\/26\/familiares-de-joven-que-denuncio-a-su-tio-por-un-abuso-sexual-a-los-7-anos-se-manifiestan-en-el-centro-judicial\/\">Familiares de joven que denunci\u00f3 a su t\u00edo por un abuso sexual a los 7 a\u00f1os se manifiestaron en el Centro Judicial<\/a><\/blockquote><iframe class=\"wp-embedded-content\" sandbox=\"allow-scripts\" security=\"restricted\" style=\"position: absolute; clip: rect(1px, 1px, 1px, 1px);\" title=\"\u00abFamiliares de joven que denunci\u00f3 a su t\u00edo por un abuso sexual a los 7 a\u00f1os se manifiestaron en el Centro Judicial\u00bb \u2014 Diario Textual\" src=\"https:\/\/diariotextual.com\/inicio\/index.php\/2023\/06\/26\/familiares-de-joven-que-denuncio-a-su-tio-por-un-abuso-sexual-a-los-7-anos-se-manifiestan-en-el-centro-judicial\/embed\/#?secret=rz71Dtsy19#?secret=AAZsAUkEjN\" data-secret=\"AAZsAUkEjN\" width=\"600\" height=\"338\" frameborder=\"0\" marginwidth=\"0\" marginheight=\"0\" scrolling=\"no\"><\/iframe>\n<\/div><\/figure>\n\n\n\n<p><strong>\u201cPedimos que esos a\u00f1os que pidi\u00f3 el fiscal sean de efectivo cumplimiento, ya que \u00e9l (el acusado) asumi\u00f3 en parte el delito cuando quiso hacer el arreglo de 3 a\u00f1os con arresto domiciliario con efectivo cumplimiento y la indemnizaci\u00f3n\u201d<\/strong>, dijo a Diario Textual Melina Schreiber, la mam\u00e1 de la v\u00edctima.<\/p>\n\n\n\n<p>El caso se conoci\u00f3 en 2021, cuando la adolescente cont\u00f3 en la escuela que cuando ten\u00eda 7 a\u00f1os hab\u00eda sido violada por su t\u00edo. <\/p>\n\n\n\n<p><strong>\u201cUna compa\u00f1era cont\u00f3 lo que le hab\u00eda pasado, su abuso sexual, y ella (Damaris) se anim\u00f3 por primera vez a relatar lo que le hab\u00eda hecho su t\u00edo\u201d<\/strong>, dijo la madre.<\/p>\n\n\n\n<p>La acusaci\u00f3n al t\u00edo es <strong>\u201cabuso sexual con acceso carnal, anal y vaginal, agravado por el v\u00ednculo familiar\u201d<\/strong>.<\/p>\n\n\n\n<figure class=\"wp-block-image size-large\"><img fetchpriority=\"high\" decoding=\"async\" width=\"935\" height=\"1024\" src=\"https:\/\/diariotextual.com\/inicio\/wp-content\/uploads\/2023\/07\/damarisalvarezmanifestacioncentrojudicial-935x1024.jpg\" alt=\"\" class=\"wp-image-230168\" srcset=\"https:\/\/diariotextual.com\/inicio\/wp-content\/uploads\/2023\/07\/damarisalvarezmanifestacioncentrojudicial-935x1024.jpg 935w, https:\/\/diariotextual.com\/inicio\/wp-content\/uploads\/2023\/07\/damarisalvarezmanifestacioncentrojudicial-274x300.jpg 274w, https:\/\/diariotextual.com\/inicio\/wp-content\/uploads\/2023\/07\/damarisalvarezmanifestacioncentrojudicial-768x841.jpg 768w, https:\/\/diariotextual.com\/inicio\/wp-content\/uploads\/2023\/07\/damarisalvarezmanifestacioncentrojudicial-585x641.jpg 585w, https:\/\/diariotextual.com\/inicio\/wp-content\/uploads\/2023\/07\/damarisalvarezmanifestacioncentrojudicial.jpg 1171w\" sizes=\"(max-width: 935px) 100vw, 935px\" \/><\/figure>\n","protected":false},"excerpt":{"rendered":"<p>Familiares y amigos de&nbsp;Damaris Alvarez, la joven de 18 a\u00f1os que denunci\u00f3 que&nbsp;cuando ten\u00eda siete a\u00f1os fue abusada sexualmente por su t\u00edo, realizan una nueva manifiestaci\u00f3n en el Centro Judicial&hellip;<\/p>\n","protected":false},"author":7,"featured_media":229454,"comment_status":"closed","ping_status":"open","sticky":false,"template":"","format":"standard","meta":{"_acf_changed":false,"footnotes":""},"categories":[1,12],"tags":[],"class_list":["post-230165","post","type-post","status-publish","format-standard","has-post-thumbnail","hentry","category-es-noticia","category-sociedad"],"acf":[],"yoast_head":"<!-- This site is optimized with the Yoast SEO plugin v27.5 - https:\/\/yoast.com\/product\/yoast-seo-wordpress\/ -->\n<title>Nueva manifestaci\u00f3n de familiares de una chica abusada por su t\u00edo: piden prisi\u00f3n efectiva al acusado - Diario Textual<\/title>\n<meta name=\"robots\" content=\"index, follow, max-snippet:-1, max-image-preview:large, max-video-preview:-1\" \/>\n<link rel=\"canonical\" href=\"https:\/\/diariotextual.com\/inicio\/index.php\/2023\/07\/04\/nueva-manifestacion-de-familiares-de-una-chica-abusada-por-su-tio-piden-prision-efectiva-al-acusado\/\" \/>\n<meta property=\"og:locale\" content=\"es_ES\" \/>\n<meta property=\"og:type\" content=\"article\" \/>\n<meta property=\"og:title\" content=\"Nueva manifestaci\u00f3n de familiares de una chica abusada por su t\u00edo: piden prisi\u00f3n efectiva al acusado - Diario Textual\" \/>\n<meta property=\"og:description\" content=\"Familiares y amigos de&nbsp;Damaris Alvarez, la joven de 18 a\u00f1os que denunci\u00f3 que&nbsp;cuando ten\u00eda siete a\u00f1os fue abusada sexualmente por su t\u00edo, realizan una nueva manifiestaci\u00f3n en el Centro Judicial&hellip;\" \/>\n<meta property=\"og:url\" content=\"https:\/\/diariotextual.com\/inicio\/index.php\/2023\/07\/04\/nueva-manifestacion-de-familiares-de-una-chica-abusada-por-su-tio-piden-prision-efectiva-al-acusado\/\" \/>\n<meta property=\"og:site_name\" content=\"Diario Textual\" \/>\n<meta property=\"article:publisher\" content=\"https:\/\/www.facebook.com\/eltextual\" \/>\n<meta property=\"article:published_time\" content=\"2023-07-04T13:01:35+00:00\" \/>\n<meta property=\"article:modified_time\" content=\"2023-07-04T18:49:24+00:00\" \/>\n<meta property=\"og:image\" content=\"https:\/\/diariotextual.com\/inicio\/wp-content\/uploads\/2023\/06\/manifestacioncasodemarisalvarez.jpg\" \/>\n\t<meta property=\"og:image:width\" content=\"1280\" \/>\n\t<meta property=\"og:image:height\" content=\"720\" \/>\n\t<meta property=\"og:image:type\" content=\"image\/jpeg\" \/>\n<meta name=\"author\" content=\"diario5\" \/>\n<meta name=\"twitter:card\" content=\"summary_large_image\" \/>\n<meta name=\"twitter:creator\" content=\"@eltextual\" \/>\n<meta name=\"twitter:site\" content=\"@eltextual\" \/>\n<meta name=\"twitter:label1\" content=\"Escrito por\" \/>\n\t<meta name=\"twitter:data1\" content=\"diario5\" \/>\n\t<meta name=\"twitter:label2\" content=\"Tiempo de lectura\" \/>\n\t<meta name=\"twitter:data2\" content=\"2 minutos\" \/>\n<script type=\"application\/ld+json\" class=\"yoast-schema-graph\">{\"@context\":\"https:\\\/\\\/schema.org\",\"@graph\":[{\"@type\":\"Article\",\"@id\":\"https:\\\/\\\/diariotextual.com\\\/inicio\\\/index.php\\\/2023\\\/07\\\/04\\\/nueva-manifestacion-de-familiares-de-una-chica-abusada-por-su-tio-piden-prision-efectiva-al-acusado\\\/#article\",\"isPartOf\":{\"@id\":\"https:\\\/\\\/diariotextual.com\\\/inicio\\\/index.php\\\/2023\\\/07\\\/04\\\/nueva-manifestacion-de-familiares-de-una-chica-abusada-por-su-tio-piden-prision-efectiva-al-acusado\\\/\"},\"author\":{\"name\":\"diario5\",\"@id\":\"https:\\\/\\\/diariotextual.com\\\/inicio\\\/#\\\/schema\\\/person\\\/c7834961ad8b29b1d9cdbf4571299067\"},\"headline\":\"Nueva manifestaci\u00f3n de familiares de una chica abusada por su t\u00edo: piden prisi\u00f3n efectiva al acusado\",\"datePublished\":\"2023-07-04T13:01:35+00:00\",\"dateModified\":\"2023-07-04T18:49:24+00:00\",\"mainEntityOfPage\":{\"@id\":\"https:\\\/\\\/diariotextual.com\\\/inicio\\\/index.php\\\/2023\\\/07\\\/04\\\/nueva-manifestacion-de-familiares-de-una-chica-abusada-por-su-tio-piden-prision-efectiva-al-acusado\\\/\"},\"wordCount\":223,\"publisher\":{\"@id\":\"https:\\\/\\\/diariotextual.com\\\/inicio\\\/#organization\"},\"image\":{\"@id\":\"https:\\\/\\\/diariotextual.com\\\/inicio\\\/index.php\\\/2023\\\/07\\\/04\\\/nueva-manifestacion-de-familiares-de-una-chica-abusada-por-su-tio-piden-prision-efectiva-al-acusado\\\/#primaryimage\"},\"thumbnailUrl\":\"https:\\\/\\\/diariotextual.com\\\/inicio\\\/wp-content\\\/uploads\\\/2023\\\/06\\\/manifestacioncasodemarisalvarez.jpg\",\"articleSection\":[\"A - ES NOTICIA (van abajo)\",\"SOCIEDAD\"],\"inLanguage\":\"es\"},{\"@type\":\"WebPage\",\"@id\":\"https:\\\/\\\/diariotextual.com\\\/inicio\\\/index.php\\\/2023\\\/07\\\/04\\\/nueva-manifestacion-de-familiares-de-una-chica-abusada-por-su-tio-piden-prision-efectiva-al-acusado\\\/\",\"url\":\"https:\\\/\\\/diariotextual.com\\\/inicio\\\/index.php\\\/2023\\\/07\\\/04\\\/nueva-manifestacion-de-familiares-de-una-chica-abusada-por-su-tio-piden-prision-efectiva-al-acusado\\\/\",\"name\":\"Nueva manifestaci\u00f3n de familiares de una chica abusada por su t\u00edo: piden prisi\u00f3n efectiva al acusado - Diario Textual\",\"isPartOf\":{\"@id\":\"https:\\\/\\\/diariotextual.com\\\/inicio\\\/#website\"},\"primaryImageOfPage\":{\"@id\":\"https:\\\/\\\/diariotextual.com\\\/inicio\\\/index.php\\\/2023\\\/07\\\/04\\\/nueva-manifestacion-de-familiares-de-una-chica-abusada-por-su-tio-piden-prision-efectiva-al-acusado\\\/#primaryimage\"},\"image\":{\"@id\":\"https:\\\/\\\/diariotextual.com\\\/inicio\\\/index.php\\\/2023\\\/07\\\/04\\\/nueva-manifestacion-de-familiares-de-una-chica-abusada-por-su-tio-piden-prision-efectiva-al-acusado\\\/#primaryimage\"},\"thumbnailUrl\":\"https:\\\/\\\/diariotextual.com\\\/inicio\\\/wp-content\\\/uploads\\\/2023\\\/06\\\/manifestacioncasodemarisalvarez.jpg\",\"datePublished\":\"2023-07-04T13:01:35+00:00\",\"dateModified\":\"2023-07-04T18:49:24+00:00\",\"breadcrumb\":{\"@id\":\"https:\\\/\\\/diariotextual.com\\\/inicio\\\/index.php\\\/2023\\\/07\\\/04\\\/nueva-manifestacion-de-familiares-de-una-chica-abusada-por-su-tio-piden-prision-efectiva-al-acusado\\\/#breadcrumb\"},\"inLanguage\":\"es\",\"potentialAction\":[{\"@type\":\"ReadAction\",\"target\":[\"https:\\\/\\\/diariotextual.com\\\/inicio\\\/index.php\\\/2023\\\/07\\\/04\\\/nueva-manifestacion-de-familiares-de-una-chica-abusada-por-su-tio-piden-prision-efectiva-al-acusado\\\/\"]}]},{\"@type\":\"ImageObject\",\"inLanguage\":\"es\",\"@id\":\"https:\\\/\\\/diariotextual.com\\\/inicio\\\/index.php\\\/2023\\\/07\\\/04\\\/nueva-manifestacion-de-familiares-de-una-chica-abusada-por-su-tio-piden-prision-efectiva-al-acusado\\\/#primaryimage\",\"url\":\"https:\\\/\\\/diariotextual.com\\\/inicio\\\/wp-content\\\/uploads\\\/2023\\\/06\\\/manifestacioncasodemarisalvarez.jpg\",\"contentUrl\":\"https:\\\/\\\/diariotextual.com\\\/inicio\\\/wp-content\\\/uploads\\\/2023\\\/06\\\/manifestacioncasodemarisalvarez.jpg\",\"width\":1280,\"height\":720},{\"@type\":\"BreadcrumbList\",\"@id\":\"https:\\\/\\\/diariotextual.com\\\/inicio\\\/index.php\\\/2023\\\/07\\\/04\\\/nueva-manifestacion-de-familiares-de-una-chica-abusada-por-su-tio-piden-prision-efectiva-al-acusado\\\/#breadcrumb\",\"itemListElement\":[{\"@type\":\"ListItem\",\"position\":1,\"name\":\"Portada\",\"item\":\"https:\\\/\\\/diariotextual.com\\\/inicio\\\/\"},{\"@type\":\"ListItem\",\"position\":2,\"name\":\"Nueva manifestaci\u00f3n de familiares de una chica abusada por su t\u00edo: piden prisi\u00f3n efectiva al acusado\"}]},{\"@type\":\"WebSite\",\"@id\":\"https:\\\/\\\/diariotextual.com\\\/inicio\\\/#website\",\"url\":\"https:\\\/\\\/diariotextual.com\\\/inicio\\\/\",\"name\":\"Diario Textual\",\"description\":\"\",\"publisher\":{\"@id\":\"https:\\\/\\\/diariotextual.com\\\/inicio\\\/#organization\"},\"potentialAction\":[{\"@type\":\"SearchAction\",\"target\":{\"@type\":\"EntryPoint\",\"urlTemplate\":\"https:\\\/\\\/diariotextual.com\\\/inicio\\\/?s={search_term_string}\"},\"query-input\":{\"@type\":\"PropertyValueSpecification\",\"valueRequired\":true,\"valueName\":\"search_term_string\"}}],\"inLanguage\":\"es\"},{\"@type\":\"Organization\",\"@id\":\"https:\\\/\\\/diariotextual.com\\\/inicio\\\/#organization\",\"name\":\"Diario Textual\",\"url\":\"https:\\\/\\\/diariotextual.com\\\/inicio\\\/\",\"logo\":{\"@type\":\"ImageObject\",\"inLanguage\":\"es\",\"@id\":\"https:\\\/\\\/diariotextual.com\\\/inicio\\\/#\\\/schema\\\/logo\\\/image\\\/\",\"url\":\"https:\\\/\\\/diariotextual.com\\\/inicio\\\/wp-content\\\/uploads\\\/2023\\\/05\\\/logotextual1.jpg\",\"contentUrl\":\"https:\\\/\\\/diariotextual.com\\\/inicio\\\/wp-content\\\/uploads\\\/2023\\\/05\\\/logotextual1.jpg\",\"width\":516,\"height\":76,\"caption\":\"Diario Textual\"},\"image\":{\"@id\":\"https:\\\/\\\/diariotextual.com\\\/inicio\\\/#\\\/schema\\\/logo\\\/image\\\/\"},\"sameAs\":[\"https:\\\/\\\/www.facebook.com\\\/eltextual\",\"https:\\\/\\\/x.com\\\/eltextual\",\"http:\\\/\\\/www.instagram.com\\\/eltextual\"]},{\"@type\":\"Person\",\"@id\":\"https:\\\/\\\/diariotextual.com\\\/inicio\\\/#\\\/schema\\\/person\\\/c7834961ad8b29b1d9cdbf4571299067\",\"name\":\"diario5\",\"image\":{\"@type\":\"ImageObject\",\"inLanguage\":\"es\",\"@id\":\"https:\\\/\\\/secure.gravatar.com\\\/avatar\\\/948c893b847ca6df68216ead81b63f363408ec9b0f600fefc0641ce78613b111?s=96&d=mm&r=g\",\"url\":\"https:\\\/\\\/secure.gravatar.com\\\/avatar\\\/948c893b847ca6df68216ead81b63f363408ec9b0f600fefc0641ce78613b111?s=96&d=mm&r=g\",\"contentUrl\":\"https:\\\/\\\/secure.gravatar.com\\\/avatar\\\/948c893b847ca6df68216ead81b63f363408ec9b0f600fefc0641ce78613b111?s=96&d=mm&r=g\",\"caption\":\"diario5\"},\"url\":\"https:\\\/\\\/diariotextual.com\\\/inicio\\\/index.php\\\/author\\\/diario5\\\/\"}]}<\/script>\n<!-- \/ Yoast SEO plugin. -->","yoast_head_json":{"title":"Nueva manifestaci\u00f3n de familiares de una chica abusada por su t\u00edo: piden prisi\u00f3n efectiva al acusado - Diario Textual","robots":{"index":"index","follow":"follow","max-snippet":"max-snippet:-1","max-image-preview":"max-image-preview:large","max-video-preview":"max-video-preview:-1"},"canonical":"https:\/\/diariotextual.com\/inicio\/index.php\/2023\/07\/04\/nueva-manifestacion-de-familiares-de-una-chica-abusada-por-su-tio-piden-prision-efectiva-al-acusado\/","og_locale":"es_ES","og_type":"article","og_title":"Nueva manifestaci\u00f3n de familiares de una chica abusada por su t\u00edo: piden prisi\u00f3n efectiva al acusado - Diario Textual","og_description":"Familiares y amigos de&nbsp;Damaris Alvarez, la joven de 18 a\u00f1os que denunci\u00f3 que&nbsp;cuando ten\u00eda siete a\u00f1os fue abusada sexualmente por su t\u00edo, realizan una nueva manifiestaci\u00f3n en el Centro Judicial&hellip;","og_url":"https:\/\/diariotextual.com\/inicio\/index.php\/2023\/07\/04\/nueva-manifestacion-de-familiares-de-una-chica-abusada-por-su-tio-piden-prision-efectiva-al-acusado\/","og_site_name":"Diario Textual","article_publisher":"https:\/\/www.facebook.com\/eltextual","article_published_time":"2023-07-04T13:01:35+00:00","article_modified_time":"2023-07-04T18:49:24+00:00","og_image":[{"width":1280,"height":720,"url":"https:\/\/diariotextual.com\/inicio\/wp-content\/uploads\/2023\/06\/manifestacioncasodemarisalvarez.jpg","type":"image\/jpeg"}],"author":"diario5","twitter_card":"summary_large_image","twitter_creator":"@eltextual","twitter_site":"@eltextual","twitter_misc":{"Escrito por":"diario5","Tiempo de lectura":"2 minutos"},"schema":{"@context":"https:\/\/schema.org","@graph":[{"@type":"Article","@id":"https:\/\/diariotextual.com\/inicio\/index.php\/2023\/07\/04\/nueva-manifestacion-de-familiares-de-una-chica-abusada-por-su-tio-piden-prision-efectiva-al-acusado\/#article","isPartOf":{"@id":"https:\/\/diariotextual.com\/inicio\/index.php\/2023\/07\/04\/nueva-manifestacion-de-familiares-de-una-chica-abusada-por-su-tio-piden-prision-efectiva-al-acusado\/"},"author":{"name":"diario5","@id":"https:\/\/diariotextual.com\/inicio\/#\/schema\/person\/c7834961ad8b29b1d9cdbf4571299067"},"headline":"Nueva manifestaci\u00f3n de familiares de una chica abusada por su t\u00edo: piden prisi\u00f3n efectiva al acusado","datePublished":"2023-07-04T13:01:35+00:00","dateModified":"2023-07-04T18:49:24+00:00","mainEntityOfPage":{"@id":"https:\/\/diariotextual.com\/inicio\/index.php\/2023\/07\/04\/nueva-manifestacion-de-familiares-de-una-chica-abusada-por-su-tio-piden-prision-efectiva-al-acusado\/"},"wordCount":223,"publisher":{"@id":"https:\/\/diariotextual.com\/inicio\/#organization"},"image":{"@id":"https:\/\/diariotextual.com\/inicio\/index.php\/2023\/07\/04\/nueva-manifestacion-de-familiares-de-una-chica-abusada-por-su-tio-piden-prision-efectiva-al-acusado\/#primaryimage"},"thumbnailUrl":"https:\/\/diariotextual.com\/inicio\/wp-content\/uploads\/2023\/06\/manifestacioncasodemarisalvarez.jpg","articleSection":["A - ES NOTICIA (van abajo)","SOCIEDAD"],"inLanguage":"es"},{"@type":"WebPage","@id":"https:\/\/diariotextual.com\/inicio\/index.php\/2023\/07\/04\/nueva-manifestacion-de-familiares-de-una-chica-abusada-por-su-tio-piden-prision-efectiva-al-acusado\/","url":"https:\/\/diariotextual.com\/inicio\/index.php\/2023\/07\/04\/nueva-manifestacion-de-familiares-de-una-chica-abusada-por-su-tio-piden-prision-efectiva-al-acusado\/","name":"Nueva manifestaci\u00f3n de familiares de una chica abusada por su t\u00edo: piden prisi\u00f3n efectiva al acusado - Diario Textual","isPartOf":{"@id":"https:\/\/diariotextual.com\/inicio\/#website"},"primaryImageOfPage":{"@id":"https:\/\/diariotextual.com\/inicio\/index.php\/2023\/07\/04\/nueva-manifestacion-de-familiares-de-una-chica-abusada-por-su-tio-piden-prision-efectiva-al-acusado\/#primaryimage"},"image":{"@id":"https:\/\/diariotextual.com\/inicio\/index.php\/2023\/07\/04\/nueva-manifestacion-de-familiares-de-una-chica-abusada-por-su-tio-piden-prision-efectiva-al-acusado\/#primaryimage"},"thumbnailUrl":"https:\/\/diariotextual.com\/inicio\/wp-content\/uploads\/2023\/06\/manifestacioncasodemarisalvarez.jpg","datePublished":"2023-07-04T13:01:35+00:00","dateModified":"2023-07-04T18:49:24+00:00","breadcrumb":{"@id":"https:\/\/diariotextual.com\/inicio\/index.php\/2023\/07\/04\/nueva-manifestacion-de-familiares-de-una-chica-abusada-por-su-tio-piden-prision-efectiva-al-acusado\/#breadcrumb"},"inLanguage":"es","potentialAction":[{"@type":"ReadAction","target":["https:\/\/diariotextual.com\/inicio\/index.php\/2023\/07\/04\/nueva-manifestacion-de-familiares-de-una-chica-abusada-por-su-tio-piden-prision-efectiva-al-acusado\/"]}]},{"@type":"ImageObject","inLanguage":"es","@id":"https:\/\/diariotextual.com\/inicio\/index.php\/2023\/07\/04\/nueva-manifestacion-de-familiares-de-una-chica-abusada-por-su-tio-piden-prision-efectiva-al-acusado\/#primaryimage","url":"https:\/\/diariotextual.com\/inicio\/wp-content\/uploads\/2023\/06\/manifestacioncasodemarisalvarez.jpg","contentUrl":"https:\/\/diariotextual.com\/inicio\/wp-content\/uploads\/2023\/06\/manifestacioncasodemarisalvarez.jpg","width":1280,"height":720},{"@type":"BreadcrumbList","@id":"https:\/\/diariotextual.com\/inicio\/index.php\/2023\/07\/04\/nueva-manifestacion-de-familiares-de-una-chica-abusada-por-su-tio-piden-prision-efectiva-al-acusado\/#breadcrumb","itemListElement":[{"@type":"ListItem","position":1,"name":"Portada","item":"https:\/\/diariotextual.com\/inicio\/"},{"@type":"ListItem","position":2,"name":"Nueva manifestaci\u00f3n de familiares de una chica abusada por su t\u00edo: piden prisi\u00f3n efectiva al acusado"}]},{"@type":"WebSite","@id":"https:\/\/diariotextual.com\/inicio\/#website","url":"https:\/\/diariotextual.com\/inicio\/","name":"Diario Textual","description":"","publisher":{"@id":"https:\/\/diariotextual.com\/inicio\/#organization"},"potentialAction":[{"@type":"SearchAction","target":{"@type":"EntryPoint","urlTemplate":"https:\/\/diariotextual.com\/inicio\/?s={search_term_string}"},"query-input":{"@type":"PropertyValueSpecification","valueRequired":true,"valueName":"search_term_string"}}],"inLanguage":"es"},{"@type":"Organization","@id":"https:\/\/diariotextual.com\/inicio\/#organization","name":"Diario Textual","url":"https:\/\/diariotextual.com\/inicio\/","logo":{"@type":"ImageObject","inLanguage":"es","@id":"https:\/\/diariotextual.com\/inicio\/#\/schema\/logo\/image\/","url":"https:\/\/diariotextual.com\/inicio\/wp-content\/uploads\/2023\/05\/logotextual1.jpg","contentUrl":"https:\/\/diariotextual.com\/inicio\/wp-content\/uploads\/2023\/05\/logotextual1.jpg","width":516,"height":76,"caption":"Diario Textual"},"image":{"@id":"https:\/\/diariotextual.com\/inicio\/#\/schema\/logo\/image\/"},"sameAs":["https:\/\/www.facebook.com\/eltextual","https:\/\/x.com\/eltextual","http:\/\/www.instagram.com\/eltextual"]},{"@type":"Person","@id":"https:\/\/diariotextual.com\/inicio\/#\/schema\/person\/c7834961ad8b29b1d9cdbf4571299067","name":"diario5","image":{"@type":"ImageObject","inLanguage":"es","@id":"https:\/\/secure.gravatar.com\/avatar\/948c893b847ca6df68216ead81b63f363408ec9b0f600fefc0641ce78613b111?s=96&d=mm&r=g","url":"https:\/\/secure.gravatar.com\/avatar\/948c893b847ca6df68216ead81b63f363408ec9b0f600fefc0641ce78613b111?s=96&d=mm&r=g","contentUrl":"https:\/\/secure.gravatar.com\/avatar\/948c893b847ca6df68216ead81b63f363408ec9b0f600fefc0641ce78613b111?s=96&d=mm&r=g","caption":"diario5"},"url":"https:\/\/diariotextual.com\/inicio\/index.php\/author\/diario5\/"}]}},"_links":{"self":[{"href":"https:\/\/diariotextual.com\/inicio\/index.php\/wp-json\/wp\/v2\/posts\/230165","targetHints":{"allow":["GET"]}}],"collection":[{"href":"https:\/\/diariotextual.com\/inicio\/index.php\/wp-json\/wp\/v2\/posts"}],"about":[{"href":"https:\/\/diariotextual.com\/inicio\/index.php\/wp-json\/wp\/v2\/types\/post"}],"author":[{"embeddable":true,"href":"https:\/\/diariotextual.com\/inicio\/index.php\/wp-json\/wp\/v2\/users\/7"}],"replies":[{"embeddable":true,"href":"https:\/\/diariotextual.com\/inicio\/index.php\/wp-json\/wp\/v2\/comments?post=230165"}],"version-history":[{"count":6,"href":"https:\/\/diariotextual.com\/inicio\/index.php\/wp-json\/wp\/v2\/posts\/230165\/revisions"}],"predecessor-version":[{"id":230173,"href":"https:\/\/diariotextual.com\/inicio\/index.php\/wp-json\/wp\/v2\/posts\/230165\/revisions\/230173"}],"wp:featuredmedia":[{"embeddable":true,"href":"https:\/\/diariotextual.com\/inicio\/index.php\/wp-json\/wp\/v2\/media\/229454"}],"wp:attachment":[{"href":"https:\/\/diariotextual.com\/inicio\/index.php\/wp-json\/wp\/v2\/media?parent=230165"}],"wp:term":[{"taxonomy":"category","embeddable":true,"href":"https:\/\/diariotextual.com\/inicio\/index.php\/wp-json\/wp\/v2\/categories?post=230165"},{"taxonomy":"post_tag","embeddable":true,"href":"https:\/\/diariotextual.com\/inicio\/index.php\/wp-json\/wp\/v2\/tags?post=230165"}],"curies":[{"name":"wp","href":"https:\/\/api.w.org\/{rel}","templated":true}]}}