{"id":230174,"date":"2023-07-04T12:49:06","date_gmt":"2023-07-04T15:49:06","guid":{"rendered":"https:\/\/diariotextual.com\/inicio\/?p=230174"},"modified":"2023-07-04T12:49:09","modified_gmt":"2023-07-04T15:49:09","slug":"planes-de-ahorro-otro-reves-para-las-financieras","status":"publish","type":"post","link":"https:\/\/diariotextual.com\/inicio\/index.php\/2023\/07\/04\/planes-de-ahorro-otro-reves-para-las-financieras\/","title":{"rendered":"Planes de ahorro: otro rev\u00e9s para las financieras"},"content":{"rendered":"\n<p>La C\u00e1mara de Apelaciones en lo Civil, Comercial, Laboral y de Miner\u00eda de Santa Rosa confirm\u00f3 un fallo de primera instancia, por el cual se permiti\u00f3 que el suscriptor de un plan de ahorro previo se sumara a un amparo colectivo contra FCA S.A. de Ahorro para Fines Determinados.<\/p>\n\n\n\n<p>El juez Guillermo Samuel Salas y la jueza Laura Cagliolo, integrantes de la Sala 3 resolvieron en tal sentido, al no hacer lugar al recurso de apelaci\u00f3n de la empresa \u2013la financiera que gestiona los planes de ahorro para automotores Fiat\u2013, que hab\u00eda pedido rever la medida cautelar dictada a favor del consumidor y rechazar su incorporaci\u00f3n al amparo por considerarla extempor\u00e1nea.<\/p>\n\n\n\n<p>La sentencia de primera instancia fue dictada por la jueza civil Adriana Pascual. Ella entendi\u00f3 que la situaci\u00f3n contractual del cliente deb\u00eda quedar enmarcada en el amparo colectivo que abarca a m\u00e1s de un millar de suscriptores pampeanos que adquirieron planes de ahorro con ocho administradores de fondos. La propia magistrada dispuso, oportunamente, retrotraer en forma precautoria el valor de las cuotas al 1 de abril de 2018.<\/p>\n\n\n\n<p>La sociedad comercial recurrente sostuvo, en la apelaci\u00f3n, que resultaba inadmisible que cualquier persona pudiera adherirse al amparo en cualquier momento del proceso; que no era razonable que alguien que retir\u00f3 el veh\u00edculo con posterioridad a las resoluciones cautelares de Pascual se acogiera al \u201ccongelamiento\u201d de las cuotas; y que lo resuelto por ella va en contra de resoluciones de la Inspecci\u00f3n General de Justicia.<\/p>\n\n\n\n<p><\/p>\n\n\n\n<p><strong>Fundamentos<\/strong><\/p>\n\n\n\n<p><\/p>\n\n\n\n<p>Salas y Cagliolo analizaron que FCA S.A., con la normativa de la I.G.J., intent\u00f3 plantear la controversia como una cuesti\u00f3n ajena a La Pampa para que intervenga la justicia federal; a\u00f1adiendo los jueces que la S.A. pretendi\u00f3 adem\u00e1s \u201cmarcar una diferenciaci\u00f3n relacionada con la situaci\u00f3n de los distintos suscriptores a partir de las caracter\u00edsticas singulares de los propios planes individuales.\u201d<\/p>\n\n\n\n<p>Sin embargo, expresaron que&nbsp;\u201cresulta evidente que el usuario se encuentra objetivamente englobado en el colectivo demandante, al no estar controvertido que se trata de un suscriptor de planes de ahorro para fines determinados con domicilio en Santa Isabel \u2013agregaron\u2013. Consideramos que su sobrevenida presencia en la causa aparece prudentemente justificada por la necesidad de contar con cobertura cautelar (con la provisoriedad que caracteriza ese tipo de medidas), considerando que estamos frente a un proceso de amparo colectivo; cuya resoluci\u00f3n final en La Pampa puede&nbsp;abarcarle y&nbsp;comprenderle en&nbsp;sus efectos (\u2026), cualquiera sea la sentencia que se dicte en modo definitivo (\u2026). En raz\u00f3n de ello es que su incorporaci\u00f3n, como parte colectiva al proceso, no puede ser impedida ni cercenada\u201d.<\/p>\n\n\n\n<p>Finalmente, la C\u00e1mara record\u00f3, con respecto a la causa principal, que \u201cya nos hemos expedido acerca del tiempo y de la necesaria celeridad para la tramitaci\u00f3n, habiendo tambi\u00e9n exhortado a esos fines a la justicia de grado en diversos pronunciamientos interlocutorios; incorporando una recomendaci\u00f3n puntual a las partes involucradas, tendiente a la b\u00fasqueda de caminos de negociaci\u00f3n o de salida conciliatoria para el conflicto judicializado\u201d.<\/p>\n\n\n\n<p>Oportunamente, la jueza Pascual hizo lugar a una medida cautelar e intim\u00f3 a las ocho empresas demandadas \u2013administradoras de planes de ahorro de Chevrolet, Fiat, Toyota, Volkswagen, Renault, Ford y Peugeot\u2013 a que \u201cfijen el valor de las futuras cuotas correspondientes a los planes celebrados con los amparistas (con contratos suscriptos), domiciliados en la jurisdicci\u00f3n de La Pampa, a los valores facturados al 1\u00b0 de abril de 2018 individualmente\u201d. Ella valor\u00f3 que existe una relaci\u00f3n de consumo entre los amparistas y las empresas y por ello enmarc\u00f3 la discusi\u00f3n jur\u00eddica en la ley 24240 de Defensa del Consumidor.<br><\/p>\n","protected":false},"excerpt":{"rendered":"<p>La C\u00e1mara de Apelaciones en lo Civil, Comercial, Laboral y de Miner\u00eda de Santa Rosa confirm\u00f3 un fallo de primera instancia, por el cual se permiti\u00f3 que el suscriptor de&hellip;<\/p>\n","protected":false},"author":7,"featured_media":50857,"comment_status":"closed","ping_status":"open","sticky":false,"template":"","format":"standard","meta":{"_acf_changed":false,"footnotes":""},"categories":[1,12],"tags":[],"class_list":["post-230174","post","type-post","status-publish","format-standard","has-post-thumbnail","hentry","category-es-noticia","category-sociedad"],"acf":[],"yoast_head":"<!-- This site is optimized with the Yoast SEO plugin v27.5 - https:\/\/yoast.com\/product\/yoast-seo-wordpress\/ -->\n<title>Planes de ahorro: otro rev\u00e9s para las financieras - Diario Textual<\/title>\n<meta name=\"robots\" content=\"index, follow, max-snippet:-1, max-image-preview:large, max-video-preview:-1\" \/>\n<link rel=\"canonical\" href=\"https:\/\/diariotextual.com\/inicio\/index.php\/2023\/07\/04\/planes-de-ahorro-otro-reves-para-las-financieras\/\" \/>\n<meta property=\"og:locale\" content=\"es_ES\" \/>\n<meta property=\"og:type\" content=\"article\" \/>\n<meta property=\"og:title\" content=\"Planes de ahorro: otro rev\u00e9s para las financieras - Diario Textual\" \/>\n<meta property=\"og:description\" content=\"La C\u00e1mara de Apelaciones en lo Civil, Comercial, Laboral y de Miner\u00eda de Santa Rosa confirm\u00f3 un fallo de primera instancia, por el cual se permiti\u00f3 que el suscriptor de&hellip;\" \/>\n<meta property=\"og:url\" content=\"https:\/\/diariotextual.com\/inicio\/index.php\/2023\/07\/04\/planes-de-ahorro-otro-reves-para-las-financieras\/\" \/>\n<meta property=\"og:site_name\" content=\"Diario Textual\" \/>\n<meta property=\"article:publisher\" content=\"https:\/\/www.facebook.com\/eltextual\" \/>\n<meta property=\"article:published_time\" content=\"2023-07-04T15:49:06+00:00\" \/>\n<meta property=\"article:modified_time\" content=\"2023-07-04T15:49:09+00:00\" \/>\n<meta property=\"og:image\" content=\"https:\/\/diariotextual.com\/inicio\/wp-content\/uploads\/2019\/06\/autoscerokilometros.jpg\" \/>\n\t<meta property=\"og:image:width\" content=\"1920\" \/>\n\t<meta property=\"og:image:height\" content=\"1080\" \/>\n\t<meta property=\"og:image:type\" content=\"image\/jpeg\" \/>\n<meta name=\"author\" content=\"diario5\" \/>\n<meta name=\"twitter:card\" content=\"summary_large_image\" \/>\n<meta name=\"twitter:creator\" content=\"@eltextual\" \/>\n<meta name=\"twitter:site\" content=\"@eltextual\" \/>\n<meta name=\"twitter:label1\" content=\"Escrito por\" \/>\n\t<meta name=\"twitter:data1\" content=\"diario5\" \/>\n\t<meta name=\"twitter:label2\" content=\"Tiempo de lectura\" \/>\n\t<meta name=\"twitter:data2\" content=\"3 minutos\" \/>\n<script type=\"application\/ld+json\" class=\"yoast-schema-graph\">{\"@context\":\"https:\\\/\\\/schema.org\",\"@graph\":[{\"@type\":\"Article\",\"@id\":\"https:\\\/\\\/diariotextual.com\\\/inicio\\\/index.php\\\/2023\\\/07\\\/04\\\/planes-de-ahorro-otro-reves-para-las-financieras\\\/#article\",\"isPartOf\":{\"@id\":\"https:\\\/\\\/diariotextual.com\\\/inicio\\\/index.php\\\/2023\\\/07\\\/04\\\/planes-de-ahorro-otro-reves-para-las-financieras\\\/\"},\"author\":{\"name\":\"diario5\",\"@id\":\"https:\\\/\\\/diariotextual.com\\\/inicio\\\/#\\\/schema\\\/person\\\/c7834961ad8b29b1d9cdbf4571299067\"},\"headline\":\"Planes de ahorro: otro rev\u00e9s para las financieras\",\"datePublished\":\"2023-07-04T15:49:06+00:00\",\"dateModified\":\"2023-07-04T15:49:09+00:00\",\"mainEntityOfPage\":{\"@id\":\"https:\\\/\\\/diariotextual.com\\\/inicio\\\/index.php\\\/2023\\\/07\\\/04\\\/planes-de-ahorro-otro-reves-para-las-financieras\\\/\"},\"wordCount\":631,\"publisher\":{\"@id\":\"https:\\\/\\\/diariotextual.com\\\/inicio\\\/#organization\"},\"image\":{\"@id\":\"https:\\\/\\\/diariotextual.com\\\/inicio\\\/index.php\\\/2023\\\/07\\\/04\\\/planes-de-ahorro-otro-reves-para-las-financieras\\\/#primaryimage\"},\"thumbnailUrl\":\"https:\\\/\\\/diariotextual.com\\\/inicio\\\/wp-content\\\/uploads\\\/2019\\\/06\\\/autoscerokilometros.jpg\",\"articleSection\":[\"A - ES NOTICIA (van abajo)\",\"SOCIEDAD\"],\"inLanguage\":\"es\"},{\"@type\":\"WebPage\",\"@id\":\"https:\\\/\\\/diariotextual.com\\\/inicio\\\/index.php\\\/2023\\\/07\\\/04\\\/planes-de-ahorro-otro-reves-para-las-financieras\\\/\",\"url\":\"https:\\\/\\\/diariotextual.com\\\/inicio\\\/index.php\\\/2023\\\/07\\\/04\\\/planes-de-ahorro-otro-reves-para-las-financieras\\\/\",\"name\":\"Planes de ahorro: otro rev\u00e9s para las financieras - Diario Textual\",\"isPartOf\":{\"@id\":\"https:\\\/\\\/diariotextual.com\\\/inicio\\\/#website\"},\"primaryImageOfPage\":{\"@id\":\"https:\\\/\\\/diariotextual.com\\\/inicio\\\/index.php\\\/2023\\\/07\\\/04\\\/planes-de-ahorro-otro-reves-para-las-financieras\\\/#primaryimage\"},\"image\":{\"@id\":\"https:\\\/\\\/diariotextual.com\\\/inicio\\\/index.php\\\/2023\\\/07\\\/04\\\/planes-de-ahorro-otro-reves-para-las-financieras\\\/#primaryimage\"},\"thumbnailUrl\":\"https:\\\/\\\/diariotextual.com\\\/inicio\\\/wp-content\\\/uploads\\\/2019\\\/06\\\/autoscerokilometros.jpg\",\"datePublished\":\"2023-07-04T15:49:06+00:00\",\"dateModified\":\"2023-07-04T15:49:09+00:00\",\"breadcrumb\":{\"@id\":\"https:\\\/\\\/diariotextual.com\\\/inicio\\\/index.php\\\/2023\\\/07\\\/04\\\/planes-de-ahorro-otro-reves-para-las-financieras\\\/#breadcrumb\"},\"inLanguage\":\"es\",\"potentialAction\":[{\"@type\":\"ReadAction\",\"target\":[\"https:\\\/\\\/diariotextual.com\\\/inicio\\\/index.php\\\/2023\\\/07\\\/04\\\/planes-de-ahorro-otro-reves-para-las-financieras\\\/\"]}]},{\"@type\":\"ImageObject\",\"inLanguage\":\"es\",\"@id\":\"https:\\\/\\\/diariotextual.com\\\/inicio\\\/index.php\\\/2023\\\/07\\\/04\\\/planes-de-ahorro-otro-reves-para-las-financieras\\\/#primaryimage\",\"url\":\"https:\\\/\\\/diariotextual.com\\\/inicio\\\/wp-content\\\/uploads\\\/2019\\\/06\\\/autoscerokilometros.jpg\",\"contentUrl\":\"https:\\\/\\\/diariotextual.com\\\/inicio\\\/wp-content\\\/uploads\\\/2019\\\/06\\\/autoscerokilometros.jpg\",\"width\":1920,\"height\":1080},{\"@type\":\"BreadcrumbList\",\"@id\":\"https:\\\/\\\/diariotextual.com\\\/inicio\\\/index.php\\\/2023\\\/07\\\/04\\\/planes-de-ahorro-otro-reves-para-las-financieras\\\/#breadcrumb\",\"itemListElement\":[{\"@type\":\"ListItem\",\"position\":1,\"name\":\"Portada\",\"item\":\"https:\\\/\\\/diariotextual.com\\\/inicio\\\/\"},{\"@type\":\"ListItem\",\"position\":2,\"name\":\"Planes de ahorro: otro rev\u00e9s para las financieras\"}]},{\"@type\":\"WebSite\",\"@id\":\"https:\\\/\\\/diariotextual.com\\\/inicio\\\/#website\",\"url\":\"https:\\\/\\\/diariotextual.com\\\/inicio\\\/\",\"name\":\"Diario Textual\",\"description\":\"\",\"publisher\":{\"@id\":\"https:\\\/\\\/diariotextual.com\\\/inicio\\\/#organization\"},\"potentialAction\":[{\"@type\":\"SearchAction\",\"target\":{\"@type\":\"EntryPoint\",\"urlTemplate\":\"https:\\\/\\\/diariotextual.com\\\/inicio\\\/?s={search_term_string}\"},\"query-input\":{\"@type\":\"PropertyValueSpecification\",\"valueRequired\":true,\"valueName\":\"search_term_string\"}}],\"inLanguage\":\"es\"},{\"@type\":\"Organization\",\"@id\":\"https:\\\/\\\/diariotextual.com\\\/inicio\\\/#organization\",\"name\":\"Diario Textual\",\"url\":\"https:\\\/\\\/diariotextual.com\\\/inicio\\\/\",\"logo\":{\"@type\":\"ImageObject\",\"inLanguage\":\"es\",\"@id\":\"https:\\\/\\\/diariotextual.com\\\/inicio\\\/#\\\/schema\\\/logo\\\/image\\\/\",\"url\":\"https:\\\/\\\/diariotextual.com\\\/inicio\\\/wp-content\\\/uploads\\\/2023\\\/05\\\/logotextual1.jpg\",\"contentUrl\":\"https:\\\/\\\/diariotextual.com\\\/inicio\\\/wp-content\\\/uploads\\\/2023\\\/05\\\/logotextual1.jpg\",\"width\":516,\"height\":76,\"caption\":\"Diario Textual\"},\"image\":{\"@id\":\"https:\\\/\\\/diariotextual.com\\\/inicio\\\/#\\\/schema\\\/logo\\\/image\\\/\"},\"sameAs\":[\"https:\\\/\\\/www.facebook.com\\\/eltextual\",\"https:\\\/\\\/x.com\\\/eltextual\",\"http:\\\/\\\/www.instagram.com\\\/eltextual\"]},{\"@type\":\"Person\",\"@id\":\"https:\\\/\\\/diariotextual.com\\\/inicio\\\/#\\\/schema\\\/person\\\/c7834961ad8b29b1d9cdbf4571299067\",\"name\":\"diario5\",\"image\":{\"@type\":\"ImageObject\",\"inLanguage\":\"es\",\"@id\":\"https:\\\/\\\/secure.gravatar.com\\\/avatar\\\/948c893b847ca6df68216ead81b63f363408ec9b0f600fefc0641ce78613b111?s=96&d=mm&r=g\",\"url\":\"https:\\\/\\\/secure.gravatar.com\\\/avatar\\\/948c893b847ca6df68216ead81b63f363408ec9b0f600fefc0641ce78613b111?s=96&d=mm&r=g\",\"contentUrl\":\"https:\\\/\\\/secure.gravatar.com\\\/avatar\\\/948c893b847ca6df68216ead81b63f363408ec9b0f600fefc0641ce78613b111?s=96&d=mm&r=g\",\"caption\":\"diario5\"},\"url\":\"https:\\\/\\\/diariotextual.com\\\/inicio\\\/index.php\\\/author\\\/diario5\\\/\"}]}<\/script>\n<!-- \/ Yoast SEO plugin. -->","yoast_head_json":{"title":"Planes de ahorro: otro rev\u00e9s para las financieras - Diario Textual","robots":{"index":"index","follow":"follow","max-snippet":"max-snippet:-1","max-image-preview":"max-image-preview:large","max-video-preview":"max-video-preview:-1"},"canonical":"https:\/\/diariotextual.com\/inicio\/index.php\/2023\/07\/04\/planes-de-ahorro-otro-reves-para-las-financieras\/","og_locale":"es_ES","og_type":"article","og_title":"Planes de ahorro: otro rev\u00e9s para las financieras - Diario Textual","og_description":"La C\u00e1mara de Apelaciones en lo Civil, Comercial, Laboral y de Miner\u00eda de Santa Rosa confirm\u00f3 un fallo de primera instancia, por el cual se permiti\u00f3 que el suscriptor de&hellip;","og_url":"https:\/\/diariotextual.com\/inicio\/index.php\/2023\/07\/04\/planes-de-ahorro-otro-reves-para-las-financieras\/","og_site_name":"Diario Textual","article_publisher":"https:\/\/www.facebook.com\/eltextual","article_published_time":"2023-07-04T15:49:06+00:00","article_modified_time":"2023-07-04T15:49:09+00:00","og_image":[{"width":1920,"height":1080,"url":"https:\/\/diariotextual.com\/inicio\/wp-content\/uploads\/2019\/06\/autoscerokilometros.jpg","type":"image\/jpeg"}],"author":"diario5","twitter_card":"summary_large_image","twitter_creator":"@eltextual","twitter_site":"@eltextual","twitter_misc":{"Escrito por":"diario5","Tiempo de lectura":"3 minutos"},"schema":{"@context":"https:\/\/schema.org","@graph":[{"@type":"Article","@id":"https:\/\/diariotextual.com\/inicio\/index.php\/2023\/07\/04\/planes-de-ahorro-otro-reves-para-las-financieras\/#article","isPartOf":{"@id":"https:\/\/diariotextual.com\/inicio\/index.php\/2023\/07\/04\/planes-de-ahorro-otro-reves-para-las-financieras\/"},"author":{"name":"diario5","@id":"https:\/\/diariotextual.com\/inicio\/#\/schema\/person\/c7834961ad8b29b1d9cdbf4571299067"},"headline":"Planes de ahorro: otro rev\u00e9s para las financieras","datePublished":"2023-07-04T15:49:06+00:00","dateModified":"2023-07-04T15:49:09+00:00","mainEntityOfPage":{"@id":"https:\/\/diariotextual.com\/inicio\/index.php\/2023\/07\/04\/planes-de-ahorro-otro-reves-para-las-financieras\/"},"wordCount":631,"publisher":{"@id":"https:\/\/diariotextual.com\/inicio\/#organization"},"image":{"@id":"https:\/\/diariotextual.com\/inicio\/index.php\/2023\/07\/04\/planes-de-ahorro-otro-reves-para-las-financieras\/#primaryimage"},"thumbnailUrl":"https:\/\/diariotextual.com\/inicio\/wp-content\/uploads\/2019\/06\/autoscerokilometros.jpg","articleSection":["A - ES NOTICIA (van abajo)","SOCIEDAD"],"inLanguage":"es"},{"@type":"WebPage","@id":"https:\/\/diariotextual.com\/inicio\/index.php\/2023\/07\/04\/planes-de-ahorro-otro-reves-para-las-financieras\/","url":"https:\/\/diariotextual.com\/inicio\/index.php\/2023\/07\/04\/planes-de-ahorro-otro-reves-para-las-financieras\/","name":"Planes de ahorro: otro rev\u00e9s para las financieras - Diario Textual","isPartOf":{"@id":"https:\/\/diariotextual.com\/inicio\/#website"},"primaryImageOfPage":{"@id":"https:\/\/diariotextual.com\/inicio\/index.php\/2023\/07\/04\/planes-de-ahorro-otro-reves-para-las-financieras\/#primaryimage"},"image":{"@id":"https:\/\/diariotextual.com\/inicio\/index.php\/2023\/07\/04\/planes-de-ahorro-otro-reves-para-las-financieras\/#primaryimage"},"thumbnailUrl":"https:\/\/diariotextual.com\/inicio\/wp-content\/uploads\/2019\/06\/autoscerokilometros.jpg","datePublished":"2023-07-04T15:49:06+00:00","dateModified":"2023-07-04T15:49:09+00:00","breadcrumb":{"@id":"https:\/\/diariotextual.com\/inicio\/index.php\/2023\/07\/04\/planes-de-ahorro-otro-reves-para-las-financieras\/#breadcrumb"},"inLanguage":"es","potentialAction":[{"@type":"ReadAction","target":["https:\/\/diariotextual.com\/inicio\/index.php\/2023\/07\/04\/planes-de-ahorro-otro-reves-para-las-financieras\/"]}]},{"@type":"ImageObject","inLanguage":"es","@id":"https:\/\/diariotextual.com\/inicio\/index.php\/2023\/07\/04\/planes-de-ahorro-otro-reves-para-las-financieras\/#primaryimage","url":"https:\/\/diariotextual.com\/inicio\/wp-content\/uploads\/2019\/06\/autoscerokilometros.jpg","contentUrl":"https:\/\/diariotextual.com\/inicio\/wp-content\/uploads\/2019\/06\/autoscerokilometros.jpg","width":1920,"height":1080},{"@type":"BreadcrumbList","@id":"https:\/\/diariotextual.com\/inicio\/index.php\/2023\/07\/04\/planes-de-ahorro-otro-reves-para-las-financieras\/#breadcrumb","itemListElement":[{"@type":"ListItem","position":1,"name":"Portada","item":"https:\/\/diariotextual.com\/inicio\/"},{"@type":"ListItem","position":2,"name":"Planes de ahorro: otro rev\u00e9s para las financieras"}]},{"@type":"WebSite","@id":"https:\/\/diariotextual.com\/inicio\/#website","url":"https:\/\/diariotextual.com\/inicio\/","name":"Diario Textual","description":"","publisher":{"@id":"https:\/\/diariotextual.com\/inicio\/#organization"},"potentialAction":[{"@type":"SearchAction","target":{"@type":"EntryPoint","urlTemplate":"https:\/\/diariotextual.com\/inicio\/?s={search_term_string}"},"query-input":{"@type":"PropertyValueSpecification","valueRequired":true,"valueName":"search_term_string"}}],"inLanguage":"es"},{"@type":"Organization","@id":"https:\/\/diariotextual.com\/inicio\/#organization","name":"Diario Textual","url":"https:\/\/diariotextual.com\/inicio\/","logo":{"@type":"ImageObject","inLanguage":"es","@id":"https:\/\/diariotextual.com\/inicio\/#\/schema\/logo\/image\/","url":"https:\/\/diariotextual.com\/inicio\/wp-content\/uploads\/2023\/05\/logotextual1.jpg","contentUrl":"https:\/\/diariotextual.com\/inicio\/wp-content\/uploads\/2023\/05\/logotextual1.jpg","width":516,"height":76,"caption":"Diario Textual"},"image":{"@id":"https:\/\/diariotextual.com\/inicio\/#\/schema\/logo\/image\/"},"sameAs":["https:\/\/www.facebook.com\/eltextual","https:\/\/x.com\/eltextual","http:\/\/www.instagram.com\/eltextual"]},{"@type":"Person","@id":"https:\/\/diariotextual.com\/inicio\/#\/schema\/person\/c7834961ad8b29b1d9cdbf4571299067","name":"diario5","image":{"@type":"ImageObject","inLanguage":"es","@id":"https:\/\/secure.gravatar.com\/avatar\/948c893b847ca6df68216ead81b63f363408ec9b0f600fefc0641ce78613b111?s=96&d=mm&r=g","url":"https:\/\/secure.gravatar.com\/avatar\/948c893b847ca6df68216ead81b63f363408ec9b0f600fefc0641ce78613b111?s=96&d=mm&r=g","contentUrl":"https:\/\/secure.gravatar.com\/avatar\/948c893b847ca6df68216ead81b63f363408ec9b0f600fefc0641ce78613b111?s=96&d=mm&r=g","caption":"diario5"},"url":"https:\/\/diariotextual.com\/inicio\/index.php\/author\/diario5\/"}]}},"_links":{"self":[{"href":"https:\/\/diariotextual.com\/inicio\/index.php\/wp-json\/wp\/v2\/posts\/230174","targetHints":{"allow":["GET"]}}],"collection":[{"href":"https:\/\/diariotextual.com\/inicio\/index.php\/wp-json\/wp\/v2\/posts"}],"about":[{"href":"https:\/\/diariotextual.com\/inicio\/index.php\/wp-json\/wp\/v2\/types\/post"}],"author":[{"embeddable":true,"href":"https:\/\/diariotextual.com\/inicio\/index.php\/wp-json\/wp\/v2\/users\/7"}],"replies":[{"embeddable":true,"href":"https:\/\/diariotextual.com\/inicio\/index.php\/wp-json\/wp\/v2\/comments?post=230174"}],"version-history":[{"count":1,"href":"https:\/\/diariotextual.com\/inicio\/index.php\/wp-json\/wp\/v2\/posts\/230174\/revisions"}],"predecessor-version":[{"id":230175,"href":"https:\/\/diariotextual.com\/inicio\/index.php\/wp-json\/wp\/v2\/posts\/230174\/revisions\/230175"}],"wp:featuredmedia":[{"embeddable":true,"href":"https:\/\/diariotextual.com\/inicio\/index.php\/wp-json\/wp\/v2\/media\/50857"}],"wp:attachment":[{"href":"https:\/\/diariotextual.com\/inicio\/index.php\/wp-json\/wp\/v2\/media?parent=230174"}],"wp:term":[{"taxonomy":"category","embeddable":true,"href":"https:\/\/diariotextual.com\/inicio\/index.php\/wp-json\/wp\/v2\/categories?post=230174"},{"taxonomy":"post_tag","embeddable":true,"href":"https:\/\/diariotextual.com\/inicio\/index.php\/wp-json\/wp\/v2\/tags?post=230174"}],"curies":[{"name":"wp","href":"https:\/\/api.w.org\/{rel}","templated":true}]}}