{"id":230179,"date":"2023-07-04T13:15:45","date_gmt":"2023-07-04T16:15:45","guid":{"rendered":"https:\/\/diariotextual.com\/inicio\/?p=230179"},"modified":"2023-07-04T13:15:47","modified_gmt":"2023-07-04T16:15:47","slug":"el-museo-de-historia-natural-reabre-sus-puertas-al-publico-en-su-cumpleanos-88","status":"publish","type":"post","link":"https:\/\/diariotextual.com\/inicio\/index.php\/2023\/07\/04\/el-museo-de-historia-natural-reabre-sus-puertas-al-publico-en-su-cumpleanos-88\/","title":{"rendered":"El Museo de Historia Natural reabre sus puertas al p\u00fablico en su cumplea\u00f1os 88"},"content":{"rendered":"\n<p>El domingo 9 de julio desde las 16 horas, el <strong>Museo Provincial de Historia Natural de la Secretar\u00eda de Cultura celebrar\u00e1 sus 88 a\u00f1os con actividades libres y gratuitas<\/strong>, en un espacio abierto al p\u00fablico sobre calle Quintana.<\/p>\n\n\n\n<p>Adriana Maggio, secretaria de Cultura, dijo que este aniversario ser\u00e1 muy especial. \u201cPondremos en funcionamiento los espacios remodelados del Museo y realizaremos un evento al aire libre como lanzamiento de las actividades en vacaciones de invierno. Empezaremos el domingo 9 y se desarrollar\u00e1n hasta el viernes 21 de julio. El Museo de Historia Natural es muy querido y visitado, especialmente por las infancias de diferentes localidades de La Pampa\u201d, expres\u00f3.<\/p>\n\n\n\n<p>Por su parte, el director del Museo Daniel Pinc\u00e9n, brind\u00f3 detalles sobre las actividades que se realizar\u00e1n el pr\u00f3ximo domingo. \u201cSobre la calle Quintana entre Pellegrini y General Pico, desde las 16 y hasta las 18 horas \u201cnos apropiaremos por un rato del espacio para recibir al p\u00fablico del Museo y celebrar un nuevo aniversario juntos, en la previa de las vacaciones de invierno\u201d.<\/p>\n\n\n\n<p>\u201cUtilizaremos como referencia el renovado ingreso de calle Quintana; sobre esa calle habr\u00e1 un Bibliom\u00f3vil, un equipo del Museo junto a propuestas de la Direcci\u00f3n de Art\u00edstica de la Secretar\u00eda de Cultura con actividades para toda la familia y p\u00fablico en general. Minutos despu\u00e9s de las 16 compartiremos un espect\u00e1culo del Payaso Peluca de la Compa\u00f1\u00eda \u201cCirco Ups\u201d.<\/p>\n\n\n\n<p>Con relaci\u00f3n a las actividades en vacaciones de invierno, Pinc\u00e9n cont\u00f3 que habr\u00e1 actividades en el museo durante la ma\u00f1ana y la tarde. Habr\u00e1 libros, ilustraciones y relatos con materiales de las colecciones del Museo; proyecciones de cortos y largos audiovisuales, entre otros. \u201cSer\u00e1n dos semanas en las que habr\u00e1 actividades en simult\u00e1neo, tanto en el auditorio como en el nuevo espacio para talleres, destinadas a p\u00fablicos de diferentes edades y priorizando las infancias. Esperamos que tanto el p\u00fablico como el clima nos acompa\u00f1en este domingo para disfrutar un grato momento en familia\u201d.<\/p>\n\n\n\n<div style=\"height:100px\" aria-hidden=\"true\" class=\"wp-block-spacer\"><\/div>\n\n\n\n<p><strong>Payaso Peluca, sinopsis<\/strong><\/p>\n\n\n\n<p>Un payaso loco, absurdo, exc\u00e9ntrico invita al p\u00fablico a sumergirse en un universo humor\u00edstico donde intentar\u00e1 realizar las mayores haza\u00f1as del circo, pero diferentes situaciones tragic\u00f3micas se lo impedir\u00e1n, creando as\u00ed juegos inusuales. En clave de clown este espect\u00e1culo combina humor, malabares, acrobacias y m\u00fasica sin olvidar la participaci\u00f3n del p\u00fablico como parte esencial del show.<\/p>\n\n\n\n<div style=\"height:100px\" aria-hidden=\"true\" class=\"wp-block-spacer\"><\/div>\n\n\n\n<p><strong>Apertura gradual de los espacios<\/strong><\/p>\n\n\n\n<p>El director del Museo explic\u00f3 que la reapertura total del museo est\u00e1 pensada en dos momentos diferentes. \u201cEl primero es el que compartiremos este domingo 9 y a partir del lunes 10 en adelante. Es una primera instancia con actividades de vacaciones de invierno, pensadas para diferentes p\u00fablicos, que se desarrollar\u00e1n en el auditorio y en el espacio para talleres. En esos dos espacios e incluso en el hall central, y por el lapso de dos semanas, las actividades quedar\u00e1n habilitadas por el ingreso de calle Quintana.<\/p>\n\n\n\n<p>\u201cLuego de las vacaciones de invierno habr\u00e1 charlas con distintos especialistas e investigadores, va a haber m\u00fasica, obras de teatro y tambi\u00e9n eventos de corte literario, como conversaciones sobre algunos libros y presentaciones de textos espec\u00edficos. Esto comprender\u00eda la primera etapa que, como dije, comienza a partir del domingo 9 y va a continuar hasta septiembre\u201d.<\/p>\n\n\n\n<p>\u200b\u201cEl segundo momento y ya definitivo, va a ocurrir a fines de septiembre que es cuando habilitemos todas las salas con la nueva propuesta museogr\u00e1fica del museo, donde se van a presentar todos los elementos que forman parte de la muestra est\u00e1tica, m\u00e1s la informaci\u00f3n y comunicaci\u00f3n visual integradas en torno a los objetos que se exhiben en el marco del nuevo relato o gui\u00f3n\u201d.<\/p>\n\n\n\n<p>Pinc\u00e9n adelant\u00f3 que se va a habilitar la sala de consulta de archivos y colecciones que est\u00e1n en el primer piso; el laboratorio de paleontolog\u00eda que est\u00e1 en la planta baja, as\u00ed como tambi\u00e9n la biblioteca en nuevos espacios que han sido refuncionalizados en el marco de las obras de refacci\u00f3n. \u201cVamos a contar con un espacio donde va a estar el grueso de la colecci\u00f3n de zoolog\u00eda que denominamos Bestiario. Ser\u00e1 otro lugar donde va a haber actividades espec\u00edficas sobre la colecci\u00f3n de zoolog\u00eda que alberga el museo y probablemente tambi\u00e9n ah\u00ed incorporemos elementos de la colecci\u00f3n de arqueolog\u00eda\u201d.<\/p>\n","protected":false},"excerpt":{"rendered":"<p>El domingo 9 de julio desde las 16 horas, el Museo Provincial de Historia Natural de la Secretar\u00eda de Cultura celebrar\u00e1 sus 88 a\u00f1os con actividades libres y gratuitas, en&hellip;<\/p>\n","protected":false},"author":4,"featured_media":230181,"comment_status":"closed","ping_status":"open","sticky":false,"template":"","format":"standard","meta":{"_acf_changed":false,"footnotes":""},"categories":[1,2],"tags":[],"class_list":["post-230179","post","type-post","status-publish","format-standard","has-post-thumbnail","hentry","category-es-noticia","category-cultura"],"acf":[],"yoast_head":"<!-- This site is optimized with the Yoast SEO plugin v27.5 - https:\/\/yoast.com\/product\/yoast-seo-wordpress\/ -->\n<title>El Museo de Historia Natural reabre sus puertas al p\u00fablico en su cumplea\u00f1os 88 - Diario Textual<\/title>\n<meta name=\"robots\" content=\"index, follow, max-snippet:-1, max-image-preview:large, max-video-preview:-1\" \/>\n<link rel=\"canonical\" href=\"https:\/\/diariotextual.com\/inicio\/index.php\/2023\/07\/04\/el-museo-de-historia-natural-reabre-sus-puertas-al-publico-en-su-cumpleanos-88\/\" \/>\n<meta property=\"og:locale\" content=\"es_ES\" \/>\n<meta property=\"og:type\" content=\"article\" \/>\n<meta property=\"og:title\" content=\"El Museo de Historia Natural reabre sus puertas al p\u00fablico en su cumplea\u00f1os 88 - Diario Textual\" \/>\n<meta property=\"og:description\" content=\"El domingo 9 de julio desde las 16 horas, el Museo Provincial de Historia Natural de la Secretar\u00eda de Cultura celebrar\u00e1 sus 88 a\u00f1os con actividades libres y gratuitas, en&hellip;\" \/>\n<meta property=\"og:url\" content=\"https:\/\/diariotextual.com\/inicio\/index.php\/2023\/07\/04\/el-museo-de-historia-natural-reabre-sus-puertas-al-publico-en-su-cumpleanos-88\/\" \/>\n<meta property=\"og:site_name\" content=\"Diario Textual\" \/>\n<meta property=\"article:publisher\" content=\"https:\/\/www.facebook.com\/eltextual\" \/>\n<meta property=\"article:published_time\" content=\"2023-07-04T16:15:45+00:00\" \/>\n<meta property=\"article:modified_time\" content=\"2023-07-04T16:15:47+00:00\" \/>\n<meta property=\"og:image\" content=\"https:\/\/diariotextual.com\/inicio\/wp-content\/uploads\/2023\/07\/museohistorianinos5.jpg\" \/>\n\t<meta property=\"og:image:width\" content=\"1000\" \/>\n\t<meta property=\"og:image:height\" content=\"563\" \/>\n\t<meta property=\"og:image:type\" content=\"image\/jpeg\" \/>\n<meta name=\"author\" content=\"diario2\" \/>\n<meta name=\"twitter:card\" content=\"summary_large_image\" \/>\n<meta name=\"twitter:creator\" content=\"@eltextual\" \/>\n<meta name=\"twitter:site\" content=\"@eltextual\" \/>\n<meta name=\"twitter:label1\" content=\"Escrito por\" \/>\n\t<meta name=\"twitter:data1\" content=\"diario2\" \/>\n\t<meta name=\"twitter:label2\" content=\"Tiempo de lectura\" \/>\n\t<meta name=\"twitter:data2\" content=\"4 minutos\" \/>\n<script type=\"application\/ld+json\" class=\"yoast-schema-graph\">{\"@context\":\"https:\\\/\\\/schema.org\",\"@graph\":[{\"@type\":\"Article\",\"@id\":\"https:\\\/\\\/diariotextual.com\\\/inicio\\\/index.php\\\/2023\\\/07\\\/04\\\/el-museo-de-historia-natural-reabre-sus-puertas-al-publico-en-su-cumpleanos-88\\\/#article\",\"isPartOf\":{\"@id\":\"https:\\\/\\\/diariotextual.com\\\/inicio\\\/index.php\\\/2023\\\/07\\\/04\\\/el-museo-de-historia-natural-reabre-sus-puertas-al-publico-en-su-cumpleanos-88\\\/\"},\"author\":{\"name\":\"diario2\",\"@id\":\"https:\\\/\\\/diariotextual.com\\\/inicio\\\/#\\\/schema\\\/person\\\/694f60677f23c4a530867a98f22b3768\"},\"headline\":\"El Museo de Historia Natural reabre sus puertas al p\u00fablico en su cumplea\u00f1os 88\",\"datePublished\":\"2023-07-04T16:15:45+00:00\",\"dateModified\":\"2023-07-04T16:15:47+00:00\",\"mainEntityOfPage\":{\"@id\":\"https:\\\/\\\/diariotextual.com\\\/inicio\\\/index.php\\\/2023\\\/07\\\/04\\\/el-museo-de-historia-natural-reabre-sus-puertas-al-publico-en-su-cumpleanos-88\\\/\"},\"wordCount\":759,\"publisher\":{\"@id\":\"https:\\\/\\\/diariotextual.com\\\/inicio\\\/#organization\"},\"image\":{\"@id\":\"https:\\\/\\\/diariotextual.com\\\/inicio\\\/index.php\\\/2023\\\/07\\\/04\\\/el-museo-de-historia-natural-reabre-sus-puertas-al-publico-en-su-cumpleanos-88\\\/#primaryimage\"},\"thumbnailUrl\":\"https:\\\/\\\/diariotextual.com\\\/inicio\\\/wp-content\\\/uploads\\\/2023\\\/07\\\/museohistorianinos5.jpg\",\"articleSection\":[\"A - ES NOTICIA (van abajo)\",\"CULTURA\"],\"inLanguage\":\"es\"},{\"@type\":\"WebPage\",\"@id\":\"https:\\\/\\\/diariotextual.com\\\/inicio\\\/index.php\\\/2023\\\/07\\\/04\\\/el-museo-de-historia-natural-reabre-sus-puertas-al-publico-en-su-cumpleanos-88\\\/\",\"url\":\"https:\\\/\\\/diariotextual.com\\\/inicio\\\/index.php\\\/2023\\\/07\\\/04\\\/el-museo-de-historia-natural-reabre-sus-puertas-al-publico-en-su-cumpleanos-88\\\/\",\"name\":\"El Museo de Historia Natural reabre sus puertas al p\u00fablico en su cumplea\u00f1os 88 - Diario Textual\",\"isPartOf\":{\"@id\":\"https:\\\/\\\/diariotextual.com\\\/inicio\\\/#website\"},\"primaryImageOfPage\":{\"@id\":\"https:\\\/\\\/diariotextual.com\\\/inicio\\\/index.php\\\/2023\\\/07\\\/04\\\/el-museo-de-historia-natural-reabre-sus-puertas-al-publico-en-su-cumpleanos-88\\\/#primaryimage\"},\"image\":{\"@id\":\"https:\\\/\\\/diariotextual.com\\\/inicio\\\/index.php\\\/2023\\\/07\\\/04\\\/el-museo-de-historia-natural-reabre-sus-puertas-al-publico-en-su-cumpleanos-88\\\/#primaryimage\"},\"thumbnailUrl\":\"https:\\\/\\\/diariotextual.com\\\/inicio\\\/wp-content\\\/uploads\\\/2023\\\/07\\\/museohistorianinos5.jpg\",\"datePublished\":\"2023-07-04T16:15:45+00:00\",\"dateModified\":\"2023-07-04T16:15:47+00:00\",\"breadcrumb\":{\"@id\":\"https:\\\/\\\/diariotextual.com\\\/inicio\\\/index.php\\\/2023\\\/07\\\/04\\\/el-museo-de-historia-natural-reabre-sus-puertas-al-publico-en-su-cumpleanos-88\\\/#breadcrumb\"},\"inLanguage\":\"es\",\"potentialAction\":[{\"@type\":\"ReadAction\",\"target\":[\"https:\\\/\\\/diariotextual.com\\\/inicio\\\/index.php\\\/2023\\\/07\\\/04\\\/el-museo-de-historia-natural-reabre-sus-puertas-al-publico-en-su-cumpleanos-88\\\/\"]}]},{\"@type\":\"ImageObject\",\"inLanguage\":\"es\",\"@id\":\"https:\\\/\\\/diariotextual.com\\\/inicio\\\/index.php\\\/2023\\\/07\\\/04\\\/el-museo-de-historia-natural-reabre-sus-puertas-al-publico-en-su-cumpleanos-88\\\/#primaryimage\",\"url\":\"https:\\\/\\\/diariotextual.com\\\/inicio\\\/wp-content\\\/uploads\\\/2023\\\/07\\\/museohistorianinos5.jpg\",\"contentUrl\":\"https:\\\/\\\/diariotextual.com\\\/inicio\\\/wp-content\\\/uploads\\\/2023\\\/07\\\/museohistorianinos5.jpg\",\"width\":1000,\"height\":563},{\"@type\":\"BreadcrumbList\",\"@id\":\"https:\\\/\\\/diariotextual.com\\\/inicio\\\/index.php\\\/2023\\\/07\\\/04\\\/el-museo-de-historia-natural-reabre-sus-puertas-al-publico-en-su-cumpleanos-88\\\/#breadcrumb\",\"itemListElement\":[{\"@type\":\"ListItem\",\"position\":1,\"name\":\"Portada\",\"item\":\"https:\\\/\\\/diariotextual.com\\\/inicio\\\/\"},{\"@type\":\"ListItem\",\"position\":2,\"name\":\"El Museo de Historia Natural reabre sus puertas al p\u00fablico en su cumplea\u00f1os 88\"}]},{\"@type\":\"WebSite\",\"@id\":\"https:\\\/\\\/diariotextual.com\\\/inicio\\\/#website\",\"url\":\"https:\\\/\\\/diariotextual.com\\\/inicio\\\/\",\"name\":\"Diario Textual\",\"description\":\"\",\"publisher\":{\"@id\":\"https:\\\/\\\/diariotextual.com\\\/inicio\\\/#organization\"},\"potentialAction\":[{\"@type\":\"SearchAction\",\"target\":{\"@type\":\"EntryPoint\",\"urlTemplate\":\"https:\\\/\\\/diariotextual.com\\\/inicio\\\/?s={search_term_string}\"},\"query-input\":{\"@type\":\"PropertyValueSpecification\",\"valueRequired\":true,\"valueName\":\"search_term_string\"}}],\"inLanguage\":\"es\"},{\"@type\":\"Organization\",\"@id\":\"https:\\\/\\\/diariotextual.com\\\/inicio\\\/#organization\",\"name\":\"Diario Textual\",\"url\":\"https:\\\/\\\/diariotextual.com\\\/inicio\\\/\",\"logo\":{\"@type\":\"ImageObject\",\"inLanguage\":\"es\",\"@id\":\"https:\\\/\\\/diariotextual.com\\\/inicio\\\/#\\\/schema\\\/logo\\\/image\\\/\",\"url\":\"https:\\\/\\\/diariotextual.com\\\/inicio\\\/wp-content\\\/uploads\\\/2023\\\/05\\\/logotextual1.jpg\",\"contentUrl\":\"https:\\\/\\\/diariotextual.com\\\/inicio\\\/wp-content\\\/uploads\\\/2023\\\/05\\\/logotextual1.jpg\",\"width\":516,\"height\":76,\"caption\":\"Diario Textual\"},\"image\":{\"@id\":\"https:\\\/\\\/diariotextual.com\\\/inicio\\\/#\\\/schema\\\/logo\\\/image\\\/\"},\"sameAs\":[\"https:\\\/\\\/www.facebook.com\\\/eltextual\",\"https:\\\/\\\/x.com\\\/eltextual\",\"http:\\\/\\\/www.instagram.com\\\/eltextual\"]},{\"@type\":\"Person\",\"@id\":\"https:\\\/\\\/diariotextual.com\\\/inicio\\\/#\\\/schema\\\/person\\\/694f60677f23c4a530867a98f22b3768\",\"name\":\"diario2\",\"image\":{\"@type\":\"ImageObject\",\"inLanguage\":\"es\",\"@id\":\"https:\\\/\\\/secure.gravatar.com\\\/avatar\\\/5a2567495ba16b852fcd8f1ed006a2e24fcace936018ed8237e95f488ad6e0a7?s=96&d=mm&r=g\",\"url\":\"https:\\\/\\\/secure.gravatar.com\\\/avatar\\\/5a2567495ba16b852fcd8f1ed006a2e24fcace936018ed8237e95f488ad6e0a7?s=96&d=mm&r=g\",\"contentUrl\":\"https:\\\/\\\/secure.gravatar.com\\\/avatar\\\/5a2567495ba16b852fcd8f1ed006a2e24fcace936018ed8237e95f488ad6e0a7?s=96&d=mm&r=g\",\"caption\":\"diario2\"},\"url\":\"https:\\\/\\\/diariotextual.com\\\/inicio\\\/index.php\\\/author\\\/diario2\\\/\"}]}<\/script>\n<!-- \/ Yoast SEO plugin. -->","yoast_head_json":{"title":"El Museo de Historia Natural reabre sus puertas al p\u00fablico en su cumplea\u00f1os 88 - Diario Textual","robots":{"index":"index","follow":"follow","max-snippet":"max-snippet:-1","max-image-preview":"max-image-preview:large","max-video-preview":"max-video-preview:-1"},"canonical":"https:\/\/diariotextual.com\/inicio\/index.php\/2023\/07\/04\/el-museo-de-historia-natural-reabre-sus-puertas-al-publico-en-su-cumpleanos-88\/","og_locale":"es_ES","og_type":"article","og_title":"El Museo de Historia Natural reabre sus puertas al p\u00fablico en su cumplea\u00f1os 88 - Diario Textual","og_description":"El domingo 9 de julio desde las 16 horas, el Museo Provincial de Historia Natural de la Secretar\u00eda de Cultura celebrar\u00e1 sus 88 a\u00f1os con actividades libres y gratuitas, en&hellip;","og_url":"https:\/\/diariotextual.com\/inicio\/index.php\/2023\/07\/04\/el-museo-de-historia-natural-reabre-sus-puertas-al-publico-en-su-cumpleanos-88\/","og_site_name":"Diario Textual","article_publisher":"https:\/\/www.facebook.com\/eltextual","article_published_time":"2023-07-04T16:15:45+00:00","article_modified_time":"2023-07-04T16:15:47+00:00","og_image":[{"width":1000,"height":563,"url":"https:\/\/diariotextual.com\/inicio\/wp-content\/uploads\/2023\/07\/museohistorianinos5.jpg","type":"image\/jpeg"}],"author":"diario2","twitter_card":"summary_large_image","twitter_creator":"@eltextual","twitter_site":"@eltextual","twitter_misc":{"Escrito por":"diario2","Tiempo de lectura":"4 minutos"},"schema":{"@context":"https:\/\/schema.org","@graph":[{"@type":"Article","@id":"https:\/\/diariotextual.com\/inicio\/index.php\/2023\/07\/04\/el-museo-de-historia-natural-reabre-sus-puertas-al-publico-en-su-cumpleanos-88\/#article","isPartOf":{"@id":"https:\/\/diariotextual.com\/inicio\/index.php\/2023\/07\/04\/el-museo-de-historia-natural-reabre-sus-puertas-al-publico-en-su-cumpleanos-88\/"},"author":{"name":"diario2","@id":"https:\/\/diariotextual.com\/inicio\/#\/schema\/person\/694f60677f23c4a530867a98f22b3768"},"headline":"El Museo de Historia Natural reabre sus puertas al p\u00fablico en su cumplea\u00f1os 88","datePublished":"2023-07-04T16:15:45+00:00","dateModified":"2023-07-04T16:15:47+00:00","mainEntityOfPage":{"@id":"https:\/\/diariotextual.com\/inicio\/index.php\/2023\/07\/04\/el-museo-de-historia-natural-reabre-sus-puertas-al-publico-en-su-cumpleanos-88\/"},"wordCount":759,"publisher":{"@id":"https:\/\/diariotextual.com\/inicio\/#organization"},"image":{"@id":"https:\/\/diariotextual.com\/inicio\/index.php\/2023\/07\/04\/el-museo-de-historia-natural-reabre-sus-puertas-al-publico-en-su-cumpleanos-88\/#primaryimage"},"thumbnailUrl":"https:\/\/diariotextual.com\/inicio\/wp-content\/uploads\/2023\/07\/museohistorianinos5.jpg","articleSection":["A - ES NOTICIA (van abajo)","CULTURA"],"inLanguage":"es"},{"@type":"WebPage","@id":"https:\/\/diariotextual.com\/inicio\/index.php\/2023\/07\/04\/el-museo-de-historia-natural-reabre-sus-puertas-al-publico-en-su-cumpleanos-88\/","url":"https:\/\/diariotextual.com\/inicio\/index.php\/2023\/07\/04\/el-museo-de-historia-natural-reabre-sus-puertas-al-publico-en-su-cumpleanos-88\/","name":"El Museo de Historia Natural reabre sus puertas al p\u00fablico en su cumplea\u00f1os 88 - Diario Textual","isPartOf":{"@id":"https:\/\/diariotextual.com\/inicio\/#website"},"primaryImageOfPage":{"@id":"https:\/\/diariotextual.com\/inicio\/index.php\/2023\/07\/04\/el-museo-de-historia-natural-reabre-sus-puertas-al-publico-en-su-cumpleanos-88\/#primaryimage"},"image":{"@id":"https:\/\/diariotextual.com\/inicio\/index.php\/2023\/07\/04\/el-museo-de-historia-natural-reabre-sus-puertas-al-publico-en-su-cumpleanos-88\/#primaryimage"},"thumbnailUrl":"https:\/\/diariotextual.com\/inicio\/wp-content\/uploads\/2023\/07\/museohistorianinos5.jpg","datePublished":"2023-07-04T16:15:45+00:00","dateModified":"2023-07-04T16:15:47+00:00","breadcrumb":{"@id":"https:\/\/diariotextual.com\/inicio\/index.php\/2023\/07\/04\/el-museo-de-historia-natural-reabre-sus-puertas-al-publico-en-su-cumpleanos-88\/#breadcrumb"},"inLanguage":"es","potentialAction":[{"@type":"ReadAction","target":["https:\/\/diariotextual.com\/inicio\/index.php\/2023\/07\/04\/el-museo-de-historia-natural-reabre-sus-puertas-al-publico-en-su-cumpleanos-88\/"]}]},{"@type":"ImageObject","inLanguage":"es","@id":"https:\/\/diariotextual.com\/inicio\/index.php\/2023\/07\/04\/el-museo-de-historia-natural-reabre-sus-puertas-al-publico-en-su-cumpleanos-88\/#primaryimage","url":"https:\/\/diariotextual.com\/inicio\/wp-content\/uploads\/2023\/07\/museohistorianinos5.jpg","contentUrl":"https:\/\/diariotextual.com\/inicio\/wp-content\/uploads\/2023\/07\/museohistorianinos5.jpg","width":1000,"height":563},{"@type":"BreadcrumbList","@id":"https:\/\/diariotextual.com\/inicio\/index.php\/2023\/07\/04\/el-museo-de-historia-natural-reabre-sus-puertas-al-publico-en-su-cumpleanos-88\/#breadcrumb","itemListElement":[{"@type":"ListItem","position":1,"name":"Portada","item":"https:\/\/diariotextual.com\/inicio\/"},{"@type":"ListItem","position":2,"name":"El Museo de Historia Natural reabre sus puertas al p\u00fablico en su cumplea\u00f1os 88"}]},{"@type":"WebSite","@id":"https:\/\/diariotextual.com\/inicio\/#website","url":"https:\/\/diariotextual.com\/inicio\/","name":"Diario Textual","description":"","publisher":{"@id":"https:\/\/diariotextual.com\/inicio\/#organization"},"potentialAction":[{"@type":"SearchAction","target":{"@type":"EntryPoint","urlTemplate":"https:\/\/diariotextual.com\/inicio\/?s={search_term_string}"},"query-input":{"@type":"PropertyValueSpecification","valueRequired":true,"valueName":"search_term_string"}}],"inLanguage":"es"},{"@type":"Organization","@id":"https:\/\/diariotextual.com\/inicio\/#organization","name":"Diario Textual","url":"https:\/\/diariotextual.com\/inicio\/","logo":{"@type":"ImageObject","inLanguage":"es","@id":"https:\/\/diariotextual.com\/inicio\/#\/schema\/logo\/image\/","url":"https:\/\/diariotextual.com\/inicio\/wp-content\/uploads\/2023\/05\/logotextual1.jpg","contentUrl":"https:\/\/diariotextual.com\/inicio\/wp-content\/uploads\/2023\/05\/logotextual1.jpg","width":516,"height":76,"caption":"Diario Textual"},"image":{"@id":"https:\/\/diariotextual.com\/inicio\/#\/schema\/logo\/image\/"},"sameAs":["https:\/\/www.facebook.com\/eltextual","https:\/\/x.com\/eltextual","http:\/\/www.instagram.com\/eltextual"]},{"@type":"Person","@id":"https:\/\/diariotextual.com\/inicio\/#\/schema\/person\/694f60677f23c4a530867a98f22b3768","name":"diario2","image":{"@type":"ImageObject","inLanguage":"es","@id":"https:\/\/secure.gravatar.com\/avatar\/5a2567495ba16b852fcd8f1ed006a2e24fcace936018ed8237e95f488ad6e0a7?s=96&d=mm&r=g","url":"https:\/\/secure.gravatar.com\/avatar\/5a2567495ba16b852fcd8f1ed006a2e24fcace936018ed8237e95f488ad6e0a7?s=96&d=mm&r=g","contentUrl":"https:\/\/secure.gravatar.com\/avatar\/5a2567495ba16b852fcd8f1ed006a2e24fcace936018ed8237e95f488ad6e0a7?s=96&d=mm&r=g","caption":"diario2"},"url":"https:\/\/diariotextual.com\/inicio\/index.php\/author\/diario2\/"}]}},"_links":{"self":[{"href":"https:\/\/diariotextual.com\/inicio\/index.php\/wp-json\/wp\/v2\/posts\/230179","targetHints":{"allow":["GET"]}}],"collection":[{"href":"https:\/\/diariotextual.com\/inicio\/index.php\/wp-json\/wp\/v2\/posts"}],"about":[{"href":"https:\/\/diariotextual.com\/inicio\/index.php\/wp-json\/wp\/v2\/types\/post"}],"author":[{"embeddable":true,"href":"https:\/\/diariotextual.com\/inicio\/index.php\/wp-json\/wp\/v2\/users\/4"}],"replies":[{"embeddable":true,"href":"https:\/\/diariotextual.com\/inicio\/index.php\/wp-json\/wp\/v2\/comments?post=230179"}],"version-history":[{"count":2,"href":"https:\/\/diariotextual.com\/inicio\/index.php\/wp-json\/wp\/v2\/posts\/230179\/revisions"}],"predecessor-version":[{"id":230182,"href":"https:\/\/diariotextual.com\/inicio\/index.php\/wp-json\/wp\/v2\/posts\/230179\/revisions\/230182"}],"wp:featuredmedia":[{"embeddable":true,"href":"https:\/\/diariotextual.com\/inicio\/index.php\/wp-json\/wp\/v2\/media\/230181"}],"wp:attachment":[{"href":"https:\/\/diariotextual.com\/inicio\/index.php\/wp-json\/wp\/v2\/media?parent=230179"}],"wp:term":[{"taxonomy":"category","embeddable":true,"href":"https:\/\/diariotextual.com\/inicio\/index.php\/wp-json\/wp\/v2\/categories?post=230179"},{"taxonomy":"post_tag","embeddable":true,"href":"https:\/\/diariotextual.com\/inicio\/index.php\/wp-json\/wp\/v2\/tags?post=230179"}],"curies":[{"name":"wp","href":"https:\/\/api.w.org\/{rel}","templated":true}]}}