{"id":230183,"date":"2023-07-04T13:30:07","date_gmt":"2023-07-04T16:30:07","guid":{"rendered":"https:\/\/diariotextual.com\/inicio\/?p=230183"},"modified":"2023-07-04T13:30:09","modified_gmt":"2023-07-04T16:30:09","slug":"nuevos-conciertos-de-la-banda-sinfonica-en-toay-y-en-el-medasur","status":"publish","type":"post","link":"https:\/\/diariotextual.com\/inicio\/index.php\/2023\/07\/04\/nuevos-conciertos-de-la-banda-sinfonica-en-toay-y-en-el-medasur\/","title":{"rendered":"Nuevos conciertos de la Banda Sinf\u00f3nica en Toay y en el Medasur"},"content":{"rendered":"\n<p>La Banda Sinf\u00f3nica de La Pampa, organismo dependiente de la Secretar\u00eda de Cultura, brindar\u00e1 un nuevo concierto did\u00e1ctico para alumnos de la Escuela N\u00b0 74 de Santa Rosa. Como es habitual, el concierto se presentar\u00e1 este mi\u00e9rcoles 5 de julio en el auditorio del centro cultural Medasur, a las 10 y a las 15 horas.<\/p>\n\n\n\n<p>La Banda Sinf\u00f3nica tambi\u00e9n sumar\u00e1 un concierto de la temporada 2023, en v\u00edsperas de celebrar un nuevo aniversario de la localidad de Toay.<\/p>\n\n\n\n<p>El cuerpo estable se presentar\u00e1 el pr\u00f3ximo viernes 7 de julio a las 19 horas en el SUM de la Escuela N\u00ba 5. En la oportunidad los m\u00fasicos brindar\u00e1n un programa para disfrutar en familia construido enteramente con m\u00fasica de pel\u00edculas; con la participaci\u00f3n especial de la pianista Ver\u00f3nica Baraybar.<\/p>\n\n\n\n<p>\u201cAclamados y premiados compositores como John Wiiliams; Ennio Morricone; James Horner; Hans Zimmer, Alan Silvestri nos sumergir\u00e1n con su m\u00fasica en un mundo de im\u00e1genes\u201d, se\u00f1al\u00f3 el director Muchi G\u00e9rez.<\/p>\n","protected":false},"excerpt":{"rendered":"<p>La Banda Sinf\u00f3nica de La Pampa, organismo dependiente de la Secretar\u00eda de Cultura, brindar\u00e1 un nuevo concierto did\u00e1ctico para alumnos de la Escuela N\u00b0 74 de Santa Rosa. Como es&hellip;<\/p>\n","protected":false},"author":4,"featured_media":201059,"comment_status":"closed","ping_status":"open","sticky":false,"template":"","format":"standard","meta":{"_acf_changed":false,"footnotes":""},"categories":[1,2],"tags":[],"class_list":["post-230183","post","type-post","status-publish","format-standard","has-post-thumbnail","hentry","category-es-noticia","category-cultura"],"acf":[],"yoast_head":"<!-- This site is optimized with the Yoast SEO plugin v27.5 - https:\/\/yoast.com\/product\/yoast-seo-wordpress\/ -->\n<title>Nuevos conciertos de la Banda Sinf\u00f3nica en Toay y en el Medasur - Diario Textual<\/title>\n<meta name=\"robots\" content=\"index, follow, max-snippet:-1, max-image-preview:large, max-video-preview:-1\" \/>\n<link rel=\"canonical\" href=\"https:\/\/diariotextual.com\/inicio\/index.php\/2023\/07\/04\/nuevos-conciertos-de-la-banda-sinfonica-en-toay-y-en-el-medasur\/\" \/>\n<meta property=\"og:locale\" content=\"es_ES\" \/>\n<meta property=\"og:type\" content=\"article\" \/>\n<meta property=\"og:title\" content=\"Nuevos conciertos de la Banda Sinf\u00f3nica en Toay y en el Medasur - Diario Textual\" \/>\n<meta property=\"og:description\" content=\"La Banda Sinf\u00f3nica de La Pampa, organismo dependiente de la Secretar\u00eda de Cultura, brindar\u00e1 un nuevo concierto did\u00e1ctico para alumnos de la Escuela N\u00b0 74 de Santa Rosa. Como es&hellip;\" \/>\n<meta property=\"og:url\" content=\"https:\/\/diariotextual.com\/inicio\/index.php\/2023\/07\/04\/nuevos-conciertos-de-la-banda-sinfonica-en-toay-y-en-el-medasur\/\" \/>\n<meta property=\"og:site_name\" content=\"Diario Textual\" \/>\n<meta property=\"article:publisher\" content=\"https:\/\/www.facebook.com\/eltextual\" \/>\n<meta property=\"article:published_time\" content=\"2023-07-04T16:30:07+00:00\" \/>\n<meta property=\"article:modified_time\" content=\"2023-07-04T16:30:09+00:00\" \/>\n<meta property=\"og:image\" content=\"https:\/\/diariotextual.com\/inicio\/wp-content\/uploads\/2022\/09\/bandasinfonica546328545.jpg\" \/>\n\t<meta property=\"og:image:width\" content=\"497\" \/>\n\t<meta property=\"og:image:height\" content=\"312\" \/>\n\t<meta property=\"og:image:type\" content=\"image\/jpeg\" \/>\n<meta name=\"author\" content=\"diario2\" \/>\n<meta name=\"twitter:card\" content=\"summary_large_image\" \/>\n<meta name=\"twitter:creator\" content=\"@eltextual\" \/>\n<meta name=\"twitter:site\" content=\"@eltextual\" \/>\n<meta name=\"twitter:label1\" content=\"Escrito por\" \/>\n\t<meta name=\"twitter:data1\" content=\"diario2\" \/>\n\t<meta name=\"twitter:label2\" content=\"Tiempo de lectura\" \/>\n\t<meta name=\"twitter:data2\" content=\"1 minuto\" \/>\n<script type=\"application\/ld+json\" class=\"yoast-schema-graph\">{\"@context\":\"https:\\\/\\\/schema.org\",\"@graph\":[{\"@type\":\"Article\",\"@id\":\"https:\\\/\\\/diariotextual.com\\\/inicio\\\/index.php\\\/2023\\\/07\\\/04\\\/nuevos-conciertos-de-la-banda-sinfonica-en-toay-y-en-el-medasur\\\/#article\",\"isPartOf\":{\"@id\":\"https:\\\/\\\/diariotextual.com\\\/inicio\\\/index.php\\\/2023\\\/07\\\/04\\\/nuevos-conciertos-de-la-banda-sinfonica-en-toay-y-en-el-medasur\\\/\"},\"author\":{\"name\":\"diario2\",\"@id\":\"https:\\\/\\\/diariotextual.com\\\/inicio\\\/#\\\/schema\\\/person\\\/694f60677f23c4a530867a98f22b3768\"},\"headline\":\"Nuevos conciertos de la Banda Sinf\u00f3nica en Toay y en el Medasur\",\"datePublished\":\"2023-07-04T16:30:07+00:00\",\"dateModified\":\"2023-07-04T16:30:09+00:00\",\"mainEntityOfPage\":{\"@id\":\"https:\\\/\\\/diariotextual.com\\\/inicio\\\/index.php\\\/2023\\\/07\\\/04\\\/nuevos-conciertos-de-la-banda-sinfonica-en-toay-y-en-el-medasur\\\/\"},\"wordCount\":182,\"publisher\":{\"@id\":\"https:\\\/\\\/diariotextual.com\\\/inicio\\\/#organization\"},\"image\":{\"@id\":\"https:\\\/\\\/diariotextual.com\\\/inicio\\\/index.php\\\/2023\\\/07\\\/04\\\/nuevos-conciertos-de-la-banda-sinfonica-en-toay-y-en-el-medasur\\\/#primaryimage\"},\"thumbnailUrl\":\"https:\\\/\\\/diariotextual.com\\\/inicio\\\/wp-content\\\/uploads\\\/2022\\\/09\\\/bandasinfonica546328545.jpg\",\"articleSection\":[\"A - ES NOTICIA (van abajo)\",\"CULTURA\"],\"inLanguage\":\"es\"},{\"@type\":\"WebPage\",\"@id\":\"https:\\\/\\\/diariotextual.com\\\/inicio\\\/index.php\\\/2023\\\/07\\\/04\\\/nuevos-conciertos-de-la-banda-sinfonica-en-toay-y-en-el-medasur\\\/\",\"url\":\"https:\\\/\\\/diariotextual.com\\\/inicio\\\/index.php\\\/2023\\\/07\\\/04\\\/nuevos-conciertos-de-la-banda-sinfonica-en-toay-y-en-el-medasur\\\/\",\"name\":\"Nuevos conciertos de la Banda Sinf\u00f3nica en Toay y en el Medasur - Diario Textual\",\"isPartOf\":{\"@id\":\"https:\\\/\\\/diariotextual.com\\\/inicio\\\/#website\"},\"primaryImageOfPage\":{\"@id\":\"https:\\\/\\\/diariotextual.com\\\/inicio\\\/index.php\\\/2023\\\/07\\\/04\\\/nuevos-conciertos-de-la-banda-sinfonica-en-toay-y-en-el-medasur\\\/#primaryimage\"},\"image\":{\"@id\":\"https:\\\/\\\/diariotextual.com\\\/inicio\\\/index.php\\\/2023\\\/07\\\/04\\\/nuevos-conciertos-de-la-banda-sinfonica-en-toay-y-en-el-medasur\\\/#primaryimage\"},\"thumbnailUrl\":\"https:\\\/\\\/diariotextual.com\\\/inicio\\\/wp-content\\\/uploads\\\/2022\\\/09\\\/bandasinfonica546328545.jpg\",\"datePublished\":\"2023-07-04T16:30:07+00:00\",\"dateModified\":\"2023-07-04T16:30:09+00:00\",\"breadcrumb\":{\"@id\":\"https:\\\/\\\/diariotextual.com\\\/inicio\\\/index.php\\\/2023\\\/07\\\/04\\\/nuevos-conciertos-de-la-banda-sinfonica-en-toay-y-en-el-medasur\\\/#breadcrumb\"},\"inLanguage\":\"es\",\"potentialAction\":[{\"@type\":\"ReadAction\",\"target\":[\"https:\\\/\\\/diariotextual.com\\\/inicio\\\/index.php\\\/2023\\\/07\\\/04\\\/nuevos-conciertos-de-la-banda-sinfonica-en-toay-y-en-el-medasur\\\/\"]}]},{\"@type\":\"ImageObject\",\"inLanguage\":\"es\",\"@id\":\"https:\\\/\\\/diariotextual.com\\\/inicio\\\/index.php\\\/2023\\\/07\\\/04\\\/nuevos-conciertos-de-la-banda-sinfonica-en-toay-y-en-el-medasur\\\/#primaryimage\",\"url\":\"https:\\\/\\\/diariotextual.com\\\/inicio\\\/wp-content\\\/uploads\\\/2022\\\/09\\\/bandasinfonica546328545.jpg\",\"contentUrl\":\"https:\\\/\\\/diariotextual.com\\\/inicio\\\/wp-content\\\/uploads\\\/2022\\\/09\\\/bandasinfonica546328545.jpg\",\"width\":497,\"height\":312},{\"@type\":\"BreadcrumbList\",\"@id\":\"https:\\\/\\\/diariotextual.com\\\/inicio\\\/index.php\\\/2023\\\/07\\\/04\\\/nuevos-conciertos-de-la-banda-sinfonica-en-toay-y-en-el-medasur\\\/#breadcrumb\",\"itemListElement\":[{\"@type\":\"ListItem\",\"position\":1,\"name\":\"Portada\",\"item\":\"https:\\\/\\\/diariotextual.com\\\/inicio\\\/\"},{\"@type\":\"ListItem\",\"position\":2,\"name\":\"Nuevos conciertos de la Banda Sinf\u00f3nica en Toay y en el Medasur\"}]},{\"@type\":\"WebSite\",\"@id\":\"https:\\\/\\\/diariotextual.com\\\/inicio\\\/#website\",\"url\":\"https:\\\/\\\/diariotextual.com\\\/inicio\\\/\",\"name\":\"Diario Textual\",\"description\":\"\",\"publisher\":{\"@id\":\"https:\\\/\\\/diariotextual.com\\\/inicio\\\/#organization\"},\"potentialAction\":[{\"@type\":\"SearchAction\",\"target\":{\"@type\":\"EntryPoint\",\"urlTemplate\":\"https:\\\/\\\/diariotextual.com\\\/inicio\\\/?s={search_term_string}\"},\"query-input\":{\"@type\":\"PropertyValueSpecification\",\"valueRequired\":true,\"valueName\":\"search_term_string\"}}],\"inLanguage\":\"es\"},{\"@type\":\"Organization\",\"@id\":\"https:\\\/\\\/diariotextual.com\\\/inicio\\\/#organization\",\"name\":\"Diario Textual\",\"url\":\"https:\\\/\\\/diariotextual.com\\\/inicio\\\/\",\"logo\":{\"@type\":\"ImageObject\",\"inLanguage\":\"es\",\"@id\":\"https:\\\/\\\/diariotextual.com\\\/inicio\\\/#\\\/schema\\\/logo\\\/image\\\/\",\"url\":\"https:\\\/\\\/diariotextual.com\\\/inicio\\\/wp-content\\\/uploads\\\/2023\\\/05\\\/logotextual1.jpg\",\"contentUrl\":\"https:\\\/\\\/diariotextual.com\\\/inicio\\\/wp-content\\\/uploads\\\/2023\\\/05\\\/logotextual1.jpg\",\"width\":516,\"height\":76,\"caption\":\"Diario Textual\"},\"image\":{\"@id\":\"https:\\\/\\\/diariotextual.com\\\/inicio\\\/#\\\/schema\\\/logo\\\/image\\\/\"},\"sameAs\":[\"https:\\\/\\\/www.facebook.com\\\/eltextual\",\"https:\\\/\\\/x.com\\\/eltextual\",\"http:\\\/\\\/www.instagram.com\\\/eltextual\"]},{\"@type\":\"Person\",\"@id\":\"https:\\\/\\\/diariotextual.com\\\/inicio\\\/#\\\/schema\\\/person\\\/694f60677f23c4a530867a98f22b3768\",\"name\":\"diario2\",\"image\":{\"@type\":\"ImageObject\",\"inLanguage\":\"es\",\"@id\":\"https:\\\/\\\/secure.gravatar.com\\\/avatar\\\/5a2567495ba16b852fcd8f1ed006a2e24fcace936018ed8237e95f488ad6e0a7?s=96&d=mm&r=g\",\"url\":\"https:\\\/\\\/secure.gravatar.com\\\/avatar\\\/5a2567495ba16b852fcd8f1ed006a2e24fcace936018ed8237e95f488ad6e0a7?s=96&d=mm&r=g\",\"contentUrl\":\"https:\\\/\\\/secure.gravatar.com\\\/avatar\\\/5a2567495ba16b852fcd8f1ed006a2e24fcace936018ed8237e95f488ad6e0a7?s=96&d=mm&r=g\",\"caption\":\"diario2\"},\"url\":\"https:\\\/\\\/diariotextual.com\\\/inicio\\\/index.php\\\/author\\\/diario2\\\/\"}]}<\/script>\n<!-- \/ Yoast SEO plugin. -->","yoast_head_json":{"title":"Nuevos conciertos de la Banda Sinf\u00f3nica en Toay y en el Medasur - Diario Textual","robots":{"index":"index","follow":"follow","max-snippet":"max-snippet:-1","max-image-preview":"max-image-preview:large","max-video-preview":"max-video-preview:-1"},"canonical":"https:\/\/diariotextual.com\/inicio\/index.php\/2023\/07\/04\/nuevos-conciertos-de-la-banda-sinfonica-en-toay-y-en-el-medasur\/","og_locale":"es_ES","og_type":"article","og_title":"Nuevos conciertos de la Banda Sinf\u00f3nica en Toay y en el Medasur - Diario Textual","og_description":"La Banda Sinf\u00f3nica de La Pampa, organismo dependiente de la Secretar\u00eda de Cultura, brindar\u00e1 un nuevo concierto did\u00e1ctico para alumnos de la Escuela N\u00b0 74 de Santa Rosa. Como es&hellip;","og_url":"https:\/\/diariotextual.com\/inicio\/index.php\/2023\/07\/04\/nuevos-conciertos-de-la-banda-sinfonica-en-toay-y-en-el-medasur\/","og_site_name":"Diario Textual","article_publisher":"https:\/\/www.facebook.com\/eltextual","article_published_time":"2023-07-04T16:30:07+00:00","article_modified_time":"2023-07-04T16:30:09+00:00","og_image":[{"width":497,"height":312,"url":"https:\/\/diariotextual.com\/inicio\/wp-content\/uploads\/2022\/09\/bandasinfonica546328545.jpg","type":"image\/jpeg"}],"author":"diario2","twitter_card":"summary_large_image","twitter_creator":"@eltextual","twitter_site":"@eltextual","twitter_misc":{"Escrito por":"diario2","Tiempo de lectura":"1 minuto"},"schema":{"@context":"https:\/\/schema.org","@graph":[{"@type":"Article","@id":"https:\/\/diariotextual.com\/inicio\/index.php\/2023\/07\/04\/nuevos-conciertos-de-la-banda-sinfonica-en-toay-y-en-el-medasur\/#article","isPartOf":{"@id":"https:\/\/diariotextual.com\/inicio\/index.php\/2023\/07\/04\/nuevos-conciertos-de-la-banda-sinfonica-en-toay-y-en-el-medasur\/"},"author":{"name":"diario2","@id":"https:\/\/diariotextual.com\/inicio\/#\/schema\/person\/694f60677f23c4a530867a98f22b3768"},"headline":"Nuevos conciertos de la Banda Sinf\u00f3nica en Toay y en el Medasur","datePublished":"2023-07-04T16:30:07+00:00","dateModified":"2023-07-04T16:30:09+00:00","mainEntityOfPage":{"@id":"https:\/\/diariotextual.com\/inicio\/index.php\/2023\/07\/04\/nuevos-conciertos-de-la-banda-sinfonica-en-toay-y-en-el-medasur\/"},"wordCount":182,"publisher":{"@id":"https:\/\/diariotextual.com\/inicio\/#organization"},"image":{"@id":"https:\/\/diariotextual.com\/inicio\/index.php\/2023\/07\/04\/nuevos-conciertos-de-la-banda-sinfonica-en-toay-y-en-el-medasur\/#primaryimage"},"thumbnailUrl":"https:\/\/diariotextual.com\/inicio\/wp-content\/uploads\/2022\/09\/bandasinfonica546328545.jpg","articleSection":["A - ES NOTICIA (van abajo)","CULTURA"],"inLanguage":"es"},{"@type":"WebPage","@id":"https:\/\/diariotextual.com\/inicio\/index.php\/2023\/07\/04\/nuevos-conciertos-de-la-banda-sinfonica-en-toay-y-en-el-medasur\/","url":"https:\/\/diariotextual.com\/inicio\/index.php\/2023\/07\/04\/nuevos-conciertos-de-la-banda-sinfonica-en-toay-y-en-el-medasur\/","name":"Nuevos conciertos de la Banda Sinf\u00f3nica en Toay y en el Medasur - Diario Textual","isPartOf":{"@id":"https:\/\/diariotextual.com\/inicio\/#website"},"primaryImageOfPage":{"@id":"https:\/\/diariotextual.com\/inicio\/index.php\/2023\/07\/04\/nuevos-conciertos-de-la-banda-sinfonica-en-toay-y-en-el-medasur\/#primaryimage"},"image":{"@id":"https:\/\/diariotextual.com\/inicio\/index.php\/2023\/07\/04\/nuevos-conciertos-de-la-banda-sinfonica-en-toay-y-en-el-medasur\/#primaryimage"},"thumbnailUrl":"https:\/\/diariotextual.com\/inicio\/wp-content\/uploads\/2022\/09\/bandasinfonica546328545.jpg","datePublished":"2023-07-04T16:30:07+00:00","dateModified":"2023-07-04T16:30:09+00:00","breadcrumb":{"@id":"https:\/\/diariotextual.com\/inicio\/index.php\/2023\/07\/04\/nuevos-conciertos-de-la-banda-sinfonica-en-toay-y-en-el-medasur\/#breadcrumb"},"inLanguage":"es","potentialAction":[{"@type":"ReadAction","target":["https:\/\/diariotextual.com\/inicio\/index.php\/2023\/07\/04\/nuevos-conciertos-de-la-banda-sinfonica-en-toay-y-en-el-medasur\/"]}]},{"@type":"ImageObject","inLanguage":"es","@id":"https:\/\/diariotextual.com\/inicio\/index.php\/2023\/07\/04\/nuevos-conciertos-de-la-banda-sinfonica-en-toay-y-en-el-medasur\/#primaryimage","url":"https:\/\/diariotextual.com\/inicio\/wp-content\/uploads\/2022\/09\/bandasinfonica546328545.jpg","contentUrl":"https:\/\/diariotextual.com\/inicio\/wp-content\/uploads\/2022\/09\/bandasinfonica546328545.jpg","width":497,"height":312},{"@type":"BreadcrumbList","@id":"https:\/\/diariotextual.com\/inicio\/index.php\/2023\/07\/04\/nuevos-conciertos-de-la-banda-sinfonica-en-toay-y-en-el-medasur\/#breadcrumb","itemListElement":[{"@type":"ListItem","position":1,"name":"Portada","item":"https:\/\/diariotextual.com\/inicio\/"},{"@type":"ListItem","position":2,"name":"Nuevos conciertos de la Banda Sinf\u00f3nica en Toay y en el Medasur"}]},{"@type":"WebSite","@id":"https:\/\/diariotextual.com\/inicio\/#website","url":"https:\/\/diariotextual.com\/inicio\/","name":"Diario Textual","description":"","publisher":{"@id":"https:\/\/diariotextual.com\/inicio\/#organization"},"potentialAction":[{"@type":"SearchAction","target":{"@type":"EntryPoint","urlTemplate":"https:\/\/diariotextual.com\/inicio\/?s={search_term_string}"},"query-input":{"@type":"PropertyValueSpecification","valueRequired":true,"valueName":"search_term_string"}}],"inLanguage":"es"},{"@type":"Organization","@id":"https:\/\/diariotextual.com\/inicio\/#organization","name":"Diario Textual","url":"https:\/\/diariotextual.com\/inicio\/","logo":{"@type":"ImageObject","inLanguage":"es","@id":"https:\/\/diariotextual.com\/inicio\/#\/schema\/logo\/image\/","url":"https:\/\/diariotextual.com\/inicio\/wp-content\/uploads\/2023\/05\/logotextual1.jpg","contentUrl":"https:\/\/diariotextual.com\/inicio\/wp-content\/uploads\/2023\/05\/logotextual1.jpg","width":516,"height":76,"caption":"Diario Textual"},"image":{"@id":"https:\/\/diariotextual.com\/inicio\/#\/schema\/logo\/image\/"},"sameAs":["https:\/\/www.facebook.com\/eltextual","https:\/\/x.com\/eltextual","http:\/\/www.instagram.com\/eltextual"]},{"@type":"Person","@id":"https:\/\/diariotextual.com\/inicio\/#\/schema\/person\/694f60677f23c4a530867a98f22b3768","name":"diario2","image":{"@type":"ImageObject","inLanguage":"es","@id":"https:\/\/secure.gravatar.com\/avatar\/5a2567495ba16b852fcd8f1ed006a2e24fcace936018ed8237e95f488ad6e0a7?s=96&d=mm&r=g","url":"https:\/\/secure.gravatar.com\/avatar\/5a2567495ba16b852fcd8f1ed006a2e24fcace936018ed8237e95f488ad6e0a7?s=96&d=mm&r=g","contentUrl":"https:\/\/secure.gravatar.com\/avatar\/5a2567495ba16b852fcd8f1ed006a2e24fcace936018ed8237e95f488ad6e0a7?s=96&d=mm&r=g","caption":"diario2"},"url":"https:\/\/diariotextual.com\/inicio\/index.php\/author\/diario2\/"}]}},"_links":{"self":[{"href":"https:\/\/diariotextual.com\/inicio\/index.php\/wp-json\/wp\/v2\/posts\/230183","targetHints":{"allow":["GET"]}}],"collection":[{"href":"https:\/\/diariotextual.com\/inicio\/index.php\/wp-json\/wp\/v2\/posts"}],"about":[{"href":"https:\/\/diariotextual.com\/inicio\/index.php\/wp-json\/wp\/v2\/types\/post"}],"author":[{"embeddable":true,"href":"https:\/\/diariotextual.com\/inicio\/index.php\/wp-json\/wp\/v2\/users\/4"}],"replies":[{"embeddable":true,"href":"https:\/\/diariotextual.com\/inicio\/index.php\/wp-json\/wp\/v2\/comments?post=230183"}],"version-history":[{"count":2,"href":"https:\/\/diariotextual.com\/inicio\/index.php\/wp-json\/wp\/v2\/posts\/230183\/revisions"}],"predecessor-version":[{"id":230185,"href":"https:\/\/diariotextual.com\/inicio\/index.php\/wp-json\/wp\/v2\/posts\/230183\/revisions\/230185"}],"wp:featuredmedia":[{"embeddable":true,"href":"https:\/\/diariotextual.com\/inicio\/index.php\/wp-json\/wp\/v2\/media\/201059"}],"wp:attachment":[{"href":"https:\/\/diariotextual.com\/inicio\/index.php\/wp-json\/wp\/v2\/media?parent=230183"}],"wp:term":[{"taxonomy":"category","embeddable":true,"href":"https:\/\/diariotextual.com\/inicio\/index.php\/wp-json\/wp\/v2\/categories?post=230183"},{"taxonomy":"post_tag","embeddable":true,"href":"https:\/\/diariotextual.com\/inicio\/index.php\/wp-json\/wp\/v2\/tags?post=230183"}],"curies":[{"name":"wp","href":"https:\/\/api.w.org\/{rel}","templated":true}]}}