{"id":230213,"date":"2023-07-04T19:41:12","date_gmt":"2023-07-04T22:41:12","guid":{"rendered":"https:\/\/diariotextual.com\/inicio\/?p=230213"},"modified":"2023-07-05T12:52:59","modified_gmt":"2023-07-05T15:52:59","slug":"bomberos-la-pampa-incorporo-dos-equipos-para-combatir-incendios-en-altura","status":"publish","type":"post","link":"https:\/\/diariotextual.com\/inicio\/index.php\/2023\/07\/04\/bomberos-la-pampa-incorporo-dos-equipos-para-combatir-incendios-en-altura\/","title":{"rendered":"Bomberos: La Pampa incorpor\u00f3 dos equipos para combatir incendios en altura"},"content":{"rendered":"\n<p>El gobernador Sergio Ziliotto se reuni\u00f3 hoy con integrantes de la Federaci\u00f3n de Asociaciones de Bomberos Voluntarios de La Pampa y les hizo entrega del decreto en el que se otorgan los $130 millones que demandaron la compra de los dos primeros hidroelevadores que operar\u00e1n en Santa Rosa y General Pico. <\/p>\n\n\n\n<p><br>A los Bomberos Voluntarios de General Pico se destin\u00f3 una unidad marca VOLVO modelo 340 dotada con un motor turbo de 6 cilindros y caja de cambios autom\u00e1tica de ocho velocidades. &nbsp;Est\u00e1 equipada con bombas para trabajar en altura; un tanque de agua de 1.600 litros y un tanque de espuma de 40 litros. <\/p>\n\n\n\n<p>Adem\u00e1s es posible inyectar agua a su tanque en el mismo momento en que est\u00e1 siendo utilizada.<br>Cuenta con modernos sistemas de seguridad y una plataforma elevadora de 30 metros m\u00e1ximos de trabajo, entre otros elementos t\u00e9cnicos espec\u00edficos para combatir incendios en altura o realizar rescates de personas.<\/p>\n\n\n\n<figure class=\"wp-block-image size-large\"><img fetchpriority=\"high\" decoding=\"async\" width=\"1024\" height=\"683\" src=\"https:\/\/diariotextual.com\/inicio\/wp-content\/uploads\/2023\/07\/bomberosequiposaltura2023-1-1024x683.jpg\" alt=\"\" class=\"wp-image-230222\" srcset=\"https:\/\/diariotextual.com\/inicio\/wp-content\/uploads\/2023\/07\/bomberosequiposaltura2023-1-1024x683.jpg 1024w, https:\/\/diariotextual.com\/inicio\/wp-content\/uploads\/2023\/07\/bomberosequiposaltura2023-1-300x200.jpg 300w, https:\/\/diariotextual.com\/inicio\/wp-content\/uploads\/2023\/07\/bomberosequiposaltura2023-1-768x512.jpg 768w, https:\/\/diariotextual.com\/inicio\/wp-content\/uploads\/2023\/07\/bomberosequiposaltura2023-1-1170x780.jpg 1170w, https:\/\/diariotextual.com\/inicio\/wp-content\/uploads\/2023\/07\/bomberosequiposaltura2023-1-585x390.jpg 585w, https:\/\/diariotextual.com\/inicio\/wp-content\/uploads\/2023\/07\/bomberosequiposaltura2023-1-263x175.jpg 263w, https:\/\/diariotextual.com\/inicio\/wp-content\/uploads\/2023\/07\/bomberosequiposaltura2023-1.jpg 1200w\" sizes=\"(max-width: 1024px) 100vw, 1024px\" \/><\/figure>\n\n\n\n<p><\/p>\n\n\n\n<p><br>El monto de adquisici\u00f3n incluy\u00f3 el env\u00edo desde Alemania, v\u00eda B\u00e9lgica, m\u00e1s los gastos de aduana y el transporte hasta General Pico.<br><br>La unidad destinada a la capital pampeana es marca Mercedes Benz 3332 con caja semiautom\u00e1tica y una bomba de agua de 3.000 LM. Est\u00e1 capacitada para operar a 53 metros de altura con una barquilla que soporta hasta 400 kilogramos, la cual es operada mediante un comando digital.<br>La inversi\u00f3n en esta unidad incluye el envi\u00f3 desde Alemania, gastos de env\u00edo en barco, gastos de aduana y la entrega en el cuartel de Santa Rosa.<\/p>\n\n\n\n<p><br>Para las dos hidroelevadoras, &nbsp;se prev\u00e9 con su adquisici\u00f3n cursos intensivos completos para todos los bomberos, que incluyen el uso de bomba y el elevado.<\/p>\n\n\n\n<div style=\"height:100px\" aria-hidden=\"true\" class=\"wp-block-spacer\"><\/div>\n\n\n\n<p><\/p>\n\n\n\n<p><\/p>\n\n\n\n<p><strong>\u201cUn beneficio directo para la sociedad\u201d<\/strong><\/p>\n\n\n\n<p>\u201cEstas unidades son una gran&nbsp; noticia sobre todo si se tiene en cuenta que estas compras benefician en forma directa a la sociedad\u201d, dijo el presidente de la Federaci\u00f3n de Bomberos de La Pampa, Ariel Alejo. \u201cEsperemos que nunca sea necesario utilizarlas en siniestros o rescates y que se emplee solo en capacitaci\u00f3n, pero debemos entender que es important\u00edsimo tenerlas porque son dos herramientas de trabajo fundamentales para las comunidades de General Pico y Santa Rosa\u201d, expres\u00f3.<\/p>\n\n\n\n<div style=\"height:100px\" aria-hidden=\"true\" class=\"wp-block-spacer\"><\/div>\n\n\n\n<p><br><br><\/p>\n\n\n\n<p><br><strong>\u201cUna herramienta muy anhelada\u201d<\/strong><\/p>\n\n\n\n<p>El jefe de Bomberos de Santa Rosa, comisario Enzo Ojeda, subray\u00f3 que \u201ces una herramienta sumamente anhelada\u201d por la fuerza. \u201cEl hidroelevador -dijo- cuenta con una canasta que nos permite llevar adelante rescates seguros en altura ante eventuales incendios o situaciones de crisis\u201d.<\/p>\n\n\n\n<p><br>\u201cEsto nos va a permitir trabajar en edificios de&nbsp; hasta 13 pisos, lo que nos pone a las altura de las circunstancias en funci\u00f3n del crecimiento que han tenido las edificaciones verticales en la capital pampeana\u201d, concluy\u00f3.<\/p>\n\n\n\n<div style=\"height:100px\" aria-hidden=\"true\" class=\"wp-block-spacer\"><\/div>\n\n\n\n<p><br><br><strong>\u201cUna buena respuesta del Gobierno Provincial\u201d<\/strong><\/p>\n\n\n\n<p>\u201cHoy recibimos una noticia largamente esperada\u201d, confi\u00f3 el jefe de Bomberos Voluntarios de General Pico, Ariel Far\u00edas. \u201cSumamos una herramienta muy necesaria para lo que es hoy la infraestructura de General Pico\u201d. \u201cHoy el cuartel de bomberos de General Pico no contaba con un elemento hidroelevador que es absolutamente necesario en virtud de los edificios existentes y los que se est\u00e1n proyectando\u201d.<br><br><\/p>\n","protected":false},"excerpt":{"rendered":"<p>El gobernador Sergio Ziliotto se reuni\u00f3 hoy con integrantes de la Federaci\u00f3n de Asociaciones de Bomberos Voluntarios de La Pampa y les hizo entrega del decreto en el que se&hellip;<\/p>\n","protected":false},"author":3,"featured_media":230220,"comment_status":"closed","ping_status":"open","sticky":false,"template":"","format":"standard","meta":{"_acf_changed":false,"footnotes":""},"categories":[1,11,12],"tags":[],"class_list":["post-230213","post","type-post","status-publish","format-standard","has-post-thumbnail","hentry","category-es-noticia","category-que-pasa","category-sociedad"],"acf":[],"yoast_head":"<!-- This site is optimized with the Yoast SEO plugin v27.5 - https:\/\/yoast.com\/product\/yoast-seo-wordpress\/ -->\n<title>Bomberos: La Pampa incorpor\u00f3 dos equipos para combatir incendios en altura - Diario Textual<\/title>\n<meta name=\"robots\" content=\"index, follow, max-snippet:-1, max-image-preview:large, max-video-preview:-1\" \/>\n<link rel=\"canonical\" href=\"https:\/\/diariotextual.com\/inicio\/index.php\/2023\/07\/04\/bomberos-la-pampa-incorporo-dos-equipos-para-combatir-incendios-en-altura\/\" \/>\n<meta property=\"og:locale\" content=\"es_ES\" \/>\n<meta property=\"og:type\" content=\"article\" \/>\n<meta property=\"og:title\" content=\"Bomberos: La Pampa incorpor\u00f3 dos equipos para combatir incendios en altura - Diario Textual\" \/>\n<meta property=\"og:description\" content=\"El gobernador Sergio Ziliotto se reuni\u00f3 hoy con integrantes de la Federaci\u00f3n de Asociaciones de Bomberos Voluntarios de La Pampa y les hizo entrega del decreto en el que se&hellip;\" \/>\n<meta property=\"og:url\" content=\"https:\/\/diariotextual.com\/inicio\/index.php\/2023\/07\/04\/bomberos-la-pampa-incorporo-dos-equipos-para-combatir-incendios-en-altura\/\" \/>\n<meta property=\"og:site_name\" content=\"Diario Textual\" \/>\n<meta property=\"article:publisher\" content=\"https:\/\/www.facebook.com\/eltextual\" \/>\n<meta property=\"article:published_time\" content=\"2023-07-04T22:41:12+00:00\" \/>\n<meta property=\"article:modified_time\" content=\"2023-07-05T15:52:59+00:00\" \/>\n<meta property=\"og:image\" content=\"https:\/\/diariotextual.com\/inicio\/wp-content\/uploads\/2023\/07\/ziliottosergiobomberos2023-3.jpg\" \/>\n\t<meta property=\"og:image:width\" content=\"1500\" \/>\n\t<meta property=\"og:image:height\" content=\"1000\" \/>\n\t<meta property=\"og:image:type\" content=\"image\/jpeg\" \/>\n<meta name=\"author\" content=\"Diario1 Diario1\" \/>\n<meta name=\"twitter:card\" content=\"summary_large_image\" \/>\n<meta name=\"twitter:creator\" content=\"@eltextual\" \/>\n<meta name=\"twitter:site\" content=\"@eltextual\" \/>\n<meta name=\"twitter:label1\" content=\"Escrito por\" \/>\n\t<meta name=\"twitter:data1\" content=\"Diario1 Diario1\" \/>\n\t<meta name=\"twitter:label2\" content=\"Tiempo de lectura\" \/>\n\t<meta name=\"twitter:data2\" content=\"3 minutos\" \/>\n<script type=\"application\/ld+json\" class=\"yoast-schema-graph\">{\"@context\":\"https:\\\/\\\/schema.org\",\"@graph\":[{\"@type\":\"Article\",\"@id\":\"https:\\\/\\\/diariotextual.com\\\/inicio\\\/index.php\\\/2023\\\/07\\\/04\\\/bomberos-la-pampa-incorporo-dos-equipos-para-combatir-incendios-en-altura\\\/#article\",\"isPartOf\":{\"@id\":\"https:\\\/\\\/diariotextual.com\\\/inicio\\\/index.php\\\/2023\\\/07\\\/04\\\/bomberos-la-pampa-incorporo-dos-equipos-para-combatir-incendios-en-altura\\\/\"},\"author\":{\"name\":\"Diario1 Diario1\",\"@id\":\"https:\\\/\\\/diariotextual.com\\\/inicio\\\/#\\\/schema\\\/person\\\/418fc4093c33e86ed41562db3508f958\"},\"headline\":\"Bomberos: La Pampa incorpor\u00f3 dos equipos para combatir incendios en altura\",\"datePublished\":\"2023-07-04T22:41:12+00:00\",\"dateModified\":\"2023-07-05T15:52:59+00:00\",\"mainEntityOfPage\":{\"@id\":\"https:\\\/\\\/diariotextual.com\\\/inicio\\\/index.php\\\/2023\\\/07\\\/04\\\/bomberos-la-pampa-incorporo-dos-equipos-para-combatir-incendios-en-altura\\\/\"},\"wordCount\":536,\"publisher\":{\"@id\":\"https:\\\/\\\/diariotextual.com\\\/inicio\\\/#organization\"},\"image\":{\"@id\":\"https:\\\/\\\/diariotextual.com\\\/inicio\\\/index.php\\\/2023\\\/07\\\/04\\\/bomberos-la-pampa-incorporo-dos-equipos-para-combatir-incendios-en-altura\\\/#primaryimage\"},\"thumbnailUrl\":\"https:\\\/\\\/diariotextual.com\\\/inicio\\\/wp-content\\\/uploads\\\/2023\\\/07\\\/ziliottosergiobomberos2023-3.jpg\",\"articleSection\":[\"A - ES NOTICIA (van abajo)\",\"A - QUE PASA (al costado)\",\"SOCIEDAD\"],\"inLanguage\":\"es\"},{\"@type\":\"WebPage\",\"@id\":\"https:\\\/\\\/diariotextual.com\\\/inicio\\\/index.php\\\/2023\\\/07\\\/04\\\/bomberos-la-pampa-incorporo-dos-equipos-para-combatir-incendios-en-altura\\\/\",\"url\":\"https:\\\/\\\/diariotextual.com\\\/inicio\\\/index.php\\\/2023\\\/07\\\/04\\\/bomberos-la-pampa-incorporo-dos-equipos-para-combatir-incendios-en-altura\\\/\",\"name\":\"Bomberos: La Pampa incorpor\u00f3 dos equipos para combatir incendios en altura - Diario Textual\",\"isPartOf\":{\"@id\":\"https:\\\/\\\/diariotextual.com\\\/inicio\\\/#website\"},\"primaryImageOfPage\":{\"@id\":\"https:\\\/\\\/diariotextual.com\\\/inicio\\\/index.php\\\/2023\\\/07\\\/04\\\/bomberos-la-pampa-incorporo-dos-equipos-para-combatir-incendios-en-altura\\\/#primaryimage\"},\"image\":{\"@id\":\"https:\\\/\\\/diariotextual.com\\\/inicio\\\/index.php\\\/2023\\\/07\\\/04\\\/bomberos-la-pampa-incorporo-dos-equipos-para-combatir-incendios-en-altura\\\/#primaryimage\"},\"thumbnailUrl\":\"https:\\\/\\\/diariotextual.com\\\/inicio\\\/wp-content\\\/uploads\\\/2023\\\/07\\\/ziliottosergiobomberos2023-3.jpg\",\"datePublished\":\"2023-07-04T22:41:12+00:00\",\"dateModified\":\"2023-07-05T15:52:59+00:00\",\"breadcrumb\":{\"@id\":\"https:\\\/\\\/diariotextual.com\\\/inicio\\\/index.php\\\/2023\\\/07\\\/04\\\/bomberos-la-pampa-incorporo-dos-equipos-para-combatir-incendios-en-altura\\\/#breadcrumb\"},\"inLanguage\":\"es\",\"potentialAction\":[{\"@type\":\"ReadAction\",\"target\":[\"https:\\\/\\\/diariotextual.com\\\/inicio\\\/index.php\\\/2023\\\/07\\\/04\\\/bomberos-la-pampa-incorporo-dos-equipos-para-combatir-incendios-en-altura\\\/\"]}]},{\"@type\":\"ImageObject\",\"inLanguage\":\"es\",\"@id\":\"https:\\\/\\\/diariotextual.com\\\/inicio\\\/index.php\\\/2023\\\/07\\\/04\\\/bomberos-la-pampa-incorporo-dos-equipos-para-combatir-incendios-en-altura\\\/#primaryimage\",\"url\":\"https:\\\/\\\/diariotextual.com\\\/inicio\\\/wp-content\\\/uploads\\\/2023\\\/07\\\/ziliottosergiobomberos2023-3.jpg\",\"contentUrl\":\"https:\\\/\\\/diariotextual.com\\\/inicio\\\/wp-content\\\/uploads\\\/2023\\\/07\\\/ziliottosergiobomberos2023-3.jpg\",\"width\":1500,\"height\":1000},{\"@type\":\"BreadcrumbList\",\"@id\":\"https:\\\/\\\/diariotextual.com\\\/inicio\\\/index.php\\\/2023\\\/07\\\/04\\\/bomberos-la-pampa-incorporo-dos-equipos-para-combatir-incendios-en-altura\\\/#breadcrumb\",\"itemListElement\":[{\"@type\":\"ListItem\",\"position\":1,\"name\":\"Portada\",\"item\":\"https:\\\/\\\/diariotextual.com\\\/inicio\\\/\"},{\"@type\":\"ListItem\",\"position\":2,\"name\":\"Bomberos: La Pampa incorpor\u00f3 dos equipos para combatir incendios en altura\"}]},{\"@type\":\"WebSite\",\"@id\":\"https:\\\/\\\/diariotextual.com\\\/inicio\\\/#website\",\"url\":\"https:\\\/\\\/diariotextual.com\\\/inicio\\\/\",\"name\":\"Diario Textual\",\"description\":\"\",\"publisher\":{\"@id\":\"https:\\\/\\\/diariotextual.com\\\/inicio\\\/#organization\"},\"potentialAction\":[{\"@type\":\"SearchAction\",\"target\":{\"@type\":\"EntryPoint\",\"urlTemplate\":\"https:\\\/\\\/diariotextual.com\\\/inicio\\\/?s={search_term_string}\"},\"query-input\":{\"@type\":\"PropertyValueSpecification\",\"valueRequired\":true,\"valueName\":\"search_term_string\"}}],\"inLanguage\":\"es\"},{\"@type\":\"Organization\",\"@id\":\"https:\\\/\\\/diariotextual.com\\\/inicio\\\/#organization\",\"name\":\"Diario Textual\",\"url\":\"https:\\\/\\\/diariotextual.com\\\/inicio\\\/\",\"logo\":{\"@type\":\"ImageObject\",\"inLanguage\":\"es\",\"@id\":\"https:\\\/\\\/diariotextual.com\\\/inicio\\\/#\\\/schema\\\/logo\\\/image\\\/\",\"url\":\"https:\\\/\\\/diariotextual.com\\\/inicio\\\/wp-content\\\/uploads\\\/2023\\\/05\\\/logotextual1.jpg\",\"contentUrl\":\"https:\\\/\\\/diariotextual.com\\\/inicio\\\/wp-content\\\/uploads\\\/2023\\\/05\\\/logotextual1.jpg\",\"width\":516,\"height\":76,\"caption\":\"Diario Textual\"},\"image\":{\"@id\":\"https:\\\/\\\/diariotextual.com\\\/inicio\\\/#\\\/schema\\\/logo\\\/image\\\/\"},\"sameAs\":[\"https:\\\/\\\/www.facebook.com\\\/eltextual\",\"https:\\\/\\\/x.com\\\/eltextual\",\"http:\\\/\\\/www.instagram.com\\\/eltextual\"]},{\"@type\":\"Person\",\"@id\":\"https:\\\/\\\/diariotextual.com\\\/inicio\\\/#\\\/schema\\\/person\\\/418fc4093c33e86ed41562db3508f958\",\"name\":\"Diario1 Diario1\",\"image\":{\"@type\":\"ImageObject\",\"inLanguage\":\"es\",\"@id\":\"https:\\\/\\\/secure.gravatar.com\\\/avatar\\\/9167d280179c85bc18be67aa7eda765854300033af4896dd779b608640f2ef7a?s=96&d=mm&r=g\",\"url\":\"https:\\\/\\\/secure.gravatar.com\\\/avatar\\\/9167d280179c85bc18be67aa7eda765854300033af4896dd779b608640f2ef7a?s=96&d=mm&r=g\",\"contentUrl\":\"https:\\\/\\\/secure.gravatar.com\\\/avatar\\\/9167d280179c85bc18be67aa7eda765854300033af4896dd779b608640f2ef7a?s=96&d=mm&r=g\",\"caption\":\"Diario1 Diario1\"},\"url\":\"https:\\\/\\\/diariotextual.com\\\/inicio\\\/index.php\\\/author\\\/diario1\\\/\"}]}<\/script>\n<!-- \/ Yoast SEO plugin. -->","yoast_head_json":{"title":"Bomberos: La Pampa incorpor\u00f3 dos equipos para combatir incendios en altura - Diario Textual","robots":{"index":"index","follow":"follow","max-snippet":"max-snippet:-1","max-image-preview":"max-image-preview:large","max-video-preview":"max-video-preview:-1"},"canonical":"https:\/\/diariotextual.com\/inicio\/index.php\/2023\/07\/04\/bomberos-la-pampa-incorporo-dos-equipos-para-combatir-incendios-en-altura\/","og_locale":"es_ES","og_type":"article","og_title":"Bomberos: La Pampa incorpor\u00f3 dos equipos para combatir incendios en altura - Diario Textual","og_description":"El gobernador Sergio Ziliotto se reuni\u00f3 hoy con integrantes de la Federaci\u00f3n de Asociaciones de Bomberos Voluntarios de La Pampa y les hizo entrega del decreto en el que se&hellip;","og_url":"https:\/\/diariotextual.com\/inicio\/index.php\/2023\/07\/04\/bomberos-la-pampa-incorporo-dos-equipos-para-combatir-incendios-en-altura\/","og_site_name":"Diario Textual","article_publisher":"https:\/\/www.facebook.com\/eltextual","article_published_time":"2023-07-04T22:41:12+00:00","article_modified_time":"2023-07-05T15:52:59+00:00","og_image":[{"width":1500,"height":1000,"url":"https:\/\/diariotextual.com\/inicio\/wp-content\/uploads\/2023\/07\/ziliottosergiobomberos2023-3.jpg","type":"image\/jpeg"}],"author":"Diario1 Diario1","twitter_card":"summary_large_image","twitter_creator":"@eltextual","twitter_site":"@eltextual","twitter_misc":{"Escrito por":"Diario1 Diario1","Tiempo de lectura":"3 minutos"},"schema":{"@context":"https:\/\/schema.org","@graph":[{"@type":"Article","@id":"https:\/\/diariotextual.com\/inicio\/index.php\/2023\/07\/04\/bomberos-la-pampa-incorporo-dos-equipos-para-combatir-incendios-en-altura\/#article","isPartOf":{"@id":"https:\/\/diariotextual.com\/inicio\/index.php\/2023\/07\/04\/bomberos-la-pampa-incorporo-dos-equipos-para-combatir-incendios-en-altura\/"},"author":{"name":"Diario1 Diario1","@id":"https:\/\/diariotextual.com\/inicio\/#\/schema\/person\/418fc4093c33e86ed41562db3508f958"},"headline":"Bomberos: La Pampa incorpor\u00f3 dos equipos para combatir incendios en altura","datePublished":"2023-07-04T22:41:12+00:00","dateModified":"2023-07-05T15:52:59+00:00","mainEntityOfPage":{"@id":"https:\/\/diariotextual.com\/inicio\/index.php\/2023\/07\/04\/bomberos-la-pampa-incorporo-dos-equipos-para-combatir-incendios-en-altura\/"},"wordCount":536,"publisher":{"@id":"https:\/\/diariotextual.com\/inicio\/#organization"},"image":{"@id":"https:\/\/diariotextual.com\/inicio\/index.php\/2023\/07\/04\/bomberos-la-pampa-incorporo-dos-equipos-para-combatir-incendios-en-altura\/#primaryimage"},"thumbnailUrl":"https:\/\/diariotextual.com\/inicio\/wp-content\/uploads\/2023\/07\/ziliottosergiobomberos2023-3.jpg","articleSection":["A - ES NOTICIA (van abajo)","A - QUE PASA (al costado)","SOCIEDAD"],"inLanguage":"es"},{"@type":"WebPage","@id":"https:\/\/diariotextual.com\/inicio\/index.php\/2023\/07\/04\/bomberos-la-pampa-incorporo-dos-equipos-para-combatir-incendios-en-altura\/","url":"https:\/\/diariotextual.com\/inicio\/index.php\/2023\/07\/04\/bomberos-la-pampa-incorporo-dos-equipos-para-combatir-incendios-en-altura\/","name":"Bomberos: La Pampa incorpor\u00f3 dos equipos para combatir incendios en altura - Diario Textual","isPartOf":{"@id":"https:\/\/diariotextual.com\/inicio\/#website"},"primaryImageOfPage":{"@id":"https:\/\/diariotextual.com\/inicio\/index.php\/2023\/07\/04\/bomberos-la-pampa-incorporo-dos-equipos-para-combatir-incendios-en-altura\/#primaryimage"},"image":{"@id":"https:\/\/diariotextual.com\/inicio\/index.php\/2023\/07\/04\/bomberos-la-pampa-incorporo-dos-equipos-para-combatir-incendios-en-altura\/#primaryimage"},"thumbnailUrl":"https:\/\/diariotextual.com\/inicio\/wp-content\/uploads\/2023\/07\/ziliottosergiobomberos2023-3.jpg","datePublished":"2023-07-04T22:41:12+00:00","dateModified":"2023-07-05T15:52:59+00:00","breadcrumb":{"@id":"https:\/\/diariotextual.com\/inicio\/index.php\/2023\/07\/04\/bomberos-la-pampa-incorporo-dos-equipos-para-combatir-incendios-en-altura\/#breadcrumb"},"inLanguage":"es","potentialAction":[{"@type":"ReadAction","target":["https:\/\/diariotextual.com\/inicio\/index.php\/2023\/07\/04\/bomberos-la-pampa-incorporo-dos-equipos-para-combatir-incendios-en-altura\/"]}]},{"@type":"ImageObject","inLanguage":"es","@id":"https:\/\/diariotextual.com\/inicio\/index.php\/2023\/07\/04\/bomberos-la-pampa-incorporo-dos-equipos-para-combatir-incendios-en-altura\/#primaryimage","url":"https:\/\/diariotextual.com\/inicio\/wp-content\/uploads\/2023\/07\/ziliottosergiobomberos2023-3.jpg","contentUrl":"https:\/\/diariotextual.com\/inicio\/wp-content\/uploads\/2023\/07\/ziliottosergiobomberos2023-3.jpg","width":1500,"height":1000},{"@type":"BreadcrumbList","@id":"https:\/\/diariotextual.com\/inicio\/index.php\/2023\/07\/04\/bomberos-la-pampa-incorporo-dos-equipos-para-combatir-incendios-en-altura\/#breadcrumb","itemListElement":[{"@type":"ListItem","position":1,"name":"Portada","item":"https:\/\/diariotextual.com\/inicio\/"},{"@type":"ListItem","position":2,"name":"Bomberos: La Pampa incorpor\u00f3 dos equipos para combatir incendios en altura"}]},{"@type":"WebSite","@id":"https:\/\/diariotextual.com\/inicio\/#website","url":"https:\/\/diariotextual.com\/inicio\/","name":"Diario Textual","description":"","publisher":{"@id":"https:\/\/diariotextual.com\/inicio\/#organization"},"potentialAction":[{"@type":"SearchAction","target":{"@type":"EntryPoint","urlTemplate":"https:\/\/diariotextual.com\/inicio\/?s={search_term_string}"},"query-input":{"@type":"PropertyValueSpecification","valueRequired":true,"valueName":"search_term_string"}}],"inLanguage":"es"},{"@type":"Organization","@id":"https:\/\/diariotextual.com\/inicio\/#organization","name":"Diario Textual","url":"https:\/\/diariotextual.com\/inicio\/","logo":{"@type":"ImageObject","inLanguage":"es","@id":"https:\/\/diariotextual.com\/inicio\/#\/schema\/logo\/image\/","url":"https:\/\/diariotextual.com\/inicio\/wp-content\/uploads\/2023\/05\/logotextual1.jpg","contentUrl":"https:\/\/diariotextual.com\/inicio\/wp-content\/uploads\/2023\/05\/logotextual1.jpg","width":516,"height":76,"caption":"Diario Textual"},"image":{"@id":"https:\/\/diariotextual.com\/inicio\/#\/schema\/logo\/image\/"},"sameAs":["https:\/\/www.facebook.com\/eltextual","https:\/\/x.com\/eltextual","http:\/\/www.instagram.com\/eltextual"]},{"@type":"Person","@id":"https:\/\/diariotextual.com\/inicio\/#\/schema\/person\/418fc4093c33e86ed41562db3508f958","name":"Diario1 Diario1","image":{"@type":"ImageObject","inLanguage":"es","@id":"https:\/\/secure.gravatar.com\/avatar\/9167d280179c85bc18be67aa7eda765854300033af4896dd779b608640f2ef7a?s=96&d=mm&r=g","url":"https:\/\/secure.gravatar.com\/avatar\/9167d280179c85bc18be67aa7eda765854300033af4896dd779b608640f2ef7a?s=96&d=mm&r=g","contentUrl":"https:\/\/secure.gravatar.com\/avatar\/9167d280179c85bc18be67aa7eda765854300033af4896dd779b608640f2ef7a?s=96&d=mm&r=g","caption":"Diario1 Diario1"},"url":"https:\/\/diariotextual.com\/inicio\/index.php\/author\/diario1\/"}]}},"_links":{"self":[{"href":"https:\/\/diariotextual.com\/inicio\/index.php\/wp-json\/wp\/v2\/posts\/230213","targetHints":{"allow":["GET"]}}],"collection":[{"href":"https:\/\/diariotextual.com\/inicio\/index.php\/wp-json\/wp\/v2\/posts"}],"about":[{"href":"https:\/\/diariotextual.com\/inicio\/index.php\/wp-json\/wp\/v2\/types\/post"}],"author":[{"embeddable":true,"href":"https:\/\/diariotextual.com\/inicio\/index.php\/wp-json\/wp\/v2\/users\/3"}],"replies":[{"embeddable":true,"href":"https:\/\/diariotextual.com\/inicio\/index.php\/wp-json\/wp\/v2\/comments?post=230213"}],"version-history":[{"count":6,"href":"https:\/\/diariotextual.com\/inicio\/index.php\/wp-json\/wp\/v2\/posts\/230213\/revisions"}],"predecessor-version":[{"id":230224,"href":"https:\/\/diariotextual.com\/inicio\/index.php\/wp-json\/wp\/v2\/posts\/230213\/revisions\/230224"}],"wp:featuredmedia":[{"embeddable":true,"href":"https:\/\/diariotextual.com\/inicio\/index.php\/wp-json\/wp\/v2\/media\/230220"}],"wp:attachment":[{"href":"https:\/\/diariotextual.com\/inicio\/index.php\/wp-json\/wp\/v2\/media?parent=230213"}],"wp:term":[{"taxonomy":"category","embeddable":true,"href":"https:\/\/diariotextual.com\/inicio\/index.php\/wp-json\/wp\/v2\/categories?post=230213"},{"taxonomy":"post_tag","embeddable":true,"href":"https:\/\/diariotextual.com\/inicio\/index.php\/wp-json\/wp\/v2\/tags?post=230213"}],"curies":[{"name":"wp","href":"https:\/\/api.w.org\/{rel}","templated":true}]}}