{"id":230221,"date":"2023-07-04T19:47:50","date_gmt":"2023-07-04T22:47:50","guid":{"rendered":"https:\/\/diariotextual.com\/inicio\/?p=230221"},"modified":"2023-07-04T19:47:52","modified_gmt":"2023-07-04T22:47:52","slug":"feria-provincial-de-ciencias-una-oportunidad-para-aprender","status":"publish","type":"post","link":"https:\/\/diariotextual.com\/inicio\/index.php\/2023\/07\/04\/feria-provincial-de-ciencias-una-oportunidad-para-aprender\/","title":{"rendered":"Feria Provincial de Ciencias: \u201cUna oportunidad para aprender\u201d"},"content":{"rendered":"\n<p>El ministro de Educaci\u00f3n, Pablo Maccione, particip\u00f3 este martes del cierre de la<strong> segunda instancia provincial de la Feria de Ciencias, Arte y Tecnolog\u00eda, en Santa Rosa<\/strong> y que reuni\u00f3 a establecimientos escolares de la ciudad y la zona sur de La Pampa.<\/p>\n\n\n\n<p><strong>Despu\u00e9s de tres a\u00f1os, el espacio desde el cual se acerca a la comunidad parte de la tarea que realizan las instituciones educativas volvi\u00f3 a la presencialidad<\/strong> con una significativa participaci\u00f3n de estudiantes, docentes y familias.<\/p>\n\n\n\n<p>\u201cEs una oportunidad para encontrarnos, intercambiar y aprender entre todos y todas, es una alegr\u00eda y una satisfacci\u00f3n. Es un \u00e1mbito en el cual demostramos nuestros intereses, investigamos a partir de problem\u00e1ticas, trabajamos interdisciplinariamente, conversamos con pares de otras localidades para conocer sus realidades. Es una manera de acompa\u00f1ar y fortalecer el proceso de ense\u00f1anza y aprendizaje\u201d, dijo Maccione.<\/p>\n\n\n\n<p>Los espacios de esta feria son importantes porque visibilizan las formas de construir el conocimiento de los y las estudiantes, fomentan el desarrollo de la cultura ciudadana y democr\u00e1tica, el esp\u00edritu cr\u00edtico y la curiosidad, generan escenarios de apropiaci\u00f3n social de las ciencias, las artes y la tecnolog\u00eda, y facilitan la adquisici\u00f3n de habilidades de indagaci\u00f3n, expresi\u00f3n y comunicaci\u00f3n, destac\u00f3 el Ministerio de Educaci\u00f3n.<\/p>\n\n\n\n<p>Las familias, al igual que estudiantes y docentes, mantuvieron un rol activo en las instancias institucional y provincial de la Feria 2023. Noelia, una de las mam\u00e1s presentes en el SUM, lleg\u00f3 desde Colonia Santa Teresa y declar\u00f3 a la Agencia Provincial de Noticias: \u201cLo m\u00e1s lindo de esto es la posibilidad que tienen los chicos de mostrar su trabajo diario, desenvolverse ante gente que no conocen y dar a conocer el compa\u00f1erismo que existe entre ellos\u201d.<\/p>\n\n\n\n<p>Andrea, otra de las madres que asisti\u00f3 al evento en la capital pampeana, distingui\u00f3 la conciencia que genera en los ni\u00f1os al ser el futuro de nuestro mundo. \u201cEllos seguir\u00e1n con nuestro legado as\u00ed que para m\u00ed la feria es muy importante porque les abre la cabeza, investigan, producen y proyectan trabajos. Puntualmente sobre este trabajo que refiere al reciclaje del agua aprenden el valor que debemos tener en relaci\u00f3n a nuestros recursos. Los ni\u00f1os muestran y cuentan lo que han estudiado con mucho entusiasmo, ojal\u00e1 hayan muchos m\u00e1s eventos de este tipo\u201d, a\u00f1adi\u00f3.<\/p>\n\n\n\n<p>En General Pico y Santa Rosa, se expusieron m\u00e1s de 120 trabajos pampeanos. En los pr\u00f3ximos d\u00edas, se dar\u00e1n a conocer oficialmente los proyectos que representar\u00e1n a la jurisdicci\u00f3n pampeana en la Feria Nacional que se realizar\u00e1 del 5 al 9 de septiembre, en la Ciudad Aut\u00f3noma de Buenos Aires.<\/p>\n\n\n\n<p>Adem\u00e1s, el Ministerio de Educaci\u00f3n de La Pampa difundir\u00e1 una producci\u00f3n audiovisual especial en su canal de YouTube <a href=\"https:\/\/www.youtube.com\/@EduLaPampa\">https:\/\/www.youtube.com\/@EduLaPampa<\/a> con voces de ni\u00f1os, ni\u00f1as y adolescentes de diversas localidades pampeanas en donde se encontrar\u00e1n representados los distintos niveles y modalidades y las tem\u00e1ticas relevantes de este a\u00f1o.<\/p>\n","protected":false},"excerpt":{"rendered":"<p>El ministro de Educaci\u00f3n, Pablo Maccione, particip\u00f3 este martes del cierre de la segunda instancia provincial de la Feria de Ciencias, Arte y Tecnolog\u00eda, en Santa Rosa y que reuni\u00f3&hellip;<\/p>\n","protected":false},"author":5,"featured_media":230225,"comment_status":"closed","ping_status":"open","sticky":false,"template":"","format":"standard","meta":{"_acf_changed":false,"footnotes":""},"categories":[1,12],"tags":[3728,7589,2394],"class_list":["post-230221","post","type-post","status-publish","format-standard","has-post-thumbnail","hentry","category-es-noticia","category-sociedad","tag-educacion-2","tag-feria-de-ciencias","tag-maccione"],"acf":[],"yoast_head":"<!-- This site is optimized with the Yoast SEO plugin v27.5 - https:\/\/yoast.com\/product\/yoast-seo-wordpress\/ -->\n<title>Feria Provincial de Ciencias: \u201cUna oportunidad para aprender\u201d - Diario Textual<\/title>\n<meta name=\"robots\" content=\"index, follow, max-snippet:-1, max-image-preview:large, max-video-preview:-1\" \/>\n<link rel=\"canonical\" href=\"https:\/\/diariotextual.com\/inicio\/index.php\/2023\/07\/04\/feria-provincial-de-ciencias-una-oportunidad-para-aprender\/\" \/>\n<meta property=\"og:locale\" content=\"es_ES\" \/>\n<meta property=\"og:type\" content=\"article\" \/>\n<meta property=\"og:title\" content=\"Feria Provincial de Ciencias: \u201cUna oportunidad para aprender\u201d - Diario Textual\" \/>\n<meta property=\"og:description\" content=\"El ministro de Educaci\u00f3n, Pablo Maccione, particip\u00f3 este martes del cierre de la segunda instancia provincial de la Feria de Ciencias, Arte y Tecnolog\u00eda, en Santa Rosa y que reuni\u00f3&hellip;\" \/>\n<meta property=\"og:url\" content=\"https:\/\/diariotextual.com\/inicio\/index.php\/2023\/07\/04\/feria-provincial-de-ciencias-una-oportunidad-para-aprender\/\" \/>\n<meta property=\"og:site_name\" content=\"Diario Textual\" \/>\n<meta property=\"article:publisher\" content=\"https:\/\/www.facebook.com\/eltextual\" \/>\n<meta property=\"article:published_time\" content=\"2023-07-04T22:47:50+00:00\" \/>\n<meta property=\"article:modified_time\" content=\"2023-07-04T22:47:52+00:00\" \/>\n<meta property=\"og:image\" content=\"https:\/\/diariotextual.com\/inicio\/wp-content\/uploads\/2023\/07\/feriadeciencias2023.jpg\" \/>\n\t<meta property=\"og:image:width\" content=\"900\" \/>\n\t<meta property=\"og:image:height\" content=\"535\" \/>\n\t<meta property=\"og:image:type\" content=\"image\/jpeg\" \/>\n<meta name=\"author\" content=\"diario3\" \/>\n<meta name=\"twitter:card\" content=\"summary_large_image\" \/>\n<meta name=\"twitter:creator\" content=\"@eltextual\" \/>\n<meta name=\"twitter:site\" content=\"@eltextual\" \/>\n<meta name=\"twitter:label1\" content=\"Escrito por\" \/>\n\t<meta name=\"twitter:data1\" content=\"diario3\" \/>\n\t<meta name=\"twitter:label2\" content=\"Tiempo de lectura\" \/>\n\t<meta name=\"twitter:data2\" content=\"3 minutos\" \/>\n<script type=\"application\/ld+json\" class=\"yoast-schema-graph\">{\"@context\":\"https:\\\/\\\/schema.org\",\"@graph\":[{\"@type\":\"Article\",\"@id\":\"https:\\\/\\\/diariotextual.com\\\/inicio\\\/index.php\\\/2023\\\/07\\\/04\\\/feria-provincial-de-ciencias-una-oportunidad-para-aprender\\\/#article\",\"isPartOf\":{\"@id\":\"https:\\\/\\\/diariotextual.com\\\/inicio\\\/index.php\\\/2023\\\/07\\\/04\\\/feria-provincial-de-ciencias-una-oportunidad-para-aprender\\\/\"},\"author\":{\"name\":\"diario3\",\"@id\":\"https:\\\/\\\/diariotextual.com\\\/inicio\\\/#\\\/schema\\\/person\\\/a1b6f563e0ee944c60f98119389a4d9f\"},\"headline\":\"Feria Provincial de Ciencias: \u201cUna oportunidad para aprender\u201d\",\"datePublished\":\"2023-07-04T22:47:50+00:00\",\"dateModified\":\"2023-07-04T22:47:52+00:00\",\"mainEntityOfPage\":{\"@id\":\"https:\\\/\\\/diariotextual.com\\\/inicio\\\/index.php\\\/2023\\\/07\\\/04\\\/feria-provincial-de-ciencias-una-oportunidad-para-aprender\\\/\"},\"wordCount\":522,\"publisher\":{\"@id\":\"https:\\\/\\\/diariotextual.com\\\/inicio\\\/#organization\"},\"image\":{\"@id\":\"https:\\\/\\\/diariotextual.com\\\/inicio\\\/index.php\\\/2023\\\/07\\\/04\\\/feria-provincial-de-ciencias-una-oportunidad-para-aprender\\\/#primaryimage\"},\"thumbnailUrl\":\"https:\\\/\\\/diariotextual.com\\\/inicio\\\/wp-content\\\/uploads\\\/2023\\\/07\\\/feriadeciencias2023.jpg\",\"keywords\":[\"educacion\",\"feria de ciencias\",\"maccione\"],\"articleSection\":[\"A - ES NOTICIA (van abajo)\",\"SOCIEDAD\"],\"inLanguage\":\"es\"},{\"@type\":\"WebPage\",\"@id\":\"https:\\\/\\\/diariotextual.com\\\/inicio\\\/index.php\\\/2023\\\/07\\\/04\\\/feria-provincial-de-ciencias-una-oportunidad-para-aprender\\\/\",\"url\":\"https:\\\/\\\/diariotextual.com\\\/inicio\\\/index.php\\\/2023\\\/07\\\/04\\\/feria-provincial-de-ciencias-una-oportunidad-para-aprender\\\/\",\"name\":\"Feria Provincial de Ciencias: \u201cUna oportunidad para aprender\u201d - Diario Textual\",\"isPartOf\":{\"@id\":\"https:\\\/\\\/diariotextual.com\\\/inicio\\\/#website\"},\"primaryImageOfPage\":{\"@id\":\"https:\\\/\\\/diariotextual.com\\\/inicio\\\/index.php\\\/2023\\\/07\\\/04\\\/feria-provincial-de-ciencias-una-oportunidad-para-aprender\\\/#primaryimage\"},\"image\":{\"@id\":\"https:\\\/\\\/diariotextual.com\\\/inicio\\\/index.php\\\/2023\\\/07\\\/04\\\/feria-provincial-de-ciencias-una-oportunidad-para-aprender\\\/#primaryimage\"},\"thumbnailUrl\":\"https:\\\/\\\/diariotextual.com\\\/inicio\\\/wp-content\\\/uploads\\\/2023\\\/07\\\/feriadeciencias2023.jpg\",\"datePublished\":\"2023-07-04T22:47:50+00:00\",\"dateModified\":\"2023-07-04T22:47:52+00:00\",\"breadcrumb\":{\"@id\":\"https:\\\/\\\/diariotextual.com\\\/inicio\\\/index.php\\\/2023\\\/07\\\/04\\\/feria-provincial-de-ciencias-una-oportunidad-para-aprender\\\/#breadcrumb\"},\"inLanguage\":\"es\",\"potentialAction\":[{\"@type\":\"ReadAction\",\"target\":[\"https:\\\/\\\/diariotextual.com\\\/inicio\\\/index.php\\\/2023\\\/07\\\/04\\\/feria-provincial-de-ciencias-una-oportunidad-para-aprender\\\/\"]}]},{\"@type\":\"ImageObject\",\"inLanguage\":\"es\",\"@id\":\"https:\\\/\\\/diariotextual.com\\\/inicio\\\/index.php\\\/2023\\\/07\\\/04\\\/feria-provincial-de-ciencias-una-oportunidad-para-aprender\\\/#primaryimage\",\"url\":\"https:\\\/\\\/diariotextual.com\\\/inicio\\\/wp-content\\\/uploads\\\/2023\\\/07\\\/feriadeciencias2023.jpg\",\"contentUrl\":\"https:\\\/\\\/diariotextual.com\\\/inicio\\\/wp-content\\\/uploads\\\/2023\\\/07\\\/feriadeciencias2023.jpg\",\"width\":900,\"height\":535},{\"@type\":\"BreadcrumbList\",\"@id\":\"https:\\\/\\\/diariotextual.com\\\/inicio\\\/index.php\\\/2023\\\/07\\\/04\\\/feria-provincial-de-ciencias-una-oportunidad-para-aprender\\\/#breadcrumb\",\"itemListElement\":[{\"@type\":\"ListItem\",\"position\":1,\"name\":\"Portada\",\"item\":\"https:\\\/\\\/diariotextual.com\\\/inicio\\\/\"},{\"@type\":\"ListItem\",\"position\":2,\"name\":\"Feria Provincial de Ciencias: \u201cUna oportunidad para aprender\u201d\"}]},{\"@type\":\"WebSite\",\"@id\":\"https:\\\/\\\/diariotextual.com\\\/inicio\\\/#website\",\"url\":\"https:\\\/\\\/diariotextual.com\\\/inicio\\\/\",\"name\":\"Diario Textual\",\"description\":\"\",\"publisher\":{\"@id\":\"https:\\\/\\\/diariotextual.com\\\/inicio\\\/#organization\"},\"potentialAction\":[{\"@type\":\"SearchAction\",\"target\":{\"@type\":\"EntryPoint\",\"urlTemplate\":\"https:\\\/\\\/diariotextual.com\\\/inicio\\\/?s={search_term_string}\"},\"query-input\":{\"@type\":\"PropertyValueSpecification\",\"valueRequired\":true,\"valueName\":\"search_term_string\"}}],\"inLanguage\":\"es\"},{\"@type\":\"Organization\",\"@id\":\"https:\\\/\\\/diariotextual.com\\\/inicio\\\/#organization\",\"name\":\"Diario Textual\",\"url\":\"https:\\\/\\\/diariotextual.com\\\/inicio\\\/\",\"logo\":{\"@type\":\"ImageObject\",\"inLanguage\":\"es\",\"@id\":\"https:\\\/\\\/diariotextual.com\\\/inicio\\\/#\\\/schema\\\/logo\\\/image\\\/\",\"url\":\"https:\\\/\\\/diariotextual.com\\\/inicio\\\/wp-content\\\/uploads\\\/2023\\\/05\\\/logotextual1.jpg\",\"contentUrl\":\"https:\\\/\\\/diariotextual.com\\\/inicio\\\/wp-content\\\/uploads\\\/2023\\\/05\\\/logotextual1.jpg\",\"width\":516,\"height\":76,\"caption\":\"Diario Textual\"},\"image\":{\"@id\":\"https:\\\/\\\/diariotextual.com\\\/inicio\\\/#\\\/schema\\\/logo\\\/image\\\/\"},\"sameAs\":[\"https:\\\/\\\/www.facebook.com\\\/eltextual\",\"https:\\\/\\\/x.com\\\/eltextual\",\"http:\\\/\\\/www.instagram.com\\\/eltextual\"]},{\"@type\":\"Person\",\"@id\":\"https:\\\/\\\/diariotextual.com\\\/inicio\\\/#\\\/schema\\\/person\\\/a1b6f563e0ee944c60f98119389a4d9f\",\"name\":\"diario3\",\"image\":{\"@type\":\"ImageObject\",\"inLanguage\":\"es\",\"@id\":\"https:\\\/\\\/secure.gravatar.com\\\/avatar\\\/5e7ee62c82fc04d9dd79d746a390d93c69c43223e5faeeb3ea9461ef752bfc5d?s=96&d=mm&r=g\",\"url\":\"https:\\\/\\\/secure.gravatar.com\\\/avatar\\\/5e7ee62c82fc04d9dd79d746a390d93c69c43223e5faeeb3ea9461ef752bfc5d?s=96&d=mm&r=g\",\"contentUrl\":\"https:\\\/\\\/secure.gravatar.com\\\/avatar\\\/5e7ee62c82fc04d9dd79d746a390d93c69c43223e5faeeb3ea9461ef752bfc5d?s=96&d=mm&r=g\",\"caption\":\"diario3\"},\"url\":\"https:\\\/\\\/diariotextual.com\\\/inicio\\\/index.php\\\/author\\\/diario3\\\/\"}]}<\/script>\n<!-- \/ Yoast SEO plugin. -->","yoast_head_json":{"title":"Feria Provincial de Ciencias: \u201cUna oportunidad para aprender\u201d - Diario Textual","robots":{"index":"index","follow":"follow","max-snippet":"max-snippet:-1","max-image-preview":"max-image-preview:large","max-video-preview":"max-video-preview:-1"},"canonical":"https:\/\/diariotextual.com\/inicio\/index.php\/2023\/07\/04\/feria-provincial-de-ciencias-una-oportunidad-para-aprender\/","og_locale":"es_ES","og_type":"article","og_title":"Feria Provincial de Ciencias: \u201cUna oportunidad para aprender\u201d - Diario Textual","og_description":"El ministro de Educaci\u00f3n, Pablo Maccione, particip\u00f3 este martes del cierre de la segunda instancia provincial de la Feria de Ciencias, Arte y Tecnolog\u00eda, en Santa Rosa y que reuni\u00f3&hellip;","og_url":"https:\/\/diariotextual.com\/inicio\/index.php\/2023\/07\/04\/feria-provincial-de-ciencias-una-oportunidad-para-aprender\/","og_site_name":"Diario Textual","article_publisher":"https:\/\/www.facebook.com\/eltextual","article_published_time":"2023-07-04T22:47:50+00:00","article_modified_time":"2023-07-04T22:47:52+00:00","og_image":[{"width":900,"height":535,"url":"https:\/\/diariotextual.com\/inicio\/wp-content\/uploads\/2023\/07\/feriadeciencias2023.jpg","type":"image\/jpeg"}],"author":"diario3","twitter_card":"summary_large_image","twitter_creator":"@eltextual","twitter_site":"@eltextual","twitter_misc":{"Escrito por":"diario3","Tiempo de lectura":"3 minutos"},"schema":{"@context":"https:\/\/schema.org","@graph":[{"@type":"Article","@id":"https:\/\/diariotextual.com\/inicio\/index.php\/2023\/07\/04\/feria-provincial-de-ciencias-una-oportunidad-para-aprender\/#article","isPartOf":{"@id":"https:\/\/diariotextual.com\/inicio\/index.php\/2023\/07\/04\/feria-provincial-de-ciencias-una-oportunidad-para-aprender\/"},"author":{"name":"diario3","@id":"https:\/\/diariotextual.com\/inicio\/#\/schema\/person\/a1b6f563e0ee944c60f98119389a4d9f"},"headline":"Feria Provincial de Ciencias: \u201cUna oportunidad para aprender\u201d","datePublished":"2023-07-04T22:47:50+00:00","dateModified":"2023-07-04T22:47:52+00:00","mainEntityOfPage":{"@id":"https:\/\/diariotextual.com\/inicio\/index.php\/2023\/07\/04\/feria-provincial-de-ciencias-una-oportunidad-para-aprender\/"},"wordCount":522,"publisher":{"@id":"https:\/\/diariotextual.com\/inicio\/#organization"},"image":{"@id":"https:\/\/diariotextual.com\/inicio\/index.php\/2023\/07\/04\/feria-provincial-de-ciencias-una-oportunidad-para-aprender\/#primaryimage"},"thumbnailUrl":"https:\/\/diariotextual.com\/inicio\/wp-content\/uploads\/2023\/07\/feriadeciencias2023.jpg","keywords":["educacion","feria de ciencias","maccione"],"articleSection":["A - ES NOTICIA (van abajo)","SOCIEDAD"],"inLanguage":"es"},{"@type":"WebPage","@id":"https:\/\/diariotextual.com\/inicio\/index.php\/2023\/07\/04\/feria-provincial-de-ciencias-una-oportunidad-para-aprender\/","url":"https:\/\/diariotextual.com\/inicio\/index.php\/2023\/07\/04\/feria-provincial-de-ciencias-una-oportunidad-para-aprender\/","name":"Feria Provincial de Ciencias: \u201cUna oportunidad para aprender\u201d - Diario Textual","isPartOf":{"@id":"https:\/\/diariotextual.com\/inicio\/#website"},"primaryImageOfPage":{"@id":"https:\/\/diariotextual.com\/inicio\/index.php\/2023\/07\/04\/feria-provincial-de-ciencias-una-oportunidad-para-aprender\/#primaryimage"},"image":{"@id":"https:\/\/diariotextual.com\/inicio\/index.php\/2023\/07\/04\/feria-provincial-de-ciencias-una-oportunidad-para-aprender\/#primaryimage"},"thumbnailUrl":"https:\/\/diariotextual.com\/inicio\/wp-content\/uploads\/2023\/07\/feriadeciencias2023.jpg","datePublished":"2023-07-04T22:47:50+00:00","dateModified":"2023-07-04T22:47:52+00:00","breadcrumb":{"@id":"https:\/\/diariotextual.com\/inicio\/index.php\/2023\/07\/04\/feria-provincial-de-ciencias-una-oportunidad-para-aprender\/#breadcrumb"},"inLanguage":"es","potentialAction":[{"@type":"ReadAction","target":["https:\/\/diariotextual.com\/inicio\/index.php\/2023\/07\/04\/feria-provincial-de-ciencias-una-oportunidad-para-aprender\/"]}]},{"@type":"ImageObject","inLanguage":"es","@id":"https:\/\/diariotextual.com\/inicio\/index.php\/2023\/07\/04\/feria-provincial-de-ciencias-una-oportunidad-para-aprender\/#primaryimage","url":"https:\/\/diariotextual.com\/inicio\/wp-content\/uploads\/2023\/07\/feriadeciencias2023.jpg","contentUrl":"https:\/\/diariotextual.com\/inicio\/wp-content\/uploads\/2023\/07\/feriadeciencias2023.jpg","width":900,"height":535},{"@type":"BreadcrumbList","@id":"https:\/\/diariotextual.com\/inicio\/index.php\/2023\/07\/04\/feria-provincial-de-ciencias-una-oportunidad-para-aprender\/#breadcrumb","itemListElement":[{"@type":"ListItem","position":1,"name":"Portada","item":"https:\/\/diariotextual.com\/inicio\/"},{"@type":"ListItem","position":2,"name":"Feria Provincial de Ciencias: \u201cUna oportunidad para aprender\u201d"}]},{"@type":"WebSite","@id":"https:\/\/diariotextual.com\/inicio\/#website","url":"https:\/\/diariotextual.com\/inicio\/","name":"Diario Textual","description":"","publisher":{"@id":"https:\/\/diariotextual.com\/inicio\/#organization"},"potentialAction":[{"@type":"SearchAction","target":{"@type":"EntryPoint","urlTemplate":"https:\/\/diariotextual.com\/inicio\/?s={search_term_string}"},"query-input":{"@type":"PropertyValueSpecification","valueRequired":true,"valueName":"search_term_string"}}],"inLanguage":"es"},{"@type":"Organization","@id":"https:\/\/diariotextual.com\/inicio\/#organization","name":"Diario Textual","url":"https:\/\/diariotextual.com\/inicio\/","logo":{"@type":"ImageObject","inLanguage":"es","@id":"https:\/\/diariotextual.com\/inicio\/#\/schema\/logo\/image\/","url":"https:\/\/diariotextual.com\/inicio\/wp-content\/uploads\/2023\/05\/logotextual1.jpg","contentUrl":"https:\/\/diariotextual.com\/inicio\/wp-content\/uploads\/2023\/05\/logotextual1.jpg","width":516,"height":76,"caption":"Diario Textual"},"image":{"@id":"https:\/\/diariotextual.com\/inicio\/#\/schema\/logo\/image\/"},"sameAs":["https:\/\/www.facebook.com\/eltextual","https:\/\/x.com\/eltextual","http:\/\/www.instagram.com\/eltextual"]},{"@type":"Person","@id":"https:\/\/diariotextual.com\/inicio\/#\/schema\/person\/a1b6f563e0ee944c60f98119389a4d9f","name":"diario3","image":{"@type":"ImageObject","inLanguage":"es","@id":"https:\/\/secure.gravatar.com\/avatar\/5e7ee62c82fc04d9dd79d746a390d93c69c43223e5faeeb3ea9461ef752bfc5d?s=96&d=mm&r=g","url":"https:\/\/secure.gravatar.com\/avatar\/5e7ee62c82fc04d9dd79d746a390d93c69c43223e5faeeb3ea9461ef752bfc5d?s=96&d=mm&r=g","contentUrl":"https:\/\/secure.gravatar.com\/avatar\/5e7ee62c82fc04d9dd79d746a390d93c69c43223e5faeeb3ea9461ef752bfc5d?s=96&d=mm&r=g","caption":"diario3"},"url":"https:\/\/diariotextual.com\/inicio\/index.php\/author\/diario3\/"}]}},"_links":{"self":[{"href":"https:\/\/diariotextual.com\/inicio\/index.php\/wp-json\/wp\/v2\/posts\/230221","targetHints":{"allow":["GET"]}}],"collection":[{"href":"https:\/\/diariotextual.com\/inicio\/index.php\/wp-json\/wp\/v2\/posts"}],"about":[{"href":"https:\/\/diariotextual.com\/inicio\/index.php\/wp-json\/wp\/v2\/types\/post"}],"author":[{"embeddable":true,"href":"https:\/\/diariotextual.com\/inicio\/index.php\/wp-json\/wp\/v2\/users\/5"}],"replies":[{"embeddable":true,"href":"https:\/\/diariotextual.com\/inicio\/index.php\/wp-json\/wp\/v2\/comments?post=230221"}],"version-history":[{"count":1,"href":"https:\/\/diariotextual.com\/inicio\/index.php\/wp-json\/wp\/v2\/posts\/230221\/revisions"}],"predecessor-version":[{"id":230226,"href":"https:\/\/diariotextual.com\/inicio\/index.php\/wp-json\/wp\/v2\/posts\/230221\/revisions\/230226"}],"wp:featuredmedia":[{"embeddable":true,"href":"https:\/\/diariotextual.com\/inicio\/index.php\/wp-json\/wp\/v2\/media\/230225"}],"wp:attachment":[{"href":"https:\/\/diariotextual.com\/inicio\/index.php\/wp-json\/wp\/v2\/media?parent=230221"}],"wp:term":[{"taxonomy":"category","embeddable":true,"href":"https:\/\/diariotextual.com\/inicio\/index.php\/wp-json\/wp\/v2\/categories?post=230221"},{"taxonomy":"post_tag","embeddable":true,"href":"https:\/\/diariotextual.com\/inicio\/index.php\/wp-json\/wp\/v2\/tags?post=230221"}],"curies":[{"name":"wp","href":"https:\/\/api.w.org\/{rel}","templated":true}]}}