{"id":230230,"date":"2023-07-05T06:36:42","date_gmt":"2023-07-05T09:36:42","guid":{"rendered":"https:\/\/diariotextual.com\/inicio\/?p=230230"},"modified":"2023-07-05T09:16:06","modified_gmt":"2023-07-05T12:16:06","slug":"intentaron-sacarle-el-respirador-a-silvina-luna-pero-tuvieron-que-dar-marcha-atras-no-tiene-fuerzas","status":"publish","type":"post","link":"https:\/\/diariotextual.com\/inicio\/index.php\/2023\/07\/05\/intentaron-sacarle-el-respirador-a-silvina-luna-pero-tuvieron-que-dar-marcha-atras-no-tiene-fuerzas\/","title":{"rendered":"Intentaron sacarle el respirador a Silvina Luna, pero tuvieron que dar marcha atr\u00e1s"},"content":{"rendered":"\n<p>La modelo&nbsp;<strong>Silvina Luna contin\u00faa internada en terapia intensiva<\/strong>&nbsp;en el hospital Italiano de la Ciudad de Buenos Aires y en las \u00faltimas horas se conoci\u00f3 que los especialistas&nbsp;intentaron quitarle el respirador, pero tuvieron que dar marcha atr\u00e1s porque <strong>no pod\u00eda respirar sin \u00e9l.<\/strong><\/p>\n\n\n\n<p>La informaci\u00f3n la difundi\u00f3 en su cuenta de Twitter el periodista&nbsp;\u00c1ngel&nbsp;de&nbsp;Brito, quien viene actualizando el cuadro de salud de Luna, quien desde 2011 sufre una serie de complicaciones<strong> debido a una mala praxis en una cirug\u00eda est\u00e9tica realizada por An\u00edbal Lotocki.<\/strong><\/p>\n\n\n\n<p>\u201cIntentaron nuevamente quitarle el respirador, pero debieron dar marcha atr\u00e1s porque no tiene fuerzas para respirar sin la ayuda mec\u00e1nica\u201d, expres\u00f3 de Brito.&nbsp;<\/p>\n\n\n\n<p>El lunes por la tarde el hospital italiano hab\u00eda emitido un nuevo parte m\u00e9dico sobre el estado de Luna, quien hab\u00eda tenido una mejor\u00eda, pero que el s\u00e1bado debi\u00f3 ser intubada nuevamente.<\/p>\n\n\n\n<p>\u201cNo se encontraron nuevas complicaciones en los \u00faltimos estudios. Actualmente&nbsp;contin\u00faa con asistencia respiratoria mec\u00e1nica, est\u00e1 despierta y con signos vitales estables. Permanecer\u00e1 internada en el servicio de Terapia Intensiva, donde se le realizan estudios adicionales y brindar\u00e1n los tratamientos necesarios\u201d, indicaron.<\/p>\n\n\n\n<p>Los especialistas decidieron que Luna fuera intubada nuevamente el fin de semana, porque hab\u00eda sufrido ciertas complicaciones en sus pulmones a ra\u00edz de&nbsp;la bacteria KPC&nbsp;que le detectaron.&nbsp;La misma da infecciones graves y es resistente a los antibi\u00f3ticos.<\/p>\n","protected":false},"excerpt":{"rendered":"<p>La modelo&nbsp;Silvina Luna contin\u00faa internada en terapia intensiva&nbsp;en el hospital Italiano de la Ciudad de Buenos Aires y en las \u00faltimas horas se conoci\u00f3 que los especialistas&nbsp;intentaron quitarle el respirador,&hellip;<\/p>\n","protected":false},"author":4,"featured_media":230233,"comment_status":"closed","ping_status":"open","sticky":false,"template":"","format":"standard","meta":{"_acf_changed":false,"footnotes":""},"categories":[1,12],"tags":[],"class_list":["post-230230","post","type-post","status-publish","format-standard","has-post-thumbnail","hentry","category-es-noticia","category-sociedad"],"acf":[],"yoast_head":"<!-- This site is optimized with the Yoast SEO plugin v27.5 - https:\/\/yoast.com\/product\/yoast-seo-wordpress\/ -->\n<title>Intentaron sacarle el respirador a Silvina Luna, pero tuvieron que dar marcha atr\u00e1s - Diario Textual<\/title>\n<meta name=\"robots\" content=\"index, follow, max-snippet:-1, max-image-preview:large, max-video-preview:-1\" \/>\n<link rel=\"canonical\" href=\"https:\/\/diariotextual.com\/inicio\/index.php\/2023\/07\/05\/intentaron-sacarle-el-respirador-a-silvina-luna-pero-tuvieron-que-dar-marcha-atras-no-tiene-fuerzas\/\" \/>\n<meta property=\"og:locale\" content=\"es_ES\" \/>\n<meta property=\"og:type\" content=\"article\" \/>\n<meta property=\"og:title\" content=\"Intentaron sacarle el respirador a Silvina Luna, pero tuvieron que dar marcha atr\u00e1s - Diario Textual\" \/>\n<meta property=\"og:description\" content=\"La modelo&nbsp;Silvina Luna contin\u00faa internada en terapia intensiva&nbsp;en el hospital Italiano de la Ciudad de Buenos Aires y en las \u00faltimas horas se conoci\u00f3 que los especialistas&nbsp;intentaron quitarle el respirador,&hellip;\" \/>\n<meta property=\"og:url\" content=\"https:\/\/diariotextual.com\/inicio\/index.php\/2023\/07\/05\/intentaron-sacarle-el-respirador-a-silvina-luna-pero-tuvieron-que-dar-marcha-atras-no-tiene-fuerzas\/\" \/>\n<meta property=\"og:site_name\" content=\"Diario Textual\" \/>\n<meta property=\"article:publisher\" content=\"https:\/\/www.facebook.com\/eltextual\" \/>\n<meta property=\"article:published_time\" content=\"2023-07-05T09:36:42+00:00\" \/>\n<meta property=\"article:modified_time\" content=\"2023-07-05T12:16:06+00:00\" \/>\n<meta property=\"og:image\" content=\"https:\/\/diariotextual.com\/inicio\/wp-content\/uploads\/2023\/07\/lunasilvina86595767.jpg\" \/>\n\t<meta property=\"og:image:width\" content=\"1000\" \/>\n\t<meta property=\"og:image:height\" content=\"665\" \/>\n\t<meta property=\"og:image:type\" content=\"image\/jpeg\" \/>\n<meta name=\"author\" content=\"diario2\" \/>\n<meta name=\"twitter:card\" content=\"summary_large_image\" \/>\n<meta name=\"twitter:creator\" content=\"@eltextual\" \/>\n<meta name=\"twitter:site\" content=\"@eltextual\" \/>\n<meta name=\"twitter:label1\" content=\"Escrito por\" \/>\n\t<meta name=\"twitter:data1\" content=\"diario2\" \/>\n\t<meta name=\"twitter:label2\" content=\"Tiempo de lectura\" \/>\n\t<meta name=\"twitter:data2\" content=\"2 minutos\" \/>\n<script type=\"application\/ld+json\" class=\"yoast-schema-graph\">{\"@context\":\"https:\\\/\\\/schema.org\",\"@graph\":[{\"@type\":\"Article\",\"@id\":\"https:\\\/\\\/diariotextual.com\\\/inicio\\\/index.php\\\/2023\\\/07\\\/05\\\/intentaron-sacarle-el-respirador-a-silvina-luna-pero-tuvieron-que-dar-marcha-atras-no-tiene-fuerzas\\\/#article\",\"isPartOf\":{\"@id\":\"https:\\\/\\\/diariotextual.com\\\/inicio\\\/index.php\\\/2023\\\/07\\\/05\\\/intentaron-sacarle-el-respirador-a-silvina-luna-pero-tuvieron-que-dar-marcha-atras-no-tiene-fuerzas\\\/\"},\"author\":{\"name\":\"diario2\",\"@id\":\"https:\\\/\\\/diariotextual.com\\\/inicio\\\/#\\\/schema\\\/person\\\/694f60677f23c4a530867a98f22b3768\"},\"headline\":\"Intentaron sacarle el respirador a Silvina Luna, pero tuvieron que dar marcha atr\u00e1s\",\"datePublished\":\"2023-07-05T09:36:42+00:00\",\"dateModified\":\"2023-07-05T12:16:06+00:00\",\"mainEntityOfPage\":{\"@id\":\"https:\\\/\\\/diariotextual.com\\\/inicio\\\/index.php\\\/2023\\\/07\\\/05\\\/intentaron-sacarle-el-respirador-a-silvina-luna-pero-tuvieron-que-dar-marcha-atras-no-tiene-fuerzas\\\/\"},\"wordCount\":270,\"publisher\":{\"@id\":\"https:\\\/\\\/diariotextual.com\\\/inicio\\\/#organization\"},\"image\":{\"@id\":\"https:\\\/\\\/diariotextual.com\\\/inicio\\\/index.php\\\/2023\\\/07\\\/05\\\/intentaron-sacarle-el-respirador-a-silvina-luna-pero-tuvieron-que-dar-marcha-atras-no-tiene-fuerzas\\\/#primaryimage\"},\"thumbnailUrl\":\"https:\\\/\\\/diariotextual.com\\\/inicio\\\/wp-content\\\/uploads\\\/2023\\\/07\\\/lunasilvina86595767.jpg\",\"articleSection\":[\"A - ES NOTICIA (van abajo)\",\"SOCIEDAD\"],\"inLanguage\":\"es\"},{\"@type\":\"WebPage\",\"@id\":\"https:\\\/\\\/diariotextual.com\\\/inicio\\\/index.php\\\/2023\\\/07\\\/05\\\/intentaron-sacarle-el-respirador-a-silvina-luna-pero-tuvieron-que-dar-marcha-atras-no-tiene-fuerzas\\\/\",\"url\":\"https:\\\/\\\/diariotextual.com\\\/inicio\\\/index.php\\\/2023\\\/07\\\/05\\\/intentaron-sacarle-el-respirador-a-silvina-luna-pero-tuvieron-que-dar-marcha-atras-no-tiene-fuerzas\\\/\",\"name\":\"Intentaron sacarle el respirador a Silvina Luna, pero tuvieron que dar marcha atr\u00e1s - Diario Textual\",\"isPartOf\":{\"@id\":\"https:\\\/\\\/diariotextual.com\\\/inicio\\\/#website\"},\"primaryImageOfPage\":{\"@id\":\"https:\\\/\\\/diariotextual.com\\\/inicio\\\/index.php\\\/2023\\\/07\\\/05\\\/intentaron-sacarle-el-respirador-a-silvina-luna-pero-tuvieron-que-dar-marcha-atras-no-tiene-fuerzas\\\/#primaryimage\"},\"image\":{\"@id\":\"https:\\\/\\\/diariotextual.com\\\/inicio\\\/index.php\\\/2023\\\/07\\\/05\\\/intentaron-sacarle-el-respirador-a-silvina-luna-pero-tuvieron-que-dar-marcha-atras-no-tiene-fuerzas\\\/#primaryimage\"},\"thumbnailUrl\":\"https:\\\/\\\/diariotextual.com\\\/inicio\\\/wp-content\\\/uploads\\\/2023\\\/07\\\/lunasilvina86595767.jpg\",\"datePublished\":\"2023-07-05T09:36:42+00:00\",\"dateModified\":\"2023-07-05T12:16:06+00:00\",\"breadcrumb\":{\"@id\":\"https:\\\/\\\/diariotextual.com\\\/inicio\\\/index.php\\\/2023\\\/07\\\/05\\\/intentaron-sacarle-el-respirador-a-silvina-luna-pero-tuvieron-que-dar-marcha-atras-no-tiene-fuerzas\\\/#breadcrumb\"},\"inLanguage\":\"es\",\"potentialAction\":[{\"@type\":\"ReadAction\",\"target\":[\"https:\\\/\\\/diariotextual.com\\\/inicio\\\/index.php\\\/2023\\\/07\\\/05\\\/intentaron-sacarle-el-respirador-a-silvina-luna-pero-tuvieron-que-dar-marcha-atras-no-tiene-fuerzas\\\/\"]}]},{\"@type\":\"ImageObject\",\"inLanguage\":\"es\",\"@id\":\"https:\\\/\\\/diariotextual.com\\\/inicio\\\/index.php\\\/2023\\\/07\\\/05\\\/intentaron-sacarle-el-respirador-a-silvina-luna-pero-tuvieron-que-dar-marcha-atras-no-tiene-fuerzas\\\/#primaryimage\",\"url\":\"https:\\\/\\\/diariotextual.com\\\/inicio\\\/wp-content\\\/uploads\\\/2023\\\/07\\\/lunasilvina86595767.jpg\",\"contentUrl\":\"https:\\\/\\\/diariotextual.com\\\/inicio\\\/wp-content\\\/uploads\\\/2023\\\/07\\\/lunasilvina86595767.jpg\",\"width\":1000,\"height\":665},{\"@type\":\"BreadcrumbList\",\"@id\":\"https:\\\/\\\/diariotextual.com\\\/inicio\\\/index.php\\\/2023\\\/07\\\/05\\\/intentaron-sacarle-el-respirador-a-silvina-luna-pero-tuvieron-que-dar-marcha-atras-no-tiene-fuerzas\\\/#breadcrumb\",\"itemListElement\":[{\"@type\":\"ListItem\",\"position\":1,\"name\":\"Portada\",\"item\":\"https:\\\/\\\/diariotextual.com\\\/inicio\\\/\"},{\"@type\":\"ListItem\",\"position\":2,\"name\":\"Intentaron sacarle el respirador a Silvina Luna, pero tuvieron que dar marcha atr\u00e1s\"}]},{\"@type\":\"WebSite\",\"@id\":\"https:\\\/\\\/diariotextual.com\\\/inicio\\\/#website\",\"url\":\"https:\\\/\\\/diariotextual.com\\\/inicio\\\/\",\"name\":\"Diario Textual\",\"description\":\"\",\"publisher\":{\"@id\":\"https:\\\/\\\/diariotextual.com\\\/inicio\\\/#organization\"},\"potentialAction\":[{\"@type\":\"SearchAction\",\"target\":{\"@type\":\"EntryPoint\",\"urlTemplate\":\"https:\\\/\\\/diariotextual.com\\\/inicio\\\/?s={search_term_string}\"},\"query-input\":{\"@type\":\"PropertyValueSpecification\",\"valueRequired\":true,\"valueName\":\"search_term_string\"}}],\"inLanguage\":\"es\"},{\"@type\":\"Organization\",\"@id\":\"https:\\\/\\\/diariotextual.com\\\/inicio\\\/#organization\",\"name\":\"Diario Textual\",\"url\":\"https:\\\/\\\/diariotextual.com\\\/inicio\\\/\",\"logo\":{\"@type\":\"ImageObject\",\"inLanguage\":\"es\",\"@id\":\"https:\\\/\\\/diariotextual.com\\\/inicio\\\/#\\\/schema\\\/logo\\\/image\\\/\",\"url\":\"https:\\\/\\\/diariotextual.com\\\/inicio\\\/wp-content\\\/uploads\\\/2023\\\/05\\\/logotextual1.jpg\",\"contentUrl\":\"https:\\\/\\\/diariotextual.com\\\/inicio\\\/wp-content\\\/uploads\\\/2023\\\/05\\\/logotextual1.jpg\",\"width\":516,\"height\":76,\"caption\":\"Diario Textual\"},\"image\":{\"@id\":\"https:\\\/\\\/diariotextual.com\\\/inicio\\\/#\\\/schema\\\/logo\\\/image\\\/\"},\"sameAs\":[\"https:\\\/\\\/www.facebook.com\\\/eltextual\",\"https:\\\/\\\/x.com\\\/eltextual\",\"http:\\\/\\\/www.instagram.com\\\/eltextual\"]},{\"@type\":\"Person\",\"@id\":\"https:\\\/\\\/diariotextual.com\\\/inicio\\\/#\\\/schema\\\/person\\\/694f60677f23c4a530867a98f22b3768\",\"name\":\"diario2\",\"image\":{\"@type\":\"ImageObject\",\"inLanguage\":\"es\",\"@id\":\"https:\\\/\\\/secure.gravatar.com\\\/avatar\\\/5a2567495ba16b852fcd8f1ed006a2e24fcace936018ed8237e95f488ad6e0a7?s=96&d=mm&r=g\",\"url\":\"https:\\\/\\\/secure.gravatar.com\\\/avatar\\\/5a2567495ba16b852fcd8f1ed006a2e24fcace936018ed8237e95f488ad6e0a7?s=96&d=mm&r=g\",\"contentUrl\":\"https:\\\/\\\/secure.gravatar.com\\\/avatar\\\/5a2567495ba16b852fcd8f1ed006a2e24fcace936018ed8237e95f488ad6e0a7?s=96&d=mm&r=g\",\"caption\":\"diario2\"},\"url\":\"https:\\\/\\\/diariotextual.com\\\/inicio\\\/index.php\\\/author\\\/diario2\\\/\"}]}<\/script>\n<!-- \/ Yoast SEO plugin. -->","yoast_head_json":{"title":"Intentaron sacarle el respirador a Silvina Luna, pero tuvieron que dar marcha atr\u00e1s - Diario Textual","robots":{"index":"index","follow":"follow","max-snippet":"max-snippet:-1","max-image-preview":"max-image-preview:large","max-video-preview":"max-video-preview:-1"},"canonical":"https:\/\/diariotextual.com\/inicio\/index.php\/2023\/07\/05\/intentaron-sacarle-el-respirador-a-silvina-luna-pero-tuvieron-que-dar-marcha-atras-no-tiene-fuerzas\/","og_locale":"es_ES","og_type":"article","og_title":"Intentaron sacarle el respirador a Silvina Luna, pero tuvieron que dar marcha atr\u00e1s - Diario Textual","og_description":"La modelo&nbsp;Silvina Luna contin\u00faa internada en terapia intensiva&nbsp;en el hospital Italiano de la Ciudad de Buenos Aires y en las \u00faltimas horas se conoci\u00f3 que los especialistas&nbsp;intentaron quitarle el respirador,&hellip;","og_url":"https:\/\/diariotextual.com\/inicio\/index.php\/2023\/07\/05\/intentaron-sacarle-el-respirador-a-silvina-luna-pero-tuvieron-que-dar-marcha-atras-no-tiene-fuerzas\/","og_site_name":"Diario Textual","article_publisher":"https:\/\/www.facebook.com\/eltextual","article_published_time":"2023-07-05T09:36:42+00:00","article_modified_time":"2023-07-05T12:16:06+00:00","og_image":[{"width":1000,"height":665,"url":"https:\/\/diariotextual.com\/inicio\/wp-content\/uploads\/2023\/07\/lunasilvina86595767.jpg","type":"image\/jpeg"}],"author":"diario2","twitter_card":"summary_large_image","twitter_creator":"@eltextual","twitter_site":"@eltextual","twitter_misc":{"Escrito por":"diario2","Tiempo de lectura":"2 minutos"},"schema":{"@context":"https:\/\/schema.org","@graph":[{"@type":"Article","@id":"https:\/\/diariotextual.com\/inicio\/index.php\/2023\/07\/05\/intentaron-sacarle-el-respirador-a-silvina-luna-pero-tuvieron-que-dar-marcha-atras-no-tiene-fuerzas\/#article","isPartOf":{"@id":"https:\/\/diariotextual.com\/inicio\/index.php\/2023\/07\/05\/intentaron-sacarle-el-respirador-a-silvina-luna-pero-tuvieron-que-dar-marcha-atras-no-tiene-fuerzas\/"},"author":{"name":"diario2","@id":"https:\/\/diariotextual.com\/inicio\/#\/schema\/person\/694f60677f23c4a530867a98f22b3768"},"headline":"Intentaron sacarle el respirador a Silvina Luna, pero tuvieron que dar marcha atr\u00e1s","datePublished":"2023-07-05T09:36:42+00:00","dateModified":"2023-07-05T12:16:06+00:00","mainEntityOfPage":{"@id":"https:\/\/diariotextual.com\/inicio\/index.php\/2023\/07\/05\/intentaron-sacarle-el-respirador-a-silvina-luna-pero-tuvieron-que-dar-marcha-atras-no-tiene-fuerzas\/"},"wordCount":270,"publisher":{"@id":"https:\/\/diariotextual.com\/inicio\/#organization"},"image":{"@id":"https:\/\/diariotextual.com\/inicio\/index.php\/2023\/07\/05\/intentaron-sacarle-el-respirador-a-silvina-luna-pero-tuvieron-que-dar-marcha-atras-no-tiene-fuerzas\/#primaryimage"},"thumbnailUrl":"https:\/\/diariotextual.com\/inicio\/wp-content\/uploads\/2023\/07\/lunasilvina86595767.jpg","articleSection":["A - ES NOTICIA (van abajo)","SOCIEDAD"],"inLanguage":"es"},{"@type":"WebPage","@id":"https:\/\/diariotextual.com\/inicio\/index.php\/2023\/07\/05\/intentaron-sacarle-el-respirador-a-silvina-luna-pero-tuvieron-que-dar-marcha-atras-no-tiene-fuerzas\/","url":"https:\/\/diariotextual.com\/inicio\/index.php\/2023\/07\/05\/intentaron-sacarle-el-respirador-a-silvina-luna-pero-tuvieron-que-dar-marcha-atras-no-tiene-fuerzas\/","name":"Intentaron sacarle el respirador a Silvina Luna, pero tuvieron que dar marcha atr\u00e1s - Diario Textual","isPartOf":{"@id":"https:\/\/diariotextual.com\/inicio\/#website"},"primaryImageOfPage":{"@id":"https:\/\/diariotextual.com\/inicio\/index.php\/2023\/07\/05\/intentaron-sacarle-el-respirador-a-silvina-luna-pero-tuvieron-que-dar-marcha-atras-no-tiene-fuerzas\/#primaryimage"},"image":{"@id":"https:\/\/diariotextual.com\/inicio\/index.php\/2023\/07\/05\/intentaron-sacarle-el-respirador-a-silvina-luna-pero-tuvieron-que-dar-marcha-atras-no-tiene-fuerzas\/#primaryimage"},"thumbnailUrl":"https:\/\/diariotextual.com\/inicio\/wp-content\/uploads\/2023\/07\/lunasilvina86595767.jpg","datePublished":"2023-07-05T09:36:42+00:00","dateModified":"2023-07-05T12:16:06+00:00","breadcrumb":{"@id":"https:\/\/diariotextual.com\/inicio\/index.php\/2023\/07\/05\/intentaron-sacarle-el-respirador-a-silvina-luna-pero-tuvieron-que-dar-marcha-atras-no-tiene-fuerzas\/#breadcrumb"},"inLanguage":"es","potentialAction":[{"@type":"ReadAction","target":["https:\/\/diariotextual.com\/inicio\/index.php\/2023\/07\/05\/intentaron-sacarle-el-respirador-a-silvina-luna-pero-tuvieron-que-dar-marcha-atras-no-tiene-fuerzas\/"]}]},{"@type":"ImageObject","inLanguage":"es","@id":"https:\/\/diariotextual.com\/inicio\/index.php\/2023\/07\/05\/intentaron-sacarle-el-respirador-a-silvina-luna-pero-tuvieron-que-dar-marcha-atras-no-tiene-fuerzas\/#primaryimage","url":"https:\/\/diariotextual.com\/inicio\/wp-content\/uploads\/2023\/07\/lunasilvina86595767.jpg","contentUrl":"https:\/\/diariotextual.com\/inicio\/wp-content\/uploads\/2023\/07\/lunasilvina86595767.jpg","width":1000,"height":665},{"@type":"BreadcrumbList","@id":"https:\/\/diariotextual.com\/inicio\/index.php\/2023\/07\/05\/intentaron-sacarle-el-respirador-a-silvina-luna-pero-tuvieron-que-dar-marcha-atras-no-tiene-fuerzas\/#breadcrumb","itemListElement":[{"@type":"ListItem","position":1,"name":"Portada","item":"https:\/\/diariotextual.com\/inicio\/"},{"@type":"ListItem","position":2,"name":"Intentaron sacarle el respirador a Silvina Luna, pero tuvieron que dar marcha atr\u00e1s"}]},{"@type":"WebSite","@id":"https:\/\/diariotextual.com\/inicio\/#website","url":"https:\/\/diariotextual.com\/inicio\/","name":"Diario Textual","description":"","publisher":{"@id":"https:\/\/diariotextual.com\/inicio\/#organization"},"potentialAction":[{"@type":"SearchAction","target":{"@type":"EntryPoint","urlTemplate":"https:\/\/diariotextual.com\/inicio\/?s={search_term_string}"},"query-input":{"@type":"PropertyValueSpecification","valueRequired":true,"valueName":"search_term_string"}}],"inLanguage":"es"},{"@type":"Organization","@id":"https:\/\/diariotextual.com\/inicio\/#organization","name":"Diario Textual","url":"https:\/\/diariotextual.com\/inicio\/","logo":{"@type":"ImageObject","inLanguage":"es","@id":"https:\/\/diariotextual.com\/inicio\/#\/schema\/logo\/image\/","url":"https:\/\/diariotextual.com\/inicio\/wp-content\/uploads\/2023\/05\/logotextual1.jpg","contentUrl":"https:\/\/diariotextual.com\/inicio\/wp-content\/uploads\/2023\/05\/logotextual1.jpg","width":516,"height":76,"caption":"Diario Textual"},"image":{"@id":"https:\/\/diariotextual.com\/inicio\/#\/schema\/logo\/image\/"},"sameAs":["https:\/\/www.facebook.com\/eltextual","https:\/\/x.com\/eltextual","http:\/\/www.instagram.com\/eltextual"]},{"@type":"Person","@id":"https:\/\/diariotextual.com\/inicio\/#\/schema\/person\/694f60677f23c4a530867a98f22b3768","name":"diario2","image":{"@type":"ImageObject","inLanguage":"es","@id":"https:\/\/secure.gravatar.com\/avatar\/5a2567495ba16b852fcd8f1ed006a2e24fcace936018ed8237e95f488ad6e0a7?s=96&d=mm&r=g","url":"https:\/\/secure.gravatar.com\/avatar\/5a2567495ba16b852fcd8f1ed006a2e24fcace936018ed8237e95f488ad6e0a7?s=96&d=mm&r=g","contentUrl":"https:\/\/secure.gravatar.com\/avatar\/5a2567495ba16b852fcd8f1ed006a2e24fcace936018ed8237e95f488ad6e0a7?s=96&d=mm&r=g","caption":"diario2"},"url":"https:\/\/diariotextual.com\/inicio\/index.php\/author\/diario2\/"}]}},"_links":{"self":[{"href":"https:\/\/diariotextual.com\/inicio\/index.php\/wp-json\/wp\/v2\/posts\/230230","targetHints":{"allow":["GET"]}}],"collection":[{"href":"https:\/\/diariotextual.com\/inicio\/index.php\/wp-json\/wp\/v2\/posts"}],"about":[{"href":"https:\/\/diariotextual.com\/inicio\/index.php\/wp-json\/wp\/v2\/types\/post"}],"author":[{"embeddable":true,"href":"https:\/\/diariotextual.com\/inicio\/index.php\/wp-json\/wp\/v2\/users\/4"}],"replies":[{"embeddable":true,"href":"https:\/\/diariotextual.com\/inicio\/index.php\/wp-json\/wp\/v2\/comments?post=230230"}],"version-history":[{"count":3,"href":"https:\/\/diariotextual.com\/inicio\/index.php\/wp-json\/wp\/v2\/posts\/230230\/revisions"}],"predecessor-version":[{"id":230266,"href":"https:\/\/diariotextual.com\/inicio\/index.php\/wp-json\/wp\/v2\/posts\/230230\/revisions\/230266"}],"wp:featuredmedia":[{"embeddable":true,"href":"https:\/\/diariotextual.com\/inicio\/index.php\/wp-json\/wp\/v2\/media\/230233"}],"wp:attachment":[{"href":"https:\/\/diariotextual.com\/inicio\/index.php\/wp-json\/wp\/v2\/media?parent=230230"}],"wp:term":[{"taxonomy":"category","embeddable":true,"href":"https:\/\/diariotextual.com\/inicio\/index.php\/wp-json\/wp\/v2\/categories?post=230230"},{"taxonomy":"post_tag","embeddable":true,"href":"https:\/\/diariotextual.com\/inicio\/index.php\/wp-json\/wp\/v2\/tags?post=230230"}],"curies":[{"name":"wp","href":"https:\/\/api.w.org\/{rel}","templated":true}]}}