{"id":230271,"date":"2023-07-05T10:40:01","date_gmt":"2023-07-05T13:40:01","guid":{"rendered":"https:\/\/diariotextual.com\/inicio\/?p=230271"},"modified":"2023-07-05T10:40:07","modified_gmt":"2023-07-05T13:40:07","slug":"premiados-del-concurso-postales-de-la-arquitectura-luis-r-tierno","status":"publish","type":"post","link":"https:\/\/diariotextual.com\/inicio\/index.php\/2023\/07\/05\/premiados-del-concurso-postales-de-la-arquitectura-luis-r-tierno\/","title":{"rendered":"Premiados del concurso \u201cPostales de la Arquitectura, Luis R. Tierno\u201d"},"content":{"rendered":"\n<p>El Colegio de Arquitectos de la provincia de La Pampa anunci\u00f3 los ganadores y menciones honor\u00edficas del concurso<strong> \u201cPostales de la Arquitectura, Luis R. Tierno\u201d.<\/strong><\/p>\n\n\n\n<p>Este concurso busc\u00f3 descubrir, redescubrir, destacar y revalorizar la obra construida del arquitecto Luis Tierno y, a trav\u00e9s de sus obras, aportar a la difusi\u00f3n de la arquitectura pampeana. Seg\u00fan comunicaron desde el colegio, ha sido un \u00e9xito rotundo, al recibir una gran cantidad de obras de excelente calidad.<\/p>\n\n\n\n<p>Las personas ganadoras fueron premiadas y mencionadas en el Centro Municipal Cultural de Santa Rosa.<\/p>\n\n\n\n<div style=\"height:100px\" aria-hidden=\"true\" class=\"wp-block-spacer\"><\/div>\n\n\n\n<p>En la categor\u00eda \u201cLuis Intervenido\u201d, los ganadores son:<\/p>\n\n\n\n<p>1.&nbsp;&nbsp;&nbsp;&nbsp;&nbsp;&nbsp;&nbsp;&nbsp;&nbsp;&nbsp;&nbsp; Autora: Faustina Lorda. T\u00edtulo de la obra: \u201cPrimer Piso en Planta Baja\u201d<\/p>\n\n\n\n<p>2.&nbsp;&nbsp;&nbsp;&nbsp;&nbsp;&nbsp;&nbsp;&nbsp;&nbsp;&nbsp;&nbsp; Autor: Walter Ortiz. T\u00edtulo de la obra: \u201cTierno Surrealista\u201d<\/p>\n\n\n\n<p>3.\u00a0\u00a0\u00a0\u00a0\u00a0\u00a0\u00a0\u00a0\u00a0\u00a0\u00a0 Autora: Marta Edith Lluch. T\u00edtulo de la obra: \u201cPerspectiva Interior\u201d<\/p>\n\n\n\n<div style=\"height:100px\" aria-hidden=\"true\" class=\"wp-block-spacer\"><\/div>\n\n\n\n<p>Adem\u00e1s, se otorg\u00f3 una menci\u00f3n honor\u00edfica en esta categor\u00eda al siguiente participante:<\/p>\n\n\n\n<p>1.\u00a0\u00a0\u00a0\u00a0\u00a0\u00a0\u00a0\u00a0\u00a0\u00a0\u00a0 Autor: Alejandro Contreras. T\u00edtulo de la obra: \u201cEl ataque del Hidr\u00f3geno verde\u201d<\/p>\n\n\n\n<div style=\"height:100px\" aria-hidden=\"true\" class=\"wp-block-spacer\"><\/div>\n\n\n\n<p>En la categor\u00eda \u201cLuis Editado B\u00e1sico\u201d, los ganadores son:<\/p>\n\n\n\n<p>1.&nbsp;&nbsp;&nbsp;&nbsp;&nbsp;&nbsp;&nbsp;&nbsp;&nbsp;&nbsp;&nbsp; Autor: Walter Ortiz. T\u00edtulo de la obra: \u201cLa identidad del ser tierno\u201d<\/p>\n\n\n\n<p>2.&nbsp;&nbsp;&nbsp;&nbsp;&nbsp;&nbsp;&nbsp;&nbsp;&nbsp;&nbsp;&nbsp; Autor: Alejandro Contreras. T\u00edtulo de la obra: \u201cLa concupiscencia por las bielas y pistones\u201d<\/p>\n\n\n\n<p>3.\u00a0\u00a0\u00a0\u00a0\u00a0\u00a0\u00a0\u00a0\u00a0\u00a0\u00a0 Autor: Lucas Mateos Montigel. T\u00edtulo de la obra: \u201cL\u00edneas y Desolaci\u00f3n\u201d<\/p>\n\n\n\n<div style=\"height:100px\" aria-hidden=\"true\" class=\"wp-block-spacer\"><\/div>\n\n\n\n<p>En esta categor\u00eda tambi\u00e9n se otorgaron menciones honor\u00edficas a los siguientes participantes:<\/p>\n\n\n\n<p>1.&nbsp;&nbsp;&nbsp;&nbsp;&nbsp;&nbsp;&nbsp;&nbsp;&nbsp;&nbsp;&nbsp; Autora: Marta Beatriz Fainstein. T\u00edtulo de la obra: \u201cAudacia\u201d<\/p>\n\n\n\n<p>2.&nbsp;&nbsp;&nbsp;&nbsp;&nbsp;&nbsp;&nbsp;&nbsp;&nbsp;&nbsp;&nbsp; Autora: Alejandro Calzadilla Jim\u00e9nez. T\u00edtulo de la obra: \u201cOcho Aros\u201d<\/p>\n\n\n\n<p>3.&nbsp;&nbsp;&nbsp;&nbsp;&nbsp;&nbsp;&nbsp;&nbsp;&nbsp;&nbsp;&nbsp; Autora: Faustina Lorda. T\u00edtulo de la obra: \u201cPar\u201d<\/p>\n\n\n\n<p>4.&nbsp;&nbsp;&nbsp;&nbsp;&nbsp;&nbsp;&nbsp;&nbsp;&nbsp;&nbsp;&nbsp; Autora: Lucas Mateos Montigel. T\u00edtulo de la obra: \u201cQuiebre de piso\u201d<\/p>\n\n\n\n<p>5.&nbsp;&nbsp;&nbsp;&nbsp;&nbsp;&nbsp;&nbsp;&nbsp;&nbsp;&nbsp;&nbsp; Autora: Mauro Gonz\u00e1lez. T\u00edtulo de la obra: \u201cSu gran obra\u201d<\/p>\n\n\n\n<p>Las im\u00e1genes de las obras ganadoras y menciones honor\u00edficas estar\u00e1n disponibles en las redes sociales y la p\u00e1gina web del CALP. Los participantes destacados ser\u00e1n reconocidos por su talento y contribuci\u00f3n al mundo de la fotograf\u00eda arquitect\u00f3nica.<\/p>\n\n\n\n<p><\/p>\n","protected":false},"excerpt":{"rendered":"<p>El Colegio de Arquitectos de la provincia de La Pampa anunci\u00f3 los ganadores y menciones honor\u00edficas del concurso \u201cPostales de la Arquitectura, Luis R. Tierno\u201d. Este concurso busc\u00f3 descubrir, redescubrir,&hellip;<\/p>\n","protected":false},"author":3,"featured_media":230274,"comment_status":"closed","ping_status":"open","sticky":false,"template":"","format":"standard","meta":{"_acf_changed":false,"footnotes":""},"categories":[1,12],"tags":[],"class_list":["post-230271","post","type-post","status-publish","format-standard","has-post-thumbnail","hentry","category-es-noticia","category-sociedad"],"acf":[],"yoast_head":"<!-- This site is optimized with the Yoast SEO plugin v27.5 - https:\/\/yoast.com\/product\/yoast-seo-wordpress\/ -->\n<title>Premiados del concurso \u201cPostales de la Arquitectura, Luis R. Tierno\u201d - Diario Textual<\/title>\n<meta name=\"robots\" content=\"index, follow, max-snippet:-1, max-image-preview:large, max-video-preview:-1\" \/>\n<link rel=\"canonical\" href=\"https:\/\/diariotextual.com\/inicio\/index.php\/2023\/07\/05\/premiados-del-concurso-postales-de-la-arquitectura-luis-r-tierno\/\" \/>\n<meta property=\"og:locale\" content=\"es_ES\" \/>\n<meta property=\"og:type\" content=\"article\" \/>\n<meta property=\"og:title\" content=\"Premiados del concurso \u201cPostales de la Arquitectura, Luis R. Tierno\u201d - Diario Textual\" \/>\n<meta property=\"og:description\" content=\"El Colegio de Arquitectos de la provincia de La Pampa anunci\u00f3 los ganadores y menciones honor\u00edficas del concurso \u201cPostales de la Arquitectura, Luis R. Tierno\u201d. Este concurso busc\u00f3 descubrir, redescubrir,&hellip;\" \/>\n<meta property=\"og:url\" content=\"https:\/\/diariotextual.com\/inicio\/index.php\/2023\/07\/05\/premiados-del-concurso-postales-de-la-arquitectura-luis-r-tierno\/\" \/>\n<meta property=\"og:site_name\" content=\"Diario Textual\" \/>\n<meta property=\"article:publisher\" content=\"https:\/\/www.facebook.com\/eltextual\" \/>\n<meta property=\"article:published_time\" content=\"2023-07-05T13:40:01+00:00\" \/>\n<meta property=\"article:modified_time\" content=\"2023-07-05T13:40:07+00:00\" \/>\n<meta property=\"og:image\" content=\"https:\/\/diariotextual.com\/inicio\/wp-content\/uploads\/2023\/07\/colegioarquitectosconcurso2023-1.jpeg\" \/>\n\t<meta property=\"og:image:width\" content=\"1248\" \/>\n\t<meta property=\"og:image:height\" content=\"789\" \/>\n\t<meta property=\"og:image:type\" content=\"image\/jpeg\" \/>\n<meta name=\"author\" content=\"Diario1 Diario1\" \/>\n<meta name=\"twitter:card\" content=\"summary_large_image\" \/>\n<meta name=\"twitter:creator\" content=\"@eltextual\" \/>\n<meta name=\"twitter:site\" content=\"@eltextual\" \/>\n<meta name=\"twitter:label1\" content=\"Escrito por\" \/>\n\t<meta name=\"twitter:data1\" content=\"Diario1 Diario1\" \/>\n\t<meta name=\"twitter:label2\" content=\"Tiempo de lectura\" \/>\n\t<meta name=\"twitter:data2\" content=\"2 minutos\" \/>\n<script type=\"application\/ld+json\" class=\"yoast-schema-graph\">{\"@context\":\"https:\\\/\\\/schema.org\",\"@graph\":[{\"@type\":\"Article\",\"@id\":\"https:\\\/\\\/diariotextual.com\\\/inicio\\\/index.php\\\/2023\\\/07\\\/05\\\/premiados-del-concurso-postales-de-la-arquitectura-luis-r-tierno\\\/#article\",\"isPartOf\":{\"@id\":\"https:\\\/\\\/diariotextual.com\\\/inicio\\\/index.php\\\/2023\\\/07\\\/05\\\/premiados-del-concurso-postales-de-la-arquitectura-luis-r-tierno\\\/\"},\"author\":{\"name\":\"Diario1 Diario1\",\"@id\":\"https:\\\/\\\/diariotextual.com\\\/inicio\\\/#\\\/schema\\\/person\\\/418fc4093c33e86ed41562db3508f958\"},\"headline\":\"Premiados del concurso \u201cPostales de la Arquitectura, Luis R. Tierno\u201d\",\"datePublished\":\"2023-07-05T13:40:01+00:00\",\"dateModified\":\"2023-07-05T13:40:07+00:00\",\"mainEntityOfPage\":{\"@id\":\"https:\\\/\\\/diariotextual.com\\\/inicio\\\/index.php\\\/2023\\\/07\\\/05\\\/premiados-del-concurso-postales-de-la-arquitectura-luis-r-tierno\\\/\"},\"wordCount\":443,\"publisher\":{\"@id\":\"https:\\\/\\\/diariotextual.com\\\/inicio\\\/#organization\"},\"image\":{\"@id\":\"https:\\\/\\\/diariotextual.com\\\/inicio\\\/index.php\\\/2023\\\/07\\\/05\\\/premiados-del-concurso-postales-de-la-arquitectura-luis-r-tierno\\\/#primaryimage\"},\"thumbnailUrl\":\"https:\\\/\\\/diariotextual.com\\\/inicio\\\/wp-content\\\/uploads\\\/2023\\\/07\\\/colegioarquitectosconcurso2023-1.jpeg\",\"articleSection\":[\"A - ES NOTICIA (van abajo)\",\"SOCIEDAD\"],\"inLanguage\":\"es\"},{\"@type\":\"WebPage\",\"@id\":\"https:\\\/\\\/diariotextual.com\\\/inicio\\\/index.php\\\/2023\\\/07\\\/05\\\/premiados-del-concurso-postales-de-la-arquitectura-luis-r-tierno\\\/\",\"url\":\"https:\\\/\\\/diariotextual.com\\\/inicio\\\/index.php\\\/2023\\\/07\\\/05\\\/premiados-del-concurso-postales-de-la-arquitectura-luis-r-tierno\\\/\",\"name\":\"Premiados del concurso \u201cPostales de la Arquitectura, Luis R. Tierno\u201d - Diario Textual\",\"isPartOf\":{\"@id\":\"https:\\\/\\\/diariotextual.com\\\/inicio\\\/#website\"},\"primaryImageOfPage\":{\"@id\":\"https:\\\/\\\/diariotextual.com\\\/inicio\\\/index.php\\\/2023\\\/07\\\/05\\\/premiados-del-concurso-postales-de-la-arquitectura-luis-r-tierno\\\/#primaryimage\"},\"image\":{\"@id\":\"https:\\\/\\\/diariotextual.com\\\/inicio\\\/index.php\\\/2023\\\/07\\\/05\\\/premiados-del-concurso-postales-de-la-arquitectura-luis-r-tierno\\\/#primaryimage\"},\"thumbnailUrl\":\"https:\\\/\\\/diariotextual.com\\\/inicio\\\/wp-content\\\/uploads\\\/2023\\\/07\\\/colegioarquitectosconcurso2023-1.jpeg\",\"datePublished\":\"2023-07-05T13:40:01+00:00\",\"dateModified\":\"2023-07-05T13:40:07+00:00\",\"breadcrumb\":{\"@id\":\"https:\\\/\\\/diariotextual.com\\\/inicio\\\/index.php\\\/2023\\\/07\\\/05\\\/premiados-del-concurso-postales-de-la-arquitectura-luis-r-tierno\\\/#breadcrumb\"},\"inLanguage\":\"es\",\"potentialAction\":[{\"@type\":\"ReadAction\",\"target\":[\"https:\\\/\\\/diariotextual.com\\\/inicio\\\/index.php\\\/2023\\\/07\\\/05\\\/premiados-del-concurso-postales-de-la-arquitectura-luis-r-tierno\\\/\"]}]},{\"@type\":\"ImageObject\",\"inLanguage\":\"es\",\"@id\":\"https:\\\/\\\/diariotextual.com\\\/inicio\\\/index.php\\\/2023\\\/07\\\/05\\\/premiados-del-concurso-postales-de-la-arquitectura-luis-r-tierno\\\/#primaryimage\",\"url\":\"https:\\\/\\\/diariotextual.com\\\/inicio\\\/wp-content\\\/uploads\\\/2023\\\/07\\\/colegioarquitectosconcurso2023-1.jpeg\",\"contentUrl\":\"https:\\\/\\\/diariotextual.com\\\/inicio\\\/wp-content\\\/uploads\\\/2023\\\/07\\\/colegioarquitectosconcurso2023-1.jpeg\",\"width\":1248,\"height\":789},{\"@type\":\"BreadcrumbList\",\"@id\":\"https:\\\/\\\/diariotextual.com\\\/inicio\\\/index.php\\\/2023\\\/07\\\/05\\\/premiados-del-concurso-postales-de-la-arquitectura-luis-r-tierno\\\/#breadcrumb\",\"itemListElement\":[{\"@type\":\"ListItem\",\"position\":1,\"name\":\"Portada\",\"item\":\"https:\\\/\\\/diariotextual.com\\\/inicio\\\/\"},{\"@type\":\"ListItem\",\"position\":2,\"name\":\"Premiados del concurso \u201cPostales de la Arquitectura, Luis R. Tierno\u201d\"}]},{\"@type\":\"WebSite\",\"@id\":\"https:\\\/\\\/diariotextual.com\\\/inicio\\\/#website\",\"url\":\"https:\\\/\\\/diariotextual.com\\\/inicio\\\/\",\"name\":\"Diario Textual\",\"description\":\"\",\"publisher\":{\"@id\":\"https:\\\/\\\/diariotextual.com\\\/inicio\\\/#organization\"},\"potentialAction\":[{\"@type\":\"SearchAction\",\"target\":{\"@type\":\"EntryPoint\",\"urlTemplate\":\"https:\\\/\\\/diariotextual.com\\\/inicio\\\/?s={search_term_string}\"},\"query-input\":{\"@type\":\"PropertyValueSpecification\",\"valueRequired\":true,\"valueName\":\"search_term_string\"}}],\"inLanguage\":\"es\"},{\"@type\":\"Organization\",\"@id\":\"https:\\\/\\\/diariotextual.com\\\/inicio\\\/#organization\",\"name\":\"Diario Textual\",\"url\":\"https:\\\/\\\/diariotextual.com\\\/inicio\\\/\",\"logo\":{\"@type\":\"ImageObject\",\"inLanguage\":\"es\",\"@id\":\"https:\\\/\\\/diariotextual.com\\\/inicio\\\/#\\\/schema\\\/logo\\\/image\\\/\",\"url\":\"https:\\\/\\\/diariotextual.com\\\/inicio\\\/wp-content\\\/uploads\\\/2023\\\/05\\\/logotextual1.jpg\",\"contentUrl\":\"https:\\\/\\\/diariotextual.com\\\/inicio\\\/wp-content\\\/uploads\\\/2023\\\/05\\\/logotextual1.jpg\",\"width\":516,\"height\":76,\"caption\":\"Diario Textual\"},\"image\":{\"@id\":\"https:\\\/\\\/diariotextual.com\\\/inicio\\\/#\\\/schema\\\/logo\\\/image\\\/\"},\"sameAs\":[\"https:\\\/\\\/www.facebook.com\\\/eltextual\",\"https:\\\/\\\/x.com\\\/eltextual\",\"http:\\\/\\\/www.instagram.com\\\/eltextual\"]},{\"@type\":\"Person\",\"@id\":\"https:\\\/\\\/diariotextual.com\\\/inicio\\\/#\\\/schema\\\/person\\\/418fc4093c33e86ed41562db3508f958\",\"name\":\"Diario1 Diario1\",\"image\":{\"@type\":\"ImageObject\",\"inLanguage\":\"es\",\"@id\":\"https:\\\/\\\/secure.gravatar.com\\\/avatar\\\/9167d280179c85bc18be67aa7eda765854300033af4896dd779b608640f2ef7a?s=96&d=mm&r=g\",\"url\":\"https:\\\/\\\/secure.gravatar.com\\\/avatar\\\/9167d280179c85bc18be67aa7eda765854300033af4896dd779b608640f2ef7a?s=96&d=mm&r=g\",\"contentUrl\":\"https:\\\/\\\/secure.gravatar.com\\\/avatar\\\/9167d280179c85bc18be67aa7eda765854300033af4896dd779b608640f2ef7a?s=96&d=mm&r=g\",\"caption\":\"Diario1 Diario1\"},\"url\":\"https:\\\/\\\/diariotextual.com\\\/inicio\\\/index.php\\\/author\\\/diario1\\\/\"}]}<\/script>\n<!-- \/ Yoast SEO plugin. -->","yoast_head_json":{"title":"Premiados del concurso \u201cPostales de la Arquitectura, Luis R. Tierno\u201d - Diario Textual","robots":{"index":"index","follow":"follow","max-snippet":"max-snippet:-1","max-image-preview":"max-image-preview:large","max-video-preview":"max-video-preview:-1"},"canonical":"https:\/\/diariotextual.com\/inicio\/index.php\/2023\/07\/05\/premiados-del-concurso-postales-de-la-arquitectura-luis-r-tierno\/","og_locale":"es_ES","og_type":"article","og_title":"Premiados del concurso \u201cPostales de la Arquitectura, Luis R. Tierno\u201d - Diario Textual","og_description":"El Colegio de Arquitectos de la provincia de La Pampa anunci\u00f3 los ganadores y menciones honor\u00edficas del concurso \u201cPostales de la Arquitectura, Luis R. Tierno\u201d. Este concurso busc\u00f3 descubrir, redescubrir,&hellip;","og_url":"https:\/\/diariotextual.com\/inicio\/index.php\/2023\/07\/05\/premiados-del-concurso-postales-de-la-arquitectura-luis-r-tierno\/","og_site_name":"Diario Textual","article_publisher":"https:\/\/www.facebook.com\/eltextual","article_published_time":"2023-07-05T13:40:01+00:00","article_modified_time":"2023-07-05T13:40:07+00:00","og_image":[{"width":1248,"height":789,"url":"https:\/\/diariotextual.com\/inicio\/wp-content\/uploads\/2023\/07\/colegioarquitectosconcurso2023-1.jpeg","type":"image\/jpeg"}],"author":"Diario1 Diario1","twitter_card":"summary_large_image","twitter_creator":"@eltextual","twitter_site":"@eltextual","twitter_misc":{"Escrito por":"Diario1 Diario1","Tiempo de lectura":"2 minutos"},"schema":{"@context":"https:\/\/schema.org","@graph":[{"@type":"Article","@id":"https:\/\/diariotextual.com\/inicio\/index.php\/2023\/07\/05\/premiados-del-concurso-postales-de-la-arquitectura-luis-r-tierno\/#article","isPartOf":{"@id":"https:\/\/diariotextual.com\/inicio\/index.php\/2023\/07\/05\/premiados-del-concurso-postales-de-la-arquitectura-luis-r-tierno\/"},"author":{"name":"Diario1 Diario1","@id":"https:\/\/diariotextual.com\/inicio\/#\/schema\/person\/418fc4093c33e86ed41562db3508f958"},"headline":"Premiados del concurso \u201cPostales de la Arquitectura, Luis R. Tierno\u201d","datePublished":"2023-07-05T13:40:01+00:00","dateModified":"2023-07-05T13:40:07+00:00","mainEntityOfPage":{"@id":"https:\/\/diariotextual.com\/inicio\/index.php\/2023\/07\/05\/premiados-del-concurso-postales-de-la-arquitectura-luis-r-tierno\/"},"wordCount":443,"publisher":{"@id":"https:\/\/diariotextual.com\/inicio\/#organization"},"image":{"@id":"https:\/\/diariotextual.com\/inicio\/index.php\/2023\/07\/05\/premiados-del-concurso-postales-de-la-arquitectura-luis-r-tierno\/#primaryimage"},"thumbnailUrl":"https:\/\/diariotextual.com\/inicio\/wp-content\/uploads\/2023\/07\/colegioarquitectosconcurso2023-1.jpeg","articleSection":["A - ES NOTICIA (van abajo)","SOCIEDAD"],"inLanguage":"es"},{"@type":"WebPage","@id":"https:\/\/diariotextual.com\/inicio\/index.php\/2023\/07\/05\/premiados-del-concurso-postales-de-la-arquitectura-luis-r-tierno\/","url":"https:\/\/diariotextual.com\/inicio\/index.php\/2023\/07\/05\/premiados-del-concurso-postales-de-la-arquitectura-luis-r-tierno\/","name":"Premiados del concurso \u201cPostales de la Arquitectura, Luis R. Tierno\u201d - Diario Textual","isPartOf":{"@id":"https:\/\/diariotextual.com\/inicio\/#website"},"primaryImageOfPage":{"@id":"https:\/\/diariotextual.com\/inicio\/index.php\/2023\/07\/05\/premiados-del-concurso-postales-de-la-arquitectura-luis-r-tierno\/#primaryimage"},"image":{"@id":"https:\/\/diariotextual.com\/inicio\/index.php\/2023\/07\/05\/premiados-del-concurso-postales-de-la-arquitectura-luis-r-tierno\/#primaryimage"},"thumbnailUrl":"https:\/\/diariotextual.com\/inicio\/wp-content\/uploads\/2023\/07\/colegioarquitectosconcurso2023-1.jpeg","datePublished":"2023-07-05T13:40:01+00:00","dateModified":"2023-07-05T13:40:07+00:00","breadcrumb":{"@id":"https:\/\/diariotextual.com\/inicio\/index.php\/2023\/07\/05\/premiados-del-concurso-postales-de-la-arquitectura-luis-r-tierno\/#breadcrumb"},"inLanguage":"es","potentialAction":[{"@type":"ReadAction","target":["https:\/\/diariotextual.com\/inicio\/index.php\/2023\/07\/05\/premiados-del-concurso-postales-de-la-arquitectura-luis-r-tierno\/"]}]},{"@type":"ImageObject","inLanguage":"es","@id":"https:\/\/diariotextual.com\/inicio\/index.php\/2023\/07\/05\/premiados-del-concurso-postales-de-la-arquitectura-luis-r-tierno\/#primaryimage","url":"https:\/\/diariotextual.com\/inicio\/wp-content\/uploads\/2023\/07\/colegioarquitectosconcurso2023-1.jpeg","contentUrl":"https:\/\/diariotextual.com\/inicio\/wp-content\/uploads\/2023\/07\/colegioarquitectosconcurso2023-1.jpeg","width":1248,"height":789},{"@type":"BreadcrumbList","@id":"https:\/\/diariotextual.com\/inicio\/index.php\/2023\/07\/05\/premiados-del-concurso-postales-de-la-arquitectura-luis-r-tierno\/#breadcrumb","itemListElement":[{"@type":"ListItem","position":1,"name":"Portada","item":"https:\/\/diariotextual.com\/inicio\/"},{"@type":"ListItem","position":2,"name":"Premiados del concurso \u201cPostales de la Arquitectura, Luis R. Tierno\u201d"}]},{"@type":"WebSite","@id":"https:\/\/diariotextual.com\/inicio\/#website","url":"https:\/\/diariotextual.com\/inicio\/","name":"Diario Textual","description":"","publisher":{"@id":"https:\/\/diariotextual.com\/inicio\/#organization"},"potentialAction":[{"@type":"SearchAction","target":{"@type":"EntryPoint","urlTemplate":"https:\/\/diariotextual.com\/inicio\/?s={search_term_string}"},"query-input":{"@type":"PropertyValueSpecification","valueRequired":true,"valueName":"search_term_string"}}],"inLanguage":"es"},{"@type":"Organization","@id":"https:\/\/diariotextual.com\/inicio\/#organization","name":"Diario Textual","url":"https:\/\/diariotextual.com\/inicio\/","logo":{"@type":"ImageObject","inLanguage":"es","@id":"https:\/\/diariotextual.com\/inicio\/#\/schema\/logo\/image\/","url":"https:\/\/diariotextual.com\/inicio\/wp-content\/uploads\/2023\/05\/logotextual1.jpg","contentUrl":"https:\/\/diariotextual.com\/inicio\/wp-content\/uploads\/2023\/05\/logotextual1.jpg","width":516,"height":76,"caption":"Diario Textual"},"image":{"@id":"https:\/\/diariotextual.com\/inicio\/#\/schema\/logo\/image\/"},"sameAs":["https:\/\/www.facebook.com\/eltextual","https:\/\/x.com\/eltextual","http:\/\/www.instagram.com\/eltextual"]},{"@type":"Person","@id":"https:\/\/diariotextual.com\/inicio\/#\/schema\/person\/418fc4093c33e86ed41562db3508f958","name":"Diario1 Diario1","image":{"@type":"ImageObject","inLanguage":"es","@id":"https:\/\/secure.gravatar.com\/avatar\/9167d280179c85bc18be67aa7eda765854300033af4896dd779b608640f2ef7a?s=96&d=mm&r=g","url":"https:\/\/secure.gravatar.com\/avatar\/9167d280179c85bc18be67aa7eda765854300033af4896dd779b608640f2ef7a?s=96&d=mm&r=g","contentUrl":"https:\/\/secure.gravatar.com\/avatar\/9167d280179c85bc18be67aa7eda765854300033af4896dd779b608640f2ef7a?s=96&d=mm&r=g","caption":"Diario1 Diario1"},"url":"https:\/\/diariotextual.com\/inicio\/index.php\/author\/diario1\/"}]}},"_links":{"self":[{"href":"https:\/\/diariotextual.com\/inicio\/index.php\/wp-json\/wp\/v2\/posts\/230271","targetHints":{"allow":["GET"]}}],"collection":[{"href":"https:\/\/diariotextual.com\/inicio\/index.php\/wp-json\/wp\/v2\/posts"}],"about":[{"href":"https:\/\/diariotextual.com\/inicio\/index.php\/wp-json\/wp\/v2\/types\/post"}],"author":[{"embeddable":true,"href":"https:\/\/diariotextual.com\/inicio\/index.php\/wp-json\/wp\/v2\/users\/3"}],"replies":[{"embeddable":true,"href":"https:\/\/diariotextual.com\/inicio\/index.php\/wp-json\/wp\/v2\/comments?post=230271"}],"version-history":[{"count":3,"href":"https:\/\/diariotextual.com\/inicio\/index.php\/wp-json\/wp\/v2\/posts\/230271\/revisions"}],"predecessor-version":[{"id":230275,"href":"https:\/\/diariotextual.com\/inicio\/index.php\/wp-json\/wp\/v2\/posts\/230271\/revisions\/230275"}],"wp:featuredmedia":[{"embeddable":true,"href":"https:\/\/diariotextual.com\/inicio\/index.php\/wp-json\/wp\/v2\/media\/230274"}],"wp:attachment":[{"href":"https:\/\/diariotextual.com\/inicio\/index.php\/wp-json\/wp\/v2\/media?parent=230271"}],"wp:term":[{"taxonomy":"category","embeddable":true,"href":"https:\/\/diariotextual.com\/inicio\/index.php\/wp-json\/wp\/v2\/categories?post=230271"},{"taxonomy":"post_tag","embeddable":true,"href":"https:\/\/diariotextual.com\/inicio\/index.php\/wp-json\/wp\/v2\/tags?post=230271"}],"curies":[{"name":"wp","href":"https:\/\/api.w.org\/{rel}","templated":true}]}}